{"id":20105,"date":"2015-09-09T09:03:50","date_gmt":"2015-09-09T07:03:50","guid":{"rendered":"https:\/\/travesiapirenaica.com\/?p=20105"},"modified":"2024-06-28T13:56:27","modified_gmt":"2024-06-28T11:56:27","slug":"posets-maladeta","status":"publish","type":"post","link":"https:\/\/travesiapirenaica.com\/en\/posets-maladeta\/","title":{"rendered":"Hiking and trekking routes in the Posets and Maladeta Massifs"},"content":{"rendered":"<hr class=\"wp-block-separator\"\/>\n\n\n\n<h2 class=\"wp-block-heading\">Routes <\/h2>\n\n\n\n<hr class=\"wp-block-separator\"\/>\n\n\n\n<h3 class=\"wp-block-heading\">Posets Massif \n<\/h3>\n\n\n\n<hr class=\"wp-block-separator\"\/>\n\n\n\n<ul class=\"wp-block-list\"><li>Eriste - Angel Or\u00fas Refuge<\/li><li>Benasque - Est\u00f3s Hut<\/li><li><a href=\"https:\/\/travesiapirenaica.com\/en\/posets\/\" target=\"_blank\" rel=\"noreferrer noopener\" aria-label=\"Refugio de Est\u00f3s - Pico de Posets&quot; (opens in a new tab)\">Refuge of Est\u00f3s - Pico de Posets\".<\/a><\/li><li><a rel=\"noreferrer noopener\" aria-label=\"Refugio de Est\u00f3s - Pico de Posets via SE Ar\u00eate&quot; (opens in a new tab)\" href=\"https:\/\/travesiapirenaica.com\/en\/posets\/\" target=\"_blank\">Refugio de Est\u00f3s - Pico de Posets via SE Ar\u00eate\".<\/a><\/li><li>New Bridge of San Chaime - Ib\u00f3nes d'Escarpinosa<\/li><li>Est\u00f3s Refuge - Gistain Pass - Viad\u00f3s Refuge<\/li><li>Viad\u00f3s Hut - Coll de Eriste - Angel Or\u00fas Hut<\/li><li><a rel=\"noreferrer noopener\" aria-label=\"La vuelta al Posets (Ruta de los Tres Refugios)&quot; (opens in a new tab)\" href=\"https:\/\/travesiapirenaica.com\/en\/route-three-refuges-posets-maladeta\/\" target=\"_blank\">Around the Posets (Route of the Three Refuges)\".<\/a><\/li><\/ul>\n\n\n\n<hr class=\"wp-block-separator\"\/>\n\n\n\n<h3 class=\"wp-block-heading\">Maladeta Massif \n<\/h3>\n\n\n\n<hr class=\"wp-block-separator\"\/>\n\n\n\n<ul class=\"wp-block-list\"><li>Hospital de Benasque - Ib\u00f3n de Gorgutes<\/li><li><a href=\"https:\/\/travesiapirenaica.com\/en\/forau-aiguallut\/\">Hospital de Benasque - Forau dels Aigualluts\".<\/a><\/li><li>Hospital de Benasque - La Renclusa Refuge<\/li><li>La Renclusa Refuge - Aneto Peak\".<\/li><li>Refuge of Coronas - Peak of Aneto\".<\/li><li><a rel=\"noreferrer noopener\" aria-label=\"Refugio de la Renclusa - Pico de la Maladeta&quot; (opens in a new tab)\" href=\"https:\/\/travesiapirenaica.com\/en\/maladeta\/\" target=\"_blank\">La Renclusa Refuge - Maladeta Peak\".<\/a><\/li><li>La Renclusa Refuge - Pico de Alba Peak<\/li><li>La Renclusa Refuge - Forcanada Peak<\/li><li>Hospital de Benasque - Sant Nicolau Refuge<\/li><\/ul>\n\n\n\n<hr class=\"wp-block-separator\"\/>","protected":false},"excerpt":{"rendered":"Rutas Macizo del Posets Eriste - Refugio \u00c1ngel Or\u00fas Benasque - Refugio de Est\u00f3s Refugio...","protected":false},"author":1,"featured_media":16247,"comment_status":"closed","ping_status":"closed","sticky":false,"template":"","format":"image","meta":{"_kad_blocks_custom_css":"","_kad_blocks_head_custom_js":"","_kad_blocks_body_custom_js":"","_kad_blocks_footer_custom_js":"","episode_type":"audio","audio_file":"","podmotor_file_id":"","podmotor_episode_id":"","cover_image":"","cover_image_id":"","duration":"","filesize":"","filesize_raw":"","date_recorded":"","explicit":"","block":"","_kad_post_transparent":"","_kad_post_title":"","_kad_post_layout":"","_kad_post_sidebar_id":"","_kad_post_content_style":"","_kad_post_vertical_padding":"","_kad_post_feature":"","_kad_post_feature_position":"","_kad_post_header":false,"_kad_post_footer":false,"_kad_post_classname":"","_jetpack_memberships_contains_paid_content":false,"footnotes":""},"categories":[2922],"tags":[],"series":[],"class_list":["post-20105","post","type-post","status-publish","format-image","has-post-thumbnail","hentry","category-rutas","post_format-post-format-image"],"episode_featured_image":"https:\/\/travesiapirenaica.com\/wp-content\/uploads\/2016\/04\/Ruta-tres-refugios-posets_1000x750.jpg","episode_player_image":"https:\/\/travesiapirenaica.com\/wp-content\/uploads\/2017\/12\/Caratula-Podcast-Maldita-Montana_1500x1500_72pp-p_.jpg","download_link":"","player_link":"","audio_player":false,"episode_data":{"playerMode":"dark","subscribeUrls":[],"rssFeedUrl":"https:\/\/travesiapirenaica.com\/en\/feed\/podcast\/maldita-montana","embedCode":"<blockquote class=\"wp-embedded-content\" data-secret=\"bqaQzayEej\"><a href=\"https:\/\/travesiapirenaica.com\/en\/posets-maladeta\/\">Rutas de senderismo y trekking en los Macizos Posets y Maladeta<\/a><\/blockquote><iframe sandbox=\"allow-scripts\" security=\"restricted\" src=\"https:\/\/travesiapirenaica.com\/en\/posets-maladeta\/embed\/#?secret=bqaQzayEej\" width=\"500\" height=\"350\" title=\"&#8220;Rutas de senderismo y trekking en los Macizos Posets y Maladeta&#8221; &#8212; Traves\u00eda.\" data-secret=\"bqaQzayEej\" frameborder=\"0\" marginwidth=\"0\" marginheight=\"0\" scrolling=\"no\" class=\"wp-embedded-content\"><\/iframe><script>\n\/*! This file is auto-generated *\/\n!function(d,l){\"use strict\";l.querySelector&&d.addEventListener&&\"undefined\"!=typeof URL&&(d.wp=d.wp||{},d.wp.receiveEmbedMessage||(d.wp.receiveEmbedMessage=function(e){var t=e.data;if((t||t.secret||t.message||t.value)&&!\/[^a-zA-Z0-9]\/.test(t.secret)){for(var s,r,n,a=l.querySelectorAll('iframe[data-secret=\"'+t.secret+'\"]'),o=l.querySelectorAll('blockquote[data-secret=\"'+t.secret+'\"]'),c=new RegExp(\"^https?:$\",\"i\"),i=0;i<o.length;i++)o[i].style.display=\"none\";for(i=0;i<a.length;i++)s=a[i],e.source===s.contentWindow&&(s.removeAttribute(\"style\"),\"height\"===t.message?(1e3<(r=parseInt(t.value,10))?r=1e3:~~r<200&&(r=200),s.height=r):\"link\"===t.message&&(r=new URL(s.getAttribute(\"src\")),n=new URL(t.value),c.test(n.protocol))&&n.host===r.host&&l.activeElement===s&&(d.top.location.href=t.value))}},d.addEventListener(\"message\",d.wp.receiveEmbedMessage,!1),l.addEventListener(\"DOMContentLoaded\",function(){for(var e,t,s=l.querySelectorAll(\"iframe.wp-embedded-content\"),r=0;r<s.length;r++)(t=(e=s[r]).getAttribute(\"data-secret\"))||(t=Math.random().toString(36).substring(2,12),e.src+=\"#?secret=\"+t,e.setAttribute(\"data-secret\",t)),e.contentWindow.postMessage({message:\"ready\",secret:t},\"*\")},!1)))}(window,document);\n\/\/# sourceURL=https:\/\/travesiapirenaica.com\/wp-includes\/js\/wp-embed.min.js\n<\/script>\n"},"taxonomy_info":{"category":[{"value":2922,"label":"Rutas"}]},"featured_image_src_large":["https:\/\/travesiapirenaica.com\/wp-content\/uploads\/2016\/04\/Ruta-tres-refugios-posets_1000x750.jpg",1000,750,false],"author_info":{"display_name":"Traves\u00eda Pirenaica","author_link":"https:\/\/travesiapirenaica.com\/en\/author\/travesia-pirenaica\/"},"comment_info":0,"category_info":[{"term_id":2922,"name":"Rutas","slug":"rutas","term_group":0,"term_taxonomy_id":2938,"taxonomy":"category","description":"Rutas en los Pirineos","parent":5,"count":45,"filter":"raw","cat_ID":2922,"category_count":45,"category_description":"Rutas en los Pirineos","cat_name":"Rutas","category_nicename":"rutas","category_parent":5}],"tag_info":false,"jetpack_featured_media_url":"https:\/\/travesiapirenaica.com\/wp-content\/uploads\/2016\/04\/Ruta-tres-refugios-posets_1000x750.jpg","jetpack_sharing_enabled":true,"_links":{"self":[{"href":"https:\/\/travesiapirenaica.com\/en\/wp-json\/wp\/v2\/posts\/20105","targetHints":{"allow":["GET"]}}],"collection":[{"href":"https:\/\/travesiapirenaica.com\/en\/wp-json\/wp\/v2\/posts"}],"about":[{"href":"https:\/\/travesiapirenaica.com\/en\/wp-json\/wp\/v2\/types\/post"}],"author":[{"embeddable":true,"href":"https:\/\/travesiapirenaica.com\/en\/wp-json\/wp\/v2\/users\/1"}],"replies":[{"embeddable":true,"href":"https:\/\/travesiapirenaica.com\/en\/wp-json\/wp\/v2\/comments?post=20105"}],"version-history":[{"count":0,"href":"https:\/\/travesiapirenaica.com\/en\/wp-json\/wp\/v2\/posts\/20105\/revisions"}],"wp:featuredmedia":[{"embeddable":true,"href":"https:\/\/travesiapirenaica.com\/en\/wp-json\/wp\/v2\/media\/16247"}],"wp:attachment":[{"href":"https:\/\/travesiapirenaica.com\/en\/wp-json\/wp\/v2\/media?parent=20105"}],"wp:term":[{"taxonomy":"category","embeddable":true,"href":"https:\/\/travesiapirenaica.com\/en\/wp-json\/wp\/v2\/categories?post=20105"},{"taxonomy":"post_tag","embeddable":true,"href":"https:\/\/travesiapirenaica.com\/en\/wp-json\/wp\/v2\/tags?post=20105"},{"taxonomy":"series","embeddable":true,"href":"https:\/\/travesiapirenaica.com\/en\/wp-json\/wp\/v2\/series?post=20105"}],"curies":[{"name":"wp","href":"https:\/\/api.w.org\/{rel}","templated":true}]}}