{"id":27824,"date":"2021-05-17T16:23:36","date_gmt":"2021-05-17T14:23:36","guid":{"rendered":"https:\/\/travesiapirenaica.com\/?p=27824"},"modified":"2024-06-28T13:38:32","modified_gmt":"2024-06-28T11:38:32","slug":"ibon-acherito-route","status":"publish","type":"post","link":"https:\/\/travesiapirenaica.com\/en\/ruta-ibon-acherito\/","title":{"rendered":"Circular route to Ib\u00f3n de Acherito"},"content":{"rendered":"<p>The excursion to the Ib\u00f3n de Acherito is one of the best known and most beautiful routes in the Valles Occidentales Natural Park (Aragonese Pyrenees). A highly recommended route.<\/p>\n\n\n\n<p>The route we propose, which is completely circular, follows the S5 path at all times. The main crossings are signposted and in favourable conditions, without ice, the route does not present any technical difficulties. During the summer and weekends, the route is usually quite busy, so if you can, it would be better to start early or go during the week.<\/p>\n\n\n\n<p>The climb up to the ib\u00f3n is a route that is worthwhile in itself. The views that we will enjoy all the way up to Selva de Oza, Guarrinza and the mountains that rise on both sides of Arag\u00f3n Subord\u00e1n are magnificent.<\/p>\n\n\n\n<p>The Acherito lake, which we are not going to discover now, is spectacular. With a surface area of 5.9 hectares, it occupies the bottom of a beautiful glacial cirque, reflecting on its waters, like a natural mirror, the sharp rocky ridges that defend it to the north.<\/p>\n\n\n\n<p>The descent through the Acherito ravine, which is more bearable than the way up, is perfect for this circular route and to get a close-up view of the Acherito Peak (2,374m) and its neighbours Sobarcal (2,257m) or Foya de Gamueta (2,308m), among others. In short, a route not to be missed.<\/p>\n\n\n<style>.kb-row-layout-wrap.wp-block-kadence-rowlayout.kb-row-layout-id27824_afd3bc-07{margin-top:0px;margin-bottom:var(--global-kb-spacing-xs, 1rem);}.kb-row-layout-id27824_afd3bc-07 > .kt-row-column-wrap{align-content:start;}:where(.kb-row-layout-id27824_afd3bc-07 > .kt-row-column-wrap) > .wp-block-kadence-column{justify-content:start;}.kb-row-layout-id27824_afd3bc-07 > .kt-row-column-wrap{column-gap:var(--global-kb-gap-md, 2rem);row-gap:var(--global-kb-gap-sm, 1rem);max-width:var( --global-content-width, 1290px );padding-left:var(--global-content-edge-padding);padding-right:var(--global-content-edge-padding);padding-top:var(--global-kb-spacing-xxs, 0.5rem);padding-bottom:var(--global-kb-spacing-xs, 1rem);grid-template-columns:minmax(0, 1fr);}.kb-row-layout-id27824_afd3bc-07{border-top-left-radius:10px;border-top-right-radius:10px;border-bottom-right-radius:10px;border-bottom-left-radius:10px;overflow:clip;isolation:isolate;}.kb-row-layout-id27824_afd3bc-07 > .kt-row-layout-overlay{border-top-left-radius:10px;border-top-right-radius:10px;border-bottom-right-radius:10px;border-bottom-left-radius:10px;}.kb-row-layout-id27824_afd3bc-07 > .kt-row-layout-overlay{opacity:0.30;}@media all and (max-width: 1024px){.kb-row-layout-id27824_afd3bc-07 > .kt-row-column-wrap{row-gap:var(--global-kb-gap-lg, 4rem);padding-bottom:var(--global-kb-spacing-lg, 3rem);grid-template-columns:minmax(0, 1fr);}}@media all and (max-width: 767px){.kb-row-layout-id27824_afd3bc-07 > .kt-row-column-wrap{row-gap:var(--global-kb-gap-sm, 1rem);padding-bottom:var(--global-kb-spacing-xs, 1rem);grid-template-columns:minmax(0, 1fr);}}<\/style><div class=\"kb-row-layout-wrap kb-row-layout-id27824_afd3bc-07 alignnone has-theme-palette7-background-color kt-row-has-bg wp-block-kadence-rowlayout\"><div class=\"kt-row-column-wrap kt-has-1-columns kt-row-layout-equal kt-tab-layout-inherit kt-mobile-layout-row kt-row-valign-top kb-theme-content-width\">\n<style>.kadence-column27824_7c776c-75 > .kt-inside-inner-col{padding-bottom:0px;}.kadence-column27824_7c776c-75 > .kt-inside-inner-col,.kadence-column27824_7c776c-75 > .kt-inside-inner-col:before{border-top-left-radius:0px;border-top-right-radius:0px;border-bottom-right-radius:0px;border-bottom-left-radius:0px;}.kadence-column27824_7c776c-75 > .kt-inside-inner-col{column-gap:var(--global-kb-gap-sm, 1rem);}.kadence-column27824_7c776c-75 > .kt-inside-inner-col{flex-direction:column;}.kadence-column27824_7c776c-75 > .kt-inside-inner-col > .aligncenter{width:100%;}.kadence-column27824_7c776c-75 > .kt-inside-inner-col:before{opacity:0.3;}.kadence-column27824_7c776c-75{position:relative;}.kadence-column27824_7c776c-75, .kt-inside-inner-col > .kadence-column27824_7c776c-75:not(.specificity){margin-bottom:0px;}@media all and (max-width: 1024px){.kadence-column27824_7c776c-75 > .kt-inside-inner-col{flex-direction:column;justify-content:center;}}@media all and (max-width: 767px){.kadence-column27824_7c776c-75 > .kt-inside-inner-col{flex-direction:column;justify-content:center;}}<\/style>\n<div class=\"wp-block-kadence-column kadence-column27824_7c776c-75\"><div class=\"kt-inside-inner-col\">\n<h4 class=\"wp-block-heading has-medium-font-size\"><strong>Similar articles<\/strong><\/h4>\n<\/div><\/div>\n\n\n<style>.kadence-column27824_14e765-54 > .kt-inside-inner-col,.kadence-column27824_14e765-54 > .kt-inside-inner-col:before{border-top-left-radius:0px;border-top-right-radius:0px;border-bottom-right-radius:0px;border-bottom-left-radius:0px;}.kadence-column27824_14e765-54 > .kt-inside-inner-col{column-gap:var(--global-kb-gap-sm, 1rem);}.kadence-column27824_14e765-54 > .kt-inside-inner-col{flex-direction:column;}.kadence-column27824_14e765-54 > .kt-inside-inner-col > .aligncenter{width:100%;}.kadence-column27824_14e765-54 > .kt-inside-inner-col:before{opacity:0.3;}.kadence-column27824_14e765-54{position:relative;}@media all and (max-width: 1024px){.kadence-column27824_14e765-54 > .kt-inside-inner-col{flex-direction:column;justify-content:center;}}@media all and (max-width: 767px){.kadence-column27824_14e765-54 > .kt-inside-inner-col{flex-direction:column;justify-content:center;}}<\/style>\n<div class=\"wp-block-kadence-column kadence-column27824_14e765-54\"><div class=\"kt-inside-inner-col\"><style>.kt-post-loop27824_dd7622-09 .kadence-post-image{padding-top:0px;padding-right:16px;padding-left:0px;}.kt-post-loop27824_dd7622-09 .kt-feat-image-align-left{grid-template-columns:30% auto;}.kt-post-loop27824_dd7622-09 .kt-blocks-post-grid-item-inner-wrap .kt-blocks-post-grid-item-inner{display:flex;flex-direction:column;justify-content:flex-start;}.kt-post-loop27824_dd7622-09 .kt-post-grid-wrap{gap:16px 16px;}.kt-post-loop27824_dd7622-09 .kt-blocks-post-grid-item{border-top-left-radius:10px;border-top-right-radius:10px;border-bottom-right-radius:10px;border-bottom-left-radius:10px;border-top-color:currentColor;border-top-style:solid;border-right-color:currentColor;border-right-style:solid;border-bottom-color:currentColor;border-bottom-style:solid;border-left-color:currentColor;border-left-style:solid;overflow:hidden;}.kt-post-loop27824_dd7622-09 .kt-blocks-post-grid-item .kt-blocks-post-grid-item-inner{padding-top:0px;}.kt-post-loop27824_dd7622-09 .kt-blocks-post-grid-item .kt-blocks-post-grid-item-inner{text-align:left;}.kt-post-loop27824_dd7622-09 .kt-blocks-post-grid-item header{padding-top:0px;padding-right:0px;padding-bottom:10px;padding-left:0px;margin-top:0px;margin-right:0px;margin-bottom:0px;margin-left:0px;}.kt-post-loop27824_dd7622-09 .kt-blocks-post-grid-item .kt-blocks-above-categories{font-size:13px;line-height:20px;text-transform:uppercase;}.kt-post-loop27824_dd7622-09 .kt-blocks-post-grid-item .entry-title{padding-top:5px;padding-right:0px;padding-bottom:0px;padding-left:0px;margin-top:0px;margin-right:0px;margin-bottom:0px;margin-left:0px;font-size:var(--global-kb-font-size-md, 1.25rem);line-height:18px;font-weight:bold;}.kt-post-loop27824_dd7622-09 .entry-content{padding-top:0px;padding-right:0px;padding-left:0px;margin-top:0px;margin-right:0px;margin-left:0px;font-size:14px;line-height:24px;}.kt-post-loop27824_dd7622-09 .kt-blocks-post-footer{border-top-width:0px;border-right-width:0px;border-bottom-width:0px;border-left-width:0px;padding-top:0px;padding-right:0px;padding-bottom:0px;padding-left:0px;margin-top:0px;margin-right:0px;margin-bottom:0px;margin-left:0px;font-size:12px;line-height:20px;text-transform:uppercase;}.kt-post-loop27824_dd7622-09 .entry-content:after{height:0px;}.kt-post-loop27824_dd7622-09 .kb-filter-item{border-top-width:0px;border-right-width:0px;border-bottom-width:2px;border-left-width:0px;padding-top:5px;padding-right:8px;padding-bottom:5px;padding-left:8px;margin-top:0px;margin-right:10px;margin-bottom:0px;margin-left:0px;}@media all and (max-width: 1024px){.kt-post-loop27824_dd7622-09 .kt-blocks-post-grid-item{border-top-color:currentColor;border-top-style:solid;border-right-color:currentColor;border-right-style:solid;border-bottom-color:currentColor;border-bottom-style:solid;border-left-color:currentColor;border-left-style:solid;}}@media all and (max-width: 767px){.kt-post-loop27824_dd7622-09 .kt-blocks-post-grid-item{border-top-left-radius:0px;border-top-right-radius:0px;border-bottom-right-radius:0px;border-bottom-left-radius:0px;border-top-color:currentColor;border-top-style:solid;border-right-color:currentColor;border-right-style:solid;border-bottom-color:currentColor;border-bottom-style:solid;border-left-color:currentColor;border-left-style:solid;}}<\/style><div class=\"wp-block-kadence-postgrid kt-blocks-post-loop-block alignnone kt-post-loop27824_dd7622-09 kt-post-grid-layout-grid\"><div class=\"kt-post-grid-layout-grid-wrap kt-post-grid-wrap\" data-columns-xxl=\"2\" data-columns-xl=\"2\" data-columns-md=\"2\" data-columns-sm=\"2\" data-columns-xs=\"1\" data-columns-ss=\"1\"data-item-selector=\".kt-post-masonry-item\" aria-label=\"Post Carousel\"><article class=\"kt-blocks-post-grid-item post-21347 post type-post status-publish format-image has-post-thumbnail hentry category-pirineos tag-pirineos-verano post_format-post-format-image\"><div class=\"kt-blocks-post-grid-item-inner-wrap kt-feat-image-align-left kt-feat-image-mobile-align-side\"><div class=\"kadence-post-image\"><div class=\"kadence-post-image-intrisic kt-image-ratio-66-67\" style=\"padding-bottom:66.67%;\"><div class=\"kadence-post-image-inner-intrisic\"><a aria-hidden=\"true\" tabindex=\"-1\" role=\"presentation\" href=\"https:\/\/travesiapirenaica.com\/en\/ibones-del-pirineo\/\" aria-label=\"Routes to Ibones del Pirineo\" class=\"kadence-post-image-inner-wrap\"><img loading=\"lazy\" decoding=\"async\" width=\"1024\" height=\"768\" src=\"https:\/\/travesiapirenaica.com\/wp-content\/uploads\/2017\/11\/180907_IG_@marisagarlo-_Ibones-de-Anayet_1200x900-1024x768.jpg\" class=\"attachment-large size-large wp-post-image\" alt=\"Ibones de Anayet, with Anayet Peak in the background \/ Photo: Marisa (Instagram: @marisagarlo)\" srcset=\"https:\/\/travesiapirenaica.com\/wp-content\/uploads\/2017\/11\/180907_IG_@marisagarlo-_Ibones-de-Anayet_1200x900-1024x768.jpg 1024w, https:\/\/travesiapirenaica.com\/wp-content\/uploads\/2017\/11\/180907_IG_@marisagarlo-_Ibones-de-Anayet_1200x900-300x225.jpg 300w, https:\/\/travesiapirenaica.com\/wp-content\/uploads\/2017\/11\/180907_IG_@marisagarlo-_Ibones-de-Anayet_1200x900-768x576.jpg 768w, https:\/\/travesiapirenaica.com\/wp-content\/uploads\/2017\/11\/180907_IG_@marisagarlo-_Ibones-de-Anayet_1200x900-150x113.jpg 150w, https:\/\/travesiapirenaica.com\/wp-content\/uploads\/2017\/11\/180907_IG_@marisagarlo-_Ibones-de-Anayet_1200x900-696x522.jpg 696w, https:\/\/travesiapirenaica.com\/wp-content\/uploads\/2017\/11\/180907_IG_@marisagarlo-_Ibones-de-Anayet_1200x900-1068x801.jpg 1068w, https:\/\/travesiapirenaica.com\/wp-content\/uploads\/2017\/11\/180907_IG_@marisagarlo-_Ibones-de-Anayet_1200x900-560x420.jpg 560w, https:\/\/travesiapirenaica.com\/wp-content\/uploads\/2017\/11\/180907_IG_@marisagarlo-_Ibones-de-Anayet_1200x900-80x60.jpg 80w, https:\/\/travesiapirenaica.com\/wp-content\/uploads\/2017\/11\/180907_IG_@marisagarlo-_Ibones-de-Anayet_1200x900-265x198.jpg 265w, https:\/\/travesiapirenaica.com\/wp-content\/uploads\/2017\/11\/180907_IG_@marisagarlo-_Ibones-de-Anayet_1200x900-853x640.jpg 853w, https:\/\/travesiapirenaica.com\/wp-content\/uploads\/2017\/11\/180907_IG_@marisagarlo-_Ibones-de-Anayet_1200x900-600x450.jpg 600w, https:\/\/travesiapirenaica.com\/wp-content\/uploads\/2017\/11\/180907_IG_@marisagarlo-_Ibones-de-Anayet_1200x900.jpg 1200w\" sizes=\"auto, (max-width: 1024px) 100vw, 1024px\" \/><\/a><\/div><\/div><\/div><div class=\"kt-blocks-post-grid-item-inner\"><header><h4 class=\"entry-title\"><a href=\"https:\/\/travesiapirenaica.com\/en\/ibones-del-pirineo\/\">Routes to Ibones del Pirineo<\/a><\/h4><div class=\"kt-blocks-post-top-meta\"><\/div><\/header><div class=\"entry-content\"><\/div><footer class=\"kt-blocks-post-footer\"><div class=\"kt-blocks-post-footer-left\"><\/div><div class=\"kt-blocks-post-footer-right\"><\/div><\/footer><\/div><\/div><\/article><article class=\"kt-blocks-post-grid-item post-1413 post type-post status-publish format-standard has-post-thumbnail hentry category-pirineos tag-rutas-pirineo-aragones\"><div class=\"kt-blocks-post-grid-item-inner-wrap kt-feat-image-align-left kt-feat-image-mobile-align-side\"><div class=\"kadence-post-image\"><div class=\"kadence-post-image-intrisic kt-image-ratio-66-67\" style=\"padding-bottom:66.67%;\"><div class=\"kadence-post-image-inner-intrisic\"><a aria-hidden=\"true\" tabindex=\"-1\" role=\"presentation\" href=\"https:\/\/travesiapirenaica.com\/en\/pirineos-pico-los-ibones-anayet\/\" aria-label=\"Ibones de Anayet\" class=\"kadence-post-image-inner-wrap\"><img loading=\"lazy\" decoding=\"async\" width=\"1024\" height=\"769\" src=\"https:\/\/travesiapirenaica.com\/wp-content\/uploads\/2020\/07\/Anayet_montanasaqueras_Newsletter-1024x769.jpg\" class=\"attachment-large size-large wp-post-image\" alt=\"Peak of Anayet from the Ibones of the same name \/\/ Photo by @MontanasAqueras\" srcset=\"https:\/\/travesiapirenaica.com\/wp-content\/uploads\/2020\/07\/Anayet_montanasaqueras_Newsletter-1024x769.jpg 1024w, https:\/\/travesiapirenaica.com\/wp-content\/uploads\/2020\/07\/Anayet_montanasaqueras_Newsletter-300x225.jpg 300w, https:\/\/travesiapirenaica.com\/wp-content\/uploads\/2020\/07\/Anayet_montanasaqueras_Newsletter-768x577.jpg 768w, https:\/\/travesiapirenaica.com\/wp-content\/uploads\/2020\/07\/Anayet_montanasaqueras_Newsletter-450x338.jpg 450w, https:\/\/travesiapirenaica.com\/wp-content\/uploads\/2020\/07\/Anayet_montanasaqueras_Newsletter-225x169.jpg 225w, https:\/\/travesiapirenaica.com\/wp-content\/uploads\/2020\/07\/Anayet_montanasaqueras_Newsletter-900x676.jpg 900w, https:\/\/travesiapirenaica.com\/wp-content\/uploads\/2020\/07\/Anayet_montanasaqueras_Newsletter-20x15.jpg 20w, https:\/\/travesiapirenaica.com\/wp-content\/uploads\/2020\/07\/Anayet_montanasaqueras_Newsletter-128x96.jpg 128w, https:\/\/travesiapirenaica.com\/wp-content\/uploads\/2020\/07\/Anayet_montanasaqueras_Newsletter-600x451.jpg 600w, https:\/\/travesiapirenaica.com\/wp-content\/uploads\/2020\/07\/Anayet_montanasaqueras_Newsletter.jpg 1200w\" sizes=\"auto, (max-width: 1024px) 100vw, 1024px\" \/><\/a><\/div><\/div><\/div><div class=\"kt-blocks-post-grid-item-inner\"><header><h4 class=\"entry-title\"><a href=\"https:\/\/travesiapirenaica.com\/en\/pirineos-pico-los-ibones-anayet\/\">Ibones de Anayet<\/a><\/h4><div class=\"kt-blocks-post-top-meta\"><\/div><\/header><div class=\"entry-content\"><\/div><footer class=\"kt-blocks-post-footer\"><div class=\"kt-blocks-post-footer-left\"><\/div><div class=\"kt-blocks-post-footer-right\"><\/div><\/footer><\/div><\/div><\/article><article class=\"kt-blocks-post-grid-item post-6021 post type-post status-publish format-image has-post-thumbnail hentry category-rutas tag-rutas-pirineo-aragones post_format-post-format-image\"><div class=\"kt-blocks-post-grid-item-inner-wrap kt-feat-image-align-left kt-feat-image-mobile-align-side\"><div class=\"kadence-post-image\"><div class=\"kadence-post-image-intrisic kt-image-ratio-66-67\" style=\"padding-bottom:66.67%;\"><div class=\"kadence-post-image-inner-intrisic\"><a aria-hidden=\"true\" tabindex=\"-1\" role=\"presentation\" href=\"https:\/\/travesiapirenaica.com\/en\/ibones-azules\/\" aria-label=\"Ibones Azules from the Panticosa Spa Resort\" class=\"kadence-post-image-inner-wrap\"><img loading=\"lazy\" decoding=\"async\" width=\"1024\" height=\"768\" src=\"https:\/\/travesiapirenaica.com\/wp-content\/uploads\/2020\/05\/Vista-hacia-el-Cuello-del-Infierno-desde-los-Ibones-Azules.-Foto-Eduardo-Azcona-1024x768.jpg\" class=\"attachment-large size-large wp-post-image\" alt=\"View towards the Cuello del Infierno from the Ibones Azules. Photo Eduardo Azcona\" srcset=\"https:\/\/travesiapirenaica.com\/wp-content\/uploads\/2020\/05\/Vista-hacia-el-Cuello-del-Infierno-desde-los-Ibones-Azules.-Foto-Eduardo-Azcona-1024x768.jpg 1024w, https:\/\/travesiapirenaica.com\/wp-content\/uploads\/2020\/05\/Vista-hacia-el-Cuello-del-Infierno-desde-los-Ibones-Azules.-Foto-Eduardo-Azcona-300x225.jpg 300w, https:\/\/travesiapirenaica.com\/wp-content\/uploads\/2020\/05\/Vista-hacia-el-Cuello-del-Infierno-desde-los-Ibones-Azules.-Foto-Eduardo-Azcona-768x576.jpg 768w, https:\/\/travesiapirenaica.com\/wp-content\/uploads\/2020\/05\/Vista-hacia-el-Cuello-del-Infierno-desde-los-Ibones-Azules.-Foto-Eduardo-Azcona-150x113.jpg 150w, https:\/\/travesiapirenaica.com\/wp-content\/uploads\/2020\/05\/Vista-hacia-el-Cuello-del-Infierno-desde-los-Ibones-Azules.-Foto-Eduardo-Azcona-696x522.jpg 696w, https:\/\/travesiapirenaica.com\/wp-content\/uploads\/2020\/05\/Vista-hacia-el-Cuello-del-Infierno-desde-los-Ibones-Azules.-Foto-Eduardo-Azcona-1068x801.jpg 1068w, https:\/\/travesiapirenaica.com\/wp-content\/uploads\/2020\/05\/Vista-hacia-el-Cuello-del-Infierno-desde-los-Ibones-Azules.-Foto-Eduardo-Azcona-560x420.jpg 560w, https:\/\/travesiapirenaica.com\/wp-content\/uploads\/2020\/05\/Vista-hacia-el-Cuello-del-Infierno-desde-los-Ibones-Azules.-Foto-Eduardo-Azcona-80x60.jpg 80w, https:\/\/travesiapirenaica.com\/wp-content\/uploads\/2020\/05\/Vista-hacia-el-Cuello-del-Infierno-desde-los-Ibones-Azules.-Foto-Eduardo-Azcona-265x198.jpg 265w, https:\/\/travesiapirenaica.com\/wp-content\/uploads\/2020\/05\/Vista-hacia-el-Cuello-del-Infierno-desde-los-Ibones-Azules.-Foto-Eduardo-Azcona-600x450.jpg 600w, https:\/\/travesiapirenaica.com\/wp-content\/uploads\/2020\/05\/Vista-hacia-el-Cuello-del-Infierno-desde-los-Ibones-Azules.-Foto-Eduardo-Azcona.jpg 1200w\" sizes=\"auto, (max-width: 1024px) 100vw, 1024px\" \/><\/a><\/div><\/div><\/div><div class=\"kt-blocks-post-grid-item-inner\"><header><h4 class=\"entry-title\"><a href=\"https:\/\/travesiapirenaica.com\/en\/ibones-azules\/\">Ibones Azules from the Panticosa Spa Resort<\/a><\/h4><div class=\"kt-blocks-post-top-meta\"><\/div><\/header><div class=\"entry-content\"><\/div><footer class=\"kt-blocks-post-footer\"><div class=\"kt-blocks-post-footer-left\"><\/div><div class=\"kt-blocks-post-footer-right\"><\/div><\/footer><\/div><\/div><\/article><article class=\"kt-blocks-post-grid-item post-21474 post type-post status-publish format-image has-post-thumbnail hentry category-pirineos post_format-post-format-image\"><div class=\"kt-blocks-post-grid-item-inner-wrap kt-feat-image-align-left kt-feat-image-mobile-align-side\"><div class=\"kadence-post-image\"><div class=\"kadence-post-image-intrisic kt-image-ratio-66-67\" style=\"padding-bottom:66.67%;\"><div class=\"kadence-post-image-inner-intrisic\"><a aria-hidden=\"true\" tabindex=\"-1\" role=\"presentation\" href=\"https:\/\/travesiapirenaica.com\/en\/estanes-desde-sansanet\/\" aria-label=\"Ib\u00f3n de Estan\u00e9s from Sansanet. Excursion to one of the most emblematic lakes in the Aragonese Pyrenees.\" class=\"kadence-post-image-inner-wrap\"><img loading=\"lazy\" decoding=\"async\" width=\"1024\" height=\"768\" src=\"https:\/\/travesiapirenaica.com\/wp-content\/uploads\/0019\/07\/Newsletter_Ib\u00f3n-de-Estanes_Eduardo-Azcona-1024x768.jpg\" class=\"attachment-large size-large wp-post-image\" alt=\"Ib\u00f3n de Estan\u00e9s \/ Photo: Eduardo Azcona\" srcset=\"https:\/\/travesiapirenaica.com\/wp-content\/uploads\/0019\/07\/Newsletter_Ib\u00f3n-de-Estanes_Eduardo-Azcona-1024x768.jpg 1024w, https:\/\/travesiapirenaica.com\/wp-content\/uploads\/0019\/07\/Newsletter_Ib\u00f3n-de-Estanes_Eduardo-Azcona-300x225.jpg 300w, https:\/\/travesiapirenaica.com\/wp-content\/uploads\/0019\/07\/Newsletter_Ib\u00f3n-de-Estanes_Eduardo-Azcona-768x576.jpg 768w, https:\/\/travesiapirenaica.com\/wp-content\/uploads\/0019\/07\/Newsletter_Ib\u00f3n-de-Estanes_Eduardo-Azcona-450x338.jpg 450w, https:\/\/travesiapirenaica.com\/wp-content\/uploads\/0019\/07\/Newsletter_Ib\u00f3n-de-Estanes_Eduardo-Azcona-225x169.jpg 225w, https:\/\/travesiapirenaica.com\/wp-content\/uploads\/0019\/07\/Newsletter_Ib\u00f3n-de-Estanes_Eduardo-Azcona-900x675.jpg 900w, https:\/\/travesiapirenaica.com\/wp-content\/uploads\/0019\/07\/Newsletter_Ib\u00f3n-de-Estanes_Eduardo-Azcona-20x15.jpg 20w, https:\/\/travesiapirenaica.com\/wp-content\/uploads\/0019\/07\/Newsletter_Ib\u00f3n-de-Estanes_Eduardo-Azcona-128x96.jpg 128w, https:\/\/travesiapirenaica.com\/wp-content\/uploads\/0019\/07\/Newsletter_Ib\u00f3n-de-Estanes_Eduardo-Azcona-600x450.jpg 600w, https:\/\/travesiapirenaica.com\/wp-content\/uploads\/0019\/07\/Newsletter_Ib\u00f3n-de-Estanes_Eduardo-Azcona.jpg 1200w\" sizes=\"auto, (max-width: 1024px) 100vw, 1024px\" \/><\/a><\/div><\/div><\/div><div class=\"kt-blocks-post-grid-item-inner\"><header><h4 class=\"entry-title\"><a href=\"https:\/\/travesiapirenaica.com\/en\/estanes-desde-sansanet\/\">Ib\u00f3n de Estan\u00e9s from Sansanet. Excursion to one of the most emblematic lakes in the Aragonese Pyrenees.<\/a><\/h4><div class=\"kt-blocks-post-top-meta\"><\/div><\/header><div class=\"entry-content\"><\/div><footer class=\"kt-blocks-post-footer\"><div class=\"kt-blocks-post-footer-left\"><\/div><div class=\"kt-blocks-post-footer-right\"><\/div><\/footer><\/div><\/div><\/article><article class=\"kt-blocks-post-grid-item post-4110 post type-post status-publish format-image has-post-thumbnail hentry category-pirineos post_format-post-format-image\"><div class=\"kt-blocks-post-grid-item-inner-wrap kt-feat-image-align-left kt-feat-image-mobile-align-side\"><div class=\"kadence-post-image\"><div class=\"kadence-post-image-intrisic kt-image-ratio-66-67\" style=\"padding-bottom:66.67%;\"><div class=\"kadence-post-image-inner-intrisic\"><a aria-hidden=\"true\" tabindex=\"-1\" role=\"presentation\" href=\"https:\/\/travesiapirenaica.com\/en\/ibon-plan-basa-mora\/\" aria-label=\"Ib\u00f3n de Plan or Basa de la Mora\" class=\"kadence-post-image-inner-wrap\"><img loading=\"lazy\" decoding=\"async\" width=\"1024\" height=\"439\" src=\"https:\/\/travesiapirenaica.com\/wp-content\/uploads\/2017\/11\/IG_rositamuum_Ib\u00f3n-de-plan_1400x600_web-1-1024x439.jpg\" class=\"attachment-large size-large wp-post-image\" alt=\"Ib\u00f3n de Plan or Basa de la Mora \/ Photo: @rositamuum (IG)\" srcset=\"https:\/\/travesiapirenaica.com\/wp-content\/uploads\/2017\/11\/IG_rositamuum_Ib\u00f3n-de-plan_1400x600_web-1-1024x439.jpg 1024w, https:\/\/travesiapirenaica.com\/wp-content\/uploads\/2017\/11\/IG_rositamuum_Ib\u00f3n-de-plan_1400x600_web-1-600x257.jpg 600w, https:\/\/travesiapirenaica.com\/wp-content\/uploads\/2017\/11\/IG_rositamuum_Ib\u00f3n-de-plan_1400x600_web-1-300x129.jpg 300w, https:\/\/travesiapirenaica.com\/wp-content\/uploads\/2017\/11\/IG_rositamuum_Ib\u00f3n-de-plan_1400x600_web-1-768x329.jpg 768w, https:\/\/travesiapirenaica.com\/wp-content\/uploads\/2017\/11\/IG_rositamuum_Ib\u00f3n-de-plan_1400x600_web-1.jpg 1400w\" sizes=\"auto, (max-width: 1024px) 100vw, 1024px\" \/><\/a><\/div><\/div><\/div><div class=\"kt-blocks-post-grid-item-inner\"><header><h4 class=\"entry-title\"><a href=\"https:\/\/travesiapirenaica.com\/en\/ibon-plan-basa-mora\/\">Ib\u00f3n de Plan or Basa de la Mora<\/a><\/h4><div class=\"kt-blocks-post-top-meta\"><\/div><\/header><div class=\"entry-content\"><\/div><footer class=\"kt-blocks-post-footer\"><div class=\"kt-blocks-post-footer-left\"><\/div><div class=\"kt-blocks-post-footer-right\"><\/div><\/footer><\/div><\/div><\/article><\/div><\/div><!-- .wp-block-kadence-postgrid --><\/div><\/div>\n\n<\/div><\/div>\n\n\n<h3 class=\"wp-block-heading\">Route summary:<\/h3>\n\n\n\n<p>From the Guarrinza - La Mina car park, the route climbs up the Foyas ravine in the direction of Puerto del Palo to continue halfway up, on the left hand side, along the S5 path. The descent follows the Acherito ravine, passing first by the free refuge of Barcal de Acherito.<\/p>\n\n\n\n<h3 class=\"wp-block-heading\" id=\"mapa\"><strong>M<\/strong>apa:<\/h3>\n\n\n\n<iframe loading=\"lazy\" src=\"https:\/\/travesiapirenaica.com\/rutas\/rutas.php?&amp;ruta=ibon-acherito\" allow=\"fullscreen\" width=\"100%\" height=\"400\"><\/iframe>\n\n\n\n<figure class=\"wp-block-image size-large\"><img loading=\"lazy\" decoding=\"async\" width=\"754\" height=\"530\" src=\"https:\/\/travesiapirenaica.com\/wp-content\/uploads\/2021\/05\/perfil-ibon_acherito.jpg\" alt=\"\" class=\"wp-image-27881\" srcset=\"https:\/\/travesiapirenaica.com\/wp-content\/uploads\/2021\/05\/perfil-ibon_acherito.jpg 754w, https:\/\/travesiapirenaica.com\/wp-content\/uploads\/2021\/05\/perfil-ibon_acherito-300x211.jpg 300w, https:\/\/travesiapirenaica.com\/wp-content\/uploads\/2021\/05\/perfil-ibon_acherito-150x105.jpg 150w, https:\/\/travesiapirenaica.com\/wp-content\/uploads\/2021\/05\/perfil-ibon_acherito-696x489.jpg 696w, https:\/\/travesiapirenaica.com\/wp-content\/uploads\/2021\/05\/perfil-ibon_acherito-598x420.jpg 598w, https:\/\/travesiapirenaica.com\/wp-content\/uploads\/2021\/05\/perfil-ibon_acherito-100x70.jpg 100w, https:\/\/travesiapirenaica.com\/wp-content\/uploads\/2021\/05\/perfil-ibon_acherito-600x422.jpg 600w\" sizes=\"auto, (max-width: 754px) 100vw, 754px\" \/><\/figure>\n\n\n\n<h3 class=\"wp-block-heading\" id=\"descargables\">Downloadable:<\/h3>\n\n\n\n<h4><a style=\"color:#c45c25\" download=\"Ib\u00f3n-de-Acherito(travesiapirenaica).GPX\" href=\"https:\/\/travesiapirenaica.com\/rutas\/mapa\/gpx-geojson\/ibon_acherito.gpx\">&gt; Download Track<\/a><\/h4>\n\n\n\n<h3 class=\"wp-block-heading\">How to get there:<\/h3>\n\n\n\n<p>See in <a href=\"https:\/\/www.google.es\/maps\/dir\/\/Parking+La+Mina,+Barranco+de+las+Foyas,,+Huesca\/@42.8505778,-0.7059643,15.25z\/data=!4m9!4m8!1m0!1m5!1m1!1s0xd5773363bca16f7:0xc53db1b94b18b7b2!2m2!1d-0.6971051!2d42.8551402!3e0\" target=\"_blank\" rel=\"noreferrer noopener nofollow\"><strong>Google Maps<\/strong><\/a>.<\/p>\n\n\n\n<p>To get to the starting point of this excursion, the Mina car park, in the Guarrinza valley, we will take as a reference point the town of Hecho, where we will arrive following the A-176 from Puente la Reina de Jaca (24kms).<\/p>\n\n\n\n<p>Once in Hecho, we follow the road to Siresa (2kms), the last village in the valley, and continue straight on, along the narrow road that leads to Selva de Oza. The road follows the Arag\u00f3n Subord\u00e1n valley upstream, crossing the spectacular Boca del Infierno canyon and a colourful forest of fir and beech trees. A couple of kilometres after passing the Oza Bridge and the campsite, the track begins to leave the forest and the valley opens up as we enter Guarrinza. At this point we leave a car park on the left and then take a track to the left (signposted to the Acherito lake), which crosses the Arag\u00f3n Subordan and which, after a kilometre, leaves us at the La Mina car park.<\/p>\n\n\n\n<div class=\"has-background\" style=\"background-color:#eeeeee\"><h3>Technical specifications:<\/h3><p><strong><u>Distance:<\/u> <\/strong>11.0 kms.<br><strong><u>Cumulative difference in altitude:<\/u> <\/strong>+750m\/-750m.<br><strong><u>Timetable:<\/u><\/strong> 4h10min. Walking time <strong>non-stop<\/strong>: 5 hours.<br><strong><u>Water:<\/u><\/strong> Along the route you will pass several streams, in addition to the lake, where you can get water. Bear in mind that there are cattle grazing freely.<br><strong><u>Difficulty:<\/u><\/strong> without snow or with soft snow there is no significant difficulty, except for the distance and the difference in altitude to be overcome in the first part of the route. In hard snow it may be necessary to use crampons on the ascent, on the traverse between 1600m and 1800m above sea level.<\/p><\/div>\n\n\n\n<h3 class=\"wp-block-heading\">Itinerary:<\/h3>\n\n\n\n<p><strong>(0h00min; 0,0kms) Parking of La Mina \/ Guarrinza (1.223m)<\/strong>. Next to the bridge over the Barranco de Acherito ravine, some signs indicate the path, to the right of the bridge, that we should take to go up to the ib\u00f3n de Acherito. The path, which is quite clear due to the people passing by, starts going up the Acherito ravine on the left bank (right of the valley in the direction of the path) to continue a few minutes later, to the right, along the Foyas ravine.<\/p>\n\n\n\n<figure class=\"wp-block-image size-large\"><img loading=\"lazy\" decoding=\"async\" width=\"1024\" height=\"768\" src=\"https:\/\/travesiapirenaica.com\/wp-content\/uploads\/2021\/05\/02_Barranco_Las_Foyas.jpg\" alt=\"\" class=\"wp-image-27831\" srcset=\"https:\/\/travesiapirenaica.com\/wp-content\/uploads\/2021\/05\/02_Barranco_Las_Foyas.jpg 1024w, https:\/\/travesiapirenaica.com\/wp-content\/uploads\/2021\/05\/02_Barranco_Las_Foyas-300x225.jpg 300w, https:\/\/travesiapirenaica.com\/wp-content\/uploads\/2021\/05\/02_Barranco_Las_Foyas-768x576.jpg 768w, https:\/\/travesiapirenaica.com\/wp-content\/uploads\/2021\/05\/02_Barranco_Las_Foyas-150x113.jpg 150w, https:\/\/travesiapirenaica.com\/wp-content\/uploads\/2021\/05\/02_Barranco_Las_Foyas-696x522.jpg 696w, https:\/\/travesiapirenaica.com\/wp-content\/uploads\/2021\/05\/02_Barranco_Las_Foyas-560x420.jpg 560w, https:\/\/travesiapirenaica.com\/wp-content\/uploads\/2021\/05\/02_Barranco_Las_Foyas-80x60.jpg 80w, https:\/\/travesiapirenaica.com\/wp-content\/uploads\/2021\/05\/02_Barranco_Las_Foyas-265x198.jpg 265w, https:\/\/travesiapirenaica.com\/wp-content\/uploads\/2021\/05\/02_Barranco_Las_Foyas-853x640.jpg 853w, https:\/\/travesiapirenaica.com\/wp-content\/uploads\/2021\/05\/02_Barranco_Las_Foyas-600x450.jpg 600w\" sizes=\"auto, (max-width: 1024px) 100vw, 1024px\" \/><figcaption class=\"wp-element-caption\"><em>Entering the Barranco de las Foyas ravine.<\/em><\/figcaption><\/figure>\n\n\n\n<p>In 25 minutes we reach a crossroads where the path to the ib\u00f3n de Acherito (straight ahead) separates from the GR65.3.3, which heads towards Puerto del Palo. The path changes banks and continues up the right bank.<\/p>\n\n\n\n<p><strong>(0h50min; 1,8kms) Bend left to the ib\u00f3n de Acherito (1.586m).<\/strong> We reach another crossroads where a signpost indicates the GR65.3.3 (straight ahead) and the S5 path (left) to the ib\u00f3n de Acherito. The path now continues halfway up the slope heading west, flanking the southern slope of Mallo de las Foyas, with magnificent views of the valley and the surrounding peaks.<\/p>\n\n\n\n<figure class=\"wp-block-image size-large\"><img loading=\"lazy\" decoding=\"async\" width=\"1024\" height=\"683\" src=\"https:\/\/travesiapirenaica.com\/wp-content\/uploads\/2021\/05\/03_Guarrinza-Oza.jpg\" alt=\"\" class=\"wp-image-27832\" srcset=\"https:\/\/travesiapirenaica.com\/wp-content\/uploads\/2021\/05\/03_Guarrinza-Oza.jpg 1024w, https:\/\/travesiapirenaica.com\/wp-content\/uploads\/2021\/05\/03_Guarrinza-Oza-300x200.jpg 300w, https:\/\/travesiapirenaica.com\/wp-content\/uploads\/2021\/05\/03_Guarrinza-Oza-768x512.jpg 768w, https:\/\/travesiapirenaica.com\/wp-content\/uploads\/2021\/05\/03_Guarrinza-Oza-150x100.jpg 150w, https:\/\/travesiapirenaica.com\/wp-content\/uploads\/2021\/05\/03_Guarrinza-Oza-696x464.jpg 696w, https:\/\/travesiapirenaica.com\/wp-content\/uploads\/2021\/05\/03_Guarrinza-Oza-630x420.jpg 630w, https:\/\/travesiapirenaica.com\/wp-content\/uploads\/2021\/05\/03_Guarrinza-Oza-600x400.jpg 600w\" sizes=\"auto, (max-width: 1024px) 100vw, 1024px\" \/><figcaption class=\"wp-element-caption\"><em>Views towards Guarrinza and the mountains of Hecho and Ans\u00f3.<\/em><\/figcaption><\/figure>\n\n\n\n<p><strong>(1h50min; 4,0kms) Ib\u00f3n de Acherito (1.875m)<\/strong>. The panoramic view of the lake with the Pic du Lac de la Chourique, the Hanas Gap and the Pic de Larraille in the background is fabulous.<\/p>\n\n\n\n<figure class=\"wp-block-image size-large\"><img loading=\"lazy\" decoding=\"async\" width=\"1024\" height=\"446\" src=\"https:\/\/travesiapirenaica.com\/wp-content\/uploads\/2021\/05\/04_ibon_acherito.jpg\" alt=\"\" class=\"wp-image-27833\" srcset=\"https:\/\/travesiapirenaica.com\/wp-content\/uploads\/2021\/05\/04_ibon_acherito.jpg 1024w, https:\/\/travesiapirenaica.com\/wp-content\/uploads\/2021\/05\/04_ibon_acherito-300x131.jpg 300w, https:\/\/travesiapirenaica.com\/wp-content\/uploads\/2021\/05\/04_ibon_acherito-768x335.jpg 768w, https:\/\/travesiapirenaica.com\/wp-content\/uploads\/2021\/05\/04_ibon_acherito-150x65.jpg 150w, https:\/\/travesiapirenaica.com\/wp-content\/uploads\/2021\/05\/04_ibon_acherito-696x303.jpg 696w, https:\/\/travesiapirenaica.com\/wp-content\/uploads\/2021\/05\/04_ibon_acherito-964x420.jpg 964w, https:\/\/travesiapirenaica.com\/wp-content\/uploads\/2021\/05\/04_ibon_acherito-600x261.jpg 600w\" sizes=\"auto, (max-width: 1024px) 100vw, 1024px\" \/><figcaption class=\"wp-element-caption\"><em>Ib\u00f3n de Acherito.<\/em><\/figcaption><\/figure>\n\n\n\n<figure class=\"wp-block-image size-large\"><img loading=\"lazy\" decoding=\"async\" width=\"1024\" height=\"581\" src=\"https:\/\/travesiapirenaica.com\/wp-content\/uploads\/2021\/05\/05_ibon_acherito.jpg\" alt=\"\" class=\"wp-image-27834\" srcset=\"https:\/\/travesiapirenaica.com\/wp-content\/uploads\/2021\/05\/05_ibon_acherito.jpg 1024w, https:\/\/travesiapirenaica.com\/wp-content\/uploads\/2021\/05\/05_ibon_acherito-300x170.jpg 300w, https:\/\/travesiapirenaica.com\/wp-content\/uploads\/2021\/05\/05_ibon_acherito-768x436.jpg 768w, https:\/\/travesiapirenaica.com\/wp-content\/uploads\/2021\/05\/05_ibon_acherito-150x85.jpg 150w, https:\/\/travesiapirenaica.com\/wp-content\/uploads\/2021\/05\/05_ibon_acherito-696x395.jpg 696w, https:\/\/travesiapirenaica.com\/wp-content\/uploads\/2021\/05\/05_ibon_acherito-740x420.jpg 740w, https:\/\/travesiapirenaica.com\/wp-content\/uploads\/2021\/05\/05_ibon_acherito-600x340.jpg 600w\" sizes=\"auto, (max-width: 1024px) 100vw, 1024px\" \/><figcaption class=\"wp-element-caption\"><em>Ib\u00f3n de Acherito.<\/em><\/figcaption><\/figure>\n\n\n\n<p>Without snow, the grassy meadow that surrounds the lake is perfect for resting for a while and having something to eat before starting the descent along the other path. To descend, we head towards the stream that drains the lake, in search of a path that runs halfway down the slope and gently descends towards the head of the Acherito ravine.<\/p>\n\n\n\n<figure class=\"wp-block-image size-large\"><img loading=\"lazy\" decoding=\"async\" width=\"1024\" height=\"768\" src=\"https:\/\/travesiapirenaica.com\/wp-content\/uploads\/2021\/05\/06_descenso.jpg\" alt=\"\" class=\"wp-image-27835\" srcset=\"https:\/\/travesiapirenaica.com\/wp-content\/uploads\/2021\/05\/06_descenso.jpg 1024w, https:\/\/travesiapirenaica.com\/wp-content\/uploads\/2021\/05\/06_descenso-300x225.jpg 300w, https:\/\/travesiapirenaica.com\/wp-content\/uploads\/2021\/05\/06_descenso-768x576.jpg 768w, https:\/\/travesiapirenaica.com\/wp-content\/uploads\/2021\/05\/06_descenso-150x113.jpg 150w, https:\/\/travesiapirenaica.com\/wp-content\/uploads\/2021\/05\/06_descenso-696x522.jpg 696w, https:\/\/travesiapirenaica.com\/wp-content\/uploads\/2021\/05\/06_descenso-560x420.jpg 560w, https:\/\/travesiapirenaica.com\/wp-content\/uploads\/2021\/05\/06_descenso-80x60.jpg 80w, https:\/\/travesiapirenaica.com\/wp-content\/uploads\/2021\/05\/06_descenso-265x198.jpg 265w, https:\/\/travesiapirenaica.com\/wp-content\/uploads\/2021\/05\/06_descenso-853x640.jpg 853w, https:\/\/travesiapirenaica.com\/wp-content\/uploads\/2021\/05\/06_descenso-600x450.jpg 600w\" sizes=\"auto, (max-width: 1024px) 100vw, 1024px\" \/><figcaption class=\"wp-element-caption\"><em>Beginning the descent of the ib\u00f3n de Acherito with the Chipeta Alto in the background.<\/em><\/figcaption><\/figure>\n\n\n\n<figure class=\"wp-block-image size-large\"><img loading=\"lazy\" decoding=\"async\" width=\"1024\" height=\"768\" src=\"https:\/\/travesiapirenaica.com\/wp-content\/uploads\/2021\/05\/07_acherito.jpg\" alt=\"\" class=\"wp-image-27837\" srcset=\"https:\/\/travesiapirenaica.com\/wp-content\/uploads\/2021\/05\/07_acherito.jpg 1024w, https:\/\/travesiapirenaica.com\/wp-content\/uploads\/2021\/05\/07_acherito-300x225.jpg 300w, https:\/\/travesiapirenaica.com\/wp-content\/uploads\/2021\/05\/07_acherito-768x576.jpg 768w, https:\/\/travesiapirenaica.com\/wp-content\/uploads\/2021\/05\/07_acherito-150x113.jpg 150w, https:\/\/travesiapirenaica.com\/wp-content\/uploads\/2021\/05\/07_acherito-696x522.jpg 696w, https:\/\/travesiapirenaica.com\/wp-content\/uploads\/2021\/05\/07_acherito-560x420.jpg 560w, https:\/\/travesiapirenaica.com\/wp-content\/uploads\/2021\/05\/07_acherito-80x60.jpg 80w, https:\/\/travesiapirenaica.com\/wp-content\/uploads\/2021\/05\/07_acherito-265x198.jpg 265w, https:\/\/travesiapirenaica.com\/wp-content\/uploads\/2021\/05\/07_acherito-853x640.jpg 853w, https:\/\/travesiapirenaica.com\/wp-content\/uploads\/2021\/05\/07_acherito-600x450.jpg 600w\" sizes=\"auto, (max-width: 1024px) 100vw, 1024px\" \/><figcaption class=\"wp-element-caption\"><em>Descending towards the head of the Acherito ravine with the Pico de Acherito in the centre of the picture.<\/em><\/figcaption><\/figure>\n\n\n\n<p><strong>(2h45min; 6,3kms) Refuge of Barcal de Acherito (1.700m)<\/strong>.<\/p>\n\n\n\n<figure class=\"wp-block-image size-large\"><img loading=\"lazy\" decoding=\"async\" width=\"1024\" height=\"768\" src=\"https:\/\/travesiapirenaica.com\/wp-content\/uploads\/2021\/05\/08_refugio_acherito-1.jpg\" alt=\"\" class=\"wp-image-27838\" srcset=\"https:\/\/travesiapirenaica.com\/wp-content\/uploads\/2021\/05\/08_refugio_acherito-1.jpg 1024w, https:\/\/travesiapirenaica.com\/wp-content\/uploads\/2021\/05\/08_refugio_acherito-1-300x225.jpg 300w, https:\/\/travesiapirenaica.com\/wp-content\/uploads\/2021\/05\/08_refugio_acherito-1-768x576.jpg 768w, https:\/\/travesiapirenaica.com\/wp-content\/uploads\/2021\/05\/08_refugio_acherito-1-150x113.jpg 150w, https:\/\/travesiapirenaica.com\/wp-content\/uploads\/2021\/05\/08_refugio_acherito-1-696x522.jpg 696w, https:\/\/travesiapirenaica.com\/wp-content\/uploads\/2021\/05\/08_refugio_acherito-1-560x420.jpg 560w, https:\/\/travesiapirenaica.com\/wp-content\/uploads\/2021\/05\/08_refugio_acherito-1-80x60.jpg 80w, https:\/\/travesiapirenaica.com\/wp-content\/uploads\/2021\/05\/08_refugio_acherito-1-265x198.jpg 265w, https:\/\/travesiapirenaica.com\/wp-content\/uploads\/2021\/05\/08_refugio_acherito-1-853x640.jpg 853w, https:\/\/travesiapirenaica.com\/wp-content\/uploads\/2021\/05\/08_refugio_acherito-1-600x450.jpg 600w\" sizes=\"auto, (max-width: 1024px) 100vw, 1024px\" \/><figcaption class=\"wp-element-caption\"><em>Refuge of Barcal de Acherito.<\/em><\/figcaption><\/figure>\n\n\n\n<p>From here, a well-trodden path descends without loss along the right bank of the Acherito ravine.<\/p>\n\n\n\n<figure class=\"wp-block-image size-large\"><img loading=\"lazy\" decoding=\"async\" width=\"1024\" height=\"768\" src=\"https:\/\/travesiapirenaica.com\/wp-content\/uploads\/2021\/05\/09_descenso-1.jpg\" alt=\"\" class=\"wp-image-27840\" srcset=\"https:\/\/travesiapirenaica.com\/wp-content\/uploads\/2021\/05\/09_descenso-1.jpg 1024w, https:\/\/travesiapirenaica.com\/wp-content\/uploads\/2021\/05\/09_descenso-1-300x225.jpg 300w, https:\/\/travesiapirenaica.com\/wp-content\/uploads\/2021\/05\/09_descenso-1-768x576.jpg 768w, https:\/\/travesiapirenaica.com\/wp-content\/uploads\/2021\/05\/09_descenso-1-150x113.jpg 150w, https:\/\/travesiapirenaica.com\/wp-content\/uploads\/2021\/05\/09_descenso-1-696x522.jpg 696w, https:\/\/travesiapirenaica.com\/wp-content\/uploads\/2021\/05\/09_descenso-1-560x420.jpg 560w, https:\/\/travesiapirenaica.com\/wp-content\/uploads\/2021\/05\/09_descenso-1-80x60.jpg 80w, https:\/\/travesiapirenaica.com\/wp-content\/uploads\/2021\/05\/09_descenso-1-265x198.jpg 265w, https:\/\/travesiapirenaica.com\/wp-content\/uploads\/2021\/05\/09_descenso-1-853x640.jpg 853w, https:\/\/travesiapirenaica.com\/wp-content\/uploads\/2021\/05\/09_descenso-1-600x450.jpg 600w\" sizes=\"auto, (max-width: 1024px) 100vw, 1024px\" \/><\/figure>\n\n\n\n<p><strong>(4h10min; 11,0kms) Parking of La Mina \/ Guarrinza (1.223m)<\/strong><\/p>\n\n\n\n<hr class=\"wp-block-separator has-css-opacity\"\/>\n\n\n\n<h3 class=\"wp-block-heading\">Recommended books:<\/h3>\n\n\n\n<div class=\"wp-block-media-text alignwide is-stacked-on-mobile\"><figure class=\"wp-block-media-text__media\"><a href=\"https:\/\/amzn.to\/36wIIna\" target=\"_blank\" rel=\"nofollow noopener\"><img loading=\"lazy\" decoding=\"async\" width=\"768\" height=\"768\" src=\"https:\/\/travesiapirenaica.com\/wp-content\/uploads\/2021\/05\/anso-hecho_el_senderista.jpg\" alt=\"\" class=\"wp-image-27878 size-full\" srcset=\"https:\/\/travesiapirenaica.com\/wp-content\/uploads\/2021\/05\/anso-hecho_el_senderista.jpg 768w, https:\/\/travesiapirenaica.com\/wp-content\/uploads\/2021\/05\/anso-hecho_el_senderista-300x300.jpg 300w, https:\/\/travesiapirenaica.com\/wp-content\/uploads\/2021\/05\/anso-hecho_el_senderista-150x150.jpg 150w, https:\/\/travesiapirenaica.com\/wp-content\/uploads\/2021\/05\/anso-hecho_el_senderista-696x696.jpg 696w, https:\/\/travesiapirenaica.com\/wp-content\/uploads\/2021\/05\/anso-hecho_el_senderista-420x420.jpg 420w, https:\/\/travesiapirenaica.com\/wp-content\/uploads\/2021\/05\/anso-hecho_el_senderista-640x640.jpg 640w, https:\/\/travesiapirenaica.com\/wp-content\/uploads\/2021\/05\/anso-hecho_el_senderista-96x96.jpg 96w, https:\/\/travesiapirenaica.com\/wp-content\/uploads\/2021\/05\/anso-hecho_el_senderista-600x600.jpg 600w, https:\/\/travesiapirenaica.com\/wp-content\/uploads\/2021\/05\/anso-hecho_el_senderista-100x100.jpg 100w\" sizes=\"auto, (max-width: 768px) 100vw, 768px\" \/><\/a><\/figure><div class=\"wp-block-media-text__content\">\n<p><strong><a href=\"https:\/\/tidd.ly\/3hvzZIl\" target=\"_blank\" rel=\"noreferrer noopener nofollow\">The valleys of Ans\u00f3, Hecho, Arag\u00fc\u00e9s and A\u00edsa.<\/a><\/strong><\/p>\n\n\n\n<ul class=\"wp-block-list\">\n<li><strong>Editorial:<\/strong> The Rambler<\/li>\n\n\n\n<li><strong>Language:<\/strong> Spanish<\/li>\n\n\n\n<li><strong>No. of pages:<\/strong> 192<\/li>\n\n\n\n<li><strong>ISBN-10 :<\/strong> 8495368498<\/li>\n\n\n\n<li><strong>ISBN-13 :<\/strong> 978-8495368492<\/li>\n\n\n\n<li><strong>Publication:<\/strong> 2009<\/li>\n<\/ul>\n\n\n\n<p><\/p>\n<\/div><\/div>\n\n\n\n<hr class=\"wp-block-separator has-css-opacity\"\/>\n\n\n\n<h3 class=\"wp-block-heading\"><strong>NEARBY YOU MAY BE INTERESTED IN<\/strong><\/h3>\n\n\n\n<div class=\"wp-block-media-text alignwide is-stacked-on-mobile\" style=\"grid-template-columns:29% auto\"><figure class=\"wp-block-media-text__media\"><img loading=\"lazy\" decoding=\"async\" width=\"1024\" height=\"681\" src=\"https:\/\/travesiapirenaica.com\/wp-content\/uploads\/2020\/08\/acherito-2.jpg\" alt=\"\" class=\"wp-image-22835 size-full\" srcset=\"https:\/\/travesiapirenaica.com\/wp-content\/uploads\/2020\/08\/acherito-2.jpg 1024w, https:\/\/travesiapirenaica.com\/wp-content\/uploads\/2020\/08\/acherito-2-300x200.jpg 300w, https:\/\/travesiapirenaica.com\/wp-content\/uploads\/2020\/08\/acherito-2-768x511.jpg 768w, https:\/\/travesiapirenaica.com\/wp-content\/uploads\/2020\/08\/acherito-2-450x299.jpg 450w, https:\/\/travesiapirenaica.com\/wp-content\/uploads\/2020\/08\/acherito-2-225x150.jpg 225w, https:\/\/travesiapirenaica.com\/wp-content\/uploads\/2020\/08\/acherito-2-900x599.jpg 900w, https:\/\/travesiapirenaica.com\/wp-content\/uploads\/2020\/08\/acherito-2-20x13.jpg 20w, https:\/\/travesiapirenaica.com\/wp-content\/uploads\/2020\/08\/acherito-2-144x96.jpg 144w, https:\/\/travesiapirenaica.com\/wp-content\/uploads\/2020\/08\/acherito-2-600x399.jpg 600w\" sizes=\"auto, (max-width: 1024px) 100vw, 1024px\" \/><\/figure><div class=\"wp-block-media-text__content\">\n<a href=\"https:\/\/travesiapirenaica.com\/en\/acherito-from-linza\/\"><strong>Acherito (2,374m) from Linza.<\/strong><\/a><p>Circular route to the peak of Acherito from the Linza refuge. Ascent via the Paso del Caballo, the Paso del Oso and the Huerto pass and descent via the Foyas del Ingeniero and the Petrechema ravine.<\/p>\n\n\n\n<p><\/p>\n<\/div><\/div>\n\n\n\n<hr class=\"wp-block-separator has-css-opacity\"\/>\n\n\n\n<div class=\"wp-block-media-text alignwide is-stacked-on-mobile\" style=\"grid-template-columns:29% auto\"><figure class=\"wp-block-media-text__media\"><img loading=\"lazy\" decoding=\"async\" width=\"960\" height=\"640\" src=\"https:\/\/travesiapirenaica.com\/wp-content\/uploads\/2020\/08\/secus.jpg\" alt=\"\" class=\"wp-image-22836 size-full\" srcset=\"https:\/\/travesiapirenaica.com\/wp-content\/uploads\/2020\/08\/secus.jpg 960w, https:\/\/travesiapirenaica.com\/wp-content\/uploads\/2020\/08\/secus-300x200.jpg 300w, https:\/\/travesiapirenaica.com\/wp-content\/uploads\/2020\/08\/secus-768x512.jpg 768w, https:\/\/travesiapirenaica.com\/wp-content\/uploads\/2020\/08\/secus-450x300.jpg 450w, https:\/\/travesiapirenaica.com\/wp-content\/uploads\/2020\/08\/secus-225x150.jpg 225w, https:\/\/travesiapirenaica.com\/wp-content\/uploads\/2020\/08\/secus-900x600.jpg 900w, https:\/\/travesiapirenaica.com\/wp-content\/uploads\/2020\/08\/secus-20x13.jpg 20w, https:\/\/travesiapirenaica.com\/wp-content\/uploads\/2020\/08\/secus-144x96.jpg 144w, https:\/\/travesiapirenaica.com\/wp-content\/uploads\/2020\/08\/secus-600x400.jpg 600w\" sizes=\"auto, (max-width: 960px) 100vw, 960px\" \/><\/figure><div class=\"wp-block-media-text__content\">\n<a href=\"https:\/\/travesiapirenaica.com\/en\/secus-from-gabardito\/\"><strong>Sec\u00fas (2.353m) from Gabardito<\/strong><\/a><p>Pico de Sec\u00fas is one of those summits for those who seek solitude. Its peak is isolated, differentiated from the rest of the...<\/p>\n\n\n\n<p><\/p>\n<\/div><\/div>","protected":false},"excerpt":{"rendered":"The excursion to the Ib\u00f3n de Acherito is one of the best known and most beautiful routes in the Valles Occidentales Natural Park.","protected":false},"author":3,"featured_media":27841,"comment_status":"closed","ping_status":"closed","sticky":false,"template":"","format":"standard","meta":{"_kad_blocks_custom_css":"","_kad_blocks_head_custom_js":"","_kad_blocks_body_custom_js":"","_kad_blocks_footer_custom_js":"","episode_type":"audio","audio_file":"","podmotor_file_id":"","podmotor_episode_id":"","cover_image":"","cover_image_id":"","duration":"","filesize":"","filesize_raw":"","date_recorded":"","explicit":"","block":"","_kad_post_transparent":"","_kad_post_title":"","_kad_post_layout":"","_kad_post_sidebar_id":"","_kad_post_content_style":"","_kad_post_vertical_padding":"","_kad_post_feature":"","_kad_post_feature_position":"","_kad_post_header":false,"_kad_post_footer":false,"_kad_post_classname":"","_jetpack_memberships_contains_paid_content":false,"footnotes":""},"categories":[5],"tags":[3158],"series":[],"class_list":["post-27824","post","type-post","status-publish","format-standard","has-post-thumbnail","hentry","category-pirineos","tag-rutas-pirineo-aragones"],"episode_featured_image":"https:\/\/travesiapirenaica.com\/wp-content\/uploads\/2020\/05\/ibon_acherito.jpg","episode_player_image":"https:\/\/travesiapirenaica.com\/wp-content\/uploads\/2017\/12\/Caratula-Podcast-Maldita-Montana_1500x1500_72pp-p_.jpg","download_link":"","player_link":"","audio_player":false,"episode_data":{"playerMode":"dark","subscribeUrls":[],"rssFeedUrl":"https:\/\/travesiapirenaica.com\/en\/feed\/podcast\/maldita-montana","embedCode":"<blockquote class=\"wp-embedded-content\" data-secret=\"2tbKS536o3\"><a href=\"https:\/\/travesiapirenaica.com\/en\/ruta-ibon-acherito\/\">Ruta circular al Ib\u00f3n de Acherito<\/a><\/blockquote><iframe sandbox=\"allow-scripts\" security=\"restricted\" src=\"https:\/\/travesiapirenaica.com\/en\/ruta-ibon-acherito\/embed\/#?secret=2tbKS536o3\" width=\"500\" height=\"350\" title=\"&#8220;Ruta circular al Ib\u00f3n de Acherito&#8221; &#8212; Traves\u00eda.\" data-secret=\"2tbKS536o3\" frameborder=\"0\" marginwidth=\"0\" marginheight=\"0\" scrolling=\"no\" class=\"wp-embedded-content\"><\/iframe><script>\n\/*! This file is auto-generated *\/\n!function(d,l){\"use strict\";l.querySelector&&d.addEventListener&&\"undefined\"!=typeof URL&&(d.wp=d.wp||{},d.wp.receiveEmbedMessage||(d.wp.receiveEmbedMessage=function(e){var t=e.data;if((t||t.secret||t.message||t.value)&&!\/[^a-zA-Z0-9]\/.test(t.secret)){for(var s,r,n,a=l.querySelectorAll('iframe[data-secret=\"'+t.secret+'\"]'),o=l.querySelectorAll('blockquote[data-secret=\"'+t.secret+'\"]'),c=new RegExp(\"^https?:$\",\"i\"),i=0;i<o.length;i++)o[i].style.display=\"none\";for(i=0;i<a.length;i++)s=a[i],e.source===s.contentWindow&&(s.removeAttribute(\"style\"),\"height\"===t.message?(1e3<(r=parseInt(t.value,10))?r=1e3:~~r<200&&(r=200),s.height=r):\"link\"===t.message&&(r=new URL(s.getAttribute(\"src\")),n=new URL(t.value),c.test(n.protocol))&&n.host===r.host&&l.activeElement===s&&(d.top.location.href=t.value))}},d.addEventListener(\"message\",d.wp.receiveEmbedMessage,!1),l.addEventListener(\"DOMContentLoaded\",function(){for(var e,t,s=l.querySelectorAll(\"iframe.wp-embedded-content\"),r=0;r<s.length;r++)(t=(e=s[r]).getAttribute(\"data-secret\"))||(t=Math.random().toString(36).substring(2,12),e.src+=\"#?secret=\"+t,e.setAttribute(\"data-secret\",t)),e.contentWindow.postMessage({message:\"ready\",secret:t},\"*\")},!1)))}(window,document);\n\/\/# sourceURL=https:\/\/travesiapirenaica.com\/wp-includes\/js\/wp-embed.min.js\n<\/script>\n"},"taxonomy_info":{"category":[{"value":5,"label":"Pirineos"}],"post_tag":[{"value":3158,"label":"Rutas Pirineo aragon\u00e9s"}]},"featured_image_src_large":["https:\/\/travesiapirenaica.com\/wp-content\/uploads\/2020\/05\/ibon_acherito.jpg",1024,767,false],"author_info":{"display_name":"Enrique L\u00f3pez Mondrag\u00f3n","author_link":"https:\/\/travesiapirenaica.com\/en\/author\/kike8611\/"},"comment_info":0,"category_info":[{"term_id":5,"name":"Pirineos","slug":"pirineos","term_group":0,"term_taxonomy_id":5,"taxonomy":"category","description":"","parent":0,"count":241,"filter":"raw","cat_ID":5,"category_count":241,"category_description":"","cat_name":"Pirineos","category_nicename":"pirineos","category_parent":0}],"tag_info":[{"term_id":3158,"name":"Rutas Pirineo aragon\u00e9s","slug":"rutas-pirineo-aragones","term_group":0,"term_taxonomy_id":3174,"taxonomy":"post_tag","description":"","parent":0,"count":28,"filter":"raw"}],"jetpack_featured_media_url":"https:\/\/travesiapirenaica.com\/wp-content\/uploads\/2020\/05\/ibon_acherito.jpg","jetpack_sharing_enabled":true,"_links":{"self":[{"href":"https:\/\/travesiapirenaica.com\/en\/wp-json\/wp\/v2\/posts\/27824","targetHints":{"allow":["GET"]}}],"collection":[{"href":"https:\/\/travesiapirenaica.com\/en\/wp-json\/wp\/v2\/posts"}],"about":[{"href":"https:\/\/travesiapirenaica.com\/en\/wp-json\/wp\/v2\/types\/post"}],"author":[{"embeddable":true,"href":"https:\/\/travesiapirenaica.com\/en\/wp-json\/wp\/v2\/users\/3"}],"replies":[{"embeddable":true,"href":"https:\/\/travesiapirenaica.com\/en\/wp-json\/wp\/v2\/comments?post=27824"}],"version-history":[{"count":0,"href":"https:\/\/travesiapirenaica.com\/en\/wp-json\/wp\/v2\/posts\/27824\/revisions"}],"wp:featuredmedia":[{"embeddable":true,"href":"https:\/\/travesiapirenaica.com\/en\/wp-json\/wp\/v2\/media\/27841"}],"wp:attachment":[{"href":"https:\/\/travesiapirenaica.com\/en\/wp-json\/wp\/v2\/media?parent=27824"}],"wp:term":[{"taxonomy":"category","embeddable":true,"href":"https:\/\/travesiapirenaica.com\/en\/wp-json\/wp\/v2\/categories?post=27824"},{"taxonomy":"post_tag","embeddable":true,"href":"https:\/\/travesiapirenaica.com\/en\/wp-json\/wp\/v2\/tags?post=27824"},{"taxonomy":"series","embeddable":true,"href":"https:\/\/travesiapirenaica.com\/en\/wp-json\/wp\/v2\/series?post=27824"}],"curies":[{"name":"wp","href":"https:\/\/api.w.org\/{rel}","templated":true}]}}