{"id":29373,"date":"2021-07-28T17:18:00","date_gmt":"2021-07-28T15:18:00","guid":{"rendered":"https:\/\/travesiapirenaica.com\/?p=29373"},"modified":"2025-01-20T12:42:41","modified_gmt":"2025-01-20T11:42:41","slug":"ip-shovel-knurled","status":"publish","type":"post","link":"https:\/\/travesiapirenaica.com\/en\/pala-ip-moleta\/","title":{"rendered":"Pala de Ip (2,783m) and La Moleta (2,570m) from the Coll de Ladrones."},"content":{"rendered":"<p>The Pala de Ip, despite being one of the most beautiful mountains to climb in the western Pyrenees, is still an unfrequented mountain and yet it is still very well known. Its truncated pyramid silhouette is unmistakable.<\/p>\n\n\n\n<p>Undoubtedly, the long routes from any of its bases of ascent, a difference in altitude of around 1,800m on any of its routes and the absence of sheltered refuges, are the cause of this lack of suitors and the fact that it forms part of the list of mountains pending for many mountaineers.<\/p>\n\n\n\n<p>Once this mental obstacle has been overcome, those who decide to undertake the ascent following the route we propose here will find themselves in front of a fabulous mountain to which they are sure to return.<\/p>\n\n\n\n<h3 class=\"wp-block-heading\">SUMMARY OF THE ROUTE:<\/h3>\n\n\n\n<p>Circular route to the Pala de Ip from the Coll de Ladrones. Ascent via the Canal de Izas, Sam\u00e1n cirque, La Tronquera cirque, northern corridor between Pala de Ip and La Tronquera and western ridge. Descent via the peaks of La Tronquera, La Moleta, Elvira spring, Vasco hut and Picauv\u00e9.<\/p>\n\n\n\n<h3 class=\"wp-block-heading\">MAP:<\/h3>\n\n\n\n<iframe loading=\"lazy\" src=\"https:\/\/travesiapirenaica.com\/rutas\/rutas.php?&amp;ruta=pala-ip\" allow=\"fullscreen\" width=\"100%\" height=\"400\"><\/iframe>\n\n\n\n<figure class=\"wp-block-image size-large\"><img loading=\"lazy\" decoding=\"async\" width=\"738\" height=\"502\" src=\"https:\/\/travesiapirenaica.com\/wp-content\/uploads\/2021\/07\/perfil-pala_ip.jpg\" alt=\"\" class=\"wp-image-29495\" srcset=\"https:\/\/travesiapirenaica.com\/wp-content\/uploads\/2021\/07\/perfil-pala_ip.jpg 738w, https:\/\/travesiapirenaica.com\/wp-content\/uploads\/2021\/07\/perfil-pala_ip-300x204.jpg 300w, https:\/\/travesiapirenaica.com\/wp-content\/uploads\/2021\/07\/perfil-pala_ip-150x102.jpg 150w, https:\/\/travesiapirenaica.com\/wp-content\/uploads\/2021\/07\/perfil-pala_ip-696x473.jpg 696w, https:\/\/travesiapirenaica.com\/wp-content\/uploads\/2021\/07\/perfil-pala_ip-617x420.jpg 617w, https:\/\/travesiapirenaica.com\/wp-content\/uploads\/2021\/07\/perfil-pala_ip-600x408.jpg 600w\" sizes=\"auto, (max-width: 738px) 100vw, 738px\" \/><\/figure>\n\n\n\n<h3 class=\"wp-block-heading\">DOWNLOADABLE:<\/h3>\n\n\n\n<h4><a style=\"color:#c45c25\" download=\"Pala_de_Ip-La_Moleta(travesiapirenaica).GPX\" href=\"https:\/\/travesiapirenaica.com\/rutas\/mapa\/gpx-geojson\/pala-ip.GPX\">&gt; Download Track<\/a><\/h4>\n\n\n\n<h3 class=\"wp-block-heading\">HOW TO GET THERE:<\/h3>\n\n\n\n<p>See in <a href=\"https:\/\/www.google.es\/maps\/place\/Fuerte+de+Coll+de+Ladrones\/@42.7638904,-0.5078519,282m\/data=!3m1!1e3!4m6!3m5!1s0xd579b953ec26125:0x320319a0c4015cda!4b1!8m2!3d42.7639434!4d-0.5093391?hl=es\" target=\"_blank\" rel=\"noreferrer noopener nofollow\"><strong>Google Maps<\/strong><\/a>.<\/p>\n\n\n\n<p>The reference point is Canfranc-Estaci\u00f3n, which can be reached via the N-330 from Jaca (23kms) in just 20 minutes. Once past Canfranc station, be careful not to continue through the Somport tunnel to France, take a track on the right that climbs up to the Coll de Ladrones (2kms), where there is plenty of room to leave the car.<\/p>\n\n\n\n<div class=\"has-background\" style=\"background-color:#eeeeee\"><h3>Technical specifications:<\/h3><p><strong><u>Distance:<\/u><\/strong> 20,3kms.<br><strong><u>Cumulative difference in altitude:<\/u> <\/strong> 1.840m.<br><strong><u>Timetable:<\/u><\/strong> about 9-10 hours. Walking time without stops: 7h50min.<br><strong><u>Water:<\/u><\/strong> The only fountain, from which a large stream flows, is the Elvira fountain, halfway down the descent. Along the ascent we will find several more or less reliable streams, which at the end of July were still flowing water.<br><strong><u>Difficulty:<\/u><\/strong> the access corridor to the ridge between the Pala de Ip and La Tronquera is somewhat broken (II). The final section of the west ridge to the Pala de Ip has some easy difficulties (I) at the end. You just have to be careful to find the right path and not expose yourself on the slippery north face.<br><strong><u>Recommended equipment for the summer:<\/u><\/strong> preferably boots rather than slippers, two <a href=\"https:\/\/travesiapirenaica.com\/en\/trekking-poles\/\">walking sticks<\/a>, <a href=\"https:\/\/travesiapirenaica.com\/en\/garmin-gps-hiking-hiking\/\">GPS<\/a> (optional), <a href=\"https:\/\/travesiapirenaica.com\/en\/trekking-bottle\/\">canteen<\/a>.<br><strong><u>Suggestions:<\/u><\/strong> An alternative descent along a clear path is from La Moleta to the Iser\u00edas\/Sam\u00e1n lake. If you prefer to avoid the ascent via the broken corridor on the northern slope (II), the ascent via the corridor on the southern slope is safer.<\/p><\/div>\n\n\n\n<h3 class=\"wp-block-heading\">Itinerary:<\/h3>\n\n\n\n<p><strong>(0h00min; 0,0kms) Coll de Ladrones (1.335m)<\/strong>. We start walking following the GR11.1 that comes from Canfranc railway station and heads for Canal Roya. In five minutes, a signpost on the right indicates the path to the ib\u00f3n de Iser\u00edas (3h30min) and the old route of the GR11 along the Canal de Izas. This is too long a timetable for someone who intends to climb the Pala de Ip during the day. After the first stretch of forest, the valley begins to reveal itself with the unmistakable Campanal de Izas in the background on the right.<\/p>\n\n\n\n<figure class=\"wp-block-image size-large\"><img loading=\"lazy\" decoding=\"async\" width=\"1024\" height=\"768\" src=\"https:\/\/travesiapirenaica.com\/wp-content\/uploads\/2021\/07\/01_amanece_izas.jpg\" alt=\"\" class=\"wp-image-29379\" srcset=\"https:\/\/travesiapirenaica.com\/wp-content\/uploads\/2021\/07\/01_amanece_izas.jpg 1024w, https:\/\/travesiapirenaica.com\/wp-content\/uploads\/2021\/07\/01_amanece_izas-300x225.jpg 300w, https:\/\/travesiapirenaica.com\/wp-content\/uploads\/2021\/07\/01_amanece_izas-768x576.jpg 768w, https:\/\/travesiapirenaica.com\/wp-content\/uploads\/2021\/07\/01_amanece_izas-150x113.jpg 150w, https:\/\/travesiapirenaica.com\/wp-content\/uploads\/2021\/07\/01_amanece_izas-696x522.jpg 696w, https:\/\/travesiapirenaica.com\/wp-content\/uploads\/2021\/07\/01_amanece_izas-560x420.jpg 560w, https:\/\/travesiapirenaica.com\/wp-content\/uploads\/2021\/07\/01_amanece_izas-80x60.jpg 80w, https:\/\/travesiapirenaica.com\/wp-content\/uploads\/2021\/07\/01_amanece_izas-265x198.jpg 265w, https:\/\/travesiapirenaica.com\/wp-content\/uploads\/2021\/07\/01_amanece_izas-600x450.jpg 600w\" sizes=\"auto, (max-width: 1024px) 100vw, 1024px\" \/><figcaption>Dawn in the valley of Izas. The Campanal de Izas and the buttress of the Pala de Ip can be seen on the right.<\/figcaption><\/figure>\n\n\n\n<p>We advance quickly along the path, paying attention to the markings that indicate a path to the right instead of another that continues along the river. We cross a stream that has just cascaded over a beautiful waterfall and arrive at a characteristic square-shaped block.<\/p>\n\n\n\n<figure class=\"wp-block-image size-large\"><img loading=\"lazy\" decoding=\"async\" width=\"1024\" height=\"768\" src=\"https:\/\/travesiapirenaica.com\/wp-content\/uploads\/2021\/07\/02_bloque.jpg\" alt=\"\" class=\"wp-image-29381\" srcset=\"https:\/\/travesiapirenaica.com\/wp-content\/uploads\/2021\/07\/02_bloque.jpg 1024w, https:\/\/travesiapirenaica.com\/wp-content\/uploads\/2021\/07\/02_bloque-300x225.jpg 300w, https:\/\/travesiapirenaica.com\/wp-content\/uploads\/2021\/07\/02_bloque-768x576.jpg 768w, https:\/\/travesiapirenaica.com\/wp-content\/uploads\/2021\/07\/02_bloque-150x113.jpg 150w, https:\/\/travesiapirenaica.com\/wp-content\/uploads\/2021\/07\/02_bloque-696x522.jpg 696w, https:\/\/travesiapirenaica.com\/wp-content\/uploads\/2021\/07\/02_bloque-560x420.jpg 560w, https:\/\/travesiapirenaica.com\/wp-content\/uploads\/2021\/07\/02_bloque-80x60.jpg 80w, https:\/\/travesiapirenaica.com\/wp-content\/uploads\/2021\/07\/02_bloque-265x198.jpg 265w, https:\/\/travesiapirenaica.com\/wp-content\/uploads\/2021\/07\/02_bloque-600x450.jpg 600w\" sizes=\"auto, (max-width: 1024px) 100vw, 1024px\" \/><figcaption>A characteristic square block where we take the turn-off to the Iser\u00edas lake.<\/figcaption><\/figure>\n\n\n\n<p><strong>(1h00min; 3,5kms) Big block turnoff (1.629m)<\/strong>. The ib\u00f3n de Iser\u00edas route separates to the right from the GR11, which continues along the main valley towards a waterfall. We zigzag upwards in a southerly direction, towards a strip of rocks that we border from left to right just below. The famous Iser\u00edas turn.<\/p>\n\n\n\n<figure class=\"wp-block-image size-large\"><img loading=\"lazy\" decoding=\"async\" width=\"1024\" height=\"768\" src=\"https:\/\/travesiapirenaica.com\/wp-content\/uploads\/2021\/07\/03_canal_izas.jpg\" alt=\"\" class=\"wp-image-29382\" srcset=\"https:\/\/travesiapirenaica.com\/wp-content\/uploads\/2021\/07\/03_canal_izas.jpg 1024w, https:\/\/travesiapirenaica.com\/wp-content\/uploads\/2021\/07\/03_canal_izas-300x225.jpg 300w, https:\/\/travesiapirenaica.com\/wp-content\/uploads\/2021\/07\/03_canal_izas-768x576.jpg 768w, https:\/\/travesiapirenaica.com\/wp-content\/uploads\/2021\/07\/03_canal_izas-150x113.jpg 150w, https:\/\/travesiapirenaica.com\/wp-content\/uploads\/2021\/07\/03_canal_izas-696x522.jpg 696w, https:\/\/travesiapirenaica.com\/wp-content\/uploads\/2021\/07\/03_canal_izas-560x420.jpg 560w, https:\/\/travesiapirenaica.com\/wp-content\/uploads\/2021\/07\/03_canal_izas-80x60.jpg 80w, https:\/\/travesiapirenaica.com\/wp-content\/uploads\/2021\/07\/03_canal_izas-265x198.jpg 265w, https:\/\/travesiapirenaica.com\/wp-content\/uploads\/2021\/07\/03_canal_izas-600x450.jpg 600w\" sizes=\"auto, (max-width: 1024px) 100vw, 1024px\" \/><figcaption>The valley of Izas begins to fall below.<\/figcaption><\/figure>\n\n\n\n<p><strong>(1h35min; 5,3kms) Iser\u00edas Hut (1.900m). <\/strong>A precarious cabin with space for 6 people.<\/p>\n\n\n\n<figure class=\"wp-block-image size-large\"><img loading=\"lazy\" decoding=\"async\" width=\"1024\" height=\"768\" src=\"https:\/\/travesiapirenaica.com\/wp-content\/uploads\/2021\/07\/04_refugio_iserias-1024x768.jpg\" alt=\"\" class=\"wp-image-29383\" srcset=\"https:\/\/travesiapirenaica.com\/wp-content\/uploads\/2021\/07\/04_refugio_iserias-1024x768.jpg 1024w, https:\/\/travesiapirenaica.com\/wp-content\/uploads\/2021\/07\/04_refugio_iserias-300x225.jpg 300w, https:\/\/travesiapirenaica.com\/wp-content\/uploads\/2021\/07\/04_refugio_iserias-768x576.jpg 768w, https:\/\/travesiapirenaica.com\/wp-content\/uploads\/2021\/07\/04_refugio_iserias-1536x1152.jpg 1536w, https:\/\/travesiapirenaica.com\/wp-content\/uploads\/2021\/07\/04_refugio_iserias-2048x1536.jpg 2048w, https:\/\/travesiapirenaica.com\/wp-content\/uploads\/2021\/07\/04_refugio_iserias-150x113.jpg 150w, https:\/\/travesiapirenaica.com\/wp-content\/uploads\/2021\/07\/04_refugio_iserias-696x522.jpg 696w, https:\/\/travesiapirenaica.com\/wp-content\/uploads\/2021\/07\/04_refugio_iserias-1068x801.jpg 1068w, https:\/\/travesiapirenaica.com\/wp-content\/uploads\/2021\/07\/04_refugio_iserias-1920x1440.jpg 1920w, https:\/\/travesiapirenaica.com\/wp-content\/uploads\/2021\/07\/04_refugio_iserias-560x420.jpg 560w, https:\/\/travesiapirenaica.com\/wp-content\/uploads\/2021\/07\/04_refugio_iserias-80x60.jpg 80w, https:\/\/travesiapirenaica.com\/wp-content\/uploads\/2021\/07\/04_refugio_iserias-265x198.jpg 265w, https:\/\/travesiapirenaica.com\/wp-content\/uploads\/2021\/07\/04_refugio_iserias-600x450.jpg 600w\" sizes=\"auto, (max-width: 1024px) 100vw, 1024px\" \/><figcaption>Vuelta de Iserias Hut<\/figcaption><\/figure>\n\n\n\n<p>The path turns left (S-SE) in search of the...<\/p>\n\n\n\n<p><strong>(2h10min; 6,4kms) Col (2.178m)<\/strong> which gives access to the Sam\u00e1n or Iser\u00edas cirque, where the lake of the same name is located.<\/p>\n\n\n\n<figure class=\"wp-block-image size-large\"><img loading=\"lazy\" decoding=\"async\" width=\"1024\" height=\"768\" src=\"https:\/\/travesiapirenaica.com\/wp-content\/uploads\/2021\/07\/05_ibon_iserias.jpg\" alt=\"\" class=\"wp-image-29384\" srcset=\"https:\/\/travesiapirenaica.com\/wp-content\/uploads\/2021\/07\/05_ibon_iserias.jpg 1024w, https:\/\/travesiapirenaica.com\/wp-content\/uploads\/2021\/07\/05_ibon_iserias-300x225.jpg 300w, https:\/\/travesiapirenaica.com\/wp-content\/uploads\/2021\/07\/05_ibon_iserias-768x576.jpg 768w, https:\/\/travesiapirenaica.com\/wp-content\/uploads\/2021\/07\/05_ibon_iserias-150x113.jpg 150w, https:\/\/travesiapirenaica.com\/wp-content\/uploads\/2021\/07\/05_ibon_iserias-696x522.jpg 696w, https:\/\/travesiapirenaica.com\/wp-content\/uploads\/2021\/07\/05_ibon_iserias-560x420.jpg 560w, https:\/\/travesiapirenaica.com\/wp-content\/uploads\/2021\/07\/05_ibon_iserias-80x60.jpg 80w, https:\/\/travesiapirenaica.com\/wp-content\/uploads\/2021\/07\/05_ibon_iserias-265x198.jpg 265w, https:\/\/travesiapirenaica.com\/wp-content\/uploads\/2021\/07\/05_ibon_iserias-600x450.jpg 600w\" sizes=\"auto, (max-width: 1024px) 100vw, 1024px\" \/><figcaption>La Moleta, where we will then ascend, overlooks the Iser\u00edas lake.<\/figcaption><\/figure>\n\n\n\n<p>From the pass, we head off to the left halfway up the slope, without milestones, with our sights set on a pass that crosses the ridge on the left (2h25min; 6,9kms) and leads to the...<\/p>\n\n\n\n<p><strong>(2h35min; 7,5kms) cirque of La Tronquera (2.282m),<\/strong> suspended over the Canal de Izas.<\/p>\n\n\n\n<figure class=\"wp-block-image size-large\"><img loading=\"lazy\" decoding=\"async\" width=\"1024\" height=\"768\" src=\"https:\/\/travesiapirenaica.com\/wp-content\/uploads\/2021\/07\/06_circo_tronquera.jpg\" alt=\"\" class=\"wp-image-29385\" srcset=\"https:\/\/travesiapirenaica.com\/wp-content\/uploads\/2021\/07\/06_circo_tronquera.jpg 1024w, https:\/\/travesiapirenaica.com\/wp-content\/uploads\/2021\/07\/06_circo_tronquera-300x225.jpg 300w, https:\/\/travesiapirenaica.com\/wp-content\/uploads\/2021\/07\/06_circo_tronquera-768x576.jpg 768w, https:\/\/travesiapirenaica.com\/wp-content\/uploads\/2021\/07\/06_circo_tronquera-150x113.jpg 150w, https:\/\/travesiapirenaica.com\/wp-content\/uploads\/2021\/07\/06_circo_tronquera-696x522.jpg 696w, https:\/\/travesiapirenaica.com\/wp-content\/uploads\/2021\/07\/06_circo_tronquera-560x420.jpg 560w, https:\/\/travesiapirenaica.com\/wp-content\/uploads\/2021\/07\/06_circo_tronquera-80x60.jpg 80w, https:\/\/travesiapirenaica.com\/wp-content\/uploads\/2021\/07\/06_circo_tronquera-265x198.jpg 265w, https:\/\/travesiapirenaica.com\/wp-content\/uploads\/2021\/07\/06_circo_tronquera-600x450.jpg 600w\" sizes=\"auto, (max-width: 1024px) 100vw, 1024px\" \/><figcaption>Circo de la Tronquera and Pala de Ip.<\/figcaption><\/figure>\n\n\n\n<p>We cross a meadow crossed by a stream that was still carrying water at the end of July and head along the path, following the milestones, towards the start of the channel that separates Pala de Ip from the peaks of La Tronquera. The corridor reveals itself shortly before reaching a kind of pass that gives access to the northwest face of Pala de Ip. The path turns to the right and enters the corridor that shortly after splits in two.<\/p>\n\n\n\n<figure class=\"wp-block-image size-large\"><img loading=\"lazy\" decoding=\"async\" width=\"1024\" height=\"768\" src=\"https:\/\/travesiapirenaica.com\/wp-content\/uploads\/2021\/07\/07_canal.jpg\" alt=\"\" class=\"wp-image-29386\" srcset=\"https:\/\/travesiapirenaica.com\/wp-content\/uploads\/2021\/07\/07_canal.jpg 1024w, https:\/\/travesiapirenaica.com\/wp-content\/uploads\/2021\/07\/07_canal-300x225.jpg 300w, https:\/\/travesiapirenaica.com\/wp-content\/uploads\/2021\/07\/07_canal-768x576.jpg 768w, https:\/\/travesiapirenaica.com\/wp-content\/uploads\/2021\/07\/07_canal-150x113.jpg 150w, https:\/\/travesiapirenaica.com\/wp-content\/uploads\/2021\/07\/07_canal-696x522.jpg 696w, https:\/\/travesiapirenaica.com\/wp-content\/uploads\/2021\/07\/07_canal-560x420.jpg 560w, https:\/\/travesiapirenaica.com\/wp-content\/uploads\/2021\/07\/07_canal-80x60.jpg 80w, https:\/\/travesiapirenaica.com\/wp-content\/uploads\/2021\/07\/07_canal-265x198.jpg 265w, https:\/\/travesiapirenaica.com\/wp-content\/uploads\/2021\/07\/07_canal-600x450.jpg 600w\" sizes=\"auto, (max-width: 1024px) 100vw, 1024px\" \/><figcaption>The corridor is divided into two. We will opt for the one on the right, the one with some snow.<\/figcaption><\/figure>\n\n\n\n<p>A milestone marks the one on the right. Although at the time of this route there was still some snow, we ascend it without difficulty, taking advantage of a kind of rimaya on the left. Shortly afterwards, the corridor becomes strangled and we find it cut off by the snow. If this is the case, the safest thing to do is to cross to the other side and climb up the rocks on the right, which look less broken. On the other side of the rocks there is a second corridor. Without much difficulty, but taking care not to step on anything that could fall off, we climb up the spur between the two channels directly to the crest, where we join the normal route from the Ip reservoir (easier and less exposed).<\/p>\n\n\n\n<figure class=\"wp-block-image size-large\"><img loading=\"lazy\" decoding=\"async\" width=\"1024\" height=\"543\" src=\"https:\/\/travesiapirenaica.com\/wp-content\/uploads\/2021\/07\/08_cresta.jpg\" alt=\"\" class=\"wp-image-29387\" srcset=\"https:\/\/travesiapirenaica.com\/wp-content\/uploads\/2021\/07\/08_cresta.jpg 1024w, https:\/\/travesiapirenaica.com\/wp-content\/uploads\/2021\/07\/08_cresta-300x159.jpg 300w, https:\/\/travesiapirenaica.com\/wp-content\/uploads\/2021\/07\/08_cresta-768x407.jpg 768w, https:\/\/travesiapirenaica.com\/wp-content\/uploads\/2021\/07\/08_cresta-150x80.jpg 150w, https:\/\/travesiapirenaica.com\/wp-content\/uploads\/2021\/07\/08_cresta-696x369.jpg 696w, https:\/\/travesiapirenaica.com\/wp-content\/uploads\/2021\/07\/08_cresta-792x420.jpg 792w, https:\/\/travesiapirenaica.com\/wp-content\/uploads\/2021\/07\/08_cresta-600x318.jpg 600w\" sizes=\"auto, (max-width: 1024px) 100vw, 1024px\" \/><figcaption>Once the ridge is reached, the west summit or the foreground of the Pala de Ip is revealed.<\/figcaption><\/figure>\n\n\n\n<p><strong>(3h25min; 8,3kms) Col-crest between La Tronquera and Pala de Ip (2.600m). <\/strong>The path starts close to the edge of the ridge and then heads off to the right along the southern slope and ascends a grassy slope to the first peak. Once here, avoid any path that runs along the north face, which is more exposed and decomposed, to advance along the edge of the ridge without difficulty, up to the second peak, the highest.<\/p>\n\n\n\n<figure class=\"wp-block-image size-large\"><img loading=\"lazy\" decoding=\"async\" width=\"1024\" height=\"768\" src=\"https:\/\/travesiapirenaica.com\/wp-content\/uploads\/2021\/07\/09_pala_ip.jpg\" alt=\"\" class=\"wp-image-29390\" srcset=\"https:\/\/travesiapirenaica.com\/wp-content\/uploads\/2021\/07\/09_pala_ip.jpg 1024w, https:\/\/travesiapirenaica.com\/wp-content\/uploads\/2021\/07\/09_pala_ip-300x225.jpg 300w, https:\/\/travesiapirenaica.com\/wp-content\/uploads\/2021\/07\/09_pala_ip-768x576.jpg 768w, https:\/\/travesiapirenaica.com\/wp-content\/uploads\/2021\/07\/09_pala_ip-150x113.jpg 150w, https:\/\/travesiapirenaica.com\/wp-content\/uploads\/2021\/07\/09_pala_ip-696x522.jpg 696w, https:\/\/travesiapirenaica.com\/wp-content\/uploads\/2021\/07\/09_pala_ip-560x420.jpg 560w, https:\/\/travesiapirenaica.com\/wp-content\/uploads\/2021\/07\/09_pala_ip-80x60.jpg 80w, https:\/\/travesiapirenaica.com\/wp-content\/uploads\/2021\/07\/09_pala_ip-265x198.jpg 265w, https:\/\/travesiapirenaica.com\/wp-content\/uploads\/2021\/07\/09_pala_ip-600x450.jpg 600w\" sizes=\"auto, (max-width: 1024px) 100vw, 1024px\" \/><figcaption>Crest between the first peak and the true summit.<\/figcaption><\/figure>\n\n\n\n<figure class=\"wp-block-image size-large\"><img loading=\"lazy\" decoding=\"async\" width=\"1024\" height=\"768\" src=\"https:\/\/travesiapirenaica.com\/wp-content\/uploads\/2021\/07\/10_pala_ip.jpg\" alt=\"\" class=\"wp-image-29391\" srcset=\"https:\/\/travesiapirenaica.com\/wp-content\/uploads\/2021\/07\/10_pala_ip.jpg 1024w, https:\/\/travesiapirenaica.com\/wp-content\/uploads\/2021\/07\/10_pala_ip-300x225.jpg 300w, https:\/\/travesiapirenaica.com\/wp-content\/uploads\/2021\/07\/10_pala_ip-768x576.jpg 768w, https:\/\/travesiapirenaica.com\/wp-content\/uploads\/2021\/07\/10_pala_ip-150x113.jpg 150w, https:\/\/travesiapirenaica.com\/wp-content\/uploads\/2021\/07\/10_pala_ip-696x522.jpg 696w, https:\/\/travesiapirenaica.com\/wp-content\/uploads\/2021\/07\/10_pala_ip-560x420.jpg 560w, https:\/\/travesiapirenaica.com\/wp-content\/uploads\/2021\/07\/10_pala_ip-80x60.jpg 80w, https:\/\/travesiapirenaica.com\/wp-content\/uploads\/2021\/07\/10_pala_ip-265x198.jpg 265w, https:\/\/travesiapirenaica.com\/wp-content\/uploads\/2021\/07\/10_pala_ip-600x450.jpg 600w\" sizes=\"auto, (max-width: 1024px) 100vw, 1024px\" \/><figcaption>The final climb is very aesthetically pleasing but hardly difficult.<\/figcaption><\/figure>\n\n\n\n<p>To climb the final part, we border the base of the peak on the right (I), following the milestones.<\/p>\n\n\n\n<p><strong>(3h55min; 9,2kms) Pala de Ip (2.783m).<\/strong> Impressive views towards the Midi d'Ossau area, Balait\u00fas, Infiernos, Garmo Negro, Vignemale, Monte Perdido in the background, Sierra de Tende\u00f1era, the nearby Punta Escarra, Sierra de Partacua and the peaks that close the cirque of Ip, with Collarada as the most outstanding peak.<\/p>\n\n\n\n<figure class=\"wp-block-image size-large\"><img loading=\"lazy\" decoding=\"async\" width=\"1024\" height=\"768\" src=\"https:\/\/travesiapirenaica.com\/wp-content\/uploads\/2021\/07\/11_collarada.jpg\" alt=\"\" class=\"wp-image-29392\" srcset=\"https:\/\/travesiapirenaica.com\/wp-content\/uploads\/2021\/07\/11_collarada.jpg 1024w, https:\/\/travesiapirenaica.com\/wp-content\/uploads\/2021\/07\/11_collarada-300x225.jpg 300w, https:\/\/travesiapirenaica.com\/wp-content\/uploads\/2021\/07\/11_collarada-768x576.jpg 768w, https:\/\/travesiapirenaica.com\/wp-content\/uploads\/2021\/07\/11_collarada-150x113.jpg 150w, https:\/\/travesiapirenaica.com\/wp-content\/uploads\/2021\/07\/11_collarada-696x522.jpg 696w, https:\/\/travesiapirenaica.com\/wp-content\/uploads\/2021\/07\/11_collarada-560x420.jpg 560w, https:\/\/travesiapirenaica.com\/wp-content\/uploads\/2021\/07\/11_collarada-80x60.jpg 80w, https:\/\/travesiapirenaica.com\/wp-content\/uploads\/2021\/07\/11_collarada-265x198.jpg 265w, https:\/\/travesiapirenaica.com\/wp-content\/uploads\/2021\/07\/11_collarada-600x450.jpg 600w\" sizes=\"auto, (max-width: 1024px) 100vw, 1024px\" \/><figcaption>Impressive views of the Collarada and the Ip reservoir.<\/figcaption><\/figure>\n\n\n\n<p>We will return to the pass by the same route, taking care not to go off towards the slopes of the north face.<\/p>\n\n\n\n<p><strong>(4h25min; 10,2kms) Pass between La Tronquera and Pala de Ip (2.600m).<\/strong> Once at the pass where the ascents from the north and south converge, we continue along the Tronquera ridge, which does not present any real difficulties. The route follows the edge of the ridge avoiding complications on the left and right. In 10 minutes we pass the Punta de la Tronquera (2,689m). From here, the ridge gradually loses height before dropping towards the pass that separates La Moleta.<\/p>\n\n\n\n<figure class=\"wp-block-image size-large\"><img loading=\"lazy\" decoding=\"async\" width=\"1024\" height=\"768\" src=\"https:\/\/travesiapirenaica.com\/wp-content\/uploads\/2021\/07\/12_tronquera.jpg\" alt=\"\" class=\"wp-image-29393\" srcset=\"https:\/\/travesiapirenaica.com\/wp-content\/uploads\/2021\/07\/12_tronquera.jpg 1024w, https:\/\/travesiapirenaica.com\/wp-content\/uploads\/2021\/07\/12_tronquera-300x225.jpg 300w, https:\/\/travesiapirenaica.com\/wp-content\/uploads\/2021\/07\/12_tronquera-768x576.jpg 768w, https:\/\/travesiapirenaica.com\/wp-content\/uploads\/2021\/07\/12_tronquera-150x113.jpg 150w, https:\/\/travesiapirenaica.com\/wp-content\/uploads\/2021\/07\/12_tronquera-696x522.jpg 696w, https:\/\/travesiapirenaica.com\/wp-content\/uploads\/2021\/07\/12_tronquera-560x420.jpg 560w, https:\/\/travesiapirenaica.com\/wp-content\/uploads\/2021\/07\/12_tronquera-80x60.jpg 80w, https:\/\/travesiapirenaica.com\/wp-content\/uploads\/2021\/07\/12_tronquera-265x198.jpg 265w, https:\/\/travesiapirenaica.com\/wp-content\/uploads\/2021\/07\/12_tronquera-600x450.jpg 600w\" sizes=\"auto, (max-width: 1024px) 100vw, 1024px\" \/><figcaption>A look back, towards Pala de Ip and La Tronquera.<\/figcaption><\/figure>\n\n\n\n<figure class=\"wp-block-image size-large\"><img loading=\"lazy\" decoding=\"async\" width=\"1024\" height=\"768\" src=\"https:\/\/travesiapirenaica.com\/wp-content\/uploads\/2021\/07\/13_Moleta.jpg\" alt=\"\" class=\"wp-image-29394\" srcset=\"https:\/\/travesiapirenaica.com\/wp-content\/uploads\/2021\/07\/13_Moleta.jpg 1024w, https:\/\/travesiapirenaica.com\/wp-content\/uploads\/2021\/07\/13_Moleta-300x225.jpg 300w, https:\/\/travesiapirenaica.com\/wp-content\/uploads\/2021\/07\/13_Moleta-768x576.jpg 768w, https:\/\/travesiapirenaica.com\/wp-content\/uploads\/2021\/07\/13_Moleta-150x113.jpg 150w, https:\/\/travesiapirenaica.com\/wp-content\/uploads\/2021\/07\/13_Moleta-696x522.jpg 696w, https:\/\/travesiapirenaica.com\/wp-content\/uploads\/2021\/07\/13_Moleta-560x420.jpg 560w, https:\/\/travesiapirenaica.com\/wp-content\/uploads\/2021\/07\/13_Moleta-80x60.jpg 80w, https:\/\/travesiapirenaica.com\/wp-content\/uploads\/2021\/07\/13_Moleta-265x198.jpg 265w, https:\/\/travesiapirenaica.com\/wp-content\/uploads\/2021\/07\/13_Moleta-600x450.jpg 600w\" sizes=\"auto, (max-width: 1024px) 100vw, 1024px\" \/><figcaption>Onwards, La Moleta.<\/figcaption><\/figure>\n\n\n\n<p>To climb up, look for a small chimney on the southern slope in the final rocks.<\/p>\n\n\n\n<p><strong>(5h15min; 12,5kms) La Moleta (2.570m). <\/strong>To go down to the next pass, we will head towards it with our eyes fixed on it, paying attention to a bend that the path makes on the left hand side to save the plinth. In less than 15 minutes we reach the pass. On the right hand side, the best marked path descends to the Saman cirque. On the left hand side, where we are heading, some milestones descend over the buttress until we reach a wall that we follow on the right hand side for about 200m, until we find a path marked with milestones at the beginning. The path descends crossing the Epifanio cirque from one side to the other, until it ends up blurring near the...<\/p>\n\n\n\n<p><strong>(6h00min; 14,1kms) Fuente Elvira (2.139m). <\/strong>A good place to take a break and recharge your batteries.<\/p>\n\n\n\n<figure class=\"wp-block-image size-large\"><img loading=\"lazy\" decoding=\"async\" width=\"1024\" height=\"768\" src=\"https:\/\/travesiapirenaica.com\/wp-content\/uploads\/2021\/07\/14_fuente_elvira.jpg\" alt=\"\" class=\"wp-image-29395\" srcset=\"https:\/\/travesiapirenaica.com\/wp-content\/uploads\/2021\/07\/14_fuente_elvira.jpg 1024w, https:\/\/travesiapirenaica.com\/wp-content\/uploads\/2021\/07\/14_fuente_elvira-300x225.jpg 300w, https:\/\/travesiapirenaica.com\/wp-content\/uploads\/2021\/07\/14_fuente_elvira-768x576.jpg 768w, https:\/\/travesiapirenaica.com\/wp-content\/uploads\/2021\/07\/14_fuente_elvira-150x113.jpg 150w, https:\/\/travesiapirenaica.com\/wp-content\/uploads\/2021\/07\/14_fuente_elvira-696x522.jpg 696w, https:\/\/travesiapirenaica.com\/wp-content\/uploads\/2021\/07\/14_fuente_elvira-560x420.jpg 560w, https:\/\/travesiapirenaica.com\/wp-content\/uploads\/2021\/07\/14_fuente_elvira-80x60.jpg 80w, https:\/\/travesiapirenaica.com\/wp-content\/uploads\/2021\/07\/14_fuente_elvira-265x198.jpg 265w, https:\/\/travesiapirenaica.com\/wp-content\/uploads\/2021\/07\/14_fuente_elvira-600x450.jpg 600w\" sizes=\"auto, (max-width: 1024px) 100vw, 1024px\" \/><figcaption>Fuente Elvira.<\/figcaption><\/figure>\n\n\n\n<p>Continue to the right (N) walking along the wall, following the white and yellow markings. The path descends, describing some zigzags until it reaches the...<\/p>\n\n\n\n<p><strong>(6h25min; 15,6kms) Caseta del Vasco (1.894m). <\/strong>Continue downhill, following the signs to Picauve (PR 2.44). Before you know it, you will find yourself in a forest with some huge trees sticking out of it. The path zigzags and becomes quite heavy, with some stretches where it goes from one side to the other without losing height. Quite far down (7h30min; 19,1kms; 1.370m) you come to a junction where the PR path marks the fountain of Los Ingenieros on your left in 10 minutes. Leave the PR and continue on the right hand side along a path that takes you immediately to a track that ends a little further uphill, at...<\/p>\n\n\n\n<p><strong>(7h35min; 19,4kms) Picauv\u00e9 (1.440m).<\/strong> Here, an information panel explains the defensive organisation of the Pyrenees that Franco's government set up in this sector after the Second World War. We continue along the PR 2.12 (white and yellow), facing a steep descent to the track that leads to the...<\/p>\n\n\n\n<p><strong>(7h50min; 20,3kms) Coll de Ladrones (1.335m)<\/strong>.<\/p>\n\n\n\n<hr class=\"wp-block-separator\"\/>\n\n\n\n<h3 class=\"wp-block-heading\"><strong>NEARBY YOU MAY BE INTERESTED IN<\/strong><\/h3>\n\n\n\n<div class=\"wp-block-media-text alignwide is-stacked-on-mobile\" style=\"grid-template-columns:29% auto\"><figure class=\"wp-block-media-text__media\"><img loading=\"lazy\" decoding=\"async\" width=\"1024\" height=\"768\" src=\"https:\/\/travesiapirenaica.com\/wp-content\/uploads\/2019\/07\/bozo-garganta.jpg\" alt=\"\" class=\"wp-image-29330 size-full\" srcset=\"https:\/\/travesiapirenaica.com\/wp-content\/uploads\/2019\/07\/bozo-garganta.jpg 1024w, https:\/\/travesiapirenaica.com\/wp-content\/uploads\/2019\/07\/bozo-garganta-300x225.jpg 300w, https:\/\/travesiapirenaica.com\/wp-content\/uploads\/2019\/07\/bozo-garganta-768x576.jpg 768w, https:\/\/travesiapirenaica.com\/wp-content\/uploads\/2019\/07\/bozo-garganta-150x113.jpg 150w, https:\/\/travesiapirenaica.com\/wp-content\/uploads\/2019\/07\/bozo-garganta-696x522.jpg 696w, https:\/\/travesiapirenaica.com\/wp-content\/uploads\/2019\/07\/bozo-garganta-560x420.jpg 560w, https:\/\/travesiapirenaica.com\/wp-content\/uploads\/2019\/07\/bozo-garganta-80x60.jpg 80w, https:\/\/travesiapirenaica.com\/wp-content\/uploads\/2019\/07\/bozo-garganta-265x198.jpg 265w, https:\/\/travesiapirenaica.com\/wp-content\/uploads\/2019\/07\/bozo-garganta-600x450.jpg 600w\" sizes=\"auto, (max-width: 1024px) 100vw, 1024px\" \/><\/figure><div class=\"wp-block-media-text__content\">\n<a href=\"https:\/\/travesiapirenaica.com\/en\/full-throat-bozo-aisa\/\"><strong>Llena de la Garganta (2,599) and Llena del Bozo (2,566m) from the A\u00edsa valley.<\/strong><\/a><p>Circular route from the Cleta car park, in the A\u00edsa valley.<br><i>(13.6kms; 1400m; 6-7 hours; F+ climbing)<\/i><\/p>\n\n\n\n<p><\/p>\n<\/div><\/div>\n\n\n\n<hr class=\"wp-block-separator\"\/>\n\n\n\n<div class=\"wp-block-media-text alignwide is-stacked-on-mobile\" style=\"grid-template-columns:29% auto\"><figure class=\"wp-block-media-text__media\"><img loading=\"lazy\" decoding=\"async\" width=\"1024\" height=\"768\" src=\"https:\/\/travesiapirenaica.com\/wp-content\/uploads\/2018\/07\/acumuer-retona-puertorico-pabellon-petruso.jpg\" alt=\"\" class=\"wp-image-26190 size-full\" srcset=\"https:\/\/travesiapirenaica.com\/wp-content\/uploads\/2018\/07\/acumuer-retona-puertorico-pabellon-petruso.jpg 1024w, https:\/\/travesiapirenaica.com\/wp-content\/uploads\/2018\/07\/acumuer-retona-puertorico-pabellon-petruso-300x225.jpg 300w, https:\/\/travesiapirenaica.com\/wp-content\/uploads\/2018\/07\/acumuer-retona-puertorico-pabellon-petruso-768x576.jpg 768w, https:\/\/travesiapirenaica.com\/wp-content\/uploads\/2018\/07\/acumuer-retona-puertorico-pabellon-petruso-150x113.jpg 150w, https:\/\/travesiapirenaica.com\/wp-content\/uploads\/2018\/07\/acumuer-retona-puertorico-pabellon-petruso-696x522.jpg 696w, https:\/\/travesiapirenaica.com\/wp-content\/uploads\/2018\/07\/acumuer-retona-puertorico-pabellon-petruso-560x420.jpg 560w, https:\/\/travesiapirenaica.com\/wp-content\/uploads\/2018\/07\/acumuer-retona-puertorico-pabellon-petruso-80x60.jpg 80w, https:\/\/travesiapirenaica.com\/wp-content\/uploads\/2018\/07\/acumuer-retona-puertorico-pabellon-petruso-265x198.jpg 265w, https:\/\/travesiapirenaica.com\/wp-content\/uploads\/2018\/07\/acumuer-retona-puertorico-pabellon-petruso-600x450.jpg 600w\" sizes=\"auto, (max-width: 1024px) 100vw, 1024px\" \/><\/figure><div class=\"wp-block-media-text__content\">\n<a href=\"https:\/\/travesiapirenaica.com\/en\/retona-acumuer\/\"><strong>Pe\u00f1a Retona (2.770m), Puerto Rico (2.753m), Pabell\u00f3n (2.707m), Petruso (2.198m) and Punta d'Ic\u00fan (2.141m) from Acumuer<\/strong><\/a><p>Circular route, very long and very steep, to the westernmost peaks of the Sierra de Partacua.<br><i>(26,3kms; 2500m; 13 hours)<\/i><\/p>\n\n\n\n<p><\/p>\n<\/div><\/div>","protected":false},"excerpt":{"rendered":"Circular ascent of the Pala de Ip, peak of La Tronquera and La Moleta from the col de Ladrones. Distance: 20.3kms; Elevation gain: 1,840m; Time: 9-10 hours; Difficulty: uncomfortable runner with grade II steps.","protected":false},"author":3,"featured_media":29391,"comment_status":"closed","ping_status":"closed","sticky":false,"template":"","format":"standard","meta":{"_kad_blocks_custom_css":"","_kad_blocks_head_custom_js":"","_kad_blocks_body_custom_js":"","_kad_blocks_footer_custom_js":"","episode_type":"audio","audio_file":"","podmotor_file_id":"","podmotor_episode_id":"","cover_image":"","cover_image_id":"","duration":"","filesize":"","filesize_raw":"","date_recorded":"","explicit":"","block":"","_kad_post_transparent":"","_kad_post_title":"","_kad_post_layout":"","_kad_post_sidebar_id":"","_kad_post_content_style":"","_kad_post_vertical_padding":"","_kad_post_feature":"","_kad_post_feature_position":"","_kad_post_header":false,"_kad_post_footer":false,"_kad_post_classname":"","_jetpack_memberships_contains_paid_content":false,"footnotes":""},"categories":[5],"tags":[],"series":[],"class_list":["post-29373","post","type-post","status-publish","format-standard","has-post-thumbnail","hentry","category-pirineos"],"episode_featured_image":"https:\/\/travesiapirenaica.com\/wp-content\/uploads\/2021\/07\/10_pala_ip.jpg","episode_player_image":"https:\/\/travesiapirenaica.com\/wp-content\/uploads\/2017\/12\/Caratula-Podcast-Maldita-Montana_1500x1500_72pp-p_.jpg","download_link":"","player_link":"","audio_player":false,"episode_data":{"playerMode":"dark","subscribeUrls":[],"rssFeedUrl":"https:\/\/travesiapirenaica.com\/en\/feed\/podcast\/maldita-montana","embedCode":"<blockquote class=\"wp-embedded-content\" data-secret=\"PBYlxr0rm8\"><a href=\"https:\/\/travesiapirenaica.com\/en\/pala-ip-moleta\/\">Pala de Ip (2.783m) y La Moleta (2.570m) desde el coll de Ladrones.<\/a><\/blockquote><iframe sandbox=\"allow-scripts\" security=\"restricted\" src=\"https:\/\/travesiapirenaica.com\/en\/pala-ip-moleta\/embed\/#?secret=PBYlxr0rm8\" width=\"500\" height=\"350\" title=\"&#8220;Pala de Ip (2.783m) y La Moleta (2.570m) desde el coll de Ladrones.&#8221; &#8212; Traves\u00eda.\" data-secret=\"PBYlxr0rm8\" frameborder=\"0\" marginwidth=\"0\" marginheight=\"0\" scrolling=\"no\" class=\"wp-embedded-content\"><\/iframe><script>\n\/*! This file is auto-generated *\/\n!function(d,l){\"use strict\";l.querySelector&&d.addEventListener&&\"undefined\"!=typeof URL&&(d.wp=d.wp||{},d.wp.receiveEmbedMessage||(d.wp.receiveEmbedMessage=function(e){var t=e.data;if((t||t.secret||t.message||t.value)&&!\/[^a-zA-Z0-9]\/.test(t.secret)){for(var s,r,n,a=l.querySelectorAll('iframe[data-secret=\"'+t.secret+'\"]'),o=l.querySelectorAll('blockquote[data-secret=\"'+t.secret+'\"]'),c=new RegExp(\"^https?:$\",\"i\"),i=0;i<o.length;i++)o[i].style.display=\"none\";for(i=0;i<a.length;i++)s=a[i],e.source===s.contentWindow&&(s.removeAttribute(\"style\"),\"height\"===t.message?(1e3<(r=parseInt(t.value,10))?r=1e3:~~r<200&&(r=200),s.height=r):\"link\"===t.message&&(r=new URL(s.getAttribute(\"src\")),n=new URL(t.value),c.test(n.protocol))&&n.host===r.host&&l.activeElement===s&&(d.top.location.href=t.value))}},d.addEventListener(\"message\",d.wp.receiveEmbedMessage,!1),l.addEventListener(\"DOMContentLoaded\",function(){for(var e,t,s=l.querySelectorAll(\"iframe.wp-embedded-content\"),r=0;r<s.length;r++)(t=(e=s[r]).getAttribute(\"data-secret\"))||(t=Math.random().toString(36).substring(2,12),e.src+=\"#?secret=\"+t,e.setAttribute(\"data-secret\",t)),e.contentWindow.postMessage({message:\"ready\",secret:t},\"*\")},!1)))}(window,document);\n\/\/# sourceURL=https:\/\/travesiapirenaica.com\/wp-includes\/js\/wp-embed.min.js\n<\/script>\n"},"taxonomy_info":{"category":[{"value":5,"label":"Pirineos"}]},"featured_image_src_large":["https:\/\/travesiapirenaica.com\/wp-content\/uploads\/2021\/07\/10_pala_ip.jpg",1024,768,false],"author_info":{"display_name":"Enrique L\u00f3pez Mondrag\u00f3n","author_link":"https:\/\/travesiapirenaica.com\/en\/author\/kike8611\/"},"comment_info":0,"category_info":[{"term_id":5,"name":"Pirineos","slug":"pirineos","term_group":0,"term_taxonomy_id":5,"taxonomy":"category","description":"","parent":0,"count":241,"filter":"raw","cat_ID":5,"category_count":241,"category_description":"","cat_name":"Pirineos","category_nicename":"pirineos","category_parent":0}],"tag_info":false,"jetpack_featured_media_url":"https:\/\/travesiapirenaica.com\/wp-content\/uploads\/2021\/07\/10_pala_ip.jpg","jetpack_sharing_enabled":true,"_links":{"self":[{"href":"https:\/\/travesiapirenaica.com\/en\/wp-json\/wp\/v2\/posts\/29373","targetHints":{"allow":["GET"]}}],"collection":[{"href":"https:\/\/travesiapirenaica.com\/en\/wp-json\/wp\/v2\/posts"}],"about":[{"href":"https:\/\/travesiapirenaica.com\/en\/wp-json\/wp\/v2\/types\/post"}],"author":[{"embeddable":true,"href":"https:\/\/travesiapirenaica.com\/en\/wp-json\/wp\/v2\/users\/3"}],"replies":[{"embeddable":true,"href":"https:\/\/travesiapirenaica.com\/en\/wp-json\/wp\/v2\/comments?post=29373"}],"version-history":[{"count":0,"href":"https:\/\/travesiapirenaica.com\/en\/wp-json\/wp\/v2\/posts\/29373\/revisions"}],"wp:featuredmedia":[{"embeddable":true,"href":"https:\/\/travesiapirenaica.com\/en\/wp-json\/wp\/v2\/media\/29391"}],"wp:attachment":[{"href":"https:\/\/travesiapirenaica.com\/en\/wp-json\/wp\/v2\/media?parent=29373"}],"wp:term":[{"taxonomy":"category","embeddable":true,"href":"https:\/\/travesiapirenaica.com\/en\/wp-json\/wp\/v2\/categories?post=29373"},{"taxonomy":"post_tag","embeddable":true,"href":"https:\/\/travesiapirenaica.com\/en\/wp-json\/wp\/v2\/tags?post=29373"},{"taxonomy":"series","embeddable":true,"href":"https:\/\/travesiapirenaica.com\/en\/wp-json\/wp\/v2\/series?post=29373"}],"curies":[{"name":"wp","href":"https:\/\/api.w.org\/{rel}","templated":true}]}}