{"id":30489,"date":"2021-11-02T10:07:29","date_gmt":"2021-11-02T09:07:29","guid":{"rendered":"https:\/\/travesiapirenaica.com\/?p=30489"},"modified":"2025-06-13T09:38:30","modified_gmt":"2025-06-13T07:38:30","slug":"aneto-senarta-renclusa-return","status":"publish","type":"post","link":"https:\/\/travesiapirenaica.com\/en\/vuelta-aneto-senarta-renclusa\/","title":{"rendered":"Tour of the Aneto. Stage 1: Plan de Senarta - La Renclusa Refuge"},"content":{"rendered":"<div class=\"has-background\" style=\"background-color:#eeeeee\"><p><a href=\"https:\/\/travesiapirenaica.com\/en\/aneto-lap\/\"><strong>ROUND THE ANETO &gt;&gt;<\/strong><\/a><ul><li><a href=\"https:\/\/travesiapirenaica.com\/en\/aneto-senarta-renclusa-return\/\"><strong><em>Stage 1: Plan de Senarta - La Renclusa Hut<\/em><\/strong><\/a><\/li><li><a href=\"https:\/\/travesiapirenaica.com\/en\/renclusa-llauset-aneto-return\/\"><strong><em>Stage 2: La Renclusa Refuge - Cap de Llauset Refuge<\/em><\/strong><\/a><\/li><li><a href=\"https:\/\/travesiapirenaica.com\/en\/llauset-llauset-aneto-senarta\/\"><strong><em>Stage 3: Cap de Llauset Hut - Senarta Plan<\/em><\/strong><\/a><\/li><\/ul><\/p><\/div>\n\n\n\n<h2 class=\"wp-block-heading\">SUMMARY:<\/h2>\n\n\n\n<p>An easy stage that runs through the headwaters of the Benasque valley. At first the path runs placidly, following the course of the river \u00c9sera, through a beautiful mixed forest of firs, boxwoods, hazelnut trees and other species. Then, after climbing up to the Ba\u00f1os de Benasque and descending to the Llanos del Hospital, the forest gives way to an area of completely flat meadows. What was once the basin of an enormous glacier, nowadays cornered in the highest part.<\/p>\n\n\n\n<iframe loading=\"lazy\" src=\"https:\/\/travesiapirenaica.com\/rutas\/rutas2.php?&amp;ruta=senarta-renclusa\" allow=\"fullscreen\" width=\"100%\" height=\"400\"><\/iframe>\n\n\n\n<figure class=\"wp-block-image size-full\"><img loading=\"lazy\" decoding=\"async\" width=\"738\" height=\"533\" src=\"https:\/\/travesiapirenaica.com\/wp-content\/uploads\/2021\/11\/perfil_senarta-renclusa.jpg\" alt=\"\" class=\"wp-image-30646\" srcset=\"https:\/\/travesiapirenaica.com\/wp-content\/uploads\/2021\/11\/perfil_senarta-renclusa.jpg 738w, https:\/\/travesiapirenaica.com\/wp-content\/uploads\/2021\/11\/perfil_senarta-renclusa-300x217.jpg 300w, https:\/\/travesiapirenaica.com\/wp-content\/uploads\/2021\/11\/perfil_senarta-renclusa-150x108.jpg 150w, https:\/\/travesiapirenaica.com\/wp-content\/uploads\/2021\/11\/perfil_senarta-renclusa-696x503.jpg 696w, https:\/\/travesiapirenaica.com\/wp-content\/uploads\/2021\/11\/perfil_senarta-renclusa-582x420.jpg 582w, https:\/\/travesiapirenaica.com\/wp-content\/uploads\/2021\/11\/perfil_senarta-renclusa-324x235.jpg 324w, https:\/\/travesiapirenaica.com\/wp-content\/uploads\/2021\/11\/perfil_senarta-renclusa-600x433.jpg 600w\" sizes=\"auto, (max-width: 738px) 100vw, 738px\" \/><\/figure>\n\n\n\n<h2 class=\"wp-block-heading\">DOWNLOADABLE:<\/h2>\n\n\n\n<div class=\"wp-block-buttons is-layout-flex wp-block-buttons-is-layout-flex\">\n<div class=\"wp-block-button\"><a class=\"wp-block-button__link wp-element-button\" href=\"https:\/\/travesiapirenaica.com\/en\/product\/tracks-around-the-aneto\/\">Download Track \ud83d\udce5<\/a><\/div>\n<\/div>\n\n\n\n<div class=\"has-background\" style=\"background-color:#eeeeee\"><h3>Technical specifications:<\/h3><p><strong><u>Distance:<\/u><\/strong> 13,2kms.<br><strong><u>Cumulative difference in altitude:<\/u> +<\/strong>884m \/-111m<br><strong><u>Timetable:<\/u><\/strong> about 6.5 hours. Walking time <u>non-stop:<\/u> 4h30min.<br><strong><u>Difficulty:<\/u><\/strong> easy stage. Well signposted.<br><strong><u>Water:<\/u><\/strong> Although you will pass several streams along the stage, you will have to be careful due to the presence of livestock. You will also pass some of the springs indicated in the description and a couple of bars in Ba\u00f1os de Benasque and La Besurta.<\/p><\/div>\n\n\n\n<h2 class=\"wp-block-heading\">ITINERARY<\/h2>\n\n\n\n<p><strong>(0h00min; 0,0kms) Plan de Senarta (1.362m).<\/strong> Parking.<\/p>\n\n\n\n<figure class=\"wp-block-image size-full\"><img loading=\"lazy\" decoding=\"async\" width=\"960\" height=\"640\" src=\"https:\/\/travesiapirenaica.com\/wp-content\/uploads\/2021\/11\/1-vuelta_aneto_01.jpg\" alt=\"\" class=\"wp-image-30503\" srcset=\"https:\/\/travesiapirenaica.com\/wp-content\/uploads\/2021\/11\/1-vuelta_aneto_01.jpg 960w, https:\/\/travesiapirenaica.com\/wp-content\/uploads\/2021\/11\/1-vuelta_aneto_01-300x200.jpg 300w, https:\/\/travesiapirenaica.com\/wp-content\/uploads\/2021\/11\/1-vuelta_aneto_01-768x512.jpg 768w, https:\/\/travesiapirenaica.com\/wp-content\/uploads\/2021\/11\/1-vuelta_aneto_01-150x100.jpg 150w, https:\/\/travesiapirenaica.com\/wp-content\/uploads\/2021\/11\/1-vuelta_aneto_01-696x464.jpg 696w, https:\/\/travesiapirenaica.com\/wp-content\/uploads\/2021\/11\/1-vuelta_aneto_01-630x420.jpg 630w, https:\/\/travesiapirenaica.com\/wp-content\/uploads\/2021\/11\/1-vuelta_aneto_01-600x400.jpg 600w\" sizes=\"auto, (max-width: 960px) 100vw, 960px\" \/><figcaption class=\"wp-element-caption\">Senarta Plan<\/figcaption><\/figure>\n\n\n\n<p>Continue along the track up the valley. After 200m you pass a crossroads (right). The track enters a mixed forest of fir, box, hazel, birch and other species.<\/p>\n\n\n\n<figure class=\"wp-block-image size-full\"><img loading=\"lazy\" decoding=\"async\" width=\"960\" height=\"640\" src=\"https:\/\/travesiapirenaica.com\/wp-content\/uploads\/2021\/11\/1-vuelta_aneto_02.jpg\" alt=\"\" class=\"wp-image-30504\" srcset=\"https:\/\/travesiapirenaica.com\/wp-content\/uploads\/2021\/11\/1-vuelta_aneto_02.jpg 960w, https:\/\/travesiapirenaica.com\/wp-content\/uploads\/2021\/11\/1-vuelta_aneto_02-300x200.jpg 300w, https:\/\/travesiapirenaica.com\/wp-content\/uploads\/2021\/11\/1-vuelta_aneto_02-768x512.jpg 768w, https:\/\/travesiapirenaica.com\/wp-content\/uploads\/2021\/11\/1-vuelta_aneto_02-150x100.jpg 150w, https:\/\/travesiapirenaica.com\/wp-content\/uploads\/2021\/11\/1-vuelta_aneto_02-696x464.jpg 696w, https:\/\/travesiapirenaica.com\/wp-content\/uploads\/2021\/11\/1-vuelta_aneto_02-630x420.jpg 630w, https:\/\/travesiapirenaica.com\/wp-content\/uploads\/2021\/11\/1-vuelta_aneto_02-600x400.jpg 600w\" sizes=\"auto, (max-width: 960px) 100vw, 960px\" \/><figcaption class=\"wp-element-caption\">Benasque Valley. In the background the Mail Pintrar (2.851m).<\/figcaption><\/figure>\n\n\n\n<figure class=\"wp-block-image size-large\"><img loading=\"lazy\" decoding=\"async\" width=\"1024\" height=\"683\" src=\"https:\/\/travesiapirenaica.com\/wp-content\/uploads\/2021\/11\/1-vuelta_aneto_03-1024x683.jpg\" alt=\"\" class=\"wp-image-30505\" srcset=\"https:\/\/travesiapirenaica.com\/wp-content\/uploads\/2021\/11\/1-vuelta_aneto_03-1024x683.jpg 1024w, https:\/\/travesiapirenaica.com\/wp-content\/uploads\/2021\/11\/1-vuelta_aneto_03-300x200.jpg 300w, https:\/\/travesiapirenaica.com\/wp-content\/uploads\/2021\/11\/1-vuelta_aneto_03-768x512.jpg 768w, https:\/\/travesiapirenaica.com\/wp-content\/uploads\/2021\/11\/1-vuelta_aneto_03-1536x1024.jpg 1536w, https:\/\/travesiapirenaica.com\/wp-content\/uploads\/2021\/11\/1-vuelta_aneto_03-2048x1366.jpg 2048w, https:\/\/travesiapirenaica.com\/wp-content\/uploads\/2021\/11\/1-vuelta_aneto_03-150x100.jpg 150w, https:\/\/travesiapirenaica.com\/wp-content\/uploads\/2021\/11\/1-vuelta_aneto_03-696x464.jpg 696w, https:\/\/travesiapirenaica.com\/wp-content\/uploads\/2021\/11\/1-vuelta_aneto_03-1068x712.jpg 1068w, https:\/\/travesiapirenaica.com\/wp-content\/uploads\/2021\/11\/1-vuelta_aneto_03-1920x1280.jpg 1920w, https:\/\/travesiapirenaica.com\/wp-content\/uploads\/2021\/11\/1-vuelta_aneto_03-630x420.jpg 630w, https:\/\/travesiapirenaica.com\/wp-content\/uploads\/2021\/11\/1-vuelta_aneto_03-600x400.jpg 600w\" sizes=\"auto, (max-width: 1024px) 100vw, 1024px\" \/><figcaption class=\"wp-element-caption\">Benasque Valley downwards.<\/figcaption><\/figure>\n\n\n\n<figure class=\"wp-block-image size-full\"><img loading=\"lazy\" decoding=\"async\" width=\"960\" height=\"640\" src=\"https:\/\/travesiapirenaica.com\/wp-content\/uploads\/2021\/11\/1-vuelta_aneto_04-1.jpg\" alt=\"\" class=\"wp-image-30506\" srcset=\"https:\/\/travesiapirenaica.com\/wp-content\/uploads\/2021\/11\/1-vuelta_aneto_04-1.jpg 960w, https:\/\/travesiapirenaica.com\/wp-content\/uploads\/2021\/11\/1-vuelta_aneto_04-1-300x200.jpg 300w, https:\/\/travesiapirenaica.com\/wp-content\/uploads\/2021\/11\/1-vuelta_aneto_04-1-768x512.jpg 768w, https:\/\/travesiapirenaica.com\/wp-content\/uploads\/2021\/11\/1-vuelta_aneto_04-1-150x100.jpg 150w, https:\/\/travesiapirenaica.com\/wp-content\/uploads\/2021\/11\/1-vuelta_aneto_04-1-696x464.jpg 696w, https:\/\/travesiapirenaica.com\/wp-content\/uploads\/2021\/11\/1-vuelta_aneto_04-1-630x420.jpg 630w, https:\/\/travesiapirenaica.com\/wp-content\/uploads\/2021\/11\/1-vuelta_aneto_04-1-600x400.jpg 600w\" sizes=\"auto, (max-width: 960px) 100vw, 960px\" \/><figcaption class=\"wp-element-caption\">Autumn colours in the Benasque valley.<\/figcaption><\/figure>\n\n\n\n<p>Shortly before the entrance to the Creg\u00fce\u00f1a valley, bridge and path to the lake (3h30min), we pass the fountain of San Farr\u00e9.<\/p>\n\n\n\n<p><strong>(0h45min; 2.2kms) Bridge of Creg\u00fce\u00f1a (1.465m).<\/strong> The track continues along the right bank to the Puente de los Ba\u00f1os (13 minutes). Without crossing the bridge, following the river, you reach a free refuge and a fountain. Cross the bridge and continue along the ascending path until you reach the road to the Ba\u00f1os de Benasque. On the way you will cross a couple of streams.<\/p>\n\n\n\n<figure class=\"wp-block-image size-full\"><img loading=\"lazy\" decoding=\"async\" width=\"960\" height=\"640\" src=\"https:\/\/travesiapirenaica.com\/wp-content\/uploads\/2021\/11\/gr11_21v2_05.jpg\" alt=\"\" class=\"wp-image-30509\" srcset=\"https:\/\/travesiapirenaica.com\/wp-content\/uploads\/2021\/11\/gr11_21v2_05.jpg 960w, https:\/\/travesiapirenaica.com\/wp-content\/uploads\/2021\/11\/gr11_21v2_05-300x200.jpg 300w, https:\/\/travesiapirenaica.com\/wp-content\/uploads\/2021\/11\/gr11_21v2_05-768x512.jpg 768w, https:\/\/travesiapirenaica.com\/wp-content\/uploads\/2021\/11\/gr11_21v2_05-150x100.jpg 150w, https:\/\/travesiapirenaica.com\/wp-content\/uploads\/2021\/11\/gr11_21v2_05-696x464.jpg 696w, https:\/\/travesiapirenaica.com\/wp-content\/uploads\/2021\/11\/gr11_21v2_05-630x420.jpg 630w, https:\/\/travesiapirenaica.com\/wp-content\/uploads\/2021\/11\/gr11_21v2_05-600x400.jpg 600w\" sizes=\"auto, (max-width: 960px) 100vw, 960px\" \/><figcaption class=\"wp-element-caption\">Going up to the Benasque Baths.<\/figcaption><\/figure>\n\n\n\n<p>Continue along the road to the...<\/p>\n\n\n\n<p><strong>(1h20min; 4.0kms) Ba\u00f1os de Benasque (1.660m).<\/strong><\/p>\n\n\n\n<figure class=\"wp-block-image size-full\"><img loading=\"lazy\" decoding=\"async\" width=\"960\" height=\"640\" src=\"https:\/\/travesiapirenaica.com\/wp-content\/uploads\/2021\/11\/gr11_21v2_06.jpg\" alt=\"\" class=\"wp-image-30510\" srcset=\"https:\/\/travesiapirenaica.com\/wp-content\/uploads\/2021\/11\/gr11_21v2_06.jpg 960w, https:\/\/travesiapirenaica.com\/wp-content\/uploads\/2021\/11\/gr11_21v2_06-300x200.jpg 300w, https:\/\/travesiapirenaica.com\/wp-content\/uploads\/2021\/11\/gr11_21v2_06-768x512.jpg 768w, https:\/\/travesiapirenaica.com\/wp-content\/uploads\/2021\/11\/gr11_21v2_06-150x100.jpg 150w, https:\/\/travesiapirenaica.com\/wp-content\/uploads\/2021\/11\/gr11_21v2_06-696x464.jpg 696w, https:\/\/travesiapirenaica.com\/wp-content\/uploads\/2021\/11\/gr11_21v2_06-630x420.jpg 630w, https:\/\/travesiapirenaica.com\/wp-content\/uploads\/2021\/11\/gr11_21v2_06-600x400.jpg 600w\" sizes=\"auto, (max-width: 960px) 100vw, 960px\" \/><figcaption class=\"wp-element-caption\">Benasque Baths.<\/figcaption><\/figure>\n\n\n\n<p>Spa, hotel and bar (only in summer). Just before the baths we take a path to the left towards the Hospital de Benasque. In 8 minutes we pass the junction that goes up to the Pico de Alba and a stream that may be dry. Further on we pass another <strong>stream<\/strong> (25 minutes from Los Ba\u00f1os). We ascend a kind of hill and start the descent to the Llanos del Hospital road.<\/p>\n\n\n\n<figure class=\"wp-block-image size-full\"><img loading=\"lazy\" decoding=\"async\" width=\"960\" height=\"640\" src=\"https:\/\/travesiapirenaica.com\/wp-content\/uploads\/2021\/11\/gr11_21v2_07.jpg\" alt=\"\" class=\"wp-image-30511\" srcset=\"https:\/\/travesiapirenaica.com\/wp-content\/uploads\/2021\/11\/gr11_21v2_07.jpg 960w, https:\/\/travesiapirenaica.com\/wp-content\/uploads\/2021\/11\/gr11_21v2_07-300x200.jpg 300w, https:\/\/travesiapirenaica.com\/wp-content\/uploads\/2021\/11\/gr11_21v2_07-768x512.jpg 768w, https:\/\/travesiapirenaica.com\/wp-content\/uploads\/2021\/11\/gr11_21v2_07-150x100.jpg 150w, https:\/\/travesiapirenaica.com\/wp-content\/uploads\/2021\/11\/gr11_21v2_07-696x464.jpg 696w, https:\/\/travesiapirenaica.com\/wp-content\/uploads\/2021\/11\/gr11_21v2_07-630x420.jpg 630w, https:\/\/travesiapirenaica.com\/wp-content\/uploads\/2021\/11\/gr11_21v2_07-600x400.jpg 600w\" sizes=\"auto, (max-width: 960px) 100vw, 960px\" \/><figcaption class=\"wp-element-caption\">Vado del Hospital car park with the Tuca de Lliterola and Mail Pintrat in the background.<\/figcaption><\/figure>\n\n\n\n<p>Follow the road to the right, or go down to the river and continue along the path to the nearby...<\/p>\n\n\n\n<p><strong>(2h40min; 7.6kms) Hospital de Benasque (1.750m).<\/strong><\/p>\n\n\n\n<figure class=\"wp-block-image size-full\"><img loading=\"lazy\" decoding=\"async\" width=\"960\" height=\"640\" src=\"https:\/\/travesiapirenaica.com\/wp-content\/uploads\/2021\/11\/gr11_21v2_08.jpg\" alt=\"\" class=\"wp-image-30512\" srcset=\"https:\/\/travesiapirenaica.com\/wp-content\/uploads\/2021\/11\/gr11_21v2_08.jpg 960w, https:\/\/travesiapirenaica.com\/wp-content\/uploads\/2021\/11\/gr11_21v2_08-300x200.jpg 300w, https:\/\/travesiapirenaica.com\/wp-content\/uploads\/2021\/11\/gr11_21v2_08-768x512.jpg 768w, https:\/\/travesiapirenaica.com\/wp-content\/uploads\/2021\/11\/gr11_21v2_08-150x100.jpg 150w, https:\/\/travesiapirenaica.com\/wp-content\/uploads\/2021\/11\/gr11_21v2_08-696x464.jpg 696w, https:\/\/travesiapirenaica.com\/wp-content\/uploads\/2021\/11\/gr11_21v2_08-630x420.jpg 630w, https:\/\/travesiapirenaica.com\/wp-content\/uploads\/2021\/11\/gr11_21v2_08-600x400.jpg 600w\" sizes=\"auto, (max-width: 960px) 100vw, 960px\" \/><figcaption class=\"wp-element-caption\">Hotel Hospital de Benasque.<\/figcaption><\/figure>\n\n\n\n<p>On the left is the start of the path that takes us to La Besurta, crossing the Llanos del Hospital.<\/p>\n\n\n\n<figure class=\"wp-block-image size-full\"><img loading=\"lazy\" decoding=\"async\" width=\"960\" height=\"640\" src=\"https:\/\/travesiapirenaica.com\/wp-content\/uploads\/2021\/11\/gr11_21v2_09.jpg\" alt=\"\" class=\"wp-image-30513\" srcset=\"https:\/\/travesiapirenaica.com\/wp-content\/uploads\/2021\/11\/gr11_21v2_09.jpg 960w, https:\/\/travesiapirenaica.com\/wp-content\/uploads\/2021\/11\/gr11_21v2_09-300x200.jpg 300w, https:\/\/travesiapirenaica.com\/wp-content\/uploads\/2021\/11\/gr11_21v2_09-768x512.jpg 768w, https:\/\/travesiapirenaica.com\/wp-content\/uploads\/2021\/11\/gr11_21v2_09-150x100.jpg 150w, https:\/\/travesiapirenaica.com\/wp-content\/uploads\/2021\/11\/gr11_21v2_09-696x464.jpg 696w, https:\/\/travesiapirenaica.com\/wp-content\/uploads\/2021\/11\/gr11_21v2_09-630x420.jpg 630w, https:\/\/travesiapirenaica.com\/wp-content\/uploads\/2021\/11\/gr11_21v2_09-600x400.jpg 600w\" sizes=\"auto, (max-width: 960px) 100vw, 960px\" \/><figcaption class=\"wp-element-caption\">Llanos del Hospital.<\/figcaption><\/figure>\n\n\n\n<p>Half a kilometre further we cross a <strong>stream<\/strong> over a lever (small wooden bridge). Shortly afterwards the Portill\u00f3n de Benasque path comes out on the left. The path zigzags up to Pleta del Tormo, passes Colladeta dels Aranesos and comes out at Plan d'Estan, where it meets up with the rickety road that goes up to Besurta.<\/p>\n\n\n\n<figure class=\"wp-block-image size-full\"><img loading=\"lazy\" decoding=\"async\" width=\"960\" height=\"640\" src=\"https:\/\/travesiapirenaica.com\/wp-content\/uploads\/2021\/11\/gr11_21v2_10.jpg\" alt=\"\" class=\"wp-image-30514\" srcset=\"https:\/\/travesiapirenaica.com\/wp-content\/uploads\/2021\/11\/gr11_21v2_10.jpg 960w, https:\/\/travesiapirenaica.com\/wp-content\/uploads\/2021\/11\/gr11_21v2_10-300x200.jpg 300w, https:\/\/travesiapirenaica.com\/wp-content\/uploads\/2021\/11\/gr11_21v2_10-768x512.jpg 768w, https:\/\/travesiapirenaica.com\/wp-content\/uploads\/2021\/11\/gr11_21v2_10-150x100.jpg 150w, https:\/\/travesiapirenaica.com\/wp-content\/uploads\/2021\/11\/gr11_21v2_10-696x464.jpg 696w, https:\/\/travesiapirenaica.com\/wp-content\/uploads\/2021\/11\/gr11_21v2_10-630x420.jpg 630w, https:\/\/travesiapirenaica.com\/wp-content\/uploads\/2021\/11\/gr11_21v2_10-600x400.jpg 600w\" sizes=\"auto, (max-width: 960px) 100vw, 960px\" \/><figcaption class=\"wp-element-caption\">Colladeta del Aranesos<\/figcaption><\/figure>\n\n\n\n<figure class=\"wp-block-image size-full\"><img loading=\"lazy\" decoding=\"async\" width=\"960\" height=\"640\" src=\"https:\/\/travesiapirenaica.com\/wp-content\/uploads\/2021\/11\/gr11_21v2_11.jpg\" alt=\"\" class=\"wp-image-30515\" srcset=\"https:\/\/travesiapirenaica.com\/wp-content\/uploads\/2021\/11\/gr11_21v2_11.jpg 960w, https:\/\/travesiapirenaica.com\/wp-content\/uploads\/2021\/11\/gr11_21v2_11-300x200.jpg 300w, https:\/\/travesiapirenaica.com\/wp-content\/uploads\/2021\/11\/gr11_21v2_11-768x512.jpg 768w, https:\/\/travesiapirenaica.com\/wp-content\/uploads\/2021\/11\/gr11_21v2_11-150x100.jpg 150w, https:\/\/travesiapirenaica.com\/wp-content\/uploads\/2021\/11\/gr11_21v2_11-696x464.jpg 696w, https:\/\/travesiapirenaica.com\/wp-content\/uploads\/2021\/11\/gr11_21v2_11-630x420.jpg 630w, https:\/\/travesiapirenaica.com\/wp-content\/uploads\/2021\/11\/gr11_21v2_11-600x400.jpg 600w\" sizes=\"auto, (max-width: 960px) 100vw, 960px\" \/><figcaption class=\"wp-element-caption\">Plan d'Estan<\/figcaption><\/figure>\n\n\n\n<figure class=\"wp-block-image size-full\"><img loading=\"lazy\" decoding=\"async\" width=\"960\" height=\"640\" src=\"https:\/\/travesiapirenaica.com\/wp-content\/uploads\/2021\/11\/gr11_21v2_12.jpg\" alt=\"\" class=\"wp-image-30516\" srcset=\"https:\/\/travesiapirenaica.com\/wp-content\/uploads\/2021\/11\/gr11_21v2_12.jpg 960w, https:\/\/travesiapirenaica.com\/wp-content\/uploads\/2021\/11\/gr11_21v2_12-300x200.jpg 300w, https:\/\/travesiapirenaica.com\/wp-content\/uploads\/2021\/11\/gr11_21v2_12-768x512.jpg 768w, https:\/\/travesiapirenaica.com\/wp-content\/uploads\/2021\/11\/gr11_21v2_12-150x100.jpg 150w, https:\/\/travesiapirenaica.com\/wp-content\/uploads\/2021\/11\/gr11_21v2_12-696x464.jpg 696w, https:\/\/travesiapirenaica.com\/wp-content\/uploads\/2021\/11\/gr11_21v2_12-630x420.jpg 630w, https:\/\/travesiapirenaica.com\/wp-content\/uploads\/2021\/11\/gr11_21v2_12-600x400.jpg 600w\" sizes=\"auto, (max-width: 960px) 100vw, 960px\" \/><figcaption class=\"wp-element-caption\">In the Plan d'Estan<\/figcaption><\/figure>\n\n\n\n<p>The GR11 crosses the road and in 15 minutes you reach...<\/p>\n\n\n\n<p><strong>(3h50min; 11.5kms) La Besurta (1.897m).<\/strong> Small car park, bar and toilets. In summer there is a bus service from Benasque. We cross a small bridge over a <strong>stream<\/strong>. In 12 minutes we reach the crossroads that leads straight on to the Forau d'Aigualluts. If we are not going to spend the night at La Renclusa, we continue straight on towards the Forau d'Aigualluts. Otherwise, take the path to the right that will take you up to the Forau d'Aigualluts in half an hour...<\/p>\n\n\n\n<figure class=\"wp-block-image size-full\"><img loading=\"lazy\" decoding=\"async\" width=\"960\" height=\"640\" src=\"https:\/\/travesiapirenaica.com\/wp-content\/uploads\/2021\/11\/gr11_21v2_13.jpg\" alt=\"\" class=\"wp-image-30517\" srcset=\"https:\/\/travesiapirenaica.com\/wp-content\/uploads\/2021\/11\/gr11_21v2_13.jpg 960w, https:\/\/travesiapirenaica.com\/wp-content\/uploads\/2021\/11\/gr11_21v2_13-300x200.jpg 300w, https:\/\/travesiapirenaica.com\/wp-content\/uploads\/2021\/11\/gr11_21v2_13-768x512.jpg 768w, https:\/\/travesiapirenaica.com\/wp-content\/uploads\/2021\/11\/gr11_21v2_13-150x100.jpg 150w, https:\/\/travesiapirenaica.com\/wp-content\/uploads\/2021\/11\/gr11_21v2_13-696x464.jpg 696w, https:\/\/travesiapirenaica.com\/wp-content\/uploads\/2021\/11\/gr11_21v2_13-630x420.jpg 630w, https:\/\/travesiapirenaica.com\/wp-content\/uploads\/2021\/11\/gr11_21v2_13-600x400.jpg 600w\" sizes=\"auto, (max-width: 960px) 100vw, 960px\" \/><figcaption class=\"wp-element-caption\">Climbing to the Renclusa mountain hut.<\/figcaption><\/figure>\n\n\n\n<p><strong>(4h30min; 13.2kms) Renclusa Hut (2,140m).<\/strong><\/p>\n\n\n\n<figure class=\"wp-block-image size-full\"><img loading=\"lazy\" decoding=\"async\" width=\"960\" height=\"640\" src=\"https:\/\/travesiapirenaica.com\/wp-content\/uploads\/2021\/11\/1-vuelta_aneto_14.jpg\" alt=\"\" class=\"wp-image-30518\" srcset=\"https:\/\/travesiapirenaica.com\/wp-content\/uploads\/2021\/11\/1-vuelta_aneto_14.jpg 960w, https:\/\/travesiapirenaica.com\/wp-content\/uploads\/2021\/11\/1-vuelta_aneto_14-300x200.jpg 300w, https:\/\/travesiapirenaica.com\/wp-content\/uploads\/2021\/11\/1-vuelta_aneto_14-768x512.jpg 768w, https:\/\/travesiapirenaica.com\/wp-content\/uploads\/2021\/11\/1-vuelta_aneto_14-150x100.jpg 150w, https:\/\/travesiapirenaica.com\/wp-content\/uploads\/2021\/11\/1-vuelta_aneto_14-696x464.jpg 696w, https:\/\/travesiapirenaica.com\/wp-content\/uploads\/2021\/11\/1-vuelta_aneto_14-630x420.jpg 630w, https:\/\/travesiapirenaica.com\/wp-content\/uploads\/2021\/11\/1-vuelta_aneto_14-600x400.jpg 600w\" sizes=\"auto, (max-width: 960px) 100vw, 960px\" \/><figcaption class=\"wp-element-caption\">La Renclusa Refuge.<\/figcaption><\/figure>","protected":false},"excerpt":{"rendered":"First of the 3 stages of the circular trek of the Aneto. Distance: 13,2kms; Altitude: +884m\/-111m; Time: 6h30min (4h30min without stops).","protected":false},"author":1,"featured_media":30446,"comment_status":"closed","ping_status":"closed","sticky":false,"template":"","format":"standard","meta":{"_kad_blocks_custom_css":"","_kad_blocks_head_custom_js":"","_kad_blocks_body_custom_js":"","_kad_blocks_footer_custom_js":"","episode_type":"audio","audio_file":"","podmotor_file_id":"","podmotor_episode_id":"","cover_image":"","cover_image_id":"","duration":"","filesize":"","filesize_raw":"","date_recorded":"","explicit":"","block":"","_kad_post_transparent":"","_kad_post_title":"","_kad_post_layout":"","_kad_post_sidebar_id":"","_kad_post_content_style":"","_kad_post_vertical_padding":"","_kad_post_feature":"","_kad_post_feature_position":"","_kad_post_header":false,"_kad_post_footer":false,"_kad_post_classname":"","_jetpack_memberships_contains_paid_content":false,"footnotes":""},"categories":[5,2923],"tags":[2745],"series":[],"class_list":["post-30489","post","type-post","status-publish","format-standard","has-post-thumbnail","hentry","category-pirineos","category-trekking-pirineos","tag-aneto"],"episode_featured_image":"https:\/\/travesiapirenaica.com\/wp-content\/uploads\/2021\/10\/Plan-Estan.jpg","episode_player_image":"https:\/\/travesiapirenaica.com\/wp-content\/uploads\/2017\/12\/Caratula-Podcast-Maldita-Montana_1500x1500_72pp-p_.jpg","download_link":"","player_link":"","audio_player":false,"episode_data":{"playerMode":"dark","subscribeUrls":[],"rssFeedUrl":"https:\/\/travesiapirenaica.com\/en\/feed\/podcast\/maldita-montana","embedCode":"<blockquote class=\"wp-embedded-content\" data-secret=\"MVqVqF4ho9\"><a href=\"https:\/\/travesiapirenaica.com\/en\/vuelta-aneto-senarta-renclusa\/\">Vuelta al Aneto. Etapa 1: Plan de Senarta &#8211; Refugio de la Renclusa<\/a><\/blockquote><iframe sandbox=\"allow-scripts\" security=\"restricted\" src=\"https:\/\/travesiapirenaica.com\/en\/vuelta-aneto-senarta-renclusa\/embed\/#?secret=MVqVqF4ho9\" width=\"500\" height=\"350\" title=\"&#8220;Vuelta al Aneto. Etapa 1: Plan de Senarta &#8211; Refugio de la Renclusa&#8221; &#8212; Traves\u00eda.\" data-secret=\"MVqVqF4ho9\" frameborder=\"0\" marginwidth=\"0\" marginheight=\"0\" scrolling=\"no\" class=\"wp-embedded-content\"><\/iframe><script>\n\/*! This file is auto-generated *\/\n!function(d,l){\"use strict\";l.querySelector&&d.addEventListener&&\"undefined\"!=typeof URL&&(d.wp=d.wp||{},d.wp.receiveEmbedMessage||(d.wp.receiveEmbedMessage=function(e){var t=e.data;if((t||t.secret||t.message||t.value)&&!\/[^a-zA-Z0-9]\/.test(t.secret)){for(var s,r,n,a=l.querySelectorAll('iframe[data-secret=\"'+t.secret+'\"]'),o=l.querySelectorAll('blockquote[data-secret=\"'+t.secret+'\"]'),c=new RegExp(\"^https?:$\",\"i\"),i=0;i<o.length;i++)o[i].style.display=\"none\";for(i=0;i<a.length;i++)s=a[i],e.source===s.contentWindow&&(s.removeAttribute(\"style\"),\"height\"===t.message?(1e3<(r=parseInt(t.value,10))?r=1e3:~~r<200&&(r=200),s.height=r):\"link\"===t.message&&(r=new URL(s.getAttribute(\"src\")),n=new URL(t.value),c.test(n.protocol))&&n.host===r.host&&l.activeElement===s&&(d.top.location.href=t.value))}},d.addEventListener(\"message\",d.wp.receiveEmbedMessage,!1),l.addEventListener(\"DOMContentLoaded\",function(){for(var e,t,s=l.querySelectorAll(\"iframe.wp-embedded-content\"),r=0;r<s.length;r++)(t=(e=s[r]).getAttribute(\"data-secret\"))||(t=Math.random().toString(36).substring(2,12),e.src+=\"#?secret=\"+t,e.setAttribute(\"data-secret\",t)),e.contentWindow.postMessage({message:\"ready\",secret:t},\"*\")},!1)))}(window,document);\n\/\/# sourceURL=https:\/\/travesiapirenaica.com\/wp-includes\/js\/wp-embed.min.js\n<\/script>\n"},"taxonomy_info":{"category":[{"value":5,"label":"Pirineos"},{"value":2923,"label":"Trekking"}],"post_tag":[{"value":2745,"label":"Aneto"}]},"featured_image_src_large":["https:\/\/travesiapirenaica.com\/wp-content\/uploads\/2021\/10\/Plan-Estan.jpg",1024,768,false],"author_info":{"display_name":"Traves\u00eda Pirenaica","author_link":"https:\/\/travesiapirenaica.com\/en\/author\/travesia-pirenaica\/"},"comment_info":0,"category_info":[{"term_id":5,"name":"Pirineos","slug":"pirineos","term_group":0,"term_taxonomy_id":5,"taxonomy":"category","description":"","parent":0,"count":241,"filter":"raw","cat_ID":5,"category_count":241,"category_description":"","cat_name":"Pirineos","category_nicename":"pirineos","category_parent":0},{"term_id":2923,"name":"Trekking","slug":"trekking-pirineos","term_group":0,"term_taxonomy_id":2939,"taxonomy":"category","description":"Trekking en los Pirineos","parent":5,"count":7,"filter":"raw","cat_ID":2923,"category_count":7,"category_description":"Trekking en los Pirineos","cat_name":"Trekking","category_nicename":"trekking-pirineos","category_parent":5}],"tag_info":[{"term_id":2745,"name":"Aneto","slug":"aneto","term_group":0,"term_taxonomy_id":2761,"taxonomy":"post_tag","description":"Aneto","parent":0,"count":6,"filter":"raw"}],"jetpack_featured_media_url":"https:\/\/travesiapirenaica.com\/wp-content\/uploads\/2021\/10\/Plan-Estan.jpg","jetpack_sharing_enabled":true,"_links":{"self":[{"href":"https:\/\/travesiapirenaica.com\/en\/wp-json\/wp\/v2\/posts\/30489","targetHints":{"allow":["GET"]}}],"collection":[{"href":"https:\/\/travesiapirenaica.com\/en\/wp-json\/wp\/v2\/posts"}],"about":[{"href":"https:\/\/travesiapirenaica.com\/en\/wp-json\/wp\/v2\/types\/post"}],"author":[{"embeddable":true,"href":"https:\/\/travesiapirenaica.com\/en\/wp-json\/wp\/v2\/users\/1"}],"replies":[{"embeddable":true,"href":"https:\/\/travesiapirenaica.com\/en\/wp-json\/wp\/v2\/comments?post=30489"}],"version-history":[{"count":0,"href":"https:\/\/travesiapirenaica.com\/en\/wp-json\/wp\/v2\/posts\/30489\/revisions"}],"wp:featuredmedia":[{"embeddable":true,"href":"https:\/\/travesiapirenaica.com\/en\/wp-json\/wp\/v2\/media\/30446"}],"wp:attachment":[{"href":"https:\/\/travesiapirenaica.com\/en\/wp-json\/wp\/v2\/media?parent=30489"}],"wp:term":[{"taxonomy":"category","embeddable":true,"href":"https:\/\/travesiapirenaica.com\/en\/wp-json\/wp\/v2\/categories?post=30489"},{"taxonomy":"post_tag","embeddable":true,"href":"https:\/\/travesiapirenaica.com\/en\/wp-json\/wp\/v2\/tags?post=30489"},{"taxonomy":"series","embeddable":true,"href":"https:\/\/travesiapirenaica.com\/en\/wp-json\/wp\/v2\/series?post=30489"}],"curies":[{"name":"wp","href":"https:\/\/api.w.org\/{rel}","templated":true}]}}