{"id":31,"date":"2020-04-01T07:47:00","date_gmt":"2020-04-01T05:47:00","guid":{"rendered":"http:\/\/travesiapirenaica.com\/?p=31"},"modified":"2024-05-10T18:56:50","modified_gmt":"2024-05-10T16:56:50","slug":"camilles-path","status":"publish","type":"post","link":"https:\/\/travesiapirenaica.com\/en\/la-senda-de-camille\/","title":{"rendered":"The Camille Trail"},"content":{"rendered":"<style>.kadence-column31_e9766a-5a > .kt-inside-inner-col{display:flex;}.kadence-column31_e9766a-5a{max-width:635px;margin-left:auto;margin-right:auto;}.wp-block-kadence-column.kb-section-dir-horizontal:not(.kb-section-md-dir-vertical)>.kt-inside-inner-col>.kadence-column31_e9766a-5a{-webkit-flex:0 1 635px;flex:0 1 635px;max-width:unset;margin-left:unset;margin-right:unset;}.kadence-column31_e9766a-5a > .kt-inside-inner-col{padding-top:var(--global-kb-spacing-sm, 1.5rem);padding-right:var(--global-kb-spacing-sm, 1.5rem);padding-bottom:var(--global-kb-spacing-sm, 1.5rem);padding-left:var(--global-kb-spacing-sm, 1.5rem);}.kadence-column31_e9766a-5a > .kt-inside-inner-col{box-shadow:0px 0px 14px 0px rgba(0, 0, 0, 0.2);}.kadence-column31_e9766a-5a > .kt-inside-inner-col,.kadence-column31_e9766a-5a > .kt-inside-inner-col:before{border-top-left-radius:10px;border-top-right-radius:10px;border-bottom-right-radius:10px;border-bottom-left-radius:10px;}.kadence-column31_e9766a-5a > .kt-inside-inner-col{row-gap:var(--global-kb-gap-none, 0rem );column-gap:var(--global-kb-gap-sm, 1rem);}.kadence-column31_e9766a-5a > .kt-inside-inner-col{flex-direction:column;}.kadence-column31_e9766a-5a > .kt-inside-inner-col > .aligncenter{width:100%;}.kadence-column31_e9766a-5a > .kt-inside-inner-col{background-color:var(--global-palette9, #ffffff);}.kadence-column31_e9766a-5a > .kt-inside-inner-col:before{opacity:0.3;}.kadence-column31_e9766a-5a{position:relative;}@media all and (min-width: 1025px){.wp-block-kadence-column.kb-section-dir-horizontal>.kt-inside-inner-col>.kadence-column31_e9766a-5a{-webkit-flex:0 1 635px;flex:0 1 635px;max-width:unset;margin-left:unset;margin-right:unset;}}@media all and (max-width: 1024px){.kadence-column31_e9766a-5a > .kt-inside-inner-col{flex-direction:column;justify-content:center;}}@media all and (max-width: 767px){.wp-block-kadence-column.kb-section-sm-dir-vertical:not(.kb-section-sm-dir-horizontal):not(.kb-section-sm-dir-specificity)>.kt-inside-inner-col>.kadence-column31_e9766a-5a{max-width:635px;-webkit-flex:1;flex:1;margin-left:auto;margin-right:auto;}.kadence-column31_e9766a-5a > .kt-inside-inner-col{flex-direction:column;justify-content:center;}}<\/style>\n<div class=\"wp-block-kadence-column kadence-column31_e9766a-5a inner-column-2\"><div class=\"kt-inside-inner-col\"><style>.kb-row-layout-id31_369179-2c > .kt-row-column-wrap{align-content:start;}:where(.kb-row-layout-id31_369179-2c > .kt-row-column-wrap) > .wp-block-kadence-column{justify-content:start;}.kb-row-layout-id31_369179-2c > .kt-row-column-wrap{column-gap:var(--global-kb-gap-md, 2rem);row-gap:var(--global-kb-gap-md, 2rem);padding-top:0px;padding-bottom:0px;grid-template-columns:minmax(0, calc(55% - ((var(--global-kb-gap-md, 2rem) * 1 )\/2)))minmax(0, calc(45% - ((var(--global-kb-gap-md, 2rem) * 1 )\/2)));}.kb-row-layout-id31_369179-2c > .kt-row-layout-overlay{opacity:0.30;}@media all and (max-width: 1024px){.kb-row-layout-id31_369179-2c > .kt-row-column-wrap{grid-template-columns:minmax(0, 1fr);}}@media all and (max-width: 767px){.kb-row-layout-id31_369179-2c > .kt-row-column-wrap{grid-template-columns:minmax(0, 1fr);}}<\/style><div class=\"kb-row-layout-wrap kb-row-layout-id31_369179-2c alignnone wp-block-kadence-rowlayout\"><div class=\"kt-row-column-wrap kt-has-2-columns kt-row-layout-equal kt-tab-layout-row kt-mobile-layout-row kt-row-valign-top\">\n<style>.kadence-column31_6fa5f4-4a > .kt-inside-inner-col,.kadence-column31_6fa5f4-4a > .kt-inside-inner-col:before{border-top-left-radius:0px;border-top-right-radius:0px;border-bottom-right-radius:0px;border-bottom-left-radius:0px;}.kadence-column31_6fa5f4-4a > .kt-inside-inner-col{column-gap:var(--global-kb-gap-sm, 1rem);}.kadence-column31_6fa5f4-4a > .kt-inside-inner-col{flex-direction:column;}.kadence-column31_6fa5f4-4a > .kt-inside-inner-col > .aligncenter{width:100%;}.kadence-column31_6fa5f4-4a > .kt-inside-inner-col:before{opacity:0.3;}.kadence-column31_6fa5f4-4a{position:relative;}@media all and (max-width: 1024px){.kadence-column31_6fa5f4-4a > .kt-inside-inner-col{flex-direction:column;justify-content:center;}}@media all and (max-width: 767px){.kadence-column31_6fa5f4-4a > .kt-inside-inner-col{flex-direction:column;justify-content:center;}}<\/style>\n<div class=\"wp-block-kadence-column kadence-column31_6fa5f4-4a inner-column-1\"><div class=\"kt-inside-inner-col\"><style>.kb-image31_31244f-5c .kb-image-has-overlay:after{opacity:0.3;}<\/style>\n<figure class=\"wp-block-kadence-image kb-image31_31244f-5c rounded-corners\"><img loading=\"lazy\" decoding=\"async\" width=\"1080\" height=\"1080\" src=\"https:\/\/travesiapirenaica.com\/wp-content\/uploads\/2022\/05\/Guia-rapida-TREKKINGS-VARIOS-DIAS-en-los-Pirineos.jpg\" alt=\"Gu\u00eda r\u00e1pida TREKKINGS VARIOS D\u00cdAS en los Pirineos\" class=\"kb-img wp-image-41176\" srcset=\"https:\/\/travesiapirenaica.com\/wp-content\/uploads\/2022\/05\/Guia-rapida-TREKKINGS-VARIOS-DIAS-en-los-Pirineos.jpg 1080w, https:\/\/travesiapirenaica.com\/wp-content\/uploads\/2022\/05\/Guia-rapida-TREKKINGS-VARIOS-DIAS-en-los-Pirineos-300x300.jpg 300w, https:\/\/travesiapirenaica.com\/wp-content\/uploads\/2022\/05\/Guia-rapida-TREKKINGS-VARIOS-DIAS-en-los-Pirineos-1024x1024.jpg 1024w, https:\/\/travesiapirenaica.com\/wp-content\/uploads\/2022\/05\/Guia-rapida-TREKKINGS-VARIOS-DIAS-en-los-Pirineos-150x150.jpg 150w, https:\/\/travesiapirenaica.com\/wp-content\/uploads\/2022\/05\/Guia-rapida-TREKKINGS-VARIOS-DIAS-en-los-Pirineos-768x768.jpg 768w, https:\/\/travesiapirenaica.com\/wp-content\/uploads\/2022\/05\/Guia-rapida-TREKKINGS-VARIOS-DIAS-en-los-Pirineos-600x600.jpg 600w, https:\/\/travesiapirenaica.com\/wp-content\/uploads\/2022\/05\/Guia-rapida-TREKKINGS-VARIOS-DIAS-en-los-Pirineos-100x100.jpg 100w\" sizes=\"auto, (max-width: 1080px) 100vw, 1080px\" \/><\/figure>\n<\/div><\/div>\n\n\n<style>.kadence-column31_33cb68-86 > .kt-inside-inner-col,.kadence-column31_33cb68-86 > .kt-inside-inner-col:before{border-top-left-radius:0px;border-top-right-radius:0px;border-bottom-right-radius:0px;border-bottom-left-radius:0px;}.kadence-column31_33cb68-86 > .kt-inside-inner-col{column-gap:var(--global-kb-gap-sm, 1rem);}.kadence-column31_33cb68-86 > .kt-inside-inner-col{flex-direction:column;}.kadence-column31_33cb68-86 > .kt-inside-inner-col > .aligncenter{width:100%;}.kadence-column31_33cb68-86 > .kt-inside-inner-col:before{opacity:0.3;}.kadence-column31_33cb68-86{position:relative;}@media all and (max-width: 1024px){.kadence-column31_33cb68-86 > .kt-inside-inner-col{flex-direction:column;justify-content:center;}}@media all and (max-width: 767px){.kadence-column31_33cb68-86 > .kt-inside-inner-col{flex-direction:column;justify-content:center;}}<\/style>\n<div class=\"wp-block-kadence-column kadence-column31_33cb68-86 inner-column-2\"><div class=\"kt-inside-inner-col\"><style>.wp-block-kadence-advancedheading.kt-adv-heading31_05cc0d-dd, .wp-block-kadence-advancedheading.kt-adv-heading31_05cc0d-dd[data-kb-block=\"kb-adv-heading31_05cc0d-dd\"]{font-style:normal;}.wp-block-kadence-advancedheading.kt-adv-heading31_05cc0d-dd mark.kt-highlight, .wp-block-kadence-advancedheading.kt-adv-heading31_05cc0d-dd[data-kb-block=\"kb-adv-heading31_05cc0d-dd\"] mark.kt-highlight{font-style:normal;color:#f76a0c;-webkit-box-decoration-break:clone;box-decoration-break:clone;padding-top:0px;padding-right:0px;padding-bottom:0px;padding-left:0px;}.wp-block-kadence-advancedheading.kt-adv-heading31_05cc0d-dd img.kb-inline-image, .wp-block-kadence-advancedheading.kt-adv-heading31_05cc0d-dd[data-kb-block=\"kb-adv-heading31_05cc0d-dd\"] img.kb-inline-image{width:150px;vertical-align:baseline;}<\/style>\n<h5 class=\"kt-adv-heading31_05cc0d-dd wp-block-kadence-advancedheading has-theme-palette-3-color has-text-color\" data-kb-block=\"kb-adv-heading31_05cc0d-dd\">Gu\u00eda r\u00e1pida <em>TREKKINGs VARIOS D\u00cdAS <\/em>en los Pirineos<\/h5>\n\n\n<style>.wp-block-kadence-advancedheading.kt-adv-heading31_601534-1f, .wp-block-kadence-advancedheading.kt-adv-heading31_601534-1f[data-kb-block=\"kb-adv-heading31_601534-1f\"]{font-style:normal;}.wp-block-kadence-advancedheading.kt-adv-heading31_601534-1f mark.kt-highlight, .wp-block-kadence-advancedheading.kt-adv-heading31_601534-1f[data-kb-block=\"kb-adv-heading31_601534-1f\"] mark.kt-highlight{font-style:normal;color:#f76a0c;-webkit-box-decoration-break:clone;box-decoration-break:clone;padding-top:0px;padding-right:0px;padding-bottom:0px;padding-left:0px;}.wp-block-kadence-advancedheading.kt-adv-heading31_601534-1f img.kb-inline-image, .wp-block-kadence-advancedheading.kt-adv-heading31_601534-1f[data-kb-block=\"kb-adv-heading31_601534-1f\"] img.kb-inline-image{width:150px;vertical-align:baseline;}<\/style>\n<p class=\"kt-adv-heading31_601534-1f wp-block-kadence-advancedheading has-theme-palette-5-color has-text-color\" data-kb-block=\"kb-adv-heading31_601534-1f\">con todo lo que debes saber antes de acometer una <strong>ruta circular de varias etapas<\/strong>.<\/p>\n<\/div><\/div>\n\n<\/div><\/div>\n\n<div class=\"convertkit-form wp-block-convertkit-form\" style=\"\"><script async data-uid=\"98efea71f5\" src=\"https:\/\/travesiapirenaica.kit.com\/98efea71f5\/index.js\" data-jetpack-boost=\"ignore\" data-no-defer=\"1\" nowprocket><\/script><\/div>\n<\/div><\/div>\n\n\n\n<div style=\"height:50px\" aria-hidden=\"true\" class=\"wp-block-spacer\"><\/div>\n\n\n\n<p>La <strong>Senda de Camille<\/strong> es una original y circular ruta senderista en el coraz\u00f3n de los Pirineos, la cual emula los pasos de quien fuera el oso pardo pirenaico \u00abCamille\u00bb que vivi\u00f3 en esta zona de la coordillera de singular belleza; a continuaci\u00f3n te explicamos como se hace, as\u00ed como algunas recomendaciones para vivir de mejor forma la experiencia.<\/p>\n\n\n\n\n<div class=\"aawp\">\n\n            \n            \n<div class=\"aawp-product aawp-product--horizontal aawp-product--css-adjust-image-large\"  data-aawp-product-asin=\"8480906634\" data-aawp-product-id=\"40883\" data-aawp-tracking-id=\"travesiapiren-21\" data-aawp-product-title=\"LA SENDA DE CAMILLE  EDITORIAL ALPINA\" data-aawp-geotargeting=\"true\">\n\n    \n    <div class=\"aawp-product__thumb\">\n        <a class=\"aawp-product__image-link\" href=\"https:\/\/www.amazon.es\/dp\/8480906634?tag=travesiapiren-21&amp;linkCode=ogi&amp;th=1&amp;psc=1\" title=\"LA SENDA DE CAMILLE (EDITORIAL ALPINA)\" rel=\"nofollow noopener sponsored\" target=\"_blank\">\n            <img decoding=\"async\" class=\"aawp-product__image\" src=\"https:\/\/m.media-amazon.com\/images\/I\/41jCFajjMfL.jpg\" alt=\"LA SENDA DE CAMILLE (EDITORIAL ALPINA)\"  \/>\n        <\/a>\n\n            <\/div>\n\n    <div class=\"aawp-product__content\">\n        <a class=\"aawp-product__title\" href=\"https:\/\/www.amazon.es\/dp\/8480906634?tag=travesiapiren-21&amp;linkCode=ogi&amp;th=1&amp;psc=1\" title=\"LA SENDA DE CAMILLE (EDITORIAL ALPINA)\" rel=\"nofollow noopener sponsored\" target=\"_blank\">\n            LA SENDA DE CAMILLE (EDITORIAL ALPINA)        <\/a>\n        <div class=\"aawp-product__description\">\n                    <\/div>\n    <\/div>\n\n    <div class=\"aawp-product__footer\">\n\n        <div class=\"aawp-product__pricing\">\n            \n                            <span class=\"aawp-product__price aawp-product__price--current\"><\/span>\n            \n                    <\/div>\n\n                <a class=\"aawp-button aawp-button--buy aawp-button--icon aawp-button--icon-black\" href=\"https:\/\/www.amazon.es\/dp\/8480906634?tag=travesiapiren-21&#038;linkCode=ogi&#038;th=1&#038;psc=1\" title=\"Ver en Amazon\" target=\"_blank\" rel=\"nofollow noopener sponsored\">Ver en Amazon<\/a>\n            <\/div>\n\n<\/div>\n\n    \n<\/div>\n\n\n\n\n<h2 class=\"wp-block-heading\">Los dominios de Camille<\/h2>\n\n\n\n<p>Esta \u00abregi\u00f3n\u00bb ubicada entre el Pirineo aragon\u00e9s y el Pirineo franc\u00e9s, fue la \u00faltima donde habit\u00f3 Camille, quien fuera el \u00faltimo oso pardo pirenaico (<em>ursus arctos pyrenaicus<\/em>) \u2014en 2010 fue la \u00faltima vez que se le vio\u2014&nbsp;que vivi\u00f3 en estado salvaje en esta, su regi\u00f3n de origen.<\/p>\n\n\n\n<h2 class=\"wp-block-heading\">Lo que debes saber de la Senda de Camille<\/h2>\n\n\n\n<p>A continuaci\u00f3n algunas recomendaciones y caracter\u00edsticas de este trazado senderista.<\/p>\n\n\n\n<h3 class=\"wp-block-heading\">C\u00f3mo hacer la Senda de Camille<\/h3>\n\n\n\n<p>Para realizar esta ruta circular, puedes iniciar el recorrido en cualquiera de los 7 refugios que componen esta ruta, siendo el de Somport el m\u00e1s cercano si vienes de Catalu\u00f1a, los de Lizara o Gabardito llegando desde el sur, o el de Linza para quienes llegan desde Navarra. El de m\u00e1s dif\u00edcil acceso es el Refugio de Arlet, pues en este caso est\u00e1 enclavado en un parque nacional y alejado de los accesos en carretera.<\/p>\n\n\n\n<p>La ruta se puede realizar por tu cuenta y reservando uno a uno en los refugios de tu ruta, o bien te pueden gestionar la reserva conjunta de los refugios a trav\u00e9s de la p\u00e1gina de la ruta.&nbsp;De forma adicional tambi\u00e9n puedes realizar el trayecto con el apoyo de un gu\u00eda.<\/p>\n\n\n\n<h3 class=\"wp-block-heading\">Duraci\u00f3n de la Senda de Camille<\/h3>\n\n\n\n<p>El recorrido completo est\u00e1 recomendado para hacerse en 6 o 7 etapas, las cuales tienen un rango de entre 4 y 10 horas de caminata.<\/p>\n\n\n\n<p>De forma opcional, adyacentes a la ruta se encuentran tambi\u00e9n varios <strong>picos pirenaicos<\/strong>, los cuales incrementan el nivel de desaf\u00edo y aventura.<\/p>\n\n\n\n<p>Tambi\u00e9n se tiene disponible un modo veloz \u201cCorreCamille\u201d, el cual est\u00e1 dise\u00f1ado para hacer el trazado a velocidad, en una ruta de 2 a 3 etapas.<\/p>\n\n\n\n<h3 class=\"wp-block-heading\">Qu\u00e9 tan dif\u00edcil es la Senda de Camille<\/h3>\n\n\n\n<p>Se trata de una ruta senderista que aunque pueden disfrutar los expertos debido a su singular belleza y desaf\u00edos complementarios, tambi\u00e9n resulta<strong> recomendable para principiantes<\/strong>, pues en realidad el sendero b\u00e1sico no implica grandes dificultades t\u00e9cnicas, siendo m\u00e1s sencillo que otras cl\u00e1sicas pirenaicas como <a href=\"https:\/\/travesiapirenaica.com\/carros-de-foc\/\" target=\"_blank\" rel=\"noreferrer noopener\">Los Carros de Foc<\/a>.<\/p>\n\n\n\n<p>Esto tampoco quiere decir que ser\u00e1 f\u00e1cil, puesto que son <strong>m\u00e1s de 100 km de distancia con 8.000 m de desnivel acumulado<\/strong>, condiciones clim\u00e1ticas cambiantes, senderos rocosos, representa tambi\u00e9n algunas complicaciones.<\/p>\n\n\n\n<h3 class=\"wp-block-heading\">Cu\u00e1ndo hacer la Senda de Camille<\/h3>\n\n\n\n<p>Esta ruta se puede realizar \u00fanicamente entre los meses de junio y septiembre.<\/p>\n\n\n\n<h3 class=\"wp-block-heading\">Qu\u00e9 equipo llevar:<\/h3>\n\n\n\n<p>Necesitar\u00e1s en primer lugar unas buenas botas de trekking para amortiguar y proteger los pasos ante las constantes bajadas y subidas; de igual forma se recomienda impermeable, <a href=\"https:\/\/travesiapirenaica.com\/ropa-montana-senderismo\/\">ropa de monta\u00f1a<\/a>, gafas y protector solar, guantes y bastones de senderista. En caso de buscar alcanzar las cimas de mayor altura ser\u00e1 importante tambi\u00e9n las herramientas b\u00e1sicas de alpinista. En los refugios hay mantas por lo que puedes omitir tener que cargar con el <a href=\"https:\/\/travesiapirenaica.com\/saco-de-dormir\/\">saco de dormir<\/a> y llevar tan solo un saco s\u00e1bana.<\/p>\n\n\n\n<h3 class=\"wp-block-heading\">Qu\u00e9 marcas hay<\/h3>\n\n\n\n<p>Ser\u00e1 importante que lleves mapa y sepas usar tambi\u00e9n la br\u00fajula, <a href=\"https:\/\/travesiapirenaica.com\/mejor-gps-montana\/\"><strong>o bien llevar un GPS<\/strong><\/a>, no solo porque puede haber zonas sin marcas, sino porque tambi\u00e9n te puedes enfrentar a condiciones de niebla que pueden desorientar f\u00e1cilmente. Converge con algunas otras rutas como la GR-11 o la HRP, y tambi\u00e9n se pueden observar se\u00f1ales verdes en la zona del <strong>Parque Natural de Los Valles Occidentales<\/strong> y amarillas en el caso del <strong>Parque Nacional franc\u00e9s.<\/strong><\/p>\n\n\n\n<h3 class=\"wp-block-heading\">Observaciones de seguridad<\/h3>\n\n\n\n<p>En caso de no estar federado, la empresa que gestiona los refugios tambi\u00e9n ofrece un seguro que tiene un costo de 17\u20ac por persona.<\/p>\n\n\n\n<p>Tambi\u00e9n se aclara que no est\u00e1 permitido ir acompa\u00f1ado de perros, ni siquiera si los llevas amarrados.<\/p>\n\n\n\n<p>Una de las mayores intrigas es respecto a los <strong>osos<\/strong>, aunque en realidad estos temen a los humanos y se mantienen en lugares escondidos lejos de la ruta, por lo que es poco probable divisarlos. Si fuera el caso, simplemente hay que alejarse lentamente, y sin obstruir su ruta, ni \u2014desde luego\u2014 tampoco tratar de acercarse a las cr\u00edas ni hacer mayores aspavientos.<\/p>\n\n\n<div class=\"wp-block-image size-full wp-image-7930\">\n<figure class=\"aligncenter\"><img loading=\"lazy\" decoding=\"async\" width=\"760\" height=\"500\" src=\"https:\/\/travesiapirenaica.com\/wp-content\/uploads\/2018\/06\/Ib\u00f3n-de-estanes.jpg\" alt=\"Ib\u00f3n de Estan\u00e9s\" class=\"wp-image-7930\" srcset=\"https:\/\/travesiapirenaica.com\/wp-content\/uploads\/2018\/06\/Ib\u00f3n-de-estanes.jpg 760w, https:\/\/travesiapirenaica.com\/wp-content\/uploads\/2018\/06\/Ib\u00f3n-de-estanes-600x395.jpg 600w, https:\/\/travesiapirenaica.com\/wp-content\/uploads\/2018\/06\/Ib\u00f3n-de-estanes-300x197.jpg 300w, https:\/\/travesiapirenaica.com\/wp-content\/uploads\/2018\/06\/Ib\u00f3n-de-estanes-100x65.jpg 100w, https:\/\/travesiapirenaica.com\/wp-content\/uploads\/2018\/06\/Ib\u00f3n-de-estanes-260x170.jpg 260w, https:\/\/travesiapirenaica.com\/wp-content\/uploads\/2018\/06\/Ib\u00f3n-de-estanes-759x500.jpg 759w\" sizes=\"auto, (max-width: 760px) 100vw, 760px\" \/><figcaption class=\"wp-element-caption\">Ib\u00f3n de Estan\u00e9s<\/figcaption><\/figure>\n<\/div>\n\n\n<h2 class=\"wp-block-heading\">Etapas de la Senda de Camille<\/h2>\n\n\n\n<p>A continuaci\u00f3n la descripci\u00f3n de una ruta de 6 etapas partiendo del Refugio de Aysa (Puerto de Somport).<\/p>\n\n\n\n<h3 class=\"wp-block-heading\">Aysa &#8211; Arlet<\/h3>\n\n\n\n<p>Tras recorrer los hermosos valles de Aspe y Espelunguera, nos enclavamos en el Parque Nacional Franc\u00e9s de los Pirineos; una etapa de subida que atraviesa densos bosques hasta llegar a Arlet, donde se tienen impresionantes vistas del Midi d&#8217;Ossau, y desde el refugio incluso hasta la frontera. De forma complementaria tienes atractivas cimas como el Pico de Arlet (2208 m).<\/p>\n\n\n\n<h3 class=\"wp-block-heading\">Arlet \u2013 Lauzart<\/h3>\n\n\n\n<p>Esta ruta de casi 20 km es una de la m\u00e1s tranquilas, adem\u00e1s tambi\u00e9n se afrontan la mayor proporci\u00f3n de descensos. Transcurre en gran parte entre dos vertientes pirenaicas que hist\u00f3ricamente han tenido gran importancia geogr\u00e1fica como ruta de escape durante la guerra. Est\u00e1 dominada por verdes prados que evocan la pirenaica vida buc\u00f3lica.<\/p>\n\n\n\n<h3 class=\"wp-block-heading\">Lauzart \u2013 Linza<\/h3>\n\n\n\n<p>Lo que inicia como un camino pavimentado gradualmente se va convirtiendo en un terreno cada vez m\u00e1s agreste. Los casi 1300 m de subida de Lauzar al Coll\u00e1u de Petrachema representan el ascenso m\u00e1s pronunciado, m\u00e1s a\u00fan si alcanzas la cima; aunque tambi\u00e9n se tienen otras moles imponentes como Les Billaires o la <strong><a href=\"https:\/\/travesiapirenaica.com\/mesa-de-los-tres-reyes-hiru-errege-mahaia\/\" target=\"_blank\" rel=\"noreferrer noopener\" aria-label=\" (abre en una nueva pesta\u00f1a)\">Mesa de los Tres Reyes<\/a><\/strong>. Unas 7 horas para 16,6 km.<\/p>\n\n\n\n<h3 class=\"wp-block-heading\">Linza \u2013 Gabardito<\/h3>\n\n\n\n<p>Para muchos se trata de la etapa reina, no solo por las 10 horas que implica el largo trayecto de casi 23 km, sino tambi\u00e9n por la imponente belleza del Parque Natural Valles Occidentales. Recorrer\u00e1s aisladas faldas monta\u00f1osas con abundante vida salvaje, adem\u00e1s de adentrarte en densos y espectaculares bosques. Tambi\u00e9n tiene dos ascensos de consideraci\u00f3n: el de Anchar d&#8217;Alano (con refugio cerca para dividir la etapa) y el de Coll\u00e1u de Lenito Baxo.<\/p>\n\n\n\n<h3 class=\"wp-block-heading\">Gabardito \u2013 Lizara<\/h3>\n\n\n\n<p>Si para este punto llegas ya cansado, puedes hacer de esta una etapa corta de unas 3 horas y media y 9,5 km de distancia; aunque si llevas vigor suficiente es altamente recomendable optar por el tambi\u00e9n el opcional ascenso al <strong>Bisaur\u00edn<\/strong> (2667 m), una de las cumbres m\u00e1s espectaculares de esta zona pirenaica.<\/p>\n\n\n<div class=\"wp-block-image size-full wp-image-7931\">\n<figure class=\"aligncenter\"><img loading=\"lazy\" decoding=\"async\" width=\"760\" height=\"500\" src=\"https:\/\/travesiapirenaica.com\/wp-content\/uploads\/2018\/06\/Refugio-de-Lizara.jpg\" alt=\"Refugio de Lizara\" class=\"wp-image-7931\" srcset=\"https:\/\/travesiapirenaica.com\/wp-content\/uploads\/2018\/06\/Refugio-de-Lizara.jpg 760w, https:\/\/travesiapirenaica.com\/wp-content\/uploads\/2018\/06\/Refugio-de-Lizara-600x395.jpg 600w, https:\/\/travesiapirenaica.com\/wp-content\/uploads\/2018\/06\/Refugio-de-Lizara-300x197.jpg 300w, https:\/\/travesiapirenaica.com\/wp-content\/uploads\/2018\/06\/Refugio-de-Lizara-100x65.jpg 100w, https:\/\/travesiapirenaica.com\/wp-content\/uploads\/2018\/06\/Refugio-de-Lizara-260x170.jpg 260w, https:\/\/travesiapirenaica.com\/wp-content\/uploads\/2018\/06\/Refugio-de-Lizara-759x500.jpg 759w\" sizes=\"auto, (max-width: 760px) 100vw, 760px\" \/><figcaption class=\"wp-element-caption\">Refugio de Lizara<\/figcaption><\/figure>\n<\/div>\n\n<div class=\"wp-block-image size-full wp-image-7932\">\n<figure class=\"aligncenter\"><img loading=\"lazy\" decoding=\"async\" width=\"760\" height=\"500\" src=\"https:\/\/travesiapirenaica.com\/wp-content\/uploads\/2018\/06\/Ib\u00f3n-de-Estanes_by-Javier-Garc\u00eda.jpg\" alt=\"Ib\u00f3n de Estan\u00e9s \/ Foto: Javier Garc\u00eda\" class=\"wp-image-7932\" srcset=\"https:\/\/travesiapirenaica.com\/wp-content\/uploads\/2018\/06\/Ib\u00f3n-de-Estanes_by-Javier-Garc\u00eda.jpg 760w, https:\/\/travesiapirenaica.com\/wp-content\/uploads\/2018\/06\/Ib\u00f3n-de-Estanes_by-Javier-Garc\u00eda-600x395.jpg 600w, https:\/\/travesiapirenaica.com\/wp-content\/uploads\/2018\/06\/Ib\u00f3n-de-Estanes_by-Javier-Garc\u00eda-300x197.jpg 300w, https:\/\/travesiapirenaica.com\/wp-content\/uploads\/2018\/06\/Ib\u00f3n-de-Estanes_by-Javier-Garc\u00eda-100x65.jpg 100w, https:\/\/travesiapirenaica.com\/wp-content\/uploads\/2018\/06\/Ib\u00f3n-de-Estanes_by-Javier-Garc\u00eda-260x170.jpg 260w, https:\/\/travesiapirenaica.com\/wp-content\/uploads\/2018\/06\/Ib\u00f3n-de-Estanes_by-Javier-Garc\u00eda-759x500.jpg 759w\" sizes=\"auto, (max-width: 760px) 100vw, 760px\" \/><figcaption class=\"wp-element-caption\">Ib\u00f3n de Estan\u00e9s \/ Foto: Javier Garc\u00eda<\/figcaption><\/figure>\n<\/div>\n\n\n<h3 class=\"wp-block-heading\">Lizara \u2013 Aysa<\/h3>\n\n\n\n<p>Y para cerrar tenemos esta magn\u00edfica etapa que cruza la Sierra de A\u00edsa; atraviesa tambi\u00e9n el majestuoso Valle de los Sarrios y el <strong><a href=\"https:\/\/travesiapirenaica.com\/estanes-desde-sansanet\/\" target=\"_blank\" rel=\"noreferrer noopener\" aria-label=\" (abre en una nueva pesta\u00f1a)\">ib\u00f3n de Estan\u00e9s<\/a><\/strong>, as\u00ed como algunos de los lagos m\u00e1s bellos del trayecto; hermosas caminatas delineando entre cordilleras y frondosos bosques como el de las Hayas. Te llevar\u00e1 poco m\u00e1s de 6 horas y 17,4 km, es una estupenda forma de poner broche de oro a esta aventura senderista imprescindible de los Pirineos.<\/p>\n\n\n\n<p><strong>LEE TAMBI\u00c9N:<\/strong><\/p>\n\n\n\n<ul class=\"wp-block-list\">\n<li><a href=\"https:\/\/travesiapirenaica.com\/rutas-circulares-senderismo-pirineos\/\" target=\"_blank\" rel=\"noreferrer noopener\"><strong>Descubre las rutas circulares m\u00e1s emblem\u00e1ticas de los Pirineos >><\/strong><\/a><\/li>\n<\/ul>\n","protected":false},"excerpt":{"rendered":"La Senda de Camille is an original and circular hiking route in the heart of the Pyrenees, which emulates the steps of the Pyrenean brown bear \"Camille\" who lived in this area of the mountain range of singular beauty; more than 100 km of distance with 8,000 m of accumulated height gain.","protected":false},"author":1,"featured_media":33172,"comment_status":"closed","ping_status":"closed","sticky":false,"template":"","format":"image","meta":{"_kad_blocks_custom_css":"","_kad_blocks_head_custom_js":"","_kad_blocks_body_custom_js":"","_kad_blocks_footer_custom_js":"","episode_type":"audio","audio_file":"","podmotor_file_id":"","podmotor_episode_id":"","cover_image":"","cover_image_id":"","duration":"","filesize":"","filesize_raw":"","date_recorded":"","explicit":"","block":"","_kad_post_transparent":"","_kad_post_title":"","_kad_post_layout":"","_kad_post_sidebar_id":"","_kad_post_content_style":"","_kad_post_vertical_padding":"","_kad_post_feature":"","_kad_post_feature_position":"","_kad_post_header":false,"_kad_post_footer":false,"_kad_post_classname":"","_jetpack_memberships_contains_paid_content":false,"footnotes":""},"categories":[5],"tags":[],"series":[],"class_list":["post-31","post","type-post","status-publish","format-image","has-post-thumbnail","hentry","category-pirineos","post_format-post-format-image"],"episode_featured_image":"https:\/\/travesiapirenaica.com\/wp-content\/uploads\/2022\/05\/Ibon-de-estanes.jpg","episode_player_image":"https:\/\/travesiapirenaica.com\/wp-content\/uploads\/2017\/12\/Caratula-Podcast-Maldita-Montana_1500x1500_72pp-p_.jpg","download_link":"","player_link":"","audio_player":false,"episode_data":{"playerMode":"dark","subscribeUrls":[],"rssFeedUrl":"https:\/\/travesiapirenaica.com\/en\/feed\/podcast\/maldita-montana","embedCode":"<blockquote class=\"wp-embedded-content\" data-secret=\"ke48xFhi1B\"><a href=\"https:\/\/travesiapirenaica.com\/en\/la-senda-de-camille\/\">La Senda de Camille<\/a><\/blockquote><iframe sandbox=\"allow-scripts\" security=\"restricted\" src=\"https:\/\/travesiapirenaica.com\/en\/la-senda-de-camille\/embed\/#?secret=ke48xFhi1B\" width=\"500\" height=\"350\" title=\"&#8220;La Senda de Camille&#8221; &#8212; Traves\u00eda.\" data-secret=\"ke48xFhi1B\" frameborder=\"0\" marginwidth=\"0\" marginheight=\"0\" scrolling=\"no\" class=\"wp-embedded-content\"><\/iframe><script>\n\/*! This file is auto-generated *\/\n!function(d,l){\"use strict\";l.querySelector&&d.addEventListener&&\"undefined\"!=typeof URL&&(d.wp=d.wp||{},d.wp.receiveEmbedMessage||(d.wp.receiveEmbedMessage=function(e){var t=e.data;if((t||t.secret||t.message||t.value)&&!\/[^a-zA-Z0-9]\/.test(t.secret)){for(var s,r,n,a=l.querySelectorAll('iframe[data-secret=\"'+t.secret+'\"]'),o=l.querySelectorAll('blockquote[data-secret=\"'+t.secret+'\"]'),c=new RegExp(\"^https?:$\",\"i\"),i=0;i<o.length;i++)o[i].style.display=\"none\";for(i=0;i<a.length;i++)s=a[i],e.source===s.contentWindow&&(s.removeAttribute(\"style\"),\"height\"===t.message?(1e3<(r=parseInt(t.value,10))?r=1e3:~~r<200&&(r=200),s.height=r):\"link\"===t.message&&(r=new URL(s.getAttribute(\"src\")),n=new URL(t.value),c.test(n.protocol))&&n.host===r.host&&l.activeElement===s&&(d.top.location.href=t.value))}},d.addEventListener(\"message\",d.wp.receiveEmbedMessage,!1),l.addEventListener(\"DOMContentLoaded\",function(){for(var e,t,s=l.querySelectorAll(\"iframe.wp-embedded-content\"),r=0;r<s.length;r++)(t=(e=s[r]).getAttribute(\"data-secret\"))||(t=Math.random().toString(36).substring(2,12),e.src+=\"#?secret=\"+t,e.setAttribute(\"data-secret\",t)),e.contentWindow.postMessage({message:\"ready\",secret:t},\"*\")},!1)))}(window,document);\n\/\/# sourceURL=https:\/\/travesiapirenaica.com\/wp-includes\/js\/wp-embed.min.js\n<\/script>\n"},"taxonomy_info":{"category":[{"value":5,"label":"Pirineos"}]},"featured_image_src_large":["https:\/\/travesiapirenaica.com\/wp-content\/uploads\/2022\/05\/Ibon-de-estanes.jpg",760,500,false],"author_info":{"display_name":"Traves\u00eda Pirenaica","author_link":"https:\/\/travesiapirenaica.com\/en\/author\/travesia-pirenaica\/"},"comment_info":0,"category_info":[{"term_id":5,"name":"Pirineos","slug":"pirineos","term_group":0,"term_taxonomy_id":5,"taxonomy":"category","description":"","parent":0,"count":241,"filter":"raw","cat_ID":5,"category_count":241,"category_description":"","cat_name":"Pirineos","category_nicename":"pirineos","category_parent":0}],"tag_info":false,"jetpack_featured_media_url":"https:\/\/travesiapirenaica.com\/wp-content\/uploads\/2022\/05\/Ibon-de-estanes.jpg","jetpack_sharing_enabled":true,"_links":{"self":[{"href":"https:\/\/travesiapirenaica.com\/en\/wp-json\/wp\/v2\/posts\/31","targetHints":{"allow":["GET"]}}],"collection":[{"href":"https:\/\/travesiapirenaica.com\/en\/wp-json\/wp\/v2\/posts"}],"about":[{"href":"https:\/\/travesiapirenaica.com\/en\/wp-json\/wp\/v2\/types\/post"}],"author":[{"embeddable":true,"href":"https:\/\/travesiapirenaica.com\/en\/wp-json\/wp\/v2\/users\/1"}],"replies":[{"embeddable":true,"href":"https:\/\/travesiapirenaica.com\/en\/wp-json\/wp\/v2\/comments?post=31"}],"version-history":[{"count":0,"href":"https:\/\/travesiapirenaica.com\/en\/wp-json\/wp\/v2\/posts\/31\/revisions"}],"wp:featuredmedia":[{"embeddable":true,"href":"https:\/\/travesiapirenaica.com\/en\/wp-json\/wp\/v2\/media\/33172"}],"wp:attachment":[{"href":"https:\/\/travesiapirenaica.com\/en\/wp-json\/wp\/v2\/media?parent=31"}],"wp:term":[{"taxonomy":"category","embeddable":true,"href":"https:\/\/travesiapirenaica.com\/en\/wp-json\/wp\/v2\/categories?post=31"},{"taxonomy":"post_tag","embeddable":true,"href":"https:\/\/travesiapirenaica.com\/en\/wp-json\/wp\/v2\/tags?post=31"},{"taxonomy":"series","embeddable":true,"href":"https:\/\/travesiapirenaica.com\/en\/wp-json\/wp\/v2\/series?post=31"}],"curies":[{"name":"wp","href":"https:\/\/api.w.org\/{rel}","templated":true}]}}