{"id":32547,"date":"2022-03-15T17:37:03","date_gmt":"2022-03-15T16:37:03","guid":{"rendered":"https:\/\/travesiapirenaica.com\/?p=32547"},"modified":"2024-03-22T12:14:12","modified_gmt":"2024-03-22T11:14:12","slug":"avalanche-bulletin","status":"publish","type":"post","link":"https:\/\/travesiapirenaica.com\/en\/boletin-aludes\/","title":{"rendered":"Avalanche Hazard Bulletin (AHB)"},"content":{"rendered":"<p>Just when it seemed that the winter was coming to an end with hardly any significant snowfall, the storm of the past few days has once again left thicknesses that we had not seen in many moments of the winter, now a meteorological spring.<\/p>\n\n\n\n<p>And of course, this new snow accumulated on top of the existing snow, the moderate southerly winds and a changing snow level which has caused the snowpack to become wetter, has led to an increase in the danger of avalanches. In fact, on Friday 11 March there were already areas of the Pyrenees with a grade 4 avalanche danger.<\/p>\n\n\n\n<p>You should also read: <\/p>\n\n\n\n<ul class=\"wp-block-list\"><li><a href=\"https:\/\/travesiapirenaica.com\/en\/avalanches-safety-tips\/\">Avalanches: basic safety tips for winter mountaineering<\/a><\/li><li><a href=\"https:\/\/travesiapirenaica.com\/en\/safe-winter-mountain\/\">Safe winter mountaineering<\/a><\/li><\/ul>\n\n\n\n<h2 class=\"wp-block-heading\">How to read the Avalanche Hazard Bulletin (AHB)<\/h2>\n\n\n\n<p>Although this is not the first time we have talked about the avalanche danger bulletin, not long ago we published an article on <a href=\"https:\/\/travesiapirenaica.com\/en\/alert-notices\/\">weather warnings, alerts and GAPs<\/a>At that time, we were only looking at the final number. Well, knowing the grade is important, but if we only look at that, we are ignoring a lot of very valuable information.<\/p>\n\n\n\n<p>To understand this, let's look at the <a href=\"http:\/\/www.aemet.es\/es\/eltiempo\/prediccion\/montana\/boletin_peligro_aludes\" target=\"_blank\" rel=\"noreferrer noopener\">BPA published by AEMET<\/a> of this past Sunday 13th March for the Navarre and Aragonese Pyrenees.<\/p>\n\n\n\n<figure class=\"wp-block-image size-full\"><img loading=\"lazy\" decoding=\"async\" width=\"1024\" height=\"768\" src=\"https:\/\/travesiapirenaica.com\/wp-content\/uploads\/2022\/03\/hoja1.jpg\" alt=\"\" class=\"wp-image-32548\" srcset=\"https:\/\/travesiapirenaica.com\/wp-content\/uploads\/2022\/03\/hoja1.jpg 1024w, https:\/\/travesiapirenaica.com\/wp-content\/uploads\/2022\/03\/hoja1-300x225.jpg 300w, https:\/\/travesiapirenaica.com\/wp-content\/uploads\/2022\/03\/hoja1-768x576.jpg 768w, https:\/\/travesiapirenaica.com\/wp-content\/uploads\/2022\/03\/hoja1-150x113.jpg 150w, https:\/\/travesiapirenaica.com\/wp-content\/uploads\/2022\/03\/hoja1-696x522.jpg 696w, https:\/\/travesiapirenaica.com\/wp-content\/uploads\/2022\/03\/hoja1-560x420.jpg 560w, https:\/\/travesiapirenaica.com\/wp-content\/uploads\/2022\/03\/hoja1-80x60.jpg 80w, https:\/\/travesiapirenaica.com\/wp-content\/uploads\/2022\/03\/hoja1-265x198.jpg 265w, https:\/\/travesiapirenaica.com\/wp-content\/uploads\/2022\/03\/hoja1-600x450.jpg 600w\" sizes=\"auto, (max-width: 1024px) 100vw, 1024px\" \/><\/figure>\n\n\n\n<figure class=\"wp-block-image size-full\"><img loading=\"lazy\" decoding=\"async\" width=\"1024\" height=\"768\" src=\"https:\/\/travesiapirenaica.com\/wp-content\/uploads\/2022\/03\/hoja2.jpg\" alt=\"\" class=\"wp-image-32549\" srcset=\"https:\/\/travesiapirenaica.com\/wp-content\/uploads\/2022\/03\/hoja2.jpg 1024w, https:\/\/travesiapirenaica.com\/wp-content\/uploads\/2022\/03\/hoja2-300x225.jpg 300w, https:\/\/travesiapirenaica.com\/wp-content\/uploads\/2022\/03\/hoja2-768x576.jpg 768w, https:\/\/travesiapirenaica.com\/wp-content\/uploads\/2022\/03\/hoja2-150x113.jpg 150w, https:\/\/travesiapirenaica.com\/wp-content\/uploads\/2022\/03\/hoja2-696x522.jpg 696w, https:\/\/travesiapirenaica.com\/wp-content\/uploads\/2022\/03\/hoja2-560x420.jpg 560w, https:\/\/travesiapirenaica.com\/wp-content\/uploads\/2022\/03\/hoja2-80x60.jpg 80w, https:\/\/travesiapirenaica.com\/wp-content\/uploads\/2022\/03\/hoja2-265x198.jpg 265w, https:\/\/travesiapirenaica.com\/wp-content\/uploads\/2022\/03\/hoja2-600x450.jpg 600w\" sizes=\"auto, (max-width: 1024px) 100vw, 1024px\" \/><\/figure>\n\n\n\n<figure class=\"wp-block-image size-full\"><img loading=\"lazy\" decoding=\"async\" width=\"1024\" height=\"768\" src=\"https:\/\/travesiapirenaica.com\/wp-content\/uploads\/2022\/03\/hoja3.jpg\" alt=\"\" class=\"wp-image-32550\" srcset=\"https:\/\/travesiapirenaica.com\/wp-content\/uploads\/2022\/03\/hoja3.jpg 1024w, https:\/\/travesiapirenaica.com\/wp-content\/uploads\/2022\/03\/hoja3-300x225.jpg 300w, https:\/\/travesiapirenaica.com\/wp-content\/uploads\/2022\/03\/hoja3-768x576.jpg 768w, https:\/\/travesiapirenaica.com\/wp-content\/uploads\/2022\/03\/hoja3-150x113.jpg 150w, https:\/\/travesiapirenaica.com\/wp-content\/uploads\/2022\/03\/hoja3-696x522.jpg 696w, https:\/\/travesiapirenaica.com\/wp-content\/uploads\/2022\/03\/hoja3-560x420.jpg 560w, https:\/\/travesiapirenaica.com\/wp-content\/uploads\/2022\/03\/hoja3-80x60.jpg 80w, https:\/\/travesiapirenaica.com\/wp-content\/uploads\/2022\/03\/hoja3-265x198.jpg 265w, https:\/\/travesiapirenaica.com\/wp-content\/uploads\/2022\/03\/hoja3-600x450.jpg 600w\" sizes=\"auto, (max-width: 1024px) 100vw, 1024px\" \/><\/figure>\n\n\n\n<p>As can be seen, it consists of a graphic part and four sections for reading.<\/p>\n\n\n\n<ul class=\"wp-block-list\"><li>Mantle condition and recent observations<\/li><li>Evolution of the mantle and avalanche danger for the 20th.<\/li><li>Weather forecast for the day XX.<\/li><li>Developments for the 20th day.<\/li><\/ul>\n\n\n\n<p>Let's take a closer look at the sections that make up the graphic part of the bulletin:<\/p>\n\n\n\n<h3 class=\"wp-block-heading\">Massive:<\/h3>\n\n\n\n<p>This first section does not need much explanation, it refers to the area for which the avalanche hazard is described. Here we have to take into account that very large areas are evaluated and that for a particular area this may not correspond. It is our duty as mountaineers to judge the actual danger once on site, if it is greater than the predicted one.<\/p>\n\n\n\n<h3 class=\"wp-block-heading\">Danger of avalanches:<\/h3>\n\n\n\n<figure class=\"wp-block-image size-full\"><img loading=\"lazy\" decoding=\"async\" width=\"1024\" height=\"410\" src=\"https:\/\/travesiapirenaica.com\/wp-content\/uploads\/2022\/03\/peligro-1.jpg\" alt=\"\" class=\"wp-image-32552\" srcset=\"https:\/\/travesiapirenaica.com\/wp-content\/uploads\/2022\/03\/peligro-1.jpg 1024w, https:\/\/travesiapirenaica.com\/wp-content\/uploads\/2022\/03\/peligro-1-300x120.jpg 300w, https:\/\/travesiapirenaica.com\/wp-content\/uploads\/2022\/03\/peligro-1-768x308.jpg 768w, https:\/\/travesiapirenaica.com\/wp-content\/uploads\/2022\/03\/peligro-1-150x60.jpg 150w, https:\/\/travesiapirenaica.com\/wp-content\/uploads\/2022\/03\/peligro-1-696x279.jpg 696w, https:\/\/travesiapirenaica.com\/wp-content\/uploads\/2022\/03\/peligro-1-600x240.jpg 600w\" sizes=\"auto, (max-width: 1024px) 100vw, 1024px\" \/><\/figure>\n\n\n\n<p>Through the <strong>first symbol<\/strong> the avalanche danger is assessed using a five-level scale commonly used in all European countries.<\/p>\n\n\n\n<ul class=\"wp-block-list\"><li><strong>Green <\/strong>= Level 1 (Weak)<\/li><li><strong>Yellow <\/strong>= Level 2 (Limited)<\/li><li><strong>Orange <\/strong>= Level 3 (Merit)<\/li><li><strong>Red <\/strong>= Level 4 (Strong)<\/li><li><strong>Red\/Black <\/strong>= Level 5 (Very strong)<\/li><\/ul>\n\n\n\n<figure class=\"wp-block-image size-full\"><img loading=\"lazy\" decoding=\"async\" width=\"696\" height=\"559\" src=\"https:\/\/travesiapirenaica.com\/wp-content\/uploads\/2021\/11\/escala_aludes.jpg\" alt=\"\" class=\"wp-image-30977\" srcset=\"https:\/\/travesiapirenaica.com\/wp-content\/uploads\/2021\/11\/escala_aludes.jpg 696w, https:\/\/travesiapirenaica.com\/wp-content\/uploads\/2021\/11\/escala_aludes-300x241.jpg 300w, https:\/\/travesiapirenaica.com\/wp-content\/uploads\/2021\/11\/escala_aludes-150x120.jpg 150w, https:\/\/travesiapirenaica.com\/wp-content\/uploads\/2021\/11\/escala_aludes-523x420.jpg 523w, https:\/\/travesiapirenaica.com\/wp-content\/uploads\/2021\/11\/escala_aludes-600x482.jpg 600w\" sizes=\"auto, (max-width: 696px) 100vw, 696px\" \/><figcaption>European Avalanche Danger Scale.<\/figcaption><\/figure>\n\n\n\n<p>With the <strong>second symbol<\/strong> the degree of avalanche danger is indicated depending on the altitude. In the BPA of the example, in the case of the G\u00e1llego, the avalanche danger is strong (grade 4) above 2,200 metres and notable below this altitude.<\/p>\n\n\n\n<h3 class=\"wp-block-heading\">Avalanche problem, elevation, orientation and size:<\/h3>\n\n\n\n<figure class=\"wp-block-image size-full\"><img loading=\"lazy\" decoding=\"async\" width=\"1024\" height=\"409\" src=\"https:\/\/travesiapirenaica.com\/wp-content\/uploads\/2022\/03\/problemas-1.jpg\" alt=\"\" class=\"wp-image-32554\" srcset=\"https:\/\/travesiapirenaica.com\/wp-content\/uploads\/2022\/03\/problemas-1.jpg 1024w, https:\/\/travesiapirenaica.com\/wp-content\/uploads\/2022\/03\/problemas-1-300x120.jpg 300w, https:\/\/travesiapirenaica.com\/wp-content\/uploads\/2022\/03\/problemas-1-768x307.jpg 768w, https:\/\/travesiapirenaica.com\/wp-content\/uploads\/2022\/03\/problemas-1-150x60.jpg 150w, https:\/\/travesiapirenaica.com\/wp-content\/uploads\/2022\/03\/problemas-1-696x278.jpg 696w, https:\/\/travesiapirenaica.com\/wp-content\/uploads\/2022\/03\/problemas-1-600x240.jpg 600w\" sizes=\"auto, (max-width: 1024px) 100vw, 1024px\" \/><\/figure>\n\n\n\n<p>Looking again at the example bulletin, we see that there are two problems: blowing snow and fresh snow. A detailed description of these problems can be found in the document \"Snow and snow problems\".<a href=\"https:\/\/www.aemet.es\/documentos\/es\/conocermas\/montana\/problemas_aludes\/Problemastipicosdealudes.pdf\" target=\"_blank\" rel=\"noreferrer noopener\">Typical avalanche problems<\/a>\"published by AEMET and approved by EAWS.<\/p>\n\n\n\n<p>This is followed by a description of how the hazard is distributed, the elevation at which it appears, the orientation and the size of the avalanche defined by its capacity to cause damage.<\/p>\n\n\n\n<figure class=\"wp-block-image size-full\"><img loading=\"lazy\" decoding=\"async\" width=\"1024\" height=\"499\" src=\"https:\/\/travesiapirenaica.com\/wp-content\/uploads\/2022\/03\/tamano.jpg\" alt=\"\" class=\"wp-image-32555\" srcset=\"https:\/\/travesiapirenaica.com\/wp-content\/uploads\/2022\/03\/tamano.jpg 1024w, https:\/\/travesiapirenaica.com\/wp-content\/uploads\/2022\/03\/tamano-300x146.jpg 300w, https:\/\/travesiapirenaica.com\/wp-content\/uploads\/2022\/03\/tamano-768x374.jpg 768w, https:\/\/travesiapirenaica.com\/wp-content\/uploads\/2022\/03\/tamano-150x73.jpg 150w, https:\/\/travesiapirenaica.com\/wp-content\/uploads\/2022\/03\/tamano-696x339.jpg 696w, https:\/\/travesiapirenaica.com\/wp-content\/uploads\/2022\/03\/tamano-862x420.jpg 862w, https:\/\/travesiapirenaica.com\/wp-content\/uploads\/2022\/03\/tamano-533x261.jpg 533w, https:\/\/travesiapirenaica.com\/wp-content\/uploads\/2022\/03\/tamano-600x292.jpg 600w\" sizes=\"auto, (max-width: 1024px) 100vw, 1024px\" \/><\/figure>\n\n\n\n<p>Looking at the example bulletin for the case of the G\u00e1llego, we have that the danger of blowing snow is expected above 2,200 metres on North, East and South slopes, with an avalanche size of type 3. In the case of the danger of fresh snow, this can occur at any elevation, in any orientation, with an avalanche size of type 2.<\/p>\n\n\n\n<p>Finally, the snow cover on the north and south face is defined, 1400 metres in both cases for the example of the G\u00e1llego.<\/p>\n\n\n\n<h2 class=\"wp-block-heading\">Where to consult the Avalanche Danger Bulletin (BPA) for Spain and the Pyrenees:<\/h2>\n\n\n\n<ul class=\"wp-block-list\"><li><a href=\"http:\/\/www.aemet.es\/es\/eltiempo\/prediccion\/montana\/boletin_peligro_aludes\" target=\"_blank\" rel=\"noopener\">AEMET<\/a>Pyrenees of Navarre and Aragon, Catalan Pyrenees, Sierra de Guadarrama National Park, Picos de Europa National Park, Sierras del Cordel and Pe\u00f1a Labra.<\/li><li><a href=\"https:\/\/www.icgc.cat\/Ciutada\/Explora-Catalunya\/Allaus\/Butlleti-de-Perill-d-Allaus-BPA\" target=\"_blank\" rel=\"noopener\">Institut Cartogr\u00e0fic i Geologic de Catalunya (Cartographic and Geological Institute of Catalonia)<\/a>Aran Franja Nord Pallaresa, Ribagor\u00e7ana - Vall Fosca, Pallaresa, Perafita - Puigpedr\u00f3s, Vessant Nord Cad\u00ed - Moixer\u00f3, Prepirineu and Ter - Freser.<\/li><li><a href=\"https:\/\/meteofrance.com\/meteo-montagne\/pyrenees\/risques-avalanche\" target=\"_blank\" rel=\"noopener\">Meteo France (Pyrenees)<\/a>Pays-Basque, Aspe-Ossau, Haute-Bigorre, Aure-Louron, Luchonnais, Couserans, Haut-Ariege, Andorre, Orlu St Barthelemy, Capcir-Puymorens and Cerdagne-Canigou.<\/li><li><a href=\"http:\/\/www.meteo.ad\/estatneu\" target=\"_blank\" rel=\"noopener\">Servei Meteorol\u00f2gic Nacional del Govern d'Andorra (National Meteorological Service of the Government of Andorra)<\/a>.<\/li><\/ul>","protected":false},"excerpt":{"rendered":"Do you know how to read the Avalanche Danger Bulletin beyond the final number? If the answer is no, you are missing out on valuable information.","protected":false},"author":191,"featured_media":32557,"comment_status":"closed","ping_status":"closed","sticky":false,"template":"","format":"standard","meta":{"_kad_blocks_custom_css":"","_kad_blocks_head_custom_js":"","_kad_blocks_body_custom_js":"","_kad_blocks_footer_custom_js":"","episode_type":"audio","audio_file":"","podmotor_file_id":"","podmotor_episode_id":"","cover_image":"","cover_image_id":"","duration":"","filesize":"","filesize_raw":"","date_recorded":"","explicit":"","block":"","_kad_post_transparent":"","_kad_post_title":"","_kad_post_layout":"","_kad_post_sidebar_id":"","_kad_post_content_style":"","_kad_post_vertical_padding":"","_kad_post_feature":"","_kad_post_feature_position":"","_kad_post_header":false,"_kad_post_footer":false,"_kad_post_classname":"","_jetpack_memberships_contains_paid_content":false,"footnotes":""},"categories":[2958,2946,1577],"tags":[],"series":[],"class_list":["post-32547","post","type-post","status-publish","format-standard","has-post-thumbnail","hentry","category-seguridad","category-montana","category-tecnica"],"episode_featured_image":"https:\/\/travesiapirenaica.com\/wp-content\/uploads\/2022\/03\/alud.jpg","episode_player_image":"https:\/\/travesiapirenaica.com\/wp-content\/uploads\/2017\/12\/Caratula-Podcast-Maldita-Montana_1500x1500_72pp-p_.jpg","download_link":"","player_link":"","audio_player":false,"episode_data":{"playerMode":"dark","subscribeUrls":[],"rssFeedUrl":"https:\/\/travesiapirenaica.com\/en\/feed\/podcast\/maldita-montana","embedCode":"<blockquote class=\"wp-embedded-content\" data-secret=\"5EO8wtGULH\"><a href=\"https:\/\/travesiapirenaica.com\/en\/boletin-aludes\/\">Bolet\u00edn de Peligro de Aludes (BPA)<\/a><\/blockquote><iframe sandbox=\"allow-scripts\" security=\"restricted\" src=\"https:\/\/travesiapirenaica.com\/en\/boletin-aludes\/embed\/#?secret=5EO8wtGULH\" width=\"500\" height=\"350\" title=\"&#8220;Bolet\u00edn de Peligro de Aludes (BPA)&#8221; &#8212; Traves\u00eda.\" data-secret=\"5EO8wtGULH\" frameborder=\"0\" marginwidth=\"0\" marginheight=\"0\" scrolling=\"no\" class=\"wp-embedded-content\"><\/iframe><script>\n\/*! This file is auto-generated *\/\n!function(d,l){\"use strict\";l.querySelector&&d.addEventListener&&\"undefined\"!=typeof URL&&(d.wp=d.wp||{},d.wp.receiveEmbedMessage||(d.wp.receiveEmbedMessage=function(e){var t=e.data;if((t||t.secret||t.message||t.value)&&!\/[^a-zA-Z0-9]\/.test(t.secret)){for(var s,r,n,a=l.querySelectorAll('iframe[data-secret=\"'+t.secret+'\"]'),o=l.querySelectorAll('blockquote[data-secret=\"'+t.secret+'\"]'),c=new RegExp(\"^https?:$\",\"i\"),i=0;i<o.length;i++)o[i].style.display=\"none\";for(i=0;i<a.length;i++)s=a[i],e.source===s.contentWindow&&(s.removeAttribute(\"style\"),\"height\"===t.message?(1e3<(r=parseInt(t.value,10))?r=1e3:~~r<200&&(r=200),s.height=r):\"link\"===t.message&&(r=new URL(s.getAttribute(\"src\")),n=new URL(t.value),c.test(n.protocol))&&n.host===r.host&&l.activeElement===s&&(d.top.location.href=t.value))}},d.addEventListener(\"message\",d.wp.receiveEmbedMessage,!1),l.addEventListener(\"DOMContentLoaded\",function(){for(var e,t,s=l.querySelectorAll(\"iframe.wp-embedded-content\"),r=0;r<s.length;r++)(t=(e=s[r]).getAttribute(\"data-secret\"))||(t=Math.random().toString(36).substring(2,12),e.src+=\"#?secret=\"+t,e.setAttribute(\"data-secret\",t)),e.contentWindow.postMessage({message:\"ready\",secret:t},\"*\")},!1)))}(window,document);\n\/\/# sourceURL=https:\/\/travesiapirenaica.com\/wp-includes\/js\/wp-embed.min.js\n<\/script>\n"},"taxonomy_info":{"category":[{"value":2958,"label":"Seguridad"},{"value":2946,"label":"Monta\u00f1a"},{"value":1577,"label":"T\u00e9cnica"}]},"featured_image_src_large":["https:\/\/travesiapirenaica.com\/wp-content\/uploads\/2022\/03\/alud.jpg",1024,768,false],"author_info":{"display_name":"Eduardo Azcona","author_link":"https:\/\/travesiapirenaica.com\/en\/author\/eduardo-2\/"},"comment_info":0,"category_info":[{"term_id":2958,"name":"Seguridad","slug":"seguridad","term_group":0,"term_taxonomy_id":2974,"taxonomy":"category","description":"Seguridad","parent":2946,"count":22,"filter":"raw","cat_ID":2958,"category_count":22,"category_description":"Seguridad","cat_name":"Seguridad","category_nicename":"seguridad","category_parent":2946},{"term_id":2946,"name":"Monta\u00f1a","slug":"montana","term_group":0,"term_taxonomy_id":2962,"taxonomy":"category","description":"Monta\u00f1a ","parent":1577,"count":24,"filter":"raw","cat_ID":2946,"category_count":24,"category_description":"Monta\u00f1a ","cat_name":"Monta\u00f1a","category_nicename":"montana","category_parent":1577},{"term_id":1577,"name":"T\u00e9cnica","slug":"tecnica","term_group":0,"term_taxonomy_id":1593,"taxonomy":"category","description":"T\u00e9cnica ","parent":0,"count":13,"filter":"raw","cat_ID":1577,"category_count":13,"category_description":"T\u00e9cnica ","cat_name":"T\u00e9cnica","category_nicename":"tecnica","category_parent":0}],"tag_info":false,"jetpack_featured_media_url":"https:\/\/travesiapirenaica.com\/wp-content\/uploads\/2022\/03\/alud.jpg","jetpack_sharing_enabled":true,"_links":{"self":[{"href":"https:\/\/travesiapirenaica.com\/en\/wp-json\/wp\/v2\/posts\/32547","targetHints":{"allow":["GET"]}}],"collection":[{"href":"https:\/\/travesiapirenaica.com\/en\/wp-json\/wp\/v2\/posts"}],"about":[{"href":"https:\/\/travesiapirenaica.com\/en\/wp-json\/wp\/v2\/types\/post"}],"author":[{"embeddable":true,"href":"https:\/\/travesiapirenaica.com\/en\/wp-json\/wp\/v2\/users\/191"}],"replies":[{"embeddable":true,"href":"https:\/\/travesiapirenaica.com\/en\/wp-json\/wp\/v2\/comments?post=32547"}],"version-history":[{"count":0,"href":"https:\/\/travesiapirenaica.com\/en\/wp-json\/wp\/v2\/posts\/32547\/revisions"}],"wp:featuredmedia":[{"embeddable":true,"href":"https:\/\/travesiapirenaica.com\/en\/wp-json\/wp\/v2\/media\/32557"}],"wp:attachment":[{"href":"https:\/\/travesiapirenaica.com\/en\/wp-json\/wp\/v2\/media?parent=32547"}],"wp:term":[{"taxonomy":"category","embeddable":true,"href":"https:\/\/travesiapirenaica.com\/en\/wp-json\/wp\/v2\/categories?post=32547"},{"taxonomy":"post_tag","embeddable":true,"href":"https:\/\/travesiapirenaica.com\/en\/wp-json\/wp\/v2\/tags?post=32547"},{"taxonomy":"series","embeddable":true,"href":"https:\/\/travesiapirenaica.com\/en\/wp-json\/wp\/v2\/series?post=32547"}],"curies":[{"name":"wp","href":"https:\/\/api.w.org\/{rel}","templated":true}]}}