{"id":32632,"date":"2022-03-20T09:55:00","date_gmt":"2022-03-20T08:55:00","guid":{"rendered":"https:\/\/travesiapirenaica.com\/?p=32632"},"modified":"2022-03-23T09:56:31","modified_gmt":"2022-03-23T08:56:31","slug":"tall-tales-i-the-end-of-an-adventure","status":"publish","type":"post","link":"https:\/\/travesiapirenaica.com\/en\/relatos-de-altura-i-el-final-de-una-aventura\/","title":{"rendered":"The end of an adventure"},"content":{"rendered":"<p><em>We continue with the publication of the micro-stories of the first edition of the competition:&nbsp;<a href=\"https:\/\/travesiapirenaica.com\/en\/micro-story-competition\/\">High Altitude Stories<\/a>we let you enjoy with \"<\/em>The end of an adventure<em>\"by Mar\u00eda Elena Pe\u00f1alver Pa\u00f1os<\/em>.<\/p>\n\n\n\n<h2 class=\"wp-block-heading\" id=\"aqui-y-ahora\"><em>The end of an adventure<\/em><\/h2>\n\n\n\n<p><em>-by&nbsp;<em>Mar\u00eda Elena Pe\u00f1alver Pa\u00f1os<\/em><\/em>-<\/p>\n\n\n\n<p>I write this with frozen fingers. In memory of my fallen comrades. The wind was our great enemy. We had to fight its fury like lions to reach this tiny cave. Its ally the cold attacked us without warning. We were not prepared for such a drastic drop in temperature. No one was able to predict it.<\/p>\n\n\n\n<p>We were deceived by the sun when we set off. We expected an uncomplicated journey. Four hours later black clouds obscured its light. The snow began to fall with such intensity that it made it impossible to return to base camp. Under the blizzard, frightened by the weather conditions, we decided to continue onwards to reach the shelter of an ancient cave known to our native guide.<\/p>\n\n\n\n<p>We are five men. There is only room for two people in this stone hole. We take turns looking for their shelter even though we know that none of us will survive.<\/p>\n\n\n\n<p>I am the only one left.<\/p>","protected":false},"excerpt":{"rendered":"We continue with the publication of the micro-stories of the first edition of the competition: Relatos de Altura,...","protected":false},"author":1,"featured_media":32638,"comment_status":"closed","ping_status":"closed","sticky":false,"template":"","format":"standard","meta":{"_kad_blocks_custom_css":"","_kad_blocks_head_custom_js":"","_kad_blocks_body_custom_js":"","_kad_blocks_footer_custom_js":"","episode_type":"audio","audio_file":"","podmotor_file_id":"","podmotor_episode_id":"","cover_image":"","cover_image_id":"","duration":"","filesize":"","filesize_raw":"","date_recorded":"","explicit":"","block":"","_kad_post_transparent":"","_kad_post_title":"","_kad_post_layout":"","_kad_post_sidebar_id":"","_kad_post_content_style":"","_kad_post_vertical_padding":"","_kad_post_feature":"","_kad_post_feature_position":"","_kad_post_header":false,"_kad_post_footer":false,"_kad_post_classname":"","_jetpack_memberships_contains_paid_content":false,"footnotes":""},"categories":[54],"tags":[3022],"series":[],"class_list":["post-32632","post","type-post","status-publish","format-standard","has-post-thumbnail","hentry","category-cultura","tag-microrrelatos"],"episode_featured_image":"https:\/\/travesiapirenaica.com\/wp-content\/uploads\/2022\/03\/Relatos-de-altura-I-El-final-de-una-aventura.jpg","episode_player_image":"https:\/\/travesiapirenaica.com\/wp-content\/uploads\/2017\/12\/Caratula-Podcast-Maldita-Montana_1500x1500_72pp-p_.jpg","download_link":"","player_link":"","audio_player":false,"episode_data":{"playerMode":"dark","subscribeUrls":[],"rssFeedUrl":"https:\/\/travesiapirenaica.com\/en\/feed\/podcast\/maldita-montana","embedCode":"<blockquote class=\"wp-embedded-content\" data-secret=\"djU0XEq2IZ\"><a href=\"https:\/\/travesiapirenaica.com\/en\/relatos-de-altura-i-el-final-de-una-aventura\/\">El final de una aventura<\/a><\/blockquote><iframe sandbox=\"allow-scripts\" security=\"restricted\" src=\"https:\/\/travesiapirenaica.com\/en\/relatos-de-altura-i-el-final-de-una-aventura\/embed\/#?secret=djU0XEq2IZ\" width=\"500\" height=\"350\" title=\"&#8220;El final de una aventura&#8221; &#8212; Traves\u00eda.\" data-secret=\"djU0XEq2IZ\" frameborder=\"0\" marginwidth=\"0\" marginheight=\"0\" scrolling=\"no\" class=\"wp-embedded-content\"><\/iframe><script>\n\/*! This file is auto-generated *\/\n!function(d,l){\"use strict\";l.querySelector&&d.addEventListener&&\"undefined\"!=typeof URL&&(d.wp=d.wp||{},d.wp.receiveEmbedMessage||(d.wp.receiveEmbedMessage=function(e){var t=e.data;if((t||t.secret||t.message||t.value)&&!\/[^a-zA-Z0-9]\/.test(t.secret)){for(var s,r,n,a=l.querySelectorAll('iframe[data-secret=\"'+t.secret+'\"]'),o=l.querySelectorAll('blockquote[data-secret=\"'+t.secret+'\"]'),c=new RegExp(\"^https?:$\",\"i\"),i=0;i<o.length;i++)o[i].style.display=\"none\";for(i=0;i<a.length;i++)s=a[i],e.source===s.contentWindow&&(s.removeAttribute(\"style\"),\"height\"===t.message?(1e3<(r=parseInt(t.value,10))?r=1e3:~~r<200&&(r=200),s.height=r):\"link\"===t.message&&(r=new URL(s.getAttribute(\"src\")),n=new URL(t.value),c.test(n.protocol))&&n.host===r.host&&l.activeElement===s&&(d.top.location.href=t.value))}},d.addEventListener(\"message\",d.wp.receiveEmbedMessage,!1),l.addEventListener(\"DOMContentLoaded\",function(){for(var e,t,s=l.querySelectorAll(\"iframe.wp-embedded-content\"),r=0;r<s.length;r++)(t=(e=s[r]).getAttribute(\"data-secret\"))||(t=Math.random().toString(36).substring(2,12),e.src+=\"#?secret=\"+t,e.setAttribute(\"data-secret\",t)),e.contentWindow.postMessage({message:\"ready\",secret:t},\"*\")},!1)))}(window,document);\n\/\/# sourceURL=https:\/\/travesiapirenaica.com\/wp-includes\/js\/wp-embed.min.js\n<\/script>\n"},"taxonomy_info":{"category":[{"value":54,"label":"Cultura"}],"post_tag":[{"value":3022,"label":"microrrelatos"}]},"featured_image_src_large":["https:\/\/travesiapirenaica.com\/wp-content\/uploads\/2022\/03\/Relatos-de-altura-I-El-final-de-una-aventura-1024x768.jpg",1024,768,true],"author_info":{"display_name":"Traves\u00eda Pirenaica","author_link":"https:\/\/travesiapirenaica.com\/en\/author\/travesia-pirenaica\/"},"comment_info":0,"category_info":[{"term_id":54,"name":"Cultura","slug":"cultura","term_group":0,"term_taxonomy_id":54,"taxonomy":"category","description":"","parent":0,"count":239,"filter":"raw","cat_ID":54,"category_count":239,"category_description":"","cat_name":"Cultura","category_nicename":"cultura","category_parent":0}],"tag_info":[{"term_id":3022,"name":"microrrelatos","slug":"microrrelatos","term_group":0,"term_taxonomy_id":3038,"taxonomy":"post_tag","description":"","parent":0,"count":212,"filter":"raw"}],"jetpack_featured_media_url":"https:\/\/travesiapirenaica.com\/wp-content\/uploads\/2022\/03\/Relatos-de-altura-I-El-final-de-una-aventura.jpg","jetpack_sharing_enabled":true,"_links":{"self":[{"href":"https:\/\/travesiapirenaica.com\/en\/wp-json\/wp\/v2\/posts\/32632","targetHints":{"allow":["GET"]}}],"collection":[{"href":"https:\/\/travesiapirenaica.com\/en\/wp-json\/wp\/v2\/posts"}],"about":[{"href":"https:\/\/travesiapirenaica.com\/en\/wp-json\/wp\/v2\/types\/post"}],"author":[{"embeddable":true,"href":"https:\/\/travesiapirenaica.com\/en\/wp-json\/wp\/v2\/users\/1"}],"replies":[{"embeddable":true,"href":"https:\/\/travesiapirenaica.com\/en\/wp-json\/wp\/v2\/comments?post=32632"}],"version-history":[{"count":0,"href":"https:\/\/travesiapirenaica.com\/en\/wp-json\/wp\/v2\/posts\/32632\/revisions"}],"wp:featuredmedia":[{"embeddable":true,"href":"https:\/\/travesiapirenaica.com\/en\/wp-json\/wp\/v2\/media\/32638"}],"wp:attachment":[{"href":"https:\/\/travesiapirenaica.com\/en\/wp-json\/wp\/v2\/media?parent=32632"}],"wp:term":[{"taxonomy":"category","embeddable":true,"href":"https:\/\/travesiapirenaica.com\/en\/wp-json\/wp\/v2\/categories?post=32632"},{"taxonomy":"post_tag","embeddable":true,"href":"https:\/\/travesiapirenaica.com\/en\/wp-json\/wp\/v2\/tags?post=32632"},{"taxonomy":"series","embeddable":true,"href":"https:\/\/travesiapirenaica.com\/en\/wp-json\/wp\/v2\/series?post=32632"}],"curies":[{"name":"wp","href":"https:\/\/api.w.org\/{rel}","templated":true}]}}