{"id":33807,"date":"2024-10-23T17:04:38","date_gmt":"2024-10-23T15:04:38","guid":{"rendered":"https:\/\/travesiapirenaica.com\/?p=33807"},"modified":"2024-10-23T17:04:40","modified_gmt":"2024-10-23T15:04:40","slug":"montseny-ascension-tagamanent-between-figaro-and-aiguafreda","status":"publish","type":"post","link":"https:\/\/travesiapirenaica.com\/en\/montseny-ascension-tagamanent-entre-figaro-y-aiguafreda\/","title":{"rendered":"<strong>El Montseny: Tagamanent ascent between Figar\u00f3 and Aiguafreda<\/strong>"},"content":{"rendered":"<p>A route designed between two train stops, through the western part of the massif. During the ascent to Tagamanent, we will be able to see from the Mediterranean forest to the central-European atmosphere of the pla de la Calma.<\/p>\n\n\n\n<p>The Montseny natural area is part of the Catalan pre-coastal mountain range and straddles the provinces of Barcelona and Girona. There is a great diversity of forests: holm oak, pine, chestnut, beech and fir woods... As for the fauna, Mediterranean species such as wild boar, foxes and squirrels coexist with others of central European distribution, such as the marten, the red frog and the Aesculapius snake. It also has an endemic species, the Montseny newt.<\/p>\n\n\n\n<h2 class=\"wp-block-heading\">Summary<\/h2>\n\n\n\n<p>The route starts in Figar\u00f3, a town with a modernist and noucentista architectural heritage. Follow the PR-C33 markers that lead you up the \u00c0ngelus stairs. You reach the Mol\u00ed spring, the hermitage and the rectory of Vallc\u00e0rquera. From here, you climb steadily through the wooded area to the summit of Tagamanent. Here you will find unbeatable views of a large part of the pre-coastal mountain range. Now we start to descend following the GR-5, which after passing the ruins of the Puig-agut farmhouse and the Amargosa spring will take us to the village of Aiguafreda and l'Abella, where we can catch the train.<\/p>\n\n\n\n<h2 class=\"wp-block-heading\">Map<\/h2>\n\n\n\n<iframe loading=\"lazy\" frameborder=\"0\" scrolling=\"no\" src=\"https:\/\/es.wikiloc.com\/wikiloc\/spatialArtifacts.do?event=view&#038;id=10326107&#038;measures=off&#038;title=off&#038;near=off&#038;images=off&#038;maptype=H\" width=\"100%\" height=\"400\"><\/iframe><div style=\"color:#777;font-size:11px;line-height:16px;\"><\/div>\n\n\n\n<div class=\"wp-block-group has-background\" style=\"background-color:#abb7c245\"><div class=\"wp-block-group__inner-container is-layout-constrained wp-block-group-is-layout-constrained\">\n<h2 class=\"has-background wp-block-heading\" style=\"background-color:#abb7c200\">Technical specifications<\/h2>\n\n\n\n<ul class=\"has-background wp-block-list\" style=\"background-color:#abb7c200\">\n<li><strong>One-way transport: <\/strong>RENFE. Line 3. BCN- Vic. El Figar\u00f3 stop<\/li>\n\n\n\n<li><strong>Return transport: <\/strong>RENFE. Line 3. BCN- Vic. Sant Mart\u00ed de Centelles stop<\/li>\n\n\n\n<li><strong>Distance: <\/strong>13.4 km<\/li>\n\n\n\n<li><strong>Cumulative difference in altitude: <\/strong>+ 729 m\/ - 643 m<\/li>\n\n\n\n<li><strong>Duration: <\/strong>About 4 and a half hours. Not counting stops.<\/li>\n\n\n\n<li><strong>Difficulty: <\/strong>Medium. Steady climb on the first part of the route.<\/li>\n\n\n\n<li><strong>Water points: <\/strong>In both towns and at the Mol\u00ed spring.<\/li>\n\n\n\n<li><strong>Recommended equipment: <\/strong>Comfortable clothes, water and some food, sun protection and a walking stick for the climb.<\/li>\n<\/ul>\n<\/div><\/div>\n\n\n\n<h2 class=\"wp-block-heading\">Itinerary<\/h2>\n\n\n\n<p>-<strong>0 h. 0 Km. 330 m. El Figar\u00f3<\/strong>. We leave the station and cross a bridge over the C-17 and the river Congost. Turn left onto the Ribes road. You will see signs for an urban walk through this modernist town. When you reach the \u00c0ngelus residence, leave a path also marked as PR and start to climb to the right along the PR C-33, by the \u00c0ngelus stairs. At the end, turn left into Pare Jacint Verdaguer street until you reach Pla\u00e7a Francesc Gamb\u00fas.<\/p>\n\n\n\n<p><br>- <strong>10 min. 0.8 Km. 360 m. Vallc\u00e0rquera path. <\/strong>We enter an asphalted forest track that leaves the square. The first part is flat, but then it goes uphill. You reach an esplanade where you will find signs for a nature trail in Vallc\u00e0rquera. You pass over the stream of the same name.<\/p>\n\n\n\n<p><br>- <strong>30 min. 1,8 Km. 400 m. Font del Mol\u00ed<\/strong>. Located to the left of the track, it flows from a tap attached to a mill wheel. To the right are the ruins of the mill and a pond. You reach the Romanesque chapel of Sant Pere de Vallc\u00e0rquera (11th century) with Can Xicola attached. Continue uphill until you reach the end of the asphalt. At the next fork, leave the PR that goes to the right.<\/p>\n\n\n\n<figure class=\"wp-block-image size-large\"><img loading=\"lazy\" decoding=\"async\" width=\"1024\" height=\"768\" src=\"https:\/\/travesiapirenaica.com\/wp-content\/uploads\/2022\/11\/Fuente-del-Moli..-Foto-Rafa-Lopez-Martin-1024x768.jpg\" alt=\"Fuente del Moli... \/ Photo: Rafa Lopez Martin\" class=\"wp-image-33818\" srcset=\"https:\/\/travesiapirenaica.com\/wp-content\/uploads\/2022\/11\/Fuente-del-Moli..-Foto-Rafa-Lopez-Martin-1024x768.jpg 1024w, https:\/\/travesiapirenaica.com\/wp-content\/uploads\/2022\/11\/Fuente-del-Moli..-Foto-Rafa-Lopez-Martin-300x225.jpg 300w, https:\/\/travesiapirenaica.com\/wp-content\/uploads\/2022\/11\/Fuente-del-Moli..-Foto-Rafa-Lopez-Martin-768x576.jpg 768w, https:\/\/travesiapirenaica.com\/wp-content\/uploads\/2022\/11\/Fuente-del-Moli..-Foto-Rafa-Lopez-Martin-150x113.jpg 150w, https:\/\/travesiapirenaica.com\/wp-content\/uploads\/2022\/11\/Fuente-del-Moli..-Foto-Rafa-Lopez-Martin-696x522.jpg 696w, https:\/\/travesiapirenaica.com\/wp-content\/uploads\/2022\/11\/Fuente-del-Moli..-Foto-Rafa-Lopez-Martin-1068x801.jpg 1068w, https:\/\/travesiapirenaica.com\/wp-content\/uploads\/2022\/11\/Fuente-del-Moli..-Foto-Rafa-Lopez-Martin-560x420.jpg 560w, https:\/\/travesiapirenaica.com\/wp-content\/uploads\/2022\/11\/Fuente-del-Moli..-Foto-Rafa-Lopez-Martin-80x60.jpg 80w, https:\/\/travesiapirenaica.com\/wp-content\/uploads\/2022\/11\/Fuente-del-Moli..-Foto-Rafa-Lopez-Martin-265x198.jpg 265w, https:\/\/travesiapirenaica.com\/wp-content\/uploads\/2022\/11\/Fuente-del-Moli..-Foto-Rafa-Lopez-Martin-600x450.jpg 600w, https:\/\/travesiapirenaica.com\/wp-content\/uploads\/2022\/11\/Fuente-del-Moli..-Foto-Rafa-Lopez-Martin.jpg 1200w\" sizes=\"auto, (max-width: 1024px) 100vw, 1024px\" \/><figcaption class=\"wp-element-caption\">Mol\u00ed Fountain \/ Photo: Rafa L\u00f3pez Mart\u00edn<\/figcaption><\/figure>\n\n\n\n<p><br>- <strong>40 min. 2.5 km. 460 m. Vallc\u00e0rquera Rectory. <\/strong>Environmental equipment. At the next fork, turn left following the signs to Tagamanent. We leave a path on the left, Can Parraubis on the right and climb steeply through the mixed forest of holm oaks and pines. Later we leave a path on the left and another on the right.<\/p>\n\n\n\n<p><br>- <strong>55 min. 3.3 km. 550 m. <\/strong>We reach a fork, which we take to the right following the signs to Pla de la Calma and Tagamanent. Afterwards, it becomes smoother. On the left, we can see Puiggraci\u00f3s and the telegraph tower.<\/p>\n\n\n\n<p><br>-<strong>1 h 25 min. 4.5 Km. 755 m. Pla de Santa Maria. <\/strong>Fork, leave a track on the left, a path in front, and turn right. Leave the Can Coll farmhouse on the left.<\/p>\n\n\n\n<p>- <strong>1 h 40 min. 5.5 Km. 847 m. Col de la Creu de Can Coll. <\/strong>Junction of paths. We leave one path on the left, and from the three on the right we take the middle path, marked with a wooden pole and some red markers. Shortly after we reach a fork, we go to the right. The vegetation is bushy, with some oaks, pines and junipers. We can see traces of the presence of wildlife, such as ground disturbed by wild boars and pine cones gnawed by squirrels. We go to the right following the milestones until we reach a track, which we take to the left going downhill. On the left you have a view of the Cingles, Montcau and La Mola, and the spires of Montserrat. Once you pass a ruined building, take a path on the right that goes uphill a few metres further on. You reach a fork, leave the path that goes up on the right and take the path on the left.<\/p>\n\n\n\n<figure class=\"wp-block-image size-large\"><img loading=\"lazy\" decoding=\"async\" width=\"1024\" height=\"768\" src=\"https:\/\/travesiapirenaica.com\/wp-content\/uploads\/2022\/11\/Vistas-de-los-Cingles-del-Berti-en-la-subida-al-Tagamanent.-Foto-Rafa-Lopez-Martin-1024x768.jpg\" alt=\"View of the Cingles del Berti on the ascent to Tagamanent \/ Photo: Rafa Lopez Martin\" class=\"wp-image-33816\" srcset=\"https:\/\/travesiapirenaica.com\/wp-content\/uploads\/2022\/11\/Vistas-de-los-Cingles-del-Berti-en-la-subida-al-Tagamanent.-Foto-Rafa-Lopez-Martin-1024x768.jpg 1024w, https:\/\/travesiapirenaica.com\/wp-content\/uploads\/2022\/11\/Vistas-de-los-Cingles-del-Berti-en-la-subida-al-Tagamanent.-Foto-Rafa-Lopez-Martin-300x225.jpg 300w, https:\/\/travesiapirenaica.com\/wp-content\/uploads\/2022\/11\/Vistas-de-los-Cingles-del-Berti-en-la-subida-al-Tagamanent.-Foto-Rafa-Lopez-Martin-768x576.jpg 768w, https:\/\/travesiapirenaica.com\/wp-content\/uploads\/2022\/11\/Vistas-de-los-Cingles-del-Berti-en-la-subida-al-Tagamanent.-Foto-Rafa-Lopez-Martin-150x113.jpg 150w, https:\/\/travesiapirenaica.com\/wp-content\/uploads\/2022\/11\/Vistas-de-los-Cingles-del-Berti-en-la-subida-al-Tagamanent.-Foto-Rafa-Lopez-Martin-696x522.jpg 696w, https:\/\/travesiapirenaica.com\/wp-content\/uploads\/2022\/11\/Vistas-de-los-Cingles-del-Berti-en-la-subida-al-Tagamanent.-Foto-Rafa-Lopez-Martin-1068x801.jpg 1068w, https:\/\/travesiapirenaica.com\/wp-content\/uploads\/2022\/11\/Vistas-de-los-Cingles-del-Berti-en-la-subida-al-Tagamanent.-Foto-Rafa-Lopez-Martin-560x420.jpg 560w, https:\/\/travesiapirenaica.com\/wp-content\/uploads\/2022\/11\/Vistas-de-los-Cingles-del-Berti-en-la-subida-al-Tagamanent.-Foto-Rafa-Lopez-Martin-80x60.jpg 80w, https:\/\/travesiapirenaica.com\/wp-content\/uploads\/2022\/11\/Vistas-de-los-Cingles-del-Berti-en-la-subida-al-Tagamanent.-Foto-Rafa-Lopez-Martin-265x198.jpg 265w, https:\/\/travesiapirenaica.com\/wp-content\/uploads\/2022\/11\/Vistas-de-los-Cingles-del-Berti-en-la-subida-al-Tagamanent.-Foto-Rafa-Lopez-Martin-600x450.jpg 600w, https:\/\/travesiapirenaica.com\/wp-content\/uploads\/2022\/11\/Vistas-de-los-Cingles-del-Berti-en-la-subida-al-Tagamanent.-Foto-Rafa-Lopez-Martin.jpg 1200w\" sizes=\"auto, (max-width: 1024px) 100vw, 1024px\" \/><figcaption class=\"wp-element-caption\">Views of the Cingles del Bert\u00ed on the ascent to Tagamanent \/ Photo: Rafa L\u00f3pez Mart\u00edn<\/figcaption><\/figure>\n\n\n\n<p><br>-<strong>2h5 min. 6.4 km. 990 m. Font de Obra<\/strong>. Located in a building, it is dry all year round. We go up a very faded path until we reach another transversal path. On the right we would go to the pla de la Calma, we go to the left. At the next fork we leave the path that goes straight ahead (after visiting the summit, we continue along this path) and turn right uphill. We skirt the rocky platform, take a path to the right, leaving the one we were on and go uphill.<\/p>\n\n\n\n<figure class=\"wp-block-image size-large\"><img loading=\"lazy\" decoding=\"async\" width=\"1024\" height=\"768\" src=\"https:\/\/travesiapirenaica.com\/wp-content\/uploads\/2022\/11\/Lagartija-comun-regulando-su-temperatura-corporal-en-las-ruinas-del-Tagamanent.-Foto-Rafa-Lopez-Martin-1024x768.jpg\" alt=\"Common lizard regulating its body temperature in the ruins of Tagamanent \/ Photo: Rafa Lopez Martin\" class=\"wp-image-33819\" srcset=\"https:\/\/travesiapirenaica.com\/wp-content\/uploads\/2022\/11\/Lagartija-comun-regulando-su-temperatura-corporal-en-las-ruinas-del-Tagamanent.-Foto-Rafa-Lopez-Martin-1024x768.jpg 1024w, https:\/\/travesiapirenaica.com\/wp-content\/uploads\/2022\/11\/Lagartija-comun-regulando-su-temperatura-corporal-en-las-ruinas-del-Tagamanent.-Foto-Rafa-Lopez-Martin-300x225.jpg 300w, https:\/\/travesiapirenaica.com\/wp-content\/uploads\/2022\/11\/Lagartija-comun-regulando-su-temperatura-corporal-en-las-ruinas-del-Tagamanent.-Foto-Rafa-Lopez-Martin-768x576.jpg 768w, https:\/\/travesiapirenaica.com\/wp-content\/uploads\/2022\/11\/Lagartija-comun-regulando-su-temperatura-corporal-en-las-ruinas-del-Tagamanent.-Foto-Rafa-Lopez-Martin-150x113.jpg 150w, https:\/\/travesiapirenaica.com\/wp-content\/uploads\/2022\/11\/Lagartija-comun-regulando-su-temperatura-corporal-en-las-ruinas-del-Tagamanent.-Foto-Rafa-Lopez-Martin-696x522.jpg 696w, https:\/\/travesiapirenaica.com\/wp-content\/uploads\/2022\/11\/Lagartija-comun-regulando-su-temperatura-corporal-en-las-ruinas-del-Tagamanent.-Foto-Rafa-Lopez-Martin-1068x801.jpg 1068w, https:\/\/travesiapirenaica.com\/wp-content\/uploads\/2022\/11\/Lagartija-comun-regulando-su-temperatura-corporal-en-las-ruinas-del-Tagamanent.-Foto-Rafa-Lopez-Martin-560x420.jpg 560w, https:\/\/travesiapirenaica.com\/wp-content\/uploads\/2022\/11\/Lagartija-comun-regulando-su-temperatura-corporal-en-las-ruinas-del-Tagamanent.-Foto-Rafa-Lopez-Martin-80x60.jpg 80w, https:\/\/travesiapirenaica.com\/wp-content\/uploads\/2022\/11\/Lagartija-comun-regulando-su-temperatura-corporal-en-las-ruinas-del-Tagamanent.-Foto-Rafa-Lopez-Martin-265x198.jpg 265w, https:\/\/travesiapirenaica.com\/wp-content\/uploads\/2022\/11\/Lagartija-comun-regulando-su-temperatura-corporal-en-las-ruinas-del-Tagamanent.-Foto-Rafa-Lopez-Martin-600x450.jpg 600w, https:\/\/travesiapirenaica.com\/wp-content\/uploads\/2022\/11\/Lagartija-comun-regulando-su-temperatura-corporal-en-las-ruinas-del-Tagamanent.-Foto-Rafa-Lopez-Martin.jpg 1200w\" sizes=\"auto, (max-width: 1024px) 100vw, 1024px\" \/><figcaption class=\"wp-element-caption\">Common lizard regulating its body temperature in the ruins of Tagamanent \/ Photo: Rafa L\u00f3pez Mart\u00edn<\/figcaption><\/figure>\n\n\n\n<p><br>-<strong>2h15 min. 7,1 Km. 1059 m. Tur\u00f3 del Tagamanent. <\/strong>Remains of the church of Santa Maria (10th century) and the ruins of the village of Tagamanent. The views are splendid, from the pre-coastal mountain range to towns such as Centelles and La Garriga. Go back to the path you came on before and descend, leaving the path you came on to the left. Descend through meadows accompanied by insects, reminiscent of the Pyrenees. Then through a holm oak wood on clayey soil, until you reach a wider path. We take it to the left downhill and join a larger path that we take to the right, also downhill. We leave the path we were taking on the left and go to a parallel track that we see on the right, and continue downhill.<\/p>\n\n\n\n<p><br>-<strong>2h30 min. 8,5 Km. 900 m. GR5. <\/strong>We find indicative metal poles. We alternate between wooded areas and more open areas dominated by clayey material. We reach a large track and go down a few metres to take a path that goes straight ahead through heather. Take a shortcut until you come back out onto the track. Walk a few metres, leave the track and take a path on the left. Cross the track and continue along a path opposite. We reach a track that we take to the right going downhill, leaving a path on the same hand.<\/p>\n\n\n\n<p><br>-<strong>2h55 min. 10,1 Km. 670 m. Puig-agut. <\/strong>Leave the remains of the farmhouse on the left. At the height of the power line, leave the track and turn right. A few metres before reaching a clearing, go down a small path to another path below on the right, and walk in the same direction.<\/p>\n\n\n\n<figure class=\"wp-block-image size-large\"><img loading=\"lazy\" decoding=\"async\" width=\"1024\" height=\"768\" src=\"https:\/\/travesiapirenaica.com\/wp-content\/uploads\/2022\/11\/Ruinas-de-Puig-agut.-Foto-Rafa-Lopez-Martin-1024x768.jpg\" alt=\"Ruins of Puig-agut \/ Photo: Rafa L\u00f3pez Mart\u00edn\" class=\"wp-image-33813\" srcset=\"https:\/\/travesiapirenaica.com\/wp-content\/uploads\/2022\/11\/Ruinas-de-Puig-agut.-Foto-Rafa-Lopez-Martin-1024x768.jpg 1024w, https:\/\/travesiapirenaica.com\/wp-content\/uploads\/2022\/11\/Ruinas-de-Puig-agut.-Foto-Rafa-Lopez-Martin-300x225.jpg 300w, https:\/\/travesiapirenaica.com\/wp-content\/uploads\/2022\/11\/Ruinas-de-Puig-agut.-Foto-Rafa-Lopez-Martin-768x576.jpg 768w, https:\/\/travesiapirenaica.com\/wp-content\/uploads\/2022\/11\/Ruinas-de-Puig-agut.-Foto-Rafa-Lopez-Martin-150x113.jpg 150w, https:\/\/travesiapirenaica.com\/wp-content\/uploads\/2022\/11\/Ruinas-de-Puig-agut.-Foto-Rafa-Lopez-Martin-696x522.jpg 696w, https:\/\/travesiapirenaica.com\/wp-content\/uploads\/2022\/11\/Ruinas-de-Puig-agut.-Foto-Rafa-Lopez-Martin-1068x801.jpg 1068w, https:\/\/travesiapirenaica.com\/wp-content\/uploads\/2022\/11\/Ruinas-de-Puig-agut.-Foto-Rafa-Lopez-Martin-560x420.jpg 560w, https:\/\/travesiapirenaica.com\/wp-content\/uploads\/2022\/11\/Ruinas-de-Puig-agut.-Foto-Rafa-Lopez-Martin-80x60.jpg 80w, https:\/\/travesiapirenaica.com\/wp-content\/uploads\/2022\/11\/Ruinas-de-Puig-agut.-Foto-Rafa-Lopez-Martin-265x198.jpg 265w, https:\/\/travesiapirenaica.com\/wp-content\/uploads\/2022\/11\/Ruinas-de-Puig-agut.-Foto-Rafa-Lopez-Martin-600x450.jpg 600w, https:\/\/travesiapirenaica.com\/wp-content\/uploads\/2022\/11\/Ruinas-de-Puig-agut.-Foto-Rafa-Lopez-Martin.jpg 1200w\" sizes=\"auto, (max-width: 1024px) 100vw, 1024px\" \/><figcaption class=\"wp-element-caption\">Ruins of Puig-agut \/ Photo: Rafa L\u00f3pez Mart\u00edn<\/figcaption><\/figure>\n\n\n\n<p><br>-<strong>3h15 min. 11,2 km. 570 m. Amargosa Fountain. <\/strong>We see a path that leads us to this small building. We go back along the path towards the clearing, go to the right and then to the left along a stony path. We reach a track that we turn right downhill.<\/p>\n\n\n\n<p>-<strong>3h35 min. 12,5 Km. 400 m. <\/strong>We reach an asphalted track that we take to the left. After a few metres, turn right and go down some concrete steps, following the Matagalls-Montserrat markings. Cross the Avenc\u00f3 stream over a bridge and enter Aiguafreda. Take Avenc\u00f3 street to the left, turn left along Paseo Catalu\u00f1a, and then right along the Ribes road. We reach a roundabout with a monolith (GR 5 and 2) and turn left. Cross the Abella bridge over the Congost river. We are in the Calle Mayor, turn right into the Calle de la Estaci\u00f3n and left into the Calle de las Cadenas. Turn right along Carrer del Tagamanent, left along Puigfred, and cross the tracks.<\/p>\n\n\n\n<p><br>-<strong>3h50 min. 13,4 Km. 416 m. Sant Mart\u00ed de Centelles RENFE train station.<\/strong><\/p>","protected":false},"excerpt":{"rendered":"A route designed between two train stops, through the western part of the massif. During the...","protected":false},"author":1141,"featured_media":33815,"comment_status":"closed","ping_status":"closed","sticky":false,"template":"","format":"standard","meta":{"_kad_blocks_custom_css":"","_kad_blocks_head_custom_js":"","_kad_blocks_body_custom_js":"","_kad_blocks_footer_custom_js":"","episode_type":"audio","audio_file":"","podmotor_file_id":"","podmotor_episode_id":"","cover_image":"","cover_image_id":"","duration":"","filesize":"","filesize_raw":"","date_recorded":"","explicit":"","block":"","_kad_post_transparent":"","_kad_post_title":"","_kad_post_layout":"","_kad_post_sidebar_id":"","_kad_post_content_style":"","_kad_post_vertical_padding":"","_kad_post_feature":"","_kad_post_feature_position":"","_kad_post_header":false,"_kad_post_footer":false,"_kad_post_classname":"","_jetpack_memberships_contains_paid_content":false,"footnotes":""},"categories":[2930],"tags":[2789],"series":[],"class_list":["post-33807","post","type-post","status-publish","format-standard","has-post-thumbnail","hentry","category-espana","tag-barcelona"],"episode_featured_image":"https:\/\/travesiapirenaica.com\/wp-content\/uploads\/2022\/11\/Iglesia-de-Santa-Maria.-Turo-del-Tagamanent.-Foto-Rafa-Lopez-Martin.jpg","episode_player_image":"https:\/\/travesiapirenaica.com\/wp-content\/uploads\/2017\/12\/Caratula-Podcast-Maldita-Montana_1500x1500_72pp-p_.jpg","download_link":"","player_link":"","audio_player":false,"episode_data":{"playerMode":"dark","subscribeUrls":[],"rssFeedUrl":"https:\/\/travesiapirenaica.com\/en\/feed\/podcast\/maldita-montana","embedCode":"<blockquote class=\"wp-embedded-content\" data-secret=\"HuaGQw4KkM\"><a href=\"https:\/\/travesiapirenaica.com\/en\/montseny-ascension-tagamanent-entre-figaro-y-aiguafreda\/\"><strong>El Montseny: ascensi\u00f3n al Tagamanent entre el Figar\u00f3 y Aiguafreda<\/strong><\/a><\/blockquote><iframe sandbox=\"allow-scripts\" security=\"restricted\" src=\"https:\/\/travesiapirenaica.com\/en\/montseny-ascension-tagamanent-entre-figaro-y-aiguafreda\/embed\/#?secret=HuaGQw4KkM\" width=\"500\" height=\"350\" title=\"&#8220;&lt;strong&gt;El Montseny: ascensi\u00f3n al Tagamanent entre el Figar\u00f3 y Aiguafreda&lt;\/strong&gt;&#8221; &#8212; Traves\u00eda.\" data-secret=\"HuaGQw4KkM\" frameborder=\"0\" marginwidth=\"0\" marginheight=\"0\" scrolling=\"no\" class=\"wp-embedded-content\"><\/iframe><script>\n\/*! This file is auto-generated *\/\n!function(d,l){\"use strict\";l.querySelector&&d.addEventListener&&\"undefined\"!=typeof URL&&(d.wp=d.wp||{},d.wp.receiveEmbedMessage||(d.wp.receiveEmbedMessage=function(e){var t=e.data;if((t||t.secret||t.message||t.value)&&!\/[^a-zA-Z0-9]\/.test(t.secret)){for(var s,r,n,a=l.querySelectorAll('iframe[data-secret=\"'+t.secret+'\"]'),o=l.querySelectorAll('blockquote[data-secret=\"'+t.secret+'\"]'),c=new RegExp(\"^https?:$\",\"i\"),i=0;i<o.length;i++)o[i].style.display=\"none\";for(i=0;i<a.length;i++)s=a[i],e.source===s.contentWindow&&(s.removeAttribute(\"style\"),\"height\"===t.message?(1e3<(r=parseInt(t.value,10))?r=1e3:~~r<200&&(r=200),s.height=r):\"link\"===t.message&&(r=new URL(s.getAttribute(\"src\")),n=new URL(t.value),c.test(n.protocol))&&n.host===r.host&&l.activeElement===s&&(d.top.location.href=t.value))}},d.addEventListener(\"message\",d.wp.receiveEmbedMessage,!1),l.addEventListener(\"DOMContentLoaded\",function(){for(var e,t,s=l.querySelectorAll(\"iframe.wp-embedded-content\"),r=0;r<s.length;r++)(t=(e=s[r]).getAttribute(\"data-secret\"))||(t=Math.random().toString(36).substring(2,12),e.src+=\"#?secret=\"+t,e.setAttribute(\"data-secret\",t)),e.contentWindow.postMessage({message:\"ready\",secret:t},\"*\")},!1)))}(window,document);\n\/\/# sourceURL=https:\/\/travesiapirenaica.com\/wp-includes\/js\/wp-embed.min.js\n<\/script>\n"},"taxonomy_info":{"category":[{"value":2930,"label":"Espa\u00f1a"}],"post_tag":[{"value":2789,"label":"Barcelona"}]},"featured_image_src_large":["https:\/\/travesiapirenaica.com\/wp-content\/uploads\/2022\/11\/Iglesia-de-Santa-Maria.-Turo-del-Tagamanent.-Foto-Rafa-Lopez-Martin-1024x768.jpg",1024,768,true],"author_info":{"display_name":"Rafa L\u00f3pez Mart\u00edn","author_link":"https:\/\/travesiapirenaica.com\/en\/author\/rafalopez\/"},"comment_info":0,"category_info":[{"term_id":2930,"name":"Espa\u00f1a","slug":"espana","term_group":0,"term_taxonomy_id":2946,"taxonomy":"category","description":"Espa\u00f1a","parent":18,"count":57,"filter":"raw","cat_ID":2930,"category_count":57,"category_description":"Espa\u00f1a","cat_name":"Espa\u00f1a","category_nicename":"espana","category_parent":18}],"tag_info":[{"term_id":2789,"name":"Barcelona","slug":"barcelona","term_group":0,"term_taxonomy_id":2805,"taxonomy":"post_tag","description":"Barcelona ","parent":0,"count":2,"filter":"raw"}],"jetpack_featured_media_url":"https:\/\/travesiapirenaica.com\/wp-content\/uploads\/2022\/11\/Iglesia-de-Santa-Maria.-Turo-del-Tagamanent.-Foto-Rafa-Lopez-Martin.jpg","jetpack_sharing_enabled":true,"_links":{"self":[{"href":"https:\/\/travesiapirenaica.com\/en\/wp-json\/wp\/v2\/posts\/33807","targetHints":{"allow":["GET"]}}],"collection":[{"href":"https:\/\/travesiapirenaica.com\/en\/wp-json\/wp\/v2\/posts"}],"about":[{"href":"https:\/\/travesiapirenaica.com\/en\/wp-json\/wp\/v2\/types\/post"}],"author":[{"embeddable":true,"href":"https:\/\/travesiapirenaica.com\/en\/wp-json\/wp\/v2\/users\/1141"}],"replies":[{"embeddable":true,"href":"https:\/\/travesiapirenaica.com\/en\/wp-json\/wp\/v2\/comments?post=33807"}],"version-history":[{"count":0,"href":"https:\/\/travesiapirenaica.com\/en\/wp-json\/wp\/v2\/posts\/33807\/revisions"}],"wp:featuredmedia":[{"embeddable":true,"href":"https:\/\/travesiapirenaica.com\/en\/wp-json\/wp\/v2\/media\/33815"}],"wp:attachment":[{"href":"https:\/\/travesiapirenaica.com\/en\/wp-json\/wp\/v2\/media?parent=33807"}],"wp:term":[{"taxonomy":"category","embeddable":true,"href":"https:\/\/travesiapirenaica.com\/en\/wp-json\/wp\/v2\/categories?post=33807"},{"taxonomy":"post_tag","embeddable":true,"href":"https:\/\/travesiapirenaica.com\/en\/wp-json\/wp\/v2\/tags?post=33807"},{"taxonomy":"series","embeddable":true,"href":"https:\/\/travesiapirenaica.com\/en\/wp-json\/wp\/v2\/series?post=33807"}],"curies":[{"name":"wp","href":"https:\/\/api.w.org\/{rel}","templated":true}]}}