{"id":39232,"date":"2024-01-17T13:45:43","date_gmt":"2024-01-17T12:45:43","guid":{"rendered":"https:\/\/travesiapirenaica.com\/?p=39232"},"modified":"2025-02-05T17:12:43","modified_gmt":"2025-02-05T16:12:43","slug":"21-short-films-from-12-countries-will-compete-in-the-next-edition-of-the-pirineos-mountain-film-festival","status":"publish","type":"post","link":"https:\/\/travesiapirenaica.com\/en\/21-cortometrajes-de-12-paises-competiran-en-la-proxima-edicion-del-pirineos-mountain-film-festival\/","title":{"rendered":"21 short films from 12 countries will compete in the next edition of the Pirineos Mountain Film Festival"},"content":{"rendered":"\n<ul class=\"wp-block-list\">\n<li><strong>Producciones de Europa, Am\u00e9rica y \u00c1frica han sido seleccionadas para el certamen que se celebrar\u00e1 del 19 al 24 de febrero en Huesca<\/strong><\/li>\n\n\n\n<li><strong>\u201cContamos con cinematograf\u00edas muy diversas, desde Sudafrica hasta Argentina, pasando por Finlandia, Colombia, Francia, Espa\u00f1a, M\u00e9xico o Estados Unidos. trabajos que reflejan el espir\u00edtu del festival y conseguir\u00e1n atraer al numeroso p\u00fablico que asiste cada a\u00f1o a las proyecciones\u201d afirma David Asensio, director del certamen<\/strong><\/li>\n\n\n\n<li><strong>El Teatro Olimpia acoger\u00e1 las sesiones a concurso gratuitas donde se ver\u00e1 monta\u00f1a, escalada, salto base, apnea, btt, esqu\u00ed o kayak<\/strong><\/li>\n<\/ul>\n\n\n<style>.kadence-column39232_fc97e3-8f{max-width:565px;margin-left:auto;margin-right:auto;}.wp-block-kadence-column.kb-section-dir-horizontal:not(.kb-section-md-dir-vertical)>.kt-inside-inner-col>.kadence-column39232_fc97e3-8f{-webkit-flex:0 1 565px;flex:0 1 565px;max-width:unset;margin-left:unset;margin-right:unset;}.kadence-column39232_fc97e3-8f > .kt-inside-inner-col{padding-top:var(--global-kb-spacing-sm, 1.5rem);padding-right:var(--global-kb-spacing-sm, 1.5rem);padding-bottom:var(--global-kb-spacing-sm, 1.5rem);padding-left:var(--global-kb-spacing-sm, 1.5rem);}.kadence-column39232_fc97e3-8f > .kt-inside-inner-col{box-shadow:0px 0px 14px 0px rgba(0, 0, 0, 0.2);}.kadence-column39232_fc97e3-8f > .kt-inside-inner-col,.kadence-column39232_fc97e3-8f > .kt-inside-inner-col:before{border-top-left-radius:10px;border-top-right-radius:10px;border-bottom-right-radius:10px;border-bottom-left-radius:10px;}.kadence-column39232_fc97e3-8f > .kt-inside-inner-col{column-gap:var(--global-kb-gap-sm, 1rem);}.kadence-column39232_fc97e3-8f > .kt-inside-inner-col{flex-direction:column;}.kadence-column39232_fc97e3-8f > .kt-inside-inner-col > .aligncenter{width:100%;}.kadence-column39232_fc97e3-8f > .kt-inside-inner-col{background-color:var(--global-palette9, #ffffff);}.kadence-column39232_fc97e3-8f > .kt-inside-inner-col:before{opacity:0.3;}.kadence-column39232_fc97e3-8f{position:relative;}@media all and (min-width: 1025px){.wp-block-kadence-column.kb-section-dir-horizontal>.kt-inside-inner-col>.kadence-column39232_fc97e3-8f{-webkit-flex:0 1 565px;flex:0 1 565px;max-width:unset;margin-left:unset;margin-right:unset;}}@media all and (max-width: 1024px){.kadence-column39232_fc97e3-8f > .kt-inside-inner-col{flex-direction:column;justify-content:center;}}@media all and (max-width: 767px){.wp-block-kadence-column.kb-section-sm-dir-vertical:not(.kb-section-sm-dir-horizontal):not(.kb-section-sm-dir-specificity)>.kt-inside-inner-col>.kadence-column39232_fc97e3-8f{max-width:565px;-webkit-flex:1;flex:1;margin-left:auto;margin-right:auto;}.kadence-column39232_fc97e3-8f > .kt-inside-inner-col{flex-direction:column;justify-content:center;}}<\/style>\n<div class=\"wp-block-kadence-column kadence-column39232_fc97e3-8f inner-column-2\"><div class=\"kt-inside-inner-col\"><style>.kb-row-layout-id39232_3eb55b-d5 > .kt-row-column-wrap{align-content:start;}:where(.kb-row-layout-id39232_3eb55b-d5 > .kt-row-column-wrap) > .wp-block-kadence-column{justify-content:start;}.kb-row-layout-id39232_3eb55b-d5 > .kt-row-column-wrap{column-gap:var(--global-kb-gap-md, 2rem);row-gap:var(--global-kb-gap-md, 2rem);padding-top:0px;padding-bottom:0px;grid-template-columns:minmax(0, calc(55% - ((var(--global-kb-gap-md, 2rem) * 1 )\/2)))minmax(0, calc(45% - ((var(--global-kb-gap-md, 2rem) * 1 )\/2)));}.kb-row-layout-id39232_3eb55b-d5 > .kt-row-layout-overlay{opacity:0.30;}@media all and (max-width: 1024px){.kb-row-layout-id39232_3eb55b-d5 > .kt-row-column-wrap{grid-template-columns:minmax(0, 1fr);}}@media all and (max-width: 767px){.kb-row-layout-id39232_3eb55b-d5 > .kt-row-column-wrap{grid-template-columns:minmax(0, 1fr);}}<\/style><div class=\"kb-row-layout-wrap kb-row-layout-id39232_3eb55b-d5 alignnone wp-block-kadence-rowlayout\"><div class=\"kt-row-column-wrap kt-has-2-columns kt-row-layout-equal kt-tab-layout-row kt-mobile-layout-row kt-row-valign-top\">\n<style>.kadence-column39232_291a46-61 > .kt-inside-inner-col,.kadence-column39232_291a46-61 > .kt-inside-inner-col:before{border-top-left-radius:0px;border-top-right-radius:0px;border-bottom-right-radius:0px;border-bottom-left-radius:0px;}.kadence-column39232_291a46-61 > .kt-inside-inner-col{column-gap:var(--global-kb-gap-sm, 1rem);}.kadence-column39232_291a46-61 > .kt-inside-inner-col{flex-direction:column;}.kadence-column39232_291a46-61 > .kt-inside-inner-col > .aligncenter{width:100%;}.kadence-column39232_291a46-61 > .kt-inside-inner-col:before{opacity:0.3;}.kadence-column39232_291a46-61{position:relative;}@media all and (max-width: 1024px){.kadence-column39232_291a46-61 > .kt-inside-inner-col{flex-direction:column;justify-content:center;}}@media all and (max-width: 767px){.kadence-column39232_291a46-61 > .kt-inside-inner-col{flex-direction:column;justify-content:center;}}<\/style>\n<div class=\"wp-block-kadence-column kadence-column39232_291a46-61 inner-column-1\"><div class=\"kt-inside-inner-col\"><style>.kb-image39232_62cf80-50.kb-image-is-ratio-size, .kb-image39232_62cf80-50 .kb-image-is-ratio-size{max-width:482px;width:100%;}.wp-block-kadence-column > .kt-inside-inner-col > .kb-image39232_62cf80-50.kb-image-is-ratio-size, .wp-block-kadence-column > .kt-inside-inner-col > .kb-image39232_62cf80-50 .kb-image-is-ratio-size{align-self:unset;}.kb-image39232_62cf80-50{max-width:482px;}.image-is-svg.kb-image39232_62cf80-50{-webkit-flex:0 1 100%;flex:0 1 100%;}.image-is-svg.kb-image39232_62cf80-50 img{width:100%;}.kb-image39232_62cf80-50 .kb-image-has-overlay:after{opacity:0.3;}<\/style>\n<figure class=\"wp-block-kadence-image kb-image39232_62cf80-50 size-large rounded-corners\"><img loading=\"lazy\" decoding=\"async\" width=\"1024\" height=\"1024\" src=\"https:\/\/travesiapirenaica.com\/wp-content\/uploads\/2025\/01\/Blue-and-Pink-Soft-Magazine-Cover-Mockup-Instagram-Post-1-1024x1024.png\" alt=\"\" class=\"kb-img wp-image-46232\" srcset=\"https:\/\/travesiapirenaica.com\/wp-content\/uploads\/2025\/01\/Blue-and-Pink-Soft-Magazine-Cover-Mockup-Instagram-Post-1-1024x1024.png 1024w, https:\/\/travesiapirenaica.com\/wp-content\/uploads\/2025\/01\/Blue-and-Pink-Soft-Magazine-Cover-Mockup-Instagram-Post-1-300x300.png 300w, https:\/\/travesiapirenaica.com\/wp-content\/uploads\/2025\/01\/Blue-and-Pink-Soft-Magazine-Cover-Mockup-Instagram-Post-1-150x150.png 150w, https:\/\/travesiapirenaica.com\/wp-content\/uploads\/2025\/01\/Blue-and-Pink-Soft-Magazine-Cover-Mockup-Instagram-Post-1-768x768.png 768w, https:\/\/travesiapirenaica.com\/wp-content\/uploads\/2025\/01\/Blue-and-Pink-Soft-Magazine-Cover-Mockup-Instagram-Post-1-12x12.png 12w, https:\/\/travesiapirenaica.com\/wp-content\/uploads\/2025\/01\/Blue-and-Pink-Soft-Magazine-Cover-Mockup-Instagram-Post-1-600x600.png 600w, https:\/\/travesiapirenaica.com\/wp-content\/uploads\/2025\/01\/Blue-and-Pink-Soft-Magazine-Cover-Mockup-Instagram-Post-1-100x100.png 100w, https:\/\/travesiapirenaica.com\/wp-content\/uploads\/2025\/01\/Blue-and-Pink-Soft-Magazine-Cover-Mockup-Instagram-Post-1-96x96.png 96w, https:\/\/travesiapirenaica.com\/wp-content\/uploads\/2025\/01\/Blue-and-Pink-Soft-Magazine-Cover-Mockup-Instagram-Post-1.png 1080w\" sizes=\"auto, (max-width: 1024px) 100vw, 1024px\" \/><\/figure>\n<\/div><\/div>\n\n\n<style>.kadence-column39232_b12624-6e > .kt-inside-inner-col,.kadence-column39232_b12624-6e > .kt-inside-inner-col:before{border-top-left-radius:0px;border-top-right-radius:0px;border-bottom-right-radius:0px;border-bottom-left-radius:0px;}.kadence-column39232_b12624-6e > .kt-inside-inner-col{column-gap:var(--global-kb-gap-sm, 1rem);}.kadence-column39232_b12624-6e > .kt-inside-inner-col{flex-direction:column;}.kadence-column39232_b12624-6e > .kt-inside-inner-col > .aligncenter{width:100%;}.kadence-column39232_b12624-6e > .kt-inside-inner-col:before{opacity:0.3;}.kadence-column39232_b12624-6e{position:relative;}@media all and (max-width: 1024px){.kadence-column39232_b12624-6e > .kt-inside-inner-col{flex-direction:column;justify-content:center;}}@media all and (max-width: 767px){.kadence-column39232_b12624-6e > .kt-inside-inner-col{flex-direction:column;justify-content:center;}}<\/style>\n<div class=\"wp-block-kadence-column kadence-column39232_b12624-6e inner-column-2\"><div class=\"kt-inside-inner-col\"><style>.wp-block-kadence-advancedheading.kt-adv-heading39232_012fb1-73, .wp-block-kadence-advancedheading.kt-adv-heading39232_012fb1-73[data-kb-block=\"kb-adv-heading39232_012fb1-73\"]{font-style:normal;}.wp-block-kadence-advancedheading.kt-adv-heading39232_012fb1-73 mark.kt-highlight, .wp-block-kadence-advancedheading.kt-adv-heading39232_012fb1-73[data-kb-block=\"kb-adv-heading39232_012fb1-73\"] mark.kt-highlight{font-style:normal;color:#f76a0c;-webkit-box-decoration-break:clone;box-decoration-break:clone;padding-top:0px;padding-right:0px;padding-bottom:0px;padding-left:0px;}.wp-block-kadence-advancedheading.kt-adv-heading39232_012fb1-73 img.kb-inline-image, .wp-block-kadence-advancedheading.kt-adv-heading39232_012fb1-73[data-kb-block=\"kb-adv-heading39232_012fb1-73\"] img.kb-inline-image{width:150px;vertical-align:baseline;}<\/style>\n<h5 class=\"kt-adv-heading39232_012fb1-73 wp-block-kadence-advancedheading has-theme-palette-3-color has-text-color\" data-kb-block=\"kb-adv-heading39232_012fb1-73\">25 <em>SPOTS FOTOGR\u00c1FICOS <\/em>en los Pirineos \ud83d\udcf8<\/h5>\n\n\n<style>.wp-block-kadence-advancedheading.kt-adv-heading39232_bfd9eb-ac, .wp-block-kadence-advancedheading.kt-adv-heading39232_bfd9eb-ac[data-kb-block=\"kb-adv-heading39232_bfd9eb-ac\"]{font-style:normal;}.wp-block-kadence-advancedheading.kt-adv-heading39232_bfd9eb-ac mark.kt-highlight, .wp-block-kadence-advancedheading.kt-adv-heading39232_bfd9eb-ac[data-kb-block=\"kb-adv-heading39232_bfd9eb-ac\"] mark.kt-highlight{font-style:normal;color:#f76a0c;-webkit-box-decoration-break:clone;box-decoration-break:clone;padding-top:0px;padding-right:0px;padding-bottom:0px;padding-left:0px;}.wp-block-kadence-advancedheading.kt-adv-heading39232_bfd9eb-ac img.kb-inline-image, .wp-block-kadence-advancedheading.kt-adv-heading39232_bfd9eb-ac[data-kb-block=\"kb-adv-heading39232_bfd9eb-ac\"] img.kb-inline-image{width:150px;vertical-align:baseline;}<\/style>\n<p class=\"kt-adv-heading39232_bfd9eb-ac wp-block-kadence-advancedheading has-theme-palette-5-color has-text-color\" data-kb-block=\"kb-adv-heading39232_bfd9eb-ac\">Acceso a mapa <strong>Google Maps<\/strong> \ud83d\udccccon las localizaciones m\u00e1s emblem\u00e1ticas en la cordillera pirenaica<\/p>\n<\/div><\/div>\n\n<\/div><\/div>\n\n<\/div><\/div>\n\n\n\n<p><strong>El Pirineos Mountain Film Festival presenta los 21 cortometrajes a competici\u00f3n de su secci\u00f3n oficial.<\/strong> La cita, que se celebra este 2024 entre el 19 y el 24 de febrero en Huesca, contar\u00e1 con producciones de 12 pa\u00edses de Europa, Am\u00e9rica y \u00c1frica; entre las propuestas hay monta\u00f1a, escalada, salto base, apnea, BTT, esqu\u00ed o kayak. El Teatro Olimpia acoger\u00e1 un a\u00f1o m\u00e1s las sesiones gratuitas donde se ver\u00e1n las obras que optan a los 6.000 euros en premios. La cita cinematogr\u00e1fica, tras su paso por la capital, iniciar\u00e1 su tour por las sedes provinciales, paso previo a su salto nacional. En palabras de su director, David Asensio, \u201ccontamos con cinematograf\u00edas muy diversas, desde Sud\u00e1frica hasta Argentina, pasando por Finlandia, Colombia, Francia, Espa\u00f1a, M\u00e9xico o Estados Unidos. Trabajos que reflejan el esp\u00edritu del festival y consiguen atraer al numeroso p\u00fablico que asiste cada a\u00f1o\u201d.&nbsp;El Festival trabaja su internacionalizaci\u00f3n y expande su red de colaboradores firmando un acuerdo con CINECO, Festival Internacional de Cine y Ecolog\u00eda de Elche y Alicante, por el cual una de las pel\u00edculas seleccionadas podr\u00e1 verse en su programaci\u00f3n a competici\u00f3n y viceversa.<\/p>\n\n\n\n<p>Ser\u00e1n 21 los cortometrajes que compitan en la pr\u00f3xima edici\u00f3n del Pirineos Mountain Film Festival, un total de 12 cinematograf\u00edas representadas desde tres continentes. Sud\u00e1frica, Argentina, Finlandia, Colombia, M\u00e9xico, Estados Unidos y Espa\u00f1a son algunos de los territorios de origen de las obras, pero tambi\u00e9n escenarios de sus rodajes; el Pirineo estar\u00e1 representado con varias producciones de diversas nacionalidades. Una amalgama de tem\u00e1ticas y paisajes que refleja el esp\u00edritu del certamen dentro y fuera de la pantalla.<\/p>\n\n\n\n<p><strong><a href=\"https:\/\/pirineosmff.com\/seccion-oficial-2024\/\" target=\"_blank\" rel=\"noreferrer noopener\">[SELECCI\u00d3N PIRINEOS MOUNTAIN FILM FESTIVAL 2024]<\/a><\/strong><\/p>\n\n\n\n<p>Las producciones elegidas abarcan animaci\u00f3n, ficci\u00f3n y documental mostrando tem\u00e1ticas como monta\u00f1a, escalada, salto base, apnea, BTT, esqu\u00ed o kayak. Una selecci\u00f3n de alto nivel, pero que ha necesitado un minucioso proceso de visionado y deliberaci\u00f3n como destaca el director de la muestra, David Asensio. \u201cHemos superado el n\u00famero de pel\u00edculas recibidas en la edici\u00f3n anterior, llegando a pa\u00edses nuevos tan diversos como Vietnam, Australia, China, Sud\u00e1frica o Finlandia\u201d explica su m\u00e1ximo responsable.<\/p>\n\n\n\n<p>El Teatro Olimpia volver\u00e1 a ser la sede oficial de las sesiones a concurso; proyecciones gratuitas entre el lunes 19 de febrero y el mi\u00e9rcoles 21. Un jurado especializado ser\u00e1 el encargado de consensuar el palmar\u00e9s final que se revelar\u00e1 el jueves 22; cinco miembros repartir\u00e1n un montante de 6.000 euros entre todos los reconocimientos: Premio al Mejor Cortometraje (3.000 euros), Premio al Mejor Cortometraje de Aventura y Deporte (1.500 euros), Premio al Mejor Cortometraje de Cultura y Naturaleza (1.500 euros), Premio al Mejor Cortometraje de Animaci\u00f3n, Premio al Mejor Gui\u00f3n, Premio del P\u00fablico y Premio al mejor Cortometraje Iberoamericano.<\/p>\n\n\n\n<p>El colof\u00f3n&nbsp;a la parte competitiva la pondr\u00e1&nbsp;la presentaci\u00f3n en exclusiva del&nbsp;tour nacional&nbsp;del Pirineos Mountain Film Festival&nbsp;el s\u00e1bado 24&nbsp;de febrero en el Palacio de Congresos de Huesca. Un programa especial formado por algunos de los mejores trabajos presentados&nbsp;y que tras su paso por la capital, iniciar\u00e1n su gira por el&nbsp;resto de sedes provinciales, para acto seguido iniciar su periplo nacional a lo largo de todo el 2024.<\/p>\n\n\n\n<h2 class=\"wp-block-heading\">NUEVOS PASOS PARA SU EXPASI\u00d3N<\/h2>\n\n\n\n<p>El Festival Internacional de Cine de aventura, monta\u00f1a y naturaleza de los Pirineos sigue trabajando en su internacionalizaci\u00f3n y ampl\u00eda su red de colaboradores gracias a un acuerdo firmado con el CINECO, el Festival Internacional de Cine y Ecolog\u00eda que se celebra cada diciembre en Elche y Alicante. El convenio entre ambas iniciativas culturales permite a una de sus obras seleccionadas competir por los m\u00e1ximos galardones en el otro certamen de manera directa, un intercambio que amplifica la repercusi\u00f3n de esta producci\u00f3n y le abre la puerta a nuevos p\u00fablicos.<\/p>\n\n\n\n<p>Esta simbiosis ha dado ya sus primeros frutos gracias a la cesi\u00f3n de la exposici\u00f3n del PMFF \u201cSomos Tierra\u201d el pasado mes de diciembre. Cient\u00edficos, cineastas, asociaciones conservacionistas y publico general ya ha podido disfrutar de las fotograf\u00edas durante la pasada edici\u00f3n de esta cita valenciana organizada por la Universidad de Alicante con el apoyo de la Fundaci\u00f3n Espa\u00f1ola para la Ciencia y la Tecnolog\u00eda (FECYT) y la Generalitat Valenciana.<\/p>\n\n\n\n<p>El Pirineos Mountain Film Festival est\u00e1 organizado por la Fundaci\u00f3n Festival&nbsp;Internacional de Cine de Huesca con el apoyo de la Diputaci\u00f3n Provincial de Huesca, Ayuntamiento de Huesca, Gobierno de Arag\u00f3n, TuHuesca, Aram\u00f3n, la Fundaci\u00f3n Deporte Joven del Consejo Superior de Deportes, el Instituto Aragon\u00e9s de la Mujer, la Fundaci\u00f3n Ibercaja y Pe\u00f1a Guara como organizador de las actividades deportivas en Huesca.<\/p>\n","protected":false},"excerpt":{"rendered":"25 PHOTOGRAPHIC SPOTS in the Pyrenees \ud83d\udcf8 Access to Google Maps \ud83d\udccc with the locations...","protected":false},"author":1,"featured_media":39233,"comment_status":"closed","ping_status":"closed","sticky":false,"template":"","format":"standard","meta":{"_kad_blocks_custom_css":"","_kad_blocks_head_custom_js":"","_kad_blocks_body_custom_js":"","_kad_blocks_footer_custom_js":"","episode_type":"audio","audio_file":"","podmotor_file_id":"","podmotor_episode_id":"","cover_image":"","cover_image_id":"","duration":"","filesize":"","filesize_raw":"","date_recorded":"","explicit":"","block":"","_kad_post_transparent":"","_kad_post_title":"","_kad_post_layout":"","_kad_post_sidebar_id":"","_kad_post_content_style":"","_kad_post_vertical_padding":"","_kad_post_feature":"","_kad_post_feature_position":"","_kad_post_header":false,"_kad_post_footer":false,"_kad_post_classname":"","_jetpack_memberships_contains_paid_content":false,"footnotes":""},"categories":[54,3002],"tags":[3182],"series":[],"class_list":["post-39232","post","type-post","status-publish","format-standard","has-post-thumbnail","hentry","category-cultura","category-actualidad","tag-pmff"],"episode_featured_image":"https:\/\/travesiapirenaica.com\/wp-content\/uploads\/2024\/01\/21-cortometrajes-participaran-en-la-presente-edicion-del-PMFF.jpg","episode_player_image":"https:\/\/travesiapirenaica.com\/wp-content\/uploads\/2017\/12\/Caratula-Podcast-Maldita-Montana_1500x1500_72pp-p_.jpg","download_link":"","player_link":"","audio_player":false,"episode_data":{"playerMode":"dark","subscribeUrls":[],"rssFeedUrl":"https:\/\/travesiapirenaica.com\/en\/feed\/podcast\/maldita-montana","embedCode":"<blockquote class=\"wp-embedded-content\" data-secret=\"6sSrd1Vrjh\"><a href=\"https:\/\/travesiapirenaica.com\/en\/21-cortometrajes-de-12-paises-competiran-en-la-proxima-edicion-del-pirineos-mountain-film-festival\/\">21 cortometrajes de 12 pa\u00edses competir\u00e1n en la pr\u00f3xima edici\u00f3n del Pirineos Mountain Film Festival<\/a><\/blockquote><iframe sandbox=\"allow-scripts\" security=\"restricted\" src=\"https:\/\/travesiapirenaica.com\/en\/21-cortometrajes-de-12-paises-competiran-en-la-proxima-edicion-del-pirineos-mountain-film-festival\/embed\/#?secret=6sSrd1Vrjh\" width=\"500\" height=\"350\" title=\"&#8220;21 cortometrajes de 12 pa\u00edses competir\u00e1n en la pr\u00f3xima edici\u00f3n del Pirineos Mountain Film Festival&#8221; &#8212; Traves\u00eda.\" data-secret=\"6sSrd1Vrjh\" frameborder=\"0\" marginwidth=\"0\" marginheight=\"0\" scrolling=\"no\" class=\"wp-embedded-content\"><\/iframe><script>\n\/*! This file is auto-generated *\/\n!function(d,l){\"use strict\";l.querySelector&&d.addEventListener&&\"undefined\"!=typeof URL&&(d.wp=d.wp||{},d.wp.receiveEmbedMessage||(d.wp.receiveEmbedMessage=function(e){var t=e.data;if((t||t.secret||t.message||t.value)&&!\/[^a-zA-Z0-9]\/.test(t.secret)){for(var s,r,n,a=l.querySelectorAll('iframe[data-secret=\"'+t.secret+'\"]'),o=l.querySelectorAll('blockquote[data-secret=\"'+t.secret+'\"]'),c=new RegExp(\"^https?:$\",\"i\"),i=0;i<o.length;i++)o[i].style.display=\"none\";for(i=0;i<a.length;i++)s=a[i],e.source===s.contentWindow&&(s.removeAttribute(\"style\"),\"height\"===t.message?(1e3<(r=parseInt(t.value,10))?r=1e3:~~r<200&&(r=200),s.height=r):\"link\"===t.message&&(r=new URL(s.getAttribute(\"src\")),n=new URL(t.value),c.test(n.protocol))&&n.host===r.host&&l.activeElement===s&&(d.top.location.href=t.value))}},d.addEventListener(\"message\",d.wp.receiveEmbedMessage,!1),l.addEventListener(\"DOMContentLoaded\",function(){for(var e,t,s=l.querySelectorAll(\"iframe.wp-embedded-content\"),r=0;r<s.length;r++)(t=(e=s[r]).getAttribute(\"data-secret\"))||(t=Math.random().toString(36).substring(2,12),e.src+=\"#?secret=\"+t,e.setAttribute(\"data-secret\",t)),e.contentWindow.postMessage({message:\"ready\",secret:t},\"*\")},!1)))}(window,document);\n\/\/# sourceURL=https:\/\/travesiapirenaica.com\/wp-includes\/js\/wp-embed.min.js\n<\/script>\n"},"taxonomy_info":{"category":[{"value":54,"label":"Cultura"},{"value":3002,"label":"Actualidad"}],"post_tag":[{"value":3182,"label":"PMFF"}]},"featured_image_src_large":["https:\/\/travesiapirenaica.com\/wp-content\/uploads\/2024\/01\/21-cortometrajes-participaran-en-la-presente-edicion-del-PMFF-1024x768.jpg",1024,768,true],"author_info":{"display_name":"Traves\u00eda Pirenaica","author_link":"https:\/\/travesiapirenaica.com\/en\/author\/travesia-pirenaica\/"},"comment_info":0,"category_info":[{"term_id":54,"name":"Cultura","slug":"cultura","term_group":0,"term_taxonomy_id":54,"taxonomy":"category","description":"","parent":0,"count":239,"filter":"raw","cat_ID":54,"category_count":239,"category_description":"","cat_name":"Cultura","category_nicename":"cultura","category_parent":0},{"term_id":3002,"name":"Actualidad","slug":"actualidad","term_group":0,"term_taxonomy_id":3018,"taxonomy":"category","description":"Actualidad","parent":0,"count":75,"filter":"raw","cat_ID":3002,"category_count":75,"category_description":"Actualidad","cat_name":"Actualidad","category_nicename":"actualidad","category_parent":0}],"tag_info":[{"term_id":3182,"name":"PMFF","slug":"pmff","term_group":0,"term_taxonomy_id":3198,"taxonomy":"post_tag","description":"","parent":0,"count":11,"filter":"raw"}],"jetpack_featured_media_url":"https:\/\/travesiapirenaica.com\/wp-content\/uploads\/2024\/01\/21-cortometrajes-participaran-en-la-presente-edicion-del-PMFF.jpg","jetpack_sharing_enabled":true,"_links":{"self":[{"href":"https:\/\/travesiapirenaica.com\/en\/wp-json\/wp\/v2\/posts\/39232","targetHints":{"allow":["GET"]}}],"collection":[{"href":"https:\/\/travesiapirenaica.com\/en\/wp-json\/wp\/v2\/posts"}],"about":[{"href":"https:\/\/travesiapirenaica.com\/en\/wp-json\/wp\/v2\/types\/post"}],"author":[{"embeddable":true,"href":"https:\/\/travesiapirenaica.com\/en\/wp-json\/wp\/v2\/users\/1"}],"replies":[{"embeddable":true,"href":"https:\/\/travesiapirenaica.com\/en\/wp-json\/wp\/v2\/comments?post=39232"}],"version-history":[{"count":0,"href":"https:\/\/travesiapirenaica.com\/en\/wp-json\/wp\/v2\/posts\/39232\/revisions"}],"wp:featuredmedia":[{"embeddable":true,"href":"https:\/\/travesiapirenaica.com\/en\/wp-json\/wp\/v2\/media\/39233"}],"wp:attachment":[{"href":"https:\/\/travesiapirenaica.com\/en\/wp-json\/wp\/v2\/media?parent=39232"}],"wp:term":[{"taxonomy":"category","embeddable":true,"href":"https:\/\/travesiapirenaica.com\/en\/wp-json\/wp\/v2\/categories?post=39232"},{"taxonomy":"post_tag","embeddable":true,"href":"https:\/\/travesiapirenaica.com\/en\/wp-json\/wp\/v2\/tags?post=39232"},{"taxonomy":"series","embeddable":true,"href":"https:\/\/travesiapirenaica.com\/en\/wp-json\/wp\/v2\/series?post=39232"}],"curies":[{"name":"wp","href":"https:\/\/api.w.org\/{rel}","templated":true}]}}