{"id":4482,"date":"2017-11-29T13:51:14","date_gmt":"2017-11-29T11:51:14","guid":{"rendered":"http:\/\/travesiapirenaica.com\/?p=4482"},"modified":"2020-05-19T09:20:21","modified_gmt":"2020-05-19T07:20:21","slug":"ordesa-special-magazine","status":"publish","type":"post","link":"https:\/\/travesiapirenaica.com\/en\/revista-especial-ordesa\/","title":{"rendered":"Ordesa special magazine: get inspired for your next getaway"},"content":{"rendered":"<p>Sitting on a rock at the top of the Circo de Soaso, there is little time left to reach the Refugio de G\u00f3riz, but it is priceless to watch the sunset from here. The walls of the Ordesa Valley change colour as the sun goes down. From a luminous clarity to a reddish colour that dissipates into darkness.<\/p>\n<p><a href=\"http:\/\/eepurl.com\/db2VeL\" target=\"_blank\" rel=\"noopener noreferrer\"><img loading=\"lazy\" decoding=\"async\" class=\"aligncenter wp-image-4433 size-full\" src=\"http:\/\/travesiapirenaica.com\/wp-content\/uploads\/2017\/11\/Gu\u00eda-Ordesa-desc\u00e1rgate.png\" alt=\"Ordesa Guide download\" width=\"800\" height=\"600\" \/><\/a><\/p>\n<p>Ordesa is wonder, it is nature, it is rock, it is snow, it is rawness; it is affable warmth in the rays of the sun, before dinner on the benches of G\u00f3riz; it is multicoloured, when you walk through its forests on the way to the Cola de Caballo. It is immensity, when you walk through the Faja de las Flores and you have the abyss at your feet. Ordesa is life, like the water that flows through its ravines, the A\u00f1isclo, the Garganta de Escua\u00edn, the Cinca river in its waterfalls, the <a href=\"https:\/\/travesiapirenaica.com\/en\/waterfalls-of-la-larri\/\" target=\"_blank\" rel=\"noopener noreferrer\">La Larri waterfall<\/a>. It is beauty, like that of its valleys, that of the <a href=\"https:\/\/travesiapirenaica.com\/en\/pineta-valley\/\" target=\"_blank\" rel=\"noopener noreferrer\">Pineta<\/a>that of Bujaruelo. Ordesa is shelter, it is refuge, like the many mountain villages that are born on its slopes.<\/p>\n<p>Ordesa is many things... and we want you to continue discovering them with this magazine.<\/p>\n<figure id=\"attachment_4484\" aria-describedby=\"caption-attachment-4484\" style=\"width: 789px\" class=\"wp-caption aligncenter\"><img loading=\"lazy\" decoding=\"async\" class=\"size-full wp-image-4484\" src=\"http:\/\/travesiapirenaica.com\/wp-content\/uploads\/2017\/11\/ordesaguiael-parquedescubre-e1511955358461.png\" alt=\"summary Ordesa Special Magazine\" width=\"789\" height=\"673\" \/><figcaption id=\"caption-attachment-4484\" class=\"wp-caption-text\">Contents Ordesa Special Magazine<\/figcaption><\/figure>","protected":false},"excerpt":{"rendered":"Sitting on a rock at the top of the Circo de Soaso, there is little time left to reach...","protected":false},"author":1,"featured_media":5091,"comment_status":"closed","ping_status":"closed","sticky":false,"template":"","format":"image","meta":{"_kad_blocks_custom_css":"","_kad_blocks_head_custom_js":"","_kad_blocks_body_custom_js":"","_kad_blocks_footer_custom_js":"","episode_type":"audio","audio_file":"","podmotor_file_id":"","podmotor_episode_id":"","cover_image":"","cover_image_id":"","duration":"","filesize":"","filesize_raw":"","date_recorded":"","explicit":"","block":"","_kad_post_transparent":"","_kad_post_title":"","_kad_post_layout":"","_kad_post_sidebar_id":"","_kad_post_content_style":"","_kad_post_vertical_padding":"","_kad_post_feature":"","_kad_post_feature_position":"","_kad_post_header":false,"_kad_post_footer":false,"_kad_post_classname":"","_jetpack_memberships_contains_paid_content":false,"footnotes":""},"categories":[1],"tags":[],"series":[],"class_list":["post-4482","post","type-post","status-publish","format-image","has-post-thumbnail","hentry","category-sin-categoria","post_format-post-format-image"],"episode_featured_image":"https:\/\/travesiapirenaica.com\/wp-content\/uploads\/2017\/11\/@MontanasAqueras_serchio_6-1.jpg-760x500-1.jpg","episode_player_image":"https:\/\/travesiapirenaica.com\/wp-content\/uploads\/2017\/12\/Caratula-Podcast-Maldita-Montana_1500x1500_72pp-p_.jpg","download_link":"","player_link":"","audio_player":false,"episode_data":{"playerMode":"dark","subscribeUrls":[],"rssFeedUrl":"https:\/\/travesiapirenaica.com\/en\/feed\/podcast\/maldita-montana","embedCode":"<blockquote class=\"wp-embedded-content\" data-secret=\"dDZShibKkY\"><a href=\"https:\/\/travesiapirenaica.com\/en\/revista-especial-ordesa\/\">Revista especial Ordesa: inspirat\u00e9 para la pr\u00f3xima escapada<\/a><\/blockquote><iframe sandbox=\"allow-scripts\" security=\"restricted\" src=\"https:\/\/travesiapirenaica.com\/en\/revista-especial-ordesa\/embed\/#?secret=dDZShibKkY\" width=\"500\" height=\"350\" title=\"&#8220;Revista especial Ordesa: inspirat\u00e9 para la pr\u00f3xima escapada&#8221; &#8212; Traves\u00eda.\" data-secret=\"dDZShibKkY\" frameborder=\"0\" marginwidth=\"0\" marginheight=\"0\" scrolling=\"no\" class=\"wp-embedded-content\"><\/iframe><script>\n\/*! This file is auto-generated *\/\n!function(d,l){\"use strict\";l.querySelector&&d.addEventListener&&\"undefined\"!=typeof URL&&(d.wp=d.wp||{},d.wp.receiveEmbedMessage||(d.wp.receiveEmbedMessage=function(e){var t=e.data;if((t||t.secret||t.message||t.value)&&!\/[^a-zA-Z0-9]\/.test(t.secret)){for(var s,r,n,a=l.querySelectorAll('iframe[data-secret=\"'+t.secret+'\"]'),o=l.querySelectorAll('blockquote[data-secret=\"'+t.secret+'\"]'),c=new RegExp(\"^https?:$\",\"i\"),i=0;i<o.length;i++)o[i].style.display=\"none\";for(i=0;i<a.length;i++)s=a[i],e.source===s.contentWindow&&(s.removeAttribute(\"style\"),\"height\"===t.message?(1e3<(r=parseInt(t.value,10))?r=1e3:~~r<200&&(r=200),s.height=r):\"link\"===t.message&&(r=new URL(s.getAttribute(\"src\")),n=new URL(t.value),c.test(n.protocol))&&n.host===r.host&&l.activeElement===s&&(d.top.location.href=t.value))}},d.addEventListener(\"message\",d.wp.receiveEmbedMessage,!1),l.addEventListener(\"DOMContentLoaded\",function(){for(var e,t,s=l.querySelectorAll(\"iframe.wp-embedded-content\"),r=0;r<s.length;r++)(t=(e=s[r]).getAttribute(\"data-secret\"))||(t=Math.random().toString(36).substring(2,12),e.src+=\"#?secret=\"+t,e.setAttribute(\"data-secret\",t)),e.contentWindow.postMessage({message:\"ready\",secret:t},\"*\")},!1)))}(window,document);\n\/\/# sourceURL=https:\/\/travesiapirenaica.com\/wp-includes\/js\/wp-embed.min.js\n<\/script>\n"},"taxonomy_info":{"category":[{"value":1,"label":"Sin categor\u00eda"}]},"featured_image_src_large":["https:\/\/travesiapirenaica.com\/wp-content\/uploads\/2017\/11\/@MontanasAqueras_serchio_6-1.jpg-760x500-1.jpg",760,507,false],"author_info":{"display_name":"Traves\u00eda Pirenaica","author_link":"https:\/\/travesiapirenaica.com\/en\/author\/travesia-pirenaica\/"},"comment_info":0,"category_info":[{"term_id":1,"name":"Sin categor\u00eda","slug":"sin-categoria","term_group":0,"term_taxonomy_id":1,"taxonomy":"category","description":"","parent":0,"count":208,"filter":"raw","cat_ID":1,"category_count":208,"category_description":"","cat_name":"Sin categor\u00eda","category_nicename":"sin-categoria","category_parent":0}],"tag_info":false,"jetpack_featured_media_url":"https:\/\/travesiapirenaica.com\/wp-content\/uploads\/2017\/11\/@MontanasAqueras_serchio_6-1.jpg-760x500-1.jpg","jetpack_sharing_enabled":true,"_links":{"self":[{"href":"https:\/\/travesiapirenaica.com\/en\/wp-json\/wp\/v2\/posts\/4482","targetHints":{"allow":["GET"]}}],"collection":[{"href":"https:\/\/travesiapirenaica.com\/en\/wp-json\/wp\/v2\/posts"}],"about":[{"href":"https:\/\/travesiapirenaica.com\/en\/wp-json\/wp\/v2\/types\/post"}],"author":[{"embeddable":true,"href":"https:\/\/travesiapirenaica.com\/en\/wp-json\/wp\/v2\/users\/1"}],"replies":[{"embeddable":true,"href":"https:\/\/travesiapirenaica.com\/en\/wp-json\/wp\/v2\/comments?post=4482"}],"version-history":[{"count":0,"href":"https:\/\/travesiapirenaica.com\/en\/wp-json\/wp\/v2\/posts\/4482\/revisions"}],"wp:featuredmedia":[{"embeddable":true,"href":"https:\/\/travesiapirenaica.com\/en\/wp-json\/wp\/v2\/media\/5091"}],"wp:attachment":[{"href":"https:\/\/travesiapirenaica.com\/en\/wp-json\/wp\/v2\/media?parent=4482"}],"wp:term":[{"taxonomy":"category","embeddable":true,"href":"https:\/\/travesiapirenaica.com\/en\/wp-json\/wp\/v2\/categories?post=4482"},{"taxonomy":"post_tag","embeddable":true,"href":"https:\/\/travesiapirenaica.com\/en\/wp-json\/wp\/v2\/tags?post=4482"},{"taxonomy":"series","embeddable":true,"href":"https:\/\/travesiapirenaica.com\/en\/wp-json\/wp\/v2\/series?post=4482"}],"curies":[{"name":"wp","href":"https:\/\/api.w.org\/{rel}","templated":true}]}}