{"id":45752,"date":"2025-01-01T09:24:22","date_gmt":"2025-01-01T08:24:22","guid":{"rendered":"https:\/\/travesiapirenaica.com\/?p=45752"},"modified":"2025-02-23T22:54:49","modified_gmt":"2025-02-23T21:54:49","slug":"we-are-looking-for-this-place-2024","status":"publish","type":"post","link":"https:\/\/travesiapirenaica.com\/en\/buscamos-este-lugar-2024\/","title":{"rendered":"We are looking for this place 2024"},"content":{"rendered":"\n<p id=\"block-0492b27a-7ed2-4e18-a58e-577c116ef4d5\">Al igual que ya hici\u00e9ramos en a\u00f1os anteriores, comenzamos este 2025 con un recopilatorio de todos aquellos lugares que os propusimos averiguar cada semana.<\/p>\n\n\n\n<p id=\"block-c15b4d1d-5028-4444-ad9d-77c13a739aba\">La soluci\u00f3n, como siempre, la pod\u00edais encontrar en la newsletter semanal que os compartimos los jueves. Pero por si os alguno se ha perdido alguna, aqu\u00ed est\u00e1n los 51 lugares escogidos en 2024.<\/p>\n\n\n<style>.kadence-column45752_7c9870-74{max-width:565px;margin-left:auto;margin-right:auto;}.wp-block-kadence-column.kb-section-dir-horizontal:not(.kb-section-md-dir-vertical)>.kt-inside-inner-col>.kadence-column45752_7c9870-74{-webkit-flex:0 1 565px;flex:0 1 565px;max-width:unset;margin-left:unset;margin-right:unset;}.kadence-column45752_7c9870-74 > .kt-inside-inner-col{padding-top:var(--global-kb-spacing-sm, 1.5rem);padding-right:var(--global-kb-spacing-sm, 1.5rem);padding-bottom:var(--global-kb-spacing-sm, 1.5rem);padding-left:var(--global-kb-spacing-sm, 1.5rem);}.kadence-column45752_7c9870-74 > .kt-inside-inner-col{box-shadow:0px 0px 14px 0px rgba(0, 0, 0, 0.2);}.kadence-column45752_7c9870-74 > .kt-inside-inner-col,.kadence-column45752_7c9870-74 > .kt-inside-inner-col:before{border-top-left-radius:10px;border-top-right-radius:10px;border-bottom-right-radius:10px;border-bottom-left-radius:10px;}.kadence-column45752_7c9870-74 > .kt-inside-inner-col{column-gap:var(--global-kb-gap-sm, 1rem);}.kadence-column45752_7c9870-74 > .kt-inside-inner-col{flex-direction:column;}.kadence-column45752_7c9870-74 > .kt-inside-inner-col > .aligncenter{width:100%;}.kadence-column45752_7c9870-74 > .kt-inside-inner-col{background-color:var(--global-palette9, #ffffff);}.kadence-column45752_7c9870-74 > .kt-inside-inner-col:before{opacity:0.3;}.kadence-column45752_7c9870-74{position:relative;}@media all and (min-width: 1025px){.wp-block-kadence-column.kb-section-dir-horizontal>.kt-inside-inner-col>.kadence-column45752_7c9870-74{-webkit-flex:0 1 565px;flex:0 1 565px;max-width:unset;margin-left:unset;margin-right:unset;}}@media all and (max-width: 1024px){.kadence-column45752_7c9870-74 > .kt-inside-inner-col{flex-direction:column;justify-content:center;}}@media all and (max-width: 767px){.wp-block-kadence-column.kb-section-sm-dir-vertical:not(.kb-section-sm-dir-horizontal):not(.kb-section-sm-dir-specificity)>.kt-inside-inner-col>.kadence-column45752_7c9870-74{max-width:565px;-webkit-flex:1;flex:1;margin-left:auto;margin-right:auto;}.kadence-column45752_7c9870-74 > .kt-inside-inner-col{flex-direction:column;justify-content:center;}}<\/style>\n<div class=\"wp-block-kadence-column kadence-column45752_7c9870-74 inner-column-2\"><div class=\"kt-inside-inner-col\"><style>.kb-row-layout-id45752_5726ef-5a > .kt-row-column-wrap{align-content:start;}:where(.kb-row-layout-id45752_5726ef-5a > .kt-row-column-wrap) > .wp-block-kadence-column{justify-content:start;}.kb-row-layout-id45752_5726ef-5a > .kt-row-column-wrap{column-gap:var(--global-kb-gap-md, 2rem);row-gap:var(--global-kb-gap-md, 2rem);padding-top:0px;padding-bottom:0px;grid-template-columns:minmax(0, calc(55% - ((var(--global-kb-gap-md, 2rem) * 1 )\/2)))minmax(0, calc(45% - ((var(--global-kb-gap-md, 2rem) * 1 )\/2)));}.kb-row-layout-id45752_5726ef-5a > .kt-row-layout-overlay{opacity:0.30;}@media all and (max-width: 1024px){.kb-row-layout-id45752_5726ef-5a > .kt-row-column-wrap{grid-template-columns:minmax(0, 1fr);}}@media all and (max-width: 767px){.kb-row-layout-id45752_5726ef-5a > .kt-row-column-wrap{grid-template-columns:minmax(0, 1fr);}}<\/style><div class=\"kb-row-layout-wrap kb-row-layout-id45752_5726ef-5a alignnone wp-block-kadence-rowlayout\"><div class=\"kt-row-column-wrap kt-has-2-columns kt-row-layout-equal kt-tab-layout-row kt-mobile-layout-row kt-row-valign-top\">\n<style>.kadence-column45752_490e25-e6 > .kt-inside-inner-col,.kadence-column45752_490e25-e6 > .kt-inside-inner-col:before{border-top-left-radius:0px;border-top-right-radius:0px;border-bottom-right-radius:0px;border-bottom-left-radius:0px;}.kadence-column45752_490e25-e6 > .kt-inside-inner-col{column-gap:var(--global-kb-gap-sm, 1rem);}.kadence-column45752_490e25-e6 > .kt-inside-inner-col{flex-direction:column;}.kadence-column45752_490e25-e6 > .kt-inside-inner-col > .aligncenter{width:100%;}.kadence-column45752_490e25-e6 > .kt-inside-inner-col:before{opacity:0.3;}.kadence-column45752_490e25-e6{position:relative;}@media all and (max-width: 1024px){.kadence-column45752_490e25-e6 > .kt-inside-inner-col{flex-direction:column;justify-content:center;}}@media all and (max-width: 767px){.kadence-column45752_490e25-e6 > .kt-inside-inner-col{flex-direction:column;justify-content:center;}}<\/style>\n<div class=\"wp-block-kadence-column kadence-column45752_490e25-e6 inner-column-1\"><div class=\"kt-inside-inner-col\"><style>.kb-image45752_aa6d2a-c8.kb-image-is-ratio-size, .kb-image45752_aa6d2a-c8 .kb-image-is-ratio-size{max-width:482px;width:100%;}.wp-block-kadence-column > .kt-inside-inner-col > .kb-image45752_aa6d2a-c8.kb-image-is-ratio-size, .wp-block-kadence-column > .kt-inside-inner-col > .kb-image45752_aa6d2a-c8 .kb-image-is-ratio-size{align-self:unset;}.kb-image45752_aa6d2a-c8{max-width:482px;}.image-is-svg.kb-image45752_aa6d2a-c8{-webkit-flex:0 1 100%;flex:0 1 100%;}.image-is-svg.kb-image45752_aa6d2a-c8 img{width:100%;}.kb-image45752_aa6d2a-c8 .kb-image-has-overlay:after{opacity:0.3;}<\/style>\n<figure class=\"wp-block-kadence-image kb-image45752_aa6d2a-c8 size-large rounded-corners\"><img loading=\"lazy\" decoding=\"async\" width=\"1024\" height=\"1024\" src=\"https:\/\/travesiapirenaica.com\/wp-content\/uploads\/2025\/01\/Blue-and-Pink-Soft-Magazine-Cover-Mockup-Instagram-Post-1-1024x1024.png\" alt=\"\" class=\"kb-img wp-image-46232\" srcset=\"https:\/\/travesiapirenaica.com\/wp-content\/uploads\/2025\/01\/Blue-and-Pink-Soft-Magazine-Cover-Mockup-Instagram-Post-1-1024x1024.png 1024w, https:\/\/travesiapirenaica.com\/wp-content\/uploads\/2025\/01\/Blue-and-Pink-Soft-Magazine-Cover-Mockup-Instagram-Post-1-300x300.png 300w, https:\/\/travesiapirenaica.com\/wp-content\/uploads\/2025\/01\/Blue-and-Pink-Soft-Magazine-Cover-Mockup-Instagram-Post-1-150x150.png 150w, https:\/\/travesiapirenaica.com\/wp-content\/uploads\/2025\/01\/Blue-and-Pink-Soft-Magazine-Cover-Mockup-Instagram-Post-1-768x768.png 768w, https:\/\/travesiapirenaica.com\/wp-content\/uploads\/2025\/01\/Blue-and-Pink-Soft-Magazine-Cover-Mockup-Instagram-Post-1-12x12.png 12w, https:\/\/travesiapirenaica.com\/wp-content\/uploads\/2025\/01\/Blue-and-Pink-Soft-Magazine-Cover-Mockup-Instagram-Post-1-600x600.png 600w, https:\/\/travesiapirenaica.com\/wp-content\/uploads\/2025\/01\/Blue-and-Pink-Soft-Magazine-Cover-Mockup-Instagram-Post-1-100x100.png 100w, https:\/\/travesiapirenaica.com\/wp-content\/uploads\/2025\/01\/Blue-and-Pink-Soft-Magazine-Cover-Mockup-Instagram-Post-1-96x96.png 96w, https:\/\/travesiapirenaica.com\/wp-content\/uploads\/2025\/01\/Blue-and-Pink-Soft-Magazine-Cover-Mockup-Instagram-Post-1.png 1080w\" sizes=\"auto, (max-width: 1024px) 100vw, 1024px\" \/><\/figure>\n<\/div><\/div>\n\n\n<style>.kadence-column45752_d2b10d-02 > .kt-inside-inner-col,.kadence-column45752_d2b10d-02 > .kt-inside-inner-col:before{border-top-left-radius:0px;border-top-right-radius:0px;border-bottom-right-radius:0px;border-bottom-left-radius:0px;}.kadence-column45752_d2b10d-02 > .kt-inside-inner-col{column-gap:var(--global-kb-gap-sm, 1rem);}.kadence-column45752_d2b10d-02 > .kt-inside-inner-col{flex-direction:column;}.kadence-column45752_d2b10d-02 > .kt-inside-inner-col > .aligncenter{width:100%;}.kadence-column45752_d2b10d-02 > .kt-inside-inner-col:before{opacity:0.3;}.kadence-column45752_d2b10d-02{position:relative;}@media all and (max-width: 1024px){.kadence-column45752_d2b10d-02 > .kt-inside-inner-col{flex-direction:column;justify-content:center;}}@media all and (max-width: 767px){.kadence-column45752_d2b10d-02 > .kt-inside-inner-col{flex-direction:column;justify-content:center;}}<\/style>\n<div class=\"wp-block-kadence-column kadence-column45752_d2b10d-02 inner-column-2\"><div class=\"kt-inside-inner-col\"><style>.wp-block-kadence-advancedheading.kt-adv-heading45752_5a21f1-67, .wp-block-kadence-advancedheading.kt-adv-heading45752_5a21f1-67[data-kb-block=\"kb-adv-heading45752_5a21f1-67\"]{font-style:normal;}.wp-block-kadence-advancedheading.kt-adv-heading45752_5a21f1-67 mark.kt-highlight, .wp-block-kadence-advancedheading.kt-adv-heading45752_5a21f1-67[data-kb-block=\"kb-adv-heading45752_5a21f1-67\"] mark.kt-highlight{font-style:normal;color:#f76a0c;-webkit-box-decoration-break:clone;box-decoration-break:clone;padding-top:0px;padding-right:0px;padding-bottom:0px;padding-left:0px;}.wp-block-kadence-advancedheading.kt-adv-heading45752_5a21f1-67 img.kb-inline-image, .wp-block-kadence-advancedheading.kt-adv-heading45752_5a21f1-67[data-kb-block=\"kb-adv-heading45752_5a21f1-67\"] img.kb-inline-image{width:150px;vertical-align:baseline;}<\/style>\n<h5 class=\"kt-adv-heading45752_5a21f1-67 wp-block-kadence-advancedheading has-theme-palette-3-color has-text-color\" data-kb-block=\"kb-adv-heading45752_5a21f1-67\">25 <em>SPOTS FOTOGR\u00c1FICOS <\/em>en los Pirineos \ud83d\udcf8<\/h5>\n\n\n<style>.wp-block-kadence-advancedheading.kt-adv-heading45752_0913ea-93, .wp-block-kadence-advancedheading.kt-adv-heading45752_0913ea-93[data-kb-block=\"kb-adv-heading45752_0913ea-93\"]{font-style:normal;}.wp-block-kadence-advancedheading.kt-adv-heading45752_0913ea-93 mark.kt-highlight, .wp-block-kadence-advancedheading.kt-adv-heading45752_0913ea-93[data-kb-block=\"kb-adv-heading45752_0913ea-93\"] mark.kt-highlight{font-style:normal;color:#f76a0c;-webkit-box-decoration-break:clone;box-decoration-break:clone;padding-top:0px;padding-right:0px;padding-bottom:0px;padding-left:0px;}.wp-block-kadence-advancedheading.kt-adv-heading45752_0913ea-93 img.kb-inline-image, .wp-block-kadence-advancedheading.kt-adv-heading45752_0913ea-93[data-kb-block=\"kb-adv-heading45752_0913ea-93\"] img.kb-inline-image{width:150px;vertical-align:baseline;}<\/style>\n<p class=\"kt-adv-heading45752_0913ea-93 wp-block-kadence-advancedheading has-theme-palette-5-color has-text-color\" data-kb-block=\"kb-adv-heading45752_0913ea-93\">Acceso a mapa <strong>Google Maps<\/strong> \ud83d\udccccon las localizaciones m\u00e1s emblem\u00e1ticas en la cordillera pirenaica<\/p>\n<\/div><\/div>\n\n<\/div><\/div>\n\n<\/div><\/div>\n\n\n\n<h2 class=\"wp-block-heading\">Buscamos este lugar #119:<\/h2>\n\n\n\n<p>Un cielo azul y unos afilados picos vestidos de blanco inmaculado. Estamos en el conocido como \u201cvalle de los tresmiles\u201d, contemplando un buen pu\u00f1ado de ellos. \u00bfReconoces alguno?<\/p>\n\n\n\n<ol class=\"wp-block-list\">\n<div class=\"wp-block-media-text alignwide is-stacked-on-mobile is-vertically-aligned-top\" style=\"grid-template-columns:40% auto\"><figure class=\"wp-block-media-text__media\"><img loading=\"lazy\" decoding=\"async\" width=\"1024\" height=\"682\" src=\"https:\/\/travesiapirenaica.com\/wp-content\/uploads\/2023\/12\/lugar119-1024x682.jpg\" alt=\"\" class=\"wp-image-39152 size-full\" srcset=\"https:\/\/travesiapirenaica.com\/wp-content\/uploads\/2023\/12\/lugar119-1024x682.jpg 1024w, https:\/\/travesiapirenaica.com\/wp-content\/uploads\/2023\/12\/lugar119-300x200.jpg 300w, https:\/\/travesiapirenaica.com\/wp-content\/uploads\/2023\/12\/lugar119-768x512.jpg 768w, https:\/\/travesiapirenaica.com\/wp-content\/uploads\/2023\/12\/lugar119-600x400.jpg 600w, https:\/\/travesiapirenaica.com\/wp-content\/uploads\/2023\/12\/lugar119.jpg 1280w\" sizes=\"auto, (max-width: 1024px) 100vw, 1024px\" \/><\/figure><div class=\"wp-block-media-text__content\">\n<h4 class=\"wp-block-heading\">Pistas:<\/h4>\n\n\n\n<ol class=\"wp-block-list\">\n<li>Este valle alberga en los Pirineos, como Chamonix en los Alpes, la capital.<\/li>\n\n\n\n<li>El macizo monta\u00f1oso que tenemos delante est\u00e1 maldito.<\/li>\n\n\n\n<li>Por ah\u00ed se dice que el afilado pico que ocupa la posici\u00f3n central de la fotograf\u00eda recibe su nombre en honor a cierta duquesa, m\u00e1s no es cierto.<\/li>\n<\/ol>\n<\/div><\/div>\n<\/ol>\n\n\n\n<p><strong>Soluci\u00f3n:<\/strong><\/p>\n\n\n\n<p>Nos encontramos en el valle de Lliterola, uno de de los valles secundarios del valle de Benasque, contemplando el macizo de la Maladeta, cuyo siginificado \u201ccumbre m\u00e1s alta\u201d proceder\u00eda de \u201cmala eta\u201d. Luego el tiempo y el paso de unos y otros retorcer\u00edan estas palabras hasta convertir estas monta\u00f1as&nbsp; en los&nbsp; Montes Malditos. Y como suele decirse, que una imagen vale m\u00e1s que mil palabras, estos son los principales picos que se ven:<\/p>\n\n\n\n<figure class=\"wp-block-image size-large\"><img loading=\"lazy\" decoding=\"async\" width=\"1024\" height=\"682\" src=\"https:\/\/travesiapirenaica.com\/wp-content\/uploads\/2025\/01\/respuesta-lugar119-1024x682.jpg\" alt=\"\" class=\"wp-image-45753\" srcset=\"https:\/\/travesiapirenaica.com\/wp-content\/uploads\/2025\/01\/respuesta-lugar119-1024x682.jpg 1024w, https:\/\/travesiapirenaica.com\/wp-content\/uploads\/2025\/01\/respuesta-lugar119-300x200.jpg 300w, https:\/\/travesiapirenaica.com\/wp-content\/uploads\/2025\/01\/respuesta-lugar119-768x512.jpg 768w, https:\/\/travesiapirenaica.com\/wp-content\/uploads\/2025\/01\/respuesta-lugar119-18x12.jpg 18w, https:\/\/travesiapirenaica.com\/wp-content\/uploads\/2025\/01\/respuesta-lugar119-600x400.jpg 600w, https:\/\/travesiapirenaica.com\/wp-content\/uploads\/2025\/01\/respuesta-lugar119-150x100.jpg 150w, https:\/\/travesiapirenaica.com\/wp-content\/uploads\/2025\/01\/respuesta-lugar119.jpg 1280w\" sizes=\"auto, (max-width: 1024px) 100vw, 1024px\" \/><\/figure>\n\n\n\n<p><\/p>\n\n\n\n<hr class=\"wp-block-separator has-alpha-channel-opacity\"\/>\n\n\n\n<h2 class=\"wp-block-heading\">Buscamos este lugar #120:<\/h2>\n\n\n\n<p>Cima!! Las vistas son impresionantes, al oeste el Bisaur\u00edn, el Aspe\u2026; al norte el Midi d\u2019Ossau, Palas, Balait\u00fas, al Este\u2026 \u00bfal Este?<\/p>\n\n\n\n<ol class=\"wp-block-list\">\n<div class=\"wp-block-media-text alignwide is-stacked-on-mobile is-vertically-aligned-top\" style=\"grid-template-columns:40% auto\"><figure class=\"wp-block-media-text__media\"><img loading=\"lazy\" decoding=\"async\" width=\"1024\" height=\"682\" src=\"https:\/\/travesiapirenaica.com\/wp-content\/uploads\/2024\/01\/lugar120-1024x682.jpg\" alt=\"\" class=\"wp-image-39245 size-full\" srcset=\"https:\/\/travesiapirenaica.com\/wp-content\/uploads\/2024\/01\/lugar120-1024x682.jpg 1024w, https:\/\/travesiapirenaica.com\/wp-content\/uploads\/2024\/01\/lugar120-300x200.jpg 300w, https:\/\/travesiapirenaica.com\/wp-content\/uploads\/2024\/01\/lugar120-768x512.jpg 768w, https:\/\/travesiapirenaica.com\/wp-content\/uploads\/2024\/01\/lugar120-600x400.jpg 600w, https:\/\/travesiapirenaica.com\/wp-content\/uploads\/2024\/01\/lugar120.jpg 1280w\" sizes=\"auto, (max-width: 1024px) 100vw, 1024px\" \/><\/figure><div class=\"wp-block-media-text__content\">\n<h4 class=\"wp-block-heading\">Pistas:<\/h4>\n\n\n\n<ol class=\"wp-block-list\">\n<li>Nos encontramos en la cima de la monta\u00f1a m\u00e1s alta de toda la comarca. Una cima inconfundible por el collar que rodea su cima o por su parecido con un pez\u00f3n.<\/li>\n\n\n\n<li>Las monta\u00f1as que ocupan el papel protagonista pertenecen a otro valle, a otra sierra.<\/li>\n\n\n\n<li>El pico que se recorta abajo en primer plano es una nevera.<\/li>\n<\/ol>\n<\/div><\/div>\n<\/ol>\n\n\n\n<p><strong>Soluci\u00f3n:<\/strong><\/p>\n\n\n\n<p>La fotograf\u00eda est\u00e1 tomada desde el Collarada (2.883m), el pico m\u00e1s alto de la Jacetania. Hacia el Este, en primer plano, podemos ver los Cuchillares (2.681m), Pe\u00f1a Nevera (2.721m) y Somola Alta (2.692m). En segundo plano pero en el papel de protagonista, destacan las cumbres de la vecina sierra de Partacua (Alto G\u00e1llego). A destacar, de m\u00e1s cerca a m\u00e1s lejos: la Pala de los Rayos (2.646m), Pe\u00f1a Retona (2.770m), Puerto Rico (2.753m) y Pe\u00f1a Telera (2.762m). Por detr\u00e1s a la izquierda asoma Pe\u00f1a Blanca (2.555m), en la estribaci\u00f3n occidental de la Sierra de Tende\u00f1era.<\/p>\n\n\n\n<p><\/p>\n\n\n\n<hr class=\"wp-block-separator has-alpha-channel-opacity\"\/>\n\n\n\n<h2 class=\"wp-block-heading\">Buscamos este lugar #121:<\/h2>\n\n\n\n<p>El pico que os mostramos esta semana es un monta\u00f1\u00f3n con may\u00fasculas, no en vano, es el punto culminante de uno de los once macizos en los que se concentran los 217 tresmiles pirenaicos.<\/p>\n\n\n\n<ol class=\"wp-block-list\">\n<div class=\"wp-block-media-text alignwide is-stacked-on-mobile is-vertically-aligned-top\" style=\"grid-template-columns:40% auto\"><figure class=\"wp-block-media-text__media\"><img loading=\"lazy\" decoding=\"async\" width=\"1024\" height=\"682\" src=\"https:\/\/travesiapirenaica.com\/wp-content\/uploads\/2024\/01\/lugar121-1024x682.jpg\" alt=\"\" class=\"wp-image-39567 size-full\" srcset=\"https:\/\/travesiapirenaica.com\/wp-content\/uploads\/2024\/01\/lugar121-1024x682.jpg 1024w, https:\/\/travesiapirenaica.com\/wp-content\/uploads\/2024\/01\/lugar121-300x200.jpg 300w, https:\/\/travesiapirenaica.com\/wp-content\/uploads\/2024\/01\/lugar121-768x512.jpg 768w, https:\/\/travesiapirenaica.com\/wp-content\/uploads\/2024\/01\/lugar121-600x400.jpg 600w, https:\/\/travesiapirenaica.com\/wp-content\/uploads\/2024\/01\/lugar121.jpg 1280w\" sizes=\"auto, (max-width: 1024px) 100vw, 1024px\" \/><\/figure><div class=\"wp-block-media-text__content\">\n<h4 class=\"wp-block-heading\">Pistas:<\/h4>\n\n\n\n<ol class=\"wp-block-list\">\n<li>Como dec\u00edamos, se trata de uno de los once tresmiles que ostenta el privilegio de ser el pico m\u00e1s alto del macizo en que se encuentra.<\/li>\n\n\n\n<li>La fotograf\u00eda est\u00e1 tomada desde la vertiente norte, desde la base del que est\u00e1 considerado como el mayor circo glaciar de los Pirineos.<\/li>\n\n\n\n<li>Si intent\u00e1is hollar su cima, tened cuidado con el gato.<\/li>\n<\/ol>\n<\/div><\/div>\n<\/ol>\n\n\n\n<p><strong>Soluci\u00f3n:<\/strong><\/p>\n\n\n\n<p>Se trataba de La Munia (3.127m), el pico m\u00e1s alto del largo crester\u00edo que encierra por el norte el circo de Troumouse, considerado el mayor circo glaciar de los Pirineos por sus cuatro kil\u00f3metros de di\u00e1metro y once de per\u00edmetro. Precisamente, desde la base del circo parte la v\u00eda normal al pico por la vertiente francesa, que ir\u00e1 a unirse con la que parte de Pineta (m\u00e1s larga y con mayor desnivel), antes de afrontar el famoso Paso del Gato \/ Pass du Chat (PD).<\/p>\n\n\n\n<p><\/p>\n\n\n\n<hr class=\"wp-block-separator has-alpha-channel-opacity\"\/>\n\n\n\n<h2 class=\"wp-block-heading\">Buscamos este lugar #122:<\/h2>\n\n\n\n<p>Oto\u00f1o, invierno, primavera o verano, siempre es buen momento para sumergirse en un bosque y dejarse hechizar por los sonidos, olores, luces y colores, que un ecosistema siempre vivo y cambiante como este nos brinda en cada estaci\u00f3n.<\/p>\n\n\n\n<ol class=\"wp-block-list\">\n<div class=\"wp-block-media-text alignwide is-stacked-on-mobile is-vertically-aligned-top\" style=\"grid-template-columns:40% auto\"><figure class=\"wp-block-media-text__media\"><img loading=\"lazy\" decoding=\"async\" width=\"1024\" height=\"682\" src=\"https:\/\/travesiapirenaica.com\/wp-content\/uploads\/2024\/01\/lugar122-1024x682.jpg\" alt=\"\" class=\"wp-image-39673 size-full\" srcset=\"https:\/\/travesiapirenaica.com\/wp-content\/uploads\/2024\/01\/lugar122-1024x682.jpg 1024w, https:\/\/travesiapirenaica.com\/wp-content\/uploads\/2024\/01\/lugar122-300x200.jpg 300w, https:\/\/travesiapirenaica.com\/wp-content\/uploads\/2024\/01\/lugar122-768x512.jpg 768w, https:\/\/travesiapirenaica.com\/wp-content\/uploads\/2024\/01\/lugar122-600x400.jpg 600w, https:\/\/travesiapirenaica.com\/wp-content\/uploads\/2024\/01\/lugar122.jpg 1280w\" sizes=\"auto, (max-width: 1024px) 100vw, 1024px\" \/><\/figure><div class=\"wp-block-media-text__content\">\n<h4 class=\"wp-block-heading\">Pistas:<\/h4>\n\n\n\n<ol class=\"wp-block-list\">\n<li>Este no es un bosque cualquiera, es uno de los hayedo-abetales m\u00e1s grandes y mejor conservados de Europa.<\/li>\n\n\n\n<li>En la cabecera de este valle nace una de las dos regatas (la blanca) que dan origen, tras su confluencia, al r\u00edo del mismo nombre que este lugar.<\/li>\n\n\n\n<li>Todo este valle est\u00e1 vigilado por un dosmil muy especial.<\/li>\n<\/ol>\n<\/div><\/div>\n<\/ol>\n\n\n\n<p><strong>Soluci\u00f3n:<\/strong><\/p>\n\n\n\n<p>No pod\u00eda ser otro bosque&nbsp; que la <a href=\"https:\/\/travesiapirenaica.com\/selva-de-irati\/\">Selva de Irati<\/a>, el segundo hayedo-abetal m\u00e1s grande Europa con 17.175ha. Est\u00e1 situado en el Pirineo navarro, entre los valles de Aezkoa y Salazar, y en los Pirineos Atl\u00e1nticos, en los valles de Cize y Soule, ocupando la gran hondonada que la cuenca alta del Irati ha horadado entre la sierra de Abodi y el eje pirenaico.<\/p>\n\n\n\n<p>Su excelente estado de conservaci\u00f3n, en el que se incluyen las dos reservas naturales de Mendilatz y Tristuibartea, y la reserva integral de Lizardoia, le vali\u00f3 su inclusi\u00f3n en la lista del Patrimonio de la Humanidad de la Unesco en 2017 bajo la denominaci\u00f3n Hayedos primarios de los C\u00e1rpatos y otras regiones de Europa; y eso, a pesar de que aunque tenga la etiqueta de bosque virgen, lleva soportando la extracci\u00f3n de madera desde el siglo XV. Ahora la tala est\u00e1 muy controlada pero en siglos pasados, Espa\u00f1a y Francia se emplearon a fondo en sacar enormes troncos de abeto para los m\u00e1stiles de sus armadas. Es por eso, a causa de la explotaci\u00f3n forestal realizada desde hace siglos, que la especie predominante del bosque es el haya, y que la superficie de bosque mixto en que abetos y hayas se entremezclan ocupe en realidad, seg\u00fan datos del Gobierno de Navarra, 1.528ha. distribuidas principalmente aqu\u00ed y en el barranco de Aztaparreta (valle de Belagua).<\/p>\n\n\n\n<p><\/p>\n\n\n\n<hr class=\"wp-block-separator has-alpha-channel-opacity\"\/>\n\n\n\n<h2 class=\"wp-block-heading\">Buscamos este lugar #123:<\/h2>\n\n\n\n<p>Si en el buscamos de la semana pasada os cont\u00e1bamos que de la Selva de Irati se extra\u00edan los preciados troncos de abeto con los que se fabricaban los m\u00e1stiles de las armadas, espa\u00f1ola y francesa, no muy lejos de all\u00ed, en este lugar, no dudaron en volar la monta\u00f1a por el mismo motivo.<\/p>\n\n\n\n<ol class=\"wp-block-list\">\n<div class=\"wp-block-media-text alignwide is-stacked-on-mobile is-vertically-aligned-top\" style=\"grid-template-columns:40% auto\"><figure class=\"wp-block-media-text__media\"><img loading=\"lazy\" decoding=\"async\" width=\"1024\" height=\"682\" src=\"https:\/\/travesiapirenaica.com\/wp-content\/uploads\/2024\/01\/lugar123-1024x682.jpg\" alt=\"\" class=\"wp-image-39764 size-full\" srcset=\"https:\/\/travesiapirenaica.com\/wp-content\/uploads\/2024\/01\/lugar123-1024x682.jpg 1024w, https:\/\/travesiapirenaica.com\/wp-content\/uploads\/2024\/01\/lugar123-300x200.jpg 300w, https:\/\/travesiapirenaica.com\/wp-content\/uploads\/2024\/01\/lugar123-768x512.jpg 768w, https:\/\/travesiapirenaica.com\/wp-content\/uploads\/2024\/01\/lugar123-600x400.jpg 600w, https:\/\/travesiapirenaica.com\/wp-content\/uploads\/2024\/01\/lugar123.jpg 1280w\" sizes=\"auto, (max-width: 1024px) 100vw, 1024px\" \/><\/figure><div class=\"wp-block-media-text__content\">\n<h4 class=\"wp-block-heading\">Pistas:<\/h4>\n\n\n\n<ol class=\"wp-block-list\">\n<li>Por este camino discurre el GR10, el sendero de Gran Recorrido que cruza los Pirineos desde el Cant\u00e1brico hasta el Mediterr\u00e1neo por la vertiente francesa.<\/li>\n\n\n\n<li>En frente de estas paredes se localiza un gran fuerte, declarado Monumento Hist\u00f3rico desde 2005.<\/li>\n\n\n\n<li>El valle principal est\u00e1 recorrido por el Camino de Santiago Franc\u00e9s, tambi\u00e9n llamado Camino Aragon\u00e9s al entrar a este territorio.<\/li>\n<\/ol>\n<\/div><\/div>\n<\/ol>\n\n\n\n<p><strong>Soluci\u00f3n:<\/strong><\/p>\n\n\n\n<p>Se trataba del <a href=\"https:\/\/travesiapirenaica.com\/chemin-mature\/\">Chemin de la M\u00e2ture<\/a>, traducido al castellano como Camino de los M\u00e1stiles. Construido entre los a\u00f1os 1771 y 1773, fue utilizado durante los 6 a\u00f1os posteriores para la saca de grandes troncos de abeto, hayas y bojes con los que construir la Marina Real francesa de la \u00e9poca. El origen hay que buscarlo durante el reinado de Luis XIV (1643-1715), cuando se decide que el pa\u00eds necesita disponer de una gran armada. Para ello, se necesitar\u00e1n extraer \u00e1rboles de gran tama\u00f1o y calidad que encontrar\u00e1n en los bosques del oeste pirenaico, como este de Pacq, hasta el cual conduce este camino.<\/p>\n\n\n\n<p><\/p>\n\n\n\n<hr class=\"wp-block-separator has-alpha-channel-opacity\"\/>\n\n\n\n<h2 class=\"wp-block-heading\">Buscamos este lugar #124:<\/h2>\n\n\n\n<p>La sierra de Guara es uno de los mejores destinos para hacer barranquismo de toda Europa. Masc\u00fan, Gorgas Negras, Vero, Ot\u00edn, Fornocal, La Peonera\u2026 son solo algunos de esos nombres que seguro sonar\u00e1n a cualquier barranquista que haya visitado este lugar, sin embargo, ninguno de ellos es el que buscamos en esta fotograf\u00eda. \u00bfLo reconoces?<\/p>\n\n\n\n<ol class=\"wp-block-list\">\n<div class=\"wp-block-media-text alignwide is-stacked-on-mobile is-vertically-aligned-top\" style=\"grid-template-columns:40% auto\"><figure class=\"wp-block-media-text__media\"><img loading=\"lazy\" decoding=\"async\" width=\"1024\" height=\"682\" src=\"https:\/\/travesiapirenaica.com\/wp-content\/uploads\/2024\/02\/lugar124-1024x682.jpg\" alt=\"\" class=\"wp-image-39909 size-full\" srcset=\"https:\/\/travesiapirenaica.com\/wp-content\/uploads\/2024\/02\/lugar124-1024x682.jpg 1024w, https:\/\/travesiapirenaica.com\/wp-content\/uploads\/2024\/02\/lugar124-300x200.jpg 300w, https:\/\/travesiapirenaica.com\/wp-content\/uploads\/2024\/02\/lugar124-768x512.jpg 768w, https:\/\/travesiapirenaica.com\/wp-content\/uploads\/2024\/02\/lugar124-600x400.jpg 600w, https:\/\/travesiapirenaica.com\/wp-content\/uploads\/2024\/02\/lugar124.jpg 1280w\" sizes=\"auto, (max-width: 1024px) 100vw, 1024px\" \/><\/figure><div class=\"wp-block-media-text__content\">\n<h4 class=\"wp-block-heading\">Pistas:<\/h4>\n\n\n\n<ol class=\"wp-block-list\">\n<li>Se encuentra en la zona m\u00e1s oriental de la sierra de Guara.<\/li>\n\n\n\n<li>Esta gran b\u00f3veda desprendida es el lugar m\u00e1s reconocible del barranco y el inicio de la parte m\u00e1s interesante del mismo.<\/li>\n\n\n\n<li>Desemboca en uno de esos barrancos m\u00e1s conocidos que mencion\u00e1bamos en la introducci\u00f3n.<\/li>\n<\/ol>\n<\/div><\/div>\n<\/ol>\n\n\n\n<p><strong>Soluci\u00f3n:<\/strong><\/p>\n\n\n\n<p>Se trata del barranco de Sarratanas, un <a href=\"https:\/\/travesiapirenaica.com\/barrancos-invierno\/\">barranco ideal para realizar en oto\u00f1o-invierno<\/a> debido a su escaso caudal, y en el que podremos observar bonitas formaciones geol\u00f3gicas como algunas baumas de gran tama\u00f1o, b\u00f3vedas, marmitas agujereadas y zonas de oscuros y estrechos.<\/p>\n\n\n\n<p>En concretos, la fotograf\u00eda corresponde a la gran b\u00f3veda desprendida que precede a la zona de estrechos y cueva Aguilar.<\/p>\n\n\n\n<p>Si quer\u00e9is realizarlo, se encuentra junto al Puente de las Gargantas, entre Lecina y Colungo, una zona en la que cerca podremos realizar otros descensos como el Fornocal, Palomeras de Fornocal, Malpaso, Xae, Lumos, Medio o Alpan, entre otros.<\/p>\n\n\n\n<p><\/p>\n\n\n\n<hr class=\"wp-block-separator has-alpha-channel-opacity\"\/>\n\n\n\n<h2 class=\"wp-block-heading\">Buscamos este lugar #125:<\/h2>\n\n\n\n<p>A medio camino entre el valle y las cumbres y muy cerca de la carretera que recorre el valle principal, estas curiosas formaciones rocosas pasan totalmente desapercibidas.<\/p>\n\n\n\n<ol class=\"wp-block-list\">\n<div class=\"wp-block-media-text alignwide is-stacked-on-mobile is-vertically-aligned-top\" style=\"grid-template-columns:40% auto\"><figure class=\"wp-block-media-text__media\"><img loading=\"lazy\" decoding=\"async\" width=\"1024\" height=\"682\" src=\"https:\/\/travesiapirenaica.com\/wp-content\/uploads\/2024\/02\/lugar125-1024x682.jpg\" alt=\"\" class=\"wp-image-39983 size-full\" srcset=\"https:\/\/travesiapirenaica.com\/wp-content\/uploads\/2024\/02\/lugar125-1024x682.jpg 1024w, https:\/\/travesiapirenaica.com\/wp-content\/uploads\/2024\/02\/lugar125-300x200.jpg 300w, https:\/\/travesiapirenaica.com\/wp-content\/uploads\/2024\/02\/lugar125-768x512.jpg 768w, https:\/\/travesiapirenaica.com\/wp-content\/uploads\/2024\/02\/lugar125-600x400.jpg 600w, https:\/\/travesiapirenaica.com\/wp-content\/uploads\/2024\/02\/lugar125.jpg 1280w\" sizes=\"auto, (max-width: 1024px) 100vw, 1024px\" \/><\/figure><div class=\"wp-block-media-text__content\">\n<h4 class=\"wp-block-heading\">Pistas:<\/h4>\n\n\n\n<ol class=\"wp-block-list\">\n<li>Se encuentran en el valle de Tena, al sur de una de las sierras interiores m\u00e1s importantes.<\/li>\n\n\n\n<li>La entrada a este valle est\u00e1 presidida por una fuente y una ermita.<\/li>\n\n\n\n<li>La monta\u00f1a que vemos detr\u00e1s es Pe\u00f1a Telera.<\/li>\n<\/ol>\n<\/div><\/div>\n<\/ol>\n\n\n\n<p><strong>Soluci\u00f3n:<\/strong><\/p>\n\n\n\n<p>Se trataba de las Agujas de l\u2019Asieso, situadas sobre el valle del mismo nombre, en el frente meridional de la sierra de Tende\u00f1era.<\/p>\n\n\n\n<p>Estas curiosas formaciones con estratos fuertemente inclinados han quedado al descubierto debido a la erosi\u00f3n de los barrancos, dejando a la vista varios pliegues que en geolog\u00eda reciben el nombre de chevrons.<\/p>\n\n\n\n<p>La entrada al valle est\u00e1 presidida por el fuerte y la ermita de Santa Elena, donde hay una peque\u00f1a v\u00eda ferrata (K1).<\/p>\n\n\n\n<p><\/p>\n\n\n\n<hr class=\"wp-block-separator has-alpha-channel-opacity\"\/>\n\n\n\n<h2 class=\"wp-block-heading\">Buscamos este lugar #126:<\/h2>\n\n\n\n<p>A menudo, final de etapa en el GR11, seguramente este lugar sea m\u00e1s conocido por las pozas de agua cristalina que atraen a decenas de ba\u00f1istas en verano.<\/p>\n\n\n\n<ol class=\"wp-block-list\">\n<div class=\"wp-block-media-text alignwide is-stacked-on-mobile is-vertically-aligned-top\" style=\"grid-template-columns:40% auto\"><figure class=\"wp-block-media-text__media\"><img loading=\"lazy\" decoding=\"async\" width=\"1024\" height=\"682\" src=\"https:\/\/travesiapirenaica.com\/wp-content\/uploads\/2024\/02\/lugar126-1024x682.jpg\" alt=\"\" class=\"wp-image-40132 size-full\" srcset=\"https:\/\/travesiapirenaica.com\/wp-content\/uploads\/2024\/02\/lugar126-1024x682.jpg 1024w, https:\/\/travesiapirenaica.com\/wp-content\/uploads\/2024\/02\/lugar126-300x200.jpg 300w, https:\/\/travesiapirenaica.com\/wp-content\/uploads\/2024\/02\/lugar126-768x512.jpg 768w, https:\/\/travesiapirenaica.com\/wp-content\/uploads\/2024\/02\/lugar126-600x400.jpg 600w, https:\/\/travesiapirenaica.com\/wp-content\/uploads\/2024\/02\/lugar126.jpg 1280w\" sizes=\"auto, (max-width: 1024px) 100vw, 1024px\" \/><\/figure><div class=\"wp-block-media-text__content\">\n<h4 class=\"wp-block-heading\">Pistas:<\/h4>\n\n\n\n<ol class=\"wp-block-list\">\n<li>Se encuentra en la comarca de la Garrotxa, dentro del Espacio de Inter\u00e9s Natural de la Alta Garrotxa.<\/li>\n\n\n\n<li>Existe una asociaci\u00f3n de amigos de este lugar que quiere recuperar el gran edificio contiguo, para habilitar un refugio monta\u00f1ero.<\/li>\n<\/ol>\n<\/div><\/div>\n<\/ol>\n\n\n\n<p><strong>Soluci\u00f3n:<\/strong><\/p>\n\n\n\n<p>Se trata de la ermita de Sant Aniol d&#8217;Aguja. Est\u00e1 situada en la comarca de la Garrotxa, en la cabecera de la riera de Sant Aniol, a 6 kil\u00f3metros de Sadernes (camping, iglesia y final de la carretera) y en plena ruta <a href=\"https:\/\/travesiapirenaica.com\/gr11\/talaixa-albanya.php\">GR11 entre Talaixa y Albanya<\/a>.<\/p>\n\n\n\n<p>Su origen se remonta al a\u00f1o 859, cuando una comunidad de monjes benedictinos originarios de Santa Mar\u00eda de Arles funda aqu\u00ed un monasterio que tendr\u00eda gran relevancia. Debido a su aislamiento no tard\u00f3 en ser dependiente de la Catedral Girona y as\u00ed, en el a\u00f1o 1003, se produjo el traslado de la comunidad a Sant Lloren\u00e7 del Mont, situado a pocos kil\u00f3metros.<\/p>\n\n\n\n<p>Junto a la ermita destaca un gran edificio que albergaba el antiguo refugio de Sant Aniol y en el que desde hace a\u00f1os, el grupo de <a href=\"http:\/\/www.amicsdesantanioldaguja.cat\/\" target=\"_blank\" rel=\"noreferrer noopener\"><strong>Amics de Sant Aniol d&#8217;Aguja<\/strong><\/a> trabaja voluntariamente en su rehabilitaci\u00f3n para convertirlo en refugio monta\u00f1ero.<\/p>\n\n\n\n<p>Como dec\u00edamos en las pistas, el lugar es muy visitado en verano por los ba\u00f1istas, que acuden atra\u00eddos por las aguas turquesas del Gorg Blau, el Salt del Brull o el Salt de la Capa.<\/p>\n\n\n\n<p><\/p>\n\n\n\n<hr class=\"wp-block-separator has-alpha-channel-opacity\"\/>\n\n\n\n<h2 class=\"wp-block-heading\">Buscamos este lugar #127:<\/h2>\n\n\n\n<p>\u00a1Qu\u00e9 nevada! Nos comentaba Sergio Al\u00e9n de la foto que nos mandaba, en la que podemos ver una de las poses m\u00e1s conocidas de este pico.<\/p>\n\n\n\n<ol class=\"wp-block-list\">\n<div class=\"wp-block-media-text alignwide is-stacked-on-mobile is-vertically-aligned-top\" style=\"grid-template-columns:40% auto\"><figure class=\"wp-block-media-text__media\"><img loading=\"lazy\" decoding=\"async\" width=\"1024\" height=\"682\" src=\"https:\/\/travesiapirenaica.com\/wp-content\/uploads\/2024\/03\/lugar127-1024x682.jpg\" alt=\"\" class=\"wp-image-40268 size-full\" srcset=\"https:\/\/travesiapirenaica.com\/wp-content\/uploads\/2024\/03\/lugar127-1024x682.jpg 1024w, https:\/\/travesiapirenaica.com\/wp-content\/uploads\/2024\/03\/lugar127-300x200.jpg 300w, https:\/\/travesiapirenaica.com\/wp-content\/uploads\/2024\/03\/lugar127-768x512.jpg 768w, https:\/\/travesiapirenaica.com\/wp-content\/uploads\/2024\/03\/lugar127-600x400.jpg 600w, https:\/\/travesiapirenaica.com\/wp-content\/uploads\/2024\/03\/lugar127.jpg 1280w\" sizes=\"auto, (max-width: 1024px) 100vw, 1024px\" \/><\/figure><div class=\"wp-block-media-text__content\">\n<h4 class=\"wp-block-heading\">Pistas:<\/h4>\n\n\n\n<ol class=\"wp-block-list\">\n<li>Supera, por poco, los 2.000 metros de altura.<\/li>\n\n\n\n<li>Es la puerta de entrada de uno de los complejos k\u00e1rsticos m\u00e1s grandes de Europa.<\/li>\n\n\n\n<li>Lo m\u00e1s habitual para subir a este pico es comenzar la excursi\u00f3n en el moj\u00f3n 262.<\/li>\n<\/ol>\n<\/div><\/div>\n<\/ol>\n\n\n\n<p><strong>Soluci\u00f3n:<\/strong><\/p>\n\n\n\n<p>Uno de los primeros dosmiles del Pirineo por occidente, uno de los pocos de Navarra y, sin embargo, una monta\u00f1a \u201ceclipsada\u201d por todo lo que viene a continuaci\u00f3n. Nos referimos al Arlas (2.044 m).<\/p>\n\n\n\n<p>El pico Arlas, a caballo entre Navarra y la regi\u00f3n hist\u00f3rica del Bearne, se encuentra a poco m\u00e1s de un kil\u00f3metro del puerto de Ernaz, m\u00e1s conocido por la Piedra\/Pierre de San Mart\u00edn (moj\u00f3n 262). Su cercan\u00eda a este puerto, el corto (pero intenso) desnivel y su ubicaci\u00f3n, lo convierten en una <a href=\"https:\/\/travesiapirenaica.com\/anie-arlas\/\">bonita excursi\u00f3n<\/a> hasta un mirador privilegiado desde el que poder admirar la meseta de Larra y los primeros picos realmente importantes del Pirineo, como el <a href=\"https:\/\/travesiapirenaica.com\/anie-arlas\/\">Anie (2.504 m)<\/a>, una de las <a href=\"https:\/\/travesiapirenaica.com\/montanas-mas-bellas-pirineo\/\">monta\u00f1as m\u00e1s bellas del Pirineo<\/a>.<\/p>\n\n\n\n<p><\/p>\n\n\n\n<hr class=\"wp-block-separator has-alpha-channel-opacity\"\/>\n\n\n\n<h2 class=\"wp-block-heading\">Buscamos este lugar #128:<\/h2>\n\n\n\n<p>M\u00e1s tarde que pronto, las grandes nevadas han llegado al Pirineo y esta semana tenemos peligro de aludes de nivel 4 por encima de la cota 1900-2000 metros. En alguna ocasi\u00f3n os hemos hablado de <a href=\"https:\/\/travesiapirenaica.com\/boletin-aludes\/\">c\u00f3mo interpretar el Bolet\u00edn de Peligro de Aludes (BPA)<\/a> y d\u00f3nde consultarlo, como por ejemplo en la <a href=\"https:\/\/www.aemet.es\/es\/eltiempo\/prediccion\/montana\/boletin_peligro_aludes\" target=\"_blank\" rel=\"noopener\">AEMET<\/a>, que casualidad, tiene una imagen de portada muy parecida a esta que estamos buscando. \u00bfSabes cu\u00e1les son esos picos que aparecen de fondo?<\/p>\n\n\n\n<ol class=\"wp-block-list\">\n<div class=\"wp-block-media-text alignwide is-stacked-on-mobile is-vertically-aligned-top\" style=\"grid-template-columns:40% auto\"><figure class=\"wp-block-media-text__media\"><img loading=\"lazy\" decoding=\"async\" width=\"1024\" height=\"682\" src=\"https:\/\/travesiapirenaica.com\/wp-content\/uploads\/2024\/03\/lugar128-1024x682.jpg\" alt=\"\" class=\"wp-image-40336 size-full\" srcset=\"https:\/\/travesiapirenaica.com\/wp-content\/uploads\/2024\/03\/lugar128-1024x682.jpg 1024w, https:\/\/travesiapirenaica.com\/wp-content\/uploads\/2024\/03\/lugar128-300x200.jpg 300w, https:\/\/travesiapirenaica.com\/wp-content\/uploads\/2024\/03\/lugar128-768x512.jpg 768w, https:\/\/travesiapirenaica.com\/wp-content\/uploads\/2024\/03\/lugar128-600x400.jpg 600w, https:\/\/travesiapirenaica.com\/wp-content\/uploads\/2024\/03\/lugar128.jpg 1280w\" sizes=\"auto, (max-width: 1024px) 100vw, 1024px\" \/><\/figure><div class=\"wp-block-media-text__content\">\n<h4 class=\"wp-block-heading\">Pistas:<\/h4>\n\n\n\n<ol class=\"wp-block-list\">\n<li>Los picos que vemos delimitan por el Este un parque natural que de golpe y porrazo, se encuentra con una estaci\u00f3n de esqu\u00ed.<\/li>\n\n\n\n<li>Entre nosotros y las monta\u00f1as del fondo, se halla un conocido puerto de monta\u00f1a atravesado por una de las principales rutas jacobeas.<\/li>\n\n\n\n<li>La cumbre m\u00e1s alta da nombre (o viceversa) al valle que se abre al norte y que desagua en el Cant\u00e1brico, al contrario que las cumbres de la izquierda, que desaguan por completo en el mediterr\u00e1neo.<\/li>\n<\/ol>\n<\/div><\/div>\n<\/ol>\n\n\n\n<p><strong>Soluci\u00f3n:<\/strong><\/p>\n\n\n\n<p>Nos encontramos remontando la ladera que hay al norte del puerto de Somport camino del col Mayou (2.033m), un privilegiado mirador sobre las monta\u00f1as que se yerguen sobre la estaci\u00f3n de esqu\u00ed de Candanch\u00fa. Y como una imagen vale m\u00e1s que mil palabras, de izquierda a derecha estos son los principales picos que vemos: Pico de la Garganta de Borau (2.570m), El Sombrero (2.562m), Pico de la Garganta de A\u00edsa (2.504m), Aspe (2.640m), Llena de la Garganta (2.599m), Brecha Wallon (2.329m), Llena del Bozo (2.566m) y Ruabe del Bozo (2.419m).<\/p>\n\n\n\n<p><\/p>\n\n\n\n<hr class=\"wp-block-separator has-alpha-channel-opacity\"\/>\n\n\n\n<h2 class=\"wp-block-heading\">Buscamos este lugar #129:<\/h2>\n\n\n\n<p>El inicio de la primavera es una \u00e9poca ideal para visitar cascadas. Los r\u00edos bajan caudalosos y las temperaturas son bastante m\u00e1s agradables que en meses pasados. Un plan perfecto para esos d\u00edas lluviosos o que hace mal tiempo en las alturas.<\/p>\n\n\n\n<ol class=\"wp-block-list\">\n<div class=\"wp-block-media-text alignwide is-stacked-on-mobile is-vertically-aligned-top\" style=\"grid-template-columns:40% auto\"><figure class=\"wp-block-media-text__media\"><img loading=\"lazy\" decoding=\"async\" width=\"1024\" height=\"682\" src=\"https:\/\/travesiapirenaica.com\/wp-content\/uploads\/2024\/03\/lugar129-1024x682.jpg\" alt=\"\" class=\"wp-image-40431 size-full\" srcset=\"https:\/\/travesiapirenaica.com\/wp-content\/uploads\/2024\/03\/lugar129-1024x682.jpg 1024w, https:\/\/travesiapirenaica.com\/wp-content\/uploads\/2024\/03\/lugar129-300x200.jpg 300w, https:\/\/travesiapirenaica.com\/wp-content\/uploads\/2024\/03\/lugar129-768x512.jpg 768w, https:\/\/travesiapirenaica.com\/wp-content\/uploads\/2024\/03\/lugar129-600x400.jpg 600w, https:\/\/travesiapirenaica.com\/wp-content\/uploads\/2024\/03\/lugar129.jpg 1280w\" sizes=\"auto, (max-width: 1024px) 100vw, 1024px\" \/><\/figure><div class=\"wp-block-media-text__content\">\n<h4 class=\"wp-block-heading\">Pistas:<\/h4>\n\n\n\n<ol class=\"wp-block-list\">\n<li>La cascada que buscamos no ser\u00eda tan conocida si no fuese por estar tan cerca de la localidad m\u00e1s famosa del valle de Salazar.<\/li>\n\n\n\n<li>Desde esta localidad, puerta de entrada a la Selva de Irati y situada en plena ruta GR11, sale un sendero local para visitarla.<\/li>\n\n\n\n<li>La cascada est\u00e1 situada en la confluencia de dos barrancos.<\/li>\n<\/ol>\n<\/div><\/div>\n<\/ol>\n\n\n\n<p><strong>Soluci\u00f3n:<\/strong><\/p>\n\n\n\n<p>Se trataba de la cascada de Otsate (tambi\u00e9n llamada de Arbea), situada a menos de un kil\u00f3metro de Ochagav\u00eda \/ Otsagabia, en la confluencia de los barrancos de Arbea y Otsate. Esta cascada es como tantas otras, una de esas que debemos de ir a visitar tras periodos de lluvias. Una opci\u00f3n para conocerla es seguir el sendero local SL-NA60 que visita los barrancos de Arbea y Otsate.<\/p>\n\n\n\n<p><\/p>\n\n\n\n<hr class=\"wp-block-separator has-alpha-channel-opacity\"\/>\n\n\n\n<h2 class=\"wp-block-heading\">Buscamos este lugar #130:<\/h2>\n\n\n\n<p>La iglesia de Sant Crist\u00f2fol (San Crist\u00f3bal), con su campanario rom\u00e1nico lombardo de cuatro pisos y m\u00e1s de 20 metros de altura, es sin duda la joya arquitect\u00f3nica m\u00e1s destacable de la localidad. \u00bfSabes d\u00f3nde nos encontramos?<\/p>\n\n\n\n<ol class=\"wp-block-list\">\n<div class=\"wp-block-media-text alignwide is-stacked-on-mobile is-vertically-aligned-top\" style=\"grid-template-columns:40% auto\"><figure class=\"wp-block-media-text__media\"><img loading=\"lazy\" decoding=\"async\" width=\"1024\" height=\"682\" src=\"https:\/\/travesiapirenaica.com\/wp-content\/uploads\/2024\/03\/lugar130-1024x682.jpg\" alt=\"\" class=\"wp-image-40620 size-full\" srcset=\"https:\/\/travesiapirenaica.com\/wp-content\/uploads\/2024\/03\/lugar130-1024x682.jpg 1024w, https:\/\/travesiapirenaica.com\/wp-content\/uploads\/2024\/03\/lugar130-300x200.jpg 300w, https:\/\/travesiapirenaica.com\/wp-content\/uploads\/2024\/03\/lugar130-768x512.jpg 768w, https:\/\/travesiapirenaica.com\/wp-content\/uploads\/2024\/03\/lugar130-600x400.jpg 600w, https:\/\/travesiapirenaica.com\/wp-content\/uploads\/2024\/03\/lugar130.jpg 1280w\" sizes=\"auto, (max-width: 1024px) 100vw, 1024px\" \/><\/figure><div class=\"wp-block-media-text__content\">\n<h4 class=\"wp-block-heading\">Pistas:<\/h4>\n\n\n\n<ol class=\"wp-block-list\">\n<li>Este peque\u00f1o pueblo est\u00e1 considerado por muchos como uno de los m\u00e1s bonitos de Catalu\u00f1a.<\/li>\n\n\n\n<li>Se encuentra dentro del Espacio de Inter\u00e9s Natural de l\u2019Alta Garrotxa.<\/li>\n\n\n\n<li>Est\u00e1 atravesado por el GR11.<\/li>\n<\/ol>\n<\/div><\/div>\n<\/ol>\n\n\n\n<p><strong>Soluci\u00f3n:<\/strong><\/p>\n\n\n\n<p>Se trataba de Beget, localidad agregada desde 1969 al municipio de Camprodon (Ripoll\u00e9s, Girona). Como os dec\u00edamos, Beget no solo est\u00e1 considerado por muchos como uno de los pueblos m\u00e1s bonitos de Catalu\u00f1a, sino que forma parte de los Pobles amb encant de la Agencia Catalana de Turismo y de la Asociaci\u00f3n Los Pueblos M\u00e1s Bonitos de Espa\u00f1a. A destacar, la iglesia de Sant Crist\u00f2fol, las estrechas callejuelas y plazas empedradas, y los dos puentes medievales que comunican los tres barrios. De su entorno natural destacan los bosques y las rieras, que ofrecen en verano refrescantes pozas para darse un ba\u00f1o, como las tres situadas a la salida de la localidad en direcci\u00f3n Oix, sobre el arroyo de Salarsa.<\/p>\n\n\n\n<p><\/p>\n\n\n\n<hr class=\"wp-block-separator has-alpha-channel-opacity\"\/>\n\n\n\n<h2 class=\"wp-block-heading\">Buscamos este lugar #131:<\/h2>\n\n\n\n<p>Toda la periferia de la pen\u00ednsula ib\u00e9rica es un territorio con abundante presencia de megalitos. Los m\u00e1s comunes son los menhires y los d\u00f3lmenes, como este de la fotograf\u00eda.<\/p>\n\n\n\n<ol class=\"wp-block-list\">\n<div class=\"wp-block-media-text alignwide is-stacked-on-mobile is-vertically-aligned-top\" style=\"grid-template-columns:40% auto\"><figure class=\"wp-block-media-text__media\"><img loading=\"lazy\" decoding=\"async\" width=\"1024\" height=\"683\" src=\"https:\/\/travesiapirenaica.com\/wp-content\/uploads\/2024\/03\/lugar131-1024x683.jpg\" alt=\"\" class=\"wp-image-40736 size-full\" srcset=\"https:\/\/travesiapirenaica.com\/wp-content\/uploads\/2024\/03\/lugar131-1024x683.jpg 1024w, https:\/\/travesiapirenaica.com\/wp-content\/uploads\/2024\/03\/lugar131-300x200.jpg 300w, https:\/\/travesiapirenaica.com\/wp-content\/uploads\/2024\/03\/lugar131-768x512.jpg 768w, https:\/\/travesiapirenaica.com\/wp-content\/uploads\/2024\/03\/lugar131-600x400.jpg 600w, https:\/\/travesiapirenaica.com\/wp-content\/uploads\/2024\/03\/lugar131.jpg 1280w\" sizes=\"auto, (max-width: 1024px) 100vw, 1024px\" \/><\/figure><div class=\"wp-block-media-text__content\">\n<h4 class=\"wp-block-heading\">Pistas:<\/h4>\n\n\n\n<ol class=\"wp-block-list\">\n<li>Este dolmen y otro muy cercano, se encuentran en el Pirineo aragon\u00e9s.<\/li>\n\n\n\n<li>Seguro que el exciclista Fernando Escart\u00edn los ha visitado en m\u00e1s de una ocasi\u00f3n.<\/li>\n\n\n\n<li>En las proximidades hay una ermita que recibe el mismo nombre.<\/li>\n<\/ol>\n<\/div><\/div>\n<\/ol>\n\n\n\n<p><strong>Soluci\u00f3n:<\/strong><\/p>\n\n\n\n<p>Se trataba de los d\u00f3lmenes de Santa Elena, ubicados a 4km de Biescas (valle de Tena), en la planicie de Santa Engracia. En este lugar aparecieron dos d\u00f3lmenes en 1931 que fueron destruidos durante la guerra Civil. El primero, el m\u00e1s grande, fue encontrado y reconstruido en 1975 por parte del Museo Provincial de Huesca y el Ayuntamiento de Biescas. El segundo, el de la fotograf\u00eda, m\u00e1s peque\u00f1o que el otro, se dio por perdido hasta que en 2018 apareci\u00f3 tal y como se encontraba hace 85 a\u00f1os.<\/p>\n\n\n\n<p><\/p>\n\n\n\n<hr class=\"wp-block-separator has-alpha-channel-opacity\"\/>\n\n\n\n<h2 class=\"wp-block-heading\">Buscamos este lugar #132:<\/h2>\n\n\n\n<p>En el a\u00f1o 2018, Jaume Canet y Enric C\u00e1ceres realizaron una traves\u00eda a pie de 100 d\u00edas desde Barcelona que les llev\u00f3 a cruzar el Pirineo de mar a mar en dos ocasiones, por el <a href=\"https:\/\/travesiapirenaica.com\/gr10\/gr10.php\">GR10<\/a>, y el <a href=\"https:\/\/travesiapirenaica.com\/gr11\/gr11.php\">GR11<\/a>. La llamaron \u00ab<a href=\"https:\/\/travesiapirenaica.com\/100-fites-hitos-para-la-desconexion\/\">100 fites per a la desconnexi\u00f3<\/a>\u00ab. Ambos hab\u00edan sido m\u00e9dicos en el hospital Germans Trias y Pujol de Badalona y as\u00ed, de esta manera, se dispon\u00edan a emprender la nueva etapa de su jubilaci\u00f3n. En el buscamos de esta semana queremos recordar su gran aventura y rendir nuestro peque\u00f1o homenaje a Jaume, fallecido 3 a\u00f1os m\u00e1s tarde.<\/p>\n\n\n\n<p>En esta fotograf\u00eda tomada mientras ambos realizaban &nbsp;que la enmarcamos en el <a href=\"https:\/\/travesiapirenaica.com\/gr10\/gr10.php\">GR10<\/a>, puede verse un pico que sin ser ni mucho menos el m\u00e1s alto de la zona, es muy apreciado entre los monta\u00f1eros por lo agreste de su orograf\u00eda.<\/p>\n\n\n\n<ol class=\"wp-block-list\">\n<div class=\"wp-block-media-text alignwide is-stacked-on-mobile is-vertically-aligned-top\" style=\"grid-template-columns:40% auto\"><figure class=\"wp-block-media-text__media\"><img loading=\"lazy\" decoding=\"async\" width=\"1024\" height=\"682\" src=\"https:\/\/travesiapirenaica.com\/wp-content\/uploads\/2024\/04\/lugar132-1024x682.jpg\" alt=\"\" class=\"wp-image-40798 size-full\" srcset=\"https:\/\/travesiapirenaica.com\/wp-content\/uploads\/2024\/04\/lugar132-1024x682.jpg 1024w, https:\/\/travesiapirenaica.com\/wp-content\/uploads\/2024\/04\/lugar132-300x200.jpg 300w, https:\/\/travesiapirenaica.com\/wp-content\/uploads\/2024\/04\/lugar132-768x512.jpg 768w, https:\/\/travesiapirenaica.com\/wp-content\/uploads\/2024\/04\/lugar132-600x400.jpg 600w, https:\/\/travesiapirenaica.com\/wp-content\/uploads\/2024\/04\/lugar132.jpg 1280w\" sizes=\"auto, (max-width: 1024px) 100vw, 1024px\" \/><\/figure><div class=\"wp-block-media-text__content\">\n<h4 class=\"wp-block-heading\">Pistas:<\/h4>\n\n\n\n<ol class=\"wp-block-list\">\n<li>Se encuentra en el departamento franc\u00e9s de los Pirineos Orientales, la Catalunya del Nord.<\/li>\n\n\n\n<li>Este colmillo se encuentra a escasa distancia del sendero <a href=\"https:\/\/travesiapirenaica.com\/gr10\/gr10.php\">GR10<\/a>, frecuentemente utilizado en su aproximaci\u00f3n.<\/li>\n\n\n\n<li>Por su cima pasa una conocida carrera de monta\u00f1a.<\/li>\n<\/ol>\n<\/div><\/div>\n<\/ol>\n\n\n\n<p><strong>Soluci\u00f3n:<\/strong><\/p>\n\n\n\n<p>Se trataba del <strong>Roc de Sant Salvador o Saint Sauveur (1.235m).<\/strong> Se encuentra al norte del macizo de Les Salines, en la comarca francesa del Vallespir, de la que precisamente toma el nombre la carrera que pasa por su cima, <a href=\"https:\/\/www.vallespir-skyrace.com\/\" target=\"_blank\" rel=\"noopener\">Vallespir Skyrace<\/a>, y que tiene como punto de inicio y llegada la localidad de Amelie les Bains. Por si alguno se anima, el 19 de mayo se disputa la 12\u00aa edici\u00f3n. Si no es el caso pero a\u00fan as\u00ed alguno est\u00e1 interesados en subir. La ruta m\u00e1s habitual es la que parte de Montalb\u00e0 en la vertiente norte. Desde el sur, la opci\u00f3n m\u00e1s elegante consiste en salir del Santuario Mare de D\u00e9u de les Salines y recorrer las cimas m\u00e1s altas (+1.400m) del macizo de Les Salines (el Moixer, Roc del Comptador, Roc de Frausa y Roc de la Campana) antes de acometer la ascensi\u00f3n al Roc de Sant Salvador (II expuesto). El paso clave consiste en un muro bastante vertical en el que se han tallado presas que al bajar, quedan ocultas. El regreso lo podemos realizar siguiendo el <a href=\"https:\/\/travesiapirenaica.com\/gr10\/illas-palette.php\">GR10<\/a>.<\/p>\n\n\n\n<p><\/p>\n\n\n\n<hr class=\"wp-block-separator has-alpha-channel-opacity\"\/>\n\n\n\n<h2 class=\"wp-block-heading\">Buscamos este lugar #133:<\/h2>\n\n\n\n<p>Una atalaya vista desde otra atalaya. Esta semana buscamos esta singular monta\u00f1a coronada por tres cimas de altitud similar, en el extremo occidental del Pirineo.<\/p>\n\n\n\n<ol class=\"wp-block-list\">\n<div class=\"wp-block-media-text alignwide is-stacked-on-mobile is-vertically-aligned-top\" style=\"grid-template-columns:40% auto\"><figure class=\"wp-block-media-text__media\"><img loading=\"lazy\" decoding=\"async\" width=\"1024\" height=\"682\" src=\"https:\/\/travesiapirenaica.com\/wp-content\/uploads\/2024\/04\/lugar133-1024x682.jpg\" alt=\"\" class=\"wp-image-40953 size-full\" srcset=\"https:\/\/travesiapirenaica.com\/wp-content\/uploads\/2024\/04\/lugar133-1024x682.jpg 1024w, https:\/\/travesiapirenaica.com\/wp-content\/uploads\/2024\/04\/lugar133-300x200.jpg 300w, https:\/\/travesiapirenaica.com\/wp-content\/uploads\/2024\/04\/lugar133-768x512.jpg 768w, https:\/\/travesiapirenaica.com\/wp-content\/uploads\/2024\/04\/lugar133-600x400.jpg 600w, https:\/\/travesiapirenaica.com\/wp-content\/uploads\/2024\/04\/lugar133.jpg 1280w\" sizes=\"auto, (max-width: 1024px) 100vw, 1024px\" \/><\/figure><div class=\"wp-block-media-text__content\">\n<h4 class=\"wp-block-heading\">Pistas:<\/h4>\n\n\n\n<ol class=\"wp-block-list\">\n<li>Su cima es un magn\u00edfico mirador de la costa vasca.<\/li>\n\n\n\n<li>Las rocas que forman estas monta\u00f1as son particularmente antiguas, m\u00e1s de 250 millones de a\u00f1os, y de origen totalmente distinto al del resto de monta\u00f1as cercanas.<\/li>\n\n\n\n<li>La vertiente guipuzcoana es parque natural desde 1995.<\/li>\n<\/ol>\n<\/div><\/div>\n<\/ol>\n\n\n\n<p><strong>Soluci\u00f3n:<\/strong><\/p>\n\n\n\n<p>Se trataba de <strong><a href=\"https:\/\/travesiapirenaica.com\/muganix-erlaitz-penas-aia-aiako-harriak\/\">Aiako Harria (Pe\u00f1as de Aya)<\/a><\/strong>, una de las primeras monta\u00f1as del Pirineo viniendo desde el mar Cant\u00e1brico, del que apenas le separan 8 km. La fotograf\u00eda esta tomada desde el Lar\u00fan (901m), tambi\u00e9n llamado Larr\u00fan, Larh\u00fan o La Rhune.<\/p>\n\n\n\n<p><\/p>\n\n\n\n<hr class=\"wp-block-separator has-alpha-channel-opacity\"\/>\n\n\n\n<h2 class=\"wp-block-heading\">Buscamos este lugar #134:<\/h2>\n\n\n\n<p>Antiguamente, en muchos lugares del Pirineo, para transportar la madera hasta el lugar en que esta era transformada, los troncos de madera eran atados formando una especie de balsas que con ayuda de unos grandes remos, descend\u00edan por los r\u00edos. \u00bfLas has visto alguna vez?<\/p>\n\n\n\n<ol class=\"wp-block-list\">\n<div class=\"wp-block-media-text alignwide is-stacked-on-mobile is-vertically-aligned-top\" style=\"grid-template-columns:40% auto\"><figure class=\"wp-block-media-text__media\"><img loading=\"lazy\" decoding=\"async\" width=\"1024\" height=\"682\" src=\"https:\/\/travesiapirenaica.com\/wp-content\/uploads\/2024\/04\/lugar134-1024x682.jpg\" alt=\"\" class=\"wp-image-41016 size-full\" srcset=\"https:\/\/travesiapirenaica.com\/wp-content\/uploads\/2024\/04\/lugar134-1024x682.jpg 1024w, https:\/\/travesiapirenaica.com\/wp-content\/uploads\/2024\/04\/lugar134-300x200.jpg 300w, https:\/\/travesiapirenaica.com\/wp-content\/uploads\/2024\/04\/lugar134-768x512.jpg 768w, https:\/\/travesiapirenaica.com\/wp-content\/uploads\/2024\/04\/lugar134-600x400.jpg 600w, https:\/\/travesiapirenaica.com\/wp-content\/uploads\/2024\/04\/lugar134.jpg 1280w\" sizes=\"auto, (max-width: 1024px) 100vw, 1024px\" \/><\/figure><div class=\"wp-block-media-text__content\">\n<h4 class=\"wp-block-heading\">Pistas:<\/h4>\n\n\n\n<ol class=\"wp-block-list\">\n<li>Esta foto est\u00e1 tomada en Burgui, donde este fin de semana celebran esta tradici\u00f3n que va ya por 31 ediciones. No os la perd\u00e1is.<\/li>\n\n\n\n<li>Quiz\u00e1s, alguno de vosotros se haya topado con ellas este fin de semana pasado por Murillo de G\u00e1llego. Aqu\u00ed, esta fiesta lleva ya 20 ediciones.<\/li>\n\n\n\n<li>Si no las hab\u00e9is visto por el Gallego y tampoco pod\u00e9is ir a Burgui este finde, el primer fin de semana de mayo ten\u00e9is otra oportunidad para verlas descender por el Arag\u00f3n Subord\u00e1n, el 19 de mayo en A\u00ednsa, y m\u00e1s tarde en julio en la Pobla de Segur, donde esta fiesta se celebra desde el a\u00f1o 1979.<\/li>\n<\/ol>\n<\/div><\/div>\n<\/ol>\n\n\n\n<p><strong>Soluci\u00f3n:<\/strong><\/p>\n\n\n\n<p>La foto es de una almad\u00eda, como son conocidas estas balsas en Navarra, donde este s\u00e1bado se celebra en Burgui el <a href=\"https:\/\/travesiapirenaica.com\/pirineos-dia-la-almadia-burgui\/\">XXXI D\u00eda de la Almad\u00eda<\/a>. Ser\u00eda una navata o armad\u00eda si la hubi\u00e9semos visto en Arag\u00f3n, rai en Catalu\u00f1a o radeaux, si por ejemplo la hubi\u00e9semos visto en el valle de Aspe, donde los grandes troncos extra\u00eddos de los bosques de Issaux y Pacq, por el <a href=\"https:\/\/travesiapirenaica.com\/chemin-mature\/\">Chemin de la Mature<\/a>, eran bajados por el r\u00edo de esta manera hasta el puerto de Bayona.<\/p>\n\n\n\n<p>En realidad, el transporte de madera por los r\u00edos no es exclusivo del Pirineo. En Espa\u00f1a, los troncos sueltos bajaron por otras cuencas como la del Tajo, Jucar, Turia, Segura y Guadalquivir, y tambi\u00e9n en otras partes de Europa y del mundo. De hecho, en 2022, la UNESCO declar\u00f3 el transporte fluvial de madera Patrimonio Inmaterial de la Humanidad tras la candidatura conjunta de Espa\u00f1a, Alemania, Austria, Rep\u00fablica Checa, Letonia y Polonia.<\/p>\n\n\n\n<p><\/p>\n\n\n\n<hr class=\"wp-block-separator has-alpha-channel-opacity\"\/>\n\n\n\n<h2 class=\"wp-block-heading\">Buscamos este lugar #135:<\/h2>\n\n\n\n<p>\u00bfGanas de barrancos? Esta semana, <a href=\"https:\/\/travesiapirenaica.com\/author\/noelianovoa\/\">Noelia Novoa<\/a> nos env\u00eda la foto de un barranco, normalmente seco, pero de una gran belleza, ideal para aquellos que quieran iniciarse y practicar la t\u00e9cnica del r\u00e1pel. Si ya lo hab\u00e9is hecho, seguro que guard\u00e1is alguna foto de esta monumental b\u00f3veda, su imagen m\u00e1s caracter\u00edstica.<\/p>\n\n\n\n<ol class=\"wp-block-list\">\n<div class=\"wp-block-media-text alignwide is-stacked-on-mobile is-vertically-aligned-top\" style=\"grid-template-columns:40% auto\"><figure class=\"wp-block-media-text__media\"><img loading=\"lazy\" decoding=\"async\" width=\"1024\" height=\"682\" src=\"https:\/\/travesiapirenaica.com\/wp-content\/uploads\/2024\/04\/lugar135-1024x682.jpg\" alt=\"\" class=\"wp-image-41072 size-full\" srcset=\"https:\/\/travesiapirenaica.com\/wp-content\/uploads\/2024\/04\/lugar135-1024x682.jpg 1024w, https:\/\/travesiapirenaica.com\/wp-content\/uploads\/2024\/04\/lugar135-300x200.jpg 300w, https:\/\/travesiapirenaica.com\/wp-content\/uploads\/2024\/04\/lugar135-768x512.jpg 768w, https:\/\/travesiapirenaica.com\/wp-content\/uploads\/2024\/04\/lugar135-600x400.jpg 600w, https:\/\/travesiapirenaica.com\/wp-content\/uploads\/2024\/04\/lugar135.jpg 1280w\" sizes=\"auto, (max-width: 1024px) 100vw, 1024px\" \/><\/figure><div class=\"wp-block-media-text__content\">\n<h4 class=\"wp-block-heading\">Pistas:<\/h4>\n\n\n\n<ol class=\"wp-block-list\">\n<li>Se encuentra en la sierra de Guara.<\/li>\n\n\n\n<li>Es un barranco que suele permanecer seco la mayor parte del a\u00f1o, por lo que puede recorrerse en cualquier \u00e9poca. Solamente tendr\u00e9is que vigilar el caudal del r\u00edo Vero para la vuelta.<\/li>\n\n\n\n<li>En las cercan\u00edas de este lugar hay varios lugares con pinturas rupestres.<\/li>\n<\/ol>\n<\/div><\/div>\n<\/ol>\n\n\n\n<p><strong>Soluci\u00f3n:<\/strong><\/p>\n\n\n\n<p>Se trataba del barranco de Basender, si bien, en realidad, parece ser que Basender es la parte superior del r\u00edo antes de convertirse en barranco, siendo m\u00e1s correcto el nombre de barranco de Cruciacha. C\u00f3mo dec\u00edamos, se trata de un <a href=\"https:\/\/travesiapirenaica.com\/barrancos-invierno\/\">barranco seco practicable todo el a\u00f1o<\/a>, ideal para iniciarse en el r\u00e1pel, ya que cuenta con 7, el mayor de 15 metros. Si alguno quiere realizarlo pero no tiene la experiencia necesaria, que no dude en llamar a <a href=\"https:\/\/www.barrancslopallars.com\/\" target=\"_blank\" rel=\"noopener\">Noelia<\/a>, seguro que os puede acompa\u00f1ar y recomendaros muchos m\u00e1s. El descenso de este barranco puede combinarse con el barranco de la Portiacha. Tambi\u00e9n cerca pod\u00e9is hacer algo de turismo y visitar la villa medieval de Lecina, la ermita de San Mart\u00edn, las cuevas rupestres de Gallinero y Lecina, o las pinturas rupestres de Barfaluy y de Mallata.<\/p>\n\n\n\n<p><\/p>\n\n\n\n<hr class=\"wp-block-separator has-alpha-channel-opacity\"\/>\n\n\n\n<h2 class=\"wp-block-heading\">Buscamos este lugar #136:<\/h2>\n\n\n\n<p>\u00bfHay algo m\u00e1s bonito que una cascada? Esta semana os invitamos a descubrir esta peque\u00f1a joya del Pirineo franc\u00e9s, una de tantas. Vamos con las pistas, que as\u00ed de primeras no parece sencillo.<\/p>\n\n\n\n<ol class=\"wp-block-list\">\n<div class=\"wp-block-media-text alignwide is-stacked-on-mobile is-vertically-aligned-top\" style=\"grid-template-columns:40% auto\"><figure class=\"wp-block-media-text__media\"><img loading=\"lazy\" decoding=\"async\" width=\"1024\" height=\"682\" src=\"https:\/\/travesiapirenaica.com\/wp-content\/uploads\/2024\/05\/lugar136-1024x682.jpg\" alt=\"\" class=\"wp-image-41167 size-full\" srcset=\"https:\/\/travesiapirenaica.com\/wp-content\/uploads\/2024\/05\/lugar136-1024x682.jpg 1024w, https:\/\/travesiapirenaica.com\/wp-content\/uploads\/2024\/05\/lugar136-300x200.jpg 300w, https:\/\/travesiapirenaica.com\/wp-content\/uploads\/2024\/05\/lugar136-768x512.jpg 768w, https:\/\/travesiapirenaica.com\/wp-content\/uploads\/2024\/05\/lugar136-600x400.jpg 600w, https:\/\/travesiapirenaica.com\/wp-content\/uploads\/2024\/05\/lugar136.jpg 1280w\" sizes=\"auto, (max-width: 1024px) 100vw, 1024px\" \/><\/figure><div class=\"wp-block-media-text__content\">\n<h4 class=\"wp-block-heading\">Pistas:<\/h4>\n\n\n\n<ol class=\"wp-block-list\">\n<li>Esta cascada se encuentra en la cabecera del valle de Lys.<\/li>\n\n\n\n<li>No es la cascada d\u2019Enfer.<\/li>\n\n\n\n<li>Si la cascada d\u2019Enfer se encuentra en le Ruisseau d\u2019Enfer o de Lis, esta otra se encuentra en su afluente inmediato, le Ruisseau Houradade.<\/li>\n<\/ol>\n<\/div><\/div>\n<\/ol>\n\n\n\n<p><strong>Soluci\u00f3n:<\/strong><\/p>\n\n\n\n<p>Con estas pistas el cerco era muy estrecho, a\u00fan as\u00ed, ten\u00edamos cinco candidaturas: Coeur, Cau, Calahoure, Houradade y Coume. Y la ganadora es\u2026 la cascada de Coeur, la m\u00e1s cercana al parking de todas junto con la <a href=\"https:\/\/travesiapirenaica.com\/cascade-enfer\/\">cascade d\u2019Enfer<\/a> (de obligada visita). Para verla, una vez de vuelta de la cascada d\u2019Enfer, simplemente tendr\u00e9is que tomar el sendero que desde la central hidr\u00e1ulica del Portillon conduce en 5 minutos por la margen izquierda (derecha de la marcha) de la Ruisseau Houradade.<\/p>\n\n\n\n<p><\/p>\n\n\n\n<hr class=\"wp-block-separator has-alpha-channel-opacity\"\/>\n\n\n\n<h2 class=\"wp-block-heading\">Buscamos este lugar #137:<\/h2>\n\n\n\n<p>En el Pirineo m\u00e1s oriental, en la vertiente sur del macizo de L\u2019Albera, se yergue este castillo, testigo mudo de disputas y guerras. \u00bfTe suena?<\/p>\n\n\n\n<ol class=\"wp-block-list\">\n<div class=\"wp-block-media-text alignwide is-stacked-on-mobile is-vertically-aligned-top\" style=\"grid-template-columns:40% auto\"><figure class=\"wp-block-media-text__media\"><img loading=\"lazy\" decoding=\"async\" width=\"1024\" height=\"682\" src=\"https:\/\/travesiapirenaica.com\/wp-content\/uploads\/2024\/05\/lugar137-1024x682.jpg\" alt=\"\" class=\"wp-image-41296 size-full\" srcset=\"https:\/\/travesiapirenaica.com\/wp-content\/uploads\/2024\/05\/lugar137-1024x682.jpg 1024w, https:\/\/travesiapirenaica.com\/wp-content\/uploads\/2024\/05\/lugar137-300x200.jpg 300w, https:\/\/travesiapirenaica.com\/wp-content\/uploads\/2024\/05\/lugar137-768x512.jpg 768w, https:\/\/travesiapirenaica.com\/wp-content\/uploads\/2024\/05\/lugar137-600x400.jpg 600w, https:\/\/travesiapirenaica.com\/wp-content\/uploads\/2024\/05\/lugar137.jpg 1280w\" sizes=\"auto, (max-width: 1024px) 100vw, 1024px\" \/><\/figure><div class=\"wp-block-media-text__content\">\n<h4 class=\"wp-block-heading\">Pistas:<\/h4>\n\n\n\n<ol class=\"wp-block-list\">\n<li>Se encuentra dentro del Paraje Natural de Inter\u00e9s Nacional de la Albera.<\/li>\n\n\n\n<li>Muy cerca del castillo discurre el GR11, desde donde est\u00e1 tomada la fotograf\u00eda.<\/li>\n<\/ol>\n<\/div><\/div>\n<\/ol>\n\n\n\n<p><strong>Soluci\u00f3n:<\/strong><\/p>\n\n\n\n<p>Se trataba del <strong>castillo de Requesens<\/strong>, situado en el Alt Empord\u00e0, al sur de la sierra de la Albera y a unos 3km al norte en l\u00ednea recta del municipio de Cantallops. La construcci\u00f3n del castillo se inscribe en las disputas entre los condados de Ampurias y el Rosell\u00f3n a ra\u00edz de su separaci\u00f3n, a finales del siglo X, si bien, ya aparece citado en un documento del a\u00f1o 859. El castillo fue rehabilitado en el siglo XIX y hoy en d\u00eda se puede visitar, previa reserva.<\/p>\n\n\n\n<p><\/p>\n\n\n\n<hr class=\"wp-block-separator has-alpha-channel-opacity\"\/>\n\n\n\n<h2 class=\"wp-block-heading\">Buscamos este lugar #138:<\/h2>\n\n\n\n<p>Un majestuoso puente de piedra cruza un turbulento r\u00edo, rodeado de exuberante vegetaci\u00f3n. No podr\u00eda ser de un verde m\u00e1s intenso. Por detr\u00e1s, una cascada a\u00f1ade un toque de dramatismo a la imagen. Precioso, \u00bfverdad? Seguro que lo has reconocido, pero\u2026, \u00a1vamos all\u00e1 con las pistas!<\/p>\n\n\n\n<ol class=\"wp-block-list\">\n<div class=\"wp-block-media-text alignwide is-stacked-on-mobile is-vertically-aligned-top\" style=\"grid-template-columns:40% auto\"><figure class=\"wp-block-media-text__media\"><img loading=\"lazy\" decoding=\"async\" width=\"1024\" height=\"768\" src=\"https:\/\/travesiapirenaica.com\/wp-content\/uploads\/2024\/05\/lugar138-1024x768.jpg\" alt=\"\" class=\"wp-image-41535 size-full\" srcset=\"https:\/\/travesiapirenaica.com\/wp-content\/uploads\/2024\/05\/lugar138-1024x768.jpg 1024w, https:\/\/travesiapirenaica.com\/wp-content\/uploads\/2024\/05\/lugar138-300x225.jpg 300w, https:\/\/travesiapirenaica.com\/wp-content\/uploads\/2024\/05\/lugar138-768x576.jpg 768w, https:\/\/travesiapirenaica.com\/wp-content\/uploads\/2024\/05\/lugar138-600x450.jpg 600w, https:\/\/travesiapirenaica.com\/wp-content\/uploads\/2024\/05\/lugar138.jpg 1280w\" sizes=\"auto, (max-width: 1024px) 100vw, 1024px\" \/><\/figure><div class=\"wp-block-media-text__content\">\n<h4 class=\"wp-block-heading\">Pistas:<\/h4>\n\n\n\n<ol class=\"wp-block-list\">\n<li>Este lugar famoso por su puente, es punto de partida habitual para realizar rutas de senderismo, como la que va hasta un cercano lago o la de las cascadas.<\/li>\n\n\n\n<li>Se encuentra en los Pirineos franceses, cerca de un popular destino de termalismo y esqu\u00ed.<\/li>\n\n\n\n<li>El a\u00f1o pasado, el Tour de Francia tuvo aqu\u00ed uno de los finales de etapa m\u00e1s memorables. Por cierto, gan\u00f3 Pogacar.<\/li>\n<\/ol>\n<\/div><\/div>\n<\/ol>\n\n\n\n<p><strong>Soluci\u00f3n:<\/strong><\/p>\n\n\n\n<p>Se trataba del <strong>Pont d\u2019Espagne,<\/strong> construido en 1886, al mismo tiempo que la carretera, para sustituir a la antigua pasarela de madera ubicada en este lugar. El puente se encuentra justo tras la confluencia del gave de Gaube y el gave de Marcadau (juntos formar\u00e1n el gave de J\u00e9ret), y era punto de paso incesante entre los comerciantes de uno y otro lado de los Pirineos que intercambiaban animales y productos a trav\u00e9s del valle y el puerto de Marcadau, a 2.541 metros de altura. Precisamente, el nombre de Marcadau viene de ah\u00ed, de mercado.<\/p>\n\n\n\n<p>En 1990, con el auge del turismo y la masificaci\u00f3n de este lugar, para protegerlo, se limit\u00f3 el acceso en coche unos centenares de metros antes de llegar al puente, lugar donde hoy se ubica el gigantesco aparcamiento de Puntas. En temporada alta, un autob\u00fas hace el trayecto entre Cauterets y dicho aparcamiento.<\/p>\n\n\n\n<p>Si quer\u00e9is visitarlos y realizar alguna excursi\u00f3n, el <a href=\"https:\/\/travesiapirenaica.com\/sentier-cascades\/\">Sendero de las Cascadas<\/a> es una de las m\u00e1s recomendables.<\/p>\n\n\n\n<p><\/p>\n\n\n\n<hr class=\"wp-block-separator has-alpha-channel-opacity\"\/>\n\n\n\n<h2 class=\"wp-block-heading\">Buscamos este lugar #139:<\/h2>\n\n\n\n<p>Esta bonita cumbre, a caballo entre dos valles, marca tambi\u00e9n un salto entre las monta\u00f1as pirenaicas. Viniendo del Cant\u00e1brico supone dejar definitivamente atr\u00e1s las redondeadas cimas herbosas y adentrarse en un territorio agreste en el que los picos superan ya con facilidad los 2.000 metros.&nbsp;<\/p>\n\n\n\n<ol class=\"wp-block-list\">\n<div class=\"wp-block-media-text alignwide is-stacked-on-mobile is-vertically-aligned-top\" style=\"grid-template-columns:40% auto\"><figure class=\"wp-block-media-text__media\"><img loading=\"lazy\" decoding=\"async\" width=\"1024\" height=\"683\" src=\"https:\/\/travesiapirenaica.com\/wp-content\/uploads\/2024\/05\/lugar139-1024x683.jpg\" alt=\"\" class=\"wp-image-41660 size-full\" srcset=\"https:\/\/travesiapirenaica.com\/wp-content\/uploads\/2024\/05\/lugar139-1024x683.jpg 1024w, https:\/\/travesiapirenaica.com\/wp-content\/uploads\/2024\/05\/lugar139-300x200.jpg 300w, https:\/\/travesiapirenaica.com\/wp-content\/uploads\/2024\/05\/lugar139-768x512.jpg 768w, https:\/\/travesiapirenaica.com\/wp-content\/uploads\/2024\/05\/lugar139-600x400.jpg 600w, https:\/\/travesiapirenaica.com\/wp-content\/uploads\/2024\/05\/lugar139.jpg 1280w\" sizes=\"auto, (max-width: 1024px) 100vw, 1024px\" \/><\/figure><div class=\"wp-block-media-text__content\">\n<h4 class=\"wp-block-heading\">Pistas:<\/h4>\n\n\n\n<ol class=\"wp-block-list\">\n<li>El bosque de hayas y abetos que vemos tapizar la ladera norte de esta monta\u00f1a est\u00e1 declarado Reserva Integral.<\/li>\n\n\n\n<li>Por poco, pero este pico no llega a 2.000 metros.<\/li>\n\n\n\n<li>Su cumbre est\u00e1 en el l\u00edmite entre dos comunidades aut\u00f3nomas.<\/li>\n<\/ol>\n<\/div><\/div>\n<\/ol>\n\n\n\n<p><strong>Soluci\u00f3n:<\/strong><\/p>\n\n\n\n<p>Se trataba del Txamantxoia o Maz (1.945m), como es llamado este pico seg\u00fan hablemos desde Navarra o Arag\u00f3n. La manera m\u00e1s asequible de alcanzar su cima es desde el refugio de Linza, desde donde apenas hay que superar 600 metros de desnivel. Si esto os sabe o poco, os recomendamos la <a href=\"https:\/\/travesiapirenaica.com\/txamantxoia-lapakiza\/\">subida desde el Rinc\u00f3n de Belagua combinada con Lapiza Linzola (2.104m)<\/a>. Un recorrido circular muy chulo en torno al barranco de Aztaparreta (Reserva Integral) para coronar estos dos picos.<\/p>\n\n\n\n<p><\/p>\n\n\n\n<hr class=\"wp-block-separator has-alpha-channel-opacity\"\/>\n\n\n\n<h2 class=\"wp-block-heading\">Buscamos este lugar #140:<\/h2>\n\n\n\n<p>Desde luego, la pose que se obtiene de este pico cuando se sube por el camino equipado no es la m\u00e1s reconocible de esta monta\u00f1a tan conocida.<\/p>\n\n\n\n<ol class=\"wp-block-list\">\n<div class=\"wp-block-media-text alignwide is-stacked-on-mobile is-vertically-aligned-top\" style=\"grid-template-columns:40% auto\"><figure class=\"wp-block-media-text__media\"><img loading=\"lazy\" decoding=\"async\" width=\"1024\" height=\"683\" src=\"https:\/\/travesiapirenaica.com\/wp-content\/uploads\/2024\/05\/lugar140-1024x683.jpg\" alt=\"\" class=\"wp-image-41938 size-full\" srcset=\"https:\/\/travesiapirenaica.com\/wp-content\/uploads\/2024\/05\/lugar140-1024x683.jpg 1024w, https:\/\/travesiapirenaica.com\/wp-content\/uploads\/2024\/05\/lugar140-300x200.jpg 300w, https:\/\/travesiapirenaica.com\/wp-content\/uploads\/2024\/05\/lugar140-768x512.jpg 768w, https:\/\/travesiapirenaica.com\/wp-content\/uploads\/2024\/05\/lugar140-600x400.jpg 600w, https:\/\/travesiapirenaica.com\/wp-content\/uploads\/2024\/05\/lugar140.jpg 1280w\" sizes=\"auto, (max-width: 1024px) 100vw, 1024px\" \/><\/figure><div class=\"wp-block-media-text__content\">\n<h4 class=\"wp-block-heading\">Pistas:<\/h4>\n\n\n\n<ol class=\"wp-block-list\">\n<li>Un camino equipado con cable de acero asciende hasta su (ante)cima.<\/li>\n\n\n\n<li>Con toda seguridad, este es el pico m\u00e1s conocido de los que dominan la estaci\u00f3n de esqu\u00ed de Candanch\u00fa.<\/li>\n\n\n\n<li>Tiene nombre de un tipo de calzado.<\/li>\n<\/ol>\n<\/div><\/div>\n<\/ol>\n\n\n\n<p><strong>Soluci\u00f3n:<\/strong><\/p>\n\n\n\n<p>No pod\u00eda ser otra que la Zapatilla, en concreto, el perfil de la suela visto desde el lado oeste y la cima norte o Puntera del Zapato. Una excursi\u00f3n muy, muy recomendable es <a href=\"https:\/\/travesiapirenaica.com\/ferrata-zapatilla\/\">subir por el camino equipado y descender por la sima de Tortiellas<\/a>. Una escalada con ambiente de alta monta\u00f1a para no escaladores a la que le pod\u00e9is poner el broche de oro continuando por la arista hasta la verdadera cima (PD) y como dec\u00edamos, descendiendo por la sima de Tortiellas.<\/p>\n\n\n\n<p><\/p>\n\n\n\n<hr class=\"wp-block-separator has-alpha-channel-opacity\"\/>\n\n\n\n<h2 class=\"wp-block-heading\">Buscamos este lugar #141:<\/h2>\n\n\n\n<p>Verdes praderas, reba\u00f1os de ovejas, vacas, lagos, monta\u00f1as nevadas\u2026 Bienvenue dans le Pays Toy. En esta ocasi\u00f3n hemos viajado a la vertiente norte para visitar uno de los grandes circos pirenaicos. \u00bfLo reconoces? \u00bfSabr\u00edas identificar qu\u00e9 picos son los que aparecen en la fotograf\u00eda?<\/p>\n\n\n\n<ol class=\"wp-block-list\">\n<div class=\"wp-block-media-text alignwide is-stacked-on-mobile is-vertically-aligned-top\" style=\"grid-template-columns:40% auto\"><figure class=\"wp-block-media-text__media\"><img loading=\"lazy\" decoding=\"async\" width=\"1024\" height=\"682\" src=\"https:\/\/travesiapirenaica.com\/wp-content\/uploads\/2024\/06\/lugar141-1024x682.jpg\" alt=\"\" class=\"wp-image-42266 size-full\" srcset=\"https:\/\/travesiapirenaica.com\/wp-content\/uploads\/2024\/06\/lugar141-1024x682.jpg 1024w, https:\/\/travesiapirenaica.com\/wp-content\/uploads\/2024\/06\/lugar141-300x200.jpg 300w, https:\/\/travesiapirenaica.com\/wp-content\/uploads\/2024\/06\/lugar141-768x512.jpg 768w, https:\/\/travesiapirenaica.com\/wp-content\/uploads\/2024\/06\/lugar141-600x400.jpg 600w, https:\/\/travesiapirenaica.com\/wp-content\/uploads\/2024\/06\/lugar141.jpg 1280w\" sizes=\"auto, (max-width: 1024px) 100vw, 1024px\" \/><\/figure><div class=\"wp-block-media-text__content\">\n<h4 class=\"wp-block-heading\">Pistas:<\/h4>\n\n\n\n<ol class=\"wp-block-list\">\n<li>Nos encontramos en la vertiente norte, en uno de los Tres Grandes Circos Pirenaicos.<\/li>\n\n\n\n<li>De los tres circos, este est\u00e1 considerado el de mayor tama\u00f1o por su enorme circunferencia.<\/li>\n\n\n\n<li>Desde aqu\u00ed pueden verse 5 de los 6 tresmiles del macizo, solo nos faltar\u00eda el Robi\u00f1era.<\/li>\n<\/ol>\n<\/div><\/div>\n<\/ol>\n\n\n\n<p><strong>Soluci\u00f3n:<\/strong><\/p>\n\n\n\n<p>No es otro que el circo de Troumouse, considerado el mayor circo glaciar de los Pirineos por sus 11 kil\u00f3metros de per\u00edmetro y 4 kil\u00f3metros de di\u00e1metro. \u00a1Imaginaros el glaciar que debi\u00f3 existir! El circo de Troumouse, junto con los de Gavarnie y Estaub\u00e9, forma la trilog\u00eda de Grandes Circos Pirenaicos. Y como una imagen vale m\u00e1s que mil palabras, estos son los principales picos que pueden verse en la fotograf\u00eda.<\/p>\n\n\n\n<p><\/p>\n\n\n\n<hr class=\"wp-block-separator has-alpha-channel-opacity\"\/>\n\n\n\n<h2 class=\"wp-block-heading\">Buscamos este lugar #142:<\/h2>\n\n\n\n<p>Esta semana buscamos una cascada que seguro conocer\u00e9is, si alguna vez hab\u00e9is rondado al Virrey.<\/p>\n\n\n\n<ol class=\"wp-block-list\">\n<div class=\"wp-block-media-text alignwide is-stacked-on-mobile is-vertically-aligned-top\" style=\"grid-template-columns:40% auto\"><figure class=\"wp-block-media-text__media\"><img loading=\"lazy\" decoding=\"async\" width=\"1024\" height=\"682\" src=\"https:\/\/travesiapirenaica.com\/wp-content\/uploads\/2024\/06\/lugar142-1024x682.jpg\" alt=\"\" class=\"wp-image-42477 size-full\" srcset=\"https:\/\/travesiapirenaica.com\/wp-content\/uploads\/2024\/06\/lugar142-1024x682.jpg 1024w, https:\/\/travesiapirenaica.com\/wp-content\/uploads\/2024\/06\/lugar142-300x200.jpg 300w, https:\/\/travesiapirenaica.com\/wp-content\/uploads\/2024\/06\/lugar142-768x512.jpg 768w, https:\/\/travesiapirenaica.com\/wp-content\/uploads\/2024\/06\/lugar142-600x400.jpg 600w, https:\/\/travesiapirenaica.com\/wp-content\/uploads\/2024\/06\/lugar142.jpg 1280w\" sizes=\"auto, (max-width: 1024px) 100vw, 1024px\" \/><\/figure><div class=\"wp-block-media-text__content\">\n<h4 class=\"wp-block-heading\">Pistas:<\/h4>\n\n\n\n<ol class=\"wp-block-list\">\n<li>Nos encontramos dentro del Parque Natural Posets-Maladeta.<\/li>\n\n\n\n<li>Este lugar suele ser el punto de partida habitual para ascender al segundo pico m\u00e1s alto del Pirineo.<\/li>\n<\/ol>\n<\/div><\/div>\n<\/ol>\n\n\n\n<p><strong>Soluci\u00f3n:<\/strong><\/p>\n\n\n\n<p>Se trataba de la cascada de Espigantosa, una cascada de unos 20 metros de altura, muy conocida por encontrarse junto al aparcamiento en el cual se inicia la ruta de ascenso al Posets o Llardana pasando por el refugio \u00c1ngel Or\u00fas o Forcau. Es la conocida como Ruta Real, la cual podemos tomar en el pueblo de Eriste\/Grist si queremos subir caminando para ver la cascada y que remonta el barranco de la Aig\u00fceta de Eriste pasando antes por lugares como el Puente de Tramarrius o la antigua fundici\u00f3n de plomo del Freixenal.<\/p>\n\n\n\n<p><\/p>\n\n\n\n<hr class=\"wp-block-separator has-alpha-channel-opacity\"\/>\n\n\n\n<h2 class=\"wp-block-heading\">Buscamos este lugar #143:<\/h2>\n\n\n\n<p>Verano!! Ya es oficial, lo dice San Juan. La noche m\u00e1s corta y el d\u00eda m\u00e1s largo. Qu\u00e9 comience la temporada ensaladas, gazpachitos y piscina, quien pueda, de buscar la sombra y el agua, eso s\u00ed, recordad que en espacios protegidos, el ba\u00f1o en estanys e ibones como este de la fotograf\u00eda no est\u00e1 permitido.<\/p>\n\n\n\n<ol class=\"wp-block-list\">\n<div class=\"wp-block-media-text alignwide is-stacked-on-mobile is-vertically-aligned-top\" style=\"grid-template-columns:40% auto\"><figure class=\"wp-block-media-text__media\"><img loading=\"lazy\" decoding=\"async\" width=\"1024\" height=\"682\" src=\"https:\/\/travesiapirenaica.com\/wp-content\/uploads\/2024\/06\/lugar143-1024x682.jpg\" alt=\"\" class=\"wp-image-42931 size-full\" srcset=\"https:\/\/travesiapirenaica.com\/wp-content\/uploads\/2024\/06\/lugar143-1024x682.jpg 1024w, https:\/\/travesiapirenaica.com\/wp-content\/uploads\/2024\/06\/lugar143-300x200.jpg 300w, https:\/\/travesiapirenaica.com\/wp-content\/uploads\/2024\/06\/lugar143-768x512.jpg 768w, https:\/\/travesiapirenaica.com\/wp-content\/uploads\/2024\/06\/lugar143-600x400.jpg 600w, https:\/\/travesiapirenaica.com\/wp-content\/uploads\/2024\/06\/lugar143.jpg 1280w\" sizes=\"auto, (max-width: 1024px) 100vw, 1024px\" \/><\/figure><div class=\"wp-block-media-text__content\">\n<h4 class=\"wp-block-heading\">Pistas:<\/h4>\n\n\n\n<ol class=\"wp-block-list\">\n<li>Este peque\u00f1o estany se encuentra a pie de GR11.<\/li>\n\n\n\n<li>Dentro del Espacio Natural Protegido m\u00e1s extenso de Catalu\u00f1a.<\/li>\n\n\n\n<li>A su lado, un poco m\u00e1s arriba, existe un peque\u00f1o refugio met\u00e1lico.<\/li>\n<\/ol>\n<\/div><\/div>\n<\/ol>\n\n\n\n<p><strong>Soluci\u00f3n:<\/strong><\/p>\n\n\n\n<p>Se trataba del estany Inferior de Baiau, el m\u00e1s peque\u00f1o de los dos lagos situados en el circo de Baiau, junto al refugio del mismo nombre. La excursi\u00f3n hasta este lugar es durilla, 600 metros de desnivel y 12 km ida\/vuelta, pero merece la pena. Se inicia en el aparcamiento de La Molinassa y visita lugares de extraordinaria belleza como el Pla de Boet, el Pla de Arcal\u00eds y los estanys d\u2019Ascorbes (o Escorbes), desde apacibles praderas y bosques de pino negro, hasta un paisaje t\u00edpico de alta monta\u00f1a dominado por afiladas crestas, circos glaciares y lagunas.<\/p>\n\n\n\n<p><\/p>\n\n\n\n<hr class=\"wp-block-separator has-alpha-channel-opacity\"\/>\n\n\n\n<h2 class=\"wp-block-heading\">Buscamos este lugar #144:<\/h2>\n\n\n\n<p>Seguimos con otro estany o mejor dicho \u201cestanh\u201d, que es como dicen por la Val d\u2019Aran a estos lagos de monta\u00f1a.<\/p>\n\n\n\n<ol class=\"wp-block-list\">\n<div class=\"wp-block-media-text alignwide is-stacked-on-mobile is-vertically-aligned-top\" style=\"grid-template-columns:40% auto\"><figure class=\"wp-block-media-text__media\"><img loading=\"lazy\" decoding=\"async\" width=\"1024\" height=\"682\" src=\"https:\/\/travesiapirenaica.com\/wp-content\/uploads\/2024\/06\/lugar144-1024x682.jpg\" alt=\"\" class=\"wp-image-43390 size-full\" srcset=\"https:\/\/travesiapirenaica.com\/wp-content\/uploads\/2024\/06\/lugar144-1024x682.jpg 1024w, https:\/\/travesiapirenaica.com\/wp-content\/uploads\/2024\/06\/lugar144-300x200.jpg 300w, https:\/\/travesiapirenaica.com\/wp-content\/uploads\/2024\/06\/lugar144-768x512.jpg 768w, https:\/\/travesiapirenaica.com\/wp-content\/uploads\/2024\/06\/lugar144-600x400.jpg 600w, https:\/\/travesiapirenaica.com\/wp-content\/uploads\/2024\/06\/lugar144-150x100.jpg 150w, https:\/\/travesiapirenaica.com\/wp-content\/uploads\/2024\/06\/lugar144.jpg 1280w\" sizes=\"auto, (max-width: 1024px) 100vw, 1024px\" \/><\/figure><div class=\"wp-block-media-text__content\">\n<h4 class=\"wp-block-heading\">Pistas:<\/h4>\n\n\n\n<ol class=\"wp-block-list\">\n<li>Nos encontramos en el valle de Ar\u00e1n o Val d\u2019Aran (en aran\u00e9s), dentro del Parque Nacional de Aig\u00fcestortes y Estany de Sant Maurici.<\/li>\n\n\n\n<li>Este alargado estanh, de ah\u00ed su nombre, est\u00e1 a pie de GR11.<\/li>\n\n\n\n<li>El pico del fondo es el Tuc de Salana.<\/li>\n<\/ol>\n<\/div><\/div>\n<\/ol>\n\n\n\n<p><strong>Soluci\u00f3n:<\/strong><\/p>\n\n\n\n<p>Se trataba del <strong>Estanh Long de Colomers<\/strong>, uno de los lagos m\u00e1s bonitos del circo de Colomers, famoso por albergar la mayor concentraci\u00f3n de lagos del Pirineo. Si quer\u00e9is visitarlo, una buena opci\u00f3n es realizar la ruta de los 7 lagos. Se inicia en aparcamiento de los Banhs de Tred\u00f3s y tiene 16 km (10 km ida\/vuelta para remontar el valle del r\u00edo de Aiguam\u00f2g; m\u00e1s 5,4 km de recorrido circular en torno a los lagos). Otra opci\u00f3n es el circuito largo, que comparte toda la aproximaci\u00f3n hasta los lagos (10 km ida\/vuelta) y despu\u00e9s un recorrido circular de 11 km.<\/p>\n\n\n\n<p><\/p>\n\n\n\n<hr class=\"wp-block-separator has-alpha-channel-opacity\"\/>\n\n\n\n<h2 class=\"wp-block-heading\">Buscamos este lugar #145:<\/h2>\n\n\n\n<p>Seg\u00fan la RAE, una faja es una \u201ctira de tela o tejido con que se rodea el cuerpo por la cintura, d\u00e1ndole una o varias vueltas\u201d. Para nosotros, la primera acepci\u00f3n es esta otra.<\/p>\n\n\n\n<ol class=\"wp-block-list\">\n<div class=\"wp-block-media-text alignwide is-stacked-on-mobile is-vertically-aligned-top\" style=\"grid-template-columns:40% auto\"><figure class=\"wp-block-media-text__media\"><img loading=\"lazy\" decoding=\"async\" width=\"1024\" height=\"683\" src=\"https:\/\/travesiapirenaica.com\/wp-content\/uploads\/2024\/07\/lugar145-1024x683.jpg\" alt=\"\" class=\"wp-image-43457 size-full\" srcset=\"https:\/\/travesiapirenaica.com\/wp-content\/uploads\/2024\/07\/lugar145-1024x683.jpg 1024w, https:\/\/travesiapirenaica.com\/wp-content\/uploads\/2024\/07\/lugar145-300x200.jpg 300w, https:\/\/travesiapirenaica.com\/wp-content\/uploads\/2024\/07\/lugar145-768x512.jpg 768w, https:\/\/travesiapirenaica.com\/wp-content\/uploads\/2024\/07\/lugar145-600x400.jpg 600w, https:\/\/travesiapirenaica.com\/wp-content\/uploads\/2024\/07\/lugar145-150x100.jpg 150w, https:\/\/travesiapirenaica.com\/wp-content\/uploads\/2024\/07\/lugar145.jpg 1280w\" sizes=\"auto, (max-width: 1024px) 100vw, 1024px\" \/><\/figure><div class=\"wp-block-media-text__content\">\n<h4 class=\"wp-block-heading\">Pistas:<\/h4>\n\n\n\n<ol class=\"wp-block-list\">\n<li>Fajas hay muchas pero, sin duda alguna, esta es la m\u00e1s famosa.<\/li>\n\n\n\n<li>Estamos como no, en el valle de Ordesa.<\/li>\n\n\n\n<li>Recorrer este pasillo asomado al abismo es uno de los recorridos m\u00e1s cl\u00e1sicos del Parque Nacional, no por ello una ruta masificada.<\/li>\n<\/ol>\n<\/div><\/div>\n<\/ol>\n\n\n\n<p><strong>Soluci\u00f3n:<\/strong><\/p>\n\n\n\n<p>Por si hab\u00eda alguna duda, se trataba de la <strong><a href=\"https:\/\/travesiapirenaica.com\/faja-de-las-flores-en-ordesa\/\">Faja de las Flores<\/a><\/strong>, la m\u00e1s conocida y espectacular de todas las fajas del <strong><a href=\"https:\/\/travesiapirenaica.com\/rutas-por-ordesa-monte-perdido\/\">Parque Nacional de Ordesa y Monte Perdido<\/a><\/strong>. La presencia natural de este tipo de pasillos horizontales que atraviesan paredones verticales no es exclusiva de Ordesa y puede verse en otros lugares en los que como aqu\u00ed, hay una alternancia de materiales duros y blandos. Sin embargo, me atrever\u00eda a decir que las numerosas fajas del Parque Nacional de Ordesa y Monte Perdido son las m\u00e1s famosas y espectaculares del Pirineo y de toda la pen\u00ednsula ib\u00e9rica. Adem\u00e1s de la Faja de las Flores, otras fajas bien conocidas del valle de Ordesa son la Faja de Pelai, la de Rac\u00f3n, la Canarella o la Faja Luenga.<\/p>\n\n\n\n<p><\/p>\n\n\n\n<hr class=\"wp-block-separator has-alpha-channel-opacity\"\/>\n\n\n\n<h2 class=\"wp-block-heading\">Buscamos este lugar #146:<\/h2>\n\n\n\n<p>Imagen de postal la que nos manda esta semana Carmen Garc\u00eda desde uno de los lugares m\u00e1s bellos del Pirineo. Podr\u00edamos describir la imagen pero, como se suele decir, \u201cmejor ver\u201d.<\/p>\n\n\n\n<ol class=\"wp-block-list\">\n<div class=\"wp-block-media-text alignwide is-stacked-on-mobile is-vertically-aligned-top\" style=\"grid-template-columns:40% auto\"><figure class=\"wp-block-media-text__media\"><img loading=\"lazy\" decoding=\"async\" width=\"1024\" height=\"682\" src=\"https:\/\/travesiapirenaica.com\/wp-content\/uploads\/2024\/07\/lugar146-1024x682.jpg\" alt=\"\" class=\"wp-image-43557 size-full\" srcset=\"https:\/\/travesiapirenaica.com\/wp-content\/uploads\/2024\/07\/lugar146-1024x682.jpg 1024w, https:\/\/travesiapirenaica.com\/wp-content\/uploads\/2024\/07\/lugar146-300x200.jpg 300w, https:\/\/travesiapirenaica.com\/wp-content\/uploads\/2024\/07\/lugar146-768x512.jpg 768w, https:\/\/travesiapirenaica.com\/wp-content\/uploads\/2024\/07\/lugar146-600x400.jpg 600w, https:\/\/travesiapirenaica.com\/wp-content\/uploads\/2024\/07\/lugar146-150x100.jpg 150w, https:\/\/travesiapirenaica.com\/wp-content\/uploads\/2024\/07\/lugar146.jpg 1280w\" sizes=\"auto, (max-width: 1024px) 100vw, 1024px\" \/><\/figure><div class=\"wp-block-media-text__content\">\n<h4 class=\"wp-block-heading\">Pistas:<\/h4>\n\n\n\n<ol class=\"wp-block-list\">\n<li><a href=\"https:\/\/travesiapirenaica.com\/gr10\/gr10.php\">GR10<\/a> y <a href=\"https:\/\/travesiapirenaica.com\/alta-ruta-pirenaica\/\">ARP<\/a> se reencuentran cerca de aqu\u00ed para compartir refugio y unir brevemente sus caminos.<\/li>\n\n\n\n<li>El pico del fondo es sin duda alguna, una de las <a href=\"https:\/\/travesiapirenaica.com\/montanas-mas-bellas-pirineo\/\">monta\u00f1as m\u00e1s bellas del Pirineo<\/a> \u00bfCu\u00e1l ser\u00e1?<\/li>\n\n\n\n<li>No hemos dicho nada del lago. \u00bfQu\u00e9 podr\u00edamos decir de este conjunto de lagos a los que se suele acceder desde el Valle de Ossau o desde el Valle del Arag\u00f3n?<\/li>\n<\/ol>\n<\/div><\/div>\n<\/ol>\n\n\n\n<p><strong>Soluci\u00f3n:<\/strong><\/p>\n\n\n\n<p>No era otro que el lago Gentau, uno de los 6 Lagos de Ayous con el Midi d\u2019Ossau de fondo. La excursi\u00f3n a los Lagos de Ayous es una de las mejores rutas de media monta\u00f1a de los Pirineos. Se puede iniciar en el Lac de Bious Artigues (vertiente francesa) y hacer un recorrido tipo raqueta (16 km y +\/- 850m), visitando los 6 lagos: lac Cast\u00e9rau, lac du Miey, lac Gentau, lac Bersau, lac Roumassot y lac Paradis; o subir desde Ast\u00fan, andando o en telesilla hasta el Ib\u00f3n de las Truchas, y por el col des Moines, realizar un recorrido lineal de ida y vuelta visitando los principales lagos.<\/p>\n\n\n\n<p><\/p>\n\n\n\n<hr class=\"wp-block-separator has-alpha-channel-opacity\"\/>\n\n\n\n<h2 class=\"wp-block-heading\">Buscamos este lugar #147:<\/h2>\n\n\n\n<p>Un lago, un refugio y un ramillete de picos como tel\u00f3n de fondo. \u00bfAlguien reconoce este lugar?<\/p>\n\n\n\n<ol class=\"wp-block-list\">\n<div class=\"wp-block-media-text alignwide is-stacked-on-mobile is-vertically-aligned-top\" style=\"grid-template-columns:40% auto\"><figure class=\"wp-block-media-text__media\"><img loading=\"lazy\" decoding=\"async\" width=\"1024\" height=\"682\" src=\"https:\/\/travesiapirenaica.com\/wp-content\/uploads\/2024\/07\/lugar147-1024x682.jpg\" alt=\"\" class=\"wp-image-43716 size-full\" srcset=\"https:\/\/travesiapirenaica.com\/wp-content\/uploads\/2024\/07\/lugar147-1024x682.jpg 1024w, https:\/\/travesiapirenaica.com\/wp-content\/uploads\/2024\/07\/lugar147-300x200.jpg 300w, https:\/\/travesiapirenaica.com\/wp-content\/uploads\/2024\/07\/lugar147-768x512.jpg 768w, https:\/\/travesiapirenaica.com\/wp-content\/uploads\/2024\/07\/lugar147-600x400.jpg 600w, https:\/\/travesiapirenaica.com\/wp-content\/uploads\/2024\/07\/lugar147-150x100.jpg 150w, https:\/\/travesiapirenaica.com\/wp-content\/uploads\/2024\/07\/lugar147.jpg 1280w\" sizes=\"auto, (max-width: 1024px) 100vw, 1024px\" \/><\/figure><div class=\"wp-block-media-text__content\">\n<h4 class=\"wp-block-heading\">Pistas:<\/h4>\n\n\n\n<ol class=\"wp-block-list\">\n<li>Nos encontramos en el Parque Nacional de Aig\u00fcestortes i Estany de Sant Maurici.<\/li>\n\n\n\n<li>A pie de GR11.20 y Carros de Foc.<\/li>\n\n\n\n<li>Este refugio tambi\u00e9n es Campo Base ideal para ascender a picos como los de Peguera y Monestero.<\/li>\n<\/ol>\n<\/div><\/div>\n<\/ol>\n\n\n\n<p><strong>Soluci\u00f3n:<\/strong><\/p>\n\n\n\n<p>Se trataba del Estany Tort de Peguera con el refugio Josep Mar\u00eda Blanc en su orilla y los picos de la Mainera, Tuc de Sabur\u00f3 (2.912m) y Tuc Inferior de Sabur\u00f3 (2.847m), de fondo. Una foto que realizamos durante la <a href=\"https:\/\/travesiapirenaica.com\/peguera-monestero\/\">subida a los picos de Peguera y Monestero<\/a>, ruta muy recomendable.<\/p>\n\n\n\n<p><\/p>\n\n\n\n<hr class=\"wp-block-separator has-alpha-channel-opacity\"\/>\n\n\n\n<h2 class=\"wp-block-heading\">Buscamos este lugar #148:<\/h2>\n\n\n\n<p>Esta semana nos vamos al Parque Nacional de los Pirineos franceses para visitar esta buc\u00f3lica cascada. \u00bfQui\u00e9n la reconoce?, \u00bfno? Vamos all\u00e1 con las pistas.<\/p>\n\n\n\n<ol class=\"wp-block-list\">\n<div class=\"wp-block-media-text alignwide is-stacked-on-mobile is-vertically-aligned-top\" style=\"grid-template-columns:40% auto\"><figure class=\"wp-block-media-text__media\"><img loading=\"lazy\" decoding=\"async\" width=\"1024\" height=\"682\" src=\"https:\/\/travesiapirenaica.com\/wp-content\/uploads\/2024\/07\/lugar148-1024x682.jpg\" alt=\"\" class=\"wp-image-43736 size-full\" srcset=\"https:\/\/travesiapirenaica.com\/wp-content\/uploads\/2024\/07\/lugar148-1024x682.jpg 1024w, https:\/\/travesiapirenaica.com\/wp-content\/uploads\/2024\/07\/lugar148-300x200.jpg 300w, https:\/\/travesiapirenaica.com\/wp-content\/uploads\/2024\/07\/lugar148-768x512.jpg 768w, https:\/\/travesiapirenaica.com\/wp-content\/uploads\/2024\/07\/lugar148-600x400.jpg 600w, https:\/\/travesiapirenaica.com\/wp-content\/uploads\/2024\/07\/lugar148-150x100.jpg 150w, https:\/\/travesiapirenaica.com\/wp-content\/uploads\/2024\/07\/lugar148.jpg 1280w\" sizes=\"auto, (max-width: 1024px) 100vw, 1024px\" \/><\/figure><div class=\"wp-block-media-text__content\">\n<h4 class=\"wp-block-heading\">Pistas:<\/h4>\n\n\n\n<ol class=\"wp-block-list\">\n<li>De los 7 valles del Lavedan, los de Azun, Cauterets y Gavarnie son los que concentran los paisajes de monta\u00f1a m\u00e1s impresionantes. Nos encontramos en el primero de ellos, en el que conserva los pueblos m\u00e1s aut\u00e9nticos y menos tur\u00edsticos de los tres.<\/li>\n\n\n\n<li>Seguimos estrechando el cerco. Los dos principales r\u00edos que forman la cabecera del valle de Az\u00fan son los de Arrens y Estaing, nos encontramos en el de Arrens.<\/li>\n\n\n\n<li>La pista definitiva. Las dos v\u00edas normales para ascender al Balait\u00fas desde esta vertiente, la vira Beraldi (PD-) y la chimenea de las N\u00e9ous (AD-), separan sus caminos en este lugar.<\/li>\n<\/ol>\n<\/div><\/div>\n<\/ol>\n\n\n\n<p><strong>Soluci\u00f3n:<\/strong><\/p>\n\n\n\n<p>Se trataba de la cascada de Doumblas, un bonito salto de agua situado en la Ruisseau de Larribet, justo antes de desembocar en el Gave d\u2019Arrens. Si quer\u00e9is visitarla, os recomendamos la excursi\u00f3n que parte del Plan d\u2019Aste atravesando un magn\u00edfico bosque de abetos hasta el Lac de Suyen (30 minutos), la cascada de Doumblas (1 hora) y La Claou (1h30minutos), donde hay una peque\u00f1a laguna y en la ruisseau de Larribet, se forma una sucesi\u00f3n de peque\u00f1as piscinas de aguas cristalinas.<\/p>\n\n\n\n<p><\/p>\n\n\n\n<hr class=\"wp-block-separator has-alpha-channel-opacity\"\/>\n\n\n\n<h2 class=\"wp-block-heading\">Buscamos este lugar #149:<\/h2>\n\n\n\n<p>Esta monta\u00f1a de cimas gemelas es la m\u00e1s emblem\u00e1tica del P.N de Aig\u00fcestortes i Estany de Sant Maurici y una de las m\u00e1s <a href=\"https:\/\/travesiapirenaica.com\/montanas-mas-bellas-pirineo\/\">bellas del Pirineo<\/a>. F\u00e1cil \u00bfverdad?<\/p>\n\n\n\n<ol class=\"wp-block-list\">\n<div class=\"wp-block-media-text alignwide is-stacked-on-mobile is-vertically-aligned-top\" style=\"grid-template-columns:40% auto\"><figure class=\"wp-block-media-text__media\"><img loading=\"lazy\" decoding=\"async\" width=\"1024\" height=\"683\" src=\"https:\/\/travesiapirenaica.com\/wp-content\/uploads\/2024\/08\/lugar149-1024x683.jpg\" alt=\"\" class=\"wp-image-43769 size-full\" srcset=\"https:\/\/travesiapirenaica.com\/wp-content\/uploads\/2024\/08\/lugar149-1024x683.jpg 1024w, https:\/\/travesiapirenaica.com\/wp-content\/uploads\/2024\/08\/lugar149-300x200.jpg 300w, https:\/\/travesiapirenaica.com\/wp-content\/uploads\/2024\/08\/lugar149-768x512.jpg 768w, https:\/\/travesiapirenaica.com\/wp-content\/uploads\/2024\/08\/lugar149-600x400.jpg 600w, https:\/\/travesiapirenaica.com\/wp-content\/uploads\/2024\/08\/lugar149-150x100.jpg 150w, https:\/\/travesiapirenaica.com\/wp-content\/uploads\/2024\/08\/lugar149.jpg 1280w\" sizes=\"auto, (max-width: 1024px) 100vw, 1024px\" \/><\/figure><div class=\"wp-block-media-text__content\">\n<h4 class=\"wp-block-heading\">Pistas:<\/h4>\n\n\n\n<ol class=\"wp-block-list\">\n<li>Se encuentra en el sector oriental de Aig\u00fcestortes i Estany de Sant Maurici.<\/li>\n\n\n\n<li>Precisamente, el Estany de Sant Maurici es el que vemos delante.<\/li>\n<\/ol>\n<\/div><\/div>\n<\/ol>\n\n\n\n<p><strong>Soluci\u00f3n:<\/strong><\/p>\n\n\n\n<p>No pod\u00eda ser otro lugar que Els Encantats y el Estany de Sant Maurici. Un lugar m\u00e1gico, de los imprescindibles del Pirineo, pero tambi\u00e9n, de los m\u00e1s masificados.<\/p>\n\n\n\n<p>Seg\u00fan cuenta la leyenda, el d\u00eda de Sant Maurici, dos hermanos pastores de Espot, Cristobal y Esteban, decidieron subir a cazar \u201cisards\u201d faltando a la misa. Al parecer, ese a\u00f1o hab\u00eda pocos y pensaron que si madrugaban, podr\u00edan estar de regreso al mediod\u00eda con alguna captura con que celebrar tan se\u00f1alada fecha. Al de arriba esto no le debi\u00f3 de gustar y en el momento de la consagraci\u00f3n, con todo el pueblo en la ermita, se escuch\u00f3 un estruendo que sacudi\u00f3 todo el valle. La monta\u00f1a se hab\u00eda resquebrajado en dos, transformando en roca a estos dos hermanos.<\/p>\n\n\n\n<p><\/p>\n\n\n\n<hr class=\"wp-block-separator has-alpha-channel-opacity\"\/>\n\n\n\n<h2 class=\"wp-block-heading\">Buscamos este lugar #150:<\/h2>\n\n\n\n<p>Hay algunos picos que sobre el mapa pasan totalmente desapercibidos. No suelen ser muy altos, de camino a otros lugares m\u00e1s afamados\u2026 Entonces, cuando un d\u00eda viajas a un lugar por primera vez, te topas con el de repente, bien visible desde la carretera, sin nombre conocido. A partir de ese momento, saber su nombre se convierte en necesidad y de inmediato pasa a formar parte de tu lista de objetivos pendientes. Tal vez no para un viaje en exclusiva, pero s\u00ed para una de esas jornadas m\u00e1s cortas. A m\u00ed me pasa con varios (no estar\u00eda mal hacer un listado entre todos), &nbsp;pero especialmente me ocurre con Pe\u00f1amellera cuando voy a Picos de Europa y con este de los Altos Pirineos. \u00bfAlguien lo reconoce?<\/p>\n\n\n\n<ol class=\"wp-block-list\">\n<div class=\"wp-block-media-text alignwide is-stacked-on-mobile is-vertically-aligned-top\" style=\"grid-template-columns:40% auto\"><figure class=\"wp-block-media-text__media\"><img loading=\"lazy\" decoding=\"async\" width=\"1024\" height=\"683\" src=\"https:\/\/travesiapirenaica.com\/wp-content\/uploads\/2024\/08\/lugar150-1024x683.jpg\" alt=\"\" class=\"wp-image-43814 size-full\" srcset=\"https:\/\/travesiapirenaica.com\/wp-content\/uploads\/2024\/08\/lugar150-1024x683.jpg 1024w, https:\/\/travesiapirenaica.com\/wp-content\/uploads\/2024\/08\/lugar150-300x200.jpg 300w, https:\/\/travesiapirenaica.com\/wp-content\/uploads\/2024\/08\/lugar150-768x512.jpg 768w, https:\/\/travesiapirenaica.com\/wp-content\/uploads\/2024\/08\/lugar150-600x400.jpg 600w, https:\/\/travesiapirenaica.com\/wp-content\/uploads\/2024\/08\/lugar150-150x100.jpg 150w, https:\/\/travesiapirenaica.com\/wp-content\/uploads\/2024\/08\/lugar150.jpg 1280w\" sizes=\"auto, (max-width: 1024px) 100vw, 1024px\" \/><\/figure><div class=\"wp-block-media-text__content\">\n<h4 class=\"wp-block-heading\">Pistas:<\/h4>\n\n\n\n<ol class=\"wp-block-list\">\n<li>Este pico se encuentra en el departamento de los Altos Pirineos, sobre la poblaci\u00f3n del mismo nombre.<\/li>\n\n\n\n<li>Desde esta localidad parte una subida menos conocida hasta la estaci\u00f3n de esqu\u00ed, que la que habitualmente hace el Tour de Francia.<\/li>\n\n\n\n<li>Cuando uno se acerca por la autov\u00eda desde Lourdes se ve mucho m\u00e1s afilado, aunque en realidad, es el \u00faltimo puntal de m\u00e1s de 2.000 metros de una largo cordal.<\/li>\n<\/ol>\n<\/div><\/div>\n<\/ol>\n\n\n\n<p><strong>Soluci\u00f3n:<\/strong><\/p>\n\n\n\n<p>Se trataba del <strong>Pic de Viscos (2.141m)<\/strong>, el \u00faltimo pico de m\u00e1s de 2.000 metros del largo crester\u00edo que se desprende al norte del Pic de Ardiden (2.988m), separando a un lado el valle de Cauterets y al otro el de Luz St Sauveur \/ Gavarnie. La foto est\u00e1 tomada desde Argeles Gazost, aunque desde donde m\u00e1s impresiona es desde la autov\u00eda que viene desde Lourdes. Si vas al volante \u00a1cuidado! no apartar la vista de la carretera es imposible. Si os interesa, la ruta m\u00e1s habitual es la que parte de la estaci\u00f3n de esqu\u00ed de Luz Ardiden (circular; escalada F; 5h; 10,3km; +\/- 640m).<\/p>\n\n\n\n<p><\/p>\n\n\n\n<hr class=\"wp-block-separator has-alpha-channel-opacity\"\/>\n\n\n\n<h2 class=\"wp-block-heading\">Buscamos este lugar #151:<\/h2>\n\n\n\n<p>Este valle de los Pirineos es \u00fanico por muchos motivos \u00bfAdivinas cu\u00e1l es?<\/p>\n\n\n\n<ol class=\"wp-block-list\">\n<div class=\"wp-block-media-text alignwide is-stacked-on-mobile is-vertically-aligned-top\" style=\"grid-template-columns:40% auto\"><figure class=\"wp-block-media-text__media\"><img loading=\"lazy\" decoding=\"async\" width=\"1024\" height=\"682\" src=\"https:\/\/travesiapirenaica.com\/wp-content\/uploads\/2024\/08\/lugar151-1024x682.jpg\" alt=\"\" class=\"wp-image-44209 size-full\" srcset=\"https:\/\/travesiapirenaica.com\/wp-content\/uploads\/2024\/08\/lugar151-1024x682.jpg 1024w, https:\/\/travesiapirenaica.com\/wp-content\/uploads\/2024\/08\/lugar151-300x200.jpg 300w, https:\/\/travesiapirenaica.com\/wp-content\/uploads\/2024\/08\/lugar151-768x512.jpg 768w, https:\/\/travesiapirenaica.com\/wp-content\/uploads\/2024\/08\/lugar151-18x12.jpg 18w, https:\/\/travesiapirenaica.com\/wp-content\/uploads\/2024\/08\/lugar151-600x400.jpg 600w, https:\/\/travesiapirenaica.com\/wp-content\/uploads\/2024\/08\/lugar151-150x100.jpg 150w, https:\/\/travesiapirenaica.com\/wp-content\/uploads\/2024\/08\/lugar151.jpg 1280w\" sizes=\"auto, (max-width: 1024px) 100vw, 1024px\" \/><\/figure><div class=\"wp-block-media-text__content\">\n<h4 class=\"wp-block-heading\">Pistas:<\/h4>\n\n\n\n<ol class=\"wp-block-list\">\n<li>Su orientaci\u00f3n Este-Oeste no es nada habitual entre los valles principales de la zona axial del Pirineo.<\/li>\n\n\n\n<li>Tras el tratado de los Pirineos de 1659 esta comarca fue partida en dos, pasando a estar el norte bajo administraci\u00f3n francesa (siendo el \u00fanico territorio poblado de Francia en la pen\u00ednsula ib\u00e9rica) y el sur bajo administraci\u00f3n espa\u00f1ola.<\/li>\n\n\n\n<li>La sierra que vemos al fondo es la sierra del Cad\u00ed.<\/li>\n<\/ol>\n<\/div><\/div>\n<\/ol>\n\n\n\n<p><strong>Soluci\u00f3n:<\/strong><\/p>\n\n\n\n<p>Se trataba de la Cerda\u00f1a o Cerdanya (en catal\u00e1n) vista desde Puigcerd\u00e0, la capital de esta comarca al sur. La foto est\u00e1 tomada hacia el suroeste, hacia la sierra del Cad\u00ed, la gran barrera que junto a la contigua sierra del Moixer\u00f3 y el macizo del Puigmal protegen este gran valle por el sur.<\/p>\n\n\n\n<p>Desde un punto de vista geol\u00f3gico, la Cerda\u00f1a es una gran fosa tect\u00f3nica (un hundimiento) causada por fallas normales ne\u00f3genas que cortaron los relieves de los Pirineos al final de su levantamiento. El resultado es un valle muy amplio, el mayor de los Pirineos, y plano, fruto de la sedimentaci\u00f3n de materiales aluviales, deltaicos y lacustres. Otra particularidad m\u00e1s de la Cerda\u00f1a es su elevada insolaci\u00f3n, una de las mayores de Europa, motivo por el cual en Font-Romeu (Alta Cerda\u00f1a) est\u00e1 instalado uno de los dos hornos solares m\u00e1s potentes del mundo (1000 KW).<\/p>\n\n\n\n<p><\/p>\n\n\n\n<hr class=\"wp-block-separator has-alpha-channel-opacity\"\/>\n\n\n\n<h2 class=\"wp-block-heading\">Buscamos este lugar #152:<\/h2>\n\n\n\n<p>\u00a1Qu\u00e9 maravilla! Nuestros cercanos Pirineos son una fuente inagotable de inspiraci\u00f3n, de aventura, de belleza, de majestuosos valles por descubrir y de hermosas monta\u00f1as por ascender. Una suerte a disfrutar, cada cual a su manera, pero siempre con el m\u00e1ximo respeto por el entorno. &nbsp;As\u00ed, algunos podr\u00edan pasarse el d\u00eda entero contemplando este paisaje sin moverse del lugar; otros en cambio, preferir\u00e1n bajar al valle para perderse en la frondosidad del bosque y admirar alguna bonita cascada; los m\u00e1s monta\u00f1eros, se sentir\u00e1n atra\u00eddos por las principales cumbres; y los cazadores de tresmiles\u2026 estos \u00faltimos vivir\u00e1n aqu\u00ed algunas de sus jornadas m\u00e1s memorables recorriendo las bell\u00edsimas crestas que unen estos 16 picos de m\u00e1s de 3.000&nbsp; metros. \u00bfEn qu\u00e9 grupo te encuentras t\u00fa? \u00bfreconoces este lugar? \u00bflas principales cumbres? \u00bflos 16 picos de m\u00e1s de 3.000 metros?<\/p>\n\n\n\n<ol class=\"wp-block-list\">\n<div class=\"wp-block-media-text alignwide is-stacked-on-mobile is-vertically-aligned-top\" style=\"grid-template-columns:40% auto\"><figure class=\"wp-block-media-text__media\"><img loading=\"lazy\" decoding=\"async\" width=\"1024\" height=\"682\" src=\"https:\/\/travesiapirenaica.com\/wp-content\/uploads\/2024\/08\/lugar152-1024x682.jpg\" alt=\"\" class=\"wp-image-44210 size-full\" srcset=\"https:\/\/travesiapirenaica.com\/wp-content\/uploads\/2024\/08\/lugar152-1024x682.jpg 1024w, https:\/\/travesiapirenaica.com\/wp-content\/uploads\/2024\/08\/lugar152-300x200.jpg 300w, https:\/\/travesiapirenaica.com\/wp-content\/uploads\/2024\/08\/lugar152-768x512.jpg 768w, https:\/\/travesiapirenaica.com\/wp-content\/uploads\/2024\/08\/lugar152-18x12.jpg 18w, https:\/\/travesiapirenaica.com\/wp-content\/uploads\/2024\/08\/lugar152-600x400.jpg 600w, https:\/\/travesiapirenaica.com\/wp-content\/uploads\/2024\/08\/lugar152-150x100.jpg 150w, https:\/\/travesiapirenaica.com\/wp-content\/uploads\/2024\/08\/lugar152.jpg 1280w\" sizes=\"auto, (max-width: 1024px) 100vw, 1024px\" \/><\/figure><div class=\"wp-block-media-text__content\">\n<h4 class=\"wp-block-heading\">Pistas:<\/h4>\n\n\n\n<ol class=\"wp-block-list\">\n<li>Este es uno de los sectores con mayor concentraci\u00f3n de tresmiles, hasta 41 (20 principales y 21 secundarios).<\/li>\n\n\n\n<li>La fotograf\u00eda es de la vertiente norte del macizo m\u00e1s oriental en el que se ubican los tresmiles de este sector, m\u00e1s concretamente, est\u00e1 tomada desde las inmediaciones de la estaci\u00f3n de esqu\u00ed.<\/li>\n\n\n\n<li>Hasta esta estaci\u00f3n de esqu\u00ed sube una carretera que el Tour de Francia frecuentaba en los a\u00f1os 60, 70 y 80, y en donde para algunos, Perico Delgado firm\u00f3 la mejor actuaci\u00f3n de su carrera. Era el a\u00f1o 1989, la \u00faltima vez que el Tour visit\u00f3 este lugar.<\/li>\n<\/ol>\n<\/div><\/div>\n<\/ol>\n\n\n\n<p><strong>Soluci\u00f3n:<\/strong><\/p>\n\n\n\n<p>Se trataba del grupo de monta\u00f1as que coronan la cabecera del valle de Lys vistas desde las inmediaciones de la estaci\u00f3n de esqu\u00ed de Superbagn\u00e8res. Por cierto, aquella etapa de Perico del Tour del 89 est\u00e1 disponible en Youtube (tambi\u00e9n muy&nbsp; recomendable en RTVE el documental; <a href=\"https:\/\/www.rtve.es\/play\/videos\/conexion-vintage\/conexion-vintage-tour-francia-1989\/16187020\/\" target=\"_blank\" rel=\"noopener\">Un tour loco, loco: 1989<\/a>).<\/p>\n\n\n\n<p>En concreto, el nombre de los 16 picos de m\u00e1s de tres mil metros que ve\u00edamos eran los siguientes: 1) <a href=\"https:\/\/travesiapirenaica.com\/maps\/tresmiles.php?&amp;pico=boum\">Pico de Boum \/ Tuca d&#8217;el Bom (3.005m)<\/a>, 2) <a href=\"https:\/\/travesiapirenaica.com\/maps\/tresmiles.php?&amp;pico=maupas\">Pico de Maupas \/ Tuca de Malp\u00e1s (3.134m)<\/a>, 3) <a href=\"https:\/\/travesiapirenaica.com\/maps\/tresmiles.php?&amp;pico=navarro\">Pico Navarro \/ Tuca de Navarro (3.030m)<\/a>, 4) <a href=\"https:\/\/travesiapirenaica.com\/maps\/tresmiles.php?&amp;pico=rabada\">Pico Rabad\u00e1 \/ Tuca de Rabad\u00e1 (3.029m)<\/a>, 5) <a href=\"https:\/\/travesiapirenaica.com\/maps\/tresmiles.php?&amp;pico=tusseremune\">Tusse de Remu\u00f1e \/ Tuca d&#8217;el Cabo d&#8217;els Arenals (3.032m)<\/a>, 6) <a href=\"https:\/\/travesiapirenaica.com\/maps\/tresmiles.php?&amp;pico=jeangarnier\">Aguja Jean Garnier \/ Agulla de Crabi\u00f2les (3.025m)<\/a>, 7) <a href=\"https:\/\/travesiapirenaica.com\/maps\/tresmiles.php?&amp;pico=crabioulesoriental\">Crabioules Oriental \/ Tuca de Crabi\u00f2les (3.099m)<\/a>, 8) <a href=\"https:\/\/travesiapirenaica.com\/maps\/tresmiles.php?&amp;pico=crabioulesoccidental\">Crabioules Occidental \/ Tuca de l&#8217;Estraperlo (3.100m)<\/a>, 9) <a href=\"https:\/\/travesiapirenaica.com\/maps\/tresmiles.php?&amp;pico=mamy\">Punta Mamy (3.048m)<\/a>, 10) <a href=\"https:\/\/travesiapirenaica.com\/maps\/tresmiles.php?&amp;pico=lacq\">Punta Lacq (3.010m)<\/a>, 11) <a href=\"https:\/\/travesiapirenaica.com\/maps\/tresmiles.php?&amp;pico=aginflezat\">Aguja Inferior de L\u00e9zat (3.023m)<\/a>, 12) <a href=\"https:\/\/travesiapirenaica.com\/maps\/tresmiles.php?&amp;pico=agcentralselezat\">Aguja Central SE de L\u00e9zat (3.037m)<\/a>, 13) <a href=\"https:\/\/travesiapirenaica.com\/maps\/tresmiles.php?&amp;pico=agcentralnolezat\">Aguja Central NO de L\u00e9zat (3.058m)<\/a>, 14) <a href=\"https:\/\/travesiapirenaica.com\/maps\/tresmiles.php?&amp;pico=agsuplezat\">Aguja Superior de L\u00e9zat (3.107m)<\/a>, 15) <a href=\"https:\/\/travesiapirenaica.com\/maps\/tresmiles.php?&amp;pico=picolezat\">Pico L\u00e9zat o Pic Interm\u00e9diaire (3.107m)<\/a> y 16) <a href=\"https:\/\/travesiapirenaica.com\/maps\/tresmiles.php?&amp;pico=grandquayrat\">Grand Quayrat (3.060m)<\/a>.<\/p>\n\n\n\n<p><\/p>\n\n\n\n<hr class=\"wp-block-separator has-alpha-channel-opacity\"\/>\n\n\n\n<h2 class=\"wp-block-heading\">Buscamos este lugar #153:<\/h2>\n\n\n\n<p>Incluso en los lugares m\u00e1s concurridos basta con tomar un par de cruces para quedarse solo, \u00a1no falla!<\/p>\n\n\n\n<ol class=\"wp-block-list\">\n<div class=\"wp-block-media-text alignwide is-stacked-on-mobile is-vertically-aligned-top\" style=\"grid-template-columns:40% auto\"><figure class=\"wp-block-media-text__media\"><img loading=\"lazy\" decoding=\"async\" width=\"1024\" height=\"683\" src=\"https:\/\/travesiapirenaica.com\/wp-content\/uploads\/2024\/08\/lugar153-1024x683.jpg\" alt=\"\" class=\"wp-image-44285 size-full\" srcset=\"https:\/\/travesiapirenaica.com\/wp-content\/uploads\/2024\/08\/lugar153-1024x683.jpg 1024w, https:\/\/travesiapirenaica.com\/wp-content\/uploads\/2024\/08\/lugar153-300x200.jpg 300w, https:\/\/travesiapirenaica.com\/wp-content\/uploads\/2024\/08\/lugar153-768x512.jpg 768w, https:\/\/travesiapirenaica.com\/wp-content\/uploads\/2024\/08\/lugar153-18x12.jpg 18w, https:\/\/travesiapirenaica.com\/wp-content\/uploads\/2024\/08\/lugar153-600x400.jpg 600w, https:\/\/travesiapirenaica.com\/wp-content\/uploads\/2024\/08\/lugar153-150x100.jpg 150w, https:\/\/travesiapirenaica.com\/wp-content\/uploads\/2024\/08\/lugar153.jpg 1280w\" sizes=\"auto, (max-width: 1024px) 100vw, 1024px\" \/><\/figure><div class=\"wp-block-media-text__content\">\n<h4 class=\"wp-block-heading\">Pistas:<\/h4>\n\n\n\n<ol class=\"wp-block-list\">\n<li>Aunque la pista que vemos abajo es utilizada por pastores y senderistas, muy pocos son los que contin\u00faan m\u00e1s all\u00e1 del final y obtienen estas vistas del valle desde arriba.<\/li>\n\n\n\n<li>Se encuentra en el Pirineo Central, a escasa distancia de cierto Parque Nacional.<\/li>\n\n\n\n<li>El r\u00edo que serpentea all\u00ed abajo es afluente del Ara.<\/li>\n<\/ol>\n<\/div><\/div>\n<\/ol>\n\n\n\n<p><strong>Soluci\u00f3n:<\/strong><\/p>\n\n\n\n<p>Se trataba del valle de Otal, un precioso valle glaciar en forma de \u201cU\u201d situado a escasa distancia de Bujaruelo (2,5 km). Si quer\u00e9is visitarlo, os recomendamos esta <a href=\"https:\/\/travesiapirenaica.com\/valle-otal\/\">excursi\u00f3n desde Bujaruelo<\/a> ideal para realizar con ni\u00f1os [5km ida\/vuelta; +\/-330m]. La foto, sin embargo, est\u00e1 tomada desde m\u00e1s arriba, durante la ascensi\u00f3n al Otal (2.705m) por el valle de Otal, una ruta menos frecuentada que la del barranco del Turb\u00f3n, tampoco muy concurrida, la verdad.<\/p>\n\n\n\n<p><\/p>\n\n\n\n<hr class=\"wp-block-separator has-alpha-channel-opacity\"\/>\n\n\n\n<h2 class=\"wp-block-heading\">Buscamos este lugar #154:<\/h2>\n\n\n\n<p>Un refugio, una central hidroel\u00e9ctrica, picos afilados, un profundo valle cubierto por la niebla\u2026 Bonito lugar el que esta semana nos Patxi Latorre. \u00bfSab\u00e9is de cual se trata? \u00bfNo? A ver si con las pistas que nos manda podemos sacarlo.<\/p>\n\n\n\n<ol class=\"wp-block-list\">\n<div class=\"wp-block-media-text alignwide is-stacked-on-mobile is-vertically-aligned-top\" style=\"grid-template-columns:40% auto\"><figure class=\"wp-block-media-text__media\"><img loading=\"lazy\" decoding=\"async\" width=\"1024\" height=\"682\" src=\"https:\/\/travesiapirenaica.com\/wp-content\/uploads\/2024\/09\/lugar154-1024x682.jpg\" alt=\"\" class=\"wp-image-44375 size-full\" srcset=\"https:\/\/travesiapirenaica.com\/wp-content\/uploads\/2024\/09\/lugar154-1024x682.jpg 1024w, https:\/\/travesiapirenaica.com\/wp-content\/uploads\/2024\/09\/lugar154-300x200.jpg 300w, https:\/\/travesiapirenaica.com\/wp-content\/uploads\/2024\/09\/lugar154-768x512.jpg 768w, https:\/\/travesiapirenaica.com\/wp-content\/uploads\/2024\/09\/lugar154-18x12.jpg 18w, https:\/\/travesiapirenaica.com\/wp-content\/uploads\/2024\/09\/lugar154-600x400.jpg 600w, https:\/\/travesiapirenaica.com\/wp-content\/uploads\/2024\/09\/lugar154-150x100.jpg 150w, https:\/\/travesiapirenaica.com\/wp-content\/uploads\/2024\/09\/lugar154.jpg 1280w\" sizes=\"auto, (max-width: 1024px) 100vw, 1024px\" \/><\/figure><div class=\"wp-block-media-text__content\">\n<h4 class=\"wp-block-heading\">Pistas:<\/h4>\n\n\n\n<ol class=\"wp-block-list\">\n<li>El vallecito se encuentra en la vertiente norte de los Pirineos.<\/li>\n\n\n\n<li>El fondo del mismo est\u00e1 ocupado por una central hidroel\u00e9ctrica y un refugio que fue, en origen, vivienda de los trabajadores de la misma.<\/li>\n\n\n\n<li>Se accede a \u00e9l por un sendero labrado a pico, para el acarreo mediante mulas de los tubos de hierro, a trav\u00e9s de una vertiginosa garganta.<\/li>\n<\/ol>\n<\/div><\/div>\n<\/ol>\n\n\n\n<p><strong>Soluci\u00f3n:<\/strong><\/p>\n\n\n\n<p>Neste de Clarabide. El refugio es el de la Soula, y la garganta, las Gorges de Clarabide. Un poco m\u00e1s arriba se encuentra el encantador Lac de Pouchergues.<\/p>\n\n\n\n<p><\/p>\n\n\n\n<hr class=\"wp-block-separator has-alpha-channel-opacity\"\/>\n\n\n\n<h2 class=\"wp-block-heading\">Buscamos este lugar #155:<\/h2>\n\n\n\n<p><em>\u201cProduce emoci\u00f3n el franquear el paso de xxxxxxx (1.990 metros de altitud). Es una cornisa horizontal de unos cien metros de larga, abierta en toda su extensi\u00f3n junto a un abismo profundo, de una anchura no mayor de un metro y no ofreciendo m\u00e1s que los sitios precisos donde posar el pie. No aparenta gran solidez, mas es de esperar que a\u00fan transcurran algunos a\u00f1os hasta que se desplome definitivamente\u201d (Lucien Briet).<\/em><\/p>\n\n\n\n<ol class=\"wp-block-list\">\n<div class=\"wp-block-media-text alignwide is-stacked-on-mobile is-vertically-aligned-top\" style=\"grid-template-columns:40% auto\"><figure class=\"wp-block-media-text__media\"><img loading=\"lazy\" decoding=\"async\" width=\"1024\" height=\"683\" src=\"https:\/\/travesiapirenaica.com\/wp-content\/uploads\/2023\/11\/lugar110-1024x683.jpg\" alt=\"\" class=\"wp-image-38263 size-full\" srcset=\"https:\/\/travesiapirenaica.com\/wp-content\/uploads\/2023\/11\/lugar110-1024x683.jpg 1024w, https:\/\/travesiapirenaica.com\/wp-content\/uploads\/2023\/11\/lugar110-300x200.jpg 300w, https:\/\/travesiapirenaica.com\/wp-content\/uploads\/2023\/11\/lugar110-768x512.jpg 768w, https:\/\/travesiapirenaica.com\/wp-content\/uploads\/2023\/11\/lugar110-600x400.jpg 600w, https:\/\/travesiapirenaica.com\/wp-content\/uploads\/2023\/11\/lugar110.jpg 1280w\" sizes=\"auto, (max-width: 1024px) 100vw, 1024px\" \/><\/figure><div class=\"wp-block-media-text__content\">\n<h4 class=\"wp-block-heading\">Pistas:<\/h4>\n\n\n\n<ol class=\"wp-block-list\">\n<li>Antes de la instalaci\u00f3n de las clavijas en 1921, este era el paso por el que pastores y contrabandistas lograban superar el circo.<\/li>\n\n\n\n<li>En el circo vecino se encuentran otras clavijas m\u00e1s famosas, primas hermanas de las que colocaron aqu\u00ed cerca para atajar este paso.<\/li>\n\n\n\n<li>Se encuentra en el valle de Ordesa.<\/li>\n<\/ol>\n<\/div><\/div>\n<\/ol>\n\n\n\n<p><strong>Soluci\u00f3n:<\/strong><\/p>\n\n\n\n<p>Se trataba de la Fajeta, en el circo de Carriata. Un camino que si bien Lucien Briet describ\u00eda de esta forma un tanto rom\u00e1ntica, los contrabandistas de principios del siglo XX ve\u00edan con otros ojos. Rafael Andolf recog\u00eda el testimonio de Antonio Ner\u00edn \u201cMorilla\u201d, uno de los \u201cpaqueteros\u201d m\u00e1s celebres. De \u00e9l escrib\u00eda lo siguiente: <em>\u201cSi hubierais escuchado at\u00f3nitos a Antonio \u201cMorilla\u201d, su paso en solitario por la insignificante cornisa del pared\u00f3n de Salarons a doscientos metros sobre el abismo, en la noche tenebrosa s\u00f3lo alumbrada por los destelleos de los rel\u00e1mpagos, empapado hasta los huesos, cargado con su fardo, sin m\u00e1s equipo que unas alpargatas y una zamarra de piel de oveja, jug\u00e1ndose la vida minuto a minuto, desafiando al fr\u00edo, al reloj y a los carabineros, seguro que no lo hubierais envidiado\u201d.<\/em><\/p>\n\n\n\n<p>Tanto el primer fragmento de Briet como el segundo de Rafael Andolf, est\u00e1n extra\u00eddos del libro \u201cLa Brecha de Rolando\u201d, de Alberto Mart\u00ednez Embid. Muy recomendable.<\/p>\n\n\n\n<p><\/p>\n\n\n\n<hr class=\"wp-block-separator has-alpha-channel-opacity\"\/>\n\n\n\n<h2 class=\"wp-block-heading\">Buscamos este lugar #156:<\/h2>\n\n\n\n<p>La monta\u00f1a que buscamos esta semana es muy especial, qu\u00e9 os voy a contar de ella a los qu\u00e9 nos segu\u00eds desde Navarra, que seguro que la hab\u00e9is adivinado nada m\u00e1s verla.<\/p>\n\n\n\n<p>\u00bfQue por qu\u00e9 es tan especial? Pues por muchas razones y aunque seguramente cada uno teng\u00e1is vuestra propia monta\u00f1a, vuestras historias, \u00e9sta a nosotros nos evoca a otros tiempos, de cuando viajar al Pirineo, aunque solo fuesen 100 km, era toda una aventura.<\/p>\n\n\n\n<ol class=\"wp-block-list\">\n<div class=\"wp-block-media-text alignwide is-stacked-on-mobile is-vertically-aligned-top\" style=\"grid-template-columns:40% auto\"><figure class=\"wp-block-media-text__media\"><img loading=\"lazy\" decoding=\"async\" width=\"1024\" height=\"682\" src=\"https:\/\/travesiapirenaica.com\/wp-content\/uploads\/2024\/09\/lugar156-1024x682.jpg\" alt=\"\" class=\"wp-image-44542 size-full\" srcset=\"https:\/\/travesiapirenaica.com\/wp-content\/uploads\/2024\/09\/lugar156-1024x682.jpg 1024w, https:\/\/travesiapirenaica.com\/wp-content\/uploads\/2024\/09\/lugar156-300x200.jpg 300w, https:\/\/travesiapirenaica.com\/wp-content\/uploads\/2024\/09\/lugar156-768x512.jpg 768w, https:\/\/travesiapirenaica.com\/wp-content\/uploads\/2024\/09\/lugar156-18x12.jpg 18w, https:\/\/travesiapirenaica.com\/wp-content\/uploads\/2024\/09\/lugar156-600x400.jpg 600w, https:\/\/travesiapirenaica.com\/wp-content\/uploads\/2024\/09\/lugar156-150x100.jpg 150w, https:\/\/travesiapirenaica.com\/wp-content\/uploads\/2024\/09\/lugar156.jpg 1280w\" sizes=\"auto, (max-width: 1024px) 100vw, 1024px\" \/><\/figure><div class=\"wp-block-media-text__content\">\n<h4 class=\"wp-block-heading\">Pistas:<\/h4>\n\n\n\n<ol class=\"wp-block-list\">\n<li>Seg\u00fan se cuenta, anta\u00f1o se reun\u00edan los monarcas de los tres reinos que aqu\u00ed confluyen para discutir los problemas.<\/li>\n\n\n\n<li>Antes no tanto, pero ahora, la ruta m\u00e1s utilizada es la que discurre por territorio aragon\u00e9s.<\/li>\n\n\n\n<li>Aunque&nbsp; tenga nombre de mueble, nada que ver.<\/li>\n<\/ol>\n<\/div><\/div>\n<\/ol>\n\n\n\n<p><strong>Soluci\u00f3n:<\/strong><\/p>\n\n\n\n<p>Estaba clar\u00edsimo o no, la monta\u00f1a m\u00e1s alta de Navarra con 2.444 metros de altura, la Mesa de los Tres Reyes (castellano), Table des Trois Rois (franc\u00e9s), Hiru Erregeen Mahaia (euskera), Iror Errege Maia (euskera roncal\u00e9s), Meseta d\u2019os Tres Reis (aragon\u00e9s), o Tabla d\u2019eths tros Rouyes (occitano bearn\u00e9s).<\/p>\n\n\n\n<p>Su nombre hace referencia a que en ella conflu\u00edan los reinos de Navarra, Arag\u00f3n y el vizcondado de Bearn, sin embargo, esto no es del todo cierto ya que la cima es compartida entre Navarra y Arag\u00f3n y el verdadero punto en el que confluye con el Bearn, estar\u00eda situado en la antecima situada al Este (esa planicie inclinada que se ve en la foto a la derecha del pico), en La Table (2.421m), como aparece recogida en los mapas del IGN franc\u00e9s y en los cuales, se reserva el nombre de Pico de los Tres Reyes para la verdadera cima. En cualquier caso, el t\u00e9rmino mesa har\u00eda referencia a meseta, como recoge el nombre aragon\u00e9s y no a lo que estabas pensando.<\/p>\n\n\n\n<p>En el plano monta\u00f1ero, la ruta m\u00e1s habitual para alcanzar su cima es con diferencia la que parte de Linza (Arag\u00f3n), la m\u00e1s sencilla de todas y para nuestro gusto, la m\u00e1s fea. Para el que quiera enfrentarse a este pico desde abajo, preferimos recomendar la que parte desde el Rinc\u00f3n de Belagua (Navarra) o la que sube desde el valle de Lesc\u00fan (Francia), que es la que tiene los paisajes m\u00e1s alpinos. Otra ruta con mucha solera es la que parte del refugio de Belagua y que en otro tiempo fue mucho m\u00e1s popular.<\/p>\n\n\n\n<p><\/p>\n\n\n\n<hr class=\"wp-block-separator has-alpha-channel-opacity\"\/>\n\n\n\n<h2 class=\"wp-block-heading\">Buscamos este lugar #157:<\/h2>\n\n\n\n<p>Cima!! Un gran hito corona la cumbre, el tiempo es bueno y a\u00fan es bastante pronto. Est\u00e1 decidido, tambi\u00e9n subiremos al pico de en frente, aquel de la gran brecha, el m\u00e1s alto de los de por aqu\u00ed. \u00bfSabes cu\u00e1l es el pico del fondo y desde donde est\u00e1 tomada la fotograf\u00eda? \u00bfno? Vamos con alguna pista.<\/p>\n\n\n\n<ol class=\"wp-block-list\">\n<div class=\"wp-block-media-text alignwide is-stacked-on-mobile is-vertically-aligned-top\" style=\"grid-template-columns:40% auto\"><figure class=\"wp-block-media-text__media\"><img loading=\"lazy\" decoding=\"async\" width=\"1024\" height=\"682\" src=\"https:\/\/travesiapirenaica.com\/wp-content\/uploads\/2024\/10\/lugar157-1024x682.jpg\" alt=\"\" class=\"wp-image-44644 size-full\" srcset=\"https:\/\/travesiapirenaica.com\/wp-content\/uploads\/2024\/10\/lugar157-1024x682.jpg 1024w, https:\/\/travesiapirenaica.com\/wp-content\/uploads\/2024\/10\/lugar157-300x200.jpg 300w, https:\/\/travesiapirenaica.com\/wp-content\/uploads\/2024\/10\/lugar157-768x512.jpg 768w, https:\/\/travesiapirenaica.com\/wp-content\/uploads\/2024\/10\/lugar157-18x12.jpg 18w, https:\/\/travesiapirenaica.com\/wp-content\/uploads\/2024\/10\/lugar157-600x400.jpg 600w, https:\/\/travesiapirenaica.com\/wp-content\/uploads\/2024\/10\/lugar157-150x100.jpg 150w, https:\/\/travesiapirenaica.com\/wp-content\/uploads\/2024\/10\/lugar157.jpg 1280w\" sizes=\"auto, (max-width: 1024px) 100vw, 1024px\" \/><\/figure><div class=\"wp-block-media-text__content\">\n<h4 class=\"wp-block-heading\">Pistas:<\/h4>\n\n\n\n<ol class=\"wp-block-list\">\n<li>Este lugar se encuentra en el l\u00edmite del Parque Nacional de Aig\u00fcestortes i Estany de Sant Maurici.<\/li>\n\n\n\n<li>El pico del fondo cuenta con una cima doble, siendo la m\u00e1s alta la occidental, la que la FEEC ha seleccionado para su reto de las \u201c100 Cims\u201d.<\/li>\n\n\n\n<li>La cresta que vemos de frente, por donde discurre la ruta normal, marca la divisoria entre la cuenca atl\u00e1ntica y la mediterr\u00e1nea.<\/li>\n<\/ol>\n<\/div><\/div>\n<\/ol>\n\n\n\n<p><strong>Soluci\u00f3n:<\/strong><\/p>\n\n\n\n<p>Se trataba de los Pics de Bassiero (2.904m) vistos desde el Pic d\u2019Amitges (2.848m). Los Pics de Bassiero son una monta\u00f1a de doble cima separada por una brecha (F), m\u00e1s peligrosa que dif\u00edcil por lo descompuesto del terreno. Quien quiera hacer la doble cumbre tendr\u00e1 que pasar dos veces este paso, ya que las rutas normales bajan cada una a vertientes diferentes. La cima oriental o Punta Gourdon (2.897m) se sube desde el valle de Ar\u00e1n, habitualmente desde el parking de la Pe\u00fclla; mientras que la cima occidental o Punta Brulle (2.903m) se sube habitualmente desde el Estany de Sant Maurici pasando por el refugio d\u2019Amitges.<\/p>\n\n\n\n<p><\/p>\n\n\n\n<hr class=\"wp-block-separator has-alpha-channel-opacity\"\/>\n\n\n\n<h2 class=\"wp-block-heading\">Buscamos este lugar #158:<\/h2>\n\n\n\n<p>Roca y piedra suelta, a m\u00e1s de 3.000 metros no hay espacio para la vida. \u00bfSabes de qu\u00e9 lugar se trata?<\/p>\n\n\n\n<ol class=\"wp-block-list\">\n<div class=\"wp-block-media-text alignwide is-stacked-on-mobile is-vertically-aligned-top\" style=\"grid-template-columns:40% auto\"><figure class=\"wp-block-media-text__media\"><img loading=\"lazy\" decoding=\"async\" width=\"1024\" height=\"682\" src=\"https:\/\/travesiapirenaica.com\/wp-content\/uploads\/2024\/10\/lugar158-1024x682.jpg\" alt=\"\" class=\"wp-image-44643 size-full\" srcset=\"https:\/\/travesiapirenaica.com\/wp-content\/uploads\/2024\/10\/lugar158-1024x682.jpg 1024w, https:\/\/travesiapirenaica.com\/wp-content\/uploads\/2024\/10\/lugar158-300x200.jpg 300w, https:\/\/travesiapirenaica.com\/wp-content\/uploads\/2024\/10\/lugar158-768x512.jpg 768w, https:\/\/travesiapirenaica.com\/wp-content\/uploads\/2024\/10\/lugar158-18x12.jpg 18w, https:\/\/travesiapirenaica.com\/wp-content\/uploads\/2024\/10\/lugar158-600x400.jpg 600w, https:\/\/travesiapirenaica.com\/wp-content\/uploads\/2024\/10\/lugar158-150x100.jpg 150w, https:\/\/travesiapirenaica.com\/wp-content\/uploads\/2024\/10\/lugar158.jpg 1280w\" sizes=\"auto, (max-width: 1024px) 100vw, 1024px\" \/><\/figure><div class=\"wp-block-media-text__content\">\n<h4 class=\"wp-block-heading\">Pistas:<\/h4>\n\n\n\n<ol class=\"wp-block-list\">\n<li>El crester\u00edo que tenemos delante cuenta con dos cimas de m\u00e1s de 3.000 metros seg\u00fan el criterio de Buyse.<\/li>\n\n\n\n<li>Al fondo se adivinan algunos picos como el Otal, Tende\u00f1era, Collarada, Garmo Negro, Infiernos, Balait\u00fas y tantos otros m\u00e1s.<\/li>\n\n\n\n<li>Son los dos tresmiles m\u00e1s occidentales de este sector.<\/li>\n<\/ol>\n<\/div><\/div>\n<\/ol>\n\n\n\n<p><strong>Soluci\u00f3n:<\/strong><\/p>\n\n\n\n<p>Se trataba de los Gabietos, el Gabieto Occidental o Sur (3.035m) y el Gabieto Oriental o Norte (3.031m). Habitualmente, la subida a los Gabietos se suele combinar con el Taill\u00f3n cuando se sube desde la pradera de Ordesa (F), o desde el col de Tentes o desde Bujaruelo por la arista suroeste (PD-). De esta \u00faltima ruta, una recomendaci\u00f3n, no la subestim\u00e9is. La trepada es larga y en algunas zonas expuesta. Yo dir\u00eda que por ah\u00ed hay rutas de PD+ bastante m\u00e1s asequibles que esta.<\/p>\n\n\n\n<p><\/p>\n\n\n\n<hr class=\"wp-block-separator has-alpha-channel-opacity\"\/>\n\n\n\n<h2 class=\"wp-block-heading\">Buscamos este lugar #159:<\/h2>\n\n\n\n<p>El enorme glaciar que debi\u00f3 de originar este gran valle, ha modelado un macizo que suele compararse por su forma a una herradura. \u00bfConoces esta monta\u00f1a? \u00bfy el nombre de este valle?<\/p>\n\n\n\n<ol class=\"wp-block-list\">\n<div class=\"wp-block-media-text alignwide is-stacked-on-mobile is-vertically-aligned-top\" style=\"grid-template-columns:40% auto\"><figure class=\"wp-block-media-text__media\"><img loading=\"lazy\" decoding=\"async\" width=\"1024\" height=\"682\" src=\"https:\/\/travesiapirenaica.com\/wp-content\/uploads\/2022\/01\/lugar159-1024x682.jpg\" alt=\"\" class=\"wp-image-45760 size-full\" srcset=\"https:\/\/travesiapirenaica.com\/wp-content\/uploads\/2022\/01\/lugar159-1024x682.jpg 1024w, https:\/\/travesiapirenaica.com\/wp-content\/uploads\/2022\/01\/lugar159-300x200.jpg 300w, https:\/\/travesiapirenaica.com\/wp-content\/uploads\/2022\/01\/lugar159-768x512.jpg 768w, https:\/\/travesiapirenaica.com\/wp-content\/uploads\/2022\/01\/lugar159-18x12.jpg 18w, https:\/\/travesiapirenaica.com\/wp-content\/uploads\/2022\/01\/lugar159-600x400.jpg 600w, https:\/\/travesiapirenaica.com\/wp-content\/uploads\/2022\/01\/lugar159-150x100.jpg 150w, https:\/\/travesiapirenaica.com\/wp-content\/uploads\/2022\/01\/lugar159.jpg 1280w\" sizes=\"auto, (max-width: 1024px) 100vw, 1024px\" \/><\/figure><div class=\"wp-block-media-text__content\">\n<h4 class=\"wp-block-heading\">Pistas:<\/h4>\n\n\n\n<ol class=\"wp-block-list\">\n<li>Su posici\u00f3n aislada al sur del eje pirenaico, hacen visible a esta monta\u00f1a a cientos de kil\u00f3metros hacia ese lado.<\/li>\n\n\n\n<li>Si hacia el interior forma un gran valle, hacia el exterior presenta farallones de 500 metros.<\/li>\n\n\n\n<li>Aqu\u00ed encall\u00f3 el Arca de No\u00e9, se celebraban aquelarres todos los viernes, habita(ba) un drag\u00f3n, un gigante, es el lugar donde se originan todas las tormentas\u2026<\/li>\n<\/ol>\n<\/div><\/div>\n<\/ol>\n\n\n\n<p><strong>Soluci\u00f3n:<\/strong><\/p>\n\n\n\n<p>Se trata del valle de la Coma de San Adrian, en el macizo del Turb\u00f3n. Una de las monta\u00f1as m\u00e1s prominentes de la pen\u00ednsula ib\u00e9rica y uno de los mejores miradores de la cordillera debido a su posici\u00f3n aislada y alejada del eje pirenaico.<\/p>\n\n\n\n<p>Como suele pasar con otras monta\u00f1as singulares, el Turb\u00f3n ha sido objeto de numerosas leyendas. Seg\u00fan se cuenta, todos los viernes del a\u00f1o, las brujas del pa\u00eds se reun\u00edan aqu\u00ed para celebrar sus aquelarres y adorar al maligno en forma de macho cabr\u00edo. Tambi\u00e9n se dice que, tras retirarse las aguas del diluvio universal, el Arca de No\u00e9 encall\u00f3 en este lugar a lo cual exclam\u00f3 \u201cYa turba l\u2019arca\u201d y de ah\u00ed lo de Turb\u00f3n. Otra de las leyendas cuenta que los dioses pirenaicos eligieron este lugar para construir su fragua, una fragua que produce todos los rayos de las tormentas. Tambi\u00e9n, que hab\u00eda un drag\u00f3n que diezmaba los ganados y que ahora duerme escondido en una cueva, y hasta hay quien ha visto a un gigante, el Ome Granizo, que con sus soplidos provocaba fuertes vendavales.<\/p>\n\n\n\n<p><\/p>\n\n\n\n<hr class=\"wp-block-separator has-alpha-channel-opacity\"\/>\n\n\n\n<h2 class=\"wp-block-heading\">Buscamos este lugar #160:<\/h2>\n\n\n\n<p>\u00bfOs suenan estas agujas? seguro que muchos de vosotros tambi\u00e9n las hab\u00e9is fotografiado alguna vez, subirlas, ya es otra cosa.<\/p>\n\n\n\n<ol class=\"wp-block-list\">\n<div class=\"wp-block-media-text alignwide is-stacked-on-mobile is-vertically-aligned-top\" style=\"grid-template-columns:40% auto\"><figure class=\"wp-block-media-text__media\"><img loading=\"lazy\" decoding=\"async\" width=\"1024\" height=\"683\" src=\"https:\/\/travesiapirenaica.com\/wp-content\/uploads\/2024\/10\/lugar160-1024x683.jpg\" alt=\"\" class=\"wp-image-44822 size-full\" srcset=\"https:\/\/travesiapirenaica.com\/wp-content\/uploads\/2024\/10\/lugar160-1024x683.jpg 1024w, https:\/\/travesiapirenaica.com\/wp-content\/uploads\/2024\/10\/lugar160-300x200.jpg 300w, https:\/\/travesiapirenaica.com\/wp-content\/uploads\/2024\/10\/lugar160-768x512.jpg 768w, https:\/\/travesiapirenaica.com\/wp-content\/uploads\/2024\/10\/lugar160-18x12.jpg 18w, https:\/\/travesiapirenaica.com\/wp-content\/uploads\/2024\/10\/lugar160-600x400.jpg 600w, https:\/\/travesiapirenaica.com\/wp-content\/uploads\/2024\/10\/lugar160-150x100.jpg 150w, https:\/\/travesiapirenaica.com\/wp-content\/uploads\/2024\/10\/lugar160.jpg 1280w\" sizes=\"auto, (max-width: 1024px) 100vw, 1024px\" \/><\/figure><div class=\"wp-block-media-text__content\">\n<h4 class=\"wp-block-heading\">Pistas:<\/h4>\n\n\n\n<ol class=\"wp-block-list\">\n<li>Subiendo o bajando este valle, la presencia de estas singulares agujas no pasa inadvertida.<\/li>\n\n\n\n<li>Hace tiempo, el GR11 pasaba por el valle desde donde est\u00e1 tomada la fotograf\u00eda.<\/li>\n\n\n\n<li>Est\u00e1n en el Pirineo aragon\u00e9s.<\/li>\n<\/ol>\n<\/div><\/div>\n<\/ol>\n\n\n\n<p><strong>Soluci\u00f3n:<\/strong><\/p>\n\n\n\n<p>Se trataba del Campanal de Izas (2.268m), la m\u00e1s puntiaguda de esta serie de curiosas formaciones al norte de la Pala de Ip, en la Canal de Izas. Pese a ser unas agujas muy visibles y fotografiadas, la primera ascensi\u00f3n no tuvo lugar hasta 1963 por I. Falo, J. Mustienes y A. Vicente.<\/p>\n\n\n\n<p><\/p>\n\n\n\n<hr class=\"wp-block-separator has-alpha-channel-opacity\"\/>\n\n\n\n<h2 class=\"wp-block-heading\">Buscamos este lugar #161:<\/h2>\n\n\n\n<p>Este valle situado en el coraz\u00f3n del Pirineo central no tiene la fama de sus vecinos, sin embargo, est\u00e1 repleto de tresmiles y de lagos, como este de la fotograf\u00eda \u00bfsabr\u00edas decirnos su nombre y cu\u00e1les son los 3 picos que sobresalen por detr\u00e1s?<\/p>\n\n\n\n<ol class=\"wp-block-list\">\n<div class=\"wp-block-media-text alignwide is-stacked-on-mobile is-vertically-aligned-top\" style=\"grid-template-columns:40% auto\"><figure class=\"wp-block-media-text__media\"><img loading=\"lazy\" decoding=\"async\" width=\"1024\" height=\"682\" src=\"https:\/\/travesiapirenaica.com\/wp-content\/uploads\/2024\/10\/lugar161-1024x682.jpg\" alt=\"\" class=\"wp-image-44820 size-full\" srcset=\"https:\/\/travesiapirenaica.com\/wp-content\/uploads\/2024\/10\/lugar161-1024x682.jpg 1024w, https:\/\/travesiapirenaica.com\/wp-content\/uploads\/2024\/10\/lugar161-300x200.jpg 300w, https:\/\/travesiapirenaica.com\/wp-content\/uploads\/2024\/10\/lugar161-768x512.jpg 768w, https:\/\/travesiapirenaica.com\/wp-content\/uploads\/2024\/10\/lugar161-18x12.jpg 18w, https:\/\/travesiapirenaica.com\/wp-content\/uploads\/2024\/10\/lugar161-600x400.jpg 600w, https:\/\/travesiapirenaica.com\/wp-content\/uploads\/2024\/10\/lugar161-150x100.jpg 150w, https:\/\/travesiapirenaica.com\/wp-content\/uploads\/2024\/10\/lugar161.jpg 1280w\" sizes=\"auto, (max-width: 1024px) 100vw, 1024px\" \/><\/figure><div class=\"wp-block-media-text__content\">\n<h4 class=\"wp-block-heading\">Pistas:<\/h4>\n\n\n\n<ol class=\"wp-block-list\">\n<li>De los tres picos, dos son \u201c3.000\u201d y el tercero un \u201c2.900\u201d.<\/li>\n\n\n\n<li>Si quer\u00e9is visitar este y otros ibones, os recomendamos realizar la ruta circular que sigue en parte una de las variantes del GR11.<\/li>\n\n\n\n<li>De los cuatro ibones que visita esa ruta, este, a m\u00e1s de 2.500 metros de altura, es el m\u00e1s elevado de todos ellos.<\/li>\n<\/ol>\n<\/div><\/div>\n<\/ol>\n\n\n\n<p><strong>Soluci\u00f3n:<\/strong><\/p>\n\n\n\n<p>Se trataba del ib\u00f3n d\u2019es Leners o de Len\u00e9s con los Eristes Norte (3.031m) y Central (3.056m) y el pico del Sen (2.949m) de fondo. Los Eristes, tambi\u00e9n llamados picos de Bag\u00fce\u00f1ola, reciben el nombre de Eriste por la poblaci\u00f3n que se encuentra debajo en el valle de Benasque, aunque en este caso, la foto no est\u00e1 tomada desde ese valle sino desde el de Gista\u00edn o Chistau.<\/p>\n\n\n\n<p>En cualquier caso, si quer\u00e9is visitar este lugar, os recomendamos esta <a href=\"https:\/\/travesiapirenaica.com\/ibones-pixon-luzeros-leners-millars\/\">ruta circular a los ibones de Pix\u00f3n, Solana\/Luzeros, Leners y Millars<\/a>, muy TOP.<\/p>\n\n\n\n<p><\/p>\n\n\n\n<hr class=\"wp-block-separator has-alpha-channel-opacity\"\/>\n\n\n\n<h2 class=\"wp-block-heading\">Buscamos este lugar #162:<\/h2>\n\n\n\n<p>Las vistas desde este pico hacia los primeros tresmiles pirenaicos son impresionantes. \u00bfSabr\u00edas decirnos desde d\u00f3nde est\u00e1 tomada la fotograf\u00eda y cu\u00e1les son los 5 tresmiles que aparecen en primer plano?<\/p>\n\n\n\n<ol class=\"wp-block-list\">\n<div class=\"wp-block-media-text alignwide is-stacked-on-mobile is-vertically-aligned-top\" style=\"grid-template-columns:40% auto\"><figure class=\"wp-block-media-text__media\"><img loading=\"lazy\" decoding=\"async\" width=\"1024\" height=\"682\" src=\"https:\/\/travesiapirenaica.com\/wp-content\/uploads\/2024\/10\/lugar162-1024x682.jpg\" alt=\"\" class=\"wp-image-44847 size-full\" srcset=\"https:\/\/travesiapirenaica.com\/wp-content\/uploads\/2024\/10\/lugar162-1024x682.jpg 1024w, https:\/\/travesiapirenaica.com\/wp-content\/uploads\/2024\/10\/lugar162-300x200.jpg 300w, https:\/\/travesiapirenaica.com\/wp-content\/uploads\/2024\/10\/lugar162-768x512.jpg 768w, https:\/\/travesiapirenaica.com\/wp-content\/uploads\/2024\/10\/lugar162-18x12.jpg 18w, https:\/\/travesiapirenaica.com\/wp-content\/uploads\/2024\/10\/lugar162-600x400.jpg 600w, https:\/\/travesiapirenaica.com\/wp-content\/uploads\/2024\/10\/lugar162-150x100.jpg 150w, https:\/\/travesiapirenaica.com\/wp-content\/uploads\/2024\/10\/lugar162.jpg 1280w\" sizes=\"auto, (max-width: 1024px) 100vw, 1024px\" \/><\/figure><div class=\"wp-block-media-text__content\">\n<h4 class=\"wp-block-heading\">Pistas:<\/h4>\n\n\n\n<ol class=\"wp-block-list\">\n<li>El macizo que tenemos delante es el primero en superar la barrera de los 3.000 metros viniendo desde el Cant\u00e1brico.<\/li>\n\n\n\n<li>El pico desde donde est\u00e1 tomada la fotograf\u00eda no llega a esa cifra por muy poco.<\/li>\n\n\n\n<li>La primera ascensi\u00f3n a la cumbre del macizo que tenemos delante tuvo lugar en 1825 por los geodestas Peytier y Hossard, hoy, una antecima situada en la vertiente norte recuerda el nombre de estos pioneros.<\/li>\n<\/ol>\n<\/div><\/div>\n<\/ol>\n\n\n\n<p><strong>Soluci\u00f3n:<\/strong><\/p>\n\n\n\n<p>Se trataba del macizo del Balaitous visto desde el pico Palas (2.974m). Los nombres de los 5 tresmiles los pod\u00e9is ver en la siguiente fotograf\u00eda, si bien, por cuesti\u00f3n de espacio no hemos incluido la doble denominaci\u00f3n de algunos picos. Ser\u00edan las siguientes: 1) Balaitous o Pico Moros, 2) Aguja Cadier o Punta dera Breca, 3) Frondella Norte, 4) Pico de la Frondella o Punta Alta deras Frondiellas, 5) Frondella Central. Adem\u00e1s, el crester\u00edo de las Frondellas se completar\u00eda con la Frondella Occidental (2.992m), considerada hace a\u00f1os en muchas publicaciones otro tresmil m\u00e1s.<\/p>\n\n\n\n<p><\/p>\n\n\n\n<hr class=\"wp-block-separator has-alpha-channel-opacity\"\/>\n\n\n\n<h2 class=\"wp-block-heading\">Buscamos este lugar #163:<\/h2>\n\n\n\n<p>El buscamos de esta semana, de la parte final de una conocida monta\u00f1a navarra, nos lo env\u00eda Lloren\u00e7 Pinsach. Vamos all\u00e1 con las pistas.<\/p>\n\n\n\n<ol class=\"wp-block-list\">\n<div class=\"wp-block-media-text alignwide is-stacked-on-mobile is-vertically-aligned-top\" style=\"grid-template-columns:40% auto\"><figure class=\"wp-block-media-text__media\"><img loading=\"lazy\" decoding=\"async\" width=\"1024\" height=\"680\" src=\"https:\/\/travesiapirenaica.com\/wp-content\/uploads\/2024\/11\/lugar163-1024x680.jpg\" alt=\"\" class=\"wp-image-44914 size-full\" srcset=\"https:\/\/travesiapirenaica.com\/wp-content\/uploads\/2024\/11\/lugar163-1024x680.jpg 1024w, https:\/\/travesiapirenaica.com\/wp-content\/uploads\/2024\/11\/lugar163-300x199.jpg 300w, https:\/\/travesiapirenaica.com\/wp-content\/uploads\/2024\/11\/lugar163-768x510.jpg 768w, https:\/\/travesiapirenaica.com\/wp-content\/uploads\/2024\/11\/lugar163-18x12.jpg 18w, https:\/\/travesiapirenaica.com\/wp-content\/uploads\/2024\/11\/lugar163-600x398.jpg 600w, https:\/\/travesiapirenaica.com\/wp-content\/uploads\/2024\/11\/lugar163-150x100.jpg 150w, https:\/\/travesiapirenaica.com\/wp-content\/uploads\/2024\/11\/lugar163.jpg 1280w\" sizes=\"auto, (max-width: 1024px) 100vw, 1024px\" \/><\/figure><div class=\"wp-block-media-text__content\">\n<h4 class=\"wp-block-heading\">Pistas:<\/h4>\n\n\n\n<ol class=\"wp-block-list\">\n<li>Se trata&nbsp;de una monta\u00f1a popular del Pirineo Navarro. Por el sur domina el valle de Malerreka y de poblaciones como&nbsp;Zubieta, Ituren, Elgorriaga y Doneztebe; por el norte la vista abarca el Baztan y el Cant\u00e1brico oriental.<\/li>\n\n\n\n<li>En su cima se erige la Ermita de la Trinidad.<\/li>\n\n\n\n<li>Aunque modesta, desde el valle hay un marcado desnivel a salvar.<\/li>\n<\/ol>\n<\/div><\/div>\n<\/ol>\n\n\n\n<p><strong>Soluci\u00f3n:<\/strong><\/p>\n\n\n\n<p>La fotograf\u00eda es del Mendaur (1.131m), en la zona atl\u00e1ntica de Navarra. Aunque sin duda se trata de una monta\u00f1a de altura muy modesta, la cercan\u00eda al mar Cant\u00e1brico hace que encontremos desniveles de 900 a 1000 metros en cualquiera de sus rutas normales. En su cumbre existe una ermita dedicada a la Trinidad del a\u00f1o 1963, edificada sobre la anterior del a\u00f1o 1693, que se gana tras superar 60 escalones.<\/p>\n\n\n\n<p><\/p>\n\n\n\n<hr class=\"wp-block-separator has-alpha-channel-opacity\"\/>\n\n\n\n<h2 class=\"wp-block-heading\">Buscamos este lugar #164:<\/h2>\n\n\n\n<p>M\u00e1s que un balneario, este imponente edificio neocl\u00e1sico parece una fortaleza sacada de alguna pel\u00edcula de Indiana Jones o de James Bond. \u00bfSabr\u00edas decirnos de qu\u00e9 lugar se trata?<\/p>\n\n\n\n<ol class=\"wp-block-list\">\n<div class=\"wp-block-media-text alignwide is-stacked-on-mobile is-vertically-aligned-top\" style=\"grid-template-columns:40% auto\"><figure class=\"wp-block-media-text__media\"><img loading=\"lazy\" decoding=\"async\" width=\"1024\" height=\"682\" src=\"https:\/\/travesiapirenaica.com\/wp-content\/uploads\/2024\/11\/lugar164-1024x682.jpg\" alt=\"\" class=\"wp-image-45072 size-full\" srcset=\"https:\/\/travesiapirenaica.com\/wp-content\/uploads\/2024\/11\/lugar164-1024x682.jpg 1024w, https:\/\/travesiapirenaica.com\/wp-content\/uploads\/2024\/11\/lugar164-300x200.jpg 300w, https:\/\/travesiapirenaica.com\/wp-content\/uploads\/2024\/11\/lugar164-768x512.jpg 768w, https:\/\/travesiapirenaica.com\/wp-content\/uploads\/2024\/11\/lugar164-18x12.jpg 18w, https:\/\/travesiapirenaica.com\/wp-content\/uploads\/2024\/11\/lugar164-600x400.jpg 600w, https:\/\/travesiapirenaica.com\/wp-content\/uploads\/2024\/11\/lugar164-150x100.jpg 150w, https:\/\/travesiapirenaica.com\/wp-content\/uploads\/2024\/11\/lugar164.jpg 1280w\" sizes=\"auto, (max-width: 1024px) 100vw, 1024px\" \/><\/figure><div class=\"wp-block-media-text__content\">\n<h4 class=\"wp-block-heading\">Pistas:<\/h4>\n\n\n\n<ol class=\"wp-block-list\">\n<li>Desde que en 2.019 el balneario echara su cierre, el deterioro del edificio es imparable.<\/li>\n\n\n\n<li>Una peque\u00f1a carretera accede hasta los 1.720 metros de altura en que se encuentra, el que en su d\u00eda fue el balneario m\u00e1s alto de Espa\u00f1a.<\/li>\n\n\n\n<li>Una variante del GR11 pasa por este lugar.<\/li>\n<\/ol>\n<\/div><\/div>\n<\/ol>\n\n\n\n<p><strong>Soluci\u00f3n:<\/strong><\/p>\n\n\n\n<p>Se trataba de los Ba\u00f1os de Benasque, situados en la margen izquierda de este valle a 11 km de dicha localidad. Sin entrar en mucho detalle, aqu\u00ed van cuatro pinceladas hist\u00f3ricas: las primeras referencias del uso terap\u00e9utico de sus aguas datan del a\u00f1o 1522 a cargo del boticario de Benasque Francisco Frigoiti; en 1801, el benasqu\u00e9s y ministro de Guerra Antonio Cornel, mand\u00f3 construir una casa que posteriormente ser\u00eda mejorada; durante la Guerra Civil las instalaciones fueron quemadas y reconstruidas y modernizadas al final de la contienda; en 2019 los ba\u00f1os echaron el cierre. Y una curiosidad, la leyenda aconseja que nadie se ba\u00f1e en estas aguas m\u00e1s de nueve veces si no quiere exponerse al maleficio de los diablos que se encuentran encarcelados en esta cueva y que son la raz\u00f3n por la que el agua sale a 37\u00baC.<\/p>\n\n\n\n<p><\/p>\n\n\n\n<hr class=\"wp-block-separator has-alpha-channel-opacity\"\/>\n\n\n\n<h2 class=\"wp-block-heading\">Buscamos este lugar #165:<\/h2>\n\n\n\n<p>De oto\u00f1o a primavera, cuando muchos torrentes que acostumbran a estar secos despiertan de su letargo estival, es el mejor momento para visitar las cascadas, a\u00fan mejor, tras fuertes lluvias. No te lo pienses m\u00e1s, coge tus botas de goma y el impermeable que nos vamos a\u2026<\/p>\n\n\n\n<ol class=\"wp-block-list\">\n<div class=\"wp-block-media-text alignwide is-stacked-on-mobile is-vertically-aligned-top\" style=\"grid-template-columns:40% auto\"><figure class=\"wp-block-media-text__media\"><img loading=\"lazy\" decoding=\"async\" width=\"1024\" height=\"682\" src=\"https:\/\/travesiapirenaica.com\/wp-content\/uploads\/2024\/11\/lugar165-1024x682.jpg\" alt=\"\" class=\"wp-image-45122 size-full\" srcset=\"https:\/\/travesiapirenaica.com\/wp-content\/uploads\/2024\/11\/lugar165-1024x682.jpg 1024w, https:\/\/travesiapirenaica.com\/wp-content\/uploads\/2024\/11\/lugar165-300x200.jpg 300w, https:\/\/travesiapirenaica.com\/wp-content\/uploads\/2024\/11\/lugar165-768x512.jpg 768w, https:\/\/travesiapirenaica.com\/wp-content\/uploads\/2024\/11\/lugar165-18x12.jpg 18w, https:\/\/travesiapirenaica.com\/wp-content\/uploads\/2024\/11\/lugar165-600x400.jpg 600w, https:\/\/travesiapirenaica.com\/wp-content\/uploads\/2024\/11\/lugar165-150x100.jpg 150w, https:\/\/travesiapirenaica.com\/wp-content\/uploads\/2024\/11\/lugar165.jpg 1280w\" sizes=\"auto, (max-width: 1024px) 100vw, 1024px\" \/><\/figure><div class=\"wp-block-media-text__content\">\n<h4 class=\"wp-block-heading\">Pistas:<\/h4>\n\n\n\n<ol class=\"wp-block-list\">\n<li>Al valle de Salazar, en Navarra.<\/li>\n\n\n\n<li>A uno de esos valles olvidados que van quedando a un lado y otro, cuando vamos con el coche al Pirineo.<\/li>\n\n\n\n<li>Desde la ermita o desde el pueblo anterior, el de la gasolinera, parte una peque\u00f1a ruta de hora y media, ideal para visitar este apartado rinc\u00f3n.<\/li>\n<\/ol>\n<\/div><\/div>\n<\/ol>\n\n\n\n<p><strong>Soluci\u00f3n:<\/strong><\/p>\n\n\n\n<p>Se trataba de la cascada de Orkatua, situada en el barranco de Azurre, un afluente del r\u00edo Salazar a medio camino entre las localidades de Oronz y Ezc\u00e1roz. De esta cascada destaca su gran toba calc\u00e1rea, un tipo de roca formada por la precipitaci\u00f3n de carbonato c\u00e1lcico, frecuentemente sobre vegetales vivos como musgos, ramas, etc. que le confiere un aspecto de fragilidad.<\/p>\n\n\n\n<p>Si quer\u00e9is visitarla, desde Oronz parte un sendero local de 6,7 kil\u00f3metros que pasa por la ermita de San Pedro y asciende el barranco de Azurre hasta la cascada. El regreso se realiza por el camino de Iturrotza, quedando una ruta totalmente circular.<\/p>\n\n\n\n<p><\/p>\n\n\n\n<hr class=\"wp-block-separator has-alpha-channel-opacity\"\/>\n\n\n\n<h2 class=\"wp-block-heading\">Buscamos este lugar #166:<\/h2>\n\n\n\n<p>Esta semana, d\u00e1ndole vueltas al concurso de microrrelatos, se me ha venido a la cabeza aquella noche de invierno en este refugio \u00bflo reconoces? Nada especial, sopa para cenar, partida de cartas, risas, arreglar el mundo, estudiar la ruta del d\u00eda siguiente, silencio, tiempo para pensar, para leer, para escribir\u2026 Esas cosas que solemos hacer en los refugios, verdaderos templos del monta\u00f1ismo.<\/p>\n\n\n\n<ol class=\"wp-block-list\">\n<div class=\"wp-block-media-text alignwide is-stacked-on-mobile is-vertically-aligned-top\" style=\"grid-template-columns:40% auto\"><figure class=\"wp-block-media-text__media\"><img loading=\"lazy\" decoding=\"async\" width=\"1024\" height=\"682\" src=\"https:\/\/travesiapirenaica.com\/wp-content\/uploads\/2024\/11\/517ef006-b991-429b-bf2a-9d144280b899_1280x853-1024x682.webp\" alt=\"\" class=\"wp-image-45454 size-full\" srcset=\"https:\/\/travesiapirenaica.com\/wp-content\/uploads\/2024\/11\/517ef006-b991-429b-bf2a-9d144280b899_1280x853-1024x682.webp 1024w, https:\/\/travesiapirenaica.com\/wp-content\/uploads\/2024\/11\/517ef006-b991-429b-bf2a-9d144280b899_1280x853-300x200.webp 300w, https:\/\/travesiapirenaica.com\/wp-content\/uploads\/2024\/11\/517ef006-b991-429b-bf2a-9d144280b899_1280x853-768x512.webp 768w, https:\/\/travesiapirenaica.com\/wp-content\/uploads\/2024\/11\/517ef006-b991-429b-bf2a-9d144280b899_1280x853-18x12.webp 18w, https:\/\/travesiapirenaica.com\/wp-content\/uploads\/2024\/11\/517ef006-b991-429b-bf2a-9d144280b899_1280x853-600x400.webp 600w, https:\/\/travesiapirenaica.com\/wp-content\/uploads\/2024\/11\/517ef006-b991-429b-bf2a-9d144280b899_1280x853-150x100.webp 150w, https:\/\/travesiapirenaica.com\/wp-content\/uploads\/2024\/11\/517ef006-b991-429b-bf2a-9d144280b899_1280x853.webp 1280w\" sizes=\"auto, (max-width: 1024px) 100vw, 1024px\" \/><\/figure><div class=\"wp-block-media-text__content\">\n<h4 class=\"wp-block-heading\">Pistas:<\/h4>\n\n\n\n<ol class=\"wp-block-list\">\n<li>Se encuentra en el valle de Chistau, en el parque natural Posets-Maladeta.<\/li>\n\n\n\n<li>Aunque est\u00e1 muy cerca de la pista que recorre el valle, su presencia pasa inadevertida en medio del bosque.<\/li>\n\n\n\n<li>En marzo de 2023, el equipo de <a href=\"https:\/\/www.instagram.com\/refugioslibresdignos?igsh=MWs5N2ZvOHdmYTZzcw==\" target=\"_blank\" rel=\"noopener\">#refugioslibresdignos<\/a> reacondicion\u00f3 este refugio. Gran trabajo!!<\/li>\n<\/ol>\n<\/div><\/div>\n<\/ol>\n\n\n\n<p><strong>Soluci\u00f3n:<\/strong><\/p>\n\n\n\n<p>Se trataba del refugio de Es Plans, uno de los mejores refugios libres del Pirineo. Se encuentra en el valle de Chistau, a la altura del campamento Virgen Blanca, pero al otro lado del r\u00edo. Consta de dos plantas. Una planta baja con una entradilla\/le\u00f1ero y una amplia estancia con una gran mesa, bancos y un caracter\u00edstico mural que le da un toque de color; y una segunda planta abuhardillada a la que se accede por una escalera de grapas, con suelo de madera y espacio para 15 o 20 personas.<\/p>\n\n\n\n<p><\/p>\n\n\n\n<hr class=\"wp-block-separator has-alpha-channel-opacity\"\/>\n\n\n\n<h2 class=\"wp-block-heading\">Buscamos este lugar #167:<\/h2>\n\n\n\n<p>Continuamos esta semana con otro refugio, uno muy caracter\u00edstico, pero esta vez, del Pirineo catal\u00e1n. \u00bfAdivin\u00e1is cual es? \u00bfno os recuerda mucho a otros 4 refugios muy cercanos?<\/p>\n\n\n\n<ol class=\"wp-block-list\">\n<div class=\"wp-block-media-text alignwide is-stacked-on-mobile is-vertically-aligned-top\" style=\"grid-template-columns:40% auto\"><figure class=\"wp-block-media-text__media\"><img loading=\"lazy\" decoding=\"async\" width=\"1024\" height=\"682\" src=\"https:\/\/travesiapirenaica.com\/wp-content\/uploads\/2024\/11\/lugar167-1024x682.jpg\" alt=\"\" class=\"wp-image-45452 size-full\" srcset=\"https:\/\/travesiapirenaica.com\/wp-content\/uploads\/2024\/11\/lugar167-1024x682.jpg 1024w, https:\/\/travesiapirenaica.com\/wp-content\/uploads\/2024\/11\/lugar167-300x200.jpg 300w, https:\/\/travesiapirenaica.com\/wp-content\/uploads\/2024\/11\/lugar167-768x512.jpg 768w, https:\/\/travesiapirenaica.com\/wp-content\/uploads\/2024\/11\/lugar167-18x12.jpg 18w, https:\/\/travesiapirenaica.com\/wp-content\/uploads\/2024\/11\/lugar167-600x400.jpg 600w, https:\/\/travesiapirenaica.com\/wp-content\/uploads\/2024\/11\/lugar167-150x100.jpg 150w, https:\/\/travesiapirenaica.com\/wp-content\/uploads\/2024\/11\/lugar167.jpg 1280w\" sizes=\"auto, (max-width: 1024px) 100vw, 1024px\" \/><\/figure><div class=\"wp-block-media-text__content\">\n<h4 class=\"wp-block-heading\">Pistas:<\/h4>\n\n\n\n<ol class=\"wp-block-list\">\n<li>Situado a 2.517 metros de altura, es uno de los refugios m\u00e1s altos del Pirineo.<\/li>\n\n\n\n<li>Se encuentra en un privilegiado entorno, rodeado de estanys y de picos que rondan los 2.900 metros.<\/li>\n\n\n\n<li>Est\u00e1 en la puerta de entrada al Principado de Andorra.<\/li>\n<\/ol>\n<\/div><\/div>\n<\/ol>\n\n\n\n<p><strong>Soluci\u00f3n:<\/strong><\/p>\n\n\n\n<p>Se trataba del refugio de Baiau o \u201cJosep Mar\u00eda Montfort\u201d. Est\u00e1 situado en el circo de Baiau, en la cabecera de la vall Ferrera, un lugar estrat\u00e9gico para los que vienen haciendo el GR11, justo antes\/despu\u00e9s del Port de Baiau (2.757m). Fue\/est\u00e1 concebido como refugio de emergencia, para cubrir \u00fanicamente situaciones imprevistas, donde los excursionistas necesiten cobijo por causas meteorol\u00f3gicas o problemas f\u00edsicos. Tiene capacidad para 9 personas y est\u00e1 equipado con colchonetas, emisora de emergencia y mantas. Inaugurado en el a\u00f1o 1981, fue construido por un grupo de voluntarios, miembros del comit\u00e9 de refugios de la FEEC, en el barrio de Sarria, en la calle Hort de la Vila. El refugio est\u00e1 apadrinado por el <a href=\"https:\/\/elsblaus.cat\/refugi-baiau\" target=\"_blank\" rel=\"noopener\">Centre Excursionista Els Blaus<\/a> desde el a\u00f1o 2015. Para acceder hasta el, seguiremos el GR11 <a href=\"https:\/\/travesiapirenaica.com\/gr11\/areu-baiau.php\">desde el Pla de la Molinassa<\/a> (3 horas) o <a href=\"https:\/\/travesiapirenaica.com\/gr11\/baiau-arans.php\">desde Arinsal<\/a> (4h30min), en la vertiente andorrana.&nbsp;<\/p>\n\n\n\n<p><\/p>\n\n\n\n<hr class=\"wp-block-separator has-alpha-channel-opacity\"\/>\n\n\n\n<h2 class=\"wp-block-heading\">Buscamos este lugar #168:<\/h2>\n\n\n\n<p>La ascensi\u00f3n de esta monta\u00f1a, en invierno o en verano, es una de esas cl\u00e1sicas que no pueden faltar.<\/p>\n\n\n\n<ol class=\"wp-block-list\">\n<div class=\"wp-block-media-text alignwide is-stacked-on-mobile is-vertically-aligned-top\" style=\"grid-template-columns:40% auto\"><figure class=\"wp-block-media-text__media\"><img loading=\"lazy\" decoding=\"async\" width=\"1024\" height=\"682\" src=\"https:\/\/travesiapirenaica.com\/wp-content\/uploads\/2024\/12\/lugar168-1024x682.jpg\" alt=\"\" class=\"wp-image-45610 size-full\" srcset=\"https:\/\/travesiapirenaica.com\/wp-content\/uploads\/2024\/12\/lugar168-1024x682.jpg 1024w, https:\/\/travesiapirenaica.com\/wp-content\/uploads\/2024\/12\/lugar168-300x200.jpg 300w, https:\/\/travesiapirenaica.com\/wp-content\/uploads\/2024\/12\/lugar168-768x512.jpg 768w, https:\/\/travesiapirenaica.com\/wp-content\/uploads\/2024\/12\/lugar168-18x12.jpg 18w, https:\/\/travesiapirenaica.com\/wp-content\/uploads\/2024\/12\/lugar168-600x400.jpg 600w, https:\/\/travesiapirenaica.com\/wp-content\/uploads\/2024\/12\/lugar168-150x100.jpg 150w, https:\/\/travesiapirenaica.com\/wp-content\/uploads\/2024\/12\/lugar168.jpg 1280w\" sizes=\"auto, (max-width: 1024px) 100vw, 1024px\" \/><\/figure><div class=\"wp-block-media-text__content\">\n<h4 class=\"wp-block-heading\">Pistas:<\/h4>\n\n\n\n<ol class=\"wp-block-list\">\n<li>Viniendo del Cant\u00e1brico no hay ninguna otra monta\u00f1a que la supere en altura.<\/li>\n\n\n\n<li>Cuando la nieve convierte en un merengue el \u201cglaciar\u201d petrificado que se extiende a sus pies, la ascensi\u00f3n con esqu\u00eds es una maravilla, pero ojo, bajo el manto blanco se ocultan grietas tan oscuras y profundas que parecen no tener fondo.<\/li>\n\n\n\n<li>Dentro de la mitolog\u00eda vasca su importancia era tal, que estos lo hab\u00edan convertido en su Olimpo y designaban con su nombre a toda la cadena pirenaica.<\/li>\n<\/ol>\n<\/div><\/div>\n<\/ol>\n\n\n\n<p><strong>Soluci\u00f3n:<\/strong><\/p>\n\n\n\n<p>Se trataba del Anie o Au\u00f1amendi (monta\u00f1a de los cabritillos), pero tambi\u00e9n, Ahunemendi (monta\u00f1a azotada por el viento del noreste), primer pico en superar los 2.500 metros de altura viniendo desde el Cant\u00e1brico y la m\u00e1s alta y bella de las monta\u00f1as que dominan la gran meseta k\u00e1rstica de Larra. Una <a href=\"https:\/\/travesiapirenaica.com\/anie-arlas\/\"><strong>ascensi\u00f3n imprescidible<\/strong><\/a>.<\/p>\n\n\n\n<p><\/p>\n\n\n\n<hr class=\"wp-block-separator has-alpha-channel-opacity\"\/>\n\n\n\n<h2 class=\"wp-block-heading\">Buscamos este lugar #169:<\/h2>\n\n\n\n<p>Cubiertas por frondosos hayedos, las suaves y redondeas cumbres de esta parte del Pirineo navarro en cambio, se muestran desnudas, a merced del viento helado de invierno y pasto para el ganado todo el a\u00f1o. Esta modesta elevaci\u00f3n que se\u00f1alamos y que sin duda pasa desapercibida entre otras tantas, tiene sin embargo algo de especial. \u00bfDif\u00edcil? A ver si con las pistas\u2026<\/p>\n\n\n\n<ol class=\"wp-block-list\">\n<div class=\"wp-block-media-text alignwide is-stacked-on-mobile is-vertically-aligned-top\" style=\"grid-template-columns:40% auto\"><figure class=\"wp-block-media-text__media\"><img loading=\"lazy\" decoding=\"async\" width=\"1024\" height=\"682\" src=\"https:\/\/travesiapirenaica.com\/wp-content\/uploads\/2022\/01\/lugar169-1024x682.jpg\" alt=\"\" class=\"wp-image-45761 size-full\" srcset=\"https:\/\/travesiapirenaica.com\/wp-content\/uploads\/2022\/01\/lugar169-1024x682.jpg 1024w, https:\/\/travesiapirenaica.com\/wp-content\/uploads\/2022\/01\/lugar169-300x200.jpg 300w, https:\/\/travesiapirenaica.com\/wp-content\/uploads\/2022\/01\/lugar169-768x512.jpg 768w, https:\/\/travesiapirenaica.com\/wp-content\/uploads\/2022\/01\/lugar169-18x12.jpg 18w, https:\/\/travesiapirenaica.com\/wp-content\/uploads\/2022\/01\/lugar169-600x400.jpg 600w, https:\/\/travesiapirenaica.com\/wp-content\/uploads\/2022\/01\/lugar169-150x100.jpg 150w, https:\/\/travesiapirenaica.com\/wp-content\/uploads\/2022\/01\/lugar169.jpg 1280w\" sizes=\"auto, (max-width: 1024px) 100vw, 1024px\" \/><\/figure><div class=\"wp-block-media-text__content\">\n<h4 class=\"wp-block-heading\">Pistas:<\/h4>\n\n\n\n<ol class=\"wp-block-list\">\n<li>Se puede discutir pero, en esta cumbre el Pirineo se separa en dos cordales, el que va en direcci\u00f3n a la costa para sumergirse y poner fin a estas monta\u00f1as, y el que podr\u00eda marcar el inicio de la Cordillera Cant\u00e1brica.<\/li>\n\n\n\n<li>Como es de imaginar, se encuentra sobre la divisoria Cant\u00e1brico-mediterr\u00e1nea.<\/li>\n\n\n\n<li>La vertiente Este est\u00e1 flanqueada por el GR11.<\/li>\n<\/ol>\n<\/div><\/div>\n<\/ol>\n\n\n\n<p><strong>Soluci\u00f3n:<\/strong><\/p>\n\n\n\n<p>Se trataba de <strong>Iparraldeko Kaskoa (1.199m)<\/strong>, una de las numerosas elevaciones entre los puertos de Artesiaga y Urkiaga, y que por lo coment\u00e1bamos en la primera pista, geogr\u00e1ficamente tiene cierto inter\u00e9s. Una ruta muy aconsejable si quer\u00e9is visitar la zona, es la subida al <a href=\"https:\/\/travesiapirenaica.com\/okoro\/\">Okoro desde Artesiaga y bajada por Monte Erreguerena<\/a>.<\/p>\n\n\n\n<p><\/p>\n\n\n\n<p><\/p>\n","protected":false},"excerpt":{"rendered":"As we have done in previous years, we begin this year 2025 with a compilation of...","protected":false},"author":1,"featured_media":45764,"comment_status":"closed","ping_status":"closed","sticky":false,"template":"","format":"standard","meta":{"_kad_blocks_custom_css":"","_kad_blocks_head_custom_js":"","_kad_blocks_body_custom_js":"","_kad_blocks_footer_custom_js":"","episode_type":"audio","audio_file":"","podmotor_file_id":"","podmotor_episode_id":"","cover_image":"","cover_image_id":"","duration":"","filesize":"","filesize_raw":"","date_recorded":"","explicit":"","block":"","_kad_post_transparent":"","_kad_post_title":"","_kad_post_layout":"","_kad_post_sidebar_id":"","_kad_post_content_style":"","_kad_post_vertical_padding":"","_kad_post_feature":"","_kad_post_feature_position":"","_kad_post_header":false,"_kad_post_footer":false,"_kad_post_classname":"","_jetpack_memberships_contains_paid_content":false,"footnotes":""},"categories":[5],"tags":[3193,3066],"series":[],"class_list":["post-45752","post","type-post","status-publish","format-standard","has-post-thumbnail","hentry","category-pirineos","tag-buscamos","tag-pirineos"],"episode_featured_image":"https:\/\/travesiapirenaica.com\/wp-content\/uploads\/2025\/01\/recopilatorio2024.jpg","episode_player_image":"https:\/\/travesiapirenaica.com\/wp-content\/uploads\/2017\/12\/Caratula-Podcast-Maldita-Montana_1500x1500_72pp-p_.jpg","download_link":"","player_link":"","audio_player":false,"episode_data":{"playerMode":"dark","subscribeUrls":[],"rssFeedUrl":"https:\/\/travesiapirenaica.com\/en\/feed\/podcast\/maldita-montana","embedCode":"<blockquote class=\"wp-embedded-content\" data-secret=\"xase803vLW\"><a href=\"https:\/\/travesiapirenaica.com\/en\/buscamos-este-lugar-2024\/\">Buscamos este lugar 2024<\/a><\/blockquote><iframe sandbox=\"allow-scripts\" security=\"restricted\" src=\"https:\/\/travesiapirenaica.com\/en\/buscamos-este-lugar-2024\/embed\/#?secret=xase803vLW\" width=\"500\" height=\"350\" title=\"&#8220;Buscamos este lugar 2024&#8221; &#8212; Traves\u00eda.\" data-secret=\"xase803vLW\" frameborder=\"0\" marginwidth=\"0\" marginheight=\"0\" scrolling=\"no\" class=\"wp-embedded-content\"><\/iframe><script>\n\/*! This file is auto-generated *\/\n!function(d,l){\"use strict\";l.querySelector&&d.addEventListener&&\"undefined\"!=typeof URL&&(d.wp=d.wp||{},d.wp.receiveEmbedMessage||(d.wp.receiveEmbedMessage=function(e){var t=e.data;if((t||t.secret||t.message||t.value)&&!\/[^a-zA-Z0-9]\/.test(t.secret)){for(var s,r,n,a=l.querySelectorAll('iframe[data-secret=\"'+t.secret+'\"]'),o=l.querySelectorAll('blockquote[data-secret=\"'+t.secret+'\"]'),c=new RegExp(\"^https?:$\",\"i\"),i=0;i<o.length;i++)o[i].style.display=\"none\";for(i=0;i<a.length;i++)s=a[i],e.source===s.contentWindow&&(s.removeAttribute(\"style\"),\"height\"===t.message?(1e3<(r=parseInt(t.value,10))?r=1e3:~~r<200&&(r=200),s.height=r):\"link\"===t.message&&(r=new URL(s.getAttribute(\"src\")),n=new URL(t.value),c.test(n.protocol))&&n.host===r.host&&l.activeElement===s&&(d.top.location.href=t.value))}},d.addEventListener(\"message\",d.wp.receiveEmbedMessage,!1),l.addEventListener(\"DOMContentLoaded\",function(){for(var e,t,s=l.querySelectorAll(\"iframe.wp-embedded-content\"),r=0;r<s.length;r++)(t=(e=s[r]).getAttribute(\"data-secret\"))||(t=Math.random().toString(36).substring(2,12),e.src+=\"#?secret=\"+t,e.setAttribute(\"data-secret\",t)),e.contentWindow.postMessage({message:\"ready\",secret:t},\"*\")},!1)))}(window,document);\n\/\/# sourceURL=https:\/\/travesiapirenaica.com\/wp-includes\/js\/wp-embed.min.js\n<\/script>\n"},"taxonomy_info":{"category":[{"value":5,"label":"Pirineos"}],"post_tag":[{"value":3193,"label":"buscamos"},{"value":3066,"label":"Pirineos"}]},"featured_image_src_large":["https:\/\/travesiapirenaica.com\/wp-content\/uploads\/2025\/01\/recopilatorio2024-1024x690.jpg",1024,690,true],"author_info":{"display_name":"Traves\u00eda Pirenaica","author_link":"https:\/\/travesiapirenaica.com\/en\/author\/travesia-pirenaica\/"},"comment_info":0,"category_info":[{"term_id":5,"name":"Pirineos","slug":"pirineos","term_group":0,"term_taxonomy_id":5,"taxonomy":"category","description":"","parent":0,"count":241,"filter":"raw","cat_ID":5,"category_count":241,"category_description":"","cat_name":"Pirineos","category_nicename":"pirineos","category_parent":0}],"tag_info":[{"term_id":3193,"name":"buscamos","slug":"buscamos","term_group":0,"term_taxonomy_id":3209,"taxonomy":"post_tag","description":"","parent":0,"count":1,"filter":"raw"},{"term_id":3066,"name":"Pirineos","slug":"pirineos","term_group":0,"term_taxonomy_id":3082,"taxonomy":"post_tag","description":"","parent":0,"count":18,"filter":"raw"}],"jetpack_featured_media_url":"https:\/\/travesiapirenaica.com\/wp-content\/uploads\/2025\/01\/recopilatorio2024.jpg","jetpack_sharing_enabled":true,"_links":{"self":[{"href":"https:\/\/travesiapirenaica.com\/en\/wp-json\/wp\/v2\/posts\/45752","targetHints":{"allow":["GET"]}}],"collection":[{"href":"https:\/\/travesiapirenaica.com\/en\/wp-json\/wp\/v2\/posts"}],"about":[{"href":"https:\/\/travesiapirenaica.com\/en\/wp-json\/wp\/v2\/types\/post"}],"author":[{"embeddable":true,"href":"https:\/\/travesiapirenaica.com\/en\/wp-json\/wp\/v2\/users\/1"}],"replies":[{"embeddable":true,"href":"https:\/\/travesiapirenaica.com\/en\/wp-json\/wp\/v2\/comments?post=45752"}],"version-history":[{"count":0,"href":"https:\/\/travesiapirenaica.com\/en\/wp-json\/wp\/v2\/posts\/45752\/revisions"}],"wp:featuredmedia":[{"embeddable":true,"href":"https:\/\/travesiapirenaica.com\/en\/wp-json\/wp\/v2\/media\/45764"}],"wp:attachment":[{"href":"https:\/\/travesiapirenaica.com\/en\/wp-json\/wp\/v2\/media?parent=45752"}],"wp:term":[{"taxonomy":"category","embeddable":true,"href":"https:\/\/travesiapirenaica.com\/en\/wp-json\/wp\/v2\/categories?post=45752"},{"taxonomy":"post_tag","embeddable":true,"href":"https:\/\/travesiapirenaica.com\/en\/wp-json\/wp\/v2\/tags?post=45752"},{"taxonomy":"series","embeddable":true,"href":"https:\/\/travesiapirenaica.com\/en\/wp-json\/wp\/v2\/series?post=45752"}],"curies":[{"name":"wp","href":"https:\/\/api.w.org\/{rel}","templated":true}]}}