{"id":45832,"date":"2025-05-14T15:23:30","date_gmt":"2025-05-14T13:23:30","guid":{"rendered":"https:\/\/travesiapirenaica.com\/?p=45832"},"modified":"2025-05-14T15:23:34","modified_gmt":"2025-05-14T13:23:34","slug":"news","status":"publish","type":"post","link":"https:\/\/travesiapirenaica.com\/en\/noticias\/","title":{"rendered":"\ud83d\udcf0 The top mountaineering and mountain news of the week"},"content":{"rendered":"<p class=\"has-text-align-left\">In the <span class=\"td_text_highlight_marker\" style=\"background-color:#ffbfb5\"><strong>Weekly Bulletin<\/strong><\/span> we include a section in which we select the weekly news and different news. <strong><a href=\"https:\/\/www.travesiapirenaica.es\/\" target=\"_blank\" rel=\"noreferrer noopener nofollow\">Subscribe to the <em>newsletter<\/em><\/a> <\/strong>and receive it every week. \ud83d\ude42<\/p>\n\n\n\n<iframe loading=\"lazy\" src=\"https:\/\/www.travesiapirenaica.es\/embed\" width=\"480\" height=\"150\" style=\"border:1px solid #EEE; background:white;\" frameborder=\"0\" scrolling=\"no\"><\/iframe>\n\n\n\n<h3 class=\"wp-block-heading\">Wednesday, 14 May 2025<\/h3>\n\n\n\n<blockquote class=\"twitter-tweet\"><p lang=\"es\" dir=\"ltr\">\ud83d\udcf0 The most important mountaineering and mountain news of the last week. \ud83d\udc47 <a href=\"https:\/\/t.co\/GYvzxcWtPD\">pic.twitter.com\/GYvzxcWtPD<\/a><\/p>- Travesia (@SendaPirenaica) <a href=\"https:\/\/twitter.com\/SendaPirenaica\/status\/1922642228515614845?ref_src=twsrc%5Etfw\" target=\"_blank\" rel=\"noopener\">May 14, 2025<\/a><\/blockquote> <script async src=\"https:\/\/platform.twitter.com\/widgets.js\" charset=\"utf-8\"><\/script>\n\n\n\n<ul class=\"wp-block-list\">\n<li><a href=\"https:\/\/cumbresmountainmagazine.com\/cumbres-del-mundo\/seven-summits-a-cumbres-del-mundo\/everest\/everest-egloff-espera-su-ventana-y-andrews-va-por-su-segundo-intento\/\" target=\"_blank\" rel=\"noreferrer noopener nofollow\"><strong>Karl Egloff and Tyler Andrews are still in contention for the Everest FKT. The Swiss-Ecuadorian is waiting for his moment after acclimatising and dodging the overcrowding, while the American is already preparing a second attempt after aborting at 7,100m due to wind.<\/strong><\/a><em>(Summits)<\/em>. \"It was a great day up to camp 3 (...). At that point we started to see strong winds on the summit, which came earlier than expected, so we decided to turn back,\" Andrews commented on the networks. The window closes in May... and the clock is unforgiving. A few weeks ago we reviewed both attempts for the best time on a <a href=\"https:\/\/youtu.be\/b6HAdoHimoI\" target=\"_blank\" rel=\"noreferrer noopener\"><strong>video<\/strong><\/a>.<\/li>\n<\/ul>\n\n\n\n\n\n<ul class=\"wp-block-list\">\n<li><a href=\"https:\/\/www.desnivel.com\/alpinismo\/la-travesia-del-mont-blanc-de-alpinismo-y-esqui-extremo-por-benjamin-vedrines-y-nicolas-jean\/\" target=\"_blank\" rel=\"noreferrer noopener nofollow\"><strong>Benjamin V\u00e9drines and Nicolas Jean have crossed the Mont Blanc massif in 3 days, 11 steep descents and more than 40 km without touching civilisation. <\/strong><\/a><em>(Desnivel)<\/em>. They linked peaks such as Mont Blanc (4,809 m), the Aiguille Verte or the Aiguille du Chardonnet, and skied mythical lines such as the Couturier or the Gervasutti. Early morning climbs, freezing cold, ice axes against the ice and even photos with lines drawn from home sent by their friend Mathis Dumas, who watches them through the telescope: mountaineering as an author.<\/li>\n<\/ul>\n\n\n\n\n\n<ul class=\"wp-block-list\">\n<li>While Eneko Pou signed a mythical crossing in the Swiss Alps - the high route of the Bernese Oberland - with 5 summits and more than 7,000 m of vertical drop in six days, his brother Iker opened \"Euskal Dantza\" (8a\/310 m) on the wall of Oujad, in Taghia. Two parallel journeys, snow and rock, where the Pou family continue to write their story of adventure, commitment and tireless openness.<\/li>\n<\/ul>\n\n\n\n\n\n<ul class=\"wp-block-list\">\n<li><a href=\"https:\/\/www.desnivel.com\/expediciones\/mitchell-hutchcraft-de-inglaterra-a-la-cima-del-everest-sin-vehiculos-motorizados\/\" target=\"_blank\" rel=\"noreferrer noopener nofollow\"><strong>Mitchell Hutchcraft has reached the summit of Everest after an 8-month journey without the use of motorised vehicles.<\/strong><\/a> <em>(Desnivel)<\/em>He swam the English Channel, cycled 12,000 km and ran 875 km to Kathmandu. He completed his adventure with a 360 km trek and the final ascent, with oxygen and Sherpa support. It is without doubt an epic triathlon.<\/li>\n<\/ul>\n\n\n\n\n\n<div style=\"height:57px\" aria-hidden=\"true\" class=\"wp-block-spacer\"><\/div>\n\n\n\n<p>You can continue to view the archive with the most interesting stories: <\/p>\n\n\n\n<div class=\"wp-block-woocommerce-memberships-non-member-content\"><style>.kadence-column45832_a29185-c4 > .kt-inside-inner-col{box-shadow:0px 0px 14px 0px rgba(0, 0, 0, 0.2);}.kadence-column45832_a29185-c4 > .kt-inside-inner-col,.kadence-column45832_a29185-c4 > .kt-inside-inner-col:before{border-top-left-radius:5px;border-top-right-radius:5px;border-bottom-right-radius:5px;border-bottom-left-radius:5px;}.kadence-column45832_a29185-c4 > .kt-inside-inner-col{column-gap:var(--global-kb-gap-sm, 1rem);}.kadence-column45832_a29185-c4 > .kt-inside-inner-col{flex-direction:column;}.kadence-column45832_a29185-c4 > .kt-inside-inner-col > .aligncenter{width:100%;}.kadence-column45832_a29185-c4 > .kt-inside-inner-col{background-color:var(--global-palette7, #EDF2F7);}.kadence-column45832_a29185-c4 > .kt-inside-inner-col:before{opacity:0.22;}.kadence-column45832_a29185-c4{position:relative;}@media all and (max-width: 1024px){.kadence-column45832_a29185-c4 > .kt-inside-inner-col{flex-direction:column;justify-content:center;}}@media all and (max-width: 767px){.kadence-column45832_a29185-c4 > .kt-inside-inner-col{flex-direction:column;justify-content:center;}}<\/style>\n<div class=\"wp-block-kadence-column kadence-column45832_a29185-c4\"><div class=\"kt-inside-inner-col\">\n<div class=\"wp-block-group has-border-color\" style=\"border-color:var(--global-palette7);border-width:20px;border-radius:10px\"><div class=\"wp-block-group__inner-container is-layout-constrained wp-block-group-is-layout-constrained\">\n<p class=\"has-text-align-center has-medium-font-size\">This content is exclusive to members. <\/p>\n\n\n<style>.wp-block-kadence-advancedbtn.kb-btns45832_1446a4-f0{gap:var(--global-kb-gap-xs, 0.5rem );justify-content:center;align-items:center;}.kt-btns45832_1446a4-f0 .kt-button{font-weight:normal;font-style:normal;}.kt-btns45832_1446a4-f0 .kt-btn-wrap-0{margin-right:5px;}.wp-block-kadence-advancedbtn.kt-btns45832_1446a4-f0 .kt-btn-wrap-0 .kt-button{color:#555555;border-color:#555555;}.wp-block-kadence-advancedbtn.kt-btns45832_1446a4-f0 .kt-btn-wrap-0 .kt-button:hover, .wp-block-kadence-advancedbtn.kt-btns45832_1446a4-f0 .kt-btn-wrap-0 .kt-button:focus{color:#ffffff;border-color:#444444;}.wp-block-kadence-advancedbtn.kt-btns45832_1446a4-f0 .kt-btn-wrap-0 .kt-button::before{display:none;}.wp-block-kadence-advancedbtn.kt-btns45832_1446a4-f0 .kt-btn-wrap-0 .kt-button:hover, .wp-block-kadence-advancedbtn.kt-btns45832_1446a4-f0 .kt-btn-wrap-0 .kt-button:focus{background:#444444;}<\/style>\n<div class=\"wp-block-kadence-advancedbtn kb-buttons-wrap kb-btns45832_1446a4-f0\"><style>ul.menu .wp-block-kadence-advancedbtn .kb-btn45832_3b2b67-d8.kb-button{width:initial;}<\/style><a class=\"kb-button kt-button button kb-btn45832_3b2b67-d8 kt-btn-size-standard kt-btn-width-type-auto kb-btn-global-fill  kt-btn-has-text-true kt-btn-has-svg-false  wp-block-kadence-singlebtn\" href=\"https:\/\/travesiapirenaica.com\/en\/product\/access-club-travesia-pirenaica\/\" target=\"_blank\" rel=\"noreferrer noopener\"><span class=\"kt-btn-inner-text\">+ Join us<\/span><\/a><\/div>\n\n\n\n<p class=\"has-text-align-center has-medium-font-size\">Already a member of the Club? <strong><a href=\"https:\/\/travesiapirenaica.com\/en\/my-account\/\" target=\"_blank\" rel=\"noreferrer noopener\">Log in.<\/a><\/strong><\/p>\n<\/div><\/div>\n<\/div><\/div>\n<\/div>","protected":false},"excerpt":{"rendered":"In the Weekly Bulletin we include a section in which we select the weekly news and...","protected":false},"author":191,"featured_media":25094,"comment_status":"closed","ping_status":"closed","sticky":false,"template":"","format":"standard","meta":{"_kad_blocks_custom_css":"","_kad_blocks_head_custom_js":"","_kad_blocks_body_custom_js":"","_kad_blocks_footer_custom_js":"","episode_type":"audio","audio_file":"","podmotor_file_id":"","podmotor_episode_id":"","cover_image":"","cover_image_id":"","duration":"","filesize":"","filesize_raw":"","date_recorded":"","explicit":"","block":"","_kad_post_transparent":"","_kad_post_title":"","_kad_post_layout":"","_kad_post_sidebar_id":"","_kad_post_content_style":"","_kad_post_vertical_padding":"","_kad_post_feature":"","_kad_post_feature_position":"","_kad_post_header":false,"_kad_post_footer":false,"_kad_post_classname":"","_jetpack_memberships_contains_paid_content":false,"footnotes":""},"categories":[3002],"tags":[],"series":[],"class_list":["post-45832","post","type-post","status-publish","format-standard","has-post-thumbnail","hentry","category-actualidad"],"episode_featured_image":"https:\/\/travesiapirenaica.com\/wp-content\/uploads\/2015\/01\/Noticias.jpg","episode_player_image":"https:\/\/travesiapirenaica.com\/wp-content\/uploads\/2017\/12\/Caratula-Podcast-Maldita-Montana_1500x1500_72pp-p_.jpg","download_link":"","player_link":"","audio_player":false,"episode_data":{"playerMode":"dark","subscribeUrls":[],"rssFeedUrl":"https:\/\/travesiapirenaica.com\/en\/feed\/podcast\/maldita-montana","embedCode":"<blockquote class=\"wp-embedded-content\" data-secret=\"Z8EvY6SzhZ\"><a href=\"https:\/\/travesiapirenaica.com\/en\/noticias\/\">\ud83d\udcf0 Las noticias de alpinismo y monta\u00f1a m\u00e1s destacadas de la semana<\/a><\/blockquote><iframe sandbox=\"allow-scripts\" security=\"restricted\" src=\"https:\/\/travesiapirenaica.com\/en\/noticias\/embed\/#?secret=Z8EvY6SzhZ\" width=\"500\" height=\"350\" title=\"&#8220;\ud83d\udcf0 Las noticias de alpinismo y monta\u00f1a m\u00e1s destacadas de la semana&#8221; &#8212; Traves\u00eda.\" data-secret=\"Z8EvY6SzhZ\" frameborder=\"0\" marginwidth=\"0\" marginheight=\"0\" scrolling=\"no\" class=\"wp-embedded-content\"><\/iframe><script>\n\/*! This file is auto-generated *\/\n!function(d,l){\"use strict\";l.querySelector&&d.addEventListener&&\"undefined\"!=typeof URL&&(d.wp=d.wp||{},d.wp.receiveEmbedMessage||(d.wp.receiveEmbedMessage=function(e){var t=e.data;if((t||t.secret||t.message||t.value)&&!\/[^a-zA-Z0-9]\/.test(t.secret)){for(var s,r,n,a=l.querySelectorAll('iframe[data-secret=\"'+t.secret+'\"]'),o=l.querySelectorAll('blockquote[data-secret=\"'+t.secret+'\"]'),c=new RegExp(\"^https?:$\",\"i\"),i=0;i<o.length;i++)o[i].style.display=\"none\";for(i=0;i<a.length;i++)s=a[i],e.source===s.contentWindow&&(s.removeAttribute(\"style\"),\"height\"===t.message?(1e3<(r=parseInt(t.value,10))?r=1e3:~~r<200&&(r=200),s.height=r):\"link\"===t.message&&(r=new URL(s.getAttribute(\"src\")),n=new URL(t.value),c.test(n.protocol))&&n.host===r.host&&l.activeElement===s&&(d.top.location.href=t.value))}},d.addEventListener(\"message\",d.wp.receiveEmbedMessage,!1),l.addEventListener(\"DOMContentLoaded\",function(){for(var e,t,s=l.querySelectorAll(\"iframe.wp-embedded-content\"),r=0;r<s.length;r++)(t=(e=s[r]).getAttribute(\"data-secret\"))||(t=Math.random().toString(36).substring(2,12),e.src+=\"#?secret=\"+t,e.setAttribute(\"data-secret\",t)),e.contentWindow.postMessage({message:\"ready\",secret:t},\"*\")},!1)))}(window,document);\n\/\/# sourceURL=https:\/\/travesiapirenaica.com\/wp-includes\/js\/wp-embed.min.js\n<\/script>\n"},"taxonomy_info":{"category":[{"value":3002,"label":"Actualidad"}]},"featured_image_src_large":["https:\/\/travesiapirenaica.com\/wp-content\/uploads\/2015\/01\/Noticias-1024x768.jpg",1024,768,true],"author_info":{"display_name":"Eduardo Azcona","author_link":"https:\/\/travesiapirenaica.com\/en\/author\/eduardo-2\/"},"comment_info":0,"category_info":[{"term_id":3002,"name":"Actualidad","slug":"actualidad","term_group":0,"term_taxonomy_id":3018,"taxonomy":"category","description":"Actualidad","parent":0,"count":74,"filter":"raw","cat_ID":3002,"category_count":74,"category_description":"Actualidad","cat_name":"Actualidad","category_nicename":"actualidad","category_parent":0}],"tag_info":false,"jetpack_featured_media_url":"https:\/\/travesiapirenaica.com\/wp-content\/uploads\/2015\/01\/Noticias.jpg","jetpack_sharing_enabled":true,"_links":{"self":[{"href":"https:\/\/travesiapirenaica.com\/en\/wp-json\/wp\/v2\/posts\/45832","targetHints":{"allow":["GET"]}}],"collection":[{"href":"https:\/\/travesiapirenaica.com\/en\/wp-json\/wp\/v2\/posts"}],"about":[{"href":"https:\/\/travesiapirenaica.com\/en\/wp-json\/wp\/v2\/types\/post"}],"author":[{"embeddable":true,"href":"https:\/\/travesiapirenaica.com\/en\/wp-json\/wp\/v2\/users\/191"}],"replies":[{"embeddable":true,"href":"https:\/\/travesiapirenaica.com\/en\/wp-json\/wp\/v2\/comments?post=45832"}],"version-history":[{"count":0,"href":"https:\/\/travesiapirenaica.com\/en\/wp-json\/wp\/v2\/posts\/45832\/revisions"}],"wp:featuredmedia":[{"embeddable":true,"href":"https:\/\/travesiapirenaica.com\/en\/wp-json\/wp\/v2\/media\/25094"}],"wp:attachment":[{"href":"https:\/\/travesiapirenaica.com\/en\/wp-json\/wp\/v2\/media?parent=45832"}],"wp:term":[{"taxonomy":"category","embeddable":true,"href":"https:\/\/travesiapirenaica.com\/en\/wp-json\/wp\/v2\/categories?post=45832"},{"taxonomy":"post_tag","embeddable":true,"href":"https:\/\/travesiapirenaica.com\/en\/wp-json\/wp\/v2\/tags?post=45832"},{"taxonomy":"series","embeddable":true,"href":"https:\/\/travesiapirenaica.com\/en\/wp-json\/wp\/v2\/series?post=45832"}],"curies":[{"name":"wp","href":"https:\/\/api.w.org\/{rel}","templated":true}]}}