{"id":11085,"date":"2017-11-15T14:22:12","date_gmt":"2017-11-15T13:22:12","guid":{"rendered":"https:\/\/travesiapirenaica.com\/?p=11085"},"modified":"2021-08-12T18:06:35","modified_gmt":"2021-08-12T16:06:35","slug":"route-cycliste-francaise-etape-5-belorado-hontanas","status":"publish","type":"post","link":"https:\/\/travesiapirenaica.com\/fr\/camino-frances-bici-etapa-5-belorado-hontanas\/","title":{"rendered":"\u00c9tape 5 - Belorado - Hontanas"},"content":{"rendered":"<ul class=\"wp-block-list\"><li><strong>Distance Stade<\/strong>: 82,69 km<\/li><li><strong>Hauteur maximale<\/strong>: 1154.59 m<\/li><li><strong>Hauteur minimale<\/strong>: 761.45 m<\/li><li><strong>Diff\u00e9rence d'altitude positive<\/strong>: 938.41 m<\/li><li><strong>Diff\u00e9rence d'altitude n\u00e9gative<\/strong>: 869.44 m<\/li><\/ul>\n\n\n\n<hr class=\"wp-block-separator\"\/>\n\n\n\n<h2 class=\"wp-block-heading\"><strong><a href=\"https:\/\/travesiapirenaica.com\/fr\/camino-de-santiago-en-velo\/\" target=\"_blank\" rel=\"noreferrer noopener\" aria-label=\"Cinqui\u00e8me \u00e9tape du Camino de Santiago (ouvre un nouvel onglet)\">Le chemin de Saint-Jacques<\/a> Cinqui\u00e8me \u00e9tape<\/strong><\/h2>\n\n\n\n<figure class=\"wp-block-image\"><img loading=\"lazy\" decoding=\"async\" width=\"900\" height=\"245\" src=\"https:\/\/travesiapirenaica.com\/wp-content\/uploads\/2018\/11\/Iconos-Etapa-5.jpg\" alt=\"\" class=\"wp-image-11087\" srcset=\"https:\/\/travesiapirenaica.com\/wp-content\/uploads\/2018\/11\/Iconos-Etapa-5.jpg 900w, https:\/\/travesiapirenaica.com\/wp-content\/uploads\/2018\/11\/Iconos-Etapa-5-600x163.jpg 600w, https:\/\/travesiapirenaica.com\/wp-content\/uploads\/2018\/11\/Iconos-Etapa-5-300x82.jpg 300w, https:\/\/travesiapirenaica.com\/wp-content\/uploads\/2018\/11\/Iconos-Etapa-5-768x209.jpg 768w\" sizes=\"auto, (max-width: 900px) 100vw, 900px\" \/><\/figure>\n\n\n\n<hr class=\"wp-block-separator\"\/>\n\n\n\n<p>L'\u00e9tape commence sur des pistes entour\u00e9es de champs de c\u00e9r\u00e9ales, qui nous accompagneront \u00e0 travers diff\u00e9rents villages (Tosantos, Villambistia et Espinosa del Camino) jusqu'\u00e0 Villafranca Montes de Oca (km 11,7), o\u00f9 nous commencerons l'ascension vers les montagnes susmentionn\u00e9es.<\/p>\n\n\n\n<p>Le passage \u00e0 travers ces montagnes est une succession de 12 km de mont\u00e9es et de descentes, de croisements de pistes et de passages \u00e0 travers des ch\u00eanes, des gen\u00e9vriers et des foug\u00e8res : la premi\u00e8re rampe juste apr\u00e8s la travers\u00e9e du village est assez raide, et pour finir une belle et agr\u00e9able descente jusqu'\u00e0 San Juan de Ortega (km 23).<\/p>\n\n\n\n<p>Le passage par les montagnes de l'Oie peut \u00eatre une exp\u00e9rience ou une exp\u00e9rience \u00e9touffante d\u00e8s le d\u00e9part et, bien qu'il ne s'agisse pas de l'une des parties les plus difficiles de l'itin\u00e9raire, il peut devenir tr\u00e8s fatigant.<\/p>\n\n\n\n<p>Nous quittons San Juan de Ortega, continuons tout droit et prenons le chemin qui traverse une pin\u00e8de sauvage en direction d'Ag\u00e9s (km 27) ; la prochaine localit\u00e9 que nous rencontrons est Atapuerca (km 30), que nous rejoignons par une route locale.<\/p>\n\n\n\n<p>Le prochain est Villalval, \u00e0 7 km ; c'est sans doute les 7 km les plus durs de l'\u00e9tape. On monte d'abord des rampes dures sur une route caillouteuse (parfois peu cyclable), toujours \u00e0 proximit\u00e9 d'un terrain militaire, jusqu'\u00e0 une croix en bois, d'o\u00f9 l'on descend \u00e9galement sur une route tr\u00e8s caillouteuse (avec beaucoup de pr\u00e9cautions).<\/p>\n\n\n\n<p>Depuis ce point jusqu'\u00e0 Burgos (km 50), nous traversons plusieurs villages tr\u00e8s proches les uns des autres qui nous laissent entrevoir que nous approchons d'une grande ville (Carde\u00f1uela, Riopico, Orbaneja Riopico, Villafr\u00eda et Gamonal). L'acc\u00e8s \u00e0 Burgos n'est pas beau jusqu'\u00e0 ce que nous nous trouvions devant son imposante cath\u00e9drale qui ne laisse pas le p\u00e8lerin indiff\u00e9rent).<\/p>\n\n\n\n<p>En sortant de Burgos, la route n'est pas tr\u00e8s belle, nous sommes toujours accompagn\u00e9s par de grands champs de c\u00e9r\u00e9ales, juste apr\u00e8s \u00eatre pass\u00e9s sous la voie ferr\u00e9e, nous prenons une piste cyclable qui se transforme en chemin de terre qui nous donne acc\u00e8s \u00e0 Villalbia de Burgos (nous n'acc\u00e9dons pas \u00e0 la ville) mais nous continuons jusqu'\u00e0 ce que nous arrivions \u00e0 Tardajos (km 60). Il ne reste plus qu'une route monotone entour\u00e9e de champs de c\u00e9r\u00e9ales jusqu'\u00e0 Hornillos del Camino (km 78), apr\u00e8s une l\u00e9g\u00e8re mont\u00e9e et une descente. Ce tron\u00e7on est une exp\u00e9rience de silence et de tranquillit\u00e9.)<\/p>\n\n\n\n<p>Il ne reste plus qu'une mont\u00e9e et une descente jusqu'\u00e0 la halte d'aujourd'hui, Hontanas (en passant par Arroyo San Bol km 80). (km 82,69).<\/p>\n\n\n\n<hr class=\"wp-block-separator\"\/>\n\n\n\n<h6 class=\"wp-block-heading\">Les \u00e9tapes :<\/h6>\n\n\n\n<ul class=\"wp-block-list\"><li><a rel=\"noreferrer noopener\" aria-label=\"\u00c9tape 1. Saint Jean Pied de Port - Zubiri&quot; (ouvre un nouvel onglet)\" href=\"https:\/\/travesiapirenaica.com\/fr\/route-cycliste-francaise-etape-1-saint-jean-pied-de-port-zubiri\/\" target=\"_blank\"><strong>\u00c9tape 1. Saint Jean Pied de Port - Zubiri\".<\/strong><\/a><\/li><li><a rel=\"noreferrer noopener\" aria-label=\"\u00c9tape 2 : Zubiri - Puente la Reina&quot; (ouvre un nouvel onglet)\" href=\"https:\/\/travesiapirenaica.com\/fr\/route-cycliste-francaise-etape-2-zubiri-puente-la-reina\/\" target=\"_blank\"><strong>\u00c9tape 2 : Zubiri - Puente la Reina\".<\/strong><\/a><\/li><li><a rel=\"noreferrer noopener\" aria-label=\"\u00c9tape 3. Puente la Reina - Logro\u00f1o&quot; (ouvre un nouvel onglet)\" href=\"https:\/\/travesiapirenaica.com\/fr\/route-cycliste-francaise-etape-3-puente-la-reina-logrono\/\" target=\"_blank\"><strong>\u00c9tape 3. Puente la Reina - Logro\u00f1o\".<\/strong><\/a><\/li><li><a rel=\"noreferrer noopener\" aria-label=\"\u00c9tape 4. Logro\u00f1o - Belorado&quot; (ouvre un nouvel onglet)\" href=\"https:\/\/travesiapirenaica.com\/fr\/route-cycliste-francaise-etape-4-logrono-belorado\/\" target=\"_blank\"><strong>\u00c9tape 4. Logro\u00f1o - Belorado\".<\/strong><\/a><\/li><li><a rel=\"noreferrer noopener\" aria-label=\"\u00c9tape 5 : Belorado - Hontanas&quot; (ouvre un nouvel onglet)\" href=\"https:\/\/travesiapirenaica.com\/fr\/route-cycliste-francaise-etape-5-belorado-hontanas\/\" target=\"_blank\"><strong>\u00c9tape 5 : Belorado - Hontanas\".<\/strong><\/a><\/li><li><a rel=\"noreferrer noopener\" aria-label=\"\u00c9tape 6. Hontanas - Sahagun&quot; (ouvre un nouvel onglet)\" href=\"https:\/\/travesiapirenaica.com\/fr\/route-cycliste-francaise-etape-6-hontanas-sahagun\/\" target=\"_blank\"><strong>\u00c9tape 6. Hontanas - Sahagun\".<\/strong><\/a><\/li><li><a rel=\"noreferrer noopener\" aria-label=\"\u00c9tape 7. Sahagun - Le\u00f3n&quot; (ouvre un nouvel onglet)\" href=\"https:\/\/travesiapirenaica.com\/fr\/route-cycliste-francaise-etape-7-sahagun-leon\/\" target=\"_blank\"><strong>\u00c9tape 7. Sahagun - Le\u00f3n\".<\/strong><\/a><\/li><li><a rel=\"noreferrer noopener\" aria-label=\"\u00c9tape 8. Le\u00f3n - Rabanal del Camino&quot; (ouvre un nouvel onglet)\" href=\"https:\/\/travesiapirenaica.com\/fr\/chemin-francais-a-velo-etape-8-leon-rabanal-del-camino\/\" target=\"_blank\"><strong>\u00c9tape 8. Le\u00f3n - Rabanal del Camino\".<\/strong><\/a><\/li><li><a rel=\"noreferrer noopener\" aria-label=\"\u00c9tape 9. Rabanal del camino - Ruitel\u00e1n&quot; (ouvre un nouvel onglet)\" href=\"https:\/\/travesiapirenaica.com\/fr\/route-cycliste-francaise-etape-9-rabanal-del-camino-ruitelan\/\" target=\"_blank\"><strong>\u00c9tape 9. Rabanal del camino - Ruitel\u00e1n\".<\/strong><\/a><\/li><li><a rel=\"noreferrer noopener\" aria-label=\"\u00c9tape 10 : Ruitel\u00e1n - Sarria&quot; (ouvre un nouvel onglet)\" href=\"https:\/\/travesiapirenaica.com\/fr\/voie-francaise-a-velo-etape-10-ruitelan-sarria\/\" target=\"_blank\"><strong>\u00c9tape 10 : Ruitel\u00e1n - Sarria\".<\/strong><\/a><\/li><li><a rel=\"noreferrer noopener\" aria-label=\"\u00c9tape 11. Sarria - Arzua&quot; (ouvre un nouvel onglet)\" href=\"https:\/\/travesiapirenaica.com\/fr\/route-cycliste-francaise-etape-11-sarria-arzua\/\" target=\"_blank\"><strong>\u00c9tape 11. Sarria - Arzua\".<\/strong><\/a><\/li><li><a rel=\"noreferrer noopener\" aria-label=\"\u00c9tape 12. Arzua - Santiago de Compostela&quot; (ouvre un nouvel onglet)\" href=\"https:\/\/travesiapirenaica.com\/fr\/la-voie-francaise-a-velo-etape-12-arzua-santiago-de-compostela\/\" target=\"_blank\"><strong>\u00c9tape 12. Arzua - Saint-Jacques-de-Compostelle\".<\/strong><\/a><\/li><\/ul>\n\n\n\n<hr class=\"wp-block-separator\"\/>","protected":false},"excerpt":{"rendered":"Distance \u00e9tape : 82,69 km Altitude maximale : 1154,59 m Altitude minimale : 761,45 m D\u00e9nivel\u00e9 : 938,41 m....","protected":false},"author":1,"featured_media":10985,"comment_status":"closed","ping_status":"closed","sticky":false,"template":"","format":"image","meta":{"_kad_blocks_custom_css":"","_kad_blocks_head_custom_js":"","_kad_blocks_body_custom_js":"","_kad_blocks_footer_custom_js":"","episode_type":"audio","audio_file":"","podmotor_file_id":"","podmotor_episode_id":"","cover_image":"","cover_image_id":"","duration":"","filesize":"","filesize_raw":"","date_recorded":"","explicit":"","block":"","_kad_post_transparent":"","_kad_post_title":"","_kad_post_layout":"","_kad_post_sidebar_id":"","_kad_post_content_style":"","_kad_post_vertical_padding":"","_kad_post_feature":"","_kad_post_feature_position":"","_kad_post_header":false,"_kad_post_footer":false,"_kad_post_classname":"","_jetpack_memberships_contains_paid_content":false,"footnotes":""},"categories":[2945],"tags":[],"series":[],"class_list":["post-11085","post","type-post","status-publish","format-image","has-post-thumbnail","hentry","category-camino-de-santiago","post_format-post-format-image"],"episode_featured_image":"https:\/\/travesiapirenaica.com\/wp-content\/uploads\/2018\/11\/Camino-Franc\u00e9s_by-jynus_-CC-BY-SA-2.5.jpg","episode_player_image":"https:\/\/travesiapirenaica.com\/wp-content\/uploads\/2017\/12\/Caratula-Podcast-Maldita-Montana_1500x1500_72pp-p_.jpg","download_link":"","player_link":"","audio_player":false,"episode_data":{"playerMode":"dark","subscribeUrls":[],"rssFeedUrl":"https:\/\/travesiapirenaica.com\/fr\/feed\/podcast\/maldita-montana","embedCode":"<blockquote class=\"wp-embedded-content\" data-secret=\"OB0BBZxsBM\"><a href=\"https:\/\/travesiapirenaica.com\/fr\/camino-frances-bici-etapa-5-belorado-hontanas\/\">Etapa 5 \u2013 Belorado \u2013 Hontanas<\/a><\/blockquote><iframe sandbox=\"allow-scripts\" security=\"restricted\" src=\"https:\/\/travesiapirenaica.com\/fr\/camino-frances-bici-etapa-5-belorado-hontanas\/embed\/#?secret=OB0BBZxsBM\" width=\"500\" height=\"350\" title=\"\u00ab\u00a0Etapa 5 \u2013 Belorado \u2013 Hontanas\u00a0\u00bb &#8212; Traves\u00eda.\" data-secret=\"OB0BBZxsBM\" frameborder=\"0\" marginwidth=\"0\" marginheight=\"0\" scrolling=\"no\" class=\"wp-embedded-content\"><\/iframe><script>\n\/*! This file is auto-generated *\/\n!function(d,l){\"use strict\";l.querySelector&&d.addEventListener&&\"undefined\"!=typeof URL&&(d.wp=d.wp||{},d.wp.receiveEmbedMessage||(d.wp.receiveEmbedMessage=function(e){var t=e.data;if((t||t.secret||t.message||t.value)&&!\/[^a-zA-Z0-9]\/.test(t.secret)){for(var s,r,n,a=l.querySelectorAll('iframe[data-secret=\"'+t.secret+'\"]'),o=l.querySelectorAll('blockquote[data-secret=\"'+t.secret+'\"]'),c=new RegExp(\"^https?:$\",\"i\"),i=0;i<o.length;i++)o[i].style.display=\"none\";for(i=0;i<a.length;i++)s=a[i],e.source===s.contentWindow&&(s.removeAttribute(\"style\"),\"height\"===t.message?(1e3<(r=parseInt(t.value,10))?r=1e3:~~r<200&&(r=200),s.height=r):\"link\"===t.message&&(r=new URL(s.getAttribute(\"src\")),n=new URL(t.value),c.test(n.protocol))&&n.host===r.host&&l.activeElement===s&&(d.top.location.href=t.value))}},d.addEventListener(\"message\",d.wp.receiveEmbedMessage,!1),l.addEventListener(\"DOMContentLoaded\",function(){for(var e,t,s=l.querySelectorAll(\"iframe.wp-embedded-content\"),r=0;r<s.length;r++)(t=(e=s[r]).getAttribute(\"data-secret\"))||(t=Math.random().toString(36).substring(2,12),e.src+=\"#?secret=\"+t,e.setAttribute(\"data-secret\",t)),e.contentWindow.postMessage({message:\"ready\",secret:t},\"*\")},!1)))}(window,document);\n\/\/# sourceURL=https:\/\/travesiapirenaica.com\/wp-includes\/js\/wp-embed.min.js\n<\/script>\n"},"taxonomy_info":{"category":[{"value":2945,"label":"Camino de Santiago"}]},"featured_image_src_large":["https:\/\/travesiapirenaica.com\/wp-content\/uploads\/2018\/11\/Camino-Franc\u00e9s_by-jynus_-CC-BY-SA-2.5.jpg",800,673,false],"author_info":{"display_name":"Traves\u00eda Pirenaica","author_link":"https:\/\/travesiapirenaica.com\/fr\/author\/travesia-pirenaica\/"},"comment_info":0,"category_info":[{"term_id":2945,"name":"Camino de Santiago","slug":"camino-de-santiago","term_group":0,"term_taxonomy_id":2961,"taxonomy":"category","description":"Camino de Santiago","parent":2930,"count":60,"filter":"raw","cat_ID":2945,"category_count":60,"category_description":"Camino de Santiago","cat_name":"Camino de Santiago","category_nicename":"camino-de-santiago","category_parent":2930}],"tag_info":false,"jetpack_featured_media_url":"https:\/\/travesiapirenaica.com\/wp-content\/uploads\/2018\/11\/Camino-Franc\u00e9s_by-jynus_-CC-BY-SA-2.5.jpg","jetpack_sharing_enabled":true,"_links":{"self":[{"href":"https:\/\/travesiapirenaica.com\/fr\/wp-json\/wp\/v2\/posts\/11085","targetHints":{"allow":["GET"]}}],"collection":[{"href":"https:\/\/travesiapirenaica.com\/fr\/wp-json\/wp\/v2\/posts"}],"about":[{"href":"https:\/\/travesiapirenaica.com\/fr\/wp-json\/wp\/v2\/types\/post"}],"author":[{"embeddable":true,"href":"https:\/\/travesiapirenaica.com\/fr\/wp-json\/wp\/v2\/users\/1"}],"replies":[{"embeddable":true,"href":"https:\/\/travesiapirenaica.com\/fr\/wp-json\/wp\/v2\/comments?post=11085"}],"version-history":[{"count":0,"href":"https:\/\/travesiapirenaica.com\/fr\/wp-json\/wp\/v2\/posts\/11085\/revisions"}],"wp:featuredmedia":[{"embeddable":true,"href":"https:\/\/travesiapirenaica.com\/fr\/wp-json\/wp\/v2\/media\/10985"}],"wp:attachment":[{"href":"https:\/\/travesiapirenaica.com\/fr\/wp-json\/wp\/v2\/media?parent=11085"}],"wp:term":[{"taxonomy":"category","embeddable":true,"href":"https:\/\/travesiapirenaica.com\/fr\/wp-json\/wp\/v2\/categories?post=11085"},{"taxonomy":"post_tag","embeddable":true,"href":"https:\/\/travesiapirenaica.com\/fr\/wp-json\/wp\/v2\/tags?post=11085"},{"taxonomy":"series","embeddable":true,"href":"https:\/\/travesiapirenaica.com\/fr\/wp-json\/wp\/v2\/series?post=11085"}],"curies":[{"name":"wp","href":"https:\/\/api.w.org\/{rel}","templated":true}]}}