{"id":11419,"date":"2020-04-29T06:45:43","date_gmt":"2020-04-29T04:45:43","guid":{"rendered":"https:\/\/travesiapirenaica.com\/?p=11419"},"modified":"2024-08-27T10:33:35","modified_gmt":"2024-08-27T08:33:35","slug":"ne-pas-laisser-de-traces","status":"publish","type":"post","link":"https:\/\/travesiapirenaica.com\/fr\/leave-no-trace\/","title":{"rendered":"La philosophie \"ne pas laisser de traces"},"content":{"rendered":"<p>Qui n'aime pas la nature ? De plus en plus de personnes se rendent \u00e0 la montagne ou en plein air pour pratiquer un sport, pour se d\u00e9connecter de la vie quotidienne ou pour profiter des paysages qu'offre la nature. Cependant, il est difficile de se rendre compte de l'impact que cela a sur l'environnement. L'homme laisse sa marque partout o\u00f9 il va. Par exemple, <strong>Les endroits les plus recul\u00e9s de l'Himalaya sont devenus de v\u00e9ritables d\u00e9charges, les zones de camping sont marqu\u00e9es par des d\u00e9chets ou des d\u00e9bris d'incendie, ou encore les itin\u00e9raires les plus fr\u00e9quent\u00e9s provoquent une forte \u00e9rosion du terrain.<\/strong>. En cons\u00e9quence, les autorit\u00e9s prennent des mesures pour limiter ces effets n\u00e9gatifs. Les<strong><a href=\"https:\/\/travesiapirenaica.com\/fr\/conseils-de-securite-pour-la-visite-des-parcs-nationaux\/\" target=\"_blank\" rel=\"noreferrer noopener\" aria-label=\"Qui n&#039;aime pas la nature ? De plus en plus de personnes se rendent \u00e0 la montagne ou en plein air pour pratiquer un sport, pour se d\u00e9connecter de la vie quotidienne ou pour profiter des paysages qu&#039;offre la nature. Cependant, il est difficile de se rendre compte de l&#039;impact que cela a sur l&#039;environnement. L&#039;homme laisse sa marque partout o\u00f9 il va. Par exemple, les parties les plus recul\u00e9es de l&#039;Himalaya ont \u00e9t\u00e9 transform\u00e9es en d\u00e9charges, les zones o\u00f9 le camping est courant sont marqu\u00e9es par des d\u00e9chets ou des d\u00e9bris de feu, ou encore les itin\u00e9raires les plus fr\u00e9quent\u00e9s provoquent une \u00e9rosion importante du terrain. En cons\u00e9quence, les autorit\u00e9s prennent des mesures pour limiter ces effets n\u00e9gatifs. Le nombre de zones naturelles prot\u00e9g\u00e9es augmente et les r\u00e8gles y sont beaucoup plus strictes. Mais pour les autorit\u00e9s, les passionn\u00e9s de montagne parviennent \u00e0 inculquer des valeurs qui exigent le plus grand respect de la montagne et de l&#039;environnement. Il s&#039;agit de la philosophie &quot;leave no trace&quot;. (s&#039;ouvre dans un nouvel onglet)\"> zones naturelles prot\u00e9g\u00e9es<\/a><\/strong> Ils sont de plus en plus nombreux et les r\u00e8gles y sont beaucoup plus strictes. Cependant, du c\u00f4t\u00e9 des autorit\u00e9s, les passionn\u00e9s de montagne parviennent \u00e0 inculquer des valeurs qui exigent le plus grand respect de la montagne et de l'environnement. <strong>Il s'agit de la philosophie \"sans trace\".<\/strong>.<\/p>\n\n\n\n<h2 class=\"wp-block-heading\">Qu'est-ce que la philosophie \"sans trace\" ?<\/h2>\n\n\n\n<p>Comme son nom l'indique, cette philosophie se r\u00e9f\u00e8re \u00e0 la protection totale de l'environnement. <strong>La pr\u00e9sence humaine dans les montagnes ne doit pas \u00eatre remarqu\u00e9e.<\/strong>. La philosophie qui consiste \u00e0 ne pas laisser de traces partout o\u00f9 l'on va n\u00e9cessite des comportements simples qui, s'ils sont suivis, contribueront grandement \u00e0 pr\u00e9server une nature intacte. Outre le fait de ne pas salir la montagne, il s'agit aussi de respecter au mieux la faune et la flore de chaque lieu. Rien de ce qui constitue la nature la plus sauvage ne doit \u00eatre alt\u00e9r\u00e9. <\/p>\n\n\n\n<h2 class=\"wp-block-heading\">Les sept principes de base.<\/h2>\n\n\n\n<p>Sept principes de base sont \u00e0 respecter. Il s'agit de valeurs qui font peu \u00e0 peu leur chemin dans le c\u0153ur des amoureux de la nature, mais qui doivent encore \u00eatre plus largement diffus\u00e9es. Ils sont les suivants :<\/p>\n\n\n\n<h3 class=\"wp-block-heading\">Planifier et pr\u00e9parer le voyage \u00e0 l'avance<\/h3>\n\n\n\n<p>Le meilleur moyen de passer inaper\u00e7u o\u00f9 que vous alliez est de pr\u00e9parer votre excursion bien \u00e0 l'avance. Il est fortement conseill\u00e9 de conna\u00eetre les lieux que vous allez visiter. <strong>Les zones prot\u00e9g\u00e9es sont soumises \u00e0 des r\u00e8gles particuli\u00e8res qu'il est important de conna\u00eetre.<\/strong>. En outre, vous devrez \u00e9galement vous pr\u00e9parer \u00e0 l'avance <strong><a rel=\"noreferrer noopener\" aria-label=\"Le meilleur moyen de passer inaper\u00e7u o\u00f9 que vous alliez est de pr\u00e9parer votre excursion bien \u00e0 l&#039;avance. Il est vivement conseill\u00e9 de conna\u00eetre les lieux que vous allez visiter. Les zones prot\u00e9g\u00e9es ont leurs propres r\u00e8gles, il est donc pr\u00e9f\u00e9rable de les conna\u00eetre. Vous devez \u00e9galement pr\u00e9parer \u00e0 l&#039;avance la nourriture contenue dans votre sac \u00e0 dos. De nos jours, chaque aliment est g\u00e9n\u00e9ralement emball\u00e9 dans du plastique. Si vous transportez de la nourriture pour plusieurs jours, il est conseill\u00e9 de la pr\u00e9parer \u00e0 la maison, de la sortir du plastique et de la mettre dans des sacs r\u00e9utilisables. Vous r\u00e9duirez ainsi consid\u00e9rablement la quantit\u00e9 de d\u00e9chets que vous devrez transporter sur votre dos (s&#039;ouvre dans un nouvel onglet).\" href=\"https:\/\/travesiapirenaica.com\/fr\/nourriture-pour-le-montana\/\" target=\"_blank\">la nourriture que vous emporterez dans votre sac \u00e0 dos<\/a><\/strong>. De nos jours, chaque aliment est g\u00e9n\u00e9ralement emball\u00e9 dans un sac en plastique. Si vous transportez de la nourriture sur votre dos pendant plusieurs jours, il est conseill\u00e9 de la pr\u00e9parer \u00e0 la maison \u00e0 l'avance, de la sortir de son plastique d'origine et de la mettre dans un sac en plastique. <strong>sacs r\u00e9utilisables<\/strong>. Cela r\u00e9duira consid\u00e9rablement la quantit\u00e9 de d\u00e9chets que vous devrez porter sur votre dos.<\/p>\n\n\n\n<figure class=\"wp-block-image\"><img loading=\"lazy\" decoding=\"async\" width=\"760\" height=\"500\" src=\"https:\/\/travesiapirenaica.com\/wp-content\/uploads\/2018\/05\/lucie-hosova-372401-unsplash.jpg_760x500.jpg\" alt=\"Pourquoi la randonn\u00e9e peut-elle \u00eatre une opportunit\u00e9 pour le tourisme durable ? \/ Photo : Lucie Hosova\" class=\"wp-image-7736\" srcset=\"https:\/\/travesiapirenaica.com\/wp-content\/uploads\/2018\/05\/lucie-hosova-372401-unsplash.jpg_760x500.jpg 760w, https:\/\/travesiapirenaica.com\/wp-content\/uploads\/2018\/05\/lucie-hosova-372401-unsplash.jpg_760x500-600x395.jpg 600w, https:\/\/travesiapirenaica.com\/wp-content\/uploads\/2018\/05\/lucie-hosova-372401-unsplash.jpg_760x500-300x197.jpg 300w, https:\/\/travesiapirenaica.com\/wp-content\/uploads\/2018\/05\/lucie-hosova-372401-unsplash.jpg_760x500-100x65.jpg 100w, https:\/\/travesiapirenaica.com\/wp-content\/uploads\/2018\/05\/lucie-hosova-372401-unsplash.jpg_760x500-260x170.jpg 260w, https:\/\/travesiapirenaica.com\/wp-content\/uploads\/2018\/05\/lucie-hosova-372401-unsplash.jpg_760x500-759x500.jpg 759w\" sizes=\"auto, (max-width: 760px) 100vw, 760px\" \/><figcaption>Pourquoi la randonn\u00e9e peut-elle \u00eatre une opportunit\u00e9 pour le tourisme durable ? \/ Photo : Lucie Hosova<\/figcaption><\/figure>\n\n\n\n<p class=\"has-background\" style=\"background-color:#eeeeee\"><strong>LIRE AUSSI :<\/strong> <a href=\"https:\/\/travesiapirenaica.com\/fr\/randonnee-tourisme-durable\/\" target=\"_blank\" rel=\"noreferrer noopener\" aria-label=\"Pourquoi la randonn\u00e9e peut \u00eatre la grande chance du tourisme durable&quot; (s&#039;ouvre dans un nouvel onglet)\"><strong>Pourquoi la randonn\u00e9e peut-elle \u00eatre une excellente opportunit\u00e9 pour le tourisme durable ?<\/strong>\"<\/a><\/p>\n\n\n\n<h3 class=\"wp-block-heading\">Randonn\u00e9e et camping en terrain accident\u00e9<\/h3>\n\n\n\n<p>L'afflux important de personnes dans les montagnes entra\u00eene une augmentation du nombre de sentiers bien balis\u00e9s. Cela s'explique par le fait que<strong> l'\u00e9rosion \u00e0 laquelle le terrain est expos\u00e9 est tr\u00e8s importante<\/strong>. Par cons\u00e9quent, le nombre de sentiers ou de chemins menant au m\u00eame endroit s'est multipli\u00e9. <strong>Essayez de rester sur le bon chemin, et restez-y.<\/strong>. N'essayez pas de couper \u00e0 travers les prairies ou les for\u00eats, car vous perturberiez l'\u00e9cosyst\u00e8me. D'autre part, il ne faut pas essayer de couper \u00e0 travers des prairies ou des for\u00eats, <strong>les tentes laissent \u00e9galement une grande empreinte<\/strong>. En effet, passer des heures allong\u00e9 sur le sol signifie que le sol est pi\u00e9tin\u00e9 et marqu\u00e9. Les surfaces les plus adapt\u00e9es au camping sont les pierres, le gravier, les prairies s\u00e8ches ou la neige. Bien que l'herbe fra\u00eeche soit la plus confortable, camper dessus aggrave l'\u00e9rosion du terrain. En haute montagne, il existe de nombreuses zones appel\u00e9es <a href=\"https:\/\/travesiapirenaica.com\/fr\/equipement-de-bivouac\/\"><strong>bivouacs pr\u00eats pour le camping<\/strong><\/a>. Ils offrent juste assez d'espace pour planter une tente et sont g\u00e9n\u00e9ralement bien \u00e9quip\u00e9s. Le sol est g\u00e9n\u00e9ralement aplani, apr\u00e8s avoir \u00e9t\u00e9 d\u00e9barrass\u00e9 de toutes les pierres. En outre, de nombreux bivouacs sont situ\u00e9s dans des endroits prot\u00e9g\u00e9s tels que des grottes. Il n'est pas recommand\u00e9 de cr\u00e9er un nouveau bivouac \u00e0 chaque fois que vous devez camper ; en revanche, profitez des espaces d\u00e9j\u00e0 am\u00e9nag\u00e9s. Et surtout <strong>respecter les r\u00e8gles de camping et de bivouac de la r\u00e9gion.<\/strong>Veuillez noter que chaque espace a ses propres r\u00e8gles.&nbsp;<\/p>\n\n\n\n<h3 class=\"wp-block-heading\">Emportez tous vos d\u00e9chets ou ordures<\/h3>\n\n\n\n<p>Ce principe consiste \u00e0 <strong>laisser la montagne en l'\u00e9tat ou la nettoyer<\/strong>. Veillez \u00e0 ne pas laisser de d\u00e9chets \u00e0 l'endroit o\u00f9 vous avez camp\u00e9 ou dormi. <strong><a rel=\"noreferrer noopener\" aria-label=\"Ce principe consiste \u00e0 laisser la montagne telle qu&#039;elle \u00e9tait, ou plus propre. Essayez de ne pas laisser de d\u00e9chets \u00e0 l&#039;endroit o\u00f9 vous avez camp\u00e9 ou dormi. Il est recommand\u00e9 d&#039;\u00e9viter l&#039;utilisation de plastique. De plus, comme il n&#039;y a pas de toilettes en montagne, vous devez faire vos besoins en plein air. Dans certains endroits abrit\u00e9s, il convient de recueillir les d\u00e9chets solides dans un sac ; dans d&#039;autres, il suffit de les recouvrir de pierres ou de terre. Il ne faut jamais faire ses besoins dans les rivi\u00e8res ou les lacs (s&#039;ouvre dans un nouvel onglet).\" href=\"https:\/\/travesiapirenaica.com\/fr\/le-probleme-du-plastique-dans-lenvironnement\/\" target=\"_blank\">Il est recommand\u00e9 d'\u00e9viter l'utilisation de plastiques<\/a><\/strong>. De plus, il n'y a pas de toilettes en montagne, <a rel=\"noreferrer noopener\" aria-label=\"Ce principe consiste \u00e0 laisser la montagne telle qu&#039;elle \u00e9tait, ou plus propre. Essayez de ne pas laisser de d\u00e9chets \u00e0 l&#039;endroit o\u00f9 vous avez camp\u00e9 ou dormi. Il est recommand\u00e9 d&#039;\u00e9viter l&#039;utilisation de plastique. De plus, comme il n&#039;y a pas de toilettes en montagne, vous devez faire vos besoins en plein air. Dans certains endroits abrit\u00e9s, les d\u00e9chets solides doivent \u00eatre recueillis dans un sac ; dans d&#039;autres, il suffit de les recouvrir de pierres ou de terre. Il ne faut jamais faire ses besoins au bord d&#039;une rivi\u00e8re ou d&#039;un lac (s&#039;ouvre dans un nouvel onglet).\" href=\"https:\/\/travesiapirenaica.com\/fr\/comment-chier-dans-la-brousse\/\" target=\"_blank\">doit se faire \u00e0 l'air libre.<\/a>. Dans certains endroits abrit\u00e9s, les d\u00e9chets solides doivent \u00eatre recueillis dans un sac ; dans d'autres, il suffit de les recouvrir de pierres ou de terre. Ne faites jamais vos besoins au bord d'une rivi\u00e8re ou d'un lac.<\/p>\n\n\n\n<figure class=\"wp-block-image\"><img loading=\"lazy\" decoding=\"async\" width=\"800\" height=\"1000\" src=\"https:\/\/travesiapirenaica.com\/wp-content\/uploads\/2018\/11\/Basura-en-la-monta\u00f1a_by-evan-brockett_800x1000.jpg\" alt=\"Emportez tous vos d\u00e9chets \/ Photo : Evan Brockett\" class=\"wp-image-11433\" srcset=\"https:\/\/travesiapirenaica.com\/wp-content\/uploads\/2018\/11\/Basura-en-la-monta\u00f1a_by-evan-brockett_800x1000.jpg 800w, https:\/\/travesiapirenaica.com\/wp-content\/uploads\/2018\/11\/Basura-en-la-monta\u00f1a_by-evan-brockett_800x1000-600x750.jpg 600w, https:\/\/travesiapirenaica.com\/wp-content\/uploads\/2018\/11\/Basura-en-la-monta\u00f1a_by-evan-brockett_800x1000-240x300.jpg 240w, https:\/\/travesiapirenaica.com\/wp-content\/uploads\/2018\/11\/Basura-en-la-monta\u00f1a_by-evan-brockett_800x1000-768x960.jpg 768w\" sizes=\"auto, (max-width: 800px) 100vw, 800px\" \/><figcaption>Emportez tous vos d\u00e9chets \/ Photo : Evan Brockett<\/figcaption><\/figure>\n\n\n\n<h3 class=\"wp-block-heading\">Ne pas faire de feu en plein air<\/h3>\n\n\n\n<p>Faire du feu est l'une des habitudes les plus destructrices. Ne faites pas de feu, sauf si c'est une n\u00e9cessit\u00e9 due au froid. Si vous le faites - ce sera normalement une option interdite dans l'espace naturel o\u00f9 vous vous trouvez - assurez-vous qu'il est petit et qu'il br\u00fble uniquement avec du bois, sans utiliser de produits chimiques. D'autre part, veillez \u00e0 l'\u00e9teindre correctement. Faire des feux de joie en montagne est une habitude qui peut affecter la pollution et augmenter les incendies de for\u00eat, sans compter qu'elle est normalement totalement interdite.<\/p>\n\n\n\n<h3 class=\"wp-block-heading\">Laissez intact ce que vous voyez<\/h3>\n\n\n\n<p>Ne manipulez pas les plantes ou les pierres que vous voyez pour obtenir la photo parfaite. Ne touchez pas les plantes ou les monuments culturels ou historiques.<\/p>\n\n\n\n<figure class=\"wp-block-image\"><img loading=\"lazy\" decoding=\"async\" width=\"800\" height=\"600\" src=\"https:\/\/travesiapirenaica.com\/wp-content\/uploads\/2018\/11\/Leave-no-trace_by-qingbao-meng_800x600.jpg\" alt=\"Laissez ce que vous voyez intact \/ Photo : Qingbao Meng\" class=\"wp-image-11435\" srcset=\"https:\/\/travesiapirenaica.com\/wp-content\/uploads\/2018\/11\/Leave-no-trace_by-qingbao-meng_800x600.jpg 800w, https:\/\/travesiapirenaica.com\/wp-content\/uploads\/2018\/11\/Leave-no-trace_by-qingbao-meng_800x600-600x450.jpg 600w, https:\/\/travesiapirenaica.com\/wp-content\/uploads\/2018\/11\/Leave-no-trace_by-qingbao-meng_800x600-300x225.jpg 300w, https:\/\/travesiapirenaica.com\/wp-content\/uploads\/2018\/11\/Leave-no-trace_by-qingbao-meng_800x600-768x576.jpg 768w\" sizes=\"auto, (max-width: 800px) 100vw, 800px\" \/><figcaption>Laissez ce que vous voyez intact \/ Photo : Qingbao Meng<\/figcaption><\/figure>\n\n\n\n<h3 class=\"wp-block-heading\">Respecter la faune et la flore<\/h3>\n\n\n\n<p>Laissez tranquilles les animaux que vous rencontrez au cours de votre voyage. Il faut perturber le moins possible leur vie quotidienne. Pour cela, il est conseill\u00e9 de ne pas s'approcher trop pr\u00e8s, de ne pas les nourrir et de ne pas les poursuivre. En outre, <strong><a href=\"https:\/\/travesiapirenaica.com\/fr\/randonnee-avec-des-chiens\/\" target=\"_blank\" rel=\"noreferrer noopener\" aria-label=\"Laissez tranquilles les animaux que vous pouvez rencontrer au cours de votre voyage. Leur vie quotidienne doit \u00eatre d\u00e9rang\u00e9e le moins possible. Pour cela, il est conseill\u00e9 de ne pas s&#039;en approcher, de ne pas les nourrir et de ne pas les poursuivre. De plus, si vous avez un animal domestique avec vous, gardez-le toujours sous surveillance ou en laisse. Les chiens, par exemple, attaquent souvent les moutons qui s&#039;enfuient, compliquant ainsi le travail des bergers et des \u00e9leveurs (s&#039;ouvre dans un nouvel onglet).\">si vous avez un animal domestique avec vous<\/a><\/strong>Il faut toujours le garder ou le tenir en laisse. Les chiens, par exemple, attaquent souvent les moutons, qui s'enfuient, ce qui complique le travail des bergers et des agriculteurs.<\/p>\n\n\n\n<h3 class=\"wp-block-heading\">Tenir compte des autres visiteurs<\/h3>\n\n\n\n<p><strong>N'oubliez pas que vous n'\u00eates pas seul dans les montagnes<\/strong>. Essayez de d\u00e9ranger le moins possible les autres alpinistes : surveillez votre animal de compagnie, ne criez pas, ne mettez pas de musique forte, ne campez pas \u00e0 proximit\u00e9 des sentiers fr\u00e9quent\u00e9s et c\u00e9dez le passage aux alpinistes qui montent.<\/p>\n\n\n\n<hr class=\"wp-block-separator\"\/>","protected":false},"excerpt":{"rendered":"La pr\u00e9sence humaine en montagne ne doit pas \u00eatre perceptible. La philosophie qui consiste \u00e0 ne laisser aucune trace o\u00f9 que l'on aille exige des comportements simples qui, s'ils sont respect\u00e9s, contribueront grandement \u00e0 pr\u00e9server la nature intacte.","protected":false},"author":1,"featured_media":11432,"comment_status":"closed","ping_status":"closed","sticky":false,"template":"","format":"image","meta":{"_kad_blocks_custom_css":"","_kad_blocks_head_custom_js":"","_kad_blocks_body_custom_js":"","_kad_blocks_footer_custom_js":"","episode_type":"audio","audio_file":"","podmotor_file_id":"","podmotor_episode_id":"","cover_image":"","cover_image_id":"","duration":"","filesize":"","filesize_raw":"","date_recorded":"","explicit":"","block":"","_kad_post_transparent":"","_kad_post_title":"","_kad_post_layout":"","_kad_post_sidebar_id":"","_kad_post_content_style":"","_kad_post_vertical_padding":"","_kad_post_feature":"","_kad_post_feature_position":"","_kad_post_header":false,"_kad_post_footer":false,"_kad_post_classname":"","_jetpack_memberships_contains_paid_content":false,"footnotes":""},"categories":[3008],"tags":[],"series":[],"class_list":["post-11419","post","type-post","status-publish","format-image","has-post-thumbnail","hentry","category-ecologia-medio-ambiente","post_format-post-format-image"],"episode_featured_image":"https:\/\/travesiapirenaica.com\/wp-content\/uploads\/2018\/11\/Leave-no-trace_by-val-vesa_800x600.jpg","episode_player_image":"https:\/\/travesiapirenaica.com\/wp-content\/uploads\/2017\/12\/Caratula-Podcast-Maldita-Montana_1500x1500_72pp-p_.jpg","download_link":"","player_link":"","audio_player":false,"episode_data":{"playerMode":"dark","subscribeUrls":[],"rssFeedUrl":"https:\/\/travesiapirenaica.com\/fr\/feed\/podcast\/maldita-montana","embedCode":"<blockquote class=\"wp-embedded-content\" data-secret=\"u8UJyjcATc\"><a href=\"https:\/\/travesiapirenaica.com\/fr\/leave-no-trace\/\">La filosof\u00eda del \u00ableave no trace\u00bb<\/a><\/blockquote><iframe sandbox=\"allow-scripts\" security=\"restricted\" src=\"https:\/\/travesiapirenaica.com\/fr\/leave-no-trace\/embed\/#?secret=u8UJyjcATc\" width=\"500\" height=\"350\" title=\"\u00ab\u00a0La filosof\u00eda del \u00ableave no trace\u00bb\u00a0\u00bb &#8212; Traves\u00eda.\" data-secret=\"u8UJyjcATc\" frameborder=\"0\" marginwidth=\"0\" marginheight=\"0\" scrolling=\"no\" class=\"wp-embedded-content\"><\/iframe><script>\n\/*! This file is auto-generated *\/\n!function(d,l){\"use strict\";l.querySelector&&d.addEventListener&&\"undefined\"!=typeof URL&&(d.wp=d.wp||{},d.wp.receiveEmbedMessage||(d.wp.receiveEmbedMessage=function(e){var t=e.data;if((t||t.secret||t.message||t.value)&&!\/[^a-zA-Z0-9]\/.test(t.secret)){for(var s,r,n,a=l.querySelectorAll('iframe[data-secret=\"'+t.secret+'\"]'),o=l.querySelectorAll('blockquote[data-secret=\"'+t.secret+'\"]'),c=new RegExp(\"^https?:$\",\"i\"),i=0;i<o.length;i++)o[i].style.display=\"none\";for(i=0;i<a.length;i++)s=a[i],e.source===s.contentWindow&&(s.removeAttribute(\"style\"),\"height\"===t.message?(1e3<(r=parseInt(t.value,10))?r=1e3:~~r<200&&(r=200),s.height=r):\"link\"===t.message&&(r=new URL(s.getAttribute(\"src\")),n=new URL(t.value),c.test(n.protocol))&&n.host===r.host&&l.activeElement===s&&(d.top.location.href=t.value))}},d.addEventListener(\"message\",d.wp.receiveEmbedMessage,!1),l.addEventListener(\"DOMContentLoaded\",function(){for(var e,t,s=l.querySelectorAll(\"iframe.wp-embedded-content\"),r=0;r<s.length;r++)(t=(e=s[r]).getAttribute(\"data-secret\"))||(t=Math.random().toString(36).substring(2,12),e.src+=\"#?secret=\"+t,e.setAttribute(\"data-secret\",t)),e.contentWindow.postMessage({message:\"ready\",secret:t},\"*\")},!1)))}(window,document);\n\/\/# sourceURL=https:\/\/travesiapirenaica.com\/wp-includes\/js\/wp-embed.min.js\n<\/script>\n"},"taxonomy_info":{"category":[{"value":3008,"label":"Ecolog\u00eda \/ Medio ambiente"}]},"featured_image_src_large":["https:\/\/travesiapirenaica.com\/wp-content\/uploads\/2018\/11\/Leave-no-trace_by-val-vesa_800x600.jpg",800,600,false],"author_info":{"display_name":"Traves\u00eda Pirenaica","author_link":"https:\/\/travesiapirenaica.com\/fr\/author\/travesia-pirenaica\/"},"comment_info":0,"category_info":[{"term_id":3008,"name":"Ecolog\u00eda \/ Medio ambiente","slug":"ecologia-medio-ambiente","term_group":0,"term_taxonomy_id":3024,"taxonomy":"category","description":"Ecolog\u00eda \/ Medio ambiente","parent":0,"count":26,"filter":"raw","cat_ID":3008,"category_count":26,"category_description":"Ecolog\u00eda \/ Medio ambiente","cat_name":"Ecolog\u00eda \/ Medio ambiente","category_nicename":"ecologia-medio-ambiente","category_parent":0}],"tag_info":false,"jetpack_featured_media_url":"https:\/\/travesiapirenaica.com\/wp-content\/uploads\/2018\/11\/Leave-no-trace_by-val-vesa_800x600.jpg","jetpack_sharing_enabled":true,"_links":{"self":[{"href":"https:\/\/travesiapirenaica.com\/fr\/wp-json\/wp\/v2\/posts\/11419","targetHints":{"allow":["GET"]}}],"collection":[{"href":"https:\/\/travesiapirenaica.com\/fr\/wp-json\/wp\/v2\/posts"}],"about":[{"href":"https:\/\/travesiapirenaica.com\/fr\/wp-json\/wp\/v2\/types\/post"}],"author":[{"embeddable":true,"href":"https:\/\/travesiapirenaica.com\/fr\/wp-json\/wp\/v2\/users\/1"}],"replies":[{"embeddable":true,"href":"https:\/\/travesiapirenaica.com\/fr\/wp-json\/wp\/v2\/comments?post=11419"}],"version-history":[{"count":0,"href":"https:\/\/travesiapirenaica.com\/fr\/wp-json\/wp\/v2\/posts\/11419\/revisions"}],"wp:featuredmedia":[{"embeddable":true,"href":"https:\/\/travesiapirenaica.com\/fr\/wp-json\/wp\/v2\/media\/11432"}],"wp:attachment":[{"href":"https:\/\/travesiapirenaica.com\/fr\/wp-json\/wp\/v2\/media?parent=11419"}],"wp:term":[{"taxonomy":"category","embeddable":true,"href":"https:\/\/travesiapirenaica.com\/fr\/wp-json\/wp\/v2\/categories?post=11419"},{"taxonomy":"post_tag","embeddable":true,"href":"https:\/\/travesiapirenaica.com\/fr\/wp-json\/wp\/v2\/tags?post=11419"},{"taxonomy":"series","embeddable":true,"href":"https:\/\/travesiapirenaica.com\/fr\/wp-json\/wp\/v2\/series?post=11419"}],"curies":[{"name":"wp","href":"https:\/\/api.w.org\/{rel}","templated":true}]}}