{"id":13383,"date":"2019-01-25T12:50:52","date_gmt":"2019-01-25T11:50:52","guid":{"rendered":"https:\/\/travesiapirenaica.com\/?p=13383"},"modified":"2021-08-12T17:20:28","modified_gmt":"2021-08-12T15:20:28","slug":"la-neige-est-enfin-la","status":"publish","type":"post","link":"https:\/\/travesiapirenaica.com\/fr\/por-fin-llego-la-nieve\/","title":{"rendered":"La neige est enfin l\u00e0 !"},"content":{"rendered":"<p>Bien qu'avec un peu de retard, les plus importantes chutes de neige de l'hiver sont d\u00e9j\u00e0 l\u00e0. Les stations de ski des Pyr\u00e9n\u00e9es, de la Sierra Nevada et des Alpes se pr\u00e9sentent d\u00e9j\u00e0 sous leur meilleur jour pour profiter pleinement de la neige.<\/p>\n\n\n\n<p>Ces derniers jours, nous avons pu observer des \u00e9paisseurs comprises entre 35 et 100 cm et une grande partie des domaines skiables ont \u00e9t\u00e9 ouverts. <strong><a rel=\"noreferrer noopener\" aria-label=\"Vous souhaitez conna\u00eetre les pr\u00e9visions d&#039;enneigement, les \u00e9paisseurs et les pistes ouvertes dans chaque station (s&#039;ouvre dans un nouvel onglet) ?\" href=\"https:\/\/www.esqui.com\/\" target=\"_blank\">Vous souhaitez conna\u00eetre les pr\u00e9visions d'enneigement, les \u00e9paisseurs et les pistes ouvertes dans chaque station ?<\/a><\/strong> Nous vous en parlerons !<\/p>\n\n\n\n<h2 class=\"wp-block-heading\"><strong>Pr\u00e9visions d'enneigement dans les stations des Pyr\u00e9n\u00e9es, des Alpes et de la Sierra Nevada<\/strong><\/h2>\n\n\n\n<p>Les attentes \u00e9taient tr\u00e8s bonnes au d\u00e9but de cette saison, mais la v\u00e9rit\u00e9, c'est que <strong><a rel=\"noreferrer noopener\" aria-label=\"le meilleur moment pour skier, c&#039;est maintenant (s&#039;ouvre dans un nouvel onglet)\" href=\"https:\/\/www.esqui.com\/es_ES\/ofertas-hotel-mas-forfait-esqui\" target=\"_blank\">le meilleur moment pour skier, c'est maintenant<\/a><\/strong> apr\u00e8s la temp\u00eate de neige qui a touch\u00e9 pratiquement toutes les grandes stations de ski.<\/p>\n\n\n\n<h3 class=\"wp-block-heading\"><strong>\u00c9paisseur de la neige et\nkilom\u00e8tres skiables<\/strong><\/h3>\n\n\n\n<p>De nombreuses stations commencent \u00e0 ouvrir davantage de pistes, compte tenu des derni\u00e8res chutes de neige, mais il faut encore attendre que les pr\u00e9visions m\u00e9t\u00e9orologiques, qui sont clairement favorables pour la semaine prochaine, s'am\u00e9liorent.<\/p>\n\n\n\n<ul class=\"wp-block-list\"><li><strong>Grandvalira.<\/strong> Les pr\u00e9visions d'enneigement pour la station de Grandvalira font \u00e9tat d'une \u00e9paisseur minimale de 30 cm et d'une \u00e9paisseur maximale de 135 cm. On s'attend \u00e9galement \u00e0 ce que 145 km des 210 km de pistes skiables soient ouverts et qu'un total de 86 des 127 pistes soient ouvertes. <\/li><li><strong>Formigal. <\/strong>On nous annonce ici une \u00e9paisseur comprise entre 30 et 85 cm, et 37 kilom\u00e8tres skiables sur ses 141 km. <\/li><li><strong>Aramon Cerler. <\/strong>A la station de la <a href=\"https:\/\/travesiapirenaica.com\/fr\/itineraires-dans-les-pyrenees-aragonaises\/\" target=\"_blank\" rel=\"noreferrer noopener\" aria-label=\"Pyr\u00e9n\u00e9es aragonaises (ouvre un nouvel onglet)\">Pyr\u00e9n\u00e9es aragonaises <\/a>33 pistes sur 68 sont ouvertes, avec une \u00e9paisseur de 50 \u00e0 100 cm et un risque important de pr\u00e9cipitations, avec 37 km skiables. <\/li><li><strong>La Molina. <\/strong>En ce moment, il y a environ 40 pistes ouvertes sur 66 et un total de 38 km de pistes skiables. L'\u00e9paisseur de la neige se situe entre 30 et 60 cm, le risque d'avalanche est tr\u00e8s faible et le temps est bon pour cette semaine, sans pr\u00e9cipitations, mais tr\u00e8s froid. <\/li><li><strong>Baqueira-Beret. <\/strong>Les conditions m\u00e9t\u00e9orologiques \u00e9tant d\u00e9favorables, l'ouverture n'est que partielle. Cependant, dans les prochains jours, lorsque le temps changera, les conditions seront magnifiques. L'\u00e9paisseur minimale de la neige est de 125 cm et l'\u00e9paisseur maximale de 155 cm. <\/li><li><strong>Candanch\u00fa. <\/strong>Le bulletin d'enneigement d'aujourd'hui pr\u00e9voit une \u00e9paisseur minimale de 40 cm et une \u00e9paisseur maximale de 80 cm. 23 pistes sur 51 ont \u00e9t\u00e9 ouvertes et il y a environ 19 pistes skiables. <\/li><li><strong>Sierra Nevada. <\/strong>Sans doute l'une des meilleures conditions, avec une \u00e9paisseur minimale de 20 cm et maximale de 200 cm. Il y a 118 pistes ouvertes sur 131 et 21 remont\u00e9es m\u00e9caniques ouvertes, avec un total de 98,2 km skiables. La visibilit\u00e9 est bonne et il n'y aura pratiquement pas de pr\u00e9cipitations au cours des prochains jours. <\/li><\/ul>\n\n\n\n<p>Dans les stations alpines, nous trouvons une \u00e9paisseur de neige de 89-100 cm \u00e0 l'Alpe D'Huez, bien qu'il y ait un risque de chutes de neige \u00e0 partir de la semaine prochaine. Les conditions d'enneigement sont \u00e9galement excellentes \u00e0 Val Thorens, avec une \u00e9paisseur de 131-165 cm et jusqu'\u00e0 79 pistes ouvertes. Ou encore \u00e0 Avoriaz, avec une \u00e9paisseur de 106-185 cm et jusqu'\u00e0 47 pistes ouvertes sur 51.<\/p>\n\n\n\n<p>En r\u00e9alit\u00e9, bien que les chutes de neige se poursuivent, le beau temps va bient\u00f4t arriver et les pr\u00e9visions indiquent une augmentation de l'\u00e9paisseur de la neige dans les stations, en particulier dans les Pyr\u00e9n\u00e9es.<\/p>\n\n\n\n<p>Pr\u00e9parez-vous \u00e0 profiter de la neige cette fois-ci !  <\/p>","protected":false},"excerpt":{"rendered":"Bien qu'avec un peu de retard, les plus importantes chutes de neige de l'hiver sont d\u00e9j\u00e0 l\u00e0. Les stations de ski des Pyr\u00e9n\u00e9es, de la Sierra Nevada et des Alpes se pr\u00e9sentent d\u00e9j\u00e0 sous leur meilleur jour pour profiter pleinement de la neige.","protected":false},"author":1,"featured_media":13385,"comment_status":"closed","ping_status":"closed","sticky":false,"template":"","format":"image","meta":{"_kad_blocks_custom_css":"","_kad_blocks_head_custom_js":"","_kad_blocks_body_custom_js":"","_kad_blocks_footer_custom_js":"","episode_type":"","audio_file":"","podmotor_file_id":"","podmotor_episode_id":"","cover_image":"","cover_image_id":"","duration":"","filesize":"","filesize_raw":"","date_recorded":"","explicit":"","block":"","_kad_post_transparent":"","_kad_post_title":"","_kad_post_layout":"","_kad_post_sidebar_id":"","_kad_post_content_style":"","_kad_post_vertical_padding":"","_kad_post_feature":"","_kad_post_feature_position":"","_kad_post_header":false,"_kad_post_footer":false,"_kad_post_classname":"","_jetpack_memberships_contains_paid_content":false,"footnotes":""},"categories":[2947],"tags":[],"series":[],"class_list":["post-13383","post","type-post","status-publish","format-image","has-post-thumbnail","hentry","category-deportes-de-nieve","post_format-post-format-image"],"episode_featured_image":"https:\/\/travesiapirenaica.com\/wp-content\/uploads\/2019\/01\/lleg\u00f3-la-nieve_by-ben-koorengevel-unsplash_800x600.jpg","episode_player_image":"https:\/\/travesiapirenaica.com\/wp-content\/uploads\/2017\/12\/Caratula-Podcast-Maldita-Montana_1500x1500_72pp-p_.jpg","download_link":"","player_link":"","audio_player":false,"episode_data":{"playerMode":"dark","subscribeUrls":[],"rssFeedUrl":"https:\/\/travesiapirenaica.com\/fr\/feed\/podcast\/maldita-montana","embedCode":"<blockquote class=\"wp-embedded-content\" data-secret=\"86yseMOMrd\"><a href=\"https:\/\/travesiapirenaica.com\/fr\/por-fin-llego-la-nieve\/\">\u00a1Por fin lleg\u00f3 la nieve!<\/a><\/blockquote><iframe sandbox=\"allow-scripts\" security=\"restricted\" src=\"https:\/\/travesiapirenaica.com\/fr\/por-fin-llego-la-nieve\/embed\/#?secret=86yseMOMrd\" width=\"500\" height=\"350\" title=\"\u00ab\u00a0\u00a1Por fin lleg\u00f3 la nieve!\u00a0\u00bb &#8212; Traves\u00eda.\" data-secret=\"86yseMOMrd\" frameborder=\"0\" marginwidth=\"0\" marginheight=\"0\" scrolling=\"no\" class=\"wp-embedded-content\"><\/iframe><script>\n\/*! This file is auto-generated *\/\n!function(d,l){\"use strict\";l.querySelector&&d.addEventListener&&\"undefined\"!=typeof URL&&(d.wp=d.wp||{},d.wp.receiveEmbedMessage||(d.wp.receiveEmbedMessage=function(e){var t=e.data;if((t||t.secret||t.message||t.value)&&!\/[^a-zA-Z0-9]\/.test(t.secret)){for(var s,r,n,a=l.querySelectorAll('iframe[data-secret=\"'+t.secret+'\"]'),o=l.querySelectorAll('blockquote[data-secret=\"'+t.secret+'\"]'),c=new RegExp(\"^https?:$\",\"i\"),i=0;i<o.length;i++)o[i].style.display=\"none\";for(i=0;i<a.length;i++)s=a[i],e.source===s.contentWindow&&(s.removeAttribute(\"style\"),\"height\"===t.message?(1e3<(r=parseInt(t.value,10))?r=1e3:~~r<200&&(r=200),s.height=r):\"link\"===t.message&&(r=new URL(s.getAttribute(\"src\")),n=new URL(t.value),c.test(n.protocol))&&n.host===r.host&&l.activeElement===s&&(d.top.location.href=t.value))}},d.addEventListener(\"message\",d.wp.receiveEmbedMessage,!1),l.addEventListener(\"DOMContentLoaded\",function(){for(var e,t,s=l.querySelectorAll(\"iframe.wp-embedded-content\"),r=0;r<s.length;r++)(t=(e=s[r]).getAttribute(\"data-secret\"))||(t=Math.random().toString(36).substring(2,12),e.src+=\"#?secret=\"+t,e.setAttribute(\"data-secret\",t)),e.contentWindow.postMessage({message:\"ready\",secret:t},\"*\")},!1)))}(window,document);\n\/\/# sourceURL=https:\/\/travesiapirenaica.com\/wp-includes\/js\/wp-embed.min.js\n<\/script>\n"},"taxonomy_info":{"category":[{"value":2947,"label":"Deportes de nieve"}]},"featured_image_src_large":["https:\/\/travesiapirenaica.com\/wp-content\/uploads\/2019\/01\/lleg\u00f3-la-nieve_by-ben-koorengevel-unsplash_800x600.jpg",800,600,false],"author_info":{"display_name":"Traves\u00eda Pirenaica","author_link":"https:\/\/travesiapirenaica.com\/fr\/author\/travesia-pirenaica\/"},"comment_info":0,"category_info":[{"term_id":2947,"name":"Deportes de nieve","slug":"deportes-de-nieve","term_group":0,"term_taxonomy_id":2963,"taxonomy":"category","description":"Deportes de nieve","parent":1577,"count":10,"filter":"raw","cat_ID":2947,"category_count":10,"category_description":"Deportes de nieve","cat_name":"Deportes de nieve","category_nicename":"deportes-de-nieve","category_parent":1577}],"tag_info":false,"jetpack_featured_media_url":"https:\/\/travesiapirenaica.com\/wp-content\/uploads\/2019\/01\/lleg\u00f3-la-nieve_by-ben-koorengevel-unsplash_800x600.jpg","jetpack_sharing_enabled":true,"_links":{"self":[{"href":"https:\/\/travesiapirenaica.com\/fr\/wp-json\/wp\/v2\/posts\/13383","targetHints":{"allow":["GET"]}}],"collection":[{"href":"https:\/\/travesiapirenaica.com\/fr\/wp-json\/wp\/v2\/posts"}],"about":[{"href":"https:\/\/travesiapirenaica.com\/fr\/wp-json\/wp\/v2\/types\/post"}],"author":[{"embeddable":true,"href":"https:\/\/travesiapirenaica.com\/fr\/wp-json\/wp\/v2\/users\/1"}],"replies":[{"embeddable":true,"href":"https:\/\/travesiapirenaica.com\/fr\/wp-json\/wp\/v2\/comments?post=13383"}],"version-history":[{"count":0,"href":"https:\/\/travesiapirenaica.com\/fr\/wp-json\/wp\/v2\/posts\/13383\/revisions"}],"wp:featuredmedia":[{"embeddable":true,"href":"https:\/\/travesiapirenaica.com\/fr\/wp-json\/wp\/v2\/media\/13385"}],"wp:attachment":[{"href":"https:\/\/travesiapirenaica.com\/fr\/wp-json\/wp\/v2\/media?parent=13383"}],"wp:term":[{"taxonomy":"category","embeddable":true,"href":"https:\/\/travesiapirenaica.com\/fr\/wp-json\/wp\/v2\/categories?post=13383"},{"taxonomy":"post_tag","embeddable":true,"href":"https:\/\/travesiapirenaica.com\/fr\/wp-json\/wp\/v2\/tags?post=13383"},{"taxonomy":"series","embeddable":true,"href":"https:\/\/travesiapirenaica.com\/fr\/wp-json\/wp\/v2\/series?post=13383"}],"curies":[{"name":"wp","href":"https:\/\/api.w.org\/{rel}","templated":true}]}}