{"id":1413,"date":"2020-07-19T07:25:00","date_gmt":"2020-07-19T05:25:00","guid":{"rendered":"http:\/\/travesiapirenaica.com\/?p=1413"},"modified":"2024-06-28T12:49:11","modified_gmt":"2024-06-28T10:49:11","slug":"pyrenees-ibones-anayet-peak","status":"publish","type":"post","link":"https:\/\/travesiapirenaica.com\/fr\/pirineos-pico-los-ibones-anayet\/","title":{"rendered":"Ibones de Anayet"},"content":{"rendered":"<p>Lorsque vous p\u00e9n\u00e9trez dans le merveilleux parc des Pyr\u00e9n\u00e9es, l'une de vos \u00e9tapes obligatoires est la promenade autour des Ibones de Anayet. <\/p>\n\n\n<div class=\"wp-block-image wp-image-1415 size-large\">\n<figure class=\"aligncenter\"><img decoding=\"async\" src=\"http:\/\/travesiapirenaica.com\/wp-content\/uploads\/2016\/06\/Anayet_montanasaqueras-1024x867.jpg\" alt=\"Anayet_montanasaqueras\" class=\"wp-image-1415\"\/><figcaption class=\"wp-element-caption\">Pic d'Anayet depuis les Ibones du m\u00eame nom \/\/ Photo by @MontanasAqueras<\/figcaption><\/figure>\n<\/div>\n\n\n<p>Les<strong> Lacs Anayet<\/strong> sont un lieu magique. Pensez \u00e0 ce \u00e0 quoi ressemble le mur en face de vous : le Pico del Anayet. Le <strong><a aria-label=\"non d\u00e9fini (ouvre un nouvel onglet)\" href=\"https:\/\/travesiapirenaica.com\/fr\/anayet-apex\/\" target=\"_blank\" rel=\"noreferrer noopener\">Pic d'Anayet<\/a><\/strong> est l'un des classiques des Pyr\u00e9n\u00e9es. Comme son voisin <strong><a aria-label=\"non d\u00e9fini (ouvre un nouvel onglet)\" href=\"https:\/\/travesiapirenaica.com\/fr\/midi-dossau\/\" target=\"_blank\" rel=\"noreferrer noopener\">Midi D'Ossau<\/a><\/strong> doivent leur origine \u00e0 des ph\u00e9nom\u00e8nes volcaniques qui se sont produits apr\u00e8s l'orogen\u00e8se hercynienne et avant l'orogen\u00e8se alpine qui a donn\u00e9 naissance \u00e0 l'actuelle cha\u00eene de montagnes des Pyr\u00e9n\u00e9es. <\/p>\n\n\n\n<p>Tout cela a conduit en 2007 \u00e0 la d\u00e9claration de cette zone <strong>Site d'int\u00e9r\u00eat g\u00e9ologique<\/strong>. Au pied des Ibones d'Anayet, nous aurons une belle vue sur ces deux g\u00e9ants, l'Anayet et son voisin, l'imposant Midi d'Ossau, de l'autre c\u00f4t\u00e9 de la fronti\u00e8re fran\u00e7aise. Cette photo est un must dans l'album de tout bon pyr\u00e9n\u00e9iste. L'acc\u00e8s \u00e0 ces Ibones se fait par une belle promenade, soit \u00e0 partir de l'auberge de jeunesse, soit \u00e0 partir de l'auberge de jeunesse, soit \u00e0 partir de l'auberge de jeunesse. <strong>Station de ski de <\/strong><a aria-label=\"non d\u00e9fini (ouvre un nouvel onglet)\" href=\"https:\/\/travesiapirenaica.com\/fr\/formigal\/\" target=\"_blank\" rel=\"noreferrer noopener\"><strong>Formigal<\/strong>\u00a0<\/a>ou de la vall\u00e9e de l'Aragon, en suivant la <strong>Canal rouille<\/strong> (qui mentionne bien son nom).<\/p>\n\n\n\n<h2 class=\"wp-block-heading\">O\u00f9 peut-on trouver les Ibones de Anayet ?<\/h2>\n\n\n\n<p>Les magnifiques Ibones de Anayet se trouvent sur le territoire communal de Sallent de G\u00e1llego, dans la province de Huesca, \u00e0 2 233 m\u00e8tres d'altitude et au pied du pic d'Anayet, qui culmine \u00e0 2 545 m\u00e8tres.<\/p>\n\n\n\n<p>L'eau des Ibones est pure, transparente, cristalline et provient des pr\u00e9cipitations de l'\u00e9t\u00e9 et de la fonte des neiges ou de l'hiver, du d\u00e9gel et de la nivologie du lieu. Toute l'eau des Ibones d'Anayet tombe d'un endroit connu sous le nom de La Rinconada, qui est devenu un autre arr\u00eat obligatoire si vous visitez le parc des Pyr\u00e9n\u00e9es, o\u00f9 elle donne naissance \u00e0 la rivi\u00e8re du Canal Roya, qui donne naissance \u00e0 la rivi\u00e8re du Canal Roya, un affluent de l'Aragon.<\/p>\n\n\n<style>.kb-row-layout-wrap.wp-block-kadence-rowlayout.kb-row-layout-id1413_c21a2d-a0{margin-top:0px;margin-bottom:var(--global-kb-spacing-xs, 1rem);}.kb-row-layout-id1413_c21a2d-a0 > .kt-row-column-wrap{align-content:start;}:where(.kb-row-layout-id1413_c21a2d-a0 > .kt-row-column-wrap) > .wp-block-kadence-column{justify-content:start;}.kb-row-layout-id1413_c21a2d-a0 > .kt-row-column-wrap{column-gap:var(--global-kb-gap-md, 2rem);row-gap:var(--global-kb-gap-sm, 1rem);max-width:var( --global-content-width, 1290px );padding-left:var(--global-content-edge-padding);padding-right:var(--global-content-edge-padding);padding-top:var(--global-kb-spacing-xxs, 0.5rem);padding-bottom:var(--global-kb-spacing-xs, 1rem);grid-template-columns:minmax(0, 1fr);}.kb-row-layout-id1413_c21a2d-a0{border-top-left-radius:10px;border-top-right-radius:10px;border-bottom-right-radius:10px;border-bottom-left-radius:10px;overflow:clip;isolation:isolate;}.kb-row-layout-id1413_c21a2d-a0 > .kt-row-layout-overlay{border-top-left-radius:10px;border-top-right-radius:10px;border-bottom-right-radius:10px;border-bottom-left-radius:10px;}.kb-row-layout-id1413_c21a2d-a0 > .kt-row-layout-overlay{opacity:0.30;}@media all and (max-width: 1024px){.kb-row-layout-id1413_c21a2d-a0 > .kt-row-column-wrap{row-gap:var(--global-kb-gap-lg, 4rem);padding-bottom:var(--global-kb-spacing-lg, 3rem);grid-template-columns:minmax(0, 1fr);}}@media all and (max-width: 767px){.kb-row-layout-id1413_c21a2d-a0 > .kt-row-column-wrap{row-gap:var(--global-kb-gap-sm, 1rem);padding-bottom:var(--global-kb-spacing-xs, 1rem);grid-template-columns:minmax(0, 1fr);}}<\/style><div class=\"kb-row-layout-wrap kb-row-layout-id1413_c21a2d-a0 alignnone has-theme-palette7-background-color kt-row-has-bg wp-block-kadence-rowlayout\"><div class=\"kt-row-column-wrap kt-has-1-columns kt-row-layout-equal kt-tab-layout-inherit kt-mobile-layout-row kt-row-valign-top kb-theme-content-width\">\n<style>.kadence-column1413_c75378-7b > .kt-inside-inner-col{padding-bottom:0px;}.kadence-column1413_c75378-7b > .kt-inside-inner-col,.kadence-column1413_c75378-7b > .kt-inside-inner-col:before{border-top-left-radius:0px;border-top-right-radius:0px;border-bottom-right-radius:0px;border-bottom-left-radius:0px;}.kadence-column1413_c75378-7b > .kt-inside-inner-col{column-gap:var(--global-kb-gap-sm, 1rem);}.kadence-column1413_c75378-7b > .kt-inside-inner-col{flex-direction:column;}.kadence-column1413_c75378-7b > .kt-inside-inner-col > .aligncenter{width:100%;}.kadence-column1413_c75378-7b > .kt-inside-inner-col:before{opacity:0.3;}.kadence-column1413_c75378-7b{position:relative;}.kadence-column1413_c75378-7b, .kt-inside-inner-col > .kadence-column1413_c75378-7b:not(.specificity){margin-bottom:0px;}@media all and (max-width: 1024px){.kadence-column1413_c75378-7b > .kt-inside-inner-col{flex-direction:column;justify-content:center;}}@media all and (max-width: 767px){.kadence-column1413_c75378-7b > .kt-inside-inner-col{flex-direction:column;justify-content:center;}}<\/style>\n<div class=\"wp-block-kadence-column kadence-column1413_c75378-7b\"><div class=\"kt-inside-inner-col\">\n<h4 class=\"wp-block-heading has-medium-font-size\"><strong>Articles similaires<\/strong><\/h4>\n<\/div><\/div>\n\n\n<style>.kadence-column1413_0f6647-da > .kt-inside-inner-col,.kadence-column1413_0f6647-da > .kt-inside-inner-col:before{border-top-left-radius:0px;border-top-right-radius:0px;border-bottom-right-radius:0px;border-bottom-left-radius:0px;}.kadence-column1413_0f6647-da > .kt-inside-inner-col{column-gap:var(--global-kb-gap-sm, 1rem);}.kadence-column1413_0f6647-da > .kt-inside-inner-col{flex-direction:column;}.kadence-column1413_0f6647-da > .kt-inside-inner-col > .aligncenter{width:100%;}.kadence-column1413_0f6647-da > .kt-inside-inner-col:before{opacity:0.3;}.kadence-column1413_0f6647-da{position:relative;}@media all and (max-width: 1024px){.kadence-column1413_0f6647-da > .kt-inside-inner-col{flex-direction:column;justify-content:center;}}@media all and (max-width: 767px){.kadence-column1413_0f6647-da > .kt-inside-inner-col{flex-direction:column;justify-content:center;}}<\/style>\n<div class=\"wp-block-kadence-column kadence-column1413_0f6647-da\"><div class=\"kt-inside-inner-col\"><style>.kt-post-loop1413_f38b6b-89 .kadence-post-image{padding-top:0px;padding-right:16px;padding-left:0px;}.kt-post-loop1413_f38b6b-89 .kt-feat-image-align-left{grid-template-columns:30% auto;}.kt-post-loop1413_f38b6b-89 .kt-blocks-post-grid-item-inner-wrap .kt-blocks-post-grid-item-inner{display:flex;flex-direction:column;justify-content:flex-start;}.kt-post-loop1413_f38b6b-89 .kt-post-grid-wrap{gap:16px 16px;}.kt-post-loop1413_f38b6b-89 .kt-blocks-post-grid-item{border-top-left-radius:10px;border-top-right-radius:10px;border-bottom-right-radius:10px;border-bottom-left-radius:10px;border-top-color:currentColor;border-top-style:solid;border-right-color:currentColor;border-right-style:solid;border-bottom-color:currentColor;border-bottom-style:solid;border-left-color:currentColor;border-left-style:solid;overflow:hidden;}.kt-post-loop1413_f38b6b-89 .kt-blocks-post-grid-item .kt-blocks-post-grid-item-inner{padding-top:0px;}.kt-post-loop1413_f38b6b-89 .kt-blocks-post-grid-item .kt-blocks-post-grid-item-inner{text-align:left;}.kt-post-loop1413_f38b6b-89 .kt-blocks-post-grid-item header{padding-top:0px;padding-right:0px;padding-bottom:10px;padding-left:0px;margin-top:0px;margin-right:0px;margin-bottom:0px;margin-left:0px;}.kt-post-loop1413_f38b6b-89 .kt-blocks-post-grid-item .kt-blocks-above-categories{font-size:13px;line-height:20px;text-transform:uppercase;}.kt-post-loop1413_f38b6b-89 .kt-blocks-post-grid-item .entry-title{padding-top:5px;padding-right:0px;padding-bottom:0px;padding-left:0px;margin-top:0px;margin-right:0px;margin-bottom:0px;margin-left:0px;font-size:var(--global-kb-font-size-md, 1.25rem);line-height:18px;font-weight:bold;}.kt-post-loop1413_f38b6b-89 .entry-content{padding-top:0px;padding-right:0px;padding-left:0px;margin-top:0px;margin-right:0px;margin-left:0px;font-size:14px;line-height:24px;}.kt-post-loop1413_f38b6b-89 .kt-blocks-post-footer{border-top-width:0px;border-right-width:0px;border-bottom-width:0px;border-left-width:0px;padding-top:0px;padding-right:0px;padding-bottom:0px;padding-left:0px;margin-top:0px;margin-right:0px;margin-bottom:0px;margin-left:0px;font-size:12px;line-height:20px;text-transform:uppercase;}.kt-post-loop1413_f38b6b-89 .entry-content:after{height:0px;}.kt-post-loop1413_f38b6b-89 .kb-filter-item{border-top-width:0px;border-right-width:0px;border-bottom-width:2px;border-left-width:0px;padding-top:5px;padding-right:8px;padding-bottom:5px;padding-left:8px;margin-top:0px;margin-right:10px;margin-bottom:0px;margin-left:0px;}@media all and (max-width: 1024px){.kt-post-loop1413_f38b6b-89 .kt-blocks-post-grid-item{border-top-color:currentColor;border-top-style:solid;border-right-color:currentColor;border-right-style:solid;border-bottom-color:currentColor;border-bottom-style:solid;border-left-color:currentColor;border-left-style:solid;}}@media all and (max-width: 767px){.kt-post-loop1413_f38b6b-89 .kt-blocks-post-grid-item{border-top-left-radius:0px;border-top-right-radius:0px;border-bottom-right-radius:0px;border-bottom-left-radius:0px;border-top-color:currentColor;border-top-style:solid;border-right-color:currentColor;border-right-style:solid;border-bottom-color:currentColor;border-bottom-style:solid;border-left-color:currentColor;border-left-style:solid;}}<\/style><div class=\"wp-block-kadence-postgrid kt-blocks-post-loop-block alignnone kt-post-loop1413_f38b6b-89 kt-post-grid-layout-grid\"><div class=\"kt-post-grid-layout-grid-wrap kt-post-grid-wrap\" data-columns-xxl=\"2\" data-columns-xl=\"2\" data-columns-md=\"2\" data-columns-sm=\"2\" data-columns-xs=\"1\" data-columns-ss=\"1\"data-item-selector=\".kt-post-masonry-item\" aria-label=\"Carrousel de postes\"><article class=\"kt-blocks-post-grid-item post-21347 post type-post status-publish format-image has-post-thumbnail hentry category-pirineos tag-pirineos-verano post_format-post-format-image\"><div class=\"kt-blocks-post-grid-item-inner-wrap kt-feat-image-align-left kt-feat-image-mobile-align-side\"><div class=\"kadence-post-image\"><div class=\"kadence-post-image-intrisic kt-image-ratio-66-67\" style=\"padding-bottom:66.67%;\"><div class=\"kadence-post-image-inner-intrisic\"><a aria-hidden=\"true\" tabindex=\"-1\" role=\"presentation\" href=\"https:\/\/travesiapirenaica.com\/fr\/ibones-del-pirineo\/\" aria-label=\"Itin\u00e9raires vers Ibones del Pirineo\" class=\"kadence-post-image-inner-wrap\"><img loading=\"lazy\" decoding=\"async\" width=\"1024\" height=\"768\" src=\"https:\/\/travesiapirenaica.com\/wp-content\/uploads\/2017\/11\/180907_IG_@marisagarlo-_Ibones-de-Anayet_1200x900-1024x768.jpg\" class=\"attachment-large size-large wp-post-image\" alt=\"Ibones de Anayet, avec le pic Anayet en arri\u00e8re-plan \/ Photo : Marisa (Instagram : @marisagarlo)\" srcset=\"https:\/\/travesiapirenaica.com\/wp-content\/uploads\/2017\/11\/180907_IG_@marisagarlo-_Ibones-de-Anayet_1200x900-1024x768.jpg 1024w, https:\/\/travesiapirenaica.com\/wp-content\/uploads\/2017\/11\/180907_IG_@marisagarlo-_Ibones-de-Anayet_1200x900-300x225.jpg 300w, https:\/\/travesiapirenaica.com\/wp-content\/uploads\/2017\/11\/180907_IG_@marisagarlo-_Ibones-de-Anayet_1200x900-768x576.jpg 768w, https:\/\/travesiapirenaica.com\/wp-content\/uploads\/2017\/11\/180907_IG_@marisagarlo-_Ibones-de-Anayet_1200x900-150x113.jpg 150w, https:\/\/travesiapirenaica.com\/wp-content\/uploads\/2017\/11\/180907_IG_@marisagarlo-_Ibones-de-Anayet_1200x900-696x522.jpg 696w, https:\/\/travesiapirenaica.com\/wp-content\/uploads\/2017\/11\/180907_IG_@marisagarlo-_Ibones-de-Anayet_1200x900-1068x801.jpg 1068w, https:\/\/travesiapirenaica.com\/wp-content\/uploads\/2017\/11\/180907_IG_@marisagarlo-_Ibones-de-Anayet_1200x900-560x420.jpg 560w, https:\/\/travesiapirenaica.com\/wp-content\/uploads\/2017\/11\/180907_IG_@marisagarlo-_Ibones-de-Anayet_1200x900-80x60.jpg 80w, https:\/\/travesiapirenaica.com\/wp-content\/uploads\/2017\/11\/180907_IG_@marisagarlo-_Ibones-de-Anayet_1200x900-265x198.jpg 265w, https:\/\/travesiapirenaica.com\/wp-content\/uploads\/2017\/11\/180907_IG_@marisagarlo-_Ibones-de-Anayet_1200x900-853x640.jpg 853w, https:\/\/travesiapirenaica.com\/wp-content\/uploads\/2017\/11\/180907_IG_@marisagarlo-_Ibones-de-Anayet_1200x900-600x450.jpg 600w, https:\/\/travesiapirenaica.com\/wp-content\/uploads\/2017\/11\/180907_IG_@marisagarlo-_Ibones-de-Anayet_1200x900.jpg 1200w\" sizes=\"auto, (max-width: 1024px) 100vw, 1024px\" \/><\/a><\/div><\/div><\/div><div class=\"kt-blocks-post-grid-item-inner\"><header><h4 class=\"entry-title\"><a href=\"https:\/\/travesiapirenaica.com\/fr\/ibones-del-pirineo\/\">Itin\u00e9raires vers Ibones del Pirineo<\/a><\/h4><div class=\"kt-blocks-post-top-meta\"><\/div><\/header><div class=\"entry-content\"><\/div><footer class=\"kt-blocks-post-footer\"><div class=\"kt-blocks-post-footer-left\"><\/div><div class=\"kt-blocks-post-footer-right\"><\/div><\/footer><\/div><\/div><\/article><article class=\"kt-blocks-post-grid-item post-6021 post type-post status-publish format-image has-post-thumbnail hentry category-rutas tag-rutas-pirineo-aragones post_format-post-format-image\"><div class=\"kt-blocks-post-grid-item-inner-wrap kt-feat-image-align-left kt-feat-image-mobile-align-side\"><div class=\"kadence-post-image\"><div class=\"kadence-post-image-intrisic kt-image-ratio-66-67\" style=\"padding-bottom:66.67%;\"><div class=\"kadence-post-image-inner-intrisic\"><a aria-hidden=\"true\" tabindex=\"-1\" role=\"presentation\" href=\"https:\/\/travesiapirenaica.com\/fr\/ibones-azules\/\" aria-label=\"Ibones Azules du Panticosa Spa Resort\" class=\"kadence-post-image-inner-wrap\"><img loading=\"lazy\" decoding=\"async\" width=\"1024\" height=\"768\" src=\"https:\/\/travesiapirenaica.com\/wp-content\/uploads\/2020\/05\/Vista-hacia-el-Cuello-del-Infierno-desde-los-Ibones-Azules.-Foto-Eduardo-Azcona-1024x768.jpg\" class=\"attachment-large size-large wp-post-image\" alt=\"Vue sur le Cuello del Infierno depuis les Ibones Azules. Photo Eduardo Azcona\" srcset=\"https:\/\/travesiapirenaica.com\/wp-content\/uploads\/2020\/05\/Vista-hacia-el-Cuello-del-Infierno-desde-los-Ibones-Azules.-Foto-Eduardo-Azcona-1024x768.jpg 1024w, https:\/\/travesiapirenaica.com\/wp-content\/uploads\/2020\/05\/Vista-hacia-el-Cuello-del-Infierno-desde-los-Ibones-Azules.-Foto-Eduardo-Azcona-300x225.jpg 300w, https:\/\/travesiapirenaica.com\/wp-content\/uploads\/2020\/05\/Vista-hacia-el-Cuello-del-Infierno-desde-los-Ibones-Azules.-Foto-Eduardo-Azcona-768x576.jpg 768w, https:\/\/travesiapirenaica.com\/wp-content\/uploads\/2020\/05\/Vista-hacia-el-Cuello-del-Infierno-desde-los-Ibones-Azules.-Foto-Eduardo-Azcona-150x113.jpg 150w, https:\/\/travesiapirenaica.com\/wp-content\/uploads\/2020\/05\/Vista-hacia-el-Cuello-del-Infierno-desde-los-Ibones-Azules.-Foto-Eduardo-Azcona-696x522.jpg 696w, https:\/\/travesiapirenaica.com\/wp-content\/uploads\/2020\/05\/Vista-hacia-el-Cuello-del-Infierno-desde-los-Ibones-Azules.-Foto-Eduardo-Azcona-1068x801.jpg 1068w, https:\/\/travesiapirenaica.com\/wp-content\/uploads\/2020\/05\/Vista-hacia-el-Cuello-del-Infierno-desde-los-Ibones-Azules.-Foto-Eduardo-Azcona-560x420.jpg 560w, https:\/\/travesiapirenaica.com\/wp-content\/uploads\/2020\/05\/Vista-hacia-el-Cuello-del-Infierno-desde-los-Ibones-Azules.-Foto-Eduardo-Azcona-80x60.jpg 80w, https:\/\/travesiapirenaica.com\/wp-content\/uploads\/2020\/05\/Vista-hacia-el-Cuello-del-Infierno-desde-los-Ibones-Azules.-Foto-Eduardo-Azcona-265x198.jpg 265w, https:\/\/travesiapirenaica.com\/wp-content\/uploads\/2020\/05\/Vista-hacia-el-Cuello-del-Infierno-desde-los-Ibones-Azules.-Foto-Eduardo-Azcona-600x450.jpg 600w, https:\/\/travesiapirenaica.com\/wp-content\/uploads\/2020\/05\/Vista-hacia-el-Cuello-del-Infierno-desde-los-Ibones-Azules.-Foto-Eduardo-Azcona.jpg 1200w\" sizes=\"auto, (max-width: 1024px) 100vw, 1024px\" \/><\/a><\/div><\/div><\/div><div class=\"kt-blocks-post-grid-item-inner\"><header><h4 class=\"entry-title\"><a href=\"https:\/\/travesiapirenaica.com\/fr\/ibones-azules\/\">Ibones Azules du Panticosa Spa Resort<\/a><\/h4><div class=\"kt-blocks-post-top-meta\"><\/div><\/header><div class=\"entry-content\"><\/div><footer class=\"kt-blocks-post-footer\"><div class=\"kt-blocks-post-footer-left\"><\/div><div class=\"kt-blocks-post-footer-right\"><\/div><\/footer><\/div><\/div><\/article><article class=\"kt-blocks-post-grid-item post-21474 post type-post status-publish format-image has-post-thumbnail hentry category-pirineos post_format-post-format-image\"><div class=\"kt-blocks-post-grid-item-inner-wrap kt-feat-image-align-left kt-feat-image-mobile-align-side\"><div class=\"kadence-post-image\"><div class=\"kadence-post-image-intrisic kt-image-ratio-66-67\" style=\"padding-bottom:66.67%;\"><div class=\"kadence-post-image-inner-intrisic\"><a aria-hidden=\"true\" tabindex=\"-1\" role=\"presentation\" href=\"https:\/\/travesiapirenaica.com\/fr\/estanes-desde-sansanet\/\" aria-label=\"Ib\u00f3n de Estan\u00e9s depuis Sansanet. Excursion \u00e0 l&#039;un des lacs les plus embl\u00e9matiques des Pyr\u00e9n\u00e9es aragonaises.\" class=\"kadence-post-image-inner-wrap\"><img loading=\"lazy\" decoding=\"async\" width=\"1024\" height=\"768\" src=\"https:\/\/travesiapirenaica.com\/wp-content\/uploads\/0019\/07\/Newsletter_Ib\u00f3n-de-Estanes_Eduardo-Azcona-1024x768.jpg\" class=\"attachment-large size-large wp-post-image\" alt=\"Ib\u00f3n de Estan\u00e9s \/ Photo : Eduardo Azcona\" srcset=\"https:\/\/travesiapirenaica.com\/wp-content\/uploads\/0019\/07\/Newsletter_Ib\u00f3n-de-Estanes_Eduardo-Azcona-1024x768.jpg 1024w, https:\/\/travesiapirenaica.com\/wp-content\/uploads\/0019\/07\/Newsletter_Ib\u00f3n-de-Estanes_Eduardo-Azcona-300x225.jpg 300w, https:\/\/travesiapirenaica.com\/wp-content\/uploads\/0019\/07\/Newsletter_Ib\u00f3n-de-Estanes_Eduardo-Azcona-768x576.jpg 768w, https:\/\/travesiapirenaica.com\/wp-content\/uploads\/0019\/07\/Newsletter_Ib\u00f3n-de-Estanes_Eduardo-Azcona-450x338.jpg 450w, https:\/\/travesiapirenaica.com\/wp-content\/uploads\/0019\/07\/Newsletter_Ib\u00f3n-de-Estanes_Eduardo-Azcona-225x169.jpg 225w, https:\/\/travesiapirenaica.com\/wp-content\/uploads\/0019\/07\/Newsletter_Ib\u00f3n-de-Estanes_Eduardo-Azcona-900x675.jpg 900w, https:\/\/travesiapirenaica.com\/wp-content\/uploads\/0019\/07\/Newsletter_Ib\u00f3n-de-Estanes_Eduardo-Azcona-20x15.jpg 20w, https:\/\/travesiapirenaica.com\/wp-content\/uploads\/0019\/07\/Newsletter_Ib\u00f3n-de-Estanes_Eduardo-Azcona-128x96.jpg 128w, https:\/\/travesiapirenaica.com\/wp-content\/uploads\/0019\/07\/Newsletter_Ib\u00f3n-de-Estanes_Eduardo-Azcona-600x450.jpg 600w, https:\/\/travesiapirenaica.com\/wp-content\/uploads\/0019\/07\/Newsletter_Ib\u00f3n-de-Estanes_Eduardo-Azcona.jpg 1200w\" sizes=\"auto, (max-width: 1024px) 100vw, 1024px\" \/><\/a><\/div><\/div><\/div><div class=\"kt-blocks-post-grid-item-inner\"><header><h4 class=\"entry-title\"><a href=\"https:\/\/travesiapirenaica.com\/fr\/estanes-desde-sansanet\/\">Ib\u00f3n de Estan\u00e9s depuis Sansanet. Excursion \u00e0 l'un des lacs les plus embl\u00e9matiques des Pyr\u00e9n\u00e9es aragonaises.<\/a><\/h4><div class=\"kt-blocks-post-top-meta\"><\/div><\/header><div class=\"entry-content\"><\/div><footer class=\"kt-blocks-post-footer\"><div class=\"kt-blocks-post-footer-left\"><\/div><div class=\"kt-blocks-post-footer-right\"><\/div><\/footer><\/div><\/div><\/article><article class=\"kt-blocks-post-grid-item post-4110 post type-post status-publish format-image has-post-thumbnail hentry category-pirineos post_format-post-format-image\"><div class=\"kt-blocks-post-grid-item-inner-wrap kt-feat-image-align-left kt-feat-image-mobile-align-side\"><div class=\"kadence-post-image\"><div class=\"kadence-post-image-intrisic kt-image-ratio-66-67\" style=\"padding-bottom:66.67%;\"><div class=\"kadence-post-image-inner-intrisic\"><a aria-hidden=\"true\" tabindex=\"-1\" role=\"presentation\" href=\"https:\/\/travesiapirenaica.com\/fr\/ibon-plan-basa-mora\/\" aria-label=\"Ib\u00f3n de Plan ou Basa de la Mora\" class=\"kadence-post-image-inner-wrap\"><img loading=\"lazy\" decoding=\"async\" width=\"1024\" height=\"439\" src=\"https:\/\/travesiapirenaica.com\/wp-content\/uploads\/2017\/11\/IG_rositamuum_Ib\u00f3n-de-plan_1400x600_web-1-1024x439.jpg\" class=\"attachment-large size-large wp-post-image\" alt=\"Ib\u00f3n de Plan ou Basa de la Mora \/ Photo : @rositamuum (IG)\" srcset=\"https:\/\/travesiapirenaica.com\/wp-content\/uploads\/2017\/11\/IG_rositamuum_Ib\u00f3n-de-plan_1400x600_web-1-1024x439.jpg 1024w, https:\/\/travesiapirenaica.com\/wp-content\/uploads\/2017\/11\/IG_rositamuum_Ib\u00f3n-de-plan_1400x600_web-1-600x257.jpg 600w, https:\/\/travesiapirenaica.com\/wp-content\/uploads\/2017\/11\/IG_rositamuum_Ib\u00f3n-de-plan_1400x600_web-1-300x129.jpg 300w, https:\/\/travesiapirenaica.com\/wp-content\/uploads\/2017\/11\/IG_rositamuum_Ib\u00f3n-de-plan_1400x600_web-1-768x329.jpg 768w, https:\/\/travesiapirenaica.com\/wp-content\/uploads\/2017\/11\/IG_rositamuum_Ib\u00f3n-de-plan_1400x600_web-1.jpg 1400w\" sizes=\"auto, (max-width: 1024px) 100vw, 1024px\" \/><\/a><\/div><\/div><\/div><div class=\"kt-blocks-post-grid-item-inner\"><header><h4 class=\"entry-title\"><a href=\"https:\/\/travesiapirenaica.com\/fr\/ibon-plan-basa-mora\/\">Ib\u00f3n de Plan ou Basa de la Mora<\/a><\/h4><div class=\"kt-blocks-post-top-meta\"><\/div><\/header><div class=\"entry-content\"><\/div><footer class=\"kt-blocks-post-footer\"><div class=\"kt-blocks-post-footer-left\"><\/div><div class=\"kt-blocks-post-footer-right\"><\/div><\/footer><\/div><\/div><\/article><\/div><\/div><!-- .wp-block-kadence-postgrid --><\/div><\/div>\n\n<\/div><\/div>\n\n\n<h2 class=\"wp-block-heading\">Comment se rendre aux Ibones de Anayet ?<\/h2>\n\n\n\n<p>Si vous visitez ces magnifiques sentiers, nous vous recommandons d'emporter de l'eau et un bon manteau dans vos bagages, car pour acc\u00e9der aux merveilleux Ibones de Anayet, il faut marcher. Pour emprunter l'itin\u00e9raire, il faut se rendre \u00e0 un endroit appel\u00e9 corral de las mulas, \u00e0 environ 3 kilom\u00e8tres du village de Formigal, \u00e0 Huesca, qui est une route appartenant \u00e0 la France. Pr\u00e9parez-vous, car la route est longue, mais chaque pas en vaut la peine.<\/p>\n\n\n\n<p>Une autre fa\u00e7on d'acc\u00e9der aux Ibones de Anayet est de partir de Candanch\u00fa, en remontant le canal Roya. Cette route est plus adapt\u00e9e aux visiteurs aventureux qui aiment l'adr\u00e9naline, car c'est une route plus complexe.<\/p>\n\n\n\n<p>En parcourant ces merveilleux sentiers, vous serez en contact avec la pl\u00e9nitude et la perfection de la nature, mais attention aux eaux d'Ibones de Anayet : il est pr\u00e9f\u00e9rable de ne pas s'y baigner, car elles sont pleines de sangsues.<\/p>\n\n\n\n<h2 class=\"wp-block-heading\">Un itin\u00e9raire simple<\/h2>\n\n\n\n<p>Pour arriver sans probl\u00e8me \u00e0 cet endroit charmant, nous vous indiquons ici un itin\u00e9raire qui vous m\u00e8nera aux Ibones de Anayet et vice-versa : Au d\u00e9but, vous devez partir d'un chemin goudronn\u00e9 que vous trouverez devant le corral de las mulas, sur une route frontali\u00e8re qui m\u00e8ne \u00e0 la fronti\u00e8re du Portalet et de Formigal, \u00e0 environ 3 km de l\u00e0.<\/p>\n\n\n\n<iframe loading=\"lazy\" frameborder=\"0\" scrolling=\"no\" src=\"https:\/\/es.wikiloc.com\/wikiloc\/spatialArtifacts.do?event=view&amp;id=1598569&amp;measures=off&amp;title=off&amp;near=off&amp;images=off&amp;maptype=H\" rel=\"nofollow\" target=\"_blank\" width=\"100%\" height=\"400\"><\/iframe><div style=\"color:#777;font-size:11px;line-height:16px;\">Propuls\u00e9 par <a style=\"color:#06d;font-size:11px;line-height:16px;\" target=\"_blank\" href=\"https:\/\/es.wikiloc.com\" rel=\"noopener noreferrer\">Wikiloc<\/a><\/div>\n\n\n\n<p>Apr\u00e8s les 3 premiers kilom\u00e8tres, il commence une l\u00e9g\u00e8re ascension parall\u00e8le au ravin de Barranco de Culivillas et atteint l'une des remont\u00e9es m\u00e9caniques de la station d'hiver de Formigal.<\/p>\n\n\n\n<p>Vous rencontrerez ensuite la premi\u00e8re partie du sentier, o\u00f9 la mont\u00e9e est un peu plus raide. Le sentier continue parall\u00e8lement au ravin et le traverse \u00e0 plusieurs reprises.<\/p>\n\n\n\n<p>Apr\u00e8s une mont\u00e9e consid\u00e9rable, vous atteindrez une vall\u00e9e, d'o\u00f9 vous commencerez \u00e0 apercevoir les premiers lacs, et \u00e0 partir de l\u00e0, vous continuerez \u00e0 marcher jusqu'\u00e0 votre destination pour profiter de la beaut\u00e9 du paysage. Pour revenir \u00e0 Corral de las Mulas, il faut suivre le m\u00eame itin\u00e9raire que celui de l'ascension, vous arriverez fatigu\u00e9, mais heureux.<\/p>\n\n\n\n<hr class=\"wp-block-separator has-css-opacity\"\/>","protected":false},"excerpt":{"rendered":"Les lacs d'Anayet sont un lieu magique. Il suffit de penser \u00e0 l'aspect de la paroi qui leur fait face : le Pic de l'Anayet. Le pic d'Anayet est l'un des classiques des Pyr\u00e9n\u00e9es. Comme son voisin le Midi d'Ossau, il doit son origine \u00e0 des ph\u00e9nom\u00e8nes volcaniques.","protected":false},"author":1,"featured_media":22678,"comment_status":"closed","ping_status":"closed","sticky":false,"template":"","format":"standard","meta":{"_kad_blocks_custom_css":"","_kad_blocks_head_custom_js":"","_kad_blocks_body_custom_js":"","_kad_blocks_footer_custom_js":"","episode_type":"audio","audio_file":"","podmotor_file_id":"","podmotor_episode_id":"","cover_image":"","cover_image_id":"","duration":"","filesize":"","filesize_raw":"","date_recorded":"","explicit":"","block":"","_kad_post_transparent":"","_kad_post_title":"","_kad_post_layout":"","_kad_post_sidebar_id":"","_kad_post_content_style":"","_kad_post_vertical_padding":"","_kad_post_feature":"","_kad_post_feature_position":"","_kad_post_header":false,"_kad_post_footer":false,"_kad_post_classname":"","_jetpack_memberships_contains_paid_content":false,"footnotes":""},"categories":[5],"tags":[3158],"series":[],"class_list":["post-1413","post","type-post","status-publish","format-standard","has-post-thumbnail","hentry","category-pirineos","tag-rutas-pirineo-aragones"],"episode_featured_image":"https:\/\/travesiapirenaica.com\/wp-content\/uploads\/2020\/07\/Anayet_montanasaqueras_Newsletter.jpg","episode_player_image":"https:\/\/travesiapirenaica.com\/wp-content\/uploads\/2017\/12\/Caratula-Podcast-Maldita-Montana_1500x1500_72pp-p_.jpg","download_link":"","player_link":"","audio_player":false,"episode_data":{"playerMode":"dark","subscribeUrls":[],"rssFeedUrl":"https:\/\/travesiapirenaica.com\/fr\/feed\/podcast\/maldita-montana","embedCode":"<blockquote class=\"wp-embedded-content\" data-secret=\"Rnu26nor92\"><a href=\"https:\/\/travesiapirenaica.com\/fr\/pirineos-pico-los-ibones-anayet\/\">Ibones de Anayet<\/a><\/blockquote><iframe sandbox=\"allow-scripts\" security=\"restricted\" src=\"https:\/\/travesiapirenaica.com\/fr\/pirineos-pico-los-ibones-anayet\/embed\/#?secret=Rnu26nor92\" width=\"500\" height=\"350\" title=\"\u00ab\u00a0Ibones de Anayet\u00a0\u00bb &#8212; Traves\u00eda.\" data-secret=\"Rnu26nor92\" frameborder=\"0\" marginwidth=\"0\" marginheight=\"0\" scrolling=\"no\" class=\"wp-embedded-content\"><\/iframe><script>\n\/*! This file is auto-generated *\/\n!function(d,l){\"use strict\";l.querySelector&&d.addEventListener&&\"undefined\"!=typeof URL&&(d.wp=d.wp||{},d.wp.receiveEmbedMessage||(d.wp.receiveEmbedMessage=function(e){var t=e.data;if((t||t.secret||t.message||t.value)&&!\/[^a-zA-Z0-9]\/.test(t.secret)){for(var s,r,n,a=l.querySelectorAll('iframe[data-secret=\"'+t.secret+'\"]'),o=l.querySelectorAll('blockquote[data-secret=\"'+t.secret+'\"]'),c=new RegExp(\"^https?:$\",\"i\"),i=0;i<o.length;i++)o[i].style.display=\"none\";for(i=0;i<a.length;i++)s=a[i],e.source===s.contentWindow&&(s.removeAttribute(\"style\"),\"height\"===t.message?(1e3<(r=parseInt(t.value,10))?r=1e3:~~r<200&&(r=200),s.height=r):\"link\"===t.message&&(r=new URL(s.getAttribute(\"src\")),n=new URL(t.value),c.test(n.protocol))&&n.host===r.host&&l.activeElement===s&&(d.top.location.href=t.value))}},d.addEventListener(\"message\",d.wp.receiveEmbedMessage,!1),l.addEventListener(\"DOMContentLoaded\",function(){for(var e,t,s=l.querySelectorAll(\"iframe.wp-embedded-content\"),r=0;r<s.length;r++)(t=(e=s[r]).getAttribute(\"data-secret\"))||(t=Math.random().toString(36).substring(2,12),e.src+=\"#?secret=\"+t,e.setAttribute(\"data-secret\",t)),e.contentWindow.postMessage({message:\"ready\",secret:t},\"*\")},!1)))}(window,document);\n\/\/# sourceURL=https:\/\/travesiapirenaica.com\/wp-includes\/js\/wp-embed.min.js\n<\/script>\n"},"taxonomy_info":{"category":[{"value":5,"label":"Pirineos"}],"post_tag":[{"value":3158,"label":"Rutas Pirineo aragon\u00e9s"}]},"featured_image_src_large":["https:\/\/travesiapirenaica.com\/wp-content\/uploads\/2020\/07\/Anayet_montanasaqueras_Newsletter-1024x769.jpg",1024,769,true],"author_info":{"display_name":"Traves\u00eda Pirenaica","author_link":"https:\/\/travesiapirenaica.com\/fr\/author\/travesia-pirenaica\/"},"comment_info":0,"category_info":[{"term_id":5,"name":"Pirineos","slug":"pirineos","term_group":0,"term_taxonomy_id":5,"taxonomy":"category","description":"","parent":0,"count":241,"filter":"raw","cat_ID":5,"category_count":241,"category_description":"","cat_name":"Pirineos","category_nicename":"pirineos","category_parent":0}],"tag_info":[{"term_id":3158,"name":"Rutas Pirineo aragon\u00e9s","slug":"rutas-pirineo-aragones","term_group":0,"term_taxonomy_id":3174,"taxonomy":"post_tag","description":"","parent":0,"count":28,"filter":"raw"}],"jetpack_featured_media_url":"https:\/\/travesiapirenaica.com\/wp-content\/uploads\/2020\/07\/Anayet_montanasaqueras_Newsletter.jpg","jetpack_sharing_enabled":true,"_links":{"self":[{"href":"https:\/\/travesiapirenaica.com\/fr\/wp-json\/wp\/v2\/posts\/1413","targetHints":{"allow":["GET"]}}],"collection":[{"href":"https:\/\/travesiapirenaica.com\/fr\/wp-json\/wp\/v2\/posts"}],"about":[{"href":"https:\/\/travesiapirenaica.com\/fr\/wp-json\/wp\/v2\/types\/post"}],"author":[{"embeddable":true,"href":"https:\/\/travesiapirenaica.com\/fr\/wp-json\/wp\/v2\/users\/1"}],"replies":[{"embeddable":true,"href":"https:\/\/travesiapirenaica.com\/fr\/wp-json\/wp\/v2\/comments?post=1413"}],"version-history":[{"count":0,"href":"https:\/\/travesiapirenaica.com\/fr\/wp-json\/wp\/v2\/posts\/1413\/revisions"}],"wp:featuredmedia":[{"embeddable":true,"href":"https:\/\/travesiapirenaica.com\/fr\/wp-json\/wp\/v2\/media\/22678"}],"wp:attachment":[{"href":"https:\/\/travesiapirenaica.com\/fr\/wp-json\/wp\/v2\/media?parent=1413"}],"wp:term":[{"taxonomy":"category","embeddable":true,"href":"https:\/\/travesiapirenaica.com\/fr\/wp-json\/wp\/v2\/categories?post=1413"},{"taxonomy":"post_tag","embeddable":true,"href":"https:\/\/travesiapirenaica.com\/fr\/wp-json\/wp\/v2\/tags?post=1413"},{"taxonomy":"series","embeddable":true,"href":"https:\/\/travesiapirenaica.com\/fr\/wp-json\/wp\/v2\/series?post=1413"}],"curies":[{"name":"wp","href":"https:\/\/api.w.org\/{rel}","templated":true}]}}