{"id":15263,"date":"2019-05-18T08:43:45","date_gmt":"2019-05-18T06:43:45","guid":{"rendered":"https:\/\/travesiapirenaica.com\/?p=15263"},"modified":"2021-08-12T17:37:44","modified_gmt":"2021-08-12T15:37:44","slug":"mascun-guara-ravine","status":"publish","type":"post","link":"https:\/\/travesiapirenaica.com\/fr\/barranco-mascun-guara\/","title":{"rendered":"Ravin de Masc\u00fan"},"content":{"rendered":"<p class=\"has-background has-very-light-gray-background-color\"> <strong>L'eau<\/strong>Source Masc\u00fan et source Otin.<br> <strong>Niveau technique<\/strong>IV.<br> <strong>\u00c9poque<\/strong>Printemps, \u00e9t\u00e9 et automne.<br> <strong>Attention au flux<\/strong>. <\/p>\n\n\n\n<h3 class=\"wp-block-heading\">Donn\u00e9es utiles<\/h3>\n\n\n\n<ul class=\"wp-block-list\"><li> <strong>Type de roche : <\/strong>Calcaire <\/li><li> <strong>\u00c9poque : <\/strong>Printemps, \u00e9t\u00e9. <\/li><li> <strong>Longueur : <\/strong>8km. <\/li><li> <strong>In\u00e9galit\u00e9 : <\/strong>400m. <\/li><li> <strong>D\u00e9bit : <\/strong>Sec en \u00e9t\u00e9. <\/li><li> <strong>Approche : <\/strong>3h <\/li><li> <strong>Descente :<\/strong> 3h <\/li><li> <strong>Retourner :<\/strong> 2h <\/li><li> <strong>Mat\u00e9riau : <\/strong>N\u00e9opr\u00e8ne, harnais, casque et corde <\/li><li> <strong>Remarques :<\/strong> Canyon spectaculaire. Attention aux horaires.<\/li><\/ul>\n\n\n\n<hr class=\"wp-block-separator\"\/>\n\n\n\n<p> Cuca de Bellosta, toujours vigilante, nous escortera jusqu'au village abandonn\u00e9 d'Otin.  Si nous choisissons de descendre dans un ravin dont la signification est<strong>&nbsp;\"lieu habit\u00e9 par des esprits\".<\/strong>&nbsp;Nous aurons imm\u00e9diatement une id\u00e9e de ce que nous rencontrerons en chemin. <\/p>\n\n\n\n<p><strong>Le Masc\u00fan est, \u00e0 juste titre, le ravin le plus remarquable du Parque de la<a href=\"https:\/\/travesiapirenaica.com\/fr\/sierra-guara-somontano\/\" target=\"_blank\" rel=\"noreferrer noopener\" aria-label=\" Sierra de Guara (ouvre un nouvel onglet)\"> Sierra de Guara <\/a>et son symbole.<\/strong><\/p>\n\n\n\n<iframe loading=\"lazy\" width=\"560\" height=\"315\" src=\"https:\/\/www.youtube.com\/embed\/U3ktUz5hXDc\" frameborder=\"0\" allow=\"accelerometer; autoplay; encrypted-media; gyroscope; picture-in-picture\" allowfullscreen=\"\"><\/iframe>\n\n\n\n<h3 class=\"wp-block-heading\">Comment s'y rendre<\/h3>\n\n\n\n<p>Depuis Huesca, prendre la route en direction de Lleida. Apr\u00e8s environ 30 km et peu apr\u00e8s avoir pass\u00e9 le village d'Angues, nous trouverons l'embranchement vers la Sierra de Guara (attention au carrefour). Quelques kilom\u00e8tres plus loin et apr\u00e8s avoir pass\u00e9 le village d'Abiego, prendre la d\u00e9viation vers la Sierra de Guara. <strong>Rodellar <\/strong>(30 minutes).<\/p>\n\n\n\n<h3 class=\"wp-block-heading\">Approche<\/h3>\n\n\n\n<p>L'acc\u00e8s se fera \u00e0 partir de <strong>Rodellar <\/strong>descendre une route sinueuse jusqu'au ravin de la rivi\u00e8re Mascun et continuer vers le nord jusqu'\u00e0 ce que vous atteigniez l'auberge de jeunesse. <strong>Fontaine Mascun<\/strong>Nous continuons le long du lit large et souvent sec de la rivi\u00e8re (la seule source d'eau jusqu'\u00e0 Otin) o\u00f9 nous verrons la rivi\u00e8re remonter. Nous continuons le long du lit large et souvent sec de la rivi\u00e8re (la seule source d'eau jusqu'\u00e0 Otin) o\u00f9 nous verrons la rivi\u00e8re remonter. <strong><a rel=\"noreferrer noopener\" aria-label=\" (s&#039;ouvre dans un nouvel onglet)\" href=\"https:\/\/travesiapirenaica.com\/fr\/real-del-mascun\/\" target=\"_blank\">Real de Masc\u00fan<\/a><\/strong>) \u00e0 la vue de la <strong>Cuca Bellostas<\/strong>Le dr\u00f4le de monolithe qui nous escortera lors de l'ascension du <strong>C\u00f4te d'Otin<\/strong> Nous prenons un sentier \u00e9vident qui part sur la gauche et descend une pente raide.<\/p>\n\n\n\n<h3 class=\"wp-block-heading\">Descente<\/h3>\n\n\n\n<p>Nous ferons un saut de 6 m pour commencer le canyon, nous \u00e9viterons de nombreux rappels vari\u00e9s, des blocs et des corniches jusqu'\u00e0 ce que nous atteignions le d\u00e9but des Oscuros de Ot\u00edn : un tron\u00e7on fantastique et vari\u00e9 de canyon tr\u00e8s profond et escarp\u00e9, partiellement semi-souterrain, in\u00e9gal\u00e9 dans la Sierra de Guara. <\/p>\n\n\n\n<p class=\"has-background has-very-light-gray-background-color\"><strong>Vous pouvez \u00eatre int\u00e9ress\u00e9 par : <\/strong><a href=\"https:\/\/travesiapirenaica.com\/fr\/canyoning-pyrenees\/\" target=\"_blank\" rel=\"noreferrer noopener\" aria-label=\" (s&#039;ouvre dans un nouvel onglet)\">Canyoning dans les Pyr\u00e9n\u00e9es de Huesca&gt;&gt;&gt;&gt;&gt;&gt;&gt;&gt;&gt;.<\/a><\/p>","protected":false},"excerpt":{"rendered":"Le ravin de Masc\u00fan est le canyon le plus remarquable du parc de la Sierra de Guara et son symbole.","protected":false},"author":1,"featured_media":15827,"comment_status":"closed","ping_status":"closed","sticky":false,"template":"","format":"image","meta":{"_kad_blocks_custom_css":"","_kad_blocks_head_custom_js":"","_kad_blocks_body_custom_js":"","_kad_blocks_footer_custom_js":"","episode_type":"","audio_file":"","podmotor_file_id":"","podmotor_episode_id":"","cover_image":"","cover_image_id":"","duration":"","filesize":"","filesize_raw":"","date_recorded":"","explicit":"","block":"","_kad_post_transparent":"","_kad_post_title":"","_kad_post_layout":"","_kad_post_sidebar_id":"","_kad_post_content_style":"","_kad_post_vertical_padding":"","_kad_post_feature":"","_kad_post_feature_position":"","_kad_post_header":false,"_kad_post_footer":false,"_kad_post_classname":"","_jetpack_memberships_contains_paid_content":false,"footnotes":""},"categories":[2927],"tags":[],"series":[],"class_list":["post-15263","post","type-post","status-publish","format-image","has-post-thumbnail","hentry","category-barrancos","post_format-post-format-image"],"episode_featured_image":"https:\/\/travesiapirenaica.com\/wp-content\/uploads\/2019\/05\/Barranco-del-masc\u00fan_by-Roberto-Lumbreras-CC-BY-SA-2.0_1000x750.jpg","episode_player_image":"https:\/\/travesiapirenaica.com\/wp-content\/uploads\/2017\/12\/Caratula-Podcast-Maldita-Montana_1500x1500_72pp-p_.jpg","download_link":"","player_link":"","audio_player":false,"episode_data":{"playerMode":"dark","subscribeUrls":[],"rssFeedUrl":"https:\/\/travesiapirenaica.com\/fr\/feed\/podcast\/maldita-montana","embedCode":"<blockquote class=\"wp-embedded-content\" data-secret=\"fbWYg8ZNfL\"><a href=\"https:\/\/travesiapirenaica.com\/fr\/barranco-mascun-guara\/\">Barranco del Masc\u00fan<\/a><\/blockquote><iframe sandbox=\"allow-scripts\" security=\"restricted\" src=\"https:\/\/travesiapirenaica.com\/fr\/barranco-mascun-guara\/embed\/#?secret=fbWYg8ZNfL\" width=\"500\" height=\"350\" title=\"\u00ab\u00a0Barranco del Masc\u00fan\u00a0\u00bb &#8212; Traves\u00eda.\" data-secret=\"fbWYg8ZNfL\" frameborder=\"0\" marginwidth=\"0\" marginheight=\"0\" scrolling=\"no\" class=\"wp-embedded-content\"><\/iframe><script>\n\/*! This file is auto-generated *\/\n!function(d,l){\"use strict\";l.querySelector&&d.addEventListener&&\"undefined\"!=typeof URL&&(d.wp=d.wp||{},d.wp.receiveEmbedMessage||(d.wp.receiveEmbedMessage=function(e){var t=e.data;if((t||t.secret||t.message||t.value)&&!\/[^a-zA-Z0-9]\/.test(t.secret)){for(var s,r,n,a=l.querySelectorAll('iframe[data-secret=\"'+t.secret+'\"]'),o=l.querySelectorAll('blockquote[data-secret=\"'+t.secret+'\"]'),c=new RegExp(\"^https?:$\",\"i\"),i=0;i<o.length;i++)o[i].style.display=\"none\";for(i=0;i<a.length;i++)s=a[i],e.source===s.contentWindow&&(s.removeAttribute(\"style\"),\"height\"===t.message?(1e3<(r=parseInt(t.value,10))?r=1e3:~~r<200&&(r=200),s.height=r):\"link\"===t.message&&(r=new URL(s.getAttribute(\"src\")),n=new URL(t.value),c.test(n.protocol))&&n.host===r.host&&l.activeElement===s&&(d.top.location.href=t.value))}},d.addEventListener(\"message\",d.wp.receiveEmbedMessage,!1),l.addEventListener(\"DOMContentLoaded\",function(){for(var e,t,s=l.querySelectorAll(\"iframe.wp-embedded-content\"),r=0;r<s.length;r++)(t=(e=s[r]).getAttribute(\"data-secret\"))||(t=Math.random().toString(36).substring(2,12),e.src+=\"#?secret=\"+t,e.setAttribute(\"data-secret\",t)),e.contentWindow.postMessage({message:\"ready\",secret:t},\"*\")},!1)))}(window,document);\n\/\/# sourceURL=https:\/\/travesiapirenaica.com\/wp-includes\/js\/wp-embed.min.js\n<\/script>\n"},"taxonomy_info":{"category":[{"value":2927,"label":"Barrancos"}]},"featured_image_src_large":["https:\/\/travesiapirenaica.com\/wp-content\/uploads\/2019\/05\/Barranco-del-masc\u00fan_by-Roberto-Lumbreras-CC-BY-SA-2.0_1000x750.jpg",1000,750,false],"author_info":{"display_name":"Traves\u00eda Pirenaica","author_link":"https:\/\/travesiapirenaica.com\/fr\/author\/travesia-pirenaica\/"},"comment_info":0,"category_info":[{"term_id":2927,"name":"Barrancos","slug":"barrancos","term_group":0,"term_taxonomy_id":2943,"taxonomy":"category","description":"Barrancos en los Pirineos","parent":5,"count":10,"filter":"raw","cat_ID":2927,"category_count":10,"category_description":"Barrancos en los Pirineos","cat_name":"Barrancos","category_nicename":"barrancos","category_parent":5}],"tag_info":false,"jetpack_featured_media_url":"https:\/\/travesiapirenaica.com\/wp-content\/uploads\/2019\/05\/Barranco-del-masc\u00fan_by-Roberto-Lumbreras-CC-BY-SA-2.0_1000x750.jpg","jetpack_sharing_enabled":true,"_links":{"self":[{"href":"https:\/\/travesiapirenaica.com\/fr\/wp-json\/wp\/v2\/posts\/15263","targetHints":{"allow":["GET"]}}],"collection":[{"href":"https:\/\/travesiapirenaica.com\/fr\/wp-json\/wp\/v2\/posts"}],"about":[{"href":"https:\/\/travesiapirenaica.com\/fr\/wp-json\/wp\/v2\/types\/post"}],"author":[{"embeddable":true,"href":"https:\/\/travesiapirenaica.com\/fr\/wp-json\/wp\/v2\/users\/1"}],"replies":[{"embeddable":true,"href":"https:\/\/travesiapirenaica.com\/fr\/wp-json\/wp\/v2\/comments?post=15263"}],"version-history":[{"count":0,"href":"https:\/\/travesiapirenaica.com\/fr\/wp-json\/wp\/v2\/posts\/15263\/revisions"}],"wp:featuredmedia":[{"embeddable":true,"href":"https:\/\/travesiapirenaica.com\/fr\/wp-json\/wp\/v2\/media\/15827"}],"wp:attachment":[{"href":"https:\/\/travesiapirenaica.com\/fr\/wp-json\/wp\/v2\/media?parent=15263"}],"wp:term":[{"taxonomy":"category","embeddable":true,"href":"https:\/\/travesiapirenaica.com\/fr\/wp-json\/wp\/v2\/categories?post=15263"},{"taxonomy":"post_tag","embeddable":true,"href":"https:\/\/travesiapirenaica.com\/fr\/wp-json\/wp\/v2\/tags?post=15263"},{"taxonomy":"series","embeddable":true,"href":"https:\/\/travesiapirenaica.com\/fr\/wp-json\/wp\/v2\/series?post=15263"}],"curies":[{"name":"wp","href":"https:\/\/api.w.org\/{rel}","templated":true}]}}