{"id":15682,"date":"2017-05-14T14:08:22","date_gmt":"2017-05-14T12:08:22","guid":{"rendered":"https:\/\/travesiapirenaica.com\/?p=15682"},"modified":"2019-05-14T14:13:10","modified_gmt":"2019-05-14T12:13:10","slug":"vignemale","status":"publish","type":"post","link":"https:\/\/travesiapirenaica.com\/fr\/vignemale\/","title":{"rendered":"Vignemale"},"content":{"rendered":"<hr \/>\n<p><strong><i class=\"fa fa-map-pin\" aria-hidden=\"true\"><\/i> \u00a0Hauteur :\u00a0<\/strong>3298m<\/p>\n<hr \/>\n<p><strong><i class=\"fa fa-map-marker\" aria-hidden=\"true\"><\/i> Situation :<\/strong><\/p>\n<p lang=\"zxx\">Pyr\u00e9n\u00e9es aragonaises, t\u00eate de la vall\u00e9e de Bujaruelo et d\u00e9partement des Hautes-Pyr\u00e9n\u00e9es, pr\u00e8s du Pont d'Espagne et de la t\u00eate de la vall\u00e9e de Gavarnie.<\/p>\n<hr \/>\n<p><strong><i class=\"fa fa-calendar\" aria-hidden=\"true\"><\/i> Quand y aller :<\/strong><\/p>\n<p lang=\"zxx\">De mi-juin \u00e0 d\u00e9but juillet, id\u00e9al pour la marche sur glacier dans des conditions parfaites.<\/p>\n<p lang=\"zxx\">D\u00e8s la fin du mois de juillet, le glacier pr\u00e9sentait d\u00e9j\u00e0 des crevasses importantes.<\/p>\n<hr \/>\n<p><strong><i class=\"fa fa-map\" aria-hidden=\"true\"><\/i> Difficult\u00e9s de l'itin\u00e9raire :<\/strong><\/p>\n<p lang=\"zxx\">Itin\u00e9raire de haute montagne sur glacier. Pas tr\u00e8s difficile techniquement, mais il faut absolument faire attention aux chutes de pierres. Les blocs qui s'accumulent ne sont pas tr\u00e8s stables et il faut faire attention.<\/p>\n<p lang=\"zxx\">Il est n\u00e9cessaire de s'encorder sur certaines sections du glacier, car les crevasses peuvent \u00eatre masqu\u00e9es jusqu'en juin.<\/p>\n<hr \/>\n<p><strong><i class=\"fa fa-exclamation-triangle\"><\/i> Sections compliqu\u00e9es :<\/strong><\/p>\n<p lang=\"zxx\">Le glacier : il faut s'adapter \u00e0 son aspect qui fluctue dans le temps.<\/p>\n<hr \/>\n<p><strong><i class=\"fa fa-suitcase\"><\/i> Equipement recommand\u00e9 :<\/strong><\/p>\n<ul>\n<li lang=\"zxx\">Piolet et crampons presque indispensables.<\/li>\n<li lang=\"zxx\">Des bottes et des gu\u00eatres adapt\u00e9es sont appr\u00e9ci\u00e9es.<\/li>\n<li lang=\"zxx\">B\u00e2tons de marche tr\u00e8s utiles.<\/li>\n<li lang=\"zxx\">Ceinture et corde pour les deux \u00e9tapes d\u00e9j\u00e0 mentionn\u00e9es.<\/li>\n<li lang=\"zxx\">Lunettes de soleil et cr\u00e8me solaire.<\/li>\n<\/ul>","protected":false},"excerpt":{"rendered":"\u00a0Altitude : 3298 m Situation : Pyr\u00e9n\u00e9es aragonaises, t\u00eate de la vall\u00e9e de Bujaruelo et d\u00e9partement des Hautes-Pyr\u00e9n\u00e9es, pr\u00e8s de la...","protected":false},"author":1,"featured_media":15683,"comment_status":"closed","ping_status":"closed","sticky":false,"template":"","format":"image","meta":{"_kad_blocks_custom_css":"","_kad_blocks_head_custom_js":"","_kad_blocks_body_custom_js":"","_kad_blocks_footer_custom_js":"","episode_type":"","audio_file":"","podmotor_file_id":"","podmotor_episode_id":"","cover_image":"","cover_image_id":"","duration":"","filesize":"","filesize_raw":"","date_recorded":"","explicit":"","block":"","_kad_post_transparent":"","_kad_post_title":"","_kad_post_layout":"","_kad_post_sidebar_id":"","_kad_post_content_style":"","_kad_post_vertical_padding":"","_kad_post_feature":"","_kad_post_feature_position":"","_kad_post_header":false,"_kad_post_footer":false,"_kad_post_classname":"","_jetpack_memberships_contains_paid_content":false,"footnotes":""},"categories":[1],"tags":[],"series":[],"class_list":["post-15682","post","type-post","status-publish","format-image","has-post-thumbnail","hentry","category-sin-categoria","post_format-post-format-image"],"episode_featured_image":"https:\/\/travesiapirenaica.com\/wp-content\/uploads\/2019\/05\/Le_massif_du_Vignemale_By-Jaufrai-_via-Wikimedia-Commons_760X500.jpg","episode_player_image":"https:\/\/travesiapirenaica.com\/wp-content\/uploads\/2017\/12\/Caratula-Podcast-Maldita-Montana_1500x1500_72pp-p_.jpg","download_link":"","player_link":"","audio_player":false,"episode_data":{"playerMode":"dark","subscribeUrls":[],"rssFeedUrl":"https:\/\/travesiapirenaica.com\/fr\/feed\/podcast\/maldita-montana","embedCode":"<blockquote class=\"wp-embedded-content\" data-secret=\"BlxYev1taj\"><a href=\"https:\/\/travesiapirenaica.com\/fr\/vignemale\/\">Vignemale<\/a><\/blockquote><iframe sandbox=\"allow-scripts\" security=\"restricted\" src=\"https:\/\/travesiapirenaica.com\/fr\/vignemale\/embed\/#?secret=BlxYev1taj\" width=\"500\" height=\"350\" title=\"\u00ab\u00a0Vignemale\u00a0\u00bb &#8212; Traves\u00eda.\" data-secret=\"BlxYev1taj\" frameborder=\"0\" marginwidth=\"0\" marginheight=\"0\" scrolling=\"no\" class=\"wp-embedded-content\"><\/iframe><script>\n\/*! This file is auto-generated *\/\n!function(d,l){\"use strict\";l.querySelector&&d.addEventListener&&\"undefined\"!=typeof URL&&(d.wp=d.wp||{},d.wp.receiveEmbedMessage||(d.wp.receiveEmbedMessage=function(e){var t=e.data;if((t||t.secret||t.message||t.value)&&!\/[^a-zA-Z0-9]\/.test(t.secret)){for(var s,r,n,a=l.querySelectorAll('iframe[data-secret=\"'+t.secret+'\"]'),o=l.querySelectorAll('blockquote[data-secret=\"'+t.secret+'\"]'),c=new RegExp(\"^https?:$\",\"i\"),i=0;i<o.length;i++)o[i].style.display=\"none\";for(i=0;i<a.length;i++)s=a[i],e.source===s.contentWindow&&(s.removeAttribute(\"style\"),\"height\"===t.message?(1e3<(r=parseInt(t.value,10))?r=1e3:~~r<200&&(r=200),s.height=r):\"link\"===t.message&&(r=new URL(s.getAttribute(\"src\")),n=new URL(t.value),c.test(n.protocol))&&n.host===r.host&&l.activeElement===s&&(d.top.location.href=t.value))}},d.addEventListener(\"message\",d.wp.receiveEmbedMessage,!1),l.addEventListener(\"DOMContentLoaded\",function(){for(var e,t,s=l.querySelectorAll(\"iframe.wp-embedded-content\"),r=0;r<s.length;r++)(t=(e=s[r]).getAttribute(\"data-secret\"))||(t=Math.random().toString(36).substring(2,12),e.src+=\"#?secret=\"+t,e.setAttribute(\"data-secret\",t)),e.contentWindow.postMessage({message:\"ready\",secret:t},\"*\")},!1)))}(window,document);\n\/\/# sourceURL=https:\/\/travesiapirenaica.com\/wp-includes\/js\/wp-embed.min.js\n<\/script>\n"},"taxonomy_info":{"category":[{"value":1,"label":"Sin categor\u00eda"}]},"featured_image_src_large":["https:\/\/travesiapirenaica.com\/wp-content\/uploads\/2019\/05\/Le_massif_du_Vignemale_By-Jaufrai-_via-Wikimedia-Commons_760X500.jpg",760,500,false],"author_info":{"display_name":"Traves\u00eda Pirenaica","author_link":"https:\/\/travesiapirenaica.com\/fr\/author\/travesia-pirenaica\/"},"comment_info":0,"category_info":[{"term_id":1,"name":"Sin categor\u00eda","slug":"sin-categoria","term_group":0,"term_taxonomy_id":1,"taxonomy":"category","description":"","parent":0,"count":207,"filter":"raw","cat_ID":1,"category_count":207,"category_description":"","cat_name":"Sin categor\u00eda","category_nicename":"sin-categoria","category_parent":0}],"tag_info":false,"jetpack_featured_media_url":"https:\/\/travesiapirenaica.com\/wp-content\/uploads\/2019\/05\/Le_massif_du_Vignemale_By-Jaufrai-_via-Wikimedia-Commons_760X500.jpg","jetpack_sharing_enabled":true,"_links":{"self":[{"href":"https:\/\/travesiapirenaica.com\/fr\/wp-json\/wp\/v2\/posts\/15682","targetHints":{"allow":["GET"]}}],"collection":[{"href":"https:\/\/travesiapirenaica.com\/fr\/wp-json\/wp\/v2\/posts"}],"about":[{"href":"https:\/\/travesiapirenaica.com\/fr\/wp-json\/wp\/v2\/types\/post"}],"author":[{"embeddable":true,"href":"https:\/\/travesiapirenaica.com\/fr\/wp-json\/wp\/v2\/users\/1"}],"replies":[{"embeddable":true,"href":"https:\/\/travesiapirenaica.com\/fr\/wp-json\/wp\/v2\/comments?post=15682"}],"version-history":[{"count":0,"href":"https:\/\/travesiapirenaica.com\/fr\/wp-json\/wp\/v2\/posts\/15682\/revisions"}],"wp:featuredmedia":[{"embeddable":true,"href":"https:\/\/travesiapirenaica.com\/fr\/wp-json\/wp\/v2\/media\/15683"}],"wp:attachment":[{"href":"https:\/\/travesiapirenaica.com\/fr\/wp-json\/wp\/v2\/media?parent=15682"}],"wp:term":[{"taxonomy":"category","embeddable":true,"href":"https:\/\/travesiapirenaica.com\/fr\/wp-json\/wp\/v2\/categories?post=15682"},{"taxonomy":"post_tag","embeddable":true,"href":"https:\/\/travesiapirenaica.com\/fr\/wp-json\/wp\/v2\/tags?post=15682"},{"taxonomy":"series","embeddable":true,"href":"https:\/\/travesiapirenaica.com\/fr\/wp-json\/wp\/v2\/series?post=15682"}],"curies":[{"name":"wp","href":"https:\/\/api.w.org\/{rel}","templated":true}]}}