{"id":15862,"date":"2019-09-23T15:43:43","date_gmt":"2019-09-23T13:43:43","guid":{"rendered":"https:\/\/travesiapirenaica.com\/?p=15862"},"modified":"2019-09-26T11:33:34","modified_gmt":"2019-09-26T09:33:34","slug":"bardenas-reales","status":"publish","type":"post","link":"https:\/\/travesiapirenaica.com\/fr\/bardenas-reales\/","title":{"rendered":"Bardenas Reales : la vall\u00e9e de la mort de Navarre"},"content":{"rendered":"<p>Les Bardenas Reales sont l'un des sites naturels les plus singuliers du nord de la r\u00e9gion, une zone semi-d\u00e9sertique au c\u0153ur de la Navarre qui offre aux visiteurs des paysages et des recoins \u00e0 couper le souffle. \u00c9galement disponible,&nbsp;<strong>il existe de nombreux itin\u00e9raires de randonn\u00e9e<\/strong>&nbsp;que vous pouvez faire pour conna\u00eetre les coins de la r\u00e9gion. <\/p>\n\n\n\n<p>Les Bardenas Reales de Navarre peuvent \u00eatre d\u00e9finies comme une gigantesque tapisserie dans laquelle&nbsp;<strong>ravins, plateaux, d\u00e9serts et for\u00eats<\/strong>&nbsp;s'entrem\u00ealent, donnant naissance \u00e0 l'un des parcs naturels les plus uniques et les plus spectaculaires de toute la p\u00e9ninsule ib\u00e9rique. La vari\u00e9t\u00e9 des habitats et la richesse de la faune et de la flore font du parc une destination incontournable pour tout amateur de tourisme rural ou d'\u00e9cotourisme. En outre, de nombreuses activit\u00e9s et sports de plein air peuvent \u00eatre pratiqu\u00e9s, du canyoning aux parcours en segway, l'une des mani\u00e8res les plus originales de conna\u00eetre en profondeur toutes les zones qui composent les bardenas.&nbsp;<\/p>\n\n\n\n<figure><iframe loading=\"lazy\" width=\"100%\" height=\"315\" src=\"https:\/\/www.youtube.com\/embed\/F_af_QklBR0\" rel=\"nofollow\" target=\"_blank\" allowfullscreen=\"\"><\/iframe><\/figure>\n\n\n\n<p><strong>Les Bardenas Reales de Navarra sont divis\u00e9es en deux zones principales : la Bardena Blanca et la Bardena Negra.<\/strong>&nbsp;La premi\u00e8re se distingue par la pr\u00e9sence de sels et de gypse dans le sol, qui lui conf\u00e8rent sa couleur blanche caract\u00e9ristique, et se divise en deux zones : la Blanca Alta et la Baja. Dans la Bardena Negra, zone limitrophe de l'Aragon, se distingue le paysage des Ca\u00eddas de la Negra, la meilleure zone pour l'observation des oiseaux, o\u00f9 les ornithologues pourront voir des rapaces comme le vautour et des oiseaux comme la grande outarde.<\/p>\n\n\n\n<p>Un autre lieu embl\u00e9matique des Bardenas Reales est El Plano, un petit plateau situ\u00e9 \u00e0 un peu plus de cent m\u00e8tres au-dessus du reste du terrain. Enfin, il convient de mentionner le Rinc\u00f3n del B\u00fa, la colline ou \"cabezo\" de la Virgen de Nuestra Se\u00f1ora del Yugo (Notre Dame du Joug) et de l'\u00e9glise de la Vierge de la Vierge de la Vierge de la Vierge.&nbsp;<strong>le Vedado de Pe\u00f1aflor<\/strong>Il s'agit d'une zone bois\u00e9e qui pourrait \u00eatre consid\u00e9r\u00e9e comme l'oasis des Bardenas Reales.<\/p>\n\n\n\n<hr class=\"wp-block-separator\"\/>\n\n\n\n<h2 class=\"wp-block-heading\">Guide pratique<\/h2>\n\n\n\n<ul class=\"wp-block-list\"><li><strong>Ville de r\u00e9f\u00e9rence<\/strong>Le site de Tudela : Tudela<\/li><li><strong>Acc\u00e8s<\/strong>L'un des acc\u00e8s au parc se fait par la piste asphalt\u00e9e qui part de la station-service \u00e0 la sortie de l'autoroute. <strong>Arguedas<\/strong>. Une autre voie d'acc\u00e8s est un chemin de terre partant de la route jusqu'\u00e0 <strong>Carcastillo-Figarol <\/strong>(el Paso) et qui rejoint la piste qui entoure le domaine.<\/li><\/ul>\n\n\n\n<hr class=\"wp-block-separator\"\/>\n\n\n\n<h2 class=\"wp-block-heading\">Itin\u00e9raires et promenades \u00e0 : Bardenas Reales<\/h2>\n\n\n\n<p><strong>Itin\u00e9raires avec enfants dans les Bardenas Reales<\/strong>:<\/p>\n\n\n\n<p>Vous pouvez aller voir <strong>Castildeterra<\/strong> et se promener dans les ravins environnants. Les <strong><a href=\"https:\/\/www.turismo.navarra.es\/esp\/que-ver-hacer\/recurso\/Actividadesdeportivas\/7531\/Sendero-\" rel=\"nofollow noopener noreferrer\" target=\"_blank\">\"Barranco de las Cortinas <\/a><\/strong>est une petite promenade circulaire tr\u00e8s agr\u00e9able qui vaut la peine d'\u00eatre parcourue pour d\u00e9couvrir les subtilit\u00e9s de l'\u00e9rosion qui a fa\u00e7onn\u00e9 le site. <\/p>\n\n\n\n<figure><iframe loading=\"lazy\" src=\"https:\/\/es.wikiloc.com\/wikiloc\/spatialArtifacts.do?event=view&amp;id=20730113&amp;measures=off&amp;title=off&amp;near=off&amp;images=off&amp;maptype=H\" rel=\"nofollow\" target=\"_blank\" width=\"100%\" height=\"400\"><\/iframe><\/figure>\n\n\n\n<p>Une autre promenade int\u00e9ressante consiste \u00e0 acc\u00e9der au <strong><a href=\"https:\/\/www.turismo.navarra.es\/esp\/que-ver-hacer\/recurso\/Actividadesdeportivas\/7531\/Sendero-\" rel=\"nofollow noopener noreferrer\" target=\"_blank\">Cabezo de las Cortinillas<\/a><\/strong>On acc\u00e8de au point de vue par des marches en b\u00e9ton qui r\u00e9sistent aux attaques de la nature. On peut y appr\u00e9cier la morphologie caract\u00e9ristique de la Bardena dans toute sa splendeur. <\/p>\n\n\n\n<figure><iframe loading=\"lazy\" src=\"https:\/\/es.wikiloc.com\/wikiloc\/spatialArtifacts.do?event=view&amp;id=21997924&amp;measures=off&amp;title=off&amp;near=off&amp;images=off&amp;maptype=H\" rel=\"nofollow\" target=\"_blank\" width=\"100%\" height=\"400\"><\/iframe><\/figure>\n\n\n\n<p>Il est \u00e0 noter qu'\u00e0 l'exception des itin\u00e9raires balis\u00e9s et autoris\u00e9s, il n'est pas possible d'emprunter d'autres sentiers. La zone militaire est \u00e9galement d\u00e9limit\u00e9e.<\/p>\n\n\n\n<hr class=\"wp-block-separator\"\/>","protected":false},"excerpt":{"rendered":"Les Bardenas Reales sont l'un des sites naturels les plus singuliers du nord de la r\u00e9gion, une zone semi-d\u00e9sertique au c\u0153ur de la Navarre qui offre aux visiteurs des paysages et des recoins \u00e0 couper le souffle.","protected":false},"author":1,"featured_media":15864,"comment_status":"closed","ping_status":"closed","sticky":false,"template":"","format":"image","meta":{"_kad_blocks_custom_css":"","_kad_blocks_head_custom_js":"","_kad_blocks_body_custom_js":"","_kad_blocks_footer_custom_js":"","episode_type":"audio","audio_file":"","podmotor_file_id":"","podmotor_episode_id":"","cover_image":"","cover_image_id":"","duration":"","filesize":"","filesize_raw":"","date_recorded":"","explicit":"","block":"","_kad_post_transparent":"","_kad_post_title":"","_kad_post_layout":"","_kad_post_sidebar_id":"","_kad_post_content_style":"","_kad_post_vertical_padding":"","_kad_post_feature":"","_kad_post_feature_position":"","_kad_post_header":false,"_kad_post_footer":false,"_kad_post_classname":"","_jetpack_memberships_contains_paid_content":false,"footnotes":""},"categories":[18],"tags":[],"series":[],"class_list":["post-15862","post","type-post","status-publish","format-image","has-post-thumbnail","hentry","category-destinos","post_format-post-format-image"],"episode_featured_image":"https:\/\/travesiapirenaica.com\/wp-content\/uploads\/2019\/05\/Bardenas-reales_by-bernard-hermant-unsplash_1000x750.jpg","episode_player_image":"https:\/\/travesiapirenaica.com\/wp-content\/uploads\/2017\/12\/Caratula-Podcast-Maldita-Montana_1500x1500_72pp-p_.jpg","download_link":"","player_link":"","audio_player":false,"episode_data":{"playerMode":"dark","subscribeUrls":[],"rssFeedUrl":"https:\/\/travesiapirenaica.com\/fr\/feed\/podcast\/maldita-montana","embedCode":"<blockquote class=\"wp-embedded-content\" data-secret=\"re8At1gd4L\"><a href=\"https:\/\/travesiapirenaica.com\/fr\/bardenas-reales\/\">Bardenas Reales: el \u00abDeath Valley\u00bb navarro<\/a><\/blockquote><iframe sandbox=\"allow-scripts\" security=\"restricted\" src=\"https:\/\/travesiapirenaica.com\/fr\/bardenas-reales\/embed\/#?secret=re8At1gd4L\" width=\"500\" height=\"350\" title=\"\u00ab\u00a0Bardenas Reales: el \u00abDeath Valley\u00bb navarro\u00a0\u00bb &#8212; Traves\u00eda.\" data-secret=\"re8At1gd4L\" frameborder=\"0\" marginwidth=\"0\" marginheight=\"0\" scrolling=\"no\" class=\"wp-embedded-content\"><\/iframe><script>\n\/*! This file is auto-generated *\/\n!function(d,l){\"use strict\";l.querySelector&&d.addEventListener&&\"undefined\"!=typeof URL&&(d.wp=d.wp||{},d.wp.receiveEmbedMessage||(d.wp.receiveEmbedMessage=function(e){var t=e.data;if((t||t.secret||t.message||t.value)&&!\/[^a-zA-Z0-9]\/.test(t.secret)){for(var s,r,n,a=l.querySelectorAll('iframe[data-secret=\"'+t.secret+'\"]'),o=l.querySelectorAll('blockquote[data-secret=\"'+t.secret+'\"]'),c=new RegExp(\"^https?:$\",\"i\"),i=0;i<o.length;i++)o[i].style.display=\"none\";for(i=0;i<a.length;i++)s=a[i],e.source===s.contentWindow&&(s.removeAttribute(\"style\"),\"height\"===t.message?(1e3<(r=parseInt(t.value,10))?r=1e3:~~r<200&&(r=200),s.height=r):\"link\"===t.message&&(r=new URL(s.getAttribute(\"src\")),n=new URL(t.value),c.test(n.protocol))&&n.host===r.host&&l.activeElement===s&&(d.top.location.href=t.value))}},d.addEventListener(\"message\",d.wp.receiveEmbedMessage,!1),l.addEventListener(\"DOMContentLoaded\",function(){for(var e,t,s=l.querySelectorAll(\"iframe.wp-embedded-content\"),r=0;r<s.length;r++)(t=(e=s[r]).getAttribute(\"data-secret\"))||(t=Math.random().toString(36).substring(2,12),e.src+=\"#?secret=\"+t,e.setAttribute(\"data-secret\",t)),e.contentWindow.postMessage({message:\"ready\",secret:t},\"*\")},!1)))}(window,document);\n\/\/# sourceURL=https:\/\/travesiapirenaica.com\/wp-includes\/js\/wp-embed.min.js\n<\/script>\n"},"taxonomy_info":{"category":[{"value":18,"label":"Destinos"}]},"featured_image_src_large":["https:\/\/travesiapirenaica.com\/wp-content\/uploads\/2019\/05\/Bardenas-reales_by-bernard-hermant-unsplash_1000x750.jpg",1000,750,false],"author_info":{"display_name":"Traves\u00eda Pirenaica","author_link":"https:\/\/travesiapirenaica.com\/fr\/author\/travesia-pirenaica\/"},"comment_info":0,"category_info":[{"term_id":18,"name":"Destinos","slug":"destinos","term_group":0,"term_taxonomy_id":18,"taxonomy":"category","description":"","parent":0,"count":122,"filter":"raw","cat_ID":18,"category_count":122,"category_description":"","cat_name":"Destinos","category_nicename":"destinos","category_parent":0}],"tag_info":false,"jetpack_featured_media_url":"https:\/\/travesiapirenaica.com\/wp-content\/uploads\/2019\/05\/Bardenas-reales_by-bernard-hermant-unsplash_1000x750.jpg","jetpack_sharing_enabled":true,"_links":{"self":[{"href":"https:\/\/travesiapirenaica.com\/fr\/wp-json\/wp\/v2\/posts\/15862","targetHints":{"allow":["GET"]}}],"collection":[{"href":"https:\/\/travesiapirenaica.com\/fr\/wp-json\/wp\/v2\/posts"}],"about":[{"href":"https:\/\/travesiapirenaica.com\/fr\/wp-json\/wp\/v2\/types\/post"}],"author":[{"embeddable":true,"href":"https:\/\/travesiapirenaica.com\/fr\/wp-json\/wp\/v2\/users\/1"}],"replies":[{"embeddable":true,"href":"https:\/\/travesiapirenaica.com\/fr\/wp-json\/wp\/v2\/comments?post=15862"}],"version-history":[{"count":0,"href":"https:\/\/travesiapirenaica.com\/fr\/wp-json\/wp\/v2\/posts\/15862\/revisions"}],"wp:featuredmedia":[{"embeddable":true,"href":"https:\/\/travesiapirenaica.com\/fr\/wp-json\/wp\/v2\/media\/15864"}],"wp:attachment":[{"href":"https:\/\/travesiapirenaica.com\/fr\/wp-json\/wp\/v2\/media?parent=15862"}],"wp:term":[{"taxonomy":"category","embeddable":true,"href":"https:\/\/travesiapirenaica.com\/fr\/wp-json\/wp\/v2\/categories?post=15862"},{"taxonomy":"post_tag","embeddable":true,"href":"https:\/\/travesiapirenaica.com\/fr\/wp-json\/wp\/v2\/tags?post=15862"},{"taxonomy":"series","embeddable":true,"href":"https:\/\/travesiapirenaica.com\/fr\/wp-json\/wp\/v2\/series?post=15862"}],"curies":[{"name":"wp","href":"https:\/\/api.w.org\/{rel}","templated":true}]}}