{"id":16308,"date":"2016-06-10T10:40:52","date_gmt":"2016-06-10T08:40:52","guid":{"rendered":"https:\/\/travesiapirenaica.com\/?p=16308"},"modified":"2021-09-06T11:49:44","modified_gmt":"2021-09-06T09:49:44","slug":"trekking-amerique-centrale","status":"publish","type":"post","link":"https:\/\/travesiapirenaica.com\/fr\/trekking-america-central\/","title":{"rendered":"Les 12 meilleurs treks d'Am\u00e9rique centrale"},"content":{"rendered":"<p>L'Am\u00e9rique centrale est l'une des grandes inconnues en mati\u00e8re de trekking ; presque tous les alpinistes ont tendance \u00e0 visiter des endroits plus au nord ou au sud. C'est pourquoi l'Am\u00e9rique centrale peut \u00eatre l'endroit id\u00e9al pour vous si vous n'aimez pas les endroits trop touristiques et si vous voulez profiter de la nature en toute intimit\u00e9.  <\/p>\n\n\n\n<p style=\"background-color:#eeeeee\" class=\"has-background\"><strong>Vous pouvez \u00eatre int\u00e9ress\u00e9 par : <\/strong><a rel=\"noreferrer noopener\" href=\"https:\/\/travesiapirenaica.com\/fr\/trekking-trails-world\/\" target=\"_blank\"><strong>Les treks et les sentiers les plus int\u00e9ressants du monde\".<\/strong><\/a><\/p>\n\n\n\n<p>Vous n'imagineriez sans doute jamais que l'on puisse trouver de tels endroits pour faire du trekking en Am\u00e9rique centrale, mais ils existent et sont facilement accessibles.<\/p>\n\n\n\n<h2 class=\"wp-block-heading\">Volcan du sommet Rincon de Vieja au Costa Rica.  <\/h2>\n\n\n\n<p>Ce volcan \u00e0 neuf crat\u00e8res est situ\u00e9 dans le parc Guanacaste au Costa Rica. C'est un endroit id\u00e9al pour les alpinistes qui veulent d\u00e9couvrir des randonn\u00e9es plus tropicales et humides, ce qui n'est pas tr\u00e8s courant dans l'h\u00e9misph\u00e8re nord.  <\/p>\n\n\n\n<p>De plus, ce volcan poss\u00e8de un environnement merveilleux qui permet la coexistence de nombreuses esp\u00e8ces d'animaux et de plantes qui ne peuvent \u00eatre appr\u00e9ci\u00e9es que dans un endroit comme celui-ci.  <\/p>\n\n\n\n<p>Mieux encore, un train peut ramener les alpinistes apr\u00e8s la randonn\u00e9e, ce qui est id\u00e9al pour les alpinistes qui veulent profiter de la montagne \u00e0 moindre intensit\u00e9.  <\/p>\n\n\n\n<p>Il convient \u00e9galement de noter que, par temps tr\u00e8s clair, la fronti\u00e8re entre la mer des Cara\u00efbes et la mer du Pacifique est visible depuis le volcan, un spectacle rare qui ne peut \u00eatre admir\u00e9 qu'\u00e0 certains endroits strat\u00e9giques du monde.  <\/p>\n\n\n\n<h2 class=\"wp-block-heading\"><a rel=\"noreferrer noopener\" aria-label=\"Cockscom Basin in Belize &quot; (ouvre un nouvel onglet)\" href=\"https:\/\/travesiapirenaica.com\/fr\/sanctuaire-de-la-faune-et-de-la-flore-du-bassin-de-cockscomb-belize\/\" target=\"_blank\">Bassin de Cockscom au Belize \"<\/a><\/h2>\n\n\n\n<figure class=\"wp-block-image\"><img loading=\"lazy\" decoding=\"async\" width=\"800\" height=\"600\" src=\"https:\/\/travesiapirenaica.com\/wp-content\/uploads\/2010\/01\/Viajes-de-aventura-en-Belize_by-maher-el-aridi-unsplash_800x600.jpg\" alt=\"Voyage d&#039;aventure au Belize \/ Photo : Maher el Aridi (unsplash)\" class=\"wp-image-17171\" srcset=\"https:\/\/travesiapirenaica.com\/wp-content\/uploads\/2010\/01\/Viajes-de-aventura-en-Belize_by-maher-el-aridi-unsplash_800x600.jpg 800w, https:\/\/travesiapirenaica.com\/wp-content\/uploads\/2010\/01\/Viajes-de-aventura-en-Belize_by-maher-el-aridi-unsplash_800x600-300x225.jpg 300w, https:\/\/travesiapirenaica.com\/wp-content\/uploads\/2010\/01\/Viajes-de-aventura-en-Belize_by-maher-el-aridi-unsplash_800x600-768x576.jpg 768w, https:\/\/travesiapirenaica.com\/wp-content\/uploads\/2010\/01\/Viajes-de-aventura-en-Belize_by-maher-el-aridi-unsplash_800x600-450x338.jpg 450w, https:\/\/travesiapirenaica.com\/wp-content\/uploads\/2010\/01\/Viajes-de-aventura-en-Belize_by-maher-el-aridi-unsplash_800x600-225x169.jpg 225w, https:\/\/travesiapirenaica.com\/wp-content\/uploads\/2010\/01\/Viajes-de-aventura-en-Belize_by-maher-el-aridi-unsplash_800x600-20x15.jpg 20w, https:\/\/travesiapirenaica.com\/wp-content\/uploads\/2010\/01\/Viajes-de-aventura-en-Belize_by-maher-el-aridi-unsplash_800x600-128x96.jpg 128w, https:\/\/travesiapirenaica.com\/wp-content\/uploads\/2010\/01\/Viajes-de-aventura-en-Belize_by-maher-el-aridi-unsplash_800x600-600x450.jpg 600w\" sizes=\"auto, (max-width: 800px) 100vw, 800px\" \/><figcaption>Voyage d'aventure au Belize \/ Photo : Maher el Aridi (unsplash)<\/figcaption><\/figure>\n\n\n\n<p>Ce trek a une valeur ajout\u00e9e spectaculaire que tous les endroits ne peuvent pas se vanter d'avoir. Il s'agit d'une r\u00e9serve de jaguars et l'id\u00e9e de croiser l'un d'entre eux au cours de la randonn\u00e9e est une exp\u00e9rience unique qui n'est \u00e0 la port\u00e9e que des plus courageux. De plus, d'autres esp\u00e8ces de f\u00e9lins comme les pumas et les ocelots se trouvent \u00e9galement dans ce parc, ce qui fait de cet \u00e9cosyst\u00e8me l'un des plus riches en esp\u00e8ces f\u00e9lines au monde.  <\/p>\n\n\n\n<p>Le trek n'est pas trop \u00e9prouvant, c'est pourquoi il s'agit d'une belle randonn\u00e9e, id\u00e9ale pour toute la famille ou un groupe d'amis dont le niveau d'effort et de forme physique n'est pas homog\u00e8ne.  <\/p>\n\n\n\n<h2 class=\"wp-block-heading\"><a rel=\"noreferrer noopener\" aria-label=\"Volcan Telica au Nicaragua &quot; (ouvre un nouvel onglet)\" href=\"https:\/\/travesiapirenaica.com\/fr\/volcan-telica-nicaragua\/\" target=\"_blank\">Volcan Telica au Nicaragua \"  <\/a><\/h2>\n\n\n\n<figure class=\"wp-block-image\"><img loading=\"lazy\" decoding=\"async\" width=\"800\" height=\"600\" src=\"https:\/\/travesiapirenaica.com\/wp-content\/uploads\/2019\/02\/Volc\u00e1n_Telica_by-_SantiagoGG_-CC-BY-SA-4.0_wikimedia-commons_800x600.jpg\" alt=\"Volcan Telica \/ Photo : SantiagoGG (CC-BY-SA-4.0) via wikimedia commons\" class=\"wp-image-13744\" srcset=\"https:\/\/travesiapirenaica.com\/wp-content\/uploads\/2019\/02\/Volc\u00e1n_Telica_by-_SantiagoGG_-CC-BY-SA-4.0_wikimedia-commons_800x600.jpg 800w, https:\/\/travesiapirenaica.com\/wp-content\/uploads\/2019\/02\/Volc\u00e1n_Telica_by-_SantiagoGG_-CC-BY-SA-4.0_wikimedia-commons_800x600-300x225.jpg 300w, https:\/\/travesiapirenaica.com\/wp-content\/uploads\/2019\/02\/Volc\u00e1n_Telica_by-_SantiagoGG_-CC-BY-SA-4.0_wikimedia-commons_800x600-768x576.jpg 768w, https:\/\/travesiapirenaica.com\/wp-content\/uploads\/2019\/02\/Volc\u00e1n_Telica_by-_SantiagoGG_-CC-BY-SA-4.0_wikimedia-commons_800x600-450x338.jpg 450w, https:\/\/travesiapirenaica.com\/wp-content\/uploads\/2019\/02\/Volc\u00e1n_Telica_by-_SantiagoGG_-CC-BY-SA-4.0_wikimedia-commons_800x600-225x169.jpg 225w, https:\/\/travesiapirenaica.com\/wp-content\/uploads\/2019\/02\/Volc\u00e1n_Telica_by-_SantiagoGG_-CC-BY-SA-4.0_wikimedia-commons_800x600-20x15.jpg 20w, https:\/\/travesiapirenaica.com\/wp-content\/uploads\/2019\/02\/Volc\u00e1n_Telica_by-_SantiagoGG_-CC-BY-SA-4.0_wikimedia-commons_800x600-128x96.jpg 128w, https:\/\/travesiapirenaica.com\/wp-content\/uploads\/2019\/02\/Volc\u00e1n_Telica_by-_SantiagoGG_-CC-BY-SA-4.0_wikimedia-commons_800x600-600x450.jpg 600w\" sizes=\"auto, (max-width: 800px) 100vw, 800px\" \/><figcaption>Volcan Telica \/ Photo : SantiagoGG (CC-BY-SA-4.0) via wikimedia commons<\/figcaption><\/figure>\n\n\n\n<p>Ce trekking se termine dans le crat\u00e8re du volcan Telica lui-m\u00eame, ce qui est une exp\u00e9rience incroyable \u00e9tant donn\u00e9 qu'il s'agit d'un volcan actif. Les randonneurs peuvent s'approcher du crat\u00e8re aussi pr\u00e8s qu'ils le souhaitent et prendre des photos du crat\u00e8re qui vont bien au-del\u00e0 de ce que l'on attend d'un volcan en activit\u00e9. Il est \u00e9galement possible de camper au sommet du volcan afin de voir le crat\u00e8re la nuit, ce que nous adorons et qui, nous le savons, est une surprise tr\u00e8s agr\u00e9able pour tous ceux qui visitent le volcan. C'est certainement une exp\u00e9rience qui d\u00e9passe les attentes, car l'esprit d'un alpiniste d\u00e9butant n'est jamais pr\u00e9par\u00e9 \u00e0 un stimulus aussi fort que de voir de pr\u00e8s le crat\u00e8re d'un volcan en activit\u00e9.  <\/p>\n\n\n\n<h2 class=\"wp-block-heading\">Cerro Chirrip\u00f3 au Costa Rica.  <\/h2>\n\n\n\n<p>Ce trekking est un d\u00e9fi de 2 jours qui se termine au point le plus haut du Costa Rica, \u00e0 3800 m\u00e8tres au-dessus du niveau de la mer. La meilleure chose \u00e0 propos de ce trekking est de pouvoir appr\u00e9cier les esp\u00e8ces de plantes et de fleurs sp\u00e9ciales et indig\u00e8nes que le pays a \u00e0 offrir, ainsi que les incroyables esp\u00e8ces de singes qui coexistent dans ce parc naturel.  <\/p>\n\n\n\n<h2 class=\"wp-block-heading\">Volcan Concepci\u00f3n au Nicaragua. <\/h2>\n\n\n\n<p>Le Nicaragua est connu comme le pays des volcans des lacs et les volcans comme celui-ci font honneur au nom donn\u00e9 au pays. Sur l'\u00eele d'Omepete, vous pouvez faire une randonn\u00e9e jusqu'au sommet du volcan Concepci\u00f3n, qui se trouve au milieu d'un lac. Ce sentier permet aux randonneurs de profiter des nuances les plus authentiques du Nicaragua et repr\u00e9sente clairement tout ce qu'un pays comme le Nicaragua peut offrir.  <\/p>\n\n\n\n<h2 class=\"wp-block-heading\"><a rel=\"noreferrer noopener\" aria-label=\"Volcan Acatenango au Guatemala &quot; (ouvre un nouvel onglet)\" href=\"https:\/\/travesiapirenaica.com\/fr\/volcan-acatenango-guatemala\/\" target=\"_blank\">Volcan Acatenango au Guatemala \" <\/a><\/h2>\n\n\n\n<figure class=\"wp-block-image\"><img loading=\"lazy\" decoding=\"async\" width=\"1000\" height=\"750\" src=\"https:\/\/travesiapirenaica.com\/wp-content\/uploads\/2016\/06\/Acatenango-Vulcano-Guatemalamichiel-ton-unsplash_1000x750-1.jpg\" alt=\"Vulcano Acatenango Guatemala \/ Photo : Michiel Ton (unsplash)\" class=\"wp-image-16338\" srcset=\"https:\/\/travesiapirenaica.com\/wp-content\/uploads\/2016\/06\/Acatenango-Vulcano-Guatemalamichiel-ton-unsplash_1000x750-1.jpg 1000w, https:\/\/travesiapirenaica.com\/wp-content\/uploads\/2016\/06\/Acatenango-Vulcano-Guatemalamichiel-ton-unsplash_1000x750-1-300x225.jpg 300w, https:\/\/travesiapirenaica.com\/wp-content\/uploads\/2016\/06\/Acatenango-Vulcano-Guatemalamichiel-ton-unsplash_1000x750-1-768x576.jpg 768w, https:\/\/travesiapirenaica.com\/wp-content\/uploads\/2016\/06\/Acatenango-Vulcano-Guatemalamichiel-ton-unsplash_1000x750-1-450x338.jpg 450w, https:\/\/travesiapirenaica.com\/wp-content\/uploads\/2016\/06\/Acatenango-Vulcano-Guatemalamichiel-ton-unsplash_1000x750-1-225x169.jpg 225w, https:\/\/travesiapirenaica.com\/wp-content\/uploads\/2016\/06\/Acatenango-Vulcano-Guatemalamichiel-ton-unsplash_1000x750-1-900x675.jpg 900w, https:\/\/travesiapirenaica.com\/wp-content\/uploads\/2016\/06\/Acatenango-Vulcano-Guatemalamichiel-ton-unsplash_1000x750-1-20x15.jpg 20w, https:\/\/travesiapirenaica.com\/wp-content\/uploads\/2016\/06\/Acatenango-Vulcano-Guatemalamichiel-ton-unsplash_1000x750-1-128x96.jpg 128w, https:\/\/travesiapirenaica.com\/wp-content\/uploads\/2016\/06\/Acatenango-Vulcano-Guatemalamichiel-ton-unsplash_1000x750-1-600x450.jpg 600w\" sizes=\"auto, (max-width: 1000px) 100vw, 1000px\" \/><figcaption>Vulcano Acatenango Guatemala \/ Photo : Michiel Ton (unsplash)<\/figcaption><\/figure>\n\n\n\n<p>Ce volcan, le troisi\u00e8me plus haut du Guatemala, est parfait pour la randonn\u00e9e pour une raison : sa derni\u00e8re \u00e9ruption remonte \u00e0 72 et aujourd'hui, c'est un havre de paix qui permet aux randonneurs de profiter d'une ressource naturelle endormie. En outre, la vari\u00e9t\u00e9 des \u00e9cosyst\u00e8mes travers\u00e9s par les randonneurs sur le chemin du sommet en fait l'un des treks les plus diversifi\u00e9s d'Am\u00e9rique centrale. Sans aucun doute, l'ascension du volcan Acatenango est l'une des exp\u00e9riences les plus tropicales et les plus extravagantes que l'on puisse trouver dans cette partie du monde.  <\/p>\n\n\n\n<h2 class=\"wp-block-heading\">Parc national de Darien au Panama.  <\/h2>\n\n\n\n<p>Ce parc est en fait une jungle. Il est parfait pour ceux qui \u00e9tudient la diversit\u00e9 et aiment la flore et la faune indig\u00e8nes. C'est l'endroit le moins visit\u00e9 de cette liste, ce qui en fait l'exp\u00e9rience la plus authentique. C'est un parc pr\u00e9serv\u00e9 o\u00f9 vous pouvez appr\u00e9cier la nature dans sa forme la plus pure.  <\/p>\n\n\n\n<h2 class=\"wp-block-heading\">La r\u00e9serve foresti\u00e8re de Monte Verde au Costa Rica.  <\/h2>\n\n\n\n<p>Si vous aimez les orchid\u00e9es, ce parc est fait pour vous. La flore de ce parc est un vrai r\u00e9gal et les vues le long du chemin sont dignes de n'importe quel film hollywoodien.  <\/p>\n\n\n\n<h2 class=\"wp-block-heading\">Volcan San Pedro au Guatemala. <\/h2>\n\n\n\n<p>Cet endroit offre plusieurs possibilit\u00e9s de randonn\u00e9es, car il s'agit d'un lac entour\u00e9 de montagnes qui enchante g\u00e9n\u00e9ralement tous ceux qui le visitent. Tous les treks consistent \u00e0 atteindre le sommet des volcans, ce qui prend g\u00e9n\u00e9ralement entre 3 et 4 heures. Cela vaut vraiment la peine de faire l'effort de grimper pour voir le parfait coucher de soleil depuis le sommet.  <\/p>\n\n\n\n<h2 class=\"wp-block-heading\">Le Corcovado au Costa Rica.  <\/h2>\n\n\n\n<p>Si vous aimez la faune et la flore, ce parc est fait pour vous. La randonn\u00e9e dans ce parc vous fera traverser des plages d\u00e9sertes et des for\u00eats tropicales humides o\u00f9 vous rencontrerez des esp\u00e8ces que vous n'avez jamais vues de votre vie. Les singes sautent de branche en branche devant les randonneurs et un \u00e9cosyst\u00e8me est cr\u00e9\u00e9 o\u00f9 vous ne pouvez qu'appr\u00e9cier la merveilleuse connexion avec la nature que procure ce type de randonn\u00e9e. En outre, il existe de nombreuses esp\u00e8ces indig\u00e8nes d'ours paresseux qui s'approchent de l'homme sans aucune crainte, ce qui peut vous faire partager, en tant que randonneur, une exp\u00e9rience merveilleuse de partage de l'espace et de contact avec une esp\u00e8ce aussi fascinante.  <\/p>","protected":false},"excerpt":{"rendered":"L'Am\u00e9rique centrale est l'une des grandes inconnues en mati\u00e8re de trekking, car la quasi-totalit\u00e9 des...","protected":false},"author":1,"featured_media":16338,"comment_status":"closed","ping_status":"closed","sticky":false,"template":"","format":"image","meta":{"_kad_blocks_custom_css":"","_kad_blocks_head_custom_js":"","_kad_blocks_body_custom_js":"","_kad_blocks_footer_custom_js":"","episode_type":"","audio_file":"","podmotor_file_id":"","podmotor_episode_id":"","cover_image":"","cover_image_id":"","duration":"","filesize":"","filesize_raw":"","date_recorded":"","explicit":"","block":"","_kad_post_transparent":"","_kad_post_title":"","_kad_post_layout":"","_kad_post_sidebar_id":"","_kad_post_content_style":"","_kad_post_vertical_padding":"","_kad_post_feature":"","_kad_post_feature_position":"","_kad_post_header":false,"_kad_post_footer":false,"_kad_post_classname":"","_jetpack_memberships_contains_paid_content":false,"footnotes":""},"categories":[2936],"tags":[],"series":[],"class_list":["post-16308","post","type-post","status-publish","format-image","has-post-thumbnail","hentry","category-america-central","post_format-post-format-image"],"episode_featured_image":"https:\/\/travesiapirenaica.com\/wp-content\/uploads\/2016\/06\/Acatenango-Vulcano-Guatemalamichiel-ton-unsplash_1000x750-1.jpg","episode_player_image":"https:\/\/travesiapirenaica.com\/wp-content\/uploads\/2017\/12\/Caratula-Podcast-Maldita-Montana_1500x1500_72pp-p_.jpg","download_link":"","player_link":"","audio_player":false,"episode_data":{"playerMode":"dark","subscribeUrls":[],"rssFeedUrl":"https:\/\/travesiapirenaica.com\/fr\/feed\/podcast\/maldita-montana","embedCode":"<blockquote class=\"wp-embedded-content\" data-secret=\"1DHvJe5mYZ\"><a href=\"https:\/\/travesiapirenaica.com\/fr\/trekking-america-central\/\">Los 12 mejores trekkings en Am\u00e9rica Central<\/a><\/blockquote><iframe sandbox=\"allow-scripts\" security=\"restricted\" src=\"https:\/\/travesiapirenaica.com\/fr\/trekking-america-central\/embed\/#?secret=1DHvJe5mYZ\" width=\"500\" height=\"350\" title=\"\u00ab\u00a0Los 12 mejores trekkings en Am\u00e9rica Central\u00a0\u00bb &#8212; Traves\u00eda.\" data-secret=\"1DHvJe5mYZ\" frameborder=\"0\" marginwidth=\"0\" marginheight=\"0\" scrolling=\"no\" class=\"wp-embedded-content\"><\/iframe><script>\n\/*! This file is auto-generated *\/\n!function(d,l){\"use strict\";l.querySelector&&d.addEventListener&&\"undefined\"!=typeof URL&&(d.wp=d.wp||{},d.wp.receiveEmbedMessage||(d.wp.receiveEmbedMessage=function(e){var t=e.data;if((t||t.secret||t.message||t.value)&&!\/[^a-zA-Z0-9]\/.test(t.secret)){for(var s,r,n,a=l.querySelectorAll('iframe[data-secret=\"'+t.secret+'\"]'),o=l.querySelectorAll('blockquote[data-secret=\"'+t.secret+'\"]'),c=new RegExp(\"^https?:$\",\"i\"),i=0;i<o.length;i++)o[i].style.display=\"none\";for(i=0;i<a.length;i++)s=a[i],e.source===s.contentWindow&&(s.removeAttribute(\"style\"),\"height\"===t.message?(1e3<(r=parseInt(t.value,10))?r=1e3:~~r<200&&(r=200),s.height=r):\"link\"===t.message&&(r=new URL(s.getAttribute(\"src\")),n=new URL(t.value),c.test(n.protocol))&&n.host===r.host&&l.activeElement===s&&(d.top.location.href=t.value))}},d.addEventListener(\"message\",d.wp.receiveEmbedMessage,!1),l.addEventListener(\"DOMContentLoaded\",function(){for(var e,t,s=l.querySelectorAll(\"iframe.wp-embedded-content\"),r=0;r<s.length;r++)(t=(e=s[r]).getAttribute(\"data-secret\"))||(t=Math.random().toString(36).substring(2,12),e.src+=\"#?secret=\"+t,e.setAttribute(\"data-secret\",t)),e.contentWindow.postMessage({message:\"ready\",secret:t},\"*\")},!1)))}(window,document);\n\/\/# sourceURL=https:\/\/travesiapirenaica.com\/wp-includes\/js\/wp-embed.min.js\n<\/script>\n"},"taxonomy_info":{"category":[{"value":2936,"label":"Am\u00e9rica Central"}]},"featured_image_src_large":["https:\/\/travesiapirenaica.com\/wp-content\/uploads\/2016\/06\/Acatenango-Vulcano-Guatemalamichiel-ton-unsplash_1000x750-1.jpg",1000,750,false],"author_info":{"display_name":"Traves\u00eda Pirenaica","author_link":"https:\/\/travesiapirenaica.com\/fr\/author\/travesia-pirenaica\/"},"comment_info":0,"category_info":[{"term_id":2936,"name":"Am\u00e9rica Central","slug":"america-central","term_group":0,"term_taxonomy_id":2952,"taxonomy":"category","description":"Am\u00e9rica Central","parent":18,"count":8,"filter":"raw","cat_ID":2936,"category_count":8,"category_description":"Am\u00e9rica Central","cat_name":"Am\u00e9rica Central","category_nicename":"america-central","category_parent":18}],"tag_info":false,"jetpack_featured_media_url":"https:\/\/travesiapirenaica.com\/wp-content\/uploads\/2016\/06\/Acatenango-Vulcano-Guatemalamichiel-ton-unsplash_1000x750-1.jpg","jetpack_sharing_enabled":true,"_links":{"self":[{"href":"https:\/\/travesiapirenaica.com\/fr\/wp-json\/wp\/v2\/posts\/16308","targetHints":{"allow":["GET"]}}],"collection":[{"href":"https:\/\/travesiapirenaica.com\/fr\/wp-json\/wp\/v2\/posts"}],"about":[{"href":"https:\/\/travesiapirenaica.com\/fr\/wp-json\/wp\/v2\/types\/post"}],"author":[{"embeddable":true,"href":"https:\/\/travesiapirenaica.com\/fr\/wp-json\/wp\/v2\/users\/1"}],"replies":[{"embeddable":true,"href":"https:\/\/travesiapirenaica.com\/fr\/wp-json\/wp\/v2\/comments?post=16308"}],"version-history":[{"count":0,"href":"https:\/\/travesiapirenaica.com\/fr\/wp-json\/wp\/v2\/posts\/16308\/revisions"}],"wp:featuredmedia":[{"embeddable":true,"href":"https:\/\/travesiapirenaica.com\/fr\/wp-json\/wp\/v2\/media\/16338"}],"wp:attachment":[{"href":"https:\/\/travesiapirenaica.com\/fr\/wp-json\/wp\/v2\/media?parent=16308"}],"wp:term":[{"taxonomy":"category","embeddable":true,"href":"https:\/\/travesiapirenaica.com\/fr\/wp-json\/wp\/v2\/categories?post=16308"},{"taxonomy":"post_tag","embeddable":true,"href":"https:\/\/travesiapirenaica.com\/fr\/wp-json\/wp\/v2\/tags?post=16308"},{"taxonomy":"series","embeddable":true,"href":"https:\/\/travesiapirenaica.com\/fr\/wp-json\/wp\/v2\/series?post=16308"}],"curies":[{"name":"wp","href":"https:\/\/api.w.org\/{rel}","templated":true}]}}