{"id":16311,"date":"2016-06-10T10:41:01","date_gmt":"2016-06-10T08:41:01","guid":{"rendered":"https:\/\/travesiapirenaica.com\/?p=16311"},"modified":"2021-09-06T11:49:19","modified_gmt":"2021-09-06T09:49:19","slug":"trekking-de-lautel-en-equateur","status":"publish","type":"post","link":"https:\/\/travesiapirenaica.com\/fr\/trekking-el-altar-ecuador\/","title":{"rendered":"Trekking El Altar - \u00c9quateur"},"content":{"rendered":"<p>L'homme est connu depuis longtemps pour explorer des endroits recul\u00e9s, des espaces inhospitaliers o\u00f9 aucune autre esp\u00e8ce ne peut se rendre. Nous sommes faits pour l'aventure. <strong>Dans les Andes \u00e9quatoriennes se trouve l'un des circuits les plus difficiles de toute la r\u00e9gion.<\/strong>Voulez-vous savoir pourquoi ? <strong>Rejoignez-nous et embarquez pour l'aventure du trekking.<\/strong>.<\/p>\n\n\n\n<p style=\"background-color:#eeeeee\" class=\"has-background\"><strong>Vous pouvez \u00eatre int\u00e9ress\u00e9 par : <a href=\"https:\/\/travesiapirenaica.com\/fr\/trekking-amerique-du-sud\/\" target=\"_blank\" rel=\"noreferrer noopener\" aria-label=\" (s&#039;ouvre dans un nouvel onglet)\">Les meilleurs itin\u00e9raires de trekking en Am\u00e9rique du Sud\".<\/a><\/strong><\/p>\n\n\n\n<p>Cette activit\u00e9 est en plein essor, <strong>Le trekking ou la randonn\u00e9e est de plus en plus pratiqu\u00e9 par des millions de personnes dans le monde entier. <\/strong>Il nous offre la possibilit\u00e9 de nous reconnecter \u00e0 nous-m\u00eames en reliant nos sens \u00e0 la nature. Se rendre \u00e0 <strong>El Altar - \u00c9quateur<\/strong> ne sera que le d\u00e9but d'une nouvelle vie.  <\/p>\n\n\n\n<p><strong>El Altar est un volcan \u00e9teint situ\u00e9 dans la cha\u00eene de montagnes des Andes en \u00c9quateur.<\/strong>, <strong>est c\u00e9l\u00e8bre pour ses 12 sommets enneig\u00e9s de plus de 5000 m\u00e8tres en forme de lettre C<\/strong>La lagune jaune est prot\u00e9g\u00e9e et cach\u00e9e du reste du monde. Et le seul moyen d'y acc\u00e9der est de passer par le site d\u00e9couvert, un circuit de randonn\u00e9e.  <\/p>\n\n\n\n<h2 class=\"wp-block-heading\"><strong>Visiter\nle circuit El Altar Trek <\/strong>\n<\/h2>\n\n\n\n<p>Avant de commencer l'aventure, l'acclimatation est tr\u00e8s importante. Nous recommandons donc de passer quelques jours dans la r\u00e9gion avant d'entreprendre l'ascension de la montagne. <strong>Les conditions m\u00e9t\u00e9orologiques sur cet itin\u00e9raire sont souvent tr\u00e8s impr\u00e9visibles.<\/strong>. La pluie est fr\u00e9quente, il faut donc pr\u00e9voir des v\u00eatements et des chaussures adapt\u00e9s \u00e0 l'occasion.  <\/p>\n\n\n\n<p><strong>Notre aventure commence \u00e0 Riobamba<\/strong>Il existe diff\u00e9rents points de d\u00e9part pour atteindre notre objectif : l'autel. <strong>La marche sera en mont\u00e9e<\/strong> et selon le temps, il peut \u00eatre un peu glissant et m\u00eame difficile \u00e0 cause de la boue. Vous vivrez sans aucun doute une aventure amusante. <strong>Au fur et \u00e0 mesure de votre ascension, vous b\u00e9n\u00e9ficierez d'une vue incroyable, de sommets enneig\u00e9s et d'une belle v\u00e9g\u00e9tation. <\/strong> <\/p>\n\n\n\n<p><strong>Apr\u00e8s 7 heures de marche, l'itin\u00e9raire commence \u00e0 s'am\u00e9liorer.<\/strong>. Notre premi\u00e8re station se trouve au c\u0153ur d'une cabane sur une colline qui est rendue petite par le paysage majestueux avec El Altar en arri\u00e8re-plan. <strong>Vous pouvez y passer jusqu'\u00e0 2 jours<\/strong>.  <\/p>\n\n\n\n<p><strong>L'ascension est tr\u00e8s difficile compte tenu des conditions m\u00e9t\u00e9orologiques.<\/strong>Cependant, les r\u00e9compenses sont bien plus importantes. <strong>El Altar et ses environs vous surprendront sans aucun doute.<\/strong>. Vous pourrez profiter d'une vue unique au monde, \u00e0 c\u00f4t\u00e9 de l'h\u00f4tel de ville. <strong>la lagune jaune<\/strong> au-dessus de l'embl\u00e9matique volcan mort. N'oubliez pas d'apporter votre appareil photo pour immortaliser chaque instant de cette incroyable cha\u00eene de montagnes.  <\/p>\n\n\n\n<h2 class=\"wp-block-heading\"><strong>Ce qu'il faut pour faire du trekking \u00e0 El Altar <\/strong> <\/h2>\n\n\n\n<p>Contrairement \u00e0 d'autres itin\u00e9raires tels que <strong>le circuit Huyahuash<\/strong> et le <strong><a href=\"https:\/\/travesiapirenaica.com\/fr\/trekking-ausangate-peru\/\" target=\"_blank\" rel=\"noreferrer noopener\" aria-label=\" (s&#039;ouvre dans un nouvel onglet)\">Trek de l'Ausangate<\/a><\/strong> au P\u00e9rou, <strong>ce circuit est beaucoup plus court et plus rapide<\/strong>et donc <strong>vous n'aurez pas besoin de beaucoup de bagages<\/strong> pour l'achever. Gr\u00e2ce \u00e0 la cabane, vous n'aurez besoin que d'un petit sac dans lequel vous devrez transporter les outils et le mat\u00e9riel importants pour le voyage.  <\/p>\n\n\n\n<ul class=\"wp-block-list\"><li><strong>Tente de camping :<\/strong> \u00c0 la fin du sentier, vous serez probablement \u00e9puis\u00e9. Il est donc essentiel de disposer d'une bonne tente pour vous reposer. <strong>N'oubliez pas de vous munir d'un sac de couchage et de couvertures.<\/strong> pour le froid.  <\/li><li><strong>V\u00eatements et chaussures :<\/strong> vous ne voulez pas \u00eatre tremp\u00e9 s'il pleut. Altar Trek est connu pour ses pluies. C'est pourquoi, <strong>il est tr\u00e8s important d'avoir des v\u00eatements imperm\u00e9ables et des bottes hautes.<\/strong>.  <\/li><li><strong>Alimentation et boissons<\/strong>L'itin\u00e9raire ne vous prendra que 2 jours pour monter et descendre, <strong>il est tr\u00e8s important que vous preniez suffisamment de nourriture avec vous<\/strong>Vous pouvez m\u00eame prendre le luxe d'apporter quelque chose de sp\u00e9cial \u00e0 partager avec vos amis dans la cabane. Il est tr\u00e8s important d'apporter autant d'eau que possible.  <\/li><li><strong>S\u00e9curit\u00e9<\/strong>Pensez \u00e0 \u00eatre prudent, pensez \u00e0 prendre votre t\u00e9l\u00e9phone portable avec vous, un <strong>une trousse de premiers secours, de la nourriture suppl\u00e9mentaire, un bracelet de s\u00e9curit\u00e9<\/strong>et laisser un itin\u00e9raire du voyage \u00e0 un ami.  <\/li><li><strong>Accessoires<\/strong>Vous apporterez probablement votre appareil photo, mais <strong>il est \u00e9galement important d'emporter un briquet<\/strong>piles, lampe de poche, lunettes de soleil, chapeaux, <strong>veste de pluie, sacs \u00e9tanches<\/strong>montre, boussole, <strong>papier hygi\u00e9nique, serviettes<\/strong>votre carte d'identit\u00e9, vos permis et votre passeport.  <\/li><\/ul>\n\n\n\n<p>N'oubliez pas que vous n'y passerez que deux jours, <strong>et il est essentiel de rester \u00e0 l'aise et l\u00e9ger pour gravir le difficile sentier de l'Altar.<\/strong>. Et si vous ne supportez pas les climats pluvieux, <strong>nous vous recommandons de visiter l'itin\u00e9raire pendant la saison estivale : juillet et ao\u00fbt.<\/strong>. Consultez votre agenda et faites des projets, vous ne regretterez pas d'avoir visit\u00e9 la lagune jaune.<\/p>\n\n\n\n<h2 class=\"wp-block-heading\"><strong>Conseils pour randonner \u00e0 El Altar comme un expert <\/strong> <\/h2>\n\n\n\n<ul class=\"wp-block-list\"><li><strong>Planifier et rechercher <\/strong>toutes les informations dont vous avez besoin sur cet incroyable circuit afin de ne perdre aucun d\u00e9tail pendant la visite. <\/li><li>Avant de commencer, <strong>il est fortement recommand\u00e9 de prendre quelques jours pour conna\u00eetre la r\u00e9gion et s'acclimater.<\/strong>. Vous ne voulez pas vous retrouver \u00e0 mi-chemin. <\/li><li><strong>V\u00e9rifier <\/strong>que vous ayez tout ce dont vous avez besoin dans votre sac avant de partir. <\/li><li>Sauf si vous \u00eates un professionnel,<strong> il est conseill\u00e9 de se joindre \u00e0 un groupe d'excursion. <\/strong> <\/li><li>Malgr\u00e9 le fait qu'El Altar soit un itin\u00e9raire court<strong>n'oubliez pas d'utiliser la carte<\/strong> et\/ou GPS, vous serez surpris de ce que vous pourrez d\u00e9crire. <\/li><li>Si vous voyagez en \u00e9t\u00e9<strong> n'oubliez pas de porter de la cr\u00e8me solaire et des lunettes de soleil <\/strong> <\/li><li><strong>Il est tr\u00e8s important que vous appreniez \u00e0 prodiguer les premiers soins.<\/strong> avant d'emprunter ce circuit ou d'autres circuits  <\/li><li><strong>Nous vous recommandons d'apporter des v\u00eatements suppl\u00e9mentaires<\/strong> se changer dans la cabane <\/li><li><strong>Trop de pluie ?<\/strong> Si vos chaussettes sont mouill\u00e9es, n'h\u00e9sitez pas \u00e0 les remplacer par des chaussettes s\u00e8ches. <\/li><li><strong>Faire des pauses de 10 minutes<\/strong>vous ne voulez pas vous \u00e9vanouir  <\/li><li>Pour ce type d'aventure, les v\u00eatements en coton sont interdits.<strong>ne porter que des v\u00eatements imperm\u00e9ables <\/strong> <\/li><li>Si vous n'\u00eates pas encore familiaris\u00e9 avec votre tente de camping, <strong>nous vous recommandons de vous entra\u00eener \u00e0 la maison<\/strong> pour ne pas \u00eatre la ris\u00e9e du groupe, ou m\u00eame pour \u00e9viter les accidents.  <\/li><li><strong>Ne pas d\u00e9vier<\/strong> de la route  <\/li><li><strong>Ne pas nourrir les animaux<\/strong> sauvage  <\/li><li><strong>Acheter une bonne veste de pluie<\/strong> <\/li><li><strong>Appr\u00e9ciez <\/strong>la travers\u00e9e  <\/li><li><strong>\u00catre respectueux et g\u00e9n\u00e9reux<\/strong> avec vos coll\u00e8gues  <\/li><li><strong>N'oubliez pas d'apporter un appareil photo<\/strong> avec vous pour profiter des paysages incroyables  <\/li><\/ul>\n\n\n\n<p><strong>Le circuit du El Altar Trek est peut-\u00eatre l'un des plus courts au monde.<\/strong>. Cependant, elle poss\u00e8de tout ce que les amateurs de trekking recherchent : des cols de haute montagne, des sommets enneig\u00e9s, des paysages fantastiques et des vues paradisiaques. <strong>Si vous cherchez un parcours diff\u00e9rent \u00e0 ajouter \u00e0 votre liste de conqu\u00eates personnelles, le volcan mort est celui qu'il vous faut. Et si vous \u00eates novice en la mati\u00e8re, qu'attendez-vous ? Vous ne trouverez pas de meilleur endroit pour commencer vos aventures, allez-y ! <\/strong> <\/p>","protected":false},"excerpt":{"rendered":"Depuis longtemps, l'\u00eatre humain se caract\u00e9rise par l'exploration de lieux cach\u00e9s, d'espaces inhospitaliers...","protected":false},"author":1,"featured_media":16342,"comment_status":"closed","ping_status":"closed","sticky":false,"template":"","format":"image","meta":{"_kad_blocks_custom_css":"","_kad_blocks_head_custom_js":"","_kad_blocks_body_custom_js":"","_kad_blocks_footer_custom_js":"","episode_type":"","audio_file":"","podmotor_file_id":"","podmotor_episode_id":"","cover_image":"","cover_image_id":"","duration":"","filesize":"","filesize_raw":"","date_recorded":"","explicit":"","block":"","_kad_post_transparent":"","_kad_post_title":"","_kad_post_layout":"","_kad_post_sidebar_id":"","_kad_post_content_style":"","_kad_post_vertical_padding":"","_kad_post_feature":"","_kad_post_feature_position":"","_kad_post_header":false,"_kad_post_footer":false,"_kad_post_classname":"","_jetpack_memberships_contains_paid_content":false,"footnotes":""},"categories":[2937],"tags":[],"series":[],"class_list":["post-16311","post","type-post","status-publish","format-image","has-post-thumbnail","hentry","category-america-sur","post_format-post-format-image"],"episode_featured_image":"https:\/\/travesiapirenaica.com\/wp-content\/uploads\/2016\/06\/El-Altar-trekking_1000x750.jpg","episode_player_image":"https:\/\/travesiapirenaica.com\/wp-content\/uploads\/2017\/12\/Caratula-Podcast-Maldita-Montana_1500x1500_72pp-p_.jpg","download_link":"","player_link":"","audio_player":false,"episode_data":{"playerMode":"dark","subscribeUrls":[],"rssFeedUrl":"https:\/\/travesiapirenaica.com\/fr\/feed\/podcast\/maldita-montana","embedCode":"<blockquote class=\"wp-embedded-content\" data-secret=\"VMb9mhOvmh\"><a href=\"https:\/\/travesiapirenaica.com\/fr\/trekking-el-altar-ecuador\/\">Trekking El Altar &#8211; Ecuador<\/a><\/blockquote><iframe sandbox=\"allow-scripts\" security=\"restricted\" src=\"https:\/\/travesiapirenaica.com\/fr\/trekking-el-altar-ecuador\/embed\/#?secret=VMb9mhOvmh\" width=\"500\" height=\"350\" title=\"\u00ab\u00a0Trekking El Altar &#8211; Ecuador\u00a0\u00bb &#8212; Traves\u00eda.\" data-secret=\"VMb9mhOvmh\" frameborder=\"0\" marginwidth=\"0\" marginheight=\"0\" scrolling=\"no\" class=\"wp-embedded-content\"><\/iframe><script>\n\/*! This file is auto-generated *\/\n!function(d,l){\"use strict\";l.querySelector&&d.addEventListener&&\"undefined\"!=typeof URL&&(d.wp=d.wp||{},d.wp.receiveEmbedMessage||(d.wp.receiveEmbedMessage=function(e){var t=e.data;if((t||t.secret||t.message||t.value)&&!\/[^a-zA-Z0-9]\/.test(t.secret)){for(var s,r,n,a=l.querySelectorAll('iframe[data-secret=\"'+t.secret+'\"]'),o=l.querySelectorAll('blockquote[data-secret=\"'+t.secret+'\"]'),c=new RegExp(\"^https?:$\",\"i\"),i=0;i<o.length;i++)o[i].style.display=\"none\";for(i=0;i<a.length;i++)s=a[i],e.source===s.contentWindow&&(s.removeAttribute(\"style\"),\"height\"===t.message?(1e3<(r=parseInt(t.value,10))?r=1e3:~~r<200&&(r=200),s.height=r):\"link\"===t.message&&(r=new URL(s.getAttribute(\"src\")),n=new URL(t.value),c.test(n.protocol))&&n.host===r.host&&l.activeElement===s&&(d.top.location.href=t.value))}},d.addEventListener(\"message\",d.wp.receiveEmbedMessage,!1),l.addEventListener(\"DOMContentLoaded\",function(){for(var e,t,s=l.querySelectorAll(\"iframe.wp-embedded-content\"),r=0;r<s.length;r++)(t=(e=s[r]).getAttribute(\"data-secret\"))||(t=Math.random().toString(36).substring(2,12),e.src+=\"#?secret=\"+t,e.setAttribute(\"data-secret\",t)),e.contentWindow.postMessage({message:\"ready\",secret:t},\"*\")},!1)))}(window,document);\n\/\/# sourceURL=https:\/\/travesiapirenaica.com\/wp-includes\/js\/wp-embed.min.js\n<\/script>\n"},"taxonomy_info":{"category":[{"value":2937,"label":"Am\u00e9rica Sur"}]},"featured_image_src_large":["https:\/\/travesiapirenaica.com\/wp-content\/uploads\/2016\/06\/El-Altar-trekking_1000x750.jpg",1000,750,false],"author_info":{"display_name":"Traves\u00eda Pirenaica","author_link":"https:\/\/travesiapirenaica.com\/fr\/author\/travesia-pirenaica\/"},"comment_info":0,"category_info":[{"term_id":2937,"name":"Am\u00e9rica Sur","slug":"america-sur","term_group":0,"term_taxonomy_id":2953,"taxonomy":"category","description":"Am\u00e9rica Sur","parent":18,"count":14,"filter":"raw","cat_ID":2937,"category_count":14,"category_description":"Am\u00e9rica Sur","cat_name":"Am\u00e9rica Sur","category_nicename":"america-sur","category_parent":18}],"tag_info":false,"jetpack_featured_media_url":"https:\/\/travesiapirenaica.com\/wp-content\/uploads\/2016\/06\/El-Altar-trekking_1000x750.jpg","jetpack_sharing_enabled":true,"_links":{"self":[{"href":"https:\/\/travesiapirenaica.com\/fr\/wp-json\/wp\/v2\/posts\/16311","targetHints":{"allow":["GET"]}}],"collection":[{"href":"https:\/\/travesiapirenaica.com\/fr\/wp-json\/wp\/v2\/posts"}],"about":[{"href":"https:\/\/travesiapirenaica.com\/fr\/wp-json\/wp\/v2\/types\/post"}],"author":[{"embeddable":true,"href":"https:\/\/travesiapirenaica.com\/fr\/wp-json\/wp\/v2\/users\/1"}],"replies":[{"embeddable":true,"href":"https:\/\/travesiapirenaica.com\/fr\/wp-json\/wp\/v2\/comments?post=16311"}],"version-history":[{"count":0,"href":"https:\/\/travesiapirenaica.com\/fr\/wp-json\/wp\/v2\/posts\/16311\/revisions"}],"wp:featuredmedia":[{"embeddable":true,"href":"https:\/\/travesiapirenaica.com\/fr\/wp-json\/wp\/v2\/media\/16342"}],"wp:attachment":[{"href":"https:\/\/travesiapirenaica.com\/fr\/wp-json\/wp\/v2\/media?parent=16311"}],"wp:term":[{"taxonomy":"category","embeddable":true,"href":"https:\/\/travesiapirenaica.com\/fr\/wp-json\/wp\/v2\/categories?post=16311"},{"taxonomy":"post_tag","embeddable":true,"href":"https:\/\/travesiapirenaica.com\/fr\/wp-json\/wp\/v2\/tags?post=16311"},{"taxonomy":"series","embeddable":true,"href":"https:\/\/travesiapirenaica.com\/fr\/wp-json\/wp\/v2\/series?post=16311"}],"curies":[{"name":"wp","href":"https:\/\/api.w.org\/{rel}","templated":true}]}}