{"id":16354,"date":"2015-06-10T17:33:53","date_gmt":"2015-06-10T15:33:53","guid":{"rendered":"https:\/\/travesiapirenaica.com\/?p=16354"},"modified":"2021-10-20T17:31:58","modified_gmt":"2021-10-20T15:31:58","slug":"randonnee-canarienne","status":"publish","type":"post","link":"https:\/\/travesiapirenaica.com\/fr\/senderismo-canarias\/","title":{"rendered":"Les meilleurs itin\u00e9raires de randonn\u00e9e dans les \u00eeles Canaries"},"content":{"rendered":"<p class=\"has-background\" style=\"background-color:#eeeeee\"><strong>LIRE AUSSI : <\/strong><a rel=\"noreferrer noopener\" href=\"https:\/\/travesiapirenaica.com\/fr\/trekking-espagne\/\" target=\"_blank\"><strong>Les meilleurs itin\u00e9raires de randonn\u00e9e en Espagne\".<\/strong><\/a><\/p>\n\n\n\n<p>Marcher sur les sentiers des \u00eeles Canaries nous permet de voir les choses sous un autre angle, de profiter de paysages pleins de contrastes, de contempler des for\u00eats luxuriantes, des falaises abruptes, des plaines volcaniques, des dunes de sable et de magnifiques paysages de jungle que nous n'aurions pas pu appr\u00e9cier autrement.<\/p>\n\n\n\n<hr class=\"wp-block-separator\"\/>\n\n\n\n<h2 class=\"wp-block-heading\"> Tenerife <\/h2>\n\n\n\n<hr class=\"wp-block-separator\"\/>\n\n\n\n<p>Tenerife, la plus grande des \u00eeles Canaries, poss\u00e8de des sentiers de randonn\u00e9e de toutes sortes, situ\u00e9s dans des paysages naturels \u00e9poustouflants. Destination soleil tr\u00e8s pris\u00e9e en hiver, Tenerife offre aux randonneurs un paysage fascinant et vari\u00e9 \u00e0 explorer, notamment le tron\u00e7on de Tenerife du GR131 qui relie toutes les \u00eeles Canaries.<\/p>\n\n\n\n<hr class=\"wp-block-separator\"\/>\n\n\n\n<h3 class=\"wp-block-heading\">Guide pratique Tenerife<\/h3>\n\n\n\n<h4 class=\"wp-block-heading\">Quand partir ?<\/h4>\n\n\n\n<p>L'\u00e9t\u00e9 est appr\u00e9ci\u00e9, mais il fait trop chaud pour marcher\nil fait chaud pour marcher ; il est possible de bien marcher en hiver, avec la possibilit\u00e9 de neige en haute montagne.\npossibilit\u00e9 de neige en haute montagne ; le printemps est id\u00e9al et l'automne est bien.\nL'automne est parfait.<\/p>\n\n\n\n<h4 class=\"wp-block-heading\">Villes et services<\/h4>\n\n\n\n<p>La plupart des gens utilisent les stations baln\u00e9aires\n- de Playa de las Am\u00e9ricas \u00e0 Puerto de la Cruz, mais il existe des alternatives plus calmes.\ndes alternatives plus tranquilles<\/p>\n\n\n\n<h4 class=\"wp-block-heading\">Difficult\u00e9<\/h4>\n\n\n\n<p>Les itin\u00e9raires varient de courts et faciles \u00e0 longs et ardus.\n\u00e0 long et ardu ; de nombreux sentiers sont accident\u00e9s et caillouteux, d'o\u00f9 la n\u00e9cessit\u00e9 de bonnes chaussures et d'une protection solaire suppl\u00e9mentaire.\nune protection solaire suppl\u00e9mentaire est n\u00e9cessaire plut\u00f4t qu'une imperm\u00e9abilisation, et dans certains endroits arides, une protection solaire suppl\u00e9mentaire est n\u00e9cessaire plut\u00f4t qu'une imperm\u00e9abilisation, et dans certains endroits arides, une protection solaire suppl\u00e9mentaire est n\u00e9cessaire.\nDans certains endroits arides, il faut emporter beaucoup d'eau.\nLa neige et la glace sont parfois pr\u00e9sentes dans les montagnes en hiver.\nen hiver.<\/p>\n\n\n\n<h4 class=\"wp-block-heading\">A voir<\/h4>\n\n\n\n<p>El Teide, la plus haute montagne d'Espagne, le <strong><a href=\"https:\/\/travesiapirenaica.com\/fr\/teide-des-canaries\/\" target=\"_blank\" rel=\"noreferrer noopener\" aria-label=\" (s&#039;ouvre dans un nouvel onglet)\">Parc national du Teide<\/a><\/strong>Las Ca\u00f1adas, Corona Forestal, GR131, la route de longue distance, la p\u00e9ninsule d'Anaga, la p\u00e9ninsule de Teno, les c\u00f4nes volcaniques, les coul\u00e9es de lave, les pentes de cendres volcaniques, les paysages allant du semi-d\u00e9sert \u00e0 la for\u00eat de lauriers luxuriante et \u00e0 la for\u00eat de pins, le tout dans l'un des lieux de vacances les plus populaires au monde.<\/p>\n\n\n\n<hr class=\"wp-block-separator\"\/>\n\n\n\n<h3 class=\"wp-block-heading\">Itin\u00e9raires de randonn\u00e9e \u00e0 Tenerife<\/h3>\n\n\n\n<p>Le guide est divis\u00e9 en sept sections - Anaga, Teno, Arona\/Guia, Vall\u00e9e d'Orotava, Parc national et El Teide - couvrant les meilleurs itin\u00e9raires de randonn\u00e9e de l'\u00eele, y compris l'itin\u00e9raire des \"Tres Picos de Tenerife\", l'ascension de Guajara, Pico Viejo et enfin le Teide. Les itin\u00e9raires explorent \u00e9galement le parc national du Teide, Las Ca\u00f1adas, Corona Forestal, Teno et l'ascension du Teide, la plus haute montagne d'Espagne.<\/p>\n\n\n\n<h4 class=\"wp-block-heading\">Anaga<\/h4>\n\n\n\n<ul class=\"wp-block-list\"><li>De Pico del Ingl\u00e9s \u00e0 Valleseco<\/li><li>De Igueste de San Andr\u00e9s \u00e0 Chamorga<\/li><li>Chamorga, El Draguillo et Alm\u00e1ciga<\/li><li>Alm\u00e1ciga, Benijo et El Draguillo<\/li><li>Taganana, Afur et La Cumbre<\/li><li>Afur, Taborno et English Peak<\/li><li>Cruz del Carmen, Chinamada et Punta del Hidalgo<\/li><li>Cruz del Carmen, El Bat\u00e1n et Punta del Hidalgo<\/li><\/ul>\n\n\n\n<h4 class=\"wp-block-heading\">Teno<\/h4>\n\n\n\n<ul class=\"wp-block-list\"><li>Los Poleos et le volcan Chinyero<\/li><li>De Garachico \u00e0 San Jos\u00e9 de los Llanos<\/li><li>Santiago du Teide, Chinyero et Erjos<\/li><li>D'Erjos \u00e0 Punta de Teno<\/li><li>Erjos, Las Portelas et Masca<\/li><li>Ravin de Masca<\/li><\/ul>\n\n\n\n<h4 class=\"wp-block-heading\">Arona\/Guia<\/h4>\n\n\n\n<ul class=\"wp-block-list\"><li>Barranco del Infierno (Ravin de l'enfer)<\/li><li>Arona et Roque del Conde<\/li><li>Arona et Roque Imoque<\/li><li>La Escalona, Ifonche et Adeje<\/li><li>Vilaflor et Monta\u00f1a de la Vica<\/li><li>Vilaflor et le paysage lunaire<\/li><li>Bouche de Tauce \u00e0 Chirche<\/li><\/ul>\n\n\n\n<h4 class=\"wp-block-heading\">Vall\u00e9e de l'Orotava<\/h4>\n\n\n\n<ul class=\"wp-block-list\"><li>Route de Candelaria - Aguamansa \u00e0 Arafo<\/li><li>La Caldera et le Camino El Topo<\/li><li>La Caldera et la Route de l'eau<\/li><li>D'El Portillo \u00e0 Realejo Alto<\/li><\/ul>\n\n\n\n<h4 class=\"wp-block-heading\"><a href=\"https:\/\/travesiapirenaica.com\/fr\/teide-des-canaries\/\" target=\"_blank\" rel=\"noreferrer noopener\" aria-label=\"Parc national&quot; (s&#039;ouvre dans un nouvel onglet)\">Parc national\".<\/a><\/h4>\n\n\n\n<ul class=\"wp-block-list\"><li>Iza\u00f1a et volcan de Fasnia<\/li><li>El Portillo et Alto de Guamasa<\/li><li>El Portillo et Arenas Negras<\/li><li>El Portillo et Monta\u00f1a Blanca<\/li><li>De El Filo \u00e0 Parador<\/li><li>Parador et ascension du Guajara<\/li><li>Parador et circuit de Guajara<\/li><li>Parador et Roques de Garc\u00cda<\/li><li>Parador et montagne Maj\u00faa<\/li><li>Parador, vall\u00e9e d'Ucanca et Vilaflor<\/li><li>Parador \u00e0 Las Lajas et Vilaflor<\/li><\/ul>\n\n\n\n<h4 class=\"wp-block-heading\">El Teide<\/h4>\n\n\n\n<ul class=\"wp-block-list\"><li>El Teide par Monta\u00f1a Blanca<\/li><li>El Teide par Pico Viejo<\/li><li>Le Teide par Roques de Garc\u00cda<\/li><li>Les trois sommets de Tenerife<\/li><\/ul>\n\n\n\n<h4 class=\"wp-block-heading\">GR 131 - De Arona \u00e0 La Esperanza<\/h4>\n\n\n\n<ul class=\"wp-block-list\"><li>GR 131 - De Arona \u00e0 Vilaflor<\/li><li>GR 131 - De Vilaflor au Parador<\/li><li>GR 131 - Du Parador \u00e0 El Portillo<\/li><li>GR 131 - De El Portillo \u00e0 La Caldera<\/li><li>GR 131 - De La Caldera \u00e0 La Esperanza<\/li><\/ul>\n\n\n\n<hr class=\"wp-block-separator\"\/>\n\n\n\n<h2 class=\"wp-block-heading\">Lanzarote et Fuerteventura<\/h2>\n\n\n\n<hr class=\"wp-block-separator\"\/>\n\n\n\n<p>Les deux destinations touristiques les plus populaires, Lanzarote et Fuerteventura, sont deux \u00eeles tr\u00e8s diff\u00e9rentes. <strong>Lanzarote <\/strong>poss\u00e8de une fascinante<strong><a rel=\"noreferrer noopener\" aria-label=\" (s&#039;ouvre dans un nouvel onglet)\" href=\"https:\/\/travesiapirenaica.com\/fr\/timanfaya\/\" target=\"_blank\"> Parc national volcanique de Timanfaya<\/a><\/strong>et les vignobles remplissent d'immenses zones de cendres volcaniques noires \u00e0 La Geria ; <strong>Fuerteventura <\/strong>est c\u00e9l\u00e8bre pour ses longues plages dor\u00e9es, mais ses splendides sentiers de randonn\u00e9e sont moins connus. Les deux \u00eeles sont travers\u00e9es par de nouveaux sentiers balis\u00e9s.<\/p>\n\n\n\n<p>Ces itin\u00e9raires traditionnels traversent des zones arides, agricoles et naturelles, y compris des sentiers de montagne, des promenades c\u00f4ti\u00e8res, notamment les plages dor\u00e9es de Fuerteventura, et certaines randonn\u00e9es visitent des villages le long du chemin.<\/p>\n\n\n\n<hr class=\"wp-block-separator\"\/>\n\n\n\n<h3 class=\"wp-block-heading\">Guide pratique<\/h3>\n\n\n\n<h4 class=\"wp-block-heading\">Quand partir ?<\/h4>\n\n\n\n<p>La meilleure p\u00e9riode pour les randonn\u00e9es s'\u00e9tend de septembre \u00e0 avril. Les deux \u00eeles sont s\u00e8ches et ensoleill\u00e9es, mais avec des vents forts ; il y a souvent une br\u00e8ve p\u00e9riode humide en hiver, suivie d'un verdissement rapide du paysage et de nombreuses fleurs vers f\u00e9vrier\/mars ; les \u00e9t\u00e9s peuvent \u00eatre trop chauds pour les randonn\u00e9es.<\/p>\n\n\n\n<h4 class=\"wp-block-heading\">Villes et services de r\u00e9f\u00e9rence<\/h4>\n\n\n\n<p>Lanzarote : Arrecife, Costa Teguise, Puerto del Carmen, Playa Blanca ; Fuerteventura : Morro Jable, Costa Calma, Puerto del Rosario, Corralejo.<\/p>\n\n\n\n<h4 class=\"wp-block-heading\">Comment se d\u00e9placer ?<\/h4>\n\n\n\n<p>Les deux \u00eeles sont reli\u00e9es par des ferries fr\u00e9quents toutes les demi-heures. <\/p>\n\n\n\n<h4 class=\"wp-block-heading\">Difficult\u00e9<\/h4>\n\n\n\n<p>De nombreux itin\u00e9raires ont \u00e9t\u00e9 d\u00e9broussaill\u00e9s, signal\u00e9s et balis\u00e9s ; les sentiers de montagne et de colline sont souvent assez faciles, mais peuvent \u00eatre escarp\u00e9s, pierreux et rocailleux par endroits ; les promenades c\u00f4ti\u00e8res vont des plages de sable aux falaises abruptes de lave bris\u00e9e ; emportez toujours de l'eau et prot\u00e9gez-vous du soleil.<\/p>\n\n\n\n<h4 class=\"wp-block-heading\">A voir<\/h4>\n\n\n\n<p>Lanzarote : parc national volcanique \u00e0 Timanfaya ; vignobles \u00e0 La Geria. Fuerteventura : plages c\u00e9l\u00e8bres ; splendides sentiers de montagne, r\u00e9cemment d\u00e9broussaill\u00e9s, balis\u00e9s et signalis\u00e9s. Les deux : le GR 131 longue distance.<\/p>\n\n\n\n<hr class=\"wp-block-separator\"\/>\n\n\n\n<h3 class=\"wp-block-heading\">Itin\u00e9raires de randonn\u00e9e \u00e0 Lanzarote et Fuerteventura <\/h3>\n\n\n\n<hr class=\"wp-block-separator\"\/>\n\n\n\n<p>Des promenades \u00e0 Lanzarote, qui poss\u00e8de un parc national volcanique fascinant, y compris l'exploration des coul\u00e9es de lave volcanique ; l'exploration de l'\u00eele de La Graciosa (au large de la c\u00f4te nord de Lanzarote) ; et \u00e0 Fuerteventura, la d\u00e9couverte de ses c\u00e9l\u00e8bres plages dor\u00e9es. D'autre part, nous apprendrons \u00e0 conna\u00eetre le trac\u00e9 du sentier GR 131, qui traverse les deux \u00eeles.<\/p>\n\n\n\n<h4 class=\"wp-block-heading\">Les itin\u00e9raires<\/h4>\n\n\n\n<ul class=\"wp-block-list\"><li>Fem\u00e9s et ravin Barranco de la Casita<\/li><li>Fem\u00e9s et Pico de las Flores<\/li><li>De Fem\u00e9s \u00e0 Puerto Calero<\/li><li>De Fem\u00e9s \u00e0 Playa Blanca<\/li><li>De Playa Blanca \u00e0 El Golfo<\/li><li>De Yaiza \u00e0 Tinajo<\/li><li>De Mozaga \u00e0 Uga<\/li><li>Grotte des naturalistes<\/li><li>Mancha Blanca et Caldera Blanca<\/li><li>Tinajo, S\u00f3o et Caleta de Famara<\/li><li>Tiagua, S\u00f3o et Caleta de Famara<\/li><li>De Teguise \u00e0 Caleta de Famara<\/li><li>Costa Teguise et les montagnes de Tinaguache<\/li><li>De Teguise \u00e0 Guatiza<\/li><li>D'Arrieta \u00e0 Caleta de Famara<\/li><li>Ye et Salinas del R\u00edo<\/li><\/ul>\n\n\n\n<h4 class=\"wp-block-heading\">\u00cele de La Graciosa<\/h4>\n\n\n\n<ul class=\"wp-block-list\"><li>Caleta del Sebo et Monta\u00f1a Amarilla<\/li><li>Caleta del Sebo et Monta\u00f1a Bermeja<\/li><\/ul>\n\n\n\n<h4 class=\"wp-block-heading\">GR 131 - De Playa Blanca \u00e0 \u00d3rzola<\/h4>\n\n\n\n<ul class=\"wp-block-list\"><li>GR 131 - De Playa Blanca \u00e0 Yaiza<\/li><li>GR 131 - De Yaiza \u00e0 Monta\u00f1a Blanca<\/li><li>GR 131 - De Monta\u00f1a Blanca \u00e0 Teguise<\/li><li>GR 131 - De Teguise \u00e0 Har\u00eda<\/li><li>GR 131 - De Har\u00eda \u00e0 \u00d3rzola<\/li><\/ul>\n\n\n\n<h4 class=\"wp-block-heading\">Jand\u00eda<\/h4>\n\n\n\n<ul class=\"wp-block-list\"><li>El Puertito et Las Talahijas<\/li><li>Gran Valle et Cofete<\/li><li>Pico de la Zarza<\/li><li>Costa Calma et plage de Sotavento<\/li><\/ul>\n\n\n\n<h4 class=\"wp-block-heading\">Nord de Fuerteventura<\/h4>\n\n\n\n<ul class=\"wp-block-list\"><li>Card\u00f3n et montagne de Card\u00f3n<\/li><li>De Vega de R\u00edo Palmas \u00e0 Ajuy<\/li><li>Tiscamanita et Morro Jorjado<\/li><li>De Antigua \u00e0 Betancuria<\/li><li>Casillas del \u00c1ngel, Tef\u00eda et Tetir<\/li><li>Tindaya, Vallebr\u00f3n et La Matilla<\/li><li>Lajares, El Cotillo et la plage d'Esquinzo<\/li><li>Lajares et Calder\u00f3n Hondo<\/li><li>Parc naturel de Corralejo<\/li><\/ul>\n\n\n\n<h4 class=\"wp-block-heading\">GR 131 - De El Puertito \u00e0 Isla de\nLobos<\/h4>\n\n\n\n<ul class=\"wp-block-list\"><li>GR 131 - De Punta de Jand\u00eda \u00e0 Morro Jable<\/li><li>GR 131 - Du Morro Jable au ravin de Pecenescal<\/li><li>GR 131 - Des gorges du Pecenescal \u00e0 La Pared<\/li><li>GR 131 - De La Pared \u00e0 P\u00e1jara<\/li><li>GR 131 - De P\u00e1jara \u00e0 Betancuria<\/li><li>GR 131 - De Betancuria \u00e0 Tef\u00eda<\/li><li>GR 131 - De Tef\u00eda \u00e0 La Oliva<\/li><li>GR 131 - De La Oliva \u00e0 Corralejo<\/li><li>GR 131 - Isla de Lobos<\/li><\/ul>\n\n\n\n<hr class=\"wp-block-separator\"\/>\n\n\n\n<h2 class=\"wp-block-heading\">Grande Canarie<\/h2>\n\n\n\n<hr class=\"wp-block-separator\"\/>\n\n\n\n<p>La Grande Canarie est surtout connue comme destination de vacances pour ses plages ensoleill\u00e9es, mais au-del\u00e0 des stations baln\u00e9aires, l'\u00eele offre de nombreuses possibilit\u00e9s de calme et de charme dans la campagne et les collines pour les randonneurs. La zone centrale est prot\u00e9g\u00e9e en tant que parc naturel, avec des terrasses verdoyantes qui grimpent jusqu'aux tours rocheuses de Roque Nublo et Roque Bentayga. Les itin\u00e9raires explorent \u00e9galement des ravins profonds, de vastes for\u00eats de pins et de lauriers et des villages insulaires.<\/p>\n\n\n\n<hr class=\"wp-block-separator\"\/>\n\n\n\n<h3 class=\"wp-block-heading\">Guide pratique<\/h3>\n\n\n\n<h4 class=\"wp-block-heading\">Quand partir ?<\/h4>\n\n\n\n<p>L'\u00e9t\u00e9 est tr\u00e8s populaire, mais il fait trop chaud pour marcher.\ntrop chaud pour marcher. Une bonne randonn\u00e9e hivernale est possible, avec peu de risques de neige en haute montagne.\nL'hiver, avec tr\u00e8s peu de risques de neige en haute montagne.\nLe printemps est id\u00e9al et l'automne est supportable.<\/p>\n\n\n\n<h4 class=\"wp-block-heading\">Villes et services<\/h4>\n\n\n\n<p>La plupart des gens s\u00e9journent en ville ou dans des stations baln\u00e9aires - Las Palmas, Maspalomas et Playa del Ingl\u00e9s - mais il existe des alternatives plus tranquilles.\nLa plupart des gens s\u00e9journent en ville ou dans des stations baln\u00e9aires - Las Palmas, Maspalomas et Playa del Ingl\u00e9s - mais il existe des alternatives plus tranquilles.\ndel Ingl\u00e9s - mais il existe des alternatives plus calmes.<\/p>\n\n\n\n<h4 class=\"wp-block-heading\">Difficult\u00e9<\/h4>\n\n\n\n<p>Les itin\u00e9raires varient de courts et faciles\n\u00e0 longs et ardus. De nombreux sentiers sont accident\u00e9s et caillouteux, il est donc n\u00e9cessaire de porter de bonnes chaussures.\nDe bonnes chaussures sont donc n\u00e9cessaires. Les hautes montagnes sont parfois couvertes de nuages bas, mais la protection solaire est plus n\u00e9cessaire que l'imperm\u00e9abilit\u00e9.\nLes plus hautes montagnes sont parfois couvertes de nuages bas, mais la protection solaire sera plus n\u00e9cessaire que l'imperm\u00e9abilisation.\nque l'imperm\u00e9abilisation. Dans certains endroits arides\nDans certains endroits arides, il faut emporter de l'eau.<\/p>\n\n\n\n<h4 class=\"wp-block-heading\">A voir<\/h4>\n\n\n\n<p>Montagnes escarp\u00e9es et bien peupl\u00e9es, domin\u00e9es par des tours rocheuses - Roque Nublo et Roque Bentayga. Route longue distance d'une c\u00f4te \u00e0 l'autre. Ravins profonds et escarp\u00e9s. Des paysages allant des montagnes aux vastes for\u00eats de pins et de lauriers, avec des c\u00f4tes semi-d\u00e9sertiques et d'incroyables falaises. Des endroits ruraux calmes et charmants, bien que situ\u00e9s dans l'une des destinations de vacances les plus populaires au monde.<\/p>\n\n\n\n<hr class=\"wp-block-separator\"\/>\n\n\n\n<h3 class=\"wp-block-heading\">Itin\u00e9raires en Grande Canarie<\/h3>\n\n\n\n<p>Il existe des randonn\u00e9es adapt\u00e9es \u00e0 tous les niveaux, depuis les falaises c\u00f4ti\u00e8res jusqu'aux spectaculaires montagnes volcaniques de l'int\u00e9rieur. Des promenades \u00e0 travers les villages et les villes, et jusqu'aux plus hauts sommets de la Grande Canarie. Ce guide comprend \u00e9galement un itin\u00e9raire de cinq jours d'une c\u00f4te \u00e0 l'autre sur le GR 131, un sentier de grande randonn\u00e9e qui s'\u00e9tend sur toute la longueur des sept \u00eeles Canaries.<\/p>\n\n\n\n<h4 class=\"wp-block-heading\">St. Bridget et St. Matthew<\/h4>\n\n\n\n<ul class=\"wp-block-list\"><li>De Las Palmas \u00e0 Santa Br\u00edgida<\/li><li>De Las Meleguinas \u00e0 Las Lagunetas<\/li><li>Las Lagunetas et Cruz de Tejeda<\/li><li>De Santa Br\u00edgida \u00e0 Teror<\/li><li>De San Mateo \u00e0 Teror<\/li><li>Pic du Bandama et Caldera de Bandama <\/li><\/ul>\n\n\n\n<h4 class=\"wp-block-heading\">Valleseco et Teror<\/h4>\n\n\n\n<ul class=\"wp-block-list\"><li>Croix de Tejeda \u00e0 Teror<\/li><li>De Cruz de Tejeda \u00e0 Valleseco<\/li><li>Cruz de La Laguna et Valsendero<\/li><li>Cruz de La Laguna et Las Madres <\/li><\/ul>\n\n\n\n<h4 class=\"wp-block-heading\">Artenara et Tamadaba<\/h4>\n\n\n\n<ul class=\"wp-block-list\"><li>De Moriscos \u00e0 Santa Mar\u00eda de Gu\u00eda<\/li><li>D'Artenara \u00e0 Tamadaba<\/li><li>San Pedro et Tamadaba<\/li><li>Artenara et Vega de Acusa <\/li><\/ul>\n\n\n\n<h4 class=\"wp-block-heading\">Le village<\/h4>\n\n\n\n<ul class=\"wp-block-list\"><li>Piste Tirma<\/li><li>D'Altavista \u00e0 La Aldea<\/li><li>De La Aldea \u00e0 El Risco<\/li><li>Alberc\u00f3n, G\u00fcig\u00fc\u00ed et Tas\u00e1rtico<\/li><li>Monta\u00f1a del Viso et La Aldea <\/li><\/ul>\n\n\n\n<h4 class=\"wp-block-heading\"> <strong>Mog\u00e1n et Las Presas<\/strong><\/h4>\n\n\n\n<ul class=\"wp-block-list\"><li>El Aserrador et El Carrizal<\/li><li>El Aserrador et El Juncal<\/li><li>Barrage de Las Ni\u00f1as et Morillo de San Juan<\/li><li>Travers\u00e9e de San Antonio \u00e0 Las Casillas<\/li><li>Camino de las Presas <\/li><\/ul>\n\n\n\n<h4 class=\"wp-block-heading\">Tejada et La Culata<\/h4>\n\n\n\n<ul class=\"wp-block-list\"><li>Tejeda et Cruz de Tejeda<\/li><li>Tejeda et La Culata<\/li><li>Degollada Becerra et La Culata<\/li><li>Roque Nublo de La Goleta<\/li><li>De Cruz Grande \u00e0 Ayacata<\/li><li>Plaines de Gara\u00f1\u00f3n et Pico de las Nieves <\/li><\/ul>\n\n\n\n<h4 class=\"wp-block-heading\"> <strong>Saint-Barth\u00e9lemy<\/strong><\/h4>\n\n\n\n<ul class=\"wp-block-list\"><li>Santa Luc\u00eda et Pico de las Nieves<\/li><li>San Bartolom\u00e9 et Cruz Grande<\/li><li>D'Arteara \u00e0 Ayagaures<\/li><li>Dunes de Maspalomas <\/li><\/ul>\n\n\n\n<h4 class=\"wp-block-heading\">Valsequillo<\/h4>\n\n\n\n<ul class=\"wp-block-list\"><li>De Seven Springs \u00e0 San Mateo<\/li><li>De San Mateo \u00e0 Valsequillo<\/li><li>De Valsequillo \u00e0 Santa Br\u00edgida<\/li><li>El Rinc\u00f3n et Cuevas Blancas<\/li><li>Tenteniguada et Caldera de los Marteles<\/li><li>De Caldera de los Marteles \u00e0 Valsequillo <\/li><\/ul>\n\n\n\n<h4 class=\"wp-block-heading\">GR 131 - De Puerto de las Nieves \u00e0 Maspalomas<\/h4>\n\n\n\n<ul class=\"wp-block-list\"><li>GR 131 - De Puerto de las Nieves \u00e0 Tamadaba<\/li><li>GR 131 - De Tamadaba \u00e0 Cruz de Tejeda<\/li><li>GR 131 - Croix de Tejeda \u00e0 San Bartolom\u00e9<\/li><li>GR 131 - De San Bartolom\u00e9 \u00e0 Ayagaures<\/li><li>GR 131 - De Ayagaures \u00e0 Faro de Maspalomas<\/li><\/ul>\n\n\n\n<hr class=\"wp-block-separator\"\/>\n\n\n\n<h2 class=\"wp-block-heading\">La Palma<\/h2>\n\n\n\n<hr class=\"wp-block-separator\"\/>\n\n\n\n<p>Le paysage volcanique spectaculaire de La Palma, consid\u00e9r\u00e9 comme l'une des \u00eeles les plus accident\u00e9es du monde, est peu connu en dehors des \u00eeles Canaries, mais constitue une destination id\u00e9ale pour les randonneurs exp\u00e9riment\u00e9s, avec des sentiers rocheux et des chemins de montagne. <\/p>\n\n\n\n<p>Bien que La Palma soit l'une des plus petites \u00eeles des Canaries, il existe des itin\u00e9raires de toutes sortes, des promenades faciles aux itin\u00e9raires techniques et plus difficiles, des simples promenades d'une journ\u00e9e aux itin\u00e9raires de longue distance sur des sentiers de montagne rocheux, y compris les GR130 et GR131, qui font tout le tour de l'\u00eele.<\/p>\n\n\n\n\n<div class=\"aawp\">\n\n            \n            \n<div class=\"aawp-product aawp-product--horizontal aawp-product--css-adjust-image-large\"  data-aawp-product-asin=\"3763347038\" data-aawp-product-id=\"41287\" data-aawp-tracking-id=\"travesiapiren-21\" data-aawp-product-title=\"La Palma  Las mejores Rutas por la Costa y por la Monta\u00f1a- 69 Excursiones\" data-aawp-geotargeting=\"true\">\n\n    \n    <div class=\"aawp-product__thumb\">\n        <a class=\"aawp-product__image-link\" href=\"https:\/\/www.amazon.es\/dp\/3763347038?tag=travesiapiren-21&amp;linkCode=ogi&amp;th=1&amp;psc=1\" title=\"La Palma : Les meilleurs itin\u00e9raires c\u00f4tiers et de montagne - 69 Excursions\" rel=\"nofollow noopener sponsored\" target=\"_blank\">\n            <img decoding=\"async\" class=\"aawp-product__image\" src=\"https:\/\/m.media-amazon.com\/images\/I\/51RQCKUyg3L.jpg\" alt=\"La Palma : Les meilleurs itin\u00e9raires c\u00f4tiers et de montagne - 69 Excursions\"  \/>\n        <\/a>\n\n            <\/div>\n\n    <div class=\"aawp-product__content\">\n        <a class=\"aawp-product__title\" href=\"https:\/\/www.amazon.es\/dp\/3763347038?tag=travesiapiren-21&amp;linkCode=ogi&amp;th=1&amp;psc=1\" title=\"La Palma : Les meilleurs itin\u00e9raires c\u00f4tiers et de montagne - 69 Excursions\" rel=\"nofollow noopener sponsored\" target=\"_blank\">\n            La Palma : Les meilleurs itin\u00e9raires c\u00f4tiers et de montagne - 69 Excursions        <\/a>\n        <div class=\"aawp-product__description\">\n                    <\/div>\n    <\/div>\n\n    <div class=\"aawp-product__footer\">\n\n        <div class=\"aawp-product__pricing\">\n            \n                            <span class=\"aawp-product__price aawp-product__price--current\"><\/span>\n            \n                    <\/div>\n\n                <a class=\"aawp-button aawp-button--buy aawp-button--icon aawp-button--icon-black\" href=\"https:\/\/www.amazon.es\/dp\/3763347038?tag=travesiapiren-21&#038;linkCode=ogi&#038;th=1&#038;psc=1\" title=\"Voir sur Amazon\" target=\"_blank\" rel=\"nofollow noopener sponsored\">Voir sur Amazon<\/a>\n            <\/div>\n\n<\/div>\n\n    \n<\/div>\n\n\n\n\n\n<div class=\"aawp\">\n\n            \n            \n<div class=\"aawp-product aawp-product--horizontal aawp-product--ribbon aawp-product--sale aawp-product--css-adjust-image-large\"  data-aawp-product-asin=\"8498292255\" data-aawp-product-id=\"41288\" data-aawp-tracking-id=\"travesiapiren-21\" data-aawp-product-title=\"La Palma y sus caminos  30 rutas escogidas + 5 rutas familiares  Gu\u00edas excursionistas Desnivel\" data-aawp-geotargeting=\"true\">\n\n    <span class=\"aawp-product__ribbon aawp-product__ribbon--sale\">Vente<\/span>\n    <div class=\"aawp-product__thumb\">\n        <a class=\"aawp-product__image-link\" href=\"https:\/\/www.amazon.es\/dp\/8498292255?tag=travesiapiren-21&amp;linkCode=ogi&amp;th=1&amp;psc=1\" title=\"La Palma et ses chemins : 30 itin\u00e9raires choisis + 5 itin\u00e9raires familiaux (Guides randonn\u00e9es Desnivel)\" rel=\"nofollow noopener sponsored\" target=\"_blank\">\n            <img decoding=\"async\" class=\"aawp-product__image\" src=\"https:\/\/m.media-amazon.com\/images\/I\/41s6Eb5AJzL.jpg\" alt=\"La Palma et ses chemins : 30 itin\u00e9raires choisis + 5 itin\u00e9raires familiaux (Guides randonn\u00e9es Desnivel)\"  \/>\n        <\/a>\n\n            <\/div>\n\n    <div class=\"aawp-product__content\">\n        <a class=\"aawp-product__title\" href=\"https:\/\/www.amazon.es\/dp\/8498292255?tag=travesiapiren-21&amp;linkCode=ogi&amp;th=1&amp;psc=1\" title=\"La Palma et ses chemins : 30 itin\u00e9raires choisis + 5 itin\u00e9raires familiaux (Guides randonn\u00e9es Desnivel)\" rel=\"nofollow noopener sponsored\" target=\"_blank\">\n            La Palma et ses chemins : 30 itin\u00e9raires choisis + 5 itin\u00e9raires familiaux (Guides randonn\u00e9es Desnivel)        <\/a>\n        <div class=\"aawp-product__description\">\n            <ul><\/ul>        <\/div>\n    <\/div>\n\n    <div class=\"aawp-product__footer\">\n\n        <div class=\"aawp-product__pricing\">\n                                                        \n                            <span class=\"aawp-product__price aawp-product__price--current\">17,10 EUR<\/span>\n            \n            <a href=\"https:\/\/www.amazon.es\/gp\/prime\/?tag=travesiapiren-21\" title=\"Amazon Prime\" rel=\"nofollow noopener sponsored\" target=\"_blank\" class=\"aawp-check-prime\"><img loading=\"lazy\" decoding=\"async\" src=\"https:\/\/travesiapirenaica.com\/wp-content\/plugins\/aawp\/assets\/img\/icon-check-prime.svg\" height=\"16\" width=\"55\" alt=\"Amazon Prime\" \/><\/a>        <\/div>\n\n                <a class=\"aawp-button aawp-button--buy aawp-button--icon aawp-button--icon-black\" href=\"https:\/\/www.amazon.es\/dp\/8498292255?tag=travesiapiren-21&#038;linkCode=ogi&#038;th=1&#038;psc=1\" title=\"Voir sur Amazon\" target=\"_blank\" rel=\"nofollow noopener sponsored\">Voir sur Amazon<\/a>\n            <\/div>\n\n<\/div>\n\n    \n<\/div>\n\n\n\n\n\n<div class=\"aawp\">\n\n            \n            \n<div class=\"aawp-product aawp-product--horizontal aawp-product--css-adjust-image-large\"  data-aawp-product-asin=\"8480906871\" data-aawp-product-id=\"41289\" data-aawp-tracking-id=\"travesiapiren-21\" data-aawp-product-title=\"LA PALMA  CALDERA DE TABURIENTE\" data-aawp-geotargeting=\"true\">\n\n    \n    <div class=\"aawp-product__thumb\">\n        <a class=\"aawp-product__image-link\" href=\"https:\/\/www.amazon.es\/dp\/8480906871?tag=travesiapiren-21&amp;linkCode=ogi&amp;th=1&amp;psc=1\" title=\"LA PALMA : CALDERA DE TABURIENTE\" rel=\"nofollow noopener sponsored\" target=\"_blank\">\n            <img decoding=\"async\" class=\"aawp-product__image\" src=\"https:\/\/m.media-amazon.com\/images\/I\/41W+NEffI2L.jpg\" alt=\"LA PALMA : CALDERA DE TABURIENTE\"  \/>\n        <\/a>\n\n            <\/div>\n\n    <div class=\"aawp-product__content\">\n        <a class=\"aawp-product__title\" href=\"https:\/\/www.amazon.es\/dp\/8480906871?tag=travesiapiren-21&amp;linkCode=ogi&amp;th=1&amp;psc=1\" title=\"LA PALMA : CALDERA DE TABURIENTE\" rel=\"nofollow noopener sponsored\" target=\"_blank\">\n            LA PALMA : CALDERA DE TABURIENTE        <\/a>\n        <div class=\"aawp-product__description\">\n                    <\/div>\n    <\/div>\n\n    <div class=\"aawp-product__footer\">\n\n        <div class=\"aawp-product__pricing\">\n            \n                            <span class=\"aawp-product__price aawp-product__price--current\">17,24 EUR<\/span>\n            \n                    <\/div>\n\n                <a class=\"aawp-button aawp-button--buy aawp-button--icon aawp-button--icon-black\" href=\"https:\/\/www.amazon.es\/dp\/8480906871?tag=travesiapiren-21&#038;linkCode=ogi&#038;th=1&#038;psc=1\" title=\"Voir sur Amazon\" target=\"_blank\" rel=\"nofollow noopener sponsored\">Voir sur Amazon<\/a>\n            <\/div>\n\n<\/div>\n\n    \n<\/div>\n\n\n\n\n<hr class=\"wp-block-separator\"\/>\n\n\n\n<h3 class=\"wp-block-heading\">Quand partir ?<\/h3>\n\n\n\n<p>Meilleur entre novembre et mai, car les mois d'\u00e9t\u00e9 sont trop chauds, mais il peut parfois neiger en altitude ; le printemps est particuli\u00e8rement color\u00e9.<\/p>\n\n\n\n<h3 class=\"wp-block-heading\">Villes et services de r\u00e9f\u00e9rence<\/h3>\n\n\n\n<p>Santa Cruz de La Palma, Los Llanos, Fuencaliente, Refugio del Pilar, Tijarafe, Puntagorda, Garaf\u00eda, Barlovento, Los Sauces, Puntallana et la route de montagne.<\/p>\n\n\n\n<h3 class=\"wp-block-heading\">Difficult\u00e9<\/h3>\n\n\n\n<p>Les itin\u00e9raires varient de courts et faciles \u00e0 longs, escarp\u00e9s et ardus ; ils sont tous balis\u00e9s et aucun \u00e9quipement sp\u00e9cial n'est n\u00e9cessaire, sauf en cas de neige sur les montagnes les plus \u00e9lev\u00e9es.<\/p>\n\n\n\n<h3 class=\"wp-block-heading\">A voir<\/h3>\n\n\n\n<p>Parc national de la Caldera de Taburiente, Roque de los Muchachos, for\u00eat de pins des Canaries, for\u00eat de lauriers, ravins profonds et escarp\u00e9s, GR130 autour de La Palma, GR131 sur les plus hautes montagnes.<\/p>\n\n\n\n<hr class=\"wp-block-separator\"\/>\n\n\n\n<h3 class=\"wp-block-heading\">Sentiers de randonn\u00e9e<\/h3>\n\n\n\n<p>Itin\u00e9raires \u00e0 La Palma, dans les \u00eeles Canaries, de 7 \u00e0 31 km. Certaines randonn\u00e9es sont combin\u00e9es pour compl\u00e9ter le sentier de grande randonn\u00e9e GR130 (8 jours) et le sentier GR131 (3 jours). Les zones explor\u00e9es comprennent Santa Cruz et Buenavista.  <\/p>\n\n\n\n\n<div class=\"aawp\">\n\n            \n            \n<div class=\"aawp-product aawp-product--horizontal aawp-product--css-adjust-image-large\"  data-aawp-product-asin=\"8480906871\" data-aawp-product-id=\"41289\" data-aawp-tracking-id=\"travesiapiren-21\" data-aawp-product-title=\"LA PALMA  CALDERA DE TABURIENTE\" data-aawp-geotargeting=\"true\">\n\n    \n    <div class=\"aawp-product__thumb\">\n        <a class=\"aawp-product__image-link\" href=\"https:\/\/www.amazon.es\/dp\/8480906871?tag=travesiapiren-21&amp;linkCode=ogi&amp;th=1&amp;psc=1\" title=\"LA PALMA : CALDERA DE TABURIENTE\" rel=\"nofollow noopener sponsored\" target=\"_blank\">\n            <img decoding=\"async\" class=\"aawp-product__image\" src=\"https:\/\/m.media-amazon.com\/images\/I\/41W+NEffI2L.jpg\" alt=\"LA PALMA : CALDERA DE TABURIENTE\"  \/>\n        <\/a>\n\n            <\/div>\n\n    <div class=\"aawp-product__content\">\n        <a class=\"aawp-product__title\" href=\"https:\/\/www.amazon.es\/dp\/8480906871?tag=travesiapiren-21&amp;linkCode=ogi&amp;th=1&amp;psc=1\" title=\"LA PALMA : CALDERA DE TABURIENTE\" rel=\"nofollow noopener sponsored\" target=\"_blank\">\n            LA PALMA : CALDERA DE TABURIENTE        <\/a>\n        <div class=\"aawp-product__description\">\n                    <\/div>\n    <\/div>\n\n    <div class=\"aawp-product__footer\">\n\n        <div class=\"aawp-product__pricing\">\n            \n                            <span class=\"aawp-product__price aawp-product__price--current\">17,24 EUR<\/span>\n            \n                    <\/div>\n\n                <a class=\"aawp-button aawp-button--buy aawp-button--icon aawp-button--icon-black\" href=\"https:\/\/www.amazon.es\/dp\/8480906871?tag=travesiapiren-21&#038;linkCode=ogi&#038;th=1&#038;psc=1\" title=\"Voir sur Amazon\" target=\"_blank\" rel=\"nofollow noopener sponsored\">Voir sur Amazon<\/a>\n            <\/div>\n\n<\/div>\n\n    \n<\/div>\n\n\n\n\n<hr class=\"wp-block-separator\"\/>\n\n\n\n<h4 class=\"wp-block-heading\">Les itin\u00e9raires<\/h4>\n\n\n\n<ul class=\"wp-block-list\"><li>Santa Cruz et Lomo de las Nieves<\/li><li>Sources de Las Bre\u00f1as<\/li><li>Buenavista et Pico de las Ovejas<\/li><li>Santa Cruz et la montagne Tagoja<\/li><li>De Pico de la Nieve \u00e0 Santa Cruz<\/li><li>De Santa Cruz \u00e0 Puerto de Tazacorte<\/li><li>De El Paso \u00e0 Refugio del Pilar<\/li><li>De Refugio del Pilar \u00e0 Santa Cruz<\/li><li>De Refugio del Pilar \u00e0 Playa del Hoyo<\/li><li>Refugio del Pilar \u00e0 Playa del Hoyo ou La Salemera<\/li><li>Pilar Hut et Nambroque Peak<\/li><li>De Jedey \u00e0 Tigalate<\/li><li>San Nicol\u00e1s et Coladas de San Juan<\/li><li>Llanos del Jable et Coladas de San Juan<\/li><\/ul>\n\n\n\n<hr class=\"wp-block-separator\"\/>\n\n\n\n<h4 class=\"wp-block-heading\">Caldera de Taburiente <\/h4>\n\n\n\n<ul class=\"wp-block-list\"><li>Pic Bejenado<\/li><li>De La Cumbrecita \u00e0 La Cancelita et Los Llanos<\/li><li>Ravin de Barranco de las Angustias et Caldera de Taburiente<\/li><li>La Cumbrecita et la Caldera de Taburiente<\/li><li>Caldera Taburiente et Hoyo Verde<\/li><li>Tijarafe et Por\u00eds de Candelaria<\/li><li>Tinizara \u00e0 Piedras Altas et Tijarafe<\/li><li>La Traviesa : Time a Briesta<\/li><li>La Traviesa : de Briesta \u00e0 Barlovento<\/li><li>La Zarza et Don Pedro<\/li><li>De Roque del Faro \u00e0 Garaf\u00eda<\/li><li>Roque del Faro et fran\u00e7ais<\/li><li>De Roque del Faro \u00e0 Roque de los Muchachos<\/li><li>Roque de los Muchachos \u00e0 Puntagorda ou Tijarafe<\/li><li>De Pico de la Cruz \u00e0 Barlovento<\/li><li>De Pico de la Cruz \u00e0 Los Sauces ou Barlovento<\/li><li>Bosque de los Tilos<\/li><li>Fontaine d'Ol\u00e9n \u00e0 Las Lomadas<\/li><li>De Fuente Vizca\u00edna \u00e0 La Galga<\/li><li>Pico de la Nieve \u00e0 Puntallana ou Tenagua<\/li><\/ul>\n\n\n\n<hr class=\"wp-block-separator\"\/>\n\n\n\n<h4 class=\"wp-block-heading\"> GR130 <\/h4>\n\n\n\n<p>La randonn\u00e9e circulaire GR130 dure environ une semaine et peut \u00eatre commenc\u00e9e et termin\u00e9e \u00e0 n'importe quel endroit de l'\u00eele.  <\/p>\n\n\n\n<ul class=\"wp-block-list\"><li>GR130 : De Santa Cruz de La Palma \u00e0 Mazo<\/li><li>GR130 : De Mazo \u00e0 Fuencaliente<\/li><li>GR130 : De Fuencaliente \u00e0 Los Llanos<\/li><li>GR130 : De Los Llanos \u00e0 Puntagorda<\/li><li>GR130 : De Puntagorda \u00e0 Garaf\u00eda<\/li><li>GR130 : De Garaf\u00eda \u00e0 Franceses<\/li><li>GR130 : De Franceses \u00e0 Los Sauces<\/li><li>GR130 : De Los Sauces \u00e0 Santa Cruz de La Palma<\/li><\/ul>\n\n\n\n<hr class=\"wp-block-separator\"\/>\n\n\n\n<h4 class=\"wp-block-heading\"> GR131 <\/h4>\n\n\n\n<p>Le sentier GR131 est exclusivement de haut niveau et vallonn\u00e9, ce qui n\u00e9cessite une planification minutieuse. <\/p>\n\n\n\n<ul class=\"wp-block-list\"><li>GR131 : De Puerto de Tazacorte \u00e0 Roque de los Muchachos<\/li><li>GR131 : Du Roque de los Muchachos au Refugio del Pilar<\/li><li>GR131 : Du refuge du Pilar au phare de Faro de Fuencaliente<\/li><\/ul>\n\n\n\n<hr class=\"wp-block-separator\"\/>\n\n\n\n<h2 class=\"wp-block-heading\">La Gomera et El Hierro<\/h2>\n\n\n\n<hr class=\"wp-block-separator\"\/>\n\n\n\n<p>Les deux plus petites \u00eeles des Canaries\nLes deux plus petites \u00eeles Canaries ne sont pas moins accident\u00e9es que leurs voisines volcaniques,\noffrant une grande vari\u00e9t\u00e9 de terrains de randonn\u00e9e peu familiers, y compris des ravins aux parois abruptes et des falaises spectaculaires, ainsi que des pentes plus douces \u00e0 l'int\u00e9rieur des terres.\ndes ravins aux parois abruptes et des falaises spectaculaires, ainsi que des pentes plus douces \u00e0 l'int\u00e9rieur des terres\ndes falaises spectaculaires, ainsi que des pentes plus douces \u00e0 l'int\u00e9rieur des terres,\ncouverts de for\u00eats de laurasilva et de pins. \n<\/p>\n\n\n\n<hr class=\"wp-block-separator\"\/>\n\n\n\n<h3 class=\"wp-block-heading\">Guide pratique <\/h3>\n\n\n\n<h4 class=\"wp-block-heading\">Quand partir ?<\/h4>\n\n\n\n<p>La meilleure p\u00e9riode se situe entre novembre et mai, car les mois d'\u00e9t\u00e9 sont trop chauds, mais il peut arriver que le temps soit humide et brumeux dans les hauteurs ; le printemps est particuli\u00e8rement color\u00e9.<\/p>\n\n\n\n<h4 class=\"wp-block-heading\">Villes et services<\/h4>\n\n\n\n<p>\u00c0 La Gomera - San Sebasti\u00e1n, Playa de Santiago, Chipude, Valle Gran Rey, Vallehermoso, Hermigua <\/p>\n\n\n\n<p>\u00c0 El Hierro - Valverde, El Pinar, La Restinga, El Frontera<\/p>\n\n\n\n<h4 class=\"wp-block-heading\">A voir<\/h4>\n\n\n\n<p>\u00c0 La Gomera - Alto de Garajonay, Parc national de Garajonay, laurisilva, ravins profonds et escarp\u00e9s, GR131, GR132 <\/p>\n\n\n\n<p>A El Hierro - Malpaso, R\u00e9serve mondiale de biosph\u00e8re, Camino de La Virgen, GR131, c\u00f4nes volcaniques.<\/p>\n\n\n\n<h3 class=\"wp-block-heading\">Itin\u00e9raires de randonn\u00e9e \u00e0 La Gomera et El Hierro<\/h3>\n\n\n\n<p>En raison de l'histoire volcanique des\nLes \u00eeles Canaries regorgent de paysages \u00e9poustouflants \u00e0 d\u00e9couvrir en suivant ces itin\u00e9raires sensationnels.\nen suivant ces itin\u00e9raires sensationnels qui comprennent des promenades faciles,\ndes promenades pratiques, des randonn\u00e9es \u00e0 la journ\u00e9e et des itin\u00e9raires de longue dur\u00e9e couvrant les GR 131 et GR 132.\nLe GR 131 et le GR 132 sont parcourus en boucle, ce qui permet \u00e0 chacun d'y trouver son compte, quel que soit son \u00e9tat d'esprit.\nchacun et \u00e0 chaque humeur.<\/p>\n\n\n\n<h4 class=\"wp-block-heading\">La Gomera<\/h4>\n\n\n\n<ul class=\"wp-block-list\"><li>Saint-S\u00e9bastien et Jaragan<\/li><li>Los Roques et La Laja<\/li><li>Risco de la Fortaleza<\/li><li>Los Roques et Benchijigua<\/li><li>De Pajaritos \u00e0 Playa de Santiago<\/li><li>Chipude et Barranco de Argaga<\/li><li>Chipude et La Matanza<\/li><li>La Laguna Grande et Alto de Garajonay<\/li><li>El Cercado et Valle Gran Rey<\/li><li>Las Hayas, Arure et Valle Gran Rey<\/li><li>De Vallehermoso \u00e0 Chorros de Epina<\/li><li>Vallehermoso et Sommet de Chijer\u00e9<\/li><li>Vallehermoso et Los Loros<\/li><li>Vallehermoso et El Ti\u00f3n<\/li><li>Tamargada et Vallehermoso<\/li><li>Hermigua et Agul\u00f3<\/li><li>De Alto de Garajonay \u00e0 Hermigua<\/li><li>Santa Catalina et La Caleta<\/li><\/ul>\n\n\n\n<h5 class=\"wp-block-heading\">GR 132 \u00e0 La Gomera <\/h5>\n\n\n\n<ul class=\"wp-block-list\"><li>GR 132 : De San Sebasti\u00e1n \u00e0 Playa de Santiago<\/li><li>GR 132 : De Playa de Santiago \u00e0 La Dama<\/li><li>GR 132 : De La Dama \u00e0 Arure<\/li><li>GR 132 : d'Arure \u00e0 Vallehermoso<\/li><li>GR 132 : De Vallehermoso \u00e0 Hermigua<\/li><li>GR 132 : De Hermigua \u00e0 San Sebasti\u00e1n<\/li><li>GR 132.1 : D'Igualero \u00e0 La Dama<\/li><\/ul>\n\n\n\n<h5 class=\"wp-block-heading\">GR 131 \u00e0 La Gomera <\/h5>\n\n\n\n<ul class=\"wp-block-list\"><li>GR 131 : De la plage de Vallehermoso \u00e0 Chipude<\/li><li>GR 131 : De Chipude \u00e0 Saint-S\u00e9bastien<\/li><\/ul>\n\n\n\n<h4 class=\"wp-block-heading\">El Hierro<\/h4>\n\n\n\n<ul class=\"wp-block-list\"><li>Valverde et La Caleta<\/li><li>Valverde et Puerto de la Estaca<\/li><li>Valverde, Echedo et El Mocanal<\/li><li>Valverde \u00e0 La Pe\u00f1a<\/li><li>La Pe\u00f1a, San Andr\u00e9s et El Mocanal<\/li><li>Puerto de la Estaca, La Cuesta et Ti\u00f1or<\/li><li>Mirador de Isora et Las Playas<\/li><li>De El Pinar \u00e0 Tacor\u00f3n Cove<\/li><li>De El Pinar \u00e0 La Restinga<\/li><li>De l'Ermitage de Los Reyes \u00e0 El Pinar<\/li><li>De El Pinar \u00e0 Sabinosa<\/li><li>La Dehesa<\/li><li>De Sabinosa \u00e0 El Frontera<\/li><li>El Frontera et Los Llanillos<\/li><li>Guin\u00e9e et San Andres<\/li><li>Las Puntas et la Guin\u00e9e<\/li><\/ul>\n\n\n\n<h5 class=\"wp-block-heading\">GR 131 sur El Hierro<\/h5>\n\n\n\n<ul class=\"wp-block-list\"><li>GR 131 : d'Orchilla \u00e0 Fuente de Llan\u00eda<\/li><li>GR 131 : De Fuente de Llan\u00eda \u00e0 Estaca\/Tamaduste<\/li><\/ul>\n\n\n\n<hr class=\"wp-block-separator\"\/>\n\n\n\n<h2 class=\"wp-block-heading\">Les meilleurs itin\u00e9raires de randonn\u00e9e dans les \u00eeles Canaries<\/h2>\n\n\n\n<h4 class=\"wp-block-heading\">1) Camino de la Faya, La Palma.<\/h4>\n\n\n\n<p>\u00c0 l'est de l'\u00eele de La Palma se trouve le chemin de la Faya, dont le principal attrait est de pouvoir profiter d'un sentier panoramique reliant les pin\u00e8des de la c\u00f4te. L'itin\u00e9raire est long de 14 kilom\u00e8tres et, bien que vous puissiez le faire dans son int\u00e9gralit\u00e9, il est \u00e9galement possible de le combiner avec des sentiers locaux tr\u00e8s attrayants qui traversent le centre de l'\u00eele. Au fur et \u00e0 mesure de votre progression, vous pourrez appr\u00e9cier des \u00e9cosyst\u00e8mes beaux et vari\u00e9s et la pr\u00e9sence de la mer est le point de r\u00e9f\u00e9rence \u00e0 la fin du parcours. La promenade dure un peu plus de cinq heures et est de difficult\u00e9 moyenne. En chemin, vous trouverez plusieurs esp\u00e8ces de plantes insulaires et vous atteindrez le mirador de La Faya, qui offre, il va sans dire, une vue panoramique impressionnante.<\/p>\n\n\n\n<h4 class=\"wp-block-heading\">Monte del Agua, Tenerife.<\/h4>\n\n\n\n<p>Le sentier Monte del Agua est situ\u00e9 dans le nord de T\u00e9n\u00e9riffe, plus pr\u00e9cis\u00e9ment entre les municipalit\u00e9s d'El Tanque, Los Silos et Buenavista del Norte. Il s'agit d'un itin\u00e9raire tr\u00e8s confortable qui se d\u00e9roule presque enti\u00e8rement sur une piste foresti\u00e8re et traverse le Monte del Agua y Pasos, qui est une tr\u00e8s grande for\u00eat de monteverde avec des lauriers et du fayal-brezal. L'une des particularit\u00e9s de l'endroit est sa faune, avec une abondance de diff\u00e9rents types d'oiseaux, dont deux types de pigeons end\u00e9miques des \u00eeles Canaries, le turquoise et le rabiche. L'architecture traditionnelle int\u00e9ressante, caract\u00e9ris\u00e9e par des maisons en tuiles et des murs en pierre, constitue un autre attrait important. Comme il s'agit d'un itin\u00e9raire de difficult\u00e9 moyenne, il est conseill\u00e9 de pr\u00e9voir des chaussures adapt\u00e9es, de la nourriture et des boissons.<\/p>\n\n\n\n<h4 class=\"wp-block-heading\">3. Islote de Lobos, Fuerteventura.<\/h4>\n\n\n\n<p>L'un des plus beaux endroits pour <strong>randonn\u00e9e dans les \u00eeles Canaries<\/strong> est le sentier de Lobos. Il s'agit de l'une des zones les plus pr\u00e9serv\u00e9es des \u00eeles et sa superficie n'est que de 5 km\u00b2, ce qui permet de profiter de nombreuses attractions telles que les marais salants et les c\u00f4nes volcaniques, \u00e9galement appel\u00e9s hornitos. L'itin\u00e9raire fait le tour de l'\u00eelot de mani\u00e8re circulaire, du quai au phare de Marti\u00f1o. La premi\u00e8re pr\u00e9sence humaine sur ce territoire date de 1865, et il est tr\u00e8s int\u00e9ressant de voir, tout au long du parcours, des lavoirs, d'anciens fours, des corrals et des citernes qui font partie de l'int\u00e9r\u00eat patrimonial de l'endroit.<\/p>\n\n\n\n<h4 class=\"wp-block-heading\">4. Route des volcans, La Palma.<\/h4>\n\n\n\n<p>La route des volcans est situ\u00e9e dans le parc naturel de Cumbre Vieja, entre les municipalit\u00e9s d'El Paso, Mazo et Fuencaliente. Il s'agit d'un itin\u00e9raire diff\u00e9rent des pr\u00e9c\u00e9dents, car il pr\u00e9sente une v\u00e9g\u00e9tation rare et des pentes raides. Il est donc conseill\u00e9 d'apporter des v\u00eatements adapt\u00e9s, de l'eau et de la nourriture sur un sentier qui peut \u00eatre parcouru en cinq heures environ. Il s'agit d'un itin\u00e9raire id\u00e9al pour les amateurs de trekking exigeant, qui se d\u00e9roule entre volcans et animaux end\u00e9miques sur une longueur de 22 km. Le d\u00e9nivel\u00e9 est de 1 207 m\u00e8tres, m\u00ealant sentiers, pistes foresti\u00e8res et asphalte. Bien que ce ne soit pas toujours le cas, il est tr\u00e8s probable de voir des esp\u00e8ces end\u00e9miques comme le corbeau freux et le faucon cr\u00e9cerelle le long de l'itin\u00e9raire.<\/p>\n\n\n\n<h4 class=\"wp-block-heading\">5. Route de l'Arroyo del Cedro, La Gomera.<\/h4>\n\n\n\n<p>Nous passons de la randonn\u00e9e la plus exigeante \u00e0 l'une des plus faciles des \u00eeles Canaries : la randonn\u00e9e de l'Arroyo del Cedro. D'une longueur de 2 km, il vous permettra de contempler sa beaut\u00e9 naturelle sans trop d'efforts. L'itin\u00e9raire traverse la for\u00eat humide de lauriers qui fait partie du parc national de Garajonay. L'un des grands attraits de ce parcours est qu'il est possible de le faire avec des enfants, car il n'est pas tr\u00e8s raide. L'air frais \u00e9manant des arbres feuillus et la tranquillit\u00e9 de l'endroit sont certainement l'une des raisons de parcourir ce sentier en couple, en famille ou entre amis dans un environnement naturel enviable.<\/p>\n\n\n\n<h4 class=\"wp-block-heading\">6. El Pijaral, T\u00e9n\u00e9riffe.<\/h4>\n\n\n\n<p>L'itin\u00e9raire appel\u00e9 El Pijaral traverse le parc rural d'Anaga. Avant d'envisager cet itin\u00e9raire, il est donc n\u00e9cessaire de demander un permis gratuit d\u00e9livr\u00e9 dans le parc et limit\u00e9 \u00e0 45 personnes par jour. L'itin\u00e9raire est long de 6,8 kilom\u00e8tres et peut \u00eatre parcouru en un peu plus de deux heures, pendant lesquelles vous d\u00e9couvrirez pourquoi cet endroit est appel\u00e9 la For\u00eat enchant\u00e9e. L'un des points les plus attrayants du parcours est l'arr\u00eat au mirador du Cabezo del Tejo, d'o\u00f9 l'on jouit d'une vue magnifique sur la c\u00f4te, Taganana et les plages d'Anaga.<\/p>\n\n\n\n<h4 class=\"wp-block-heading\">7. Monta\u00f1a Blanca, Pico Teide Tenerife.<\/h4>\n\n\n\n<p>Il s'agit sans aucun doute de l'un des itin\u00e9raires les plus populaires, car il repr\u00e9sente l'ascension classique du Pico del Teide. Bien qu'il s'agisse d'un itin\u00e9raire bien connu, c'est aussi l'un des plus exigeants physiquement et il peut \u00eatre r\u00e9alis\u00e9 en totalit\u00e9 ou en partie. La principale caract\u00e9ristique de cet itin\u00e9raire est son incroyable paysage volcanique. Au fur et \u00e0 mesure que vous gravirez les 8,31 km de l'itin\u00e9raire, vous remarquerez que la v\u00e9g\u00e9tation diminue et que les vues deviennent de plus en plus impressionnantes. Le temps d'ascension est d'environ 5 heures, et la plupart des visiteurs d\u00e9cident de faire la route depuis la Monta\u00f1a Blanca jusqu'au refuge Altavista, o\u00f9 ils passent la nuit, pour continuer jusqu'au Pico del Teide le lendemain matin et profiter d'un lever de soleil tout simplement spectaculaire.<\/p>\n\n\n\n<p><\/p>","protected":false},"excerpt":{"rendered":"LIRE AUSSI : Les meilleurs itin\u00e9raires de trekking en Espagne\" Marcher sur les sentiers des Canaries...","protected":false},"author":1,"featured_media":11231,"comment_status":"closed","ping_status":"closed","sticky":false,"template":"","format":"image","meta":{"_kad_blocks_custom_css":"","_kad_blocks_head_custom_js":"","_kad_blocks_body_custom_js":"","_kad_blocks_footer_custom_js":"","episode_type":"audio","audio_file":"","podmotor_file_id":"","podmotor_episode_id":"","cover_image":"","cover_image_id":"","duration":"","filesize":"","filesize_raw":"","date_recorded":"","explicit":"","block":"","_kad_post_transparent":"","_kad_post_title":"","_kad_post_layout":"","_kad_post_sidebar_id":"","_kad_post_content_style":"","_kad_post_vertical_padding":"","_kad_post_feature":"","_kad_post_feature_position":"","_kad_post_header":false,"_kad_post_footer":false,"_kad_post_classname":"","_jetpack_memberships_contains_paid_content":false,"footnotes":""},"categories":[2933],"tags":[],"series":[],"class_list":["post-16354","post","type-post","status-publish","format-image","has-post-thumbnail","hentry","category-europa","post_format-post-format-image"],"episode_featured_image":"https:\/\/travesiapirenaica.com\/wp-content\/uploads\/2018\/11\/Teide_by-izja_800x600.jpg","episode_player_image":"https:\/\/travesiapirenaica.com\/wp-content\/uploads\/2017\/12\/Caratula-Podcast-Maldita-Montana_1500x1500_72pp-p_.jpg","download_link":"","player_link":"","audio_player":false,"episode_data":{"playerMode":"dark","subscribeUrls":[],"rssFeedUrl":"https:\/\/travesiapirenaica.com\/fr\/feed\/podcast\/maldita-montana","embedCode":"<blockquote class=\"wp-embedded-content\" data-secret=\"fQhPLn750f\"><a href=\"https:\/\/travesiapirenaica.com\/fr\/senderismo-canarias\/\">Las mejores rutas de senderismo en Canarias<\/a><\/blockquote><iframe sandbox=\"allow-scripts\" security=\"restricted\" src=\"https:\/\/travesiapirenaica.com\/fr\/senderismo-canarias\/embed\/#?secret=fQhPLn750f\" width=\"500\" height=\"350\" title=\"\u00ab\u00a0Las mejores rutas de senderismo en Canarias\u00a0\u00bb &#8212; Traves\u00eda.\" data-secret=\"fQhPLn750f\" frameborder=\"0\" marginwidth=\"0\" marginheight=\"0\" scrolling=\"no\" class=\"wp-embedded-content\"><\/iframe><script>\n\/*! This file is auto-generated *\/\n!function(d,l){\"use strict\";l.querySelector&&d.addEventListener&&\"undefined\"!=typeof URL&&(d.wp=d.wp||{},d.wp.receiveEmbedMessage||(d.wp.receiveEmbedMessage=function(e){var t=e.data;if((t||t.secret||t.message||t.value)&&!\/[^a-zA-Z0-9]\/.test(t.secret)){for(var s,r,n,a=l.querySelectorAll('iframe[data-secret=\"'+t.secret+'\"]'),o=l.querySelectorAll('blockquote[data-secret=\"'+t.secret+'\"]'),c=new RegExp(\"^https?:$\",\"i\"),i=0;i<o.length;i++)o[i].style.display=\"none\";for(i=0;i<a.length;i++)s=a[i],e.source===s.contentWindow&&(s.removeAttribute(\"style\"),\"height\"===t.message?(1e3<(r=parseInt(t.value,10))?r=1e3:~~r<200&&(r=200),s.height=r):\"link\"===t.message&&(r=new URL(s.getAttribute(\"src\")),n=new URL(t.value),c.test(n.protocol))&&n.host===r.host&&l.activeElement===s&&(d.top.location.href=t.value))}},d.addEventListener(\"message\",d.wp.receiveEmbedMessage,!1),l.addEventListener(\"DOMContentLoaded\",function(){for(var e,t,s=l.querySelectorAll(\"iframe.wp-embedded-content\"),r=0;r<s.length;r++)(t=(e=s[r]).getAttribute(\"data-secret\"))||(t=Math.random().toString(36).substring(2,12),e.src+=\"#?secret=\"+t,e.setAttribute(\"data-secret\",t)),e.contentWindow.postMessage({message:\"ready\",secret:t},\"*\")},!1)))}(window,document);\n\/\/# sourceURL=https:\/\/travesiapirenaica.com\/wp-includes\/js\/wp-embed.min.js\n<\/script>\n"},"taxonomy_info":{"category":[{"value":2933,"label":"Europa"}]},"featured_image_src_large":["https:\/\/travesiapirenaica.com\/wp-content\/uploads\/2018\/11\/Teide_by-izja_800x600.jpg",800,600,false],"author_info":{"display_name":"Traves\u00eda Pirenaica","author_link":"https:\/\/travesiapirenaica.com\/fr\/author\/travesia-pirenaica\/"},"comment_info":0,"category_info":[{"term_id":2933,"name":"Europa","slug":"europa","term_group":0,"term_taxonomy_id":2949,"taxonomy":"category","description":"Europa","parent":18,"count":72,"filter":"raw","cat_ID":2933,"category_count":72,"category_description":"Europa","cat_name":"Europa","category_nicename":"europa","category_parent":18}],"tag_info":false,"jetpack_featured_media_url":"https:\/\/travesiapirenaica.com\/wp-content\/uploads\/2018\/11\/Teide_by-izja_800x600.jpg","jetpack_sharing_enabled":true,"_links":{"self":[{"href":"https:\/\/travesiapirenaica.com\/fr\/wp-json\/wp\/v2\/posts\/16354","targetHints":{"allow":["GET"]}}],"collection":[{"href":"https:\/\/travesiapirenaica.com\/fr\/wp-json\/wp\/v2\/posts"}],"about":[{"href":"https:\/\/travesiapirenaica.com\/fr\/wp-json\/wp\/v2\/types\/post"}],"author":[{"embeddable":true,"href":"https:\/\/travesiapirenaica.com\/fr\/wp-json\/wp\/v2\/users\/1"}],"replies":[{"embeddable":true,"href":"https:\/\/travesiapirenaica.com\/fr\/wp-json\/wp\/v2\/comments?post=16354"}],"version-history":[{"count":0,"href":"https:\/\/travesiapirenaica.com\/fr\/wp-json\/wp\/v2\/posts\/16354\/revisions"}],"wp:featuredmedia":[{"embeddable":true,"href":"https:\/\/travesiapirenaica.com\/fr\/wp-json\/wp\/v2\/media\/11231"}],"wp:attachment":[{"href":"https:\/\/travesiapirenaica.com\/fr\/wp-json\/wp\/v2\/media?parent=16354"}],"wp:term":[{"taxonomy":"category","embeddable":true,"href":"https:\/\/travesiapirenaica.com\/fr\/wp-json\/wp\/v2\/categories?post=16354"},{"taxonomy":"post_tag","embeddable":true,"href":"https:\/\/travesiapirenaica.com\/fr\/wp-json\/wp\/v2\/tags?post=16354"},{"taxonomy":"series","embeddable":true,"href":"https:\/\/travesiapirenaica.com\/fr\/wp-json\/wp\/v2\/series?post=16354"}],"curies":[{"name":"wp","href":"https:\/\/api.w.org\/{rel}","templated":true}]}}