{"id":16393,"date":"2024-04-11T08:12:00","date_gmt":"2024-04-11T06:12:00","guid":{"rendered":"https:\/\/travesiapirenaica.com\/?p=16393"},"modified":"2024-06-20T11:36:17","modified_gmt":"2024-06-20T09:36:17","slug":"trekking-andorre","status":"publish","type":"post","link":"https:\/\/travesiapirenaica.com\/fr\/trekking-andorra\/","title":{"rendered":"Les meilleurs itin\u00e9raires de randonn\u00e9e en Andorre"},"content":{"rendered":"<p class=\"has-very-light-gray-background-color has-background\"><strong>Vous pouvez \u00eatre int\u00e9ress\u00e9 par :&nbsp;<\/strong><a rel=\"noreferrer noopener\" href=\"https:\/\/travesiapirenaica.com\/fr\/trekking-europe\/\" target=\"_blank\"><strong>Les meilleurs itin\u00e9raires de randonn\u00e9e en Europe \"<\/strong><\/a><\/p>\n\n\n\n<p>L'Andorre, ce petit pays au c\u0153ur des Pyr\u00e9n\u00e9es, est un paradis pour les amateurs de randonn\u00e9e. Avec ses paysages de haute montagne \u00e0 couper le souffle, ses vall\u00e9es glaciaires, ses for\u00eats luxuriantes et ses sommets imposants, elle offre une exp\u00e9rience unique aux randonneurs. En tant qu'experte en trekking et en montagne, je vais vous faire d\u00e9couvrir les meilleurs itin\u00e9raires de trekking en Andorre, en partageant mes exp\u00e9riences et mes conseils pour profiter au maximum de cette destination spectaculaire.<\/p>\n\n\n\n<h2 class=\"wp-block-heading\">Sp\u00e9cifications techniques des itin\u00e9raires<\/h2>\n\n\n\n<p>La randonn\u00e9e en Andorre est une exp\u00e9rience inoubliable pour tous les amoureux de la montagne. Des itin\u00e9raires difficiles comme le GRP et le GR11 aux randonn\u00e9es plus accessibles comme les lacs de Tristaina, il y en a pour tous les niveaux et tous les go\u00fbts. Avec une bonne planification et l'\u00e9quipement ad\u00e9quat, vous pourrez profiter au maximum des paysages \u00e9poustouflants que ce petit pays a \u00e0 offrir.<\/p>\n\n\n\n<p>Avant d'entrer dans les d\u00e9tails de chaque itin\u00e9raire, voici une fiche d'information pour vous aider \u00e0 planifier votre aventure :<\/p>\n\n\n\n<figure class=\"wp-block-table\"><table><thead><tr><th>Itin\u00e9raire<\/th><th>Difficult\u00e9<\/th><th>Longueur (km)<\/th><th>Pente (m)<\/th><th>D\u00e9lai recommand\u00e9<\/th><\/tr><\/thead><tbody><tr><td>GRP d'Andorre<\/td><td>Haut<\/td><td>115<\/td><td>9000<\/td><td>Juin - octobre<\/td><\/tr><tr><td>GR11<\/td><td>Haut<\/td><td>800<\/td><td>Variable<\/td><td>Juin - octobre<\/td><\/tr><tr><td>Route du Cercle des Pessons<\/td><td>Les m\u00e9dias<\/td><td>5.5<\/td><td>450<\/td><td>Juin - octobre<\/td><\/tr><tr><td>Estany Blau Route<\/td><td>Les m\u00e9dias<\/td><td>12<\/td><td>800<\/td><td>Juin - octobre<\/td><\/tr><tr><td>Route des lacs Tristaina<\/td><td>Baja<\/td><td>4.5<\/td><td>230<\/td><td>Juin - octobre<\/td><\/tr><tr><td>Itin\u00e9raire du Pic de Comapedrosa<\/td><td>Haut<\/td><td>14<\/td><td>1370<\/td><td>Juin - octobre<\/td><\/tr><\/tbody><\/table><\/figure>\n\n\n\n<h3 class=\"wp-block-heading\">GRP d'Andorre : Le tour du pays en 7 \u00e9tapes<\/h3>\n\n\n\n<p><strong>Difficult\u00e9 :<\/strong> Haut<br><strong>Longueur :<\/strong> 115 km<br><strong>In\u00e9galit\u00e9 :<\/strong> 9000 m<br><strong>Dur\u00e9e recommand\u00e9e :<\/strong> Juin - octobre<\/p>\n\n\n\n<p>Le <strong><a href=\"https:\/\/travesiapirenaica.com\/fr\/grp-lap-dandorre\/\">GRP (Grand Country Route)<\/a><\/strong> est un itin\u00e9raire circulaire spectaculaire de 115 km qui couvre l'ensemble du pays d'Andorre en 7 \u00e9tapes. Il s'agit d'un parcours exigeant qui offre la possibilit\u00e9 d'explorer les paysages les plus vari\u00e9s et les plus beaux du pays. Des vall\u00e9es glaciaires aux hauts sommets, en passant par les for\u00eats luxuriantes et les lacs cristallins, le GRP vous permettra de d\u00e9couvrir en profondeur la richesse naturelle de l'Andorre.<\/p>\n\n\n\n<figure class=\"wp-block-image size-full\"><img loading=\"lazy\" decoding=\"async\" width=\"1024\" height=\"768\" src=\"https:\/\/travesiapirenaica.com\/wp-content\/uploads\/2020\/03\/estany_de_la_bova.jpg\" alt=\"\" class=\"wp-image-26752\" srcset=\"https:\/\/travesiapirenaica.com\/wp-content\/uploads\/2020\/03\/estany_de_la_bova.jpg 1024w, https:\/\/travesiapirenaica.com\/wp-content\/uploads\/2020\/03\/estany_de_la_bova-300x225.jpg 300w, https:\/\/travesiapirenaica.com\/wp-content\/uploads\/2020\/03\/estany_de_la_bova-768x576.jpg 768w, https:\/\/travesiapirenaica.com\/wp-content\/uploads\/2020\/03\/estany_de_la_bova-150x113.jpg 150w, https:\/\/travesiapirenaica.com\/wp-content\/uploads\/2020\/03\/estany_de_la_bova-696x522.jpg 696w, https:\/\/travesiapirenaica.com\/wp-content\/uploads\/2020\/03\/estany_de_la_bova-560x420.jpg 560w, https:\/\/travesiapirenaica.com\/wp-content\/uploads\/2020\/03\/estany_de_la_bova-80x60.jpg 80w, https:\/\/travesiapirenaica.com\/wp-content\/uploads\/2020\/03\/estany_de_la_bova-265x198.jpg 265w, https:\/\/travesiapirenaica.com\/wp-content\/uploads\/2020\/03\/estany_de_la_bova-853x640.jpg 853w, https:\/\/travesiapirenaica.com\/wp-content\/uploads\/2020\/03\/estany_de_la_bova-600x450.jpg 600w\" sizes=\"auto, (max-width: 1024px) 100vw, 1024px\" \/><figcaption class=\"wp-element-caption\">GRP - Lac Bova<\/figcaption><\/figure>\n\n\n\n<h4 class=\"wp-block-heading\">\u00c9tapes du PRG de l'Andorre<\/h4>\n\n\n\n<ol class=\"wp-block-list\">\n<li><strong>Aixovall - Refuge de Claror<\/strong><ul><li><strong>Distance :<\/strong> 21,5 km<\/li><li><strong>In\u00e9galit\u00e9 :<\/strong> +2276 m \/ -924 m<\/li><li><strong>Le temps :<\/strong> 9h 30min<\/li><\/ul>La premi\u00e8re \u00e9tape est l'une des plus difficiles en raison du grand d\u00e9nivel\u00e9 cumul\u00e9. Elle part d'Aixovall, passe par la station de ski de La Rabassa et atteint le Pic Negre (2 642 m).<\/li>\n\n\n\n<li><strong>Refuge Claror - Refuge L'Illa<\/strong><ul><li><strong>Distance :<\/strong> 11,1 km<\/li><li><strong>In\u00e9galit\u00e9 :<\/strong> +754 m \/ -545 m<\/li><li><strong>Le temps :<\/strong> 5h<\/li><\/ul>Cette \u00e9tape vous fait traverser la vall\u00e9e du Madriu, class\u00e9e au patrimoine mondial de l'UNESCO, avec ses impressionnants lacs de montagne.<\/li>\n\n\n\n<li><strong>Refuge de L'Illa - Bordes d'Envalira (H\u00f4tel Peretol)<\/strong><ul><li><strong>Distance :<\/strong> 11,6 km<\/li><li><strong>In\u00e9galit\u00e9 :<\/strong> +506 m \/ -995 m<\/li><li><strong>Le temps :<\/strong> 4h 30min<\/li><\/ul>Une \u00e9tape qui atteint le point culminant du GRP pr\u00e8s du Pic dels Pessons (2 864 m), avec des vues spectaculaires et une descente vers le cirque de Pessons.<\/li>\n\n\n\n<li><strong>Bordes d'Envalira - Jucl\u00e0 Hut<\/strong><ul><li><strong>Distance :<\/strong> 10,3 km<\/li><li><strong>In\u00e9galit\u00e9 :<\/strong> +994 m \/ -689 m<\/li><li><strong>Le temps :<\/strong> 4h 30min<\/li><\/ul>Mont\u00e9e r\u00e9guli\u00e8re jusqu'au Collet d'Ortaf\u00e0 (2 554 m) suivie d'une descente vers la vall\u00e9e d'Incles.<\/li>\n\n\n\n<li><strong>Jucl\u00e0 - Refuge El Serrat<\/strong><ul><li><strong>Distance :<\/strong> 20,4 km<\/li><li><strong>In\u00e9galit\u00e9 :<\/strong> +1375 m \/ -2232 m<\/li><li><strong>Le temps :<\/strong> 8h<\/li><\/ul>Cette longue \u00e9tape traverse le nord de l'Andorre, avec un profil montagneux exigeant mais gratifiant.<\/li>\n\n\n\n<li><strong>El Serrat - Refuge Comapedrosa<\/strong><ul><li><strong>Distance :<\/strong> 19 km<\/li><li><strong>In\u00e9galit\u00e9 :<\/strong> +1816 m \/ -1110 m<\/li><li><strong>Le temps :<\/strong> 9h<\/li><\/ul>Une ascension difficile \u00e0 travers la vall\u00e9e de l'Angonella jusqu'au refuge du Comapedrosa, le plus haut d'Andorre.<\/li>\n\n\n\n<li><strong>Cabane Comapedrosa - Aixovall<\/strong><ul><li><strong>Distance :<\/strong> 21,2 km<\/li><li><strong>In\u00e9galit\u00e9 :<\/strong> +1068 m \/ -2391 m<\/li><li><strong>Le temps :<\/strong> 8h<\/li><\/ul>La derni\u00e8re \u00e9tape commence par l'ascension de la Portella de Sanfons (2 587 m) et une descente technique jusqu'\u00e0 Aixovall.<\/li>\n<\/ol>\n\n\n\n<h3 class=\"wp-block-heading\">GR11 : Le chemin des Pyr\u00e9n\u00e9es<\/h3>\n\n\n\n<p><strong>Difficult\u00e9 :<\/strong> Haut<br><strong>Longueur :<\/strong> 800 km (le long des Pyr\u00e9n\u00e9es, y compris Andorre)<br><strong>In\u00e9galit\u00e9 :<\/strong> Variable<br><strong>Dur\u00e9e recommand\u00e9e :<\/strong> Juin - octobre<\/p>\n\n\n\n<p>Le GR11, \u00e9galement connu sous le nom de <strong><a href=\"https:\/\/travesiapirenaica.com\/gr11\/gr11.php\">Chemin des Pyr\u00e9n\u00e9es<\/a><\/strong>est l'un des sentiers de longue distance les plus embl\u00e9matiques des Pyr\u00e9n\u00e9es. Il traverse la cha\u00eene de montagnes d'ouest en est, de la mer Cantabrique \u00e0 la M\u00e9diterran\u00e9e, sur environ 800 km. En traversant l'Andorre, le GR11 offre certaines des \u00e9tapes les plus impressionnantes et les plus difficiles de tout l'itin\u00e9raire.<\/p>\n\n\n\n<h4 class=\"wp-block-heading\">\u00c9tapes du GR11 dans la travers\u00e9e de l'Andorre<\/h4>\n\n\n\n<ol class=\"wp-block-list\">\n<li><strong>\u00c9tape 30 : Areu - Baiau<\/strong><ul><li><strong>Distance :<\/strong> 13,8 km<\/li><li><strong>In\u00e9galit\u00e9 :<\/strong> +1310 m \/ -30 m<\/li><li><strong>Le temps :<\/strong> 6h<\/li><\/ul>Depuis Areu en Espagne, la route monte vers Port de Baiau (2 757 m), offrant des vues spectaculaires, avant de redescendre l\u00e9g\u00e8rement vers le refuge de Baiau.<\/li>\n\n\n\n<li><strong>\u00c9tape 31 : Baiau - Arans<\/strong><ul><li><strong>Distance :<\/strong> 15,4 km<\/li><li><strong>In\u00e9galit\u00e9 :<\/strong> +750 m \/ -1450 m<\/li><li><strong>Le temps :<\/strong> 7h<\/li><\/ul>Une \u00e9tape difficile qui traverse le c\u0153ur de l'Andorre, en passant par des paysages de haute montagne et en descendant vers la vall\u00e9e d'Ordino.<\/li>\n\n\n\n<li><strong>\u00c9tape 32 : Arans - Encamp<\/strong><ul><li><strong>Distance :<\/strong> 17,7 km<\/li><li><strong>In\u00e9galit\u00e9 :<\/strong> +1000 m \/ -1200 m<\/li><li><strong>Le temps :<\/strong> 8h<\/li><\/ul>La route continue vers Encamp, offrant un m\u00e9lange de terrain technique et de vues panoramiques.<\/li>\n\n\n\n<li><strong>Etape 33 : Encamp - Refuge de l'Illa<\/strong><ul><li><strong>Distance :<\/strong> 15,6 km<\/li><li><strong>In\u00e9galit\u00e9 :<\/strong> +1300 m \/ -400 m<\/li><li><strong>Le temps :<\/strong> 7h<\/li><\/ul>Une \u00e9tape qui conduit le randonneur au refuge L'Illa, situ\u00e9 dans un environnement alpin impressionnant.<\/li>\n\n\n\n<li><strong>\u00c9tape 34 : Refuge de l'Illa - Malniu<\/strong><ul><li><strong>Distance :<\/strong> 13,2 km<\/li><li><strong>In\u00e9galit\u00e9 :<\/strong> +300 m \/ -800 m<\/li><li><strong>Le temps :<\/strong> 6h<\/li><\/ul>Le GR11 quitte l'Andorre lors de cette \u00e9tape, en direction du refuge de Malniu en Espagne, en traversant des paysages montagneux et des for\u00eats.<\/li>\n<\/ol>\n\n\n\n<h3 class=\"wp-block-heading\">Route du Cercle des Pessons<\/h3>\n\n\n\n<p><strong>Difficult\u00e9 :<\/strong> Les m\u00e9dias<br><strong>Longueur :<\/strong> 5,5 km<br><strong>In\u00e9galit\u00e9 :<\/strong> 450 m<br><strong>Dur\u00e9e recommand\u00e9e :<\/strong> Juin - octobre<\/p>\n\n\n\n<p>Le Cercle des Pessons est un itin\u00e9raire plus court mais tout aussi spectaculaire. Le sentier vous emm\u00e8ne \u00e0 travers une s\u00e9rie de lacs glaciaires entour\u00e9s de pics impressionnants. C'est un excellent choix pour ceux qui recherchent une randonn\u00e9e plus calme et pleine de beaut\u00e9 naturelle.<\/p>\n\n\n\n<h3 class=\"wp-block-heading\">Estany Blau Route<\/h3>\n\n\n\n<p><strong>Difficult\u00e9 :<\/strong> Les m\u00e9dias<br><strong>Longueur :<\/strong> 12 km<br><strong>In\u00e9galit\u00e9 :<\/strong> 800 m<br><strong>Dur\u00e9e recommand\u00e9e :<\/strong> Juin - octobre<\/p>\n\n\n\n<p>L'Estany Blau est l'un des lacs les plus pittoresques d'Andorre. L'itin\u00e9raire menant \u00e0 ce lac est difficile mais gratifiant, avec des vues incroyables et la possibilit\u00e9 d'observer la faune locale. Le chemin traverse des for\u00eats denses et des prairies alpines avant d'atteindre le lac cristallin.<\/p>\n\n\n\n<h3 class=\"wp-block-heading\">Route des lacs Tristaina<\/h3>\n\n\n\n<p><strong>Difficult\u00e9 :<\/strong> Baja<br><strong>Longueur :<\/strong> 4,5 km<br><strong>In\u00e9galit\u00e9 :<\/strong> 230 m<br><strong>Dur\u00e9e recommand\u00e9e :<\/strong> Juin - octobre<\/p>\n\n\n\n<p>C'est un itin\u00e9raire id\u00e9al pour les familles et les d\u00e9butants. Les lacs Tristaina sont trois lacs situ\u00e9s dans un magnifique cirque glaciaire. Le sentier est relativement court et facile, mais il offre des vues magnifiques et la possibilit\u00e9 de profiter d'un environnement naturel unique.<\/p>\n\n\n\n<h3 class=\"wp-block-heading\">Itin\u00e9raire du Pic de Comapedrosa<\/h3>\n\n\n\n<p><strong>Difficult\u00e9 :<\/strong> Haut<br><strong>Longueur :<\/strong> 14 km<br><strong>Des<\/strong>Difficult\u00e9:** \u00c9lev\u00e9e<br><strong>Longueur :<\/strong> 14 km<br><strong>In\u00e9galit\u00e9 :<\/strong> 1370 m<br><strong>Dur\u00e9e recommand\u00e9e :<\/strong> Juin - octobre<\/p>\n\n\n\n<p>Le Pic de Comapedrosa, qui culmine \u00e0 2 942 m\u00e8tres, est le point le plus \u00e9lev\u00e9 d'Andorre. La route qui m\u00e8ne au sommet est exigeante, avec une pente consid\u00e9rable, mais les vues depuis le sommet sont tout simplement spectaculaires. C'est une randonn\u00e9e qui n\u00e9cessite une bonne condition physique et une exp\u00e9rience de la montagne.<\/p>\n\n\n\n<h2 class=\"wp-block-heading\">Conseils pratiques pour la randonn\u00e9e en Andorre<\/h2>\n\n\n\n<h3 class=\"wp-block-heading\">\u00c9quipement recommand\u00e9<\/h3>\n\n\n\n<p>Pour profiter de ces itin\u00e9raires en toute s\u00e9curit\u00e9 et confortablement, il est essentiel d'emporter l'\u00e9quipement ad\u00e9quat :<\/p>\n\n\n\n<ul class=\"wp-block-list\">\n<li><strong>Sac \u00e0 dos :<\/strong> 40-50 litres.<\/li>\n\n\n\n<li><strong>V\u00eatements :<\/strong> T-shirts thermiques, pantalons longs et courts, polaire, veste imperm\u00e9able, chaussettes de rechange.<\/li>\n\n\n\n<li><strong>Chaussures :<\/strong> Bottes, sandales ou pantoufles imperm\u00e9ables et confortables pour les abris.<\/li>\n\n\n\n<li><strong>Equipement de couchage :<\/strong> Sac de couchage (trois ou quatre saisons), matelas de couchage et tente (facultatif).<\/li>\n\n\n\n<li><strong>\u00c9lectronique :<\/strong> T\u00e9l\u00e9phone portable, GPS, lampe frontale, piles et chargeurs.<\/li>\n\n\n\n<li><strong>Besoins fondamentaux :<\/strong> Brosse \u00e0 dents et dentifrice, savon, serviette de voyage, cr\u00e8me solaire, trousse de premiers secours.<\/li>\n\n\n\n<li><strong>Orientation :<\/strong> Carte, boussole, applications de randonn\u00e9e.<\/li>\n\n\n\n<li><strong>Divers :<\/strong> B\u00e2tons de trekking, lunettes de soleil, papier hygi\u00e9nique, sacs, couteau, bouteille d'eau, sifflet.<\/li>\n<\/ul>\n\n\n\n<h3 class=\"wp-block-heading\">H\u00e9bergement<\/h3>\n\n\n\n<p>Sur les longs itin\u00e9raires tels que le GRP, vous trouverez des abris gratuits et abrit\u00e9s, ainsi que des h\u00f4tels o\u00f9 vous pourrez vous reposer. Il est important de bien planifier vos arr\u00eats et d'emporter un sac de couchage adapt\u00e9, car les abris gratuits peuvent \u00eatre occup\u00e9s.<\/p>\n\n\n\n<h3 class=\"wp-block-heading\">Alimentation<\/h3>\n\n\n\n<p>Emportez suffisamment de provisions pour chaque \u00e9tape, en particulier sur les itin\u00e9raires de haute montagne o\u00f9 il n'y a ni magasins ni services. Les aliments lyophilis\u00e9s et les en-cas \u00e9nerg\u00e9tiques sont une bonne option.<\/p>\n\n\n\n<h3 class=\"wp-block-heading\">S\u00e9curit\u00e9<\/h3>\n\n\n\n<p>V\u00e9rifiez toujours les pr\u00e9visions m\u00e9t\u00e9orologiques avant de partir et emportez un \u00e9quipement adapt\u00e9 aux changements soudains de temps. Informez quelqu'un de votre itin\u00e9raire et utilisez des applications de randonn\u00e9e qui vous permettent de partager votre position en temps r\u00e9el.<\/p>\n\n\n\n<p><\/p>\n\n\n\n<div data-vi-partner-id=\"brand-subbrand-75471\" data-vi-language=\"es\" data-vi-currency=\"EUR\" data-vi-partner-type=\"VBA\" data-vi-url=\"https:\/\/www.viator.com\/es-ES\/Andorra\/d21795-ttd\" data-vi-total-products=\"6\"><\/div>\n\n<script async=\"\" src=\"https:\/\/www.viator.com\/orion\/partner\/widget.js\"><\/script>\n\n\n\n<p>Vous pouvez faire des randonn\u00e9es dans les <strong><a rel=\"noreferrer noopener\" aria-label=\" (s&#039;ouvre dans un nouvel onglet)\" href=\"https:\/\/travesiapirenaica.com\/fr\/pyrenees\/andorre\/\" target=\"_blank\">Pyr\u00e9n\u00e9es d'Andorre<\/a><\/strong>.   Vous trouverez ici les endroits les plus impressionnants des Pyr\u00e9n\u00e9es andorranes pour le trekking et l'alpinisme.<br><\/p>","protected":false},"excerpt":{"rendered":"Vous pouvez \u00eatre int\u00e9ress\u00e9 par : Les meilleurs itin\u00e9raires de trekking en Europe \" Andorre, ce petit pays en...","protected":false},"author":1,"featured_media":42554,"comment_status":"closed","ping_status":"closed","sticky":false,"template":"","format":"standard","meta":{"_kad_blocks_custom_css":"","_kad_blocks_head_custom_js":"","_kad_blocks_body_custom_js":"","_kad_blocks_footer_custom_js":"","episode_type":"audio","audio_file":"","podmotor_file_id":"","podmotor_episode_id":"","cover_image":"","cover_image_id":"","duration":"","filesize":"","filesize_raw":"","date_recorded":"","explicit":"","block":"","_kad_post_transparent":"","_kad_post_title":"","_kad_post_layout":"","_kad_post_sidebar_id":"","_kad_post_content_style":"","_kad_post_vertical_padding":"","_kad_post_feature":"","_kad_post_feature_position":"","_kad_post_header":false,"_kad_post_footer":false,"_kad_post_classname":"","_jetpack_memberships_contains_paid_content":false,"footnotes":""},"categories":[2933],"tags":[],"series":[],"class_list":["post-16393","post","type-post","status-publish","format-standard","has-post-thumbnail","hentry","category-europa"],"episode_featured_image":"https:\/\/travesiapirenaica.com\/wp-content\/uploads\/2015\/06\/Entre-Arans-y-La-Cortinada.jpg","episode_player_image":"https:\/\/travesiapirenaica.com\/wp-content\/uploads\/2017\/12\/Caratula-Podcast-Maldita-Montana_1500x1500_72pp-p_.jpg","download_link":"","player_link":"","audio_player":false,"episode_data":{"playerMode":"dark","subscribeUrls":[],"rssFeedUrl":"https:\/\/travesiapirenaica.com\/fr\/feed\/podcast\/maldita-montana","embedCode":"<blockquote class=\"wp-embedded-content\" data-secret=\"z4pAhMprfh\"><a href=\"https:\/\/travesiapirenaica.com\/fr\/trekking-andorra\/\">Las mejores rutas de trekking en Andorra<\/a><\/blockquote><iframe sandbox=\"allow-scripts\" security=\"restricted\" src=\"https:\/\/travesiapirenaica.com\/fr\/trekking-andorra\/embed\/#?secret=z4pAhMprfh\" width=\"500\" height=\"350\" title=\"\u00ab\u00a0Las mejores rutas de trekking en Andorra\u00a0\u00bb &#8212; Traves\u00eda.\" data-secret=\"z4pAhMprfh\" frameborder=\"0\" marginwidth=\"0\" marginheight=\"0\" scrolling=\"no\" class=\"wp-embedded-content\"><\/iframe><script>\n\/*! This file is auto-generated *\/\n!function(d,l){\"use strict\";l.querySelector&&d.addEventListener&&\"undefined\"!=typeof URL&&(d.wp=d.wp||{},d.wp.receiveEmbedMessage||(d.wp.receiveEmbedMessage=function(e){var t=e.data;if((t||t.secret||t.message||t.value)&&!\/[^a-zA-Z0-9]\/.test(t.secret)){for(var s,r,n,a=l.querySelectorAll('iframe[data-secret=\"'+t.secret+'\"]'),o=l.querySelectorAll('blockquote[data-secret=\"'+t.secret+'\"]'),c=new RegExp(\"^https?:$\",\"i\"),i=0;i<o.length;i++)o[i].style.display=\"none\";for(i=0;i<a.length;i++)s=a[i],e.source===s.contentWindow&&(s.removeAttribute(\"style\"),\"height\"===t.message?(1e3<(r=parseInt(t.value,10))?r=1e3:~~r<200&&(r=200),s.height=r):\"link\"===t.message&&(r=new URL(s.getAttribute(\"src\")),n=new URL(t.value),c.test(n.protocol))&&n.host===r.host&&l.activeElement===s&&(d.top.location.href=t.value))}},d.addEventListener(\"message\",d.wp.receiveEmbedMessage,!1),l.addEventListener(\"DOMContentLoaded\",function(){for(var e,t,s=l.querySelectorAll(\"iframe.wp-embedded-content\"),r=0;r<s.length;r++)(t=(e=s[r]).getAttribute(\"data-secret\"))||(t=Math.random().toString(36).substring(2,12),e.src+=\"#?secret=\"+t,e.setAttribute(\"data-secret\",t)),e.contentWindow.postMessage({message:\"ready\",secret:t},\"*\")},!1)))}(window,document);\n\/\/# sourceURL=https:\/\/travesiapirenaica.com\/wp-includes\/js\/wp-embed.min.js\n<\/script>\n"},"taxonomy_info":{"category":[{"value":2933,"label":"Europa"}]},"featured_image_src_large":["https:\/\/travesiapirenaica.com\/wp-content\/uploads\/2015\/06\/Entre-Arans-y-La-Cortinada.jpg",960,640,false],"author_info":{"display_name":"Traves\u00eda Pirenaica","author_link":"https:\/\/travesiapirenaica.com\/fr\/author\/travesia-pirenaica\/"},"comment_info":0,"category_info":[{"term_id":2933,"name":"Europa","slug":"europa","term_group":0,"term_taxonomy_id":2949,"taxonomy":"category","description":"Europa","parent":18,"count":72,"filter":"raw","cat_ID":2933,"category_count":72,"category_description":"Europa","cat_name":"Europa","category_nicename":"europa","category_parent":18}],"tag_info":false,"jetpack_featured_media_url":"https:\/\/travesiapirenaica.com\/wp-content\/uploads\/2015\/06\/Entre-Arans-y-La-Cortinada.jpg","jetpack_sharing_enabled":true,"_links":{"self":[{"href":"https:\/\/travesiapirenaica.com\/fr\/wp-json\/wp\/v2\/posts\/16393","targetHints":{"allow":["GET"]}}],"collection":[{"href":"https:\/\/travesiapirenaica.com\/fr\/wp-json\/wp\/v2\/posts"}],"about":[{"href":"https:\/\/travesiapirenaica.com\/fr\/wp-json\/wp\/v2\/types\/post"}],"author":[{"embeddable":true,"href":"https:\/\/travesiapirenaica.com\/fr\/wp-json\/wp\/v2\/users\/1"}],"replies":[{"embeddable":true,"href":"https:\/\/travesiapirenaica.com\/fr\/wp-json\/wp\/v2\/comments?post=16393"}],"version-history":[{"count":0,"href":"https:\/\/travesiapirenaica.com\/fr\/wp-json\/wp\/v2\/posts\/16393\/revisions"}],"wp:featuredmedia":[{"embeddable":true,"href":"https:\/\/travesiapirenaica.com\/fr\/wp-json\/wp\/v2\/media\/42554"}],"wp:attachment":[{"href":"https:\/\/travesiapirenaica.com\/fr\/wp-json\/wp\/v2\/media?parent=16393"}],"wp:term":[{"taxonomy":"category","embeddable":true,"href":"https:\/\/travesiapirenaica.com\/fr\/wp-json\/wp\/v2\/categories?post=16393"},{"taxonomy":"post_tag","embeddable":true,"href":"https:\/\/travesiapirenaica.com\/fr\/wp-json\/wp\/v2\/tags?post=16393"},{"taxonomy":"series","embeddable":true,"href":"https:\/\/travesiapirenaica.com\/fr\/wp-json\/wp\/v2\/series?post=16393"}],"curies":[{"name":"wp","href":"https:\/\/api.w.org\/{rel}","templated":true}]}}