{"id":16453,"date":"2015-06-11T08:26:44","date_gmt":"2015-06-11T06:26:44","guid":{"rendered":"https:\/\/travesiapirenaica.com\/?p=16453"},"modified":"2021-10-20T17:28:07","modified_gmt":"2021-10-20T15:28:07","slug":"trekking-malte","status":"publish","type":"post","link":"https:\/\/travesiapirenaica.com\/fr\/trekking-malta\/","title":{"rendered":"Les meilleurs itin\u00e9raires de randonn\u00e9e \u00e0 Malte"},"content":{"rendered":"<p class=\"has-background has-very-light-gray-background-color\"><strong>Vous pouvez \u00eatre int\u00e9ress\u00e9 par :&nbsp;<\/strong><a rel=\"noreferrer noopener\" href=\"https:\/\/travesiapirenaica.com\/fr\/trekking-europe\/\" target=\"_blank\"><strong>Les meilleurs itin\u00e9raires de randonn\u00e9e en Europe \"<\/strong><\/a><\/p>\n\n\n\n<div data-vi-partner-id=\"brand-subbrand-75471\" data-vi-language=\"es\" data-vi-currency=\"EUR\" data-vi-partner-type=\"VBA\" data-vi-url=\"https:\/\/www.viator.com\/es-ES\/Malta-tours\/Outdoor-Activities\/d4141-g9\" data-vi-total-products=\"6\"><\/div>\n\n<script async=\"\" src=\"https:\/\/www.viator.com\/orion\/partner\/widget.js\"><\/script>\n\n\n\n<p>Sous le soleil de la M\u00e9diterran\u00e9e, entre la Sicile et l'Afrique, Malte et ses \u00eeles voisines de Gozo et Comino ont une histoire color\u00e9e et complexe, depuis le n\u00e9olithique et le Moyen \u00c2ge jusqu'\u00e0 aujourd'hui. Malte est peut-\u00eatre connue comme une destination touristique, mais elle offre \u00e9galement une multitude de promenades historiques, une architecture \u00e9tonnamment belle et spectaculaire et de superbes paysages, en particulier autour des falaises et des c\u00f4tes. Parmi les points forts, citons le site de la Vieille Valette, class\u00e9 au patrimoine mondial, les b\u00e2timents et monuments historiques des nombreux villages historiques de Malte et le circuit idyllique de Comino, la plus petite des \u00eeles maltaises.<\/p>\n\n\n\n<center><figure><iframe loading=\"lazy\" width=\"100%\" height=\"315\" src=\"https:\/\/www.youtube.com\/embed\/u0WYGB92I6I\" allowfullscreen=\"\"><\/iframe><\/figure><\/center>\n\n\n\n<hr class=\"wp-block-separator\"\/>\n\n\n\n<h2 class=\"wp-block-heading\">Guide pratique<\/h2>\n\n\n\n<hr class=\"wp-block-separator\"\/>\n\n\n\n<h3 class=\"wp-block-heading\">Quand partir ?<\/h3>\n\n\n\n<p>Le printemps est la meilleure p\u00e9riode pour se promener ici : l'\u00e9t\u00e9 peut \u00eatre trop chaud, tandis que l'hiver est bon, mais peut \u00eatre pluvieux et m\u00eame un peu froid. <\/p>\n\n\n\n<h3 class=\"wp-block-heading\">Villes et services<\/h3>\n\n\n\n<p>Toute ville de l'\u00eele peut constituer un bon camp de base pour se rendre sur les itin\u00e9raires. <\/p>\n\n\n\n<h3 class=\"wp-block-heading\">\u00c0 ne pas manquer<\/h3>\n\n\n\n<ul class=\"wp-block-list\"><li>Excellente promenade le long des falaises loin des villes<\/li><li> Vieille Valette (site du patrimoine mondial)<\/li><li>Les b\u00e2timents historiques et les lieux d'int\u00e9r\u00eat des nombreux peuples qui sont venus \u00e0 Malte<\/li><li>Le circuit de Comino, autour de l'\u00eele.<\/li><\/ul>\n\n\n\n<hr class=\"wp-block-separator\"\/>\n\n\n\n<h2 class=\"wp-block-heading\">Les itin\u00e9raires    <\/h2>\n\n\n\n<hr class=\"wp-block-separator\"\/>\n\n\n\n<ul class=\"wp-block-list\"><li><strong>MALTE <\/strong>\/\/ <strong>Le sentier du patrimoine de La Valette <\/strong>\/ Promenades le long de la c\u00f4te de Malte : Rinella \u00e0 Marsaskala \/ Marsaskala \u00e0 Bir\u017cebbu\u0121a \/ Bir\u017cebbu\u0121a \u00e0 Gudja \/ \u017burrieq \u00e0 Si\u0121\u0121iewi \/ Si\u0121\u0121iewi \u00e0 Dingli \/ Dingli \u00e0 M\u0121arr \/ Circuit G\u0127ajn Tuffie\u0127a \/ M\u0121arr a G\u0127adira \/ Circuit de la cr\u00eate de Marfa \/ Baie de Mellie\u0127a a Xemxija \/ Circuit de Selmun \/ Piste du patrimoine de Xemxija \/ Circuit de la cr\u00eate de Bajda La cr\u00eate de Wardija \/ Falka Gap a Salina \/ Ba\u0127ar i\u010b-De \u010aag\u0127aq \u00e0 St George's Bay \/ El \"<strong>Lignes Victoria<\/strong>\" (itin\u00e9raire de 30 km entre Mgarr et Bahar ic-Caghaq) \/ Fiddien \u00e0 Mosta \/ Rabat et Dingli \/ Si\u0121\u0121iewi et Buskett \/ Si\u0121\u0121\u0121iewi \u00e0 Qormi \/ L'aqueduc de Wignacourt \/ \" (itin\u00e9raire de 30 km entre Mgarr et Bahar ic-Caghaq).<strong> Circuit du patrimoine de Mdina et Rabat<\/strong> \/<\/li><\/ul>\n\n\n\n<ul class=\"wp-block-list\"><li><strong>GOZO<\/strong> \/\/ Victoria Heritage Trail \/ Exploration dans le sens des aiguilles d'une montre d'une spectaculaire promenade c\u00f4ti\u00e8re permettant un circuit complet de l'\u00eele : M\u0121arr \u00e0 Sannat \/ Sannat \u00e0 San Lawrenz \/ San Lawrenz \u00e0 Marsalforn \/ Marsalforn \u00e0 Ramla Bay \/ Ramla Bay \u00e0 Qala \/ Qala \u00e0 M\u0121arr \/ G\u0127arb \u00e0 Marsalforn \/ <\/li><\/ul>\n\n\n\n<ul class=\"wp-block-list\"><li><strong>COMINO <\/strong>\/\/ Circuit autour de la petite et charmante \u00eele de Comino \/<\/li><\/ul>\n\n\n\n<hr class=\"wp-block-separator\"\/>","protected":false},"excerpt":{"rendered":"Vous pourriez \u00eatre int\u00e9ress\u00e9 par : Les meilleurs itin\u00e9raires de trekking en Europe \" Profiter du soleil m\u00e9diterran\u00e9en entre...","protected":false},"author":1,"featured_media":18790,"comment_status":"closed","ping_status":"closed","sticky":false,"template":"","format":"image","meta":{"_kad_blocks_custom_css":"","_kad_blocks_head_custom_js":"","_kad_blocks_body_custom_js":"","_kad_blocks_footer_custom_js":"","episode_type":"","audio_file":"","podmotor_file_id":"","podmotor_episode_id":"","cover_image":"","cover_image_id":"","duration":"","filesize":"","filesize_raw":"","date_recorded":"","explicit":"","block":"","_kad_post_transparent":"","_kad_post_title":"","_kad_post_layout":"","_kad_post_sidebar_id":"","_kad_post_content_style":"","_kad_post_vertical_padding":"","_kad_post_feature":"","_kad_post_feature_position":"","_kad_post_header":false,"_kad_post_footer":false,"_kad_post_classname":"","_jetpack_memberships_contains_paid_content":false,"footnotes":""},"categories":[2933],"tags":[],"series":[],"class_list":["post-16453","post","type-post","status-publish","format-image","has-post-thumbnail","hentry","category-europa","post_format-post-format-image"],"episode_featured_image":"https:\/\/travesiapirenaica.com\/wp-content\/uploads\/2015\/06\/Acantilados-Dingli-Malta-_by-Felix-K\u00f6nig-CC-BY-3.0-Wikimedia-Commons_1200x675.jpg","episode_player_image":"https:\/\/travesiapirenaica.com\/wp-content\/uploads\/2017\/12\/Caratula-Podcast-Maldita-Montana_1500x1500_72pp-p_.jpg","download_link":"","player_link":"","audio_player":false,"episode_data":{"playerMode":"dark","subscribeUrls":[],"rssFeedUrl":"https:\/\/travesiapirenaica.com\/fr\/feed\/podcast\/maldita-montana","embedCode":"<blockquote class=\"wp-embedded-content\" data-secret=\"3dn7neaC2M\"><a href=\"https:\/\/travesiapirenaica.com\/fr\/trekking-malta\/\">Las mejores rutas de trekking en Malta<\/a><\/blockquote><iframe sandbox=\"allow-scripts\" security=\"restricted\" src=\"https:\/\/travesiapirenaica.com\/fr\/trekking-malta\/embed\/#?secret=3dn7neaC2M\" width=\"500\" height=\"350\" title=\"\u00ab\u00a0Las mejores rutas de trekking en Malta\u00a0\u00bb &#8212; Traves\u00eda.\" data-secret=\"3dn7neaC2M\" frameborder=\"0\" marginwidth=\"0\" marginheight=\"0\" scrolling=\"no\" class=\"wp-embedded-content\"><\/iframe><script>\n\/*! This file is auto-generated *\/\n!function(d,l){\"use strict\";l.querySelector&&d.addEventListener&&\"undefined\"!=typeof URL&&(d.wp=d.wp||{},d.wp.receiveEmbedMessage||(d.wp.receiveEmbedMessage=function(e){var t=e.data;if((t||t.secret||t.message||t.value)&&!\/[^a-zA-Z0-9]\/.test(t.secret)){for(var s,r,n,a=l.querySelectorAll('iframe[data-secret=\"'+t.secret+'\"]'),o=l.querySelectorAll('blockquote[data-secret=\"'+t.secret+'\"]'),c=new RegExp(\"^https?:$\",\"i\"),i=0;i<o.length;i++)o[i].style.display=\"none\";for(i=0;i<a.length;i++)s=a[i],e.source===s.contentWindow&&(s.removeAttribute(\"style\"),\"height\"===t.message?(1e3<(r=parseInt(t.value,10))?r=1e3:~~r<200&&(r=200),s.height=r):\"link\"===t.message&&(r=new URL(s.getAttribute(\"src\")),n=new URL(t.value),c.test(n.protocol))&&n.host===r.host&&l.activeElement===s&&(d.top.location.href=t.value))}},d.addEventListener(\"message\",d.wp.receiveEmbedMessage,!1),l.addEventListener(\"DOMContentLoaded\",function(){for(var e,t,s=l.querySelectorAll(\"iframe.wp-embedded-content\"),r=0;r<s.length;r++)(t=(e=s[r]).getAttribute(\"data-secret\"))||(t=Math.random().toString(36).substring(2,12),e.src+=\"#?secret=\"+t,e.setAttribute(\"data-secret\",t)),e.contentWindow.postMessage({message:\"ready\",secret:t},\"*\")},!1)))}(window,document);\n\/\/# sourceURL=https:\/\/travesiapirenaica.com\/wp-includes\/js\/wp-embed.min.js\n<\/script>\n"},"taxonomy_info":{"category":[{"value":2933,"label":"Europa"}]},"featured_image_src_large":["https:\/\/travesiapirenaica.com\/wp-content\/uploads\/2015\/06\/Acantilados-Dingli-Malta-_by-Felix-K\u00f6nig-CC-BY-3.0-Wikimedia-Commons_1200x675-1024x576.jpg",1024,576,true],"author_info":{"display_name":"Traves\u00eda Pirenaica","author_link":"https:\/\/travesiapirenaica.com\/fr\/author\/travesia-pirenaica\/"},"comment_info":0,"category_info":[{"term_id":2933,"name":"Europa","slug":"europa","term_group":0,"term_taxonomy_id":2949,"taxonomy":"category","description":"Europa","parent":18,"count":72,"filter":"raw","cat_ID":2933,"category_count":72,"category_description":"Europa","cat_name":"Europa","category_nicename":"europa","category_parent":18}],"tag_info":false,"jetpack_featured_media_url":"https:\/\/travesiapirenaica.com\/wp-content\/uploads\/2015\/06\/Acantilados-Dingli-Malta-_by-Felix-K\u00f6nig-CC-BY-3.0-Wikimedia-Commons_1200x675.jpg","jetpack_sharing_enabled":true,"_links":{"self":[{"href":"https:\/\/travesiapirenaica.com\/fr\/wp-json\/wp\/v2\/posts\/16453","targetHints":{"allow":["GET"]}}],"collection":[{"href":"https:\/\/travesiapirenaica.com\/fr\/wp-json\/wp\/v2\/posts"}],"about":[{"href":"https:\/\/travesiapirenaica.com\/fr\/wp-json\/wp\/v2\/types\/post"}],"author":[{"embeddable":true,"href":"https:\/\/travesiapirenaica.com\/fr\/wp-json\/wp\/v2\/users\/1"}],"replies":[{"embeddable":true,"href":"https:\/\/travesiapirenaica.com\/fr\/wp-json\/wp\/v2\/comments?post=16453"}],"version-history":[{"count":0,"href":"https:\/\/travesiapirenaica.com\/fr\/wp-json\/wp\/v2\/posts\/16453\/revisions"}],"wp:featuredmedia":[{"embeddable":true,"href":"https:\/\/travesiapirenaica.com\/fr\/wp-json\/wp\/v2\/media\/18790"}],"wp:attachment":[{"href":"https:\/\/travesiapirenaica.com\/fr\/wp-json\/wp\/v2\/media?parent=16453"}],"wp:term":[{"taxonomy":"category","embeddable":true,"href":"https:\/\/travesiapirenaica.com\/fr\/wp-json\/wp\/v2\/categories?post=16453"},{"taxonomy":"post_tag","embeddable":true,"href":"https:\/\/travesiapirenaica.com\/fr\/wp-json\/wp\/v2\/tags?post=16453"},{"taxonomy":"series","embeddable":true,"href":"https:\/\/travesiapirenaica.com\/fr\/wp-json\/wp\/v2\/series?post=16453"}],"curies":[{"name":"wp","href":"https:\/\/api.w.org\/{rel}","templated":true}]}}