{"id":16459,"date":"2015-06-11T08:26:58","date_gmt":"2015-06-11T06:26:58","guid":{"rendered":"https:\/\/travesiapirenaica.com\/?p=16459"},"modified":"2023-05-22T18:17:02","modified_gmt":"2023-05-22T16:17:02","slug":"trekking-portugal","status":"publish","type":"post","link":"https:\/\/travesiapirenaica.com\/fr\/trekking-portugal\/","title":{"rendered":"Les meilleurs itin\u00e9raires de randonn\u00e9e au Portugal"},"content":{"rendered":"<p class=\"has-background\" style=\"background-color:#eeeeee\"><strong>Vous pouvez \u00eatre int\u00e9ress\u00e9 par :&nbsp;<\/strong><a rel=\"noreferrer noopener\" href=\"https:\/\/travesiapirenaica.com\/fr\/trekking-europe\/\" target=\"_blank\"><strong>Les meilleurs itin\u00e9raires de randonn\u00e9e en Europe \"<\/strong><\/a><\/p>\n\n\n\n<p>Le Portugal est travers\u00e9 par de nombreux sentiers de randonn\u00e9e et chemins de p\u00e8lerinage. Loin des lieux de vill\u00e9giature de l'Algarve, explorez les montagnes et la spectaculaire c\u00f4te atlantique. Vous pouvez marcher le long de la c\u00f4te en suivant le Chemin portugais de Porto \u00e0 Santiago, ou, pour des conditions de randonn\u00e9e merveilleuses entre septembre et avril, Mad\u00e8re et les A\u00e7ores peuvent offrir des paysages plus exotiques avec une myriade d'itin\u00e9raires. <\/p>\n\n\n\n<p>L'Algarve b\u00e9n\u00e9ficie d'un climat doux, de paysages magnifiques et d'un acc\u00e8s facile pour les transports. Elle est surtout connue pour son littoral spectaculaire : dolines, falaises spectaculaires et plages rocheuses. Cependant, l'int\u00e9rieur des terres est tout aussi magnifique et d'autres randonn\u00e9es permettent d'explorer les pentes bois\u00e9es de Monchique et les paysages tranquilles entre les montagnes et la c\u00f4te. Les paysages de la r\u00e9gion comprennent le Cabo de S\u00e3o Vicente, le point le plus au sud-ouest de l'Europe, le plus haut sommet de l'Algarve, F\u00f3ia (902 m), des sites historiques, des falaises spectaculaires, des arches et des promenades, ainsi que des plages idylliques.<\/p>\n\n\n\n<p>Sur l'\u00eele portugaise de Mad\u00e8re et \u00e0 Porto Santo, vous pouvez explorer le spectaculaire littoral compos\u00e9 de falaises, de pittoresques levadas (canaux d'irrigation), de denses for\u00eats de lauriers et de hauts sommets montagneux.<\/p>\n\n\n\n<p>Le Portugal est un joyau m\u00e9connu des randonneurs.  Une multitude de sentiers offrent des paysages fantastiques et sont riches en int\u00e9r\u00eat naturel, historique et culturel.  On y trouve des pics granitiques, des prairies de fleurs sauvages, des for\u00eats, des cascades, des ch\u00e2teaux, des \u00e9glises et des vestiges arch\u00e9ologiques.  Et gr\u00e2ce \u00e0 la vari\u00e9t\u00e9 des microclimats, il est possible de trouver des conditions propices \u00e0 la randonn\u00e9e en toute saison.<\/p>\n\n\n\n<hr class=\"wp-block-separator has-css-opacity\"\/>\n\n\n\n<h2 class=\"wp-block-heading\">Guide pratique<\/h2>\n\n\n\n<hr class=\"wp-block-separator has-css-opacity\"\/>\n\n\n\n<h3 class=\"wp-block-heading\">Quand partir ?<\/h3>\n\n\n\n<p>Avec une telle vari\u00e9t\u00e9 de microclimats, il est possible de trouver un climat agr\u00e9able pour se promener \u00e0 tout moment de l'ann\u00e9e.<\/p>\n\n\n\n<p>En Algarve, les meilleures p\u00e9riodes sont le printemps et l'automne. Les mois d'hiver sont les plus humides, mais le printemps arrive t\u00f4t. Au printemps, les fleurs sauvages ajoutent une touche de couleur au paysage.<\/p>\n\n\n\n<p>Quant \u00e0 Mad\u00e8re, c'est une destination qui dure toute l'ann\u00e9e : chaude et humide en \u00e9t\u00e9, plus fra\u00eeche et un peu plus humide en hiver.<\/p>\n\n\n\n<h3 class=\"wp-block-heading\"> Villes et services<\/h3>\n\n\n\n<p>Parc national de Peneda-Ger\u00eas ; parc naturel de Montesinho ; parc naturel d'Alv\u00e3o ; parc naturel international du Douro ; villages de schiste pr\u00e8s de Coimbra ; parc naturel de Serra da Estrela ; Lisbonne ; parcs naturels du Tage et de S\u00e3o Mamede ; Monsaraz et \u00c9vora ; Algarve, Costa Vicentina et Guadiana.<\/p>\n\n\n\n<p>En Algarve : Sagres, Luz, Lagos, Salema, Cabo de S\u00e3o Vicente, Monchique, Caldas de Monchique, F\u00f3ia, Marmelete, Carrapateira, Mealha, Furnazinhas, Praia da Marinha, Albufeira, Barragem de Bravura, Arrifana, Bordeira<\/p>\n\n\n\n<p>Mad\u00e8re : Funchal, Ribeira Brava, Santana, Porto Moniz, Porto Santo<\/p>\n\n\n\n<h3 class=\"wp-block-heading\">\u00c0 ne pas manquer<\/h3>\n\n\n\n<ol class=\"wp-block-list\">\n<li> Le paysage glaciaire spectaculaire de la vall\u00e9e de la Z\u00eaz\u00e8re <\/li>\n\n\n\n<li>Solitude et nature dans le parc national de Peneda-Ger\u00eas<\/li>\n\n\n\n<li>Cascades \u00e0 Rota das Cascatas. <\/li>\n\n\n\n<li>Vues fantastiques depuis le sommet du Candeeiros<\/li>\n\n\n\n<li>Marv\u00e3o historique<\/li>\n\n\n\n<li>Plage d'Odeceixe<\/li>\n\n\n\n<li>Parque Natural da Madeira, Pico Ruivo, levadas, laurisilva forests, Ponta de S\u00e3o Louren\u00e7o<\/li>\n<\/ol>\n\n\n\n<hr class=\"wp-block-separator has-css-opacity\"\/>\n\n\n\n<h2 class=\"wp-block-heading\">Les itin\u00e9raires<\/h2>\n\n\n\n<p>Les itin\u00e9raires sont r\u00e9partis sur l'ensemble du territoire portugais et mettent l'accent sur les nombreux parcs naturels et nationaux du pays, notamment Peneda-Ger\u00eas, Serra da Estrela et Costa Vicentina, y compris le plus haut sommet du pays, Serra da Estrela, ainsi que sur la visite de villages traditionnels construits en pierre et en ardoise et de lieux d'int\u00e9r\u00eat historique. <\/p>\n\n\n\n<p>Des montagnes escarp\u00e9es du nord \u00e0 la vall\u00e9e du Douro class\u00e9e par l'UNESCO, des villages traditionnels de schiste \u00e0 la g\u00e9ologie unique de la c\u00f4te de l'Algarve, voici les meilleurs endroits que le Portugal a \u00e0 offrir. <\/p>\n\n\n\n<hr class=\"wp-block-separator has-css-opacity\"\/>\n\n\n\n<h3 class=\"wp-block-heading\">Nord du Portugal<\/h3>\n\n\n\n<h4 class=\"wp-block-heading\">Parc national de Peneda-Ger\u00eas<\/h4>\n\n\n\n<ul class=\"wp-block-list\">\n<li>Caminho dos Mortos, Real<\/li>\n\n\n\n<li>Trilho Castrejo, Castro Laboreiro<\/li>\n\n\n\n<li>Peneda circulaire <\/li>\n\n\n\n<li>Pertinho do Ceu, Gavieira<\/li>\n\n\n\n<li>Bicos et Pedrada<\/li>\n\n\n\n<li>Pit\u00f5es das J\u00fanias et Capela de S\u00e3o Jo\u00e3o da Fraga<\/li>\n\n\n\n<li>Minas dos Carris, Portela de Homem<\/li>\n\n\n\n<li>Circulaire de Ger\u00eas <\/li>\n\n\n\n<li>\u00c1guia do Sarilh\u00e3o et Via Nova, Campo do Ger\u00eas<\/li>\n\n\n\n<li>Trilho dos Currais, Vila do Ger\u00eas<\/li>\n<\/ul>\n\n\n\n<h4 class=\"wp-block-heading\">Parc naturel de Montesinho<\/h4>\n\n\n\n<ul class=\"wp-block-list\">\n<li>Trilho da Cal\u00e7ada, Moimenta<\/li>\n\n\n\n<li>Les sommets du Montesinho <\/li>\n<\/ul>\n\n\n\n<h4 class=\"wp-block-heading\">Autour du parc naturel d'Alv\u00e3o <\/h4>\n\n\n\n<ul class=\"wp-block-list\">\n<li>Senhora da Gra\u00e7a, Mondim de Basto<\/li>\n\n\n\n<li>Sommet de Mar\u00e3o <\/li>\n<\/ul>\n\n\n\n<h4 class=\"wp-block-heading\"> &nbsp;Parc naturel international du Douro&nbsp; <\/h4>\n\n\n\n<ul class=\"wp-block-list\">\n<li>Az\u00e9ite, Bru\u00e7\u00f3<\/li>\n\n\n\n<li>Ribeira do Mosteiro <\/li>\n<\/ul>\n\n\n\n<hr class=\"wp-block-separator has-css-opacity\"\/>\n\n\n\n<h3 class=\"wp-block-heading\">Centre du Portugal et Lisbonne<\/h3>\n\n\n\n<h4 class=\"wp-block-heading\">Villages de schiste<\/h4>\n\n\n\n<ul class=\"wp-block-list\">\n<li>Villages de schiste Lous\u00e3<\/li>\n\n\n\n<li>Caminho do Xisto das Aldeias de G\u00f3is et sommet du Lous\u00e3<\/li>\n\n\n\n<li>Trilho do Vale do Ceira, Cabreira<\/li>\n<\/ul>\n\n\n\n<h4 class=\"wp-block-heading\">Parc naturel de la Serra da Estrela<\/h4>\n\n\n\n<ul class=\"wp-block-list\">\n<li>Soleil et Rota das Faias, Manteigas<\/li>\n\n\n\n<li>Rota do Carv\u00e3o, Manteigas<\/li>\n\n\n\n<li>Javali et Po\u00e7o do Inferno, Manteigas<\/li>\n\n\n\n<li>Rota do Glaciar, Torre-Manteigas<\/li>\n\n\n\n<li>Poios Brancos, Manteigas<\/li>\n<\/ul>\n\n\n\n<h4 class=\"wp-block-heading\"><strong>Autour de Lisbonne<\/strong><\/h4>\n\n\n\n<ul class=\"wp-block-list\">\n<li>Castelejo, Alvados<\/li>\n\n\n\n<li>Ch\u00e3os<\/li>\n\n\n\n<li>Peninha, Sintra<\/li>\n\n\n\n<li>Cap Espichel, Arr\u00e1bida<\/li>\n<\/ul>\n\n\n\n<h4 class=\"wp-block-heading\">Parc naturel du Tejo et de S\u00e3o Mamede <\/h4>\n\n\n\n<ul class=\"wp-block-list\">\n<li>Rota dos Abutres, Salvaterra do Extremo<\/li>\n\n\n\n<li>GR29 Rota dos Veados<\/li>\n\n\n\n<li>Marv\u00e3o<\/li>\n<\/ul>\n\n\n\n<h4 class=\"wp-block-heading\">Monsaraz et \u00c9vora<\/h4>\n\n\n\n<ul class=\"wp-block-list\">\n<li>Aqueduc d'\u00c9vora et Ecopista<\/li>\n\n\n\n<li>Monsaraz <\/li>\n<\/ul>\n\n\n\n<hr class=\"wp-block-separator has-css-opacity\"\/>\n\n\n\n<h3 class=\"wp-block-heading\">Sud du Portugal : Algarve, Costa Vicentina et Guadiana<\/h3>\n\n\n\n<p>Les itin\u00e9raires passent par la c\u00f4te sud ensoleill\u00e9e, la c\u00f4te accident\u00e9e de la Vicentina, les montagnes de Monchique et les villages traditionnels de l'est de l'Algarve.  <\/p>\n\n\n\n<ul class=\"wp-block-list\">\n<li>Route de la plage d'Odeceixe <\/li>\n\n\n\n<li>Cap S\u00e3o Vicente<\/li>\n\n\n\n<li>Rota das Cascatas, Monchique<\/li>\n\n\n\n<li>Trilho da F\u00f3ia, Monchique<\/li>\n\n\n\n<li>Pulo do Lobo, Guadiana<\/li>\n\n\n\n<li>GR23<\/li>\n\n\n\n<li>Serra do Caldeir\u00e3o, Parizes <\/li>\n\n\n\n<li>Via Algarviana (GR13) Grand itin\u00e9raire de randonn\u00e9e \u00e0 travers les montagnes de l'Algarve et l'Algarve rural.&nbsp;<br><\/li>\n<\/ul>\n\n\n\n<h4 class=\"wp-block-heading\">Algarve orientale<\/h4>\n\n\n\n<ul class=\"wp-block-list\">\n<li>Canyons<\/li>\n\n\n\n<li>Mina e Albufeira<\/li>\n\n\n\n<li>Chemin de Masmorra<\/li>\n\n\n\n<li>Cerro dos Negros<\/li>\n\n\n\n<li>Printemps de Ben\u00e9mola<\/li>\n\n\n\n<li>Rocha da Pena<\/li>\n\n\n\n<li>Ch\u00e2teau de Paderne <\/li>\n<\/ul>\n\n\n\n<h4 class=\"wp-block-heading\">R\u00e9gion centrale<\/h4>\n\n\n\n<ul class=\"wp-block-list\">\n<li>Sentier Levada <\/li>\n\n\n\n<li>Fonte Santa<\/li>\n\n\n\n<li>Boucle Monchique-F\u00f3ia<\/li>\n\n\n\n<li>De Caldas de Monchique \u00e0 Picota et \u00e0 Monchique<\/li>\n\n\n\n<li>Circulaire F\u00f3ia-Penedo do Buraco <\/li>\n\n\n\n<li>Cascade circulaire de Barbelote <\/li>\n\n\n\n<li> Marmelete circulaire <\/li>\n\n\n\n<li>Barragem da Bravura<\/li>\n\n\n\n<li>Sentier artistique de Bar\u00e3o de S\u00e3o Jo\u00e3o<\/li>\n\n\n\n<li>Circulaire vers la for\u00eat Bar\u00e3o de S\u00e3o Jo\u00e3o<\/li>\n<\/ul>\n\n\n\n<h4 class=\"wp-block-heading\">C\u00f4te sud<\/h4>\n\n\n\n<ul class=\"wp-block-list\">\n<li>D'Albufeira \u00e0 Gal\u00e9<\/li>\n\n\n\n<li>De Praia do Vale do Olival \u00e0 Praia da Marinha<\/li>\n\n\n\n<li>Praia da Marinha a Praia Vale de Centeanes<\/li>\n\n\n\n<li>Praia Vale de Centeanes a Ferragudo<\/li>\n\n\n\n<li>Praia do Barranco das Canas Promenade c\u00f4ti\u00e8re <\/li>\n\n\n\n<li>Promenade d'Alvor<\/li>\n\n\n\n<li>Des lacs \u00e0 la lumi\u00e8re<\/li>\n\n\n\n<li>De la lumi\u00e8re \u00e0 Salema<\/li>\n\n\n\n<li>De Salema \u00e0 Sagres<\/li>\n\n\n\n<li>De Sagres \u00e0 Cabo de S\u00e3o Vicente<\/li>\n<\/ul>\n\n\n\n<h4 class=\"wp-block-heading\">Costa Vicentina<\/h4>\n\n\n\n<ul class=\"wp-block-list\">\n<li>Cap circulaire de S\u00e3o Vicente-Praia do Telheiro <\/li>\n\n\n\n<li>Circulaire Castelejo <\/li>\n\n\n\n<li>Circulaire Carrapateira <\/li>\n\n\n\n<li>Bordeira circulaire <\/li>\n\n\n\n<li>Circulaire Fortaleza da Arrifana <\/li>\n\n\n\n<li>Circulaire Praia da Amoreira <\/li>\n<\/ul>\n\n\n\n<hr class=\"wp-block-separator has-css-opacity\"\/>\n\n\n\n<h3 class=\"wp-block-heading\">Mad\u00e8re et Porto Santo <\/h3>\n\n\n\n<p>Des excursions d'une journ\u00e9e permettent d'explorer le r\u00e9seau de levadas de Mad\u00e8re, ainsi que des itin\u00e9raires \u00e0 travers des montagnes escarp\u00e9es et accident\u00e9es, avec des pentes rocheuses d\u00e9nud\u00e9es ou des for\u00eats de lauriers. L'\u00eele voisine de Porto Santo offre \u00e9galement des randonn\u00e9es faciles et une plage de sable.<\/p>\n\n\n\n<p>Le terrain accident\u00e9 de Mad\u00e8re ne se pr\u00eatant pas facilement aux randonn\u00e9es circulaires, de nombreux itin\u00e9raires sont lin\u00e9aires. Toutefois, la plupart sont accessibles par les transports publics et il est possible de relier les itin\u00e9raires pour cr\u00e9er des sorties plus longues et des excursions de plusieurs jours. <\/p>\n\n\n\n<p>Avec un climat favorable et des paysages \u00e9poustouflants, Mad\u00e8re est une destination fantastique pour les randonn\u00e9es. <\/p>\n\n\n\n<p>Les itin\u00e9raires pr\u00e9sent\u00e9s dans ce guide sont r\u00e9partis sur l'ensemble de l'\u00eele, et les visiteurs peuvent choisir de s'installer dans la capitale, Funchal, ou dans l'une des nombreuses petites villes et villages. <\/p>\n\n\n\n<p>Des vols r\u00e9guliers et des ferries relient Mad\u00e8re \u00e0 Porto Santo, qui dispose d'une plage de sable exceptionnelle et d'une route agr\u00e9able et facile.  <\/p>\n\n\n\n<h4 class=\"wp-block-heading\">Mad\u00e8re Est<\/h4>\n\n\n\n<ul class=\"wp-block-list\">\n<li>Levada dos Tornos : Monte a Camacha<\/li>\n\n\n\n<li>Levada dos Tornos : Camacha a Quatro Estradas<\/li>\n\n\n\n<li>Levada da Serra : Campo do Pomar a Camacha<\/li>\n\n\n\n<li>Levada da Serra : Camacha a Santo da Serra<\/li>\n\n\n\n<li>Levada Nova de Santo da Serra<\/li>\n\n\n\n<li>Baia d'Abra et Ponta de S\u00e3o Louren\u00e7o<\/li>\n\n\n\n<li>Levada do Cani\u00e7al : de Maro\u00e7os \u00e0 Cani\u00e7al<\/li>\n\n\n\n<li>Levada da Portela : Santo da Serra a Portela<\/li>\n\n\n\n<li>Vereda das Funduras : Portela a Maro\u00e7os<\/li>\n\n\n\n<li>C\u00f4te nord : de Porto da Cruz \u00e0 Ribeira Seca<\/li>\n<\/ul>\n\n\n\n<h4 class=\"wp-block-heading\">De Funchal \u00e0 Santana<\/h4>\n\n\n\n<ul class=\"wp-block-list\">\n<li>Sentier Penha d'\u00c1guia<\/li>\n\n\n\n<li>Levada do Furado : de Portela \u00e0 Ribeiro Frio<\/li>\n\n\n\n<li>Caminho Velha : de Poiso \u00e0 Porto da Cruz<\/li>\n\n\n\n<li>Faj\u00e3 da Nogueira et Levada da Serra<\/li>\n\n\n\n<li>Caminho Velha : Poiso a Santana<\/li>\n\n\n\n<li>Levada do Barreiro : Po\u00e7o da Neve a Monte<\/li>\n\n\n\n<li>Levada da Negra : Po\u00e7o da Neve a Barreira<\/li>\n\n\n\n<li>Levada do Curral : Curral das Freiras a Funchal<\/li>\n\n\n\n<li>Levada dos Piornais : Lombada a Funchal<\/li>\n<\/ul>\n\n\n\n<h4 class=\"wp-block-heading\">La haute montagne<\/h4>\n\n\n\n<ul class=\"wp-block-list\">\n<li>De Boca da Encumeada \u00e0 Achada do Teixeira<\/li>\n\n\n\n<li>De Boca da Encumeada \u00e0 Curral das Freiras<\/li>\n\n\n\n<li>Pico do Cedro et Pico do Areeiro<\/li>\n\n\n\n<li>De Pico do Areeiro \u00e0 Pico Ruivo<\/li>\n\n\n\n<li>Pico Ruivo, Vale da Lapa et Ilha<\/li>\n\n\n\n<li>Pico Ruivo, Queimadas et Santana<\/li>\n\n\n\n<li>Levada do Caldeir\u00e3o Verde depuis le Pico das Pedras<\/li>\n\n\n\n<li>Levada do Rei de Quebradas<\/li>\n\n\n\n<li>Santana, Calhau et S\u00e3o Jorge<\/li>\n\n\n\n<li>Boca da Encumeada et Pico Grande<\/li>\n\n\n\n<li>Colmeal et Pico Grande<\/li>\n\n\n\n<li>De Faj\u00e3 dos Cardos \u00e0 Faj\u00e3 do Penedo<\/li>\n\n\n\n<li>Boca da Encumeada a Colmeal<\/li>\n<\/ul>\n\n\n\n<h4 class=\"wp-block-heading\">Jardim Da Serra<\/h4>\n\n\n\n<ul class=\"wp-block-list\">\n<li>Boca da Encumeada a Marco e Fonte<\/li>\n\n\n\n<li>Boca da Corrida et Curral das Freiras<\/li>\n\n\n\n<li>Boca dos Namorados et Curral das Freiras<\/li>\n\n\n\n<li>Marco e Fonte a Fontes<\/li>\n\n\n\n<li>Terreiros de Boca da Corrida<\/li>\n\n\n\n<li>Crista do Espig\u00e3o de Fontes<\/li>\n\n\n\n<li>Faj\u00e3 da Ribeira, Levada Norte et Boa Morte<\/li>\n\n\n\n<li>Levada do Norte : de Boa Morte \u00e0 Estreito de C\u00e2mara de Lobos<\/li>\n<\/ul>\n\n\n\n<h4 class=\"wp-block-heading\">Paul Da Serra<\/h4>\n\n\n\n<ul class=\"wp-block-list\">\n<li>Pico Ruivo do Pa\u00fal da Serra depuis Estanquinhos<\/li>\n\n\n\n<li>Raba\u00e7al, Levada do Risco et 25 Fontes<\/li>\n\n\n\n<li>Levada do Pa\u00fal : Raba\u00e7al a Cristo Rei<\/li>\n\n\n\n<li>Levada das Raba\u00e7as et Cascalho<\/li>\n\n\n\n<li>Caminho do Pin\u00e1culo e Folhadal<\/li>\n\n\n\n<li>Levada dos Cedros : Fanal a Ribeira da Janela<\/li>\n\n\n\n<li>Levada da Janela : de Fonte do Bispo \u00e0 Porto Moniz<\/li>\n<\/ul>\n\n\n\n<h4 class=\"wp-block-heading\">Mad\u00e8re occidentale<\/h4>\n\n\n\n<ul class=\"wp-block-list\">\n<li>De Ponta do Pargo \u00e0 Fonte do Bispo<\/li>\n\n\n\n<li>Levada do Moinho : Tornadouro a Ribeira da Cruz<\/li>\n\n\n\n<li>Levada da Calheta - Ponta do Pargo \u00e0 Ponta do Pargo<\/li>\n\n\n\n<li>Levada da Calheta - Ponta do Pargo a Praz\u00e9res<\/li>\n\n\n\n<li>Caminho Real : Praz\u00e9res a Pa\u00fal do Mar<\/li>\n\n\n\n<li>Levada da Calheta - Ponta do Pargo \u00e0 Lombo dos Faias<\/li>\n\n\n\n<li>Levada da Calheta - Ponta do Sol \u00e0 Ponta do Sol<\/li>\n\n\n\n<li>Levada Nova et Levada do Moinho depuis Ponta do Sol<\/li>\n\n\n\n<li>Levada Nova : Jang\u00e3o a Ribeira Brava<\/li>\n\n\n\n<li>De Lombo do Mouro \u00e0 Ribeira Brava<\/li>\n<\/ul>\n\n\n\n<h4 class=\"wp-block-heading\">Porto Santo<\/h4>\n\n\n\n<ul class=\"wp-block-list\">\n<li>Pico do Castelo, Pico do Facho et Pico Branco<\/li>\n\n\n\n<li>Campo de Baixo, B\u00e1rbara Gomes et Eiras<\/li>\n\n\n\n<li>Ponta, Pico de Ana Ferreira, Pico do Espig\u00e3o et Calheta<\/li>\n\n\n\n<li>Croisi\u00e8re Ilhas Desertas (croisi\u00e8re d'une journ\u00e9e vers les \u00eeles Desertas, inhabit\u00e9es et situ\u00e9es \u00e0 proximit\u00e9)<\/li>\n<\/ul>\n\n\n\n<hr class=\"wp-block-separator has-css-opacity\"\/>\n\n\n\n<h2 class=\"wp-block-heading\"><a href=\"https:\/\/travesiapirenaica.com\/fr\/camino-portugais-santiago\/\" target=\"_blank\" rel=\"noreferrer noopener\" aria-label=\"La voie portugaise &quot; (ouvre un nouvel onglet)\">La voie portugaise \" <\/a><\/h2>\n\n\n\n<hr class=\"wp-block-separator has-css-opacity\"\/>\n\n\n\n<p>Le Chemin portugais est un itin\u00e9raire de 620 km qui relie Lisbonne, la capitale du Portugal, \u00e0 Saint-Jacques-de-Compostelle, en Espagne. Il existe deux options avec environ 25 \u00e9tapes le long du chemin. L'une se d\u00e9roule \u00e0 l'int\u00e9rieur des terres, l'autre le long de la c\u00f4te. Dans les deux cas, vous d\u00e9couvrirez une grande diversit\u00e9 de paysages et de sites historiques et religieux. Sur le <strong><a href=\"https:\/\/travesiapirenaica.com\/fr\/camino-portugais-santiago\/\" target=\"_blank\" rel=\"noreferrer noopener\" aria-label=\" (s&#039;ouvre dans un nouvel onglet)\">guide suivant <\/a><\/strong>des informations sur la pr\u00e9paration, la planification et l'h\u00e9bergement seront disponibles.<\/p>\n\n\n\n<hr class=\"wp-block-separator has-css-opacity\"\/>","protected":false},"excerpt":{"rendered":"Vous pouvez \u00eatre int\u00e9ress\u00e9 par : Les meilleurs itin\u00e9raires de trekking en Europe \" Le Portugal est travers\u00e9 par de nombreux...","protected":false},"author":1,"featured_media":0,"comment_status":"closed","ping_status":"closed","sticky":false,"template":"","format":"standard","meta":{"_kad_blocks_custom_css":"","_kad_blocks_head_custom_js":"","_kad_blocks_body_custom_js":"","_kad_blocks_footer_custom_js":"","episode_type":"audio","audio_file":"","podmotor_file_id":"","podmotor_episode_id":"","cover_image":"","cover_image_id":"","duration":"","filesize":"","filesize_raw":"","date_recorded":"","explicit":"","block":"","_kad_post_transparent":"","_kad_post_title":"","_kad_post_layout":"","_kad_post_sidebar_id":"","_kad_post_content_style":"","_kad_post_vertical_padding":"","_kad_post_feature":"","_kad_post_feature_position":"","_kad_post_header":false,"_kad_post_footer":false,"_kad_post_classname":"","_jetpack_memberships_contains_paid_content":false,"footnotes":""},"categories":[2933],"tags":[3038],"series":[],"class_list":["post-16459","post","type-post","status-publish","format-standard","hentry","category-europa","tag-madeira"],"episode_featured_image":false,"episode_player_image":"https:\/\/travesiapirenaica.com\/wp-content\/uploads\/2017\/12\/Caratula-Podcast-Maldita-Montana_1500x1500_72pp-p_.jpg","download_link":"","player_link":"","audio_player":false,"episode_data":{"playerMode":"dark","subscribeUrls":[],"rssFeedUrl":"https:\/\/travesiapirenaica.com\/fr\/feed\/podcast\/maldita-montana","embedCode":"<blockquote class=\"wp-embedded-content\" data-secret=\"rT7GkEZfbN\"><a href=\"https:\/\/travesiapirenaica.com\/fr\/trekking-portugal\/\">Las mejores rutas de trekking en Portugal<\/a><\/blockquote><iframe sandbox=\"allow-scripts\" security=\"restricted\" src=\"https:\/\/travesiapirenaica.com\/fr\/trekking-portugal\/embed\/#?secret=rT7GkEZfbN\" width=\"500\" height=\"350\" title=\"\u00ab\u00a0Las mejores rutas de trekking en Portugal\u00a0\u00bb &#8212; Traves\u00eda.\" data-secret=\"rT7GkEZfbN\" frameborder=\"0\" marginwidth=\"0\" marginheight=\"0\" scrolling=\"no\" class=\"wp-embedded-content\"><\/iframe><script>\n\/*! This file is auto-generated *\/\n!function(d,l){\"use strict\";l.querySelector&&d.addEventListener&&\"undefined\"!=typeof URL&&(d.wp=d.wp||{},d.wp.receiveEmbedMessage||(d.wp.receiveEmbedMessage=function(e){var t=e.data;if((t||t.secret||t.message||t.value)&&!\/[^a-zA-Z0-9]\/.test(t.secret)){for(var s,r,n,a=l.querySelectorAll('iframe[data-secret=\"'+t.secret+'\"]'),o=l.querySelectorAll('blockquote[data-secret=\"'+t.secret+'\"]'),c=new RegExp(\"^https?:$\",\"i\"),i=0;i<o.length;i++)o[i].style.display=\"none\";for(i=0;i<a.length;i++)s=a[i],e.source===s.contentWindow&&(s.removeAttribute(\"style\"),\"height\"===t.message?(1e3<(r=parseInt(t.value,10))?r=1e3:~~r<200&&(r=200),s.height=r):\"link\"===t.message&&(r=new URL(s.getAttribute(\"src\")),n=new URL(t.value),c.test(n.protocol))&&n.host===r.host&&l.activeElement===s&&(d.top.location.href=t.value))}},d.addEventListener(\"message\",d.wp.receiveEmbedMessage,!1),l.addEventListener(\"DOMContentLoaded\",function(){for(var e,t,s=l.querySelectorAll(\"iframe.wp-embedded-content\"),r=0;r<s.length;r++)(t=(e=s[r]).getAttribute(\"data-secret\"))||(t=Math.random().toString(36).substring(2,12),e.src+=\"#?secret=\"+t,e.setAttribute(\"data-secret\",t)),e.contentWindow.postMessage({message:\"ready\",secret:t},\"*\")},!1)))}(window,document);\n\/\/# sourceURL=https:\/\/travesiapirenaica.com\/wp-includes\/js\/wp-embed.min.js\n<\/script>\n"},"taxonomy_info":{"category":[{"value":2933,"label":"Europa"}],"post_tag":[{"value":3038,"label":"Madeira"}]},"featured_image_src_large":false,"author_info":{"display_name":"Traves\u00eda Pirenaica","author_link":"https:\/\/travesiapirenaica.com\/fr\/author\/travesia-pirenaica\/"},"comment_info":0,"category_info":[{"term_id":2933,"name":"Europa","slug":"europa","term_group":0,"term_taxonomy_id":2949,"taxonomy":"category","description":"Europa","parent":18,"count":72,"filter":"raw","cat_ID":2933,"category_count":72,"category_description":"Europa","cat_name":"Europa","category_nicename":"europa","category_parent":18}],"tag_info":[{"term_id":3038,"name":"Madeira","slug":"madeira","term_group":0,"term_taxonomy_id":3054,"taxonomy":"post_tag","description":"","parent":0,"count":2,"filter":"raw"}],"jetpack_featured_media_url":"","jetpack_sharing_enabled":true,"_links":{"self":[{"href":"https:\/\/travesiapirenaica.com\/fr\/wp-json\/wp\/v2\/posts\/16459","targetHints":{"allow":["GET"]}}],"collection":[{"href":"https:\/\/travesiapirenaica.com\/fr\/wp-json\/wp\/v2\/posts"}],"about":[{"href":"https:\/\/travesiapirenaica.com\/fr\/wp-json\/wp\/v2\/types\/post"}],"author":[{"embeddable":true,"href":"https:\/\/travesiapirenaica.com\/fr\/wp-json\/wp\/v2\/users\/1"}],"replies":[{"embeddable":true,"href":"https:\/\/travesiapirenaica.com\/fr\/wp-json\/wp\/v2\/comments?post=16459"}],"version-history":[{"count":0,"href":"https:\/\/travesiapirenaica.com\/fr\/wp-json\/wp\/v2\/posts\/16459\/revisions"}],"wp:attachment":[{"href":"https:\/\/travesiapirenaica.com\/fr\/wp-json\/wp\/v2\/media?parent=16459"}],"wp:term":[{"taxonomy":"category","embeddable":true,"href":"https:\/\/travesiapirenaica.com\/fr\/wp-json\/wp\/v2\/categories?post=16459"},{"taxonomy":"post_tag","embeddable":true,"href":"https:\/\/travesiapirenaica.com\/fr\/wp-json\/wp\/v2\/tags?post=16459"},{"taxonomy":"series","embeddable":true,"href":"https:\/\/travesiapirenaica.com\/fr\/wp-json\/wp\/v2\/series?post=16459"}],"curies":[{"name":"wp","href":"https:\/\/api.w.org\/{rel}","templated":true}]}}