{"id":17144,"date":"2014-06-24T16:28:08","date_gmt":"2014-06-24T14:28:08","guid":{"rendered":"https:\/\/travesiapirenaica.com\/?p=17144"},"modified":"2021-10-20T17:50:07","modified_gmt":"2021-10-20T15:50:07","slug":"traces-des-caps-martinique","status":"publish","type":"post","link":"https:\/\/travesiapirenaica.com\/fr\/traces-des-caps-martinica\/","title":{"rendered":"Traces Des Caps - Martinique"},"content":{"rendered":"<p>La Trace des Caps est un sentier de randonn\u00e9e situ\u00e9 \u00e0 la pointe sud des Antilles fran\u00e7aises. D'une longueur de 27 km, c'est le plus long sentier de l'\u00eele. Il peut \u00eatre parcouru en 2 ou 3 jours. <\/p>\n\n\n\n<h2 class=\"wp-block-heading\"><em><strong>Guide pratique du randonneur<\/strong><\/em><\/h2>\n\n\n\n<p>L'itin\u00e9raire peut \u00eatre r\u00e9alis\u00e9 de diff\u00e9rentes mani\u00e8res, en fonction des conditions dans lesquelles il doit \u00eatre effectu\u00e9. L'itin\u00e9raire peut \u00eatre r\u00e9alis\u00e9 en une journ\u00e9e, en marchant le matin et en s'arr\u00eatant le soir pendant les heures les plus ensoleill\u00e9es de la journ\u00e9e. Il est \u00e9galement possible de marcher environ 4 heures par jour, de profiter de la plage l'apr\u00e8s-midi, de camper et de terminer le lendemain matin.  <\/p>\n\n\n\n<p>Il est pr\u00e9f\u00e9rable de faire la visite en semaine. De cette fa\u00e7on, l'exp\u00e9rience est meilleure car il y a moins de monde sur le circuit. De plus, m\u00eame les plages les plus populaires de la r\u00e9gion peuvent \u00eatre vides. Quant aux plages, elles sont de sable blanc et d'eau turquoise et sont bord\u00e9es de cocotiers.  <\/p>\n\n\n\n<p>La langue pr\u00e9dominante sur l'\u00eele est le fran\u00e7ais, et la connaissance de l'anglais ne suffit pas pour communiquer avec les insulaires. Il est n\u00e9cessaire d'avoir une connaissance de base de l'anglais ou d'emporter un outil pour communiquer.<\/p>\n\n\n\n<p>Il peut \u00eatre divis\u00e9 en 6 phases diff\u00e9rentes : Petit Macobou - Cap Macr\u00e9, Cap Macr\u00e9 -Cap Chevalier, Cap Chevalier - Baie des Anglais, Baie des Anglais - Anse Trabud, Anse Trabud - Salines, Salines -Anse Caritan.  <\/p>\n\n\n\n<p>Pour se rendre \u00e0 Petit Macobou, il faut avoir une voiture et emprunter une piste \u00e0 environ 4 km au sud du Vauclin. Vous pouvez vous garer sur le parking de la plage. Si vous souhaitez faire l'itin\u00e9raire en plusieurs \u00e9tapes, il y a diff\u00e9rents parkings \u00e0 diff\u00e9rentes \u00e9tapes de l'itin\u00e9raire.  <\/p>\n\n\n\n<p>L'itin\u00e9raire se termine au village de Saint Anne, qui compte 4 plages, dont la derni\u00e8re est l'Anse Caritan.  <\/p>\n\n\n\n<p>L'itin\u00e9raire n'est pas du tout compliqu\u00e9 car il est bien balis\u00e9. La partie la plus compliqu\u00e9e se situe \u00e0 l'Anse Trabaud, car il faut traverser une zone humide et il peut \u00eatre un peu difficile de trouver l'itin\u00e9raire \u00e0 cet endroit.  <\/p>\n\n\n\n<h2 class=\"wp-block-heading\"><em><strong>Conseils aux randonneurs<\/strong><\/em><\/h2>\n\n\n\n<p>Comme il n'y a pas de services sur l'itin\u00e9raire, les randonneurs devront porter tout l'\u00e9quipement n\u00e9cessaire. Cela comprend, d'une part, tout ce qui est n\u00e9cessaire pour camper et cuisiner. Au moment de manger, il faudra emporter toute la nourriture, aussi bien pour cuisiner que pour manger \u00e0 tout moment. De l'eau ou des boissons seront \u00e9galement n\u00e9cessaires. Au moins 3 litres d'eau seront n\u00e9cessaires pour faire face \u00e0 l'itin\u00e9raire. Il n'y a aucune source d'eau ni aucun type d'eau potable le long de la route, il est donc extr\u00eamement n\u00e9cessaire de l'inclure dans vos bagages.  <\/p>\n\n\n\n<p>En ce qui concerne l'habillement, comme il s'agit d'une r\u00e9gion c\u00f4ti\u00e8re et d'une zone tropicale, des v\u00eatements amples seront appropri\u00e9s. Il est probable qu'il y ait un grand nombre d'insectes, donc les v\u00eatements \u00e0 manches longues aideront \u00e0 \u00e9viter les piq\u00fbres. Une moustiquaire peut \u00e9galement \u00eatre incluse pour vous aider \u00e0 vous reposer pendant la nuit et les premi\u00e8res et derni\u00e8res heures de la journ\u00e9e. Les nuits sont rarement d'une telle qualit\u00e9 et les orages sont occasionnels ; des v\u00eatements imperm\u00e9ables vous prot\u00e9geront contre les orages.  <\/p>\n\n\n\n<p>L'itin\u00e9raire \u00e9tant isol\u00e9 de toute civilisation, il est important d'emporter un appareil afin de pouvoir \u00eatre secouru rapidement si l'on se perd ou si l'on est bless\u00e9. Les appareils GPS sont la meilleure option, car ils permettent aux h\u00e9licopt\u00e8res ou aux \u00e9quipes de recherche d'acc\u00e9der tr\u00e8s rapidement \u00e0 la zone dans laquelle vous vous trouvez.  <\/p>\n\n\n\n<p>Il est important de pr\u00e9parer le voyage \u00e0 l'avance. Comme il s'agit d'une \u00eele pratiquement d\u00e9serte, il faudra avoir pr\u00e9par\u00e9 le transport pour se rendre sur l'\u00eele, l'h\u00e9bergement sur place et le transfert vers la zone de l'itin\u00e9raire.  <\/p>\n\n\n\n<p>Il s'agit d'un itin\u00e9raire assez simple car il n'y a pas de pente et il est assez facile \u00e0 suivre. Cependant, les conditions pour pouvoir le faire le rendent difficile. Le manque de nourriture et de boisson, le manque d'h\u00e9bergement, les temp\u00e9ratures \u00e9lev\u00e9es et la quantit\u00e9 d'insectes qui peuvent \u00eatre pr\u00e9sents signifient que tout le monde ne peut pas faire face \u00e0 l'itin\u00e9raire.  <\/p>\n\n\n\n<p>Une autre option qui pourrait \u00eatre envisag\u00e9e pour rendre l'itin\u00e9raire un peu plus facile est de se reposer dans la ville de la Martinique. Vous pourriez faire la moiti\u00e9 de l'itin\u00e9raire un jour, revenir \u00e0 la ville et terminer l'itin\u00e9raire \u00e0 partir de l'endroit o\u00f9 vous l'avez termin\u00e9 le deuxi\u00e8me jour. Il serait ainsi plus facile de se reposer et de ne pas avoir \u00e0 porter autant de poids.  <\/p>","protected":false},"excerpt":{"rendered":"La Trace des Caps est un itin\u00e9raire de randonn\u00e9e situ\u00e9 \u00e0 l'extr\u00e9mit\u00e9 de la...","protected":false},"author":1,"featured_media":0,"comment_status":"closed","ping_status":"closed","sticky":false,"template":"","format":"image","meta":{"_kad_blocks_custom_css":"","_kad_blocks_head_custom_js":"","_kad_blocks_body_custom_js":"","_kad_blocks_footer_custom_js":"","episode_type":"","audio_file":"","podmotor_file_id":"","podmotor_episode_id":"","cover_image":"","cover_image_id":"","duration":"","filesize":"","filesize_raw":"","date_recorded":"","explicit":"","block":"","_kad_post_transparent":"","_kad_post_title":"","_kad_post_layout":"","_kad_post_sidebar_id":"","_kad_post_content_style":"","_kad_post_vertical_padding":"","_kad_post_feature":"","_kad_post_feature_position":"","_kad_post_header":false,"_kad_post_footer":false,"_kad_post_classname":"","_jetpack_memberships_contains_paid_content":false,"footnotes":""},"categories":[2936],"tags":[],"series":[],"class_list":["post-17144","post","type-post","status-publish","format-image","hentry","category-america-central","post_format-post-format-image"],"episode_featured_image":false,"episode_player_image":"https:\/\/travesiapirenaica.com\/wp-content\/uploads\/2017\/12\/Caratula-Podcast-Maldita-Montana_1500x1500_72pp-p_.jpg","download_link":"","player_link":"","audio_player":false,"episode_data":{"playerMode":"dark","subscribeUrls":[],"rssFeedUrl":"https:\/\/travesiapirenaica.com\/fr\/feed\/podcast\/maldita-montana","embedCode":"<blockquote class=\"wp-embedded-content\" data-secret=\"uEKferdeSI\"><a href=\"https:\/\/travesiapirenaica.com\/fr\/traces-des-caps-martinica\/\">Traces Des Caps &#8211; Martinica<\/a><\/blockquote><iframe sandbox=\"allow-scripts\" security=\"restricted\" src=\"https:\/\/travesiapirenaica.com\/fr\/traces-des-caps-martinica\/embed\/#?secret=uEKferdeSI\" width=\"500\" height=\"350\" title=\"\u00ab\u00a0Traces Des Caps &#8211; Martinica\u00a0\u00bb &#8212; Traves\u00eda.\" data-secret=\"uEKferdeSI\" frameborder=\"0\" marginwidth=\"0\" marginheight=\"0\" scrolling=\"no\" class=\"wp-embedded-content\"><\/iframe><script>\n\/*! This file is auto-generated *\/\n!function(d,l){\"use strict\";l.querySelector&&d.addEventListener&&\"undefined\"!=typeof URL&&(d.wp=d.wp||{},d.wp.receiveEmbedMessage||(d.wp.receiveEmbedMessage=function(e){var t=e.data;if((t||t.secret||t.message||t.value)&&!\/[^a-zA-Z0-9]\/.test(t.secret)){for(var s,r,n,a=l.querySelectorAll('iframe[data-secret=\"'+t.secret+'\"]'),o=l.querySelectorAll('blockquote[data-secret=\"'+t.secret+'\"]'),c=new RegExp(\"^https?:$\",\"i\"),i=0;i<o.length;i++)o[i].style.display=\"none\";for(i=0;i<a.length;i++)s=a[i],e.source===s.contentWindow&&(s.removeAttribute(\"style\"),\"height\"===t.message?(1e3<(r=parseInt(t.value,10))?r=1e3:~~r<200&&(r=200),s.height=r):\"link\"===t.message&&(r=new URL(s.getAttribute(\"src\")),n=new URL(t.value),c.test(n.protocol))&&n.host===r.host&&l.activeElement===s&&(d.top.location.href=t.value))}},d.addEventListener(\"message\",d.wp.receiveEmbedMessage,!1),l.addEventListener(\"DOMContentLoaded\",function(){for(var e,t,s=l.querySelectorAll(\"iframe.wp-embedded-content\"),r=0;r<s.length;r++)(t=(e=s[r]).getAttribute(\"data-secret\"))||(t=Math.random().toString(36).substring(2,12),e.src+=\"#?secret=\"+t,e.setAttribute(\"data-secret\",t)),e.contentWindow.postMessage({message:\"ready\",secret:t},\"*\")},!1)))}(window,document);\n\/\/# sourceURL=https:\/\/travesiapirenaica.com\/wp-includes\/js\/wp-embed.min.js\n<\/script>\n"},"taxonomy_info":{"category":[{"value":2936,"label":"Am\u00e9rica Central"}]},"featured_image_src_large":false,"author_info":{"display_name":"Traves\u00eda Pirenaica","author_link":"https:\/\/travesiapirenaica.com\/fr\/author\/travesia-pirenaica\/"},"comment_info":0,"category_info":[{"term_id":2936,"name":"Am\u00e9rica Central","slug":"america-central","term_group":0,"term_taxonomy_id":2952,"taxonomy":"category","description":"Am\u00e9rica Central","parent":18,"count":8,"filter":"raw","cat_ID":2936,"category_count":8,"category_description":"Am\u00e9rica Central","cat_name":"Am\u00e9rica Central","category_nicename":"america-central","category_parent":18}],"tag_info":false,"jetpack_featured_media_url":"","jetpack_sharing_enabled":true,"_links":{"self":[{"href":"https:\/\/travesiapirenaica.com\/fr\/wp-json\/wp\/v2\/posts\/17144","targetHints":{"allow":["GET"]}}],"collection":[{"href":"https:\/\/travesiapirenaica.com\/fr\/wp-json\/wp\/v2\/posts"}],"about":[{"href":"https:\/\/travesiapirenaica.com\/fr\/wp-json\/wp\/v2\/types\/post"}],"author":[{"embeddable":true,"href":"https:\/\/travesiapirenaica.com\/fr\/wp-json\/wp\/v2\/users\/1"}],"replies":[{"embeddable":true,"href":"https:\/\/travesiapirenaica.com\/fr\/wp-json\/wp\/v2\/comments?post=17144"}],"version-history":[{"count":0,"href":"https:\/\/travesiapirenaica.com\/fr\/wp-json\/wp\/v2\/posts\/17144\/revisions"}],"wp:attachment":[{"href":"https:\/\/travesiapirenaica.com\/fr\/wp-json\/wp\/v2\/media?parent=17144"}],"wp:term":[{"taxonomy":"category","embeddable":true,"href":"https:\/\/travesiapirenaica.com\/fr\/wp-json\/wp\/v2\/categories?post=17144"},{"taxonomy":"post_tag","embeddable":true,"href":"https:\/\/travesiapirenaica.com\/fr\/wp-json\/wp\/v2\/tags?post=17144"},{"taxonomy":"series","embeddable":true,"href":"https:\/\/travesiapirenaica.com\/fr\/wp-json\/wp\/v2\/series?post=17144"}],"curies":[{"name":"wp","href":"https:\/\/api.w.org\/{rel}","templated":true}]}}