{"id":1717,"date":"2016-12-05T18:22:18","date_gmt":"2016-12-05T17:22:18","guid":{"rendered":"http:\/\/travesiapirenaica.com\/?p=1717"},"modified":"2021-08-10T10:58:01","modified_gmt":"2021-08-10T08:58:01","slug":"pirineo-lovers-juanjo-garbizu-monterapia-monterapia-slow-mountain","status":"publish","type":"post","link":"https:\/\/travesiapirenaica.com\/fr\/pirineo-lovers-juanjo-garbizu-monterapia-slow-mountain\/","title":{"rendered":"Amoureux des Pyr\u00e9n\u00e9es : Juanjo Garbizu &amp; Slow Mountain"},"content":{"rendered":"<p><a href=\"http:\/\/travesiapirenaica.com\/wp-content\/uploads\/2016\/12\/juanjo-slow-mountain_1024x680.jpg\"><img loading=\"lazy\" decoding=\"async\" class=\"size-full wp-image-2399\" src=\"http:\/\/travesiapirenaica.com\/wp-content\/uploads\/2016\/12\/juanjo-slow-mountain_1024x680.jpg\" alt=\"Juanjo Garbizu Slow Mountain Monterapia\" width=\"1024\" height=\"680\" \/><\/a><\/p>\n<p><!--more--><\/p>\n<p>Il y a quelques semaines, nous avons eu l'occasion de co\u00efncider avec la <strong>l'alpiniste et \u00e9crivain Juanjo Garbizu<\/strong> lors de sa visite \u00e0 Pamplona-Iru\u00f1a pour pr\u00e9senter son dernier livre <em><strong>\u2018<a href=\"https:\/\/www.amazon.es\/gp\/product\/8494362771\/ref=as_li_tf_tl?ie=UTF8&amp;camp=3626&amp;creative=24790&amp;creativeASIN=8494362771&amp;linkCode=as2&amp;tag=travesiapiren-21\" target=\"_blank\" rel=\"nofollow noopener\">Montagne lente <\/a>parce qu'en montagne le temps s'arr\u00eate\".<\/strong><\/em>. Apr\u00e8s le titre pr\u00e9c\u00e9dent <strong><a href=\"https:\/\/www.amazon.es\/gp\/product\/8493870277\/ref=as_li_tf_tl?ie=UTF8&amp;camp=3626&amp;creative=24790&amp;creativeASIN=8493870277&amp;linkCode=as2&amp;tag=travesiapiren-21\" rel=\"nofollow noopener\" target=\"_blank\">Monterapia <\/a><img loading=\"lazy\" decoding=\"async\" style=\"border: none !important; margin: 0px !important;\" src=\"http:\/\/ir-es.amazon-adsystem.com\/e\/ir?t=travesiapiren-21&amp;l=as2&amp;o=30&amp;a=8493870277\" alt=\"\" width=\"1\" height=\"1\" border=\"0\" \/><\/strong>Juanjo continue de transmettre sa passion et sa philosophie de la montagne.<\/p>\n<p>Outre cette facette de son \"sur papier\", Juanjo a d\u00e9j\u00e0 eu une longue carri\u00e8re dans le monde de la musique. <em>en ligne<\/em> avec son site web personnel <strong>mendivideo.com<\/strong> o\u00f9 il partage ses exp\u00e9riences en montagne avec plus de 250 vid\u00e9os.<\/p>\n<p>Nous profitons de l'occasion pour <strong>lui parler de Slow Mountain et de Juanjo Garbizu \u00e0 un niveau personnel.<\/strong>. Voici un micro entretien que nous avons r\u00e9alis\u00e9 avec lui.<\/p>\n<p>&nbsp;<\/p>\n<div align=\"center\"><iframe loading=\"lazy\" src=\"https:\/\/www.youtube.com\/embed\/WQRKN2bHJmk\" width=\"800\" height=\"450\" frameborder=\"0\" allowfullscreen=\"allowfullscreen\"><\/iframe><\/div>\n<p>&nbsp;<\/p>\n<p>Nous avons \u00e9galement parl\u00e9 des Pyr\u00e9n\u00e9es et de l'aventure :<\/p>\n<p>&nbsp;<\/p>\n<h3 style=\"padding-left: 30px;\"><em>Nom : Juanjo Garbizu<\/em><\/h3>\n<h3 style=\"padding-left: 30px;\"><em>Lieu : Donostia (Pays Basque)<\/em><\/h3>\n<h3 style=\"padding-left: 30px;\"><em>Facebook : Monterapia Slow<\/em><\/h3>\n<h3 style=\"padding-left: 30px;\"><em>Sites web : mendivideo.com \/ monterapias.wordpress.com<\/em><\/h3>\n<h3 style=\"padding-left: 30px;\"><\/h3>\n<p>&nbsp;<\/p>\n<h3 style=\"padding-left: 30px;\">D\u00e9finissez-vous dans un tweet :<\/h3>\n<p style=\"padding-left: 30px;\">Passionn\u00e9 par la vie.\u00a0<span class=\"im\"><br \/>\n<\/span><\/p>\n<h3 style=\"padding-left: 30px;\"><\/h3>\n<h3 style=\"padding-left: 30px;\"><a href=\"https:\/\/www.amazon.es\/gp\/product\/8494362771\/ref=as_li_tf_tl?ie=UTF8&amp;camp=3626&amp;creative=24790&amp;creativeASIN=8494362771&amp;linkCode=as2&amp;tag=travesiapiren-21\" target=\"_blank\" rel=\"nofollow noopener\">Montagne lente <\/a><img loading=\"lazy\" decoding=\"async\" style=\"border: none !important; margin: 0px !important;\" src=\"http:\/\/ir-es.amazon-adsystem.com\/e\/ir?t=travesiapiren-21&amp;l=as2&amp;o=30&amp;a=8494362771\" alt=\"\" width=\"1\" height=\"1\" border=\"0\" \/>dans un tweet<\/h3>\n<p style=\"padding-left: 30px;\">Se promener dans les montagnes, sans se presser<\/p>\n<p>&nbsp;<\/p>\n<figure id=\"attachment_1742\" aria-describedby=\"caption-attachment-1742\" style=\"width: 640px\" class=\"wp-caption aligncenter\"><a href=\"http:\/\/travesiapirenaica.com\/wp-content\/uploads\/2016\/12\/Slow-Mountain-1.jpg\" target=\"_blank\" rel=\"attachment noopener wp-att-1742\"><img loading=\"lazy\" decoding=\"async\" class=\"wp-image-1742 size-full\" src=\"http:\/\/travesiapirenaica.com\/wp-content\/uploads\/2016\/12\/Slow-Mountain-1.jpg\" alt=\"Juanjo Garbizu Slow Mountain\" width=\"640\" height=\"352\" \/><\/a><figcaption id=\"caption-attachment-1742\" class=\"wp-caption-text\">Montagne lente \/ Juanjo Garbizu<\/figcaption><\/figure>\n<h3 style=\"padding-left: 30px;\">\u00a0Quel est votre endroit pr\u00e9f\u00e9r\u00e9 dans les Pyr\u00e9n\u00e9es et pourquoi ?<\/h3>\n<p style=\"padding-left: 30px;\">La vall\u00e9e de Sarrios.<\/p>\n<p style=\"padding-left: 30px;\">Parce qu'il s'agit d'un voyage dans le temps et qu'il d\u00e9gage beaucoup de s\u00e9r\u00e9nit\u00e9.<\/p>\n<h3 style=\"padding-left: 30px;\"><\/h3>\n<h3 style=\"padding-left: 30px;\">Qu'est-ce que vous ne pouvez pas laisser \u00e0 la maison ?<em>essentiel<\/em>\u2018 ?<\/h3>\n<p style=\"padding-left: 30px;\">Quand je vais \u00e0 la montagne, la casquette.<\/p>\n<h3 style=\"padding-left: 30px;\"><\/h3>\n<h3 style=\"padding-left: 30px;\">Donnez-nous un conseil pour nos aventures.<\/h3>\n<p style=\"padding-left: 30px;\">Planifiez bien votre itin\u00e9raire et v\u00e9rifiez les conditions m\u00e9t\u00e9orologiques.<\/p>\n<h3 style=\"padding-left: 30px;\"><\/h3>\n<h3 style=\"padding-left: 30px;\">Quelles sont les le\u00e7ons que vous avez tir\u00e9es de la montagne ?<\/h3>\n<p style=\"padding-left: 30px;\">Faire la diff\u00e9rence entre ce qui est n\u00e9cessaire et ce qui est superflu.<\/p>\n<p style=\"padding-left: 30px;\">Ne pas stresser.<\/p>\n<p style=\"padding-left: 30px;\">Profitez intens\u00e9ment de l'instant pr\u00e9sent.<\/p>\n<p style=\"padding-left: 30px;\">\u00a0\u00catre plus cr\u00e9atif et plus intuitif.<\/p>\n<div style=\"padding-left: 30px;\"><\/div>\n<h3 style=\"padding-left: 30px;\">Recommander un film<\/h3>\n<p style=\"padding-left: 30px;\"><em>Dersu Uzala<\/em>. Un hymne \u00e0 l'amiti\u00e9 dans sa nature la plus pure.<\/p>\n<h3 style=\"padding-left: 30px;\"><\/h3>\n<h3 style=\"padding-left: 30px;\">Quelle personne ou quel personnage vous inspire et pourquoi ?<\/h3>\n<p style=\"padding-left: 30px;\">Julio Villar, pour sa fa\u00e7on de vivre la nature en g\u00e9n\u00e9ral et la montagne en particulier.<\/p>\n<h3 dir=\"ltr\" style=\"padding-left: 30px;\"><\/h3>\n<h3 dir=\"ltr\" style=\"padding-left: 30px;\">Livre que vous nous recommanderiez -\u00e0 part Monterapia et Slow Mountain ;)-.<\/h3>\n<div class=\"yj6qo ajU\">\n<div id=\":12o\" class=\"ajR\" style=\"padding-left: 30px;\" tabindex=\"0\" data-tooltip=\"Mostrar contenido reducido\">\u2018<img decoding=\"async\" class=\"ajT\" src=\"https:\/\/ssl.gstatic.com\/ui\/v1\/icons\/mail\/images\/cleardot.gif\" alt=\"\" \/>La m\u00eame ville\" Mart\u00edn, Luisg\u00e9<\/div>\n<\/div>\n<h3 style=\"padding-left: 30px;\"><\/h3>\n<h3 style=\"padding-left: 30px;\">Quelle est l'aventure de votre vie ?<\/h3>\n<p style=\"padding-left: 30px;\">J'esp\u00e8re que c'est encore \u00e0 venir.<\/p>\n<p>&nbsp;<\/p>\n<div class=\"fb-page\" data-href=\"https:\/\/www.facebook.com\/TravesiaPirenaica\" data-width=\"800\" data-hide-cover=\"false\" data-show-facepile=\"true\"><\/div>\n<p>&nbsp;<\/p>\n<p>&nbsp;<\/p>\n<p>&nbsp;<\/p>","protected":false},"excerpt":{"rendered":"","protected":false},"author":1,"featured_media":5281,"comment_status":"closed","ping_status":"closed","sticky":false,"template":"","format":"image","meta":{"_kad_blocks_custom_css":"","_kad_blocks_head_custom_js":"","_kad_blocks_body_custom_js":"","_kad_blocks_footer_custom_js":"","episode_type":"","audio_file":"","podmotor_file_id":"","podmotor_episode_id":"","cover_image":"","cover_image_id":"","duration":"","filesize":"","filesize_raw":"","date_recorded":"","explicit":"","block":"","_kad_post_transparent":"","_kad_post_title":"","_kad_post_layout":"","_kad_post_sidebar_id":"","_kad_post_content_style":"","_kad_post_vertical_padding":"","_kad_post_feature":"","_kad_post_feature_position":"","_kad_post_header":false,"_kad_post_footer":false,"_kad_post_classname":"","_jetpack_memberships_contains_paid_content":false,"footnotes":""},"categories":[3005],"tags":[],"series":[],"class_list":["post-1717","post","type-post","status-publish","format-image","has-post-thumbnail","hentry","category-literatura-libros","post_format-post-format-image"],"episode_featured_image":"https:\/\/travesiapirenaica.com\/wp-content\/uploads\/2016\/12\/juanjo-slow-mountain_1170x400-1.jpg","episode_player_image":"https:\/\/travesiapirenaica.com\/wp-content\/uploads\/2017\/12\/Caratula-Podcast-Maldita-Montana_1500x1500_72pp-p_.jpg","download_link":"","player_link":"","audio_player":false,"episode_data":{"playerMode":"dark","subscribeUrls":[],"rssFeedUrl":"https:\/\/travesiapirenaica.com\/fr\/feed\/podcast\/maldita-montana","embedCode":"<blockquote class=\"wp-embedded-content\" data-secret=\"yREenUQSDP\"><a href=\"https:\/\/travesiapirenaica.com\/fr\/pirineo-lovers-juanjo-garbizu-monterapia-slow-mountain\/\">Pirineo Lovers: Juanjo Garbizu &#038; Slow Mountain<\/a><\/blockquote><iframe sandbox=\"allow-scripts\" security=\"restricted\" src=\"https:\/\/travesiapirenaica.com\/fr\/pirineo-lovers-juanjo-garbizu-monterapia-slow-mountain\/embed\/#?secret=yREenUQSDP\" width=\"500\" height=\"350\" title=\"\u00ab\u00a0Pirineo Lovers: Juanjo Garbizu &#038; Slow Mountain\u00a0\u00bb &#8212; Traves\u00eda.\" data-secret=\"yREenUQSDP\" frameborder=\"0\" marginwidth=\"0\" marginheight=\"0\" scrolling=\"no\" class=\"wp-embedded-content\"><\/iframe><script>\n\/*! This file is auto-generated *\/\n!function(d,l){\"use strict\";l.querySelector&&d.addEventListener&&\"undefined\"!=typeof URL&&(d.wp=d.wp||{},d.wp.receiveEmbedMessage||(d.wp.receiveEmbedMessage=function(e){var t=e.data;if((t||t.secret||t.message||t.value)&&!\/[^a-zA-Z0-9]\/.test(t.secret)){for(var s,r,n,a=l.querySelectorAll('iframe[data-secret=\"'+t.secret+'\"]'),o=l.querySelectorAll('blockquote[data-secret=\"'+t.secret+'\"]'),c=new RegExp(\"^https?:$\",\"i\"),i=0;i<o.length;i++)o[i].style.display=\"none\";for(i=0;i<a.length;i++)s=a[i],e.source===s.contentWindow&&(s.removeAttribute(\"style\"),\"height\"===t.message?(1e3<(r=parseInt(t.value,10))?r=1e3:~~r<200&&(r=200),s.height=r):\"link\"===t.message&&(r=new URL(s.getAttribute(\"src\")),n=new URL(t.value),c.test(n.protocol))&&n.host===r.host&&l.activeElement===s&&(d.top.location.href=t.value))}},d.addEventListener(\"message\",d.wp.receiveEmbedMessage,!1),l.addEventListener(\"DOMContentLoaded\",function(){for(var e,t,s=l.querySelectorAll(\"iframe.wp-embedded-content\"),r=0;r<s.length;r++)(t=(e=s[r]).getAttribute(\"data-secret\"))||(t=Math.random().toString(36).substring(2,12),e.src+=\"#?secret=\"+t,e.setAttribute(\"data-secret\",t)),e.contentWindow.postMessage({message:\"ready\",secret:t},\"*\")},!1)))}(window,document);\n\/\/# sourceURL=https:\/\/travesiapirenaica.com\/wp-includes\/js\/wp-embed.min.js\n<\/script>\n"},"taxonomy_info":{"category":[{"value":3005,"label":"Literatura \/ libros"}]},"featured_image_src_large":["https:\/\/travesiapirenaica.com\/wp-content\/uploads\/2016\/12\/juanjo-slow-mountain_1170x400-1-1024x350.jpg",1024,350,true],"author_info":{"display_name":"Traves\u00eda Pirenaica","author_link":"https:\/\/travesiapirenaica.com\/fr\/author\/travesia-pirenaica\/"},"comment_info":0,"category_info":[{"term_id":3005,"name":"Literatura \/ libros","slug":"literatura-libros","term_group":0,"term_taxonomy_id":3021,"taxonomy":"category","description":"Literatura \/ libros","parent":0,"count":10,"filter":"raw","cat_ID":3005,"category_count":10,"category_description":"Literatura \/ libros","cat_name":"Literatura \/ libros","category_nicename":"literatura-libros","category_parent":0}],"tag_info":false,"jetpack_featured_media_url":"https:\/\/travesiapirenaica.com\/wp-content\/uploads\/2016\/12\/juanjo-slow-mountain_1170x400-1.jpg","jetpack_sharing_enabled":true,"_links":{"self":[{"href":"https:\/\/travesiapirenaica.com\/fr\/wp-json\/wp\/v2\/posts\/1717","targetHints":{"allow":["GET"]}}],"collection":[{"href":"https:\/\/travesiapirenaica.com\/fr\/wp-json\/wp\/v2\/posts"}],"about":[{"href":"https:\/\/travesiapirenaica.com\/fr\/wp-json\/wp\/v2\/types\/post"}],"author":[{"embeddable":true,"href":"https:\/\/travesiapirenaica.com\/fr\/wp-json\/wp\/v2\/users\/1"}],"replies":[{"embeddable":true,"href":"https:\/\/travesiapirenaica.com\/fr\/wp-json\/wp\/v2\/comments?post=1717"}],"version-history":[{"count":0,"href":"https:\/\/travesiapirenaica.com\/fr\/wp-json\/wp\/v2\/posts\/1717\/revisions"}],"wp:featuredmedia":[{"embeddable":true,"href":"https:\/\/travesiapirenaica.com\/fr\/wp-json\/wp\/v2\/media\/5281"}],"wp:attachment":[{"href":"https:\/\/travesiapirenaica.com\/fr\/wp-json\/wp\/v2\/media?parent=1717"}],"wp:term":[{"taxonomy":"category","embeddable":true,"href":"https:\/\/travesiapirenaica.com\/fr\/wp-json\/wp\/v2\/categories?post=1717"},{"taxonomy":"post_tag","embeddable":true,"href":"https:\/\/travesiapirenaica.com\/fr\/wp-json\/wp\/v2\/tags?post=1717"},{"taxonomy":"series","embeddable":true,"href":"https:\/\/travesiapirenaica.com\/fr\/wp-json\/wp\/v2\/series?post=1717"}],"curies":[{"name":"wp","href":"https:\/\/api.w.org\/{rel}","templated":true}]}}