{"id":18233,"date":"2015-07-09T10:44:25","date_gmt":"2015-07-09T08:44:25","guid":{"rendered":"https:\/\/travesiapirenaica.com\/?p=18233"},"modified":"2021-08-12T18:30:25","modified_gmt":"2021-08-12T16:30:25","slug":"ascensions-en-europe","status":"publish","type":"post","link":"https:\/\/travesiapirenaica.com\/fr\/ascensiones-en-europa\/","title":{"rendered":"Ascensions en Europe : atteindre le sommet de chaque pays d'Europe"},"content":{"rendered":"<p>Des promenades de l'apr\u00e8s-midi \u00e0 Malte aux ascensions de trois jours sur des itin\u00e9raires alpins classiques tels que le Mont Blanc ; des simples visites touristiques (par exemple, la Cit\u00e9 du Vatican) aux ascensions alpines s\u00e9rieuses (le Mont Blanc).  De la toundra gel\u00e9e du cercle polaire arctique aux plaines arides de la Sierra Nevada, des promenades d'un apr\u00e8s-midi \u00e0 Malte et en Moldavie aux ascensions de trois jours sur des itin\u00e9raires alpins classiques tels que le Mont Blanc et la Dufourspitze. <\/p>\n\n\n\n<p>L'Europe offre aux randonneurs une multitude d'aventures et une vari\u00e9t\u00e9 de paysages \u00e9blouissants. Chacun de nos 50 pays c\u00e9l\u00e8bre son point culminant d'une mani\u00e8re diff\u00e9rente.  L'ascension du point culminant d'un pays europ\u00e9en est une exp\u00e9rience \u00e0 ne pas manquer.  <\/p>\n\n\n\n<h2 class=\"wp-block-heading\">Les montagnes <\/h2>\n\n\n\n<ol class=\"wp-block-list\"><li>Allemagne - Zugspitze (2962m)<\/li><li><a rel=\"noreferrer noopener\" aria-label=\"Andorre - Pic de Coma Pedrosa (2942m) &quot; (ouvre un nouvel onglet)\" href=\"https:\/\/travesiapirenaica.com\/fr\/pedrosa-coma\/\" target=\"_blank\">Andorre - Pic de Coma Pedrosa (2942m) \"<\/a><\/li><li>Autriche - Grossglockner (3798m)<\/li><li>Belgique - Signal de Botrange (694m)<\/li><li>B\u00e9larus - Dzyarzhynskaya (345m)<\/li><li>Bosnie-Herz\u00e9govine - Maglic (2387m)<\/li><li>Bulgarie - Musala (2925m)<\/li><li>Chypre - Mont Olympe (Chionistra) (1951m)<\/li><li>Cit\u00e9 du Vatican - D\u00f4me de Saint-Pierre (132m)<\/li><li>Croatie - Dinara (1831m)<\/li><li>Danemark - M\u00f8lleh\u00f8j (170m)<\/li><li>Ecosse - Ben Nevis (1343m)<\/li><li>Slovaquie - Gerlachovsky stit (2654m)<\/li><li>Slov\u00e9nie - Triglav (2864m)<\/li><li>Espagne - Mulhac\u00e9n (3478m) <\/li><li>Estonie - Suur Munamagi (318m) <\/li><li>Finlande - Halti (1365m)<\/li><li>France et Italie - Mont Blanc\/Monte Bianco (4808m)     <\/li><li>Pays de Galles - Ann\u00e9e Snowdon\/Wyddfa (1085m)<\/li><li>Gr\u00e8ce - Mont Olympe (2917m)<\/li><li>Hongrie - K\u00e9kes (1014m)<\/li><li>Angleterre - Scafell Pike (978m)<\/li><li>Islande - Hvannadalshnukur (2111m)<\/li><li>Irlande - Carrauntoohil (1041m)<\/li><li>Irlande du Nord - Slieve Donard (852m)<\/li><li>Kosovo - Djeravica (2656m)<\/li><li>Lettonie - Gaizinkalns (312m)<\/li><li>Liechtenstein - Grauspitz (2599m)<\/li><li>Lituanie - Aukstojas\/Juozapine Kalnas (294m)<\/li><li>Luxembourg - Buurgplatz\/Kneiff (559m)<\/li><li>Mac\u00e9doine et Albanie - Mont Korab (2764m)<\/li><li>Malte - Ta' Dmejrek\/Falaises de Dingli (253m)<\/li><li>Moldavie - Mont Balanesti (430m)<\/li><li>Monaco - Chemin des Revoires (162m)<\/li><li>Mont\u00e9n\u00e9gro - Maja Kolata (2534m)<\/li><li>Norv\u00e8ge - Galdhopiggen (2469m)<\/li><li>Pays-Bas - Vaalserberg (322m)<\/li><li>Pologne - Rysy (2500m\/2503m)<\/li><li>Portugal - La Torre (1993m)<\/li><li>R\u00e9publique tch\u00e8que - Snezka (1602m)<\/li><li>Roumanie - Moldoveanu (2544m)<\/li><li><a href=\"https:\/\/travesiapirenaica.com\/fr\/elbrus-guide-to-the-caucasus-highest-mountain-in-europe\/\">Russie - Mont Elbrouz (5642m) \"<\/a><\/li><li>Saint-Marin - Monte Titano (739m)<\/li><li>Serbie - Midzor (2169m)<\/li><li>Su\u00e8de - Kebnekaise (2111m)<\/li><li>Suisse - Dufourspitze (4634m)<\/li><li>Turquie - Mahya Dagi (1030m)<\/li><li>Ukraine - Goverla (2061m)<\/li><\/ol>\n\n\n\n<h3 class=\"wp-block-heading\">Autres sommets :<\/h3>\n\n\n\n<ul class=\"wp-block-list\"><li>A\u00e7ores - Monte Pico (2351m)<\/li><li><a href=\"https:\/\/travesiapirenaica.com\/fr\/teide-des-canaries\/\" target=\"_blank\" rel=\"noreferrer noopener\" aria-label=\"\u00celes Canaries - Mont Teide (3718m) (ouvre dans un nouvel onglet)\">\u00celes Canaries - Mont Teide (3718m)<\/a><\/li><li>\u00celes F\u00e9ro\u00e9 - Slaettaratindur (882m)<\/li><li>Italie - Grand Paradis (4061m) ; Mont Blanc de Courmayeur (4748m) ; Nordend (Monte Rosa) (4609m)<\/li><li>Turquie - Mont Ararat (5137m)<\/li><\/ul>\n\n\n\n<hr class=\"wp-block-separator\"\/>","protected":false},"excerpt":{"rendered":"Des promenades d'un apr\u00e8s-midi \u00e0 Malte aux ascensions de trois jours sur des itin\u00e9raires alpins...","protected":false},"author":1,"featured_media":0,"comment_status":"closed","ping_status":"closed","sticky":false,"template":"","format":"image","meta":{"_kad_blocks_custom_css":"","_kad_blocks_head_custom_js":"","_kad_blocks_body_custom_js":"","_kad_blocks_footer_custom_js":"","episode_type":"audio","audio_file":"","podmotor_file_id":"","podmotor_episode_id":"","cover_image":"","cover_image_id":"","duration":"","filesize":"","filesize_raw":"","date_recorded":"","explicit":"","block":"","_kad_post_transparent":"","_kad_post_title":"","_kad_post_layout":"","_kad_post_sidebar_id":"","_kad_post_content_style":"","_kad_post_vertical_padding":"","_kad_post_feature":"","_kad_post_feature_position":"","_kad_post_header":false,"_kad_post_footer":false,"_kad_post_classname":"","_jetpack_memberships_contains_paid_content":false,"footnotes":""},"categories":[2933],"tags":[],"series":[],"class_list":["post-18233","post","type-post","status-publish","format-image","hentry","category-europa","post_format-post-format-image"],"episode_featured_image":false,"episode_player_image":"https:\/\/travesiapirenaica.com\/wp-content\/uploads\/2017\/12\/Caratula-Podcast-Maldita-Montana_1500x1500_72pp-p_.jpg","download_link":"","player_link":"","audio_player":false,"episode_data":{"playerMode":"dark","subscribeUrls":[],"rssFeedUrl":"https:\/\/travesiapirenaica.com\/fr\/feed\/podcast\/maldita-montana","embedCode":"<blockquote class=\"wp-embedded-content\" data-secret=\"y4v8uMPkzf\"><a href=\"https:\/\/travesiapirenaica.com\/fr\/ascensiones-en-europa\/\">Ascensiones en Europa: alcanzar la cumbre de todos los pa\u00edses de Europa<\/a><\/blockquote><iframe sandbox=\"allow-scripts\" security=\"restricted\" src=\"https:\/\/travesiapirenaica.com\/fr\/ascensiones-en-europa\/embed\/#?secret=y4v8uMPkzf\" width=\"500\" height=\"350\" title=\"\u00ab\u00a0Ascensiones en Europa: alcanzar la cumbre de todos los pa\u00edses de Europa\u00a0\u00bb &#8212; Traves\u00eda.\" data-secret=\"y4v8uMPkzf\" frameborder=\"0\" marginwidth=\"0\" marginheight=\"0\" scrolling=\"no\" class=\"wp-embedded-content\"><\/iframe><script>\n\/*! This file is auto-generated *\/\n!function(d,l){\"use strict\";l.querySelector&&d.addEventListener&&\"undefined\"!=typeof URL&&(d.wp=d.wp||{},d.wp.receiveEmbedMessage||(d.wp.receiveEmbedMessage=function(e){var t=e.data;if((t||t.secret||t.message||t.value)&&!\/[^a-zA-Z0-9]\/.test(t.secret)){for(var s,r,n,a=l.querySelectorAll('iframe[data-secret=\"'+t.secret+'\"]'),o=l.querySelectorAll('blockquote[data-secret=\"'+t.secret+'\"]'),c=new RegExp(\"^https?:$\",\"i\"),i=0;i<o.length;i++)o[i].style.display=\"none\";for(i=0;i<a.length;i++)s=a[i],e.source===s.contentWindow&&(s.removeAttribute(\"style\"),\"height\"===t.message?(1e3<(r=parseInt(t.value,10))?r=1e3:~~r<200&&(r=200),s.height=r):\"link\"===t.message&&(r=new URL(s.getAttribute(\"src\")),n=new URL(t.value),c.test(n.protocol))&&n.host===r.host&&l.activeElement===s&&(d.top.location.href=t.value))}},d.addEventListener(\"message\",d.wp.receiveEmbedMessage,!1),l.addEventListener(\"DOMContentLoaded\",function(){for(var e,t,s=l.querySelectorAll(\"iframe.wp-embedded-content\"),r=0;r<s.length;r++)(t=(e=s[r]).getAttribute(\"data-secret\"))||(t=Math.random().toString(36).substring(2,12),e.src+=\"#?secret=\"+t,e.setAttribute(\"data-secret\",t)),e.contentWindow.postMessage({message:\"ready\",secret:t},\"*\")},!1)))}(window,document);\n\/\/# sourceURL=https:\/\/travesiapirenaica.com\/wp-includes\/js\/wp-embed.min.js\n<\/script>\n"},"taxonomy_info":{"category":[{"value":2933,"label":"Europa"}]},"featured_image_src_large":false,"author_info":{"display_name":"Traves\u00eda Pirenaica","author_link":"https:\/\/travesiapirenaica.com\/fr\/author\/travesia-pirenaica\/"},"comment_info":0,"category_info":[{"term_id":2933,"name":"Europa","slug":"europa","term_group":0,"term_taxonomy_id":2949,"taxonomy":"category","description":"Europa","parent":18,"count":72,"filter":"raw","cat_ID":2933,"category_count":72,"category_description":"Europa","cat_name":"Europa","category_nicename":"europa","category_parent":18}],"tag_info":false,"jetpack_featured_media_url":"","jetpack_sharing_enabled":true,"_links":{"self":[{"href":"https:\/\/travesiapirenaica.com\/fr\/wp-json\/wp\/v2\/posts\/18233","targetHints":{"allow":["GET"]}}],"collection":[{"href":"https:\/\/travesiapirenaica.com\/fr\/wp-json\/wp\/v2\/posts"}],"about":[{"href":"https:\/\/travesiapirenaica.com\/fr\/wp-json\/wp\/v2\/types\/post"}],"author":[{"embeddable":true,"href":"https:\/\/travesiapirenaica.com\/fr\/wp-json\/wp\/v2\/users\/1"}],"replies":[{"embeddable":true,"href":"https:\/\/travesiapirenaica.com\/fr\/wp-json\/wp\/v2\/comments?post=18233"}],"version-history":[{"count":0,"href":"https:\/\/travesiapirenaica.com\/fr\/wp-json\/wp\/v2\/posts\/18233\/revisions"}],"wp:attachment":[{"href":"https:\/\/travesiapirenaica.com\/fr\/wp-json\/wp\/v2\/media?parent=18233"}],"wp:term":[{"taxonomy":"category","embeddable":true,"href":"https:\/\/travesiapirenaica.com\/fr\/wp-json\/wp\/v2\/categories?post=18233"},{"taxonomy":"post_tag","embeddable":true,"href":"https:\/\/travesiapirenaica.com\/fr\/wp-json\/wp\/v2\/tags?post=18233"},{"taxonomy":"series","embeddable":true,"href":"https:\/\/travesiapirenaica.com\/fr\/wp-json\/wp\/v2\/series?post=18233"}],"curies":[{"name":"wp","href":"https:\/\/api.w.org\/{rel}","templated":true}]}}