{"id":18713,"date":"2015-07-16T19:56:47","date_gmt":"2015-07-16T17:56:47","guid":{"rendered":"https:\/\/travesiapirenaica.com\/?p=18713"},"modified":"2019-09-06T10:04:55","modified_gmt":"2019-09-06T08:04:55","slug":"sentier-des-cretes-des-balkans","status":"publish","type":"post","link":"https:\/\/travesiapirenaica.com\/fr\/sendero-cimas-balcanes\/","title":{"rendered":"Sentier des sommets balkaniques"},"content":{"rendered":"\n<p>El Sendero <strong><a href=\"http:\/\/www.peaksofthebalkans.com\/\" rel=\"nofollow noopener noreferrer\" target=\"_blank\">\u00abLas Cimas de los Balcanes\u00bb<\/a><\/strong> es una ruta circular  de 192 km a trav\u00e9s de las salvajes y escarpadas tierras fronterizas de Montenegro, Albania y Kosovo. Lanzado en 2013 para promover el turismo local sostenible y trascender las fronteras pol\u00edticas, el sendero se abre paso a trav\u00e9s de los espectaculares paisajes de las monta\u00f1as de Prokletije (la cordillera m\u00e1s meridional de los Alpes Din\u00e1ricos), abarcando altos pasos, amplios valles y llamativos picos de piedra caliza. Se puede completar en unas dos semanas, est\u00e1 se\u00f1alizada y cubre terrenos entre 670 y 2300 m de altitud: la caminata en s\u00ed misma no es dif\u00edcil, aunque la ruta pasa por algunas zonas remotas y exige un nivel moderado de forma f\u00edsica. Las acogedoras gentes ofrecen alojamiento y deliciosa cocina local en ruta, aunque tambi\u00e9n existe la posibilidad de acampar.<\/p>\n\n\n\n<p>La regi\u00f3n sigue estando subdesarrollada e intacta, con aldeas tradicionales de monta\u00f1a que parecen olvidadas en alg\u00fan momento, enclavadas en espectaculares paisajes alpinos. <\/p>\n\n\n\n<hr class=\"wp-block-separator\"\/>\n\n\n\n<h2 class=\"wp-block-heading\">Libros y mapas<\/h2>\n\n\n\n<hr class=\"wp-block-separator\"\/>\n\n\n\n\n<div class=\"aawp\">\n\n            \n            \n<div class=\"aawp-product aawp-product--horizontal aawp-product--css-adjust-image-large\"  data-aawp-product-asin=\"394375216X\" data-aawp-product-id=\"40889\" data-aawp-tracking-id=\"travesiapiren-21\" data-aawp-product-title=\"Peaks of the Balkans Albania - Kosovo - Montenegro r\/v huber\" data-aawp-geotargeting=\"true\">\n\n    \n    <div class=\"aawp-product__thumb\">\n        <a class=\"aawp-product__image-link\" href=\"https:\/\/www.amazon.es\/dp\/394375216X?tag=travesiapiren-21&amp;linkCode=ogi&amp;th=1&amp;psc=1\" title=\"Peaks of the Balkans Albania - Kosovo - Montenegro r\/v huber\" rel=\"nofollow noopener sponsored\" target=\"_blank\">\n            <img decoding=\"async\" class=\"aawp-product__image\" src=\"https:\/\/m.media-amazon.com\/images\/I\/51W5Mp+CjiL.jpg\" alt=\"Peaks of the Balkans Albania - Kosovo - Montenegro r\/v huber\"  \/>\n        <\/a>\n\n            <\/div>\n\n    <div class=\"aawp-product__content\">\n        <a class=\"aawp-product__title\" href=\"https:\/\/www.amazon.es\/dp\/394375216X?tag=travesiapiren-21&amp;linkCode=ogi&amp;th=1&amp;psc=1\" title=\"Peaks of the Balkans Albania - Kosovo - Montenegro r\/v huber\" rel=\"nofollow noopener sponsored\" target=\"_blank\">\n            Peaks of the Balkans Albania - Kosovo - Montenegro r\/v huber        <\/a>\n        <div class=\"aawp-product__description\">\n                    <\/div>\n    <\/div>\n\n    <div class=\"aawp-product__footer\">\n\n        <div class=\"aawp-product__pricing\">\n            \n                            <span class=\"aawp-product__price aawp-product__price--current\">12,00 EUR<\/span>\n            \n                    <\/div>\n\n                <a class=\"aawp-button aawp-button--buy aawp-button--icon aawp-button--icon-black\" href=\"https:\/\/www.amazon.es\/dp\/394375216X?tag=travesiapiren-21&#038;linkCode=ogi&#038;th=1&#038;psc=1\" title=\"Ver en Amazon\" target=\"_blank\" rel=\"nofollow noopener sponsored\">Ver en Amazon<\/a>\n            <\/div>\n\n<\/div>\n\n    \n<\/div>\n\n\n\n\n\n<div class=\"aawp\">\n\n            \n            \n<div class=\"aawp-product aawp-product--horizontal aawp-product--css-adjust-image-large\"  data-aawp-product-asin=\"1852847700\" data-aawp-product-id=\"40890\" data-aawp-tracking-id=\"travesiapiren-21\" data-aawp-product-title=\"The Peaks Of The Balkans Trail  International Trekking  [Idioma Ingl\u00e9s]\" data-aawp-geotargeting=\"true\">\n\n    \n    <div class=\"aawp-product__thumb\">\n        <a class=\"aawp-product__image-link\" href=\"https:\/\/www.amazon.es\/dp\/1852847700?tag=travesiapiren-21&amp;linkCode=ogi&amp;th=1&amp;psc=1\" title=\"The Peaks Of The Balkans Trail (International Trekking) [Idioma Ingl\u00e9s]\" rel=\"nofollow noopener sponsored\" target=\"_blank\">\n            <img decoding=\"async\" class=\"aawp-product__image\" src=\"https:\/\/m.media-amazon.com\/images\/I\/51nmZ5KpbmL.jpg\" alt=\"The Peaks Of The Balkans Trail (International Trekking) [Idioma Ingl\u00e9s]\"  \/>\n        <\/a>\n\n            <\/div>\n\n    <div class=\"aawp-product__content\">\n        <a class=\"aawp-product__title\" href=\"https:\/\/www.amazon.es\/dp\/1852847700?tag=travesiapiren-21&amp;linkCode=ogi&amp;th=1&amp;psc=1\" title=\"The Peaks Of The Balkans Trail (International Trekking) [Idioma Ingl\u00e9s]\" rel=\"nofollow noopener sponsored\" target=\"_blank\">\n            The Peaks Of The Balkans Trail (International Trekking) [Idioma Ingl\u00e9s]        <\/a>\n        <div class=\"aawp-product__description\">\n                    <\/div>\n    <\/div>\n\n    <div class=\"aawp-product__footer\">\n\n        <div class=\"aawp-product__pricing\">\n            \n                            <span class=\"aawp-product__price aawp-product__price--current\"><\/span>\n            \n                    <\/div>\n\n                <a class=\"aawp-button aawp-button--buy aawp-button--icon aawp-button--icon-black\" href=\"https:\/\/www.amazon.es\/dp\/1852847700?tag=travesiapiren-21&#038;linkCode=ogi&#038;th=1&#038;psc=1\" title=\"Ver en Amazon\" target=\"_blank\" rel=\"nofollow noopener sponsored\">Ver en Amazon<\/a>\n            <\/div>\n\n<\/div>\n\n    \n<\/div>\n\n\n\n\n<hr class=\"wp-block-separator\"\/>\n\n\n\n<h2 class=\"wp-block-heading\">Gu\u00eda pr\u00e1ctica<\/h2>\n\n\n\n<hr class=\"wp-block-separator\"\/>\n\n\n\n<h3 class=\"wp-block-heading\">\u00bfCu\u00e1ndo ir?<\/h3>\n\n\n\n<p>La temporada de trekking comienza en mayo\/junio y termina en octubre, con junio-agosto los meses m\u00e1s secos. Las flores silvestres florecen en junio. Los neveros pueden durar hasta junio\/julio.<\/p>\n\n\n\n<h3 class=\"wp-block-heading\">Ciudades &amp; Servicios<\/h3>\n\n\n\n<p>Theth (Albania), Valbona (Albania), \u00c7eremi (Albania), Dob\u00ebrdol (Albania), Milishevc (Kosovo), Rek\u00eb e Allag\u00ebs (Kosovo), Drelaj (Kosovo), Babino polje (Montenegro), Plav (Montenegro), Vusanje (Montenegro)<\/p>\n\n\n\n<h3 class=\"wp-block-heading\">Dificultades &amp; Consejos<\/h3>\n\n\n\n<p>Se requiere un buen estado f\u00edsico, aunque la dificultad es moderado. El sendero pasa por algunas \u00e1reas remotas.<\/p>\n\n\n\n<h3 class=\"wp-block-heading\">No te puedes perder<\/h3>\n\n\n\n<ul class=\"wp-block-list\"><li>La c\u00e1lida hospitalidad en los Balcanes. <\/li><li>Cuatro hermosos parques nacionales: Prokletije (en Montenegro), Thethi y Valbona Valley (en Albania) y Rugova Valley (en Kosovo)<\/li><li>Las aves, plantas y mariposas.<\/li><\/ul>\n\n\n\n<hr class=\"wp-block-separator\"\/>\n\n\n\n<h2 class=\"wp-block-heading\">Etapas<\/h2>\n\n\n\n<hr class=\"wp-block-separator\"\/>\n\n\n\n<ul class=\"wp-block-list\"><li>Etapa 1 Theth (Albania) \u2013 Valbona (Albania)<\/li><li>Etapa 2 Valbona (Albania) \u2013 \u00c7eremi (Albania) por el Prosllopit Pass<\/li><li>Etapa 3 \u00c7eremi (Albania) \u2013 Dob\u00ebrdol (Albania)<\/li><li>Etapa 4 Dob\u00ebrdol (Albania) \u2013 Milishevc (Kosovo)<\/li><li>Etapa 5 Milishevc (Kosovo) \u2013 Rek\u0451 e Allag\u0451s (Kosovo)<\/li><li>Etapa 6 Rek\u0451 e Allag\u0451s (Kosovo) \u2013 Drelaj o Restaurant Te Liqeni (Kosovo)<\/li><li>Etapa 7 Restaurant Te Liqeni (Kosovo) \u2013 Babino polje (Montenegro)<\/li><li>Etapa 8 Babino polje (Montenegro) \u2013 Plav (Montenegro)<\/li><li>Etapa 9 Plav (Montenegro) \u2013 Vusanje (Montenegro)<\/li><li>Etapa 10 Vusanje (Montenegro) \u2013 Theth (Albania)<\/li><\/ul>\n\n\n\n<hr class=\"wp-block-separator\"\/>\n\n\n\n<h2 class=\"wp-block-heading\">Mapa<\/h2>\n\n\n\n<hr class=\"wp-block-separator\"\/>\n\n\n\n<figure><iframe loading=\"lazy\" src=\"https:\/\/es.wikiloc.com\/wikiloc\/spatialArtifacts.do?event=view&amp;id=36780002&amp;measures=off&amp;title=off&amp;near=off&amp;images=off&amp;maptype=H\" width=\"100%\" height=\"400\"><\/iframe><\/figure>\n\n\n\n<hr class=\"wp-block-separator\"\/>\n","protected":false},"excerpt":{"rendered":"Le sentier \"Balkan Peaks\" est un itin\u00e9raire circulaire de 192 km \u00e0 travers les Balkans...","protected":false},"author":1,"featured_media":18721,"comment_status":"closed","ping_status":"closed","sticky":false,"template":"","format":"image","meta":{"_kad_blocks_custom_css":"","_kad_blocks_head_custom_js":"","_kad_blocks_body_custom_js":"","_kad_blocks_footer_custom_js":"","episode_type":"","audio_file":"","podmotor_file_id":"","podmotor_episode_id":"","cover_image":"","cover_image_id":"","duration":"","filesize":"","filesize_raw":"","date_recorded":"","explicit":"","block":"","_kad_post_transparent":"","_kad_post_title":"","_kad_post_layout":"","_kad_post_sidebar_id":"","_kad_post_content_style":"","_kad_post_vertical_padding":"","_kad_post_feature":"","_kad_post_feature_position":"","_kad_post_header":false,"_kad_post_footer":false,"_kad_post_classname":"","_jetpack_memberships_contains_paid_content":false,"footnotes":""},"categories":[1],"tags":[],"series":[],"class_list":["post-18713","post","type-post","status-publish","format-image","has-post-thumbnail","hentry","category-sin-categoria","post_format-post-format-image"],"episode_featured_image":"https:\/\/travesiapirenaica.com\/wp-content\/uploads\/2015\/07\/Las-Cimas-de-Los-Balcanes_by-Bruno-Rijsman_CC-BY-2.0-Flickr_1200x675.jpg","episode_player_image":"https:\/\/travesiapirenaica.com\/wp-content\/uploads\/2017\/12\/Caratula-Podcast-Maldita-Montana_1500x1500_72pp-p_.jpg","download_link":"","player_link":"","audio_player":false,"episode_data":{"playerMode":"dark","subscribeUrls":[],"rssFeedUrl":"https:\/\/travesiapirenaica.com\/fr\/feed\/podcast\/maldita-montana","embedCode":"<blockquote class=\"wp-embedded-content\" data-secret=\"FkoAyV7yqq\"><a href=\"https:\/\/travesiapirenaica.com\/fr\/sendero-cimas-balcanes\/\">Sendero Las Cimas de los Balcanes<\/a><\/blockquote><iframe sandbox=\"allow-scripts\" security=\"restricted\" src=\"https:\/\/travesiapirenaica.com\/fr\/sendero-cimas-balcanes\/embed\/#?secret=FkoAyV7yqq\" width=\"500\" height=\"350\" title=\"\u00ab\u00a0Sendero Las Cimas de los Balcanes\u00a0\u00bb &#8212; Traves\u00eda.\" data-secret=\"FkoAyV7yqq\" frameborder=\"0\" marginwidth=\"0\" marginheight=\"0\" scrolling=\"no\" class=\"wp-embedded-content\"><\/iframe><script>\n\/*! This file is auto-generated *\/\n!function(d,l){\"use strict\";l.querySelector&&d.addEventListener&&\"undefined\"!=typeof URL&&(d.wp=d.wp||{},d.wp.receiveEmbedMessage||(d.wp.receiveEmbedMessage=function(e){var t=e.data;if((t||t.secret||t.message||t.value)&&!\/[^a-zA-Z0-9]\/.test(t.secret)){for(var s,r,n,a=l.querySelectorAll('iframe[data-secret=\"'+t.secret+'\"]'),o=l.querySelectorAll('blockquote[data-secret=\"'+t.secret+'\"]'),c=new RegExp(\"^https?:$\",\"i\"),i=0;i<o.length;i++)o[i].style.display=\"none\";for(i=0;i<a.length;i++)s=a[i],e.source===s.contentWindow&&(s.removeAttribute(\"style\"),\"height\"===t.message?(1e3<(r=parseInt(t.value,10))?r=1e3:~~r<200&&(r=200),s.height=r):\"link\"===t.message&&(r=new URL(s.getAttribute(\"src\")),n=new URL(t.value),c.test(n.protocol))&&n.host===r.host&&l.activeElement===s&&(d.top.location.href=t.value))}},d.addEventListener(\"message\",d.wp.receiveEmbedMessage,!1),l.addEventListener(\"DOMContentLoaded\",function(){for(var e,t,s=l.querySelectorAll(\"iframe.wp-embedded-content\"),r=0;r<s.length;r++)(t=(e=s[r]).getAttribute(\"data-secret\"))||(t=Math.random().toString(36).substring(2,12),e.src+=\"#?secret=\"+t,e.setAttribute(\"data-secret\",t)),e.contentWindow.postMessage({message:\"ready\",secret:t},\"*\")},!1)))}(window,document);\n\/\/# sourceURL=https:\/\/travesiapirenaica.com\/wp-includes\/js\/wp-embed.min.js\n<\/script>\n"},"taxonomy_info":{"category":[{"value":1,"label":"Sin categor\u00eda"}]},"featured_image_src_large":["https:\/\/travesiapirenaica.com\/wp-content\/uploads\/2015\/07\/Las-Cimas-de-Los-Balcanes_by-Bruno-Rijsman_CC-BY-2.0-Flickr_1200x675-1024x576.jpg",1024,576,true],"author_info":{"display_name":"Traves\u00eda Pirenaica","author_link":"https:\/\/travesiapirenaica.com\/fr\/author\/travesia-pirenaica\/"},"comment_info":0,"category_info":[{"term_id":1,"name":"Sin categor\u00eda","slug":"sin-categoria","term_group":0,"term_taxonomy_id":1,"taxonomy":"category","description":"","parent":0,"count":207,"filter":"raw","cat_ID":1,"category_count":207,"category_description":"","cat_name":"Sin categor\u00eda","category_nicename":"sin-categoria","category_parent":0}],"tag_info":false,"jetpack_featured_media_url":"https:\/\/travesiapirenaica.com\/wp-content\/uploads\/2015\/07\/Las-Cimas-de-Los-Balcanes_by-Bruno-Rijsman_CC-BY-2.0-Flickr_1200x675.jpg","jetpack_sharing_enabled":true,"_links":{"self":[{"href":"https:\/\/travesiapirenaica.com\/fr\/wp-json\/wp\/v2\/posts\/18713","targetHints":{"allow":["GET"]}}],"collection":[{"href":"https:\/\/travesiapirenaica.com\/fr\/wp-json\/wp\/v2\/posts"}],"about":[{"href":"https:\/\/travesiapirenaica.com\/fr\/wp-json\/wp\/v2\/types\/post"}],"author":[{"embeddable":true,"href":"https:\/\/travesiapirenaica.com\/fr\/wp-json\/wp\/v2\/users\/1"}],"replies":[{"embeddable":true,"href":"https:\/\/travesiapirenaica.com\/fr\/wp-json\/wp\/v2\/comments?post=18713"}],"version-history":[{"count":0,"href":"https:\/\/travesiapirenaica.com\/fr\/wp-json\/wp\/v2\/posts\/18713\/revisions"}],"wp:featuredmedia":[{"embeddable":true,"href":"https:\/\/travesiapirenaica.com\/fr\/wp-json\/wp\/v2\/media\/18721"}],"wp:attachment":[{"href":"https:\/\/travesiapirenaica.com\/fr\/wp-json\/wp\/v2\/media?parent=18713"}],"wp:term":[{"taxonomy":"category","embeddable":true,"href":"https:\/\/travesiapirenaica.com\/fr\/wp-json\/wp\/v2\/categories?post=18713"},{"taxonomy":"post_tag","embeddable":true,"href":"https:\/\/travesiapirenaica.com\/fr\/wp-json\/wp\/v2\/tags?post=18713"},{"taxonomy":"series","embeddable":true,"href":"https:\/\/travesiapirenaica.com\/fr\/wp-json\/wp\/v2\/series?post=18713"}],"curies":[{"name":"wp","href":"https:\/\/api.w.org\/{rel}","templated":true}]}}