{"id":19406,"date":"2015-08-06T12:49:34","date_gmt":"2015-08-06T10:49:34","guid":{"rendered":"https:\/\/travesiapirenaica.com\/?p=19406"},"modified":"2019-08-13T13:03:25","modified_gmt":"2019-08-13T11:03:25","slug":"tour-de-la-region-de-leiger-jungfrau","status":"publish","type":"post","link":"https:\/\/travesiapirenaica.com\/fr\/tour-eiger-region-jungfrau\/","title":{"rendered":"Tour de l'Eiger (r\u00e9gion de la Jungfrau)"},"content":{"rendered":"<p>Sur une dur\u00e9e de 9 \u00e0 10 jours, ce trek classique de 111 km vous emm\u00e8nera sur un circuit en fer \u00e0 cheval \u00e0 travers certains des paysages montagneux les plus spectaculaires du monde. <strong><a href=\"https:\/\/travesiapirenaica.com\/fr\/bernese-oberland\/\" target=\"_blank\" rel=\"noreferrer noopener\" aria-label=\"Oberland bernois (s&#039;ouvre dans un nouvel onglet)\">Oberland bernois<\/a><\/strong>\u00c0 l'ombre de sommets aussi embl\u00e9matiques que le Wetterhorn, l'Eiger, le Monch et la Jungfrau. L'itin\u00e9raire commence \u00e0 Schynige Platte et se termine \u00e0 Wilderswil ; il passe par des p\u00e2turages, des cr\u00eates, des sommets et des cols, longe des lacs de montagne exquis, des cascades, des canyons et des glaciers. <\/p>\n\n\n\n<figure><iframe loading=\"lazy\" width=\"100%\" height=\"315\" src=\"https:\/\/www.youtube.com\/embed\/h4CgoL0Jd80\" rel=\"nofollow\" allowfullscreen=\"\"><\/iframe><\/figure>\n\n\n\n<hr class=\"wp-block-separator\"\/>\n\n\n\n<h2 class=\"wp-block-heading\">Guide pratique<\/h2>\n\n\n\n<hr class=\"wp-block-separator\"\/>\n\n\n\n<h3 class=\"wp-block-heading\">Quand partir ?<\/h3>\n\n\n\n<p>De fin juin \u00e0 fin septembre, toutes les installations sont ouvertes de juillet \u00e0 ao\u00fbt, mais les sentiers sont plus fr\u00e9quent\u00e9s et les prix plus \u00e9lev\u00e9s ; septembre est recommand\u00e9.<\/p>\n\n\n\n<h3 class=\"wp-block-heading\">Villes et services<\/h3>\n\n\n\n<p>Vols \u00e0 destination de Gen\u00e8ve, Zurich ou B\u00e2le.<\/p>\n\n\n\n<p>Les principales stations touristiques de la r\u00e9gion sont : Interlaken, Grindelwald, M\u00fcrren, Lauterbrunnen et Wengen.<\/p>\n\n\n\n<h3 class=\"wp-block-heading\">Difficult\u00e9 et conseils<\/h3>\n\n\n\n<p>Les possibilit\u00e9s d'h\u00e9bergement sont nombreuses et l'itin\u00e9raire offre de nombreuses alternatives en cas de conditions m\u00e9t\u00e9orologiques d\u00e9favorables. <\/p>\n\n\n\n<p>L'itin\u00e9raire est bien balis\u00e9. Il comporte plusieurs courtes sections expos\u00e9es (la plupart avec un c\u00e2ble fixe). <\/p>\n\n\n\n<h3 class=\"wp-block-heading\">\u00c0 ne pas manquer<\/h3>\n\n\n\n<ul class=\"wp-block-list\"><li>Vues sur les c\u00e9l\u00e8bres sommets alpins tels que l'Eiger, le M\u00f6nch et la Jungfrau.<\/li><li>Vall\u00e9e de Lauterbrunnen.<\/li><li>Le Jungrau-Aletsch-Bietschhorn, un site du patrimoine naturel mondial de l'UNESCO. <\/li><li>Des glaciers tels que l'Eigergletscher et des chutes d'eau telles que les chutes du Tr\u00fcmmelbach.<\/li><\/ul>\n\n\n\n<hr class=\"wp-block-separator\"\/>\n\n\n\n<h2 class=\"wp-block-heading\">Les \u00e9tapes<\/h2>\n\n\n\n<hr class=\"wp-block-separator\"\/>\n\n\n\n<figure><iframe loading=\"lazy\" src=\"https:\/\/es.wikiloc.com\/wikiloc\/spatialArtifacts.do?event=view&amp;id=4989251&amp;measures=off&amp;title=off&amp;near=off&amp;images=off&amp;maptype=H\" rel=\"nofollow\" width=\"100%\" height=\"400\"><\/iframe><\/figure>\n\n\n\n<hr class=\"wp-block-separator\"\/>\n\n\n\n<ul class=\"wp-block-list\"><li><strong>Premi\u00e8re \u00e9tape<\/strong>Schynige Platte une premi\u00e8re<\/li><li><strong>\u00c9tape 2<\/strong>: First a Hotel Wetterhorn<\/li><li><strong>Alternative Phase 2<\/strong>Le premier \u00e0 l'h\u00f4tel Wetterhorn par Gleckstein Hut<\/li><li><strong>\u00c9tape 3<\/strong>H\u00f4tel Wetterhorn \u00e0 Alpiglen<\/li><li><strong>Alternative Phase 3<\/strong>De l'h\u00f4tel Wetterhorn au Berghaus B\u00e4regg<\/li><li><strong>\u00c9tape 4<\/strong>Alpiglen a Kleine Scheidegg\/Grindelwaldblick<\/li><li><strong>\u00c9tape 5<\/strong>Kleine Scheidegg\/Grindelwaldblick a Stechelberg<\/li><li><strong>\u00c9tape 6<\/strong>De Stechelberg \u00e0 Obersteinberg<\/li><li><strong>\u00c9tape alternative 6<\/strong>De Stechelberg \u00e0 Obersteinberg (itin\u00e9raire direct)<\/li><li><strong>\u00c9tape 7<\/strong>Obersteinberg jusqu'au refuge Rotstock<\/li><li><strong>\u00c9tape 8<\/strong>Le projet \"Rotstock Hut\" au Blumental<\/li><li><strong>\u00c9tape 9<\/strong>Blumental au refuge Suls-Lobhorn<\/li><li><strong>\u00c9tape 10<\/strong>Du refuge du Suls-Lobhorn \u00e0 Wilderswil<\/li><\/ul>\n\n\n\n<hr class=\"wp-block-separator\"\/>","protected":false},"excerpt":{"rendered":"En 9 \u00e0 10 jours, ce trek classique de 111 km vous emm\u00e8nera...","protected":false},"author":1,"featured_media":19417,"comment_status":"closed","ping_status":"closed","sticky":false,"template":"","format":"image","meta":{"_kad_blocks_custom_css":"","_kad_blocks_head_custom_js":"","_kad_blocks_body_custom_js":"","_kad_blocks_footer_custom_js":"","episode_type":"","audio_file":"","podmotor_file_id":"","podmotor_episode_id":"","cover_image":"","cover_image_id":"","duration":"","filesize":"","filesize_raw":"","date_recorded":"","explicit":"","block":"","_kad_post_transparent":"","_kad_post_title":"","_kad_post_layout":"","_kad_post_sidebar_id":"","_kad_post_content_style":"","_kad_post_vertical_padding":"","_kad_post_feature":"","_kad_post_feature_position":"","_kad_post_header":false,"_kad_post_footer":false,"_kad_post_classname":"","_jetpack_memberships_contains_paid_content":false,"footnotes":""},"categories":[1],"tags":[],"series":[],"class_list":["post-19406","post","type-post","status-publish","format-image","has-post-thumbnail","hentry","category-sin-categoria","post_format-post-format-image"],"episode_featured_image":"https:\/\/travesiapirenaica.com\/wp-content\/uploads\/2015\/08\/Eiger-M\u00f6nch-and-Jungfrau_by-Christoph-Str\u00e4ssler_CC-BY-SA-2.0_Flickr_1200x900.jpg","episode_player_image":"https:\/\/travesiapirenaica.com\/wp-content\/uploads\/2017\/12\/Caratula-Podcast-Maldita-Montana_1500x1500_72pp-p_.jpg","download_link":"","player_link":"","audio_player":false,"episode_data":{"playerMode":"dark","subscribeUrls":[],"rssFeedUrl":"https:\/\/travesiapirenaica.com\/fr\/feed\/podcast\/maldita-montana","embedCode":"<blockquote class=\"wp-embedded-content\" data-secret=\"MKEZvZwoyU\"><a href=\"https:\/\/travesiapirenaica.com\/fr\/tour-eiger-region-jungfrau\/\">Tour del Eiger (Regi\u00f3n Jungfrau)<\/a><\/blockquote><iframe sandbox=\"allow-scripts\" security=\"restricted\" src=\"https:\/\/travesiapirenaica.com\/fr\/tour-eiger-region-jungfrau\/embed\/#?secret=MKEZvZwoyU\" width=\"500\" height=\"350\" title=\"\u00ab\u00a0Tour del Eiger (Regi\u00f3n Jungfrau)\u00a0\u00bb &#8212; Traves\u00eda.\" data-secret=\"MKEZvZwoyU\" frameborder=\"0\" marginwidth=\"0\" marginheight=\"0\" scrolling=\"no\" class=\"wp-embedded-content\"><\/iframe><script>\n\/*! This file is auto-generated *\/\n!function(d,l){\"use strict\";l.querySelector&&d.addEventListener&&\"undefined\"!=typeof URL&&(d.wp=d.wp||{},d.wp.receiveEmbedMessage||(d.wp.receiveEmbedMessage=function(e){var t=e.data;if((t||t.secret||t.message||t.value)&&!\/[^a-zA-Z0-9]\/.test(t.secret)){for(var s,r,n,a=l.querySelectorAll('iframe[data-secret=\"'+t.secret+'\"]'),o=l.querySelectorAll('blockquote[data-secret=\"'+t.secret+'\"]'),c=new RegExp(\"^https?:$\",\"i\"),i=0;i<o.length;i++)o[i].style.display=\"none\";for(i=0;i<a.length;i++)s=a[i],e.source===s.contentWindow&&(s.removeAttribute(\"style\"),\"height\"===t.message?(1e3<(r=parseInt(t.value,10))?r=1e3:~~r<200&&(r=200),s.height=r):\"link\"===t.message&&(r=new URL(s.getAttribute(\"src\")),n=new URL(t.value),c.test(n.protocol))&&n.host===r.host&&l.activeElement===s&&(d.top.location.href=t.value))}},d.addEventListener(\"message\",d.wp.receiveEmbedMessage,!1),l.addEventListener(\"DOMContentLoaded\",function(){for(var e,t,s=l.querySelectorAll(\"iframe.wp-embedded-content\"),r=0;r<s.length;r++)(t=(e=s[r]).getAttribute(\"data-secret\"))||(t=Math.random().toString(36).substring(2,12),e.src+=\"#?secret=\"+t,e.setAttribute(\"data-secret\",t)),e.contentWindow.postMessage({message:\"ready\",secret:t},\"*\")},!1)))}(window,document);\n\/\/# sourceURL=https:\/\/travesiapirenaica.com\/wp-includes\/js\/wp-embed.min.js\n<\/script>\n"},"taxonomy_info":{"category":[{"value":1,"label":"Sin categor\u00eda"}]},"featured_image_src_large":["https:\/\/travesiapirenaica.com\/wp-content\/uploads\/2015\/08\/Eiger-M\u00f6nch-and-Jungfrau_by-Christoph-Str\u00e4ssler_CC-BY-SA-2.0_Flickr_1200x900-1024x768.jpg",1024,768,true],"author_info":{"display_name":"Traves\u00eda Pirenaica","author_link":"https:\/\/travesiapirenaica.com\/fr\/author\/travesia-pirenaica\/"},"comment_info":0,"category_info":[{"term_id":1,"name":"Sin categor\u00eda","slug":"sin-categoria","term_group":0,"term_taxonomy_id":1,"taxonomy":"category","description":"","parent":0,"count":207,"filter":"raw","cat_ID":1,"category_count":207,"category_description":"","cat_name":"Sin categor\u00eda","category_nicename":"sin-categoria","category_parent":0}],"tag_info":false,"jetpack_featured_media_url":"https:\/\/travesiapirenaica.com\/wp-content\/uploads\/2015\/08\/Eiger-M\u00f6nch-and-Jungfrau_by-Christoph-Str\u00e4ssler_CC-BY-SA-2.0_Flickr_1200x900.jpg","jetpack_sharing_enabled":true,"_links":{"self":[{"href":"https:\/\/travesiapirenaica.com\/fr\/wp-json\/wp\/v2\/posts\/19406","targetHints":{"allow":["GET"]}}],"collection":[{"href":"https:\/\/travesiapirenaica.com\/fr\/wp-json\/wp\/v2\/posts"}],"about":[{"href":"https:\/\/travesiapirenaica.com\/fr\/wp-json\/wp\/v2\/types\/post"}],"author":[{"embeddable":true,"href":"https:\/\/travesiapirenaica.com\/fr\/wp-json\/wp\/v2\/users\/1"}],"replies":[{"embeddable":true,"href":"https:\/\/travesiapirenaica.com\/fr\/wp-json\/wp\/v2\/comments?post=19406"}],"version-history":[{"count":0,"href":"https:\/\/travesiapirenaica.com\/fr\/wp-json\/wp\/v2\/posts\/19406\/revisions"}],"wp:featuredmedia":[{"embeddable":true,"href":"https:\/\/travesiapirenaica.com\/fr\/wp-json\/wp\/v2\/media\/19417"}],"wp:attachment":[{"href":"https:\/\/travesiapirenaica.com\/fr\/wp-json\/wp\/v2\/media?parent=19406"}],"wp:term":[{"taxonomy":"category","embeddable":true,"href":"https:\/\/travesiapirenaica.com\/fr\/wp-json\/wp\/v2\/categories?post=19406"},{"taxonomy":"post_tag","embeddable":true,"href":"https:\/\/travesiapirenaica.com\/fr\/wp-json\/wp\/v2\/tags?post=19406"},{"taxonomy":"series","embeddable":true,"href":"https:\/\/travesiapirenaica.com\/fr\/wp-json\/wp\/v2\/series?post=19406"}],"curies":[{"name":"wp","href":"https:\/\/api.w.org\/{rel}","templated":true}]}}