{"id":19472,"date":"2021-06-22T11:43:00","date_gmt":"2021-06-22T09:43:00","guid":{"rendered":"https:\/\/travesiapirenaica.com\/?p=19472"},"modified":"2021-09-06T10:56:55","modified_gmt":"2021-09-06T08:56:55","slug":"gr5-alpes","status":"publish","type":"post","link":"https:\/\/travesiapirenaica.com\/fr\/gr5-alpes\/","title":{"rendered":"Grande Travers\u00e9e des Alpes : \u00e0 travers les Alpes fran\u00e7aises, du lac L\u00e9man \u00e0 Nice, le long du GR5."},"content":{"rendered":"<p>La travers\u00e9e des Alpes du lac L\u00e9man (Thonon-les-Bains) \u00e0 Nice par le GR5 est connue sous le nom de \"GR5\".<em><strong>Grande Travers\u00e9e des Alpes<\/strong><\/em>\"L'itin\u00e9raire de 674 km peut \u00eatre parcouru en un mois.  C'est l'un des meilleurs treks alpins d'Europe et il devient de plus en plus populaire.  10 000 personnes le parcourent chaque ann\u00e9e, en totalit\u00e9 ou en partie. <\/p>\n\n\n\n\n<div class=\"aawp\">\n\n            \n            \n<div class=\"aawp-product aawp-product--horizontal aawp-product--css-adjust-image-large\"  data-aawp-product-asin=\"2751406238\" data-aawp-product-id=\"41066\" data-aawp-tracking-id=\"travesiapiren-21\" data-aawp-product-title=\"La grande travers\u00e9e des Alpes du Leman \u00e0 la Vanoise par le Mont Blanc et le Beaufortain  Plus de 10 jours de randonn\u00e9e\" data-aawp-geotargeting=\"true\">\n\n    \n    <div class=\"aawp-product__thumb\">\n        <a class=\"aawp-product__image-link\" href=\"https:\/\/www.amazon.es\/dp\/2751406238?tag=travesiapiren-21&amp;linkCode=ogi&amp;th=1&amp;psc=1\" title=\"La grande travers\u00e9e des Alpes du L\u00e9man \u00e0 la Vanoise en passant par le Mont Blanc et le Beaufortain : plus de 10 jours de randonn\u00e9e\" rel=\"nofollow noopener sponsored\" target=\"_blank\">\n            <img decoding=\"async\" class=\"aawp-product__image\" src=\"https:\/\/m.media-amazon.com\/images\/I\/51ub3y1g7mL.jpg\" alt=\"La grande travers\u00e9e des Alpes du L\u00e9man \u00e0 la Vanoise en passant par le Mont Blanc et le Beaufortain : plus de 10 jours de randonn\u00e9e\"  \/>\n        <\/a>\n\n            <\/div>\n\n    <div class=\"aawp-product__content\">\n        <a class=\"aawp-product__title\" href=\"https:\/\/www.amazon.es\/dp\/2751406238?tag=travesiapiren-21&amp;linkCode=ogi&amp;th=1&amp;psc=1\" title=\"La grande travers\u00e9e des Alpes du L\u00e9man \u00e0 la Vanoise en passant par le Mont Blanc et le Beaufortain : plus de 10 jours de randonn\u00e9e\" rel=\"nofollow noopener sponsored\" target=\"_blank\">\n            La grande travers\u00e9e des Alpes du L\u00e9man \u00e0 la Vanoise en passant par le Mont Blanc et le Beaufortain : plus de 10 jours de randonn\u00e9e        <\/a>\n        <div class=\"aawp-product__description\">\n                    <\/div>\n    <\/div>\n\n    <div class=\"aawp-product__footer\">\n\n        <div class=\"aawp-product__pricing\">\n            \n                            <span class=\"aawp-product__price aawp-product__price--current\">24,00 EUR<\/span>\n            \n                    <\/div>\n\n                <a class=\"aawp-button aawp-button--buy aawp-button--icon aawp-button--icon-black\" href=\"https:\/\/www.amazon.es\/dp\/2751406238?tag=travesiapiren-21&#038;linkCode=ogi&#038;th=1&#038;psc=1\" title=\"Voir sur Amazon\" target=\"_blank\" rel=\"nofollow noopener sponsored\">Voir sur Amazon<\/a>\n            <\/div>\n\n<\/div>\n\n    \n<\/div>\n\n\n\n\n<p>Il est possible de le combiner avec certaines variantes : l'impressionnant GR55 \u00e0 travers le parc national de la Vanoise et le difficile GR52 \u00e0 travers le parc national du Mercantour. <\/p>\n\n\n\n<figure><iframe loading=\"lazy\" width=\"100%\" height=\"315\" src=\"https:\/\/www.youtube.com\/embed\/d7BRog1BBLA\" rel=\"nofollow\" allowfullscreen=\"\"><\/iframe><\/figure>\n\n\n\n<hr class=\"wp-block-separator\"\/>\n\n\n\n<h2 class=\"wp-block-heading\">Guide pratique<\/h2>\n\n\n\n<hr class=\"wp-block-separator\"\/>\n\n\n\n<h3 class=\"wp-block-heading\">Quand partir ?<\/h3>\n\n\n\n<p>Le GR5 est avant tout un trekking d'\u00e9t\u00e9 : partir trop t\u00f4t ou trop tard dans la saison peut entra\u00eener des probl\u00e8mes de neige, et le ravitaillement peut \u00eatre ferm\u00e9. <\/p>\n\n\n\n<p>Les vacances d'\u00e9t\u00e9 en France s'\u00e9tendent de la mi-juillet \u00e0 la mi-ao\u00fbt : cette p\u00e9riode co\u00efncide avec les meilleures conditions m\u00e9t\u00e9orologiques, mais les h\u00e9bergements sont tr\u00e8s fr\u00e9quent\u00e9s.<br><\/p>\n\n\n\n<h3 class=\"wp-block-heading\">Difficult\u00e9 et conseils<\/h3>\n\n\n\n<p>Malgr\u00e9 sa longueur, et bien qu'il traverse les Alpes, le GR5 n'est rien de plus qu'une longue randonn\u00e9e en montagne, les sentiers sont bien nivel\u00e9s et le parcours peut varier de 645 \u00e0 725 km.<\/p>\n\n\n\n<h3 class=\"wp-block-heading\">Villes et services<\/h3>\n\n\n\n<p>Gen\u00e8ve ; <a rel=\"noreferrer noopener\" aria-label=\"Chamonix (s&#039;ouvre dans un nouvel onglet)\" href=\"https:\/\/travesiapirenaica.com\/fr\/chamonix\/\" target=\"_blank\">Chamonix<\/a>Modane ; <a rel=\"noreferrer noopener\" aria-label=\"Brian\u00e7on (ouvre un nouvel onglet)\" href=\"https:\/\/travesiapirenaica.com\/fr\/brianconnais-hautes-alpes\/\" target=\"_blank\">Brian\u00e7on<\/a>C'est une bonne chose.<\/p>\n\n\n\n<p>C\u00f4t\u00e9 alpin, le GR5 s'\u00e9tend entre le lac L\u00e9man (Thonon) et la M\u00e9diterran\u00e9e (Nice). A travers les massifs du Chablais, du Faucigny, du Haut Giffre, du Mont-Blanc, du Beaufortain, de la Vanoise, du Thabor, du Queyras, de la Haute-Ubaye, de la Tin\u00e9e, de la Haute-V\u00e9subie, de la Haute-Roya, du Mercantour ou de l'Authion, c'est tout ce qu'il y a !<\/p>\n\n\n\n<hr class=\"wp-block-separator\"\/>\n\n\n\n<h2 class=\"wp-block-heading\">Les \u00e9tapes<\/h2>\n\n\n\n<hr class=\"wp-block-separator\"\/>\n\n\n\n<p>Des glaciers du Mont-Blanc aux senteurs m\u00e9diterran\u00e9ennes des contreforts du Mercantour, le GR5 traverse l'ensemble des Alpes sur plus de 600 kilom\u00e8tres. Une quarantaine d'\u00e9tapes sur cet itin\u00e9raire de grande randonn\u00e9e qui permet un incroyable voyage au c\u0153ur de la diversit\u00e9 : des alpages verdoyants aux cols de haute montagne, des lacs \u00e9meraude aux vall\u00e9es sauvages, des villages oubli\u00e9s aux refuges.<\/p>\n\n\n\n<figure><iframe loading=\"lazy\" src=\"https:\/\/es.wikiloc.com\/wikiloc\/spatialArtifacts.do?event=view&amp;id=28511676&amp;measures=off&amp;title=off&amp;near=off&amp;images=off&amp;maptype=H\" rel=\"nofollow\" width=\"100%\" height=\"400\"><\/iframe><\/figure>\n\n\n\n<p>Le GR5 d\u00e9marre sur les rives du lac L\u00e9man avec la Tarentaise comme premier objectif. Un premier tron\u00e7on dans les Pr\u00e9alpes de Savoie jusqu'\u00e0 la puissance \"brute\" du Mont-Blanc, avec les Fiz et le Beaufortain en toile de fond.<br> Apr\u00e8s deux semaines de marche, la Vanoise se dessine, en majest\u00e9, puis laisse place au massif du Thabor. Dans les paysages grandioses du Queyras et de l'Ubaye, le GR5 entre de plain-pied dans les Alpes du Soleil : le Sud est l\u00e0, et signale l'arriv\u00e9e proche de la c\u00f4te. Les vall\u00e9es de la Tin\u00e9e, du Var ou de la B\u00e9v\u00e9ra sont les derniers remparts avant la M\u00e9diterran\u00e9e, enfin, apr\u00e8s un mois et demi de marche sur ce grand itin\u00e9raire des Alpes et m\u00eame de l'Europe enti\u00e8re.<\/p>\n\n\n\n<hr class=\"wp-block-separator\"\/>\n\n\n\n<ul class=\"wp-block-list\"><li><strong>Jour 1 <\/strong>De St Gingolph \u00e0 La Chapelle d'Abondance (itin\u00e9raire direct)<\/li><li><strong>Jour 1 <\/strong>De Thonon-les-Bains \u00e0 Chevenoz (alternative Jour 1)<\/li><li><strong>Jour 2 <\/strong>De Chevenoz \u00e0 La Chapelle d'Abondance (alternative Jour 2)<\/li><li><strong>Troisi\u00e8me jour <\/strong>La Chapelle d'Abondance \u00e0 Ch\u00e9sery<\/li><li><strong>Jour 4 <\/strong>Ch\u00e9sery \u00e0 Samo\u00ebns<\/li><li><strong>Jour 5 <\/strong>Samo\u00ebns au refuge de Mo\u00ebde Anterne<\/li><li><strong>Jour 6 <\/strong>Refuge de Mo\u00ebde Anterne aux Houches<\/li><li><strong>Jour 7 <\/strong>Des Houches aux Contamines<\/li><li><strong>Jour 7a <\/strong>Les Houches aux Contamines (itin\u00e9raire de haut niveau)<\/li><li><strong>Jour 8 <\/strong>Les Contamines a Plan de la Lai<\/li><li><strong>Jour 9<\/strong> Le plan de Lai \u00e0 Landry<\/li><\/ul>\n\n\n\n<hr class=\"wp-block-separator\"\/>\n\n\n\n<h5 class=\"wp-block-heading\">Itin\u00e9raire GR5 <\/h5>\n\n\n\n<ul class=\"wp-block-list\"><li><strong>Jour 10 <\/strong>De Landry au Refuge d'Entre-le-Lac<\/li><li><strong>11\u00e8me jour <\/strong>Refuge Entre-le-Lac \u00e0 Val d'Is\u00e8re<\/li><li><strong>Jour 12 <\/strong>De Val d'Is\u00e8re \u00e0 Bessans<\/li><li><strong>Jour 13 <\/strong>De Bessans au Refuge du Plan du Lac<\/li><li><strong>14\u00e8me jour <\/strong>Refuge du Plan du Lac \u00e0 Le Montana<\/li><li><strong>Jour 15 <\/strong>Le Montana \u00e0 Modane\/Fourneaux<\/li><\/ul>\n\n\n\n<hr class=\"wp-block-separator\"\/>\n\n\n\n<h5 class=\"wp-block-heading\">\/\/ Variante\/\/ GR55 (du refuge d'Entre-le-Lac \u00e0 Modane) \u00e0 travers le parc national de la Vanoise. Itin\u00e9raire de haut niveau  <\/h5>\n\n\n\n<ul class=\"wp-block-list\"><li><strong>11\u00e8me jour <\/strong>Du Refuge d'Entre-le-Lac au Refuge d'Entre Deux Eaux<\/li><li><strong>Jour 12 <\/strong>Refuge d'Entre Deux Eaux au Roc de la P\u00eache<\/li><li><strong>Jour 13 <\/strong>Roc de la P\u00eache \u00e0 Modane\/Fourneaux<\/li><\/ul>\n\n\n\n<hr class=\"wp-block-separator\"\/>\n\n\n\n<h5 class=\"wp-block-heading\">GR5E (de Bonneval-sur-Arc \u00e0 Modane) Itin\u00e9raire \u00e0 basse altitude <\/h5>\n\n\n\n<ul class=\"wp-block-list\"><li><strong>Jour 13 <\/strong>De Bonneval-sur-Arc \u00e0 Lanslevillard<\/li><li><strong>14\u00e8me jour <\/strong>De Lanslevillard \u00e0 Bramans<\/li><li><strong>Jour 15 <\/strong>De Bramans \u00e0 Modane\/Fourneaux<\/li><\/ul>\n\n\n\n<hr class=\"wp-block-separator\"\/>\n\n\n\n<ul class=\"wp-block-list\"><li><strong>Jour 16 <\/strong>De Modane\/Fourneaux au Refuge du Thabor<\/li><li><strong>Jour 17 <\/strong>Refuge du Thabor \u00e0 Plampinet<\/li><li><strong>Jour 17a <\/strong>La Vall\u00e9e \u00c9troite \u00e0 Plampinet (alternative GR5B)<\/li><li><strong>Jour 18 <\/strong>De Plampinet \u00e0 Brian\u00e7on<\/li><li><strong>Jour 18a <\/strong>De N\u00e9vache \u00e0 Brian\u00e7on (alternative GR5C)<\/li><li><strong>Jour 19 <\/strong>De Brian\u00e7on \u00e0 Brunissard<\/li><li><strong>Jour 20 <\/strong>De Brunissard \u00e0 Ceillac<\/li><li><strong>Jour 21 <\/strong>De Ceillac \u00e0 La Barge\/Maljasset<\/li><li><strong>Jour 22 <\/strong>De La Barge\/Maljasset \u00e0 Larche<\/li><li><strong>Jour 23 <\/strong>De Larche \u00e0 Bousieyas<\/li><li><strong>Jour 24 <\/strong>De Bousieyas \u00e0 Auron<\/li><li><strong>Jour 25 <\/strong>D'Auron au refuge de Longon<\/li><li><strong>Jour 26 <\/strong>Refuge de Longon \u00e0 St Dalmas<\/li><li><strong>Jour 27 <\/strong>De St Dalmas \u00e0 Utelle<\/li><li><strong>Jour 28 <\/strong>D'Utelle \u00e0 Aspremont<\/li><li><strong>Jour 29 <\/strong>D'Aspremont \u00e0 Nice<\/li><\/ul>\n\n\n\n<hr class=\"wp-block-separator\"\/>\n\n\n\n<h5 class=\"wp-block-heading\">\/\/ Contournement \/\/ De St Dalmas \u00e0 Garavan\/Menton - GR52 via le Parc National du Mercantour. <\/h5>\n\n\n\n<ul class=\"wp-block-list\"><li><strong>Jour 27 <\/strong>De St Dalmas au Bor\u00e9on<\/li><li><strong>Jour 28 <\/strong>Du Bor\u00e9on au Refuge de Nice<\/li><li><strong>Jour 29 <\/strong>Du Refuge de Nice au Refuge des Merveilles<\/li><li><strong>Jour 30 <\/strong>Refuge des Merveilles au Camp d'Argent<\/li><li><strong>Jour 31 <\/strong>Camp d'Argent \u00e0 Sospel<\/li><li><strong>Jour 32 <\/strong>De Sospel \u00e0 Garavan\/Menton<\/li><\/ul>\n\n\n\n<hr class=\"wp-block-separator\"\/>","protected":false},"excerpt":{"rendered":"Le GR5 traverse les Alpes depuis les rives du lac L\u00e9man jusqu'\u00e0 la M\u00e9diterran\u00e9e \u00e0 Nice. Un itin\u00e9raire de 674 km, qui peut \u00eatre parcouru en un mois.","protected":false},"author":1,"featured_media":19485,"comment_status":"closed","ping_status":"closed","sticky":false,"template":"","format":"image","meta":{"_kad_blocks_custom_css":"","_kad_blocks_head_custom_js":"","_kad_blocks_body_custom_js":"","_kad_blocks_footer_custom_js":"","episode_type":"audio","audio_file":"","podmotor_file_id":"","podmotor_episode_id":"","cover_image":"","cover_image_id":"","duration":"","filesize":"","filesize_raw":"","date_recorded":"","explicit":"","block":"","_kad_post_transparent":"","_kad_post_title":"","_kad_post_layout":"","_kad_post_sidebar_id":"","_kad_post_content_style":"","_kad_post_vertical_padding":"","_kad_post_feature":"","_kad_post_feature_position":"","_kad_post_header":false,"_kad_post_footer":false,"_kad_post_classname":"","_jetpack_memberships_contains_paid_content":false,"footnotes":""},"categories":[2931],"tags":[],"series":[],"class_list":["post-19472","post","type-post","status-publish","format-image","has-post-thumbnail","hentry","category-alpes","post_format-post-format-image"],"episode_featured_image":"https:\/\/travesiapirenaica.com\/wp-content\/uploads\/2015\/08\/GR5-desde-Utelle-a-Le-Cros-dUtelle_by-lombiedezombie@hotma\u2026-CC-BY-3.0-Wikimedia-Commons_1200x900.jpg","episode_player_image":"https:\/\/travesiapirenaica.com\/wp-content\/uploads\/2017\/12\/Caratula-Podcast-Maldita-Montana_1500x1500_72pp-p_.jpg","download_link":"","player_link":"","audio_player":false,"episode_data":{"playerMode":"dark","subscribeUrls":[],"rssFeedUrl":"https:\/\/travesiapirenaica.com\/fr\/feed\/podcast\/maldita-montana","embedCode":"<blockquote class=\"wp-embedded-content\" data-secret=\"1kMpQaB5OS\"><a href=\"https:\/\/travesiapirenaica.com\/fr\/gr5-alpes\/\">Grande Travers\u00e9e des Alpes: a trav\u00e9s de los Alpes Franceses desde el Lago Lem\u00e1n hasta Niza recorriendo el GR5<\/a><\/blockquote><iframe sandbox=\"allow-scripts\" security=\"restricted\" src=\"https:\/\/travesiapirenaica.com\/fr\/gr5-alpes\/embed\/#?secret=1kMpQaB5OS\" width=\"500\" height=\"350\" title=\"\u00ab\u00a0Grande Travers\u00e9e des Alpes: a trav\u00e9s de los Alpes Franceses desde el Lago Lem\u00e1n hasta Niza recorriendo el GR5\u00a0\u00bb &#8212; Traves\u00eda.\" data-secret=\"1kMpQaB5OS\" frameborder=\"0\" marginwidth=\"0\" marginheight=\"0\" scrolling=\"no\" class=\"wp-embedded-content\"><\/iframe><script>\n\/*! This file is auto-generated *\/\n!function(d,l){\"use strict\";l.querySelector&&d.addEventListener&&\"undefined\"!=typeof URL&&(d.wp=d.wp||{},d.wp.receiveEmbedMessage||(d.wp.receiveEmbedMessage=function(e){var t=e.data;if((t||t.secret||t.message||t.value)&&!\/[^a-zA-Z0-9]\/.test(t.secret)){for(var s,r,n,a=l.querySelectorAll('iframe[data-secret=\"'+t.secret+'\"]'),o=l.querySelectorAll('blockquote[data-secret=\"'+t.secret+'\"]'),c=new RegExp(\"^https?:$\",\"i\"),i=0;i<o.length;i++)o[i].style.display=\"none\";for(i=0;i<a.length;i++)s=a[i],e.source===s.contentWindow&&(s.removeAttribute(\"style\"),\"height\"===t.message?(1e3<(r=parseInt(t.value,10))?r=1e3:~~r<200&&(r=200),s.height=r):\"link\"===t.message&&(r=new URL(s.getAttribute(\"src\")),n=new URL(t.value),c.test(n.protocol))&&n.host===r.host&&l.activeElement===s&&(d.top.location.href=t.value))}},d.addEventListener(\"message\",d.wp.receiveEmbedMessage,!1),l.addEventListener(\"DOMContentLoaded\",function(){for(var e,t,s=l.querySelectorAll(\"iframe.wp-embedded-content\"),r=0;r<s.length;r++)(t=(e=s[r]).getAttribute(\"data-secret\"))||(t=Math.random().toString(36).substring(2,12),e.src+=\"#?secret=\"+t,e.setAttribute(\"data-secret\",t)),e.contentWindow.postMessage({message:\"ready\",secret:t},\"*\")},!1)))}(window,document);\n\/\/# sourceURL=https:\/\/travesiapirenaica.com\/wp-includes\/js\/wp-embed.min.js\n<\/script>\n"},"taxonomy_info":{"category":[{"value":2931,"label":"Alpes"}]},"featured_image_src_large":["https:\/\/travesiapirenaica.com\/wp-content\/uploads\/2015\/08\/GR5-desde-Utelle-a-Le-Cros-dUtelle_by-lombiedezombie@hotma\u2026-CC-BY-3.0-Wikimedia-Commons_1200x900-1024x768.jpg",1024,768,true],"author_info":{"display_name":"Traves\u00eda Pirenaica","author_link":"https:\/\/travesiapirenaica.com\/fr\/author\/travesia-pirenaica\/"},"comment_info":0,"category_info":[{"term_id":2931,"name":"Alpes","slug":"alpes","term_group":0,"term_taxonomy_id":2947,"taxonomy":"category","description":"Alpes","parent":18,"count":14,"filter":"raw","cat_ID":2931,"category_count":14,"category_description":"Alpes","cat_name":"Alpes","category_nicename":"alpes","category_parent":18}],"tag_info":false,"jetpack_featured_media_url":"https:\/\/travesiapirenaica.com\/wp-content\/uploads\/2015\/08\/GR5-desde-Utelle-a-Le-Cros-dUtelle_by-lombiedezombie@hotma\u2026-CC-BY-3.0-Wikimedia-Commons_1200x900.jpg","jetpack_sharing_enabled":true,"_links":{"self":[{"href":"https:\/\/travesiapirenaica.com\/fr\/wp-json\/wp\/v2\/posts\/19472","targetHints":{"allow":["GET"]}}],"collection":[{"href":"https:\/\/travesiapirenaica.com\/fr\/wp-json\/wp\/v2\/posts"}],"about":[{"href":"https:\/\/travesiapirenaica.com\/fr\/wp-json\/wp\/v2\/types\/post"}],"author":[{"embeddable":true,"href":"https:\/\/travesiapirenaica.com\/fr\/wp-json\/wp\/v2\/users\/1"}],"replies":[{"embeddable":true,"href":"https:\/\/travesiapirenaica.com\/fr\/wp-json\/wp\/v2\/comments?post=19472"}],"version-history":[{"count":0,"href":"https:\/\/travesiapirenaica.com\/fr\/wp-json\/wp\/v2\/posts\/19472\/revisions"}],"wp:featuredmedia":[{"embeddable":true,"href":"https:\/\/travesiapirenaica.com\/fr\/wp-json\/wp\/v2\/media\/19485"}],"wp:attachment":[{"href":"https:\/\/travesiapirenaica.com\/fr\/wp-json\/wp\/v2\/media?parent=19472"}],"wp:term":[{"taxonomy":"category","embeddable":true,"href":"https:\/\/travesiapirenaica.com\/fr\/wp-json\/wp\/v2\/categories?post=19472"},{"taxonomy":"post_tag","embeddable":true,"href":"https:\/\/travesiapirenaica.com\/fr\/wp-json\/wp\/v2\/tags?post=19472"},{"taxonomy":"series","embeddable":true,"href":"https:\/\/travesiapirenaica.com\/fr\/wp-json\/wp\/v2\/series?post=19472"}],"curies":[{"name":"wp","href":"https:\/\/api.w.org\/{rel}","templated":true}]}}