{"id":19499,"date":"2015-08-07T13:42:41","date_gmt":"2015-08-07T11:42:41","guid":{"rendered":"https:\/\/travesiapirenaica.com\/?p=19499"},"modified":"2019-08-07T13:57:38","modified_gmt":"2019-08-07T11:57:38","slug":"slovenska-planinska-pot","status":"publish","type":"post","link":"https:\/\/travesiapirenaica.com\/fr\/slovenska-planinska-pot\/","title":{"rendered":"Le sentier de montagne slov\u00e8ne (Transverzala)\"."},"content":{"rendered":"<p>Le sentier de montagne slov\u00e8ne ou Transverzala, 550 km \u00e0 travers la Slov\u00e9nie. Il commence \u00e0 Maribor, pr\u00e8s de la fronti\u00e8re autrichienne, et se termine \u00e0 Ankaran, sur la c\u00f4te adriatique, en passant par la r\u00e9gion de Pohorje et les montagnes calcaires de Karavanke, Kamnik-Savinja et des Alpes juliennes.<\/p>\n\n\n\n<p>De Maribor, pr\u00e8s de la fronti\u00e8re autrichienne, au nord-est, \u00e0 Ankaran, sur la c\u00f4te adriatique, au sud-ouest, l'itin\u00e9raire couvre le vaste plateau forestier de Pohorje, les sommets calcaires escarp\u00e9s des Alpes juliennes et de Kamnik-Savinja, avec ses via ferrata prot\u00e9g\u00e9es, les alpages traditionnels et les cr\u00eates fleuries des Karavanke, ainsi que les collines et les oliveraies bois\u00e9es de la r\u00e9gion calcaire du Karavanqueado qui s'\u00e9tendent vers la c\u00f4te.<\/p>\n\n\n\n<hr class=\"wp-block-separator\"\/>\n\n\n\n<h2 class=\"wp-block-heading\">Guide pratique<\/h2>\n\n\n\n<hr class=\"wp-block-separator\"\/>\n\n\n\n<h4 class=\"wp-block-heading\">Quand partir ?<\/h4>\n\n\n\n<p>Juin-septembre ; certaines des randonn\u00e9es les plus faciles peuvent \u00eatre effectu\u00e9es en mai et en octobre, mais les refuges sont alors ferm\u00e9s.<br><\/p>\n\n\n\n<h4 class=\"wp-block-heading\">Difficult\u00e9<\/h4>\n\n\n\n<p>Les sections les plus difficiles requi\u00e8rent une exp\u00e9rience de l'alpinisme car elles sont \u00e9prouvantes, souvent tr\u00e8s expos\u00e9es, et comportent des sections de protection fixes ; l'utilisation de casques et de mat\u00e9riel d'escalade est recommand\u00e9e.<em> relais automatique<\/em> (ferrata).<\/p>\n\n\n\n<h4 class=\"wp-block-heading\">\u00c0 ne pas manquer<\/h4>\n\n\n\n<ul class=\"wp-block-list\"><li>Les hautes terres de Pohorje<\/li><li>Alpes de Kamnik-Savinja<\/li><li>Les Alpes juliennes, notamment le Triglav, la plus haute montagne de Slov\u00e9nie, la vall\u00e9e des lacs du Triglav et le col de Vr\u0161i\u010d.<\/li><li>La r\u00e9gion du Karst<\/li><li>La ville mini\u00e8re d'Idrija<\/li><li>Les grottes de \u0160kocjan<\/li><li>La c\u00f4te adriatique.<\/li><\/ul>\n\n\n\n<hr class=\"wp-block-separator\"\/>\n\n\n\n<h3 class=\"wp-block-heading\">Les \u00e9tapes<\/h3>\n\n\n\n<p>L'itin\u00e9raire de 550 km est pr\u00e9sent\u00e9 en 12 sections de 3 \u00e0 6 jours, toutes avec des points de d\u00e9part et d'arriv\u00e9e accessibles par les transports publics. <\/p>\n\n\n\n<hr class=\"wp-block-separator\"\/>\n\n\n\n<figure><iframe loading=\"lazy\" src=\"https:\/\/es.wikiloc.com\/wikiloc\/spatialArtifacts.do?event=view&amp;id=19051953&amp;measures=off&amp;title=off&amp;near=off&amp;images=off&amp;maptype=H\" rel=\"nofollow\" width=\"100%\" height=\"400\"><\/iframe><\/figure>\n\n\n\n<hr class=\"wp-block-separator\"\/>\n\n\n\n<ul class=\"wp-block-list\"><li>Section 1 De Maribor \u00e0 Slovenj Gradec<\/li><li>Section 2 Slovenj Gradec a Sol\u010dava<\/li><li>Section 3 Sol\u010dava a Zgornje Jezersko<\/li><li>Section 4 Zgornje Jezersko a Tr\u017ei\u010d<\/li><li>Tron\u00e7on 5 De Tr\u017ei\u010d \u00e0 Dovje\/Mojstrana<\/li><li>Section 6 De Dovje\/Mojstrana \u00e0 Vr\u0161i\u010d<\/li><li>Section 7 Vr\u0161i\u010d a Trenta<\/li><li>Section 8 De Trenta \u00e0 Petrovo Brdo<\/li><li>Section 9 Petrovo Brdo a Idrija<\/li><li>Section 10 Idrija a Col<\/li><li>Article 11 Col a Matavun<\/li><li>Section 12 De Matavun \u00e0 Ankaran <\/li><\/ul>\n\n\n<p><!--EndFragment--><br \/><br \/><\/p>","protected":false},"excerpt":{"rendered":"Le Slovene Mountain Trail ou Transverzala, 550 km \u00e0 travers la Slov\u00e9nie. Commen\u00e7ant \u00e0 Maribor,...","protected":false},"author":1,"featured_media":19505,"comment_status":"closed","ping_status":"closed","sticky":false,"template":"","format":"image","meta":{"_kad_blocks_custom_css":"","_kad_blocks_head_custom_js":"","_kad_blocks_body_custom_js":"","_kad_blocks_footer_custom_js":"","episode_type":"","audio_file":"","podmotor_file_id":"","podmotor_episode_id":"","cover_image":"","cover_image_id":"","duration":"","filesize":"","filesize_raw":"","date_recorded":"","explicit":"","block":"","_kad_post_transparent":"","_kad_post_title":"","_kad_post_layout":"","_kad_post_sidebar_id":"","_kad_post_content_style":"","_kad_post_vertical_padding":"","_kad_post_feature":"","_kad_post_feature_position":"","_kad_post_header":false,"_kad_post_footer":false,"_kad_post_classname":"","_jetpack_memberships_contains_paid_content":false,"footnotes":""},"categories":[1],"tags":[],"series":[],"class_list":["post-19499","post","type-post","status-publish","format-image","has-post-thumbnail","hentry","category-sin-categoria","post_format-post-format-image"],"episode_featured_image":"https:\/\/travesiapirenaica.com\/wp-content\/uploads\/2015\/08\/Slovenska_planinska_pot_-_Osankarica_by-breki74-from-Maribor-Slovenia-CC-BY-SA-2.0-Wikimedia-Commons_1200x900-.jpg","episode_player_image":"https:\/\/travesiapirenaica.com\/wp-content\/uploads\/2017\/12\/Caratula-Podcast-Maldita-Montana_1500x1500_72pp-p_.jpg","download_link":"","player_link":"","audio_player":false,"episode_data":{"playerMode":"dark","subscribeUrls":[],"rssFeedUrl":"https:\/\/travesiapirenaica.com\/fr\/feed\/podcast\/maldita-montana","embedCode":"<blockquote class=\"wp-embedded-content\" data-secret=\"jwecjTgi9W\"><a href=\"https:\/\/travesiapirenaica.com\/fr\/slovenska-planinska-pot\/\">El Slovene Mountain Trail (Transverzala)\u00bb<\/a><\/blockquote><iframe sandbox=\"allow-scripts\" security=\"restricted\" src=\"https:\/\/travesiapirenaica.com\/fr\/slovenska-planinska-pot\/embed\/#?secret=jwecjTgi9W\" width=\"500\" height=\"350\" title=\"\u00ab\u00a0El Slovene Mountain Trail (Transverzala)\u00bb\u00a0\u00bb &#8212; Traves\u00eda.\" data-secret=\"jwecjTgi9W\" frameborder=\"0\" marginwidth=\"0\" marginheight=\"0\" scrolling=\"no\" class=\"wp-embedded-content\"><\/iframe><script>\n\/*! This file is auto-generated *\/\n!function(d,l){\"use strict\";l.querySelector&&d.addEventListener&&\"undefined\"!=typeof URL&&(d.wp=d.wp||{},d.wp.receiveEmbedMessage||(d.wp.receiveEmbedMessage=function(e){var t=e.data;if((t||t.secret||t.message||t.value)&&!\/[^a-zA-Z0-9]\/.test(t.secret)){for(var s,r,n,a=l.querySelectorAll('iframe[data-secret=\"'+t.secret+'\"]'),o=l.querySelectorAll('blockquote[data-secret=\"'+t.secret+'\"]'),c=new RegExp(\"^https?:$\",\"i\"),i=0;i<o.length;i++)o[i].style.display=\"none\";for(i=0;i<a.length;i++)s=a[i],e.source===s.contentWindow&&(s.removeAttribute(\"style\"),\"height\"===t.message?(1e3<(r=parseInt(t.value,10))?r=1e3:~~r<200&&(r=200),s.height=r):\"link\"===t.message&&(r=new URL(s.getAttribute(\"src\")),n=new URL(t.value),c.test(n.protocol))&&n.host===r.host&&l.activeElement===s&&(d.top.location.href=t.value))}},d.addEventListener(\"message\",d.wp.receiveEmbedMessage,!1),l.addEventListener(\"DOMContentLoaded\",function(){for(var e,t,s=l.querySelectorAll(\"iframe.wp-embedded-content\"),r=0;r<s.length;r++)(t=(e=s[r]).getAttribute(\"data-secret\"))||(t=Math.random().toString(36).substring(2,12),e.src+=\"#?secret=\"+t,e.setAttribute(\"data-secret\",t)),e.contentWindow.postMessage({message:\"ready\",secret:t},\"*\")},!1)))}(window,document);\n\/\/# sourceURL=https:\/\/travesiapirenaica.com\/wp-includes\/js\/wp-embed.min.js\n<\/script>\n"},"taxonomy_info":{"category":[{"value":1,"label":"Sin categor\u00eda"}]},"featured_image_src_large":["https:\/\/travesiapirenaica.com\/wp-content\/uploads\/2015\/08\/Slovenska_planinska_pot_-_Osankarica_by-breki74-from-Maribor-Slovenia-CC-BY-SA-2.0-Wikimedia-Commons_1200x900--1024x768.jpg",1024,768,true],"author_info":{"display_name":"Traves\u00eda Pirenaica","author_link":"https:\/\/travesiapirenaica.com\/fr\/author\/travesia-pirenaica\/"},"comment_info":0,"category_info":[{"term_id":1,"name":"Sin categor\u00eda","slug":"sin-categoria","term_group":0,"term_taxonomy_id":1,"taxonomy":"category","description":"","parent":0,"count":207,"filter":"raw","cat_ID":1,"category_count":207,"category_description":"","cat_name":"Sin categor\u00eda","category_nicename":"sin-categoria","category_parent":0}],"tag_info":false,"jetpack_featured_media_url":"https:\/\/travesiapirenaica.com\/wp-content\/uploads\/2015\/08\/Slovenska_planinska_pot_-_Osankarica_by-breki74-from-Maribor-Slovenia-CC-BY-SA-2.0-Wikimedia-Commons_1200x900-.jpg","jetpack_sharing_enabled":true,"_links":{"self":[{"href":"https:\/\/travesiapirenaica.com\/fr\/wp-json\/wp\/v2\/posts\/19499","targetHints":{"allow":["GET"]}}],"collection":[{"href":"https:\/\/travesiapirenaica.com\/fr\/wp-json\/wp\/v2\/posts"}],"about":[{"href":"https:\/\/travesiapirenaica.com\/fr\/wp-json\/wp\/v2\/types\/post"}],"author":[{"embeddable":true,"href":"https:\/\/travesiapirenaica.com\/fr\/wp-json\/wp\/v2\/users\/1"}],"replies":[{"embeddable":true,"href":"https:\/\/travesiapirenaica.com\/fr\/wp-json\/wp\/v2\/comments?post=19499"}],"version-history":[{"count":0,"href":"https:\/\/travesiapirenaica.com\/fr\/wp-json\/wp\/v2\/posts\/19499\/revisions"}],"wp:featuredmedia":[{"embeddable":true,"href":"https:\/\/travesiapirenaica.com\/fr\/wp-json\/wp\/v2\/media\/19505"}],"wp:attachment":[{"href":"https:\/\/travesiapirenaica.com\/fr\/wp-json\/wp\/v2\/media?parent=19499"}],"wp:term":[{"taxonomy":"category","embeddable":true,"href":"https:\/\/travesiapirenaica.com\/fr\/wp-json\/wp\/v2\/categories?post=19499"},{"taxonomy":"post_tag","embeddable":true,"href":"https:\/\/travesiapirenaica.com\/fr\/wp-json\/wp\/v2\/tags?post=19499"},{"taxonomy":"series","embeddable":true,"href":"https:\/\/travesiapirenaica.com\/fr\/wp-json\/wp\/v2\/series?post=19499"}],"curies":[{"name":"wp","href":"https:\/\/api.w.org\/{rel}","templated":true}]}}