{"id":19596,"date":"2015-08-10T11:26:33","date_gmt":"2015-08-10T09:26:33","guid":{"rendered":"https:\/\/travesiapirenaica.com\/?p=19596"},"modified":"2019-08-10T20:01:27","modified_gmt":"2019-08-10T18:01:27","slug":"alta-via-2-daosta-gran-paradiso","status":"publish","type":"post","link":"https:\/\/travesiapirenaica.com\/fr\/alta-via-2-daosta-gran-paradiso\/","title":{"rendered":"Trekking dans le Grand Paradis : Alta Via 2"},"content":{"rendered":"<p>Le Grand Paradis est situ\u00e9 dans la vall\u00e9e d'Aoste, au nord-ouest de l'Italie, une r\u00e9gion \u00e0 la limite de la nature vierge. Les diff\u00e9rents itin\u00e9raires offrent des vues sur le Mont Blanc, le Mont Rose et la cha\u00eene de montagnes du Cervin. <\/p>\n\n\n\n<p>La Haute Route couvre plus de 148 km, en 12 \u00e9tapes, de montagnes et de vall\u00e9es escarp\u00e9es entre Chardonnay et Courmayeur.  <\/p>\n\n\n\n<figure><iframe loading=\"lazy\" width=\"100%\" height=\"315\" src=\"https:\/\/www.youtube.com\/embed\/6DnigXVKkX8\" rel=\"nofollow\" allowfullscreen=\"\"><\/iframe><\/figure>\n\n\n\n<hr class=\"wp-block-separator\"\/>\n\n\n\n<h2 class=\"wp-block-heading\">Guide pratique<\/h2>\n\n\n\n<hr class=\"wp-block-separator\"\/>\n\n\n\n<h3 class=\"wp-block-heading\">Quand partir ?<\/h3>\n\n\n\n<p>Les mois d'\u00e9t\u00e9 - de fin juin \u00e0 fin septembre - sont la p\u00e9riode id\u00e9ale pour partir. C'est \u00e0 cette p\u00e9riode que les refuges de montagne sont ouverts, offrant repas et h\u00e9bergement aux randonneurs. Cependant, en dehors de cette p\u00e9riode, les villages de la vall\u00e9e peuvent servir de base confortable pour des randonn\u00e9es d'une journ\u00e9e.<\/p>\n\n\n\n<hr class=\"wp-block-separator\"\/>\n\n\n\n<h2 class=\"wp-block-heading\">Alta Via 2 \u00c9tapes<\/h2>\n\n\n\n<figure><iframe loading=\"lazy\" src=\"https:\/\/es.wikiloc.com\/wikiloc\/spatialArtifacts.do?event=view&amp;id=7479973&amp;measures=off&amp;title=off&amp;near=off&amp;images=off&amp;maptype=H\" rel=\"nofollow\" width=\"100%\" height=\"400\"><\/iframe><\/figure>\n\n\n\n<hr class=\"wp-block-separator\"\/>\n\n\n\n<ul class=\"wp-block-list\"><li><strong>Premi\u00e8re \u00e9tape <\/strong>Chardonney a Rifugio Dondena<\/li><li><strong>\u00c9tape 2 <\/strong>Du refuge Dondena au refuge P\u00e9radz\u00e0<\/li><li><strong>\u00c9tape 3 <\/strong>Rifugio P\u00e9radz\u00e0 a Cogne<\/li><li><strong>\u00c9tape 4 <\/strong>Cogne a Rifugio Vittorio Sella<\/li><li><strong>\u00c9tape 5 <\/strong>Rifugio Vittorio Sella dans les Eaux Rousses<\/li><li><strong>\u00c9tape 6 <\/strong>D'Eaux Rousses \u00e0 Rh\u00eames-Notre-Dame<\/li><li><strong>\u00c9tape 7 <\/strong>Rh\u00eames-Notre-Dame a Rifugio Chalet de l'Ep\u00e9e<\/li><li><strong>\u00c9tape 8 <\/strong>Rifugio Chalet de l'Ep\u00e9e \u00e0 Planaval<\/li><li><strong>\u00c9tape 9 <\/strong>Planaval a La Haut<\/li><li><strong>\u00c9tape 10 <\/strong>La Haut a La Thuile<\/li><li><strong>\u00c9tape 11 <\/strong>La Thuile a Rifugio Elisabetta Soldini<\/li><li><strong>\u00c9tape 12 <\/strong>Rifugio Elisabetta Soldini \u00e0 Courmayeur<\/li><\/ul>\n\n\n\n<hr class=\"wp-block-separator\"\/>","protected":false},"excerpt":{"rendered":"Le Grand Paradis est situ\u00e9 dans la vall\u00e9e d'Aoste, au nord-ouest de l'Italie, dans la...","protected":false},"author":1,"featured_media":0,"comment_status":"closed","ping_status":"closed","sticky":false,"template":"","format":"image","meta":{"_kad_blocks_custom_css":"","_kad_blocks_head_custom_js":"","_kad_blocks_body_custom_js":"","_kad_blocks_footer_custom_js":"","episode_type":"","audio_file":"","podmotor_file_id":"","podmotor_episode_id":"","cover_image":"","cover_image_id":"","duration":"","filesize":"","filesize_raw":"","date_recorded":"","explicit":"","block":"","_kad_post_transparent":"","_kad_post_title":"","_kad_post_layout":"","_kad_post_sidebar_id":"","_kad_post_content_style":"","_kad_post_vertical_padding":"","_kad_post_feature":"","_kad_post_feature_position":"","_kad_post_header":false,"_kad_post_footer":false,"_kad_post_classname":"","_jetpack_memberships_contains_paid_content":false,"footnotes":""},"categories":[1],"tags":[],"series":[],"class_list":["post-19596","post","type-post","status-publish","format-image","hentry","category-sin-categoria","post_format-post-format-image"],"episode_featured_image":false,"episode_player_image":"https:\/\/travesiapirenaica.com\/wp-content\/uploads\/2017\/12\/Caratula-Podcast-Maldita-Montana_1500x1500_72pp-p_.jpg","download_link":"","player_link":"","audio_player":false,"episode_data":{"playerMode":"dark","subscribeUrls":[],"rssFeedUrl":"https:\/\/travesiapirenaica.com\/fr\/feed\/podcast\/maldita-montana","embedCode":"<blockquote class=\"wp-embedded-content\" data-secret=\"SCDsM6ewxK\"><a href=\"https:\/\/travesiapirenaica.com\/fr\/alta-via-2-daosta-gran-paradiso\/\">Trekking en Gran Paradiso: Alta Via 2<\/a><\/blockquote><iframe sandbox=\"allow-scripts\" security=\"restricted\" src=\"https:\/\/travesiapirenaica.com\/fr\/alta-via-2-daosta-gran-paradiso\/embed\/#?secret=SCDsM6ewxK\" width=\"500\" height=\"350\" title=\"\u00ab\u00a0Trekking en Gran Paradiso: Alta Via 2\u00a0\u00bb &#8212; Traves\u00eda.\" data-secret=\"SCDsM6ewxK\" frameborder=\"0\" marginwidth=\"0\" marginheight=\"0\" scrolling=\"no\" class=\"wp-embedded-content\"><\/iframe><script>\n\/*! This file is auto-generated *\/\n!function(d,l){\"use strict\";l.querySelector&&d.addEventListener&&\"undefined\"!=typeof URL&&(d.wp=d.wp||{},d.wp.receiveEmbedMessage||(d.wp.receiveEmbedMessage=function(e){var t=e.data;if((t||t.secret||t.message||t.value)&&!\/[^a-zA-Z0-9]\/.test(t.secret)){for(var s,r,n,a=l.querySelectorAll('iframe[data-secret=\"'+t.secret+'\"]'),o=l.querySelectorAll('blockquote[data-secret=\"'+t.secret+'\"]'),c=new RegExp(\"^https?:$\",\"i\"),i=0;i<o.length;i++)o[i].style.display=\"none\";for(i=0;i<a.length;i++)s=a[i],e.source===s.contentWindow&&(s.removeAttribute(\"style\"),\"height\"===t.message?(1e3<(r=parseInt(t.value,10))?r=1e3:~~r<200&&(r=200),s.height=r):\"link\"===t.message&&(r=new URL(s.getAttribute(\"src\")),n=new URL(t.value),c.test(n.protocol))&&n.host===r.host&&l.activeElement===s&&(d.top.location.href=t.value))}},d.addEventListener(\"message\",d.wp.receiveEmbedMessage,!1),l.addEventListener(\"DOMContentLoaded\",function(){for(var e,t,s=l.querySelectorAll(\"iframe.wp-embedded-content\"),r=0;r<s.length;r++)(t=(e=s[r]).getAttribute(\"data-secret\"))||(t=Math.random().toString(36).substring(2,12),e.src+=\"#?secret=\"+t,e.setAttribute(\"data-secret\",t)),e.contentWindow.postMessage({message:\"ready\",secret:t},\"*\")},!1)))}(window,document);\n\/\/# sourceURL=https:\/\/travesiapirenaica.com\/wp-includes\/js\/wp-embed.min.js\n<\/script>\n"},"taxonomy_info":{"category":[{"value":1,"label":"Sin categor\u00eda"}]},"featured_image_src_large":false,"author_info":{"display_name":"Traves\u00eda Pirenaica","author_link":"https:\/\/travesiapirenaica.com\/fr\/author\/travesia-pirenaica\/"},"comment_info":0,"category_info":[{"term_id":1,"name":"Sin categor\u00eda","slug":"sin-categoria","term_group":0,"term_taxonomy_id":1,"taxonomy":"category","description":"","parent":0,"count":208,"filter":"raw","cat_ID":1,"category_count":208,"category_description":"","cat_name":"Sin categor\u00eda","category_nicename":"sin-categoria","category_parent":0}],"tag_info":false,"jetpack_featured_media_url":"","jetpack_sharing_enabled":true,"_links":{"self":[{"href":"https:\/\/travesiapirenaica.com\/fr\/wp-json\/wp\/v2\/posts\/19596","targetHints":{"allow":["GET"]}}],"collection":[{"href":"https:\/\/travesiapirenaica.com\/fr\/wp-json\/wp\/v2\/posts"}],"about":[{"href":"https:\/\/travesiapirenaica.com\/fr\/wp-json\/wp\/v2\/types\/post"}],"author":[{"embeddable":true,"href":"https:\/\/travesiapirenaica.com\/fr\/wp-json\/wp\/v2\/users\/1"}],"replies":[{"embeddable":true,"href":"https:\/\/travesiapirenaica.com\/fr\/wp-json\/wp\/v2\/comments?post=19596"}],"version-history":[{"count":0,"href":"https:\/\/travesiapirenaica.com\/fr\/wp-json\/wp\/v2\/posts\/19596\/revisions"}],"wp:attachment":[{"href":"https:\/\/travesiapirenaica.com\/fr\/wp-json\/wp\/v2\/media?parent=19596"}],"wp:term":[{"taxonomy":"category","embeddable":true,"href":"https:\/\/travesiapirenaica.com\/fr\/wp-json\/wp\/v2\/categories?post=19596"},{"taxonomy":"post_tag","embeddable":true,"href":"https:\/\/travesiapirenaica.com\/fr\/wp-json\/wp\/v2\/tags?post=19596"},{"taxonomy":"series","embeddable":true,"href":"https:\/\/travesiapirenaica.com\/fr\/wp-json\/wp\/v2\/series?post=19596"}],"curies":[{"name":"wp","href":"https:\/\/api.w.org\/{rel}","templated":true}]}}