{"id":20155,"date":"2015-09-10T10:25:21","date_gmt":"2015-09-10T08:25:21","guid":{"rendered":"https:\/\/travesiapirenaica.com\/?p=20155"},"modified":"2019-09-10T10:39:04","modified_gmt":"2019-09-10T08:39:04","slug":"mtb-slovenie","status":"publish","type":"post","link":"https:\/\/travesiapirenaica.com\/fr\/btt-eslovenia\/","title":{"rendered":"Slov\u00e9nie VTT"},"content":{"rendered":"<p>Des sommets imposants de Gorenjska et des superbes sentiers fluviaux de la vall\u00e9e de Soca aux grottes calcaires massives de la r\u00e9gion du Karst et aux for\u00eats du plateau de Nanos dans le sud du pays, il existe d'innombrables possibilit\u00e9s d'ascensions difficiles, de longues descentes et de sentiers techniques, ainsi que de lentes balades pittoresques le long des lacs et dans des paysages bord\u00e9s de vignobles, ce qui en fait une destination parfaite pour les amateurs de VTT.  Avec ses paysages vari\u00e9s, la Slov\u00e9nie est une destination idyllique pour le VTT. <\/p>\n\n\n\n<hr class=\"wp-block-separator\"\/>\n\n\n\n<h2 class=\"wp-block-heading\">Guide pratique<\/h2>\n\n\n\n<hr class=\"wp-block-separator\"\/>\n\n\n\n<h3 class=\"wp-block-heading\">Quand partir ?<\/h3>\n\n\n\n<p>La plupart des itin\u00e9raires peuvent \u00eatre parcourus du printemps \u00e0 l'automne ; certains, dans le sud plus cl\u00e9ment, peuvent \u00eatre parcourus en hiver.<\/p>\n\n\n\n<h3 class=\"wp-block-heading\">Villes et services<\/h3>\n\n\n\n<p>Bled et Bohinj ; Bovec, Kobarid et Tolmin ; Ajdov\u0161\u010dina ; Postojna ; Kamnik ; Maribor ; Doljenske Toplice<\/p>\n\n\n\n<h3 class=\"wp-block-heading\">\u00c0 ne pas manquer<\/h3>\n\n\n\n<ul class=\"wp-block-list\"><li>Lacs Bled et Bohinj<\/li><li>La belle rivi\u00e8re So\u010da.<\/li><li>Predjama Grad - le ch\u00e2teau dans une grotte.<\/li><li>Vignobles du sud et de l'est.<\/li><li>Sites historiques des deux guerres mondiales.<\/li><li> Les alpages des Alpes juliennes.<\/li><li> Grottes karstiques calcaires.<\/li><\/ul>\n\n\n\n<hr class=\"wp-block-separator\"\/>\n\n\n\n<h2 class=\"wp-block-heading\">Itin\u00e9raires<\/h2>\n\n\n\n<hr class=\"wp-block-separator\"\/>\n\n\n\n<p>Les itin\u00e9raires sont situ\u00e9s \u00e0 Gorenjska, dans la vall\u00e9e de Soca, dans le sud, le centre et le nord-est de la Slov\u00e9nie et varient de 12 \u00e0 59 km.  <\/p>\n\n\n\n<p>Alpes juliennes - Vall\u00e9e de Gorenjska et de Soca, sud, centre et nord-est<\/p>\n\n\n\n<ul class=\"wp-block-list\"><li><strong>Gorenjska \/\/\/ <\/strong>Haute montagne Uskovnica \/ Sur les contreforts de \u010crna Prst \/ \u00c0 travers le plateau de Jelovica \/ Vers la dent de la sorci\u00e8re \/ Circulaire de Grahov\u0161e \/ Lac Zgornje \/ Pe\u010d et les trois fronti\u00e8res \/ Circulaire de Kranjska Gora \/<\/li><li><strong>La vall\u00e9e de la So\u010da \/\/<\/strong> Kobarid et la rivi\u00e8re So\u010da \/ L'\u00e9pop\u00e9e de Stol \/ Kobarid et la rivi\u00e8re Nadi\u017ea \/ Stol et la longue descente \/ Planina Razor \/ Most na So\u010di \u0160iroko \/ Le monument aux morts de Trnovo \/ Les for\u00eats sombres de Trnovo \/<\/li><li><strong>Le Sud \/\/<\/strong> Le patrimoine industriel de \u010crni Vrh \/ Javornik \/ La r\u00e9gion viticole du Kras \/ Komen et ses environs \/ Postojna classique \/ Le lac Cerkno et les grottes de Rakov \u0160kocja \/ Le lac circulaire de Cernica \/ Dolenjske Toplice et la for\u00eat des partisans \/ Dolenjske Toplice et Soteska \/<\/li><li><strong>Centre et Nord-Est \/\/<\/strong> Velika Planina \/ Menina Planina \/ Jesenovo et Krvavica \/ Les \u00e9glises de \u010creta \/ R\u00e9serve naturelle de Pohorje \/ Maribor et ses environs \/ Parc de descente de Maribor \/ Tilleul de Najevnik \/ Route des trois vall\u00e9es \/ Peca \/<\/li><\/ul>\n\n\n\n<hr class=\"wp-block-separator\"\/>","protected":false},"excerpt":{"rendered":"Des imposants sommets de Gorenjska aux sentiers fluviaux \u00e9poustouflants de la vall\u00e9e de Soca...","protected":false},"author":1,"featured_media":6096,"comment_status":"closed","ping_status":"closed","sticky":false,"template":"","format":"image","meta":{"_kad_blocks_custom_css":"","_kad_blocks_head_custom_js":"","_kad_blocks_body_custom_js":"","_kad_blocks_footer_custom_js":"","episode_type":"","audio_file":"","podmotor_file_id":"","podmotor_episode_id":"","cover_image":"","cover_image_id":"","duration":"","filesize":"","filesize_raw":"","date_recorded":"","explicit":"","block":"","_kad_post_transparent":"","_kad_post_title":"","_kad_post_layout":"","_kad_post_sidebar_id":"","_kad_post_content_style":"","_kad_post_vertical_padding":"","_kad_post_feature":"","_kad_post_feature_position":"","_kad_post_header":false,"_kad_post_footer":false,"_kad_post_classname":"","_jetpack_memberships_contains_paid_content":false,"footnotes":""},"categories":[1],"tags":[],"series":[],"class_list":["post-20155","post","type-post","status-publish","format-image","has-post-thumbnail","hentry","category-sin-categoria","post_format-post-format-image"],"episode_featured_image":"https:\/\/travesiapirenaica.com\/wp-content\/uploads\/2018\/02\/aquachara-486733_760x500.jpg","episode_player_image":"https:\/\/travesiapirenaica.com\/wp-content\/uploads\/2017\/12\/Caratula-Podcast-Maldita-Montana_1500x1500_72pp-p_.jpg","download_link":"","player_link":"","audio_player":false,"episode_data":{"playerMode":"dark","subscribeUrls":[],"rssFeedUrl":"https:\/\/travesiapirenaica.com\/fr\/feed\/podcast\/maldita-montana","embedCode":"<blockquote class=\"wp-embedded-content\" data-secret=\"YXRplQ2z19\"><a href=\"https:\/\/travesiapirenaica.com\/fr\/btt-eslovenia\/\">Eslovenia en bicicleta de monta\u00f1a<\/a><\/blockquote><iframe sandbox=\"allow-scripts\" security=\"restricted\" src=\"https:\/\/travesiapirenaica.com\/fr\/btt-eslovenia\/embed\/#?secret=YXRplQ2z19\" width=\"500\" height=\"350\" title=\"\u00ab\u00a0Eslovenia en bicicleta de monta\u00f1a\u00a0\u00bb &#8212; Traves\u00eda.\" data-secret=\"YXRplQ2z19\" frameborder=\"0\" marginwidth=\"0\" marginheight=\"0\" scrolling=\"no\" class=\"wp-embedded-content\"><\/iframe><script>\n\/*! This file is auto-generated *\/\n!function(d,l){\"use strict\";l.querySelector&&d.addEventListener&&\"undefined\"!=typeof URL&&(d.wp=d.wp||{},d.wp.receiveEmbedMessage||(d.wp.receiveEmbedMessage=function(e){var t=e.data;if((t||t.secret||t.message||t.value)&&!\/[^a-zA-Z0-9]\/.test(t.secret)){for(var s,r,n,a=l.querySelectorAll('iframe[data-secret=\"'+t.secret+'\"]'),o=l.querySelectorAll('blockquote[data-secret=\"'+t.secret+'\"]'),c=new RegExp(\"^https?:$\",\"i\"),i=0;i<o.length;i++)o[i].style.display=\"none\";for(i=0;i<a.length;i++)s=a[i],e.source===s.contentWindow&&(s.removeAttribute(\"style\"),\"height\"===t.message?(1e3<(r=parseInt(t.value,10))?r=1e3:~~r<200&&(r=200),s.height=r):\"link\"===t.message&&(r=new URL(s.getAttribute(\"src\")),n=new URL(t.value),c.test(n.protocol))&&n.host===r.host&&l.activeElement===s&&(d.top.location.href=t.value))}},d.addEventListener(\"message\",d.wp.receiveEmbedMessage,!1),l.addEventListener(\"DOMContentLoaded\",function(){for(var e,t,s=l.querySelectorAll(\"iframe.wp-embedded-content\"),r=0;r<s.length;r++)(t=(e=s[r]).getAttribute(\"data-secret\"))||(t=Math.random().toString(36).substring(2,12),e.src+=\"#?secret=\"+t,e.setAttribute(\"data-secret\",t)),e.contentWindow.postMessage({message:\"ready\",secret:t},\"*\")},!1)))}(window,document);\n\/\/# sourceURL=https:\/\/travesiapirenaica.com\/wp-includes\/js\/wp-embed.min.js\n<\/script>\n"},"taxonomy_info":{"category":[{"value":1,"label":"Sin categor\u00eda"}]},"featured_image_src_large":["https:\/\/travesiapirenaica.com\/wp-content\/uploads\/2018\/02\/aquachara-486733_760x500.jpg",760,500,false],"author_info":{"display_name":"Traves\u00eda Pirenaica","author_link":"https:\/\/travesiapirenaica.com\/fr\/author\/travesia-pirenaica\/"},"comment_info":0,"category_info":[{"term_id":1,"name":"Sin categor\u00eda","slug":"sin-categoria","term_group":0,"term_taxonomy_id":1,"taxonomy":"category","description":"","parent":0,"count":207,"filter":"raw","cat_ID":1,"category_count":207,"category_description":"","cat_name":"Sin categor\u00eda","category_nicename":"sin-categoria","category_parent":0}],"tag_info":false,"jetpack_featured_media_url":"https:\/\/travesiapirenaica.com\/wp-content\/uploads\/2018\/02\/aquachara-486733_760x500.jpg","jetpack_sharing_enabled":true,"_links":{"self":[{"href":"https:\/\/travesiapirenaica.com\/fr\/wp-json\/wp\/v2\/posts\/20155","targetHints":{"allow":["GET"]}}],"collection":[{"href":"https:\/\/travesiapirenaica.com\/fr\/wp-json\/wp\/v2\/posts"}],"about":[{"href":"https:\/\/travesiapirenaica.com\/fr\/wp-json\/wp\/v2\/types\/post"}],"author":[{"embeddable":true,"href":"https:\/\/travesiapirenaica.com\/fr\/wp-json\/wp\/v2\/users\/1"}],"replies":[{"embeddable":true,"href":"https:\/\/travesiapirenaica.com\/fr\/wp-json\/wp\/v2\/comments?post=20155"}],"version-history":[{"count":0,"href":"https:\/\/travesiapirenaica.com\/fr\/wp-json\/wp\/v2\/posts\/20155\/revisions"}],"wp:featuredmedia":[{"embeddable":true,"href":"https:\/\/travesiapirenaica.com\/fr\/wp-json\/wp\/v2\/media\/6096"}],"wp:attachment":[{"href":"https:\/\/travesiapirenaica.com\/fr\/wp-json\/wp\/v2\/media?parent=20155"}],"wp:term":[{"taxonomy":"category","embeddable":true,"href":"https:\/\/travesiapirenaica.com\/fr\/wp-json\/wp\/v2\/categories?post=20155"},{"taxonomy":"post_tag","embeddable":true,"href":"https:\/\/travesiapirenaica.com\/fr\/wp-json\/wp\/v2\/tags?post=20155"},{"taxonomy":"series","embeddable":true,"href":"https:\/\/travesiapirenaica.com\/fr\/wp-json\/wp\/v2\/series?post=20155"}],"curies":[{"name":"wp","href":"https:\/\/api.w.org\/{rel}","templated":true}]}}