{"id":20215,"date":"2015-09-10T17:39:21","date_gmt":"2015-09-10T15:39:21","guid":{"rendered":"https:\/\/travesiapirenaica.com\/?p=20215"},"modified":"2021-04-07T18:10:52","modified_gmt":"2021-04-07T16:10:52","slug":"alpes-maritimes-mercantour-alpi-marittime","status":"publish","type":"post","link":"https:\/\/travesiapirenaica.com\/fr\/alpes-maritimos-mercantour-alpi-marittime\/","title":{"rendered":"Alpes-Maritimes : Les parcs du Mercantour et des Alpi Marittime"},"content":{"rendered":"<p>S'\u00e9levant \u00e0 plus de 3 000 m\u00e8tres au-dessus de la C\u00f4te d'Azur ensoleill\u00e9e, les Alpes-Maritimes forment la bordure occidentale de la puissante cha\u00eene alpine. Loin de l'agitation de la c\u00f4te, c'est une r\u00e9gion merveilleuse pour les marcheurs d\u00e9butants et les randonneurs exp\u00e9riment\u00e9s.<\/p>\n\n\n\n<hr class=\"wp-block-separator\"\/>\n\n\n\n<h2 class=\"wp-block-heading\">Guide pratique<\/h2>\n\n\n\n<hr class=\"wp-block-separator\"\/>\n\n\n\n<h3 class=\"wp-block-heading\">Quand partir ?<\/h3>\n\n\n\n<p>De la mi-juin \u00e0 la fin septembre, les pistes sont d\u00e9neig\u00e9es et les refuges ouverts. En octobre, les montagnes sont solitaires. <\/p>\n\n\n\n<h3 class=\"wp-block-heading\">Villes et services<\/h3>\n\n\n\n<ul class=\"wp-block-list\"><li>France : Tende, Cast\u00e9rino, St-Martin-V\u00e9subie, Le Bor\u00e9on <\/li><li>Italie : Terme di Valdieri, Entracque, Vernante<\/li><\/ul>\n\n\n\n<h3 class=\"wp-block-heading\">\u00c0 ne pas manquer<\/h3>\n\n\n\n<ul class=\"wp-block-list\"><li>Faune (ch\u00e8vres de montagne, chamois et marmottes) et fleurs sauvages.<\/li><li>Lacs d'altitude (Fremamorta, lac N\u00e8gre).<\/li><li>Argentera, Gelas et Clapier \u00e0 plus de 3 000 m.<\/li><li>Des gravures rupestres pr\u00e9historiques peuvent \u00eatre visit\u00e9es \u00e0 partir de Cast\u00e9rino.<\/li><li>Station thermale \u00e0 l'ancienne, Terme di Valdieri, dont les chemins pav\u00e9s remontent \u00e0 la r\u00e9serve de chasse royale du XIXe si\u00e8cle.<\/li><li>Col de Tende et Col de Fenestre.<\/li><\/ul>\n\n\n\n<hr class=\"wp-block-separator\"\/>\n\n\n\n<h2 class=\"wp-block-heading\">Itin\u00e9raires<\/h2>\n\n\n\n<hr class=\"wp-block-separator\"\/>\n\n\n\n<p>Randonn\u00e9es dans le parc national du Mercantour fran\u00e7ais et dans le parc maritime Alpi.<\/p>\n\n\n\n<hr class=\"wp-block-separator\"\/>\n\n\n\n<h2 class=\"wp-block-heading\"> Les itin\u00e9raires <\/h2>\n\n\n\n<ul class=\"wp-block-list\" id=\"block-b44226eb-27a9-424b-a3e8-f4cc6059a86e\"><li><strong>Lagarot di Lourousa <\/strong><em>(9,8km, d\u00e9nivel\u00e9 : 819m, 4-5,5h, difficult\u00e9 : moyenne)<\/em><\/li><li><strong>Tour du Valasco <\/strong><em>(21,6 km, d\u00e9nivel\u00e9 : 1 511 m, 10-12 h, difficult\u00e9 : \u00e9lev\u00e9e)<\/em>. Randonn\u00e9e embl\u00e9matique dans la vall\u00e9e de Gesso.<\/li><li><strong>Vallone Argentera <\/strong><em>(8,1km, d\u00e9nivel\u00e9 : 994m, 4-5h, difficult\u00e9 : mod\u00e9r\u00e9e)<\/em><\/li><li><strong>Refuge Remondino <\/strong><em>(10,8km, d\u00e9nivel\u00e9 : 975m, 4-6h, difficult\u00e9 : mod\u00e9r\u00e9e)<\/em><\/li><li><strong>Gorge della Reina <\/strong><em>(9,2km, d\u00e9nivel\u00e9 : 655m, 3-5h, difficult\u00e9 : moyenne)<\/em><\/li><li><strong>Il Piano del Praiet <\/strong><em>(13,8km, d\u00e9nivel\u00e9 : 710m, 5-7h, difficult\u00e9 : moyenne)<\/em>. Au pied du mont Gelas, c'est une destination de randonn\u00e9e tr\u00e8s pris\u00e9e.<\/li><li><strong>Lac de Vei del Bouc <\/strong><em>(16.3km, d\u00e9nivel\u00e9 : 979m, 5-7.5h, difficult\u00e9 : mod\u00e9r\u00e9e)<\/em><\/li><li><strong>Refugio Pagar\u00ec <\/strong><em>(22,4km, d\u00e9nivel\u00e9 : 1 638m, 9-11h, difficult\u00e9 : \u00e9lev\u00e9e)<\/em><\/li><li><strong>Laghi Arbergh <\/strong><em>(11,1km, d\u00e9nivel\u00e9 : 879m, 5-7h, difficult\u00e9 : moyenne)<\/em><\/li><li><strong>Abri Garelli <\/strong><em>(10,5km 1 555m 6-7h, difficult\u00e9 : mod\u00e9r\u00e9e)<\/em><\/li><\/ul>\n\n\n\n<hr class=\"wp-block-separator\"\/>\n\n\n\n<ul class=\"wp-block-list\"><li>Circuit des gravures rupestres de Fontanalba<\/li><li>Tour du Mont B\u00e9go  <\/li><li>De la Vall\u00e9e de la Roya \u00e0 la Vall\u00e9e de V\u00e9subie<\/li><li>Vall\u00e9e de la Gordolasque<\/li><li>Excursion aux Lacs de Prals  <\/li><li>Vieilles marches sur la Madone de Fenestre<\/li><li>Vallon du Haut Bor\u00e9on  <\/li><li>Lacs Bessons<\/li><li>Autour de l'Argentera<\/li><li>Lac des Adus  <\/li><li>La tourn\u00e9e des Grands Lacs<\/li><li>Le trek Alpi Marittime<\/li><li>Tour du Valasco<\/li><li>Fremamorta  <\/li><li>Rifugio Bozano<\/li><li>Rifugio Remondino et Lago di Nasta<\/li><li>Vallone di Lourousa<\/li><li>Travers\u00e9e du Colle di Fenestrelle<\/li><li>Excursion au Rifugio Pagari  <\/li><li>Vallon del Vei del Bouc<\/li><li>Gorge della Reina<\/li><li>Vallone degli Alberghi<\/li><li>Costa di Planard<\/li><li>Les forts de la fronti\u00e8re  <\/li><\/ul>\n\n\n\n<hr class=\"wp-block-separator\"\/>","protected":false},"excerpt":{"rendered":"Les Alpes-Maritimes, qui s'\u00e9l\u00e8vent \u00e0 plus de 3 000 m\u00e8tres au-dessus du niveau de la mer, sont...","protected":false},"author":1,"featured_media":20226,"comment_status":"closed","ping_status":"closed","sticky":false,"template":"","format":"image","meta":{"_kad_blocks_custom_css":"","_kad_blocks_head_custom_js":"","_kad_blocks_body_custom_js":"","_kad_blocks_footer_custom_js":"","episode_type":"audio","audio_file":"","podmotor_file_id":"","podmotor_episode_id":"","cover_image":"","cover_image_id":"","duration":"","filesize":"","filesize_raw":"","date_recorded":"","explicit":"","block":"","_kad_post_transparent":"","_kad_post_title":"","_kad_post_layout":"","_kad_post_sidebar_id":"","_kad_post_content_style":"","_kad_post_vertical_padding":"","_kad_post_feature":"","_kad_post_feature_position":"","_kad_post_header":false,"_kad_post_footer":false,"_kad_post_classname":"","_jetpack_memberships_contains_paid_content":false,"footnotes":""},"categories":[1],"tags":[],"series":[],"class_list":["post-20215","post","type-post","status-publish","format-image","has-post-thumbnail","hentry","category-sin-categoria","post_format-post-format-image"],"episode_featured_image":"https:\/\/travesiapirenaica.com\/wp-content\/uploads\/2015\/09\/mercantour_by-Lecouteausuisseduweb_Pixabay_1200x900.jpg","episode_player_image":"https:\/\/travesiapirenaica.com\/wp-content\/uploads\/2017\/12\/Caratula-Podcast-Maldita-Montana_1500x1500_72pp-p_.jpg","download_link":"","player_link":"","audio_player":false,"episode_data":{"playerMode":"dark","subscribeUrls":[],"rssFeedUrl":"https:\/\/travesiapirenaica.com\/fr\/feed\/podcast\/maldita-montana","embedCode":"<blockquote class=\"wp-embedded-content\" data-secret=\"dIIw1wUBMN\"><a href=\"https:\/\/travesiapirenaica.com\/fr\/alpes-maritimos-mercantour-alpi-marittime\/\">Alpes Mar\u00edtimos: Los parques Mercantour y Alpi Marittime<\/a><\/blockquote><iframe sandbox=\"allow-scripts\" security=\"restricted\" src=\"https:\/\/travesiapirenaica.com\/fr\/alpes-maritimos-mercantour-alpi-marittime\/embed\/#?secret=dIIw1wUBMN\" width=\"500\" height=\"350\" title=\"\u00ab\u00a0Alpes Mar\u00edtimos: Los parques Mercantour y Alpi Marittime\u00a0\u00bb &#8212; Traves\u00eda.\" data-secret=\"dIIw1wUBMN\" frameborder=\"0\" marginwidth=\"0\" marginheight=\"0\" scrolling=\"no\" class=\"wp-embedded-content\"><\/iframe><script>\n\/*! This file is auto-generated *\/\n!function(d,l){\"use strict\";l.querySelector&&d.addEventListener&&\"undefined\"!=typeof URL&&(d.wp=d.wp||{},d.wp.receiveEmbedMessage||(d.wp.receiveEmbedMessage=function(e){var t=e.data;if((t||t.secret||t.message||t.value)&&!\/[^a-zA-Z0-9]\/.test(t.secret)){for(var s,r,n,a=l.querySelectorAll('iframe[data-secret=\"'+t.secret+'\"]'),o=l.querySelectorAll('blockquote[data-secret=\"'+t.secret+'\"]'),c=new RegExp(\"^https?:$\",\"i\"),i=0;i<o.length;i++)o[i].style.display=\"none\";for(i=0;i<a.length;i++)s=a[i],e.source===s.contentWindow&&(s.removeAttribute(\"style\"),\"height\"===t.message?(1e3<(r=parseInt(t.value,10))?r=1e3:~~r<200&&(r=200),s.height=r):\"link\"===t.message&&(r=new URL(s.getAttribute(\"src\")),n=new URL(t.value),c.test(n.protocol))&&n.host===r.host&&l.activeElement===s&&(d.top.location.href=t.value))}},d.addEventListener(\"message\",d.wp.receiveEmbedMessage,!1),l.addEventListener(\"DOMContentLoaded\",function(){for(var e,t,s=l.querySelectorAll(\"iframe.wp-embedded-content\"),r=0;r<s.length;r++)(t=(e=s[r]).getAttribute(\"data-secret\"))||(t=Math.random().toString(36).substring(2,12),e.src+=\"#?secret=\"+t,e.setAttribute(\"data-secret\",t)),e.contentWindow.postMessage({message:\"ready\",secret:t},\"*\")},!1)))}(window,document);\n\/\/# sourceURL=https:\/\/travesiapirenaica.com\/wp-includes\/js\/wp-embed.min.js\n<\/script>\n"},"taxonomy_info":{"category":[{"value":1,"label":"Sin categor\u00eda"}]},"featured_image_src_large":["https:\/\/travesiapirenaica.com\/wp-content\/uploads\/2015\/09\/mercantour_by-Lecouteausuisseduweb_Pixabay_1200x900-1024x768.jpg",1024,768,true],"author_info":{"display_name":"Traves\u00eda Pirenaica","author_link":"https:\/\/travesiapirenaica.com\/fr\/author\/travesia-pirenaica\/"},"comment_info":0,"category_info":[{"term_id":1,"name":"Sin categor\u00eda","slug":"sin-categoria","term_group":0,"term_taxonomy_id":1,"taxonomy":"category","description":"","parent":0,"count":208,"filter":"raw","cat_ID":1,"category_count":208,"category_description":"","cat_name":"Sin categor\u00eda","category_nicename":"sin-categoria","category_parent":0}],"tag_info":false,"jetpack_featured_media_url":"https:\/\/travesiapirenaica.com\/wp-content\/uploads\/2015\/09\/mercantour_by-Lecouteausuisseduweb_Pixabay_1200x900.jpg","jetpack_sharing_enabled":true,"_links":{"self":[{"href":"https:\/\/travesiapirenaica.com\/fr\/wp-json\/wp\/v2\/posts\/20215","targetHints":{"allow":["GET"]}}],"collection":[{"href":"https:\/\/travesiapirenaica.com\/fr\/wp-json\/wp\/v2\/posts"}],"about":[{"href":"https:\/\/travesiapirenaica.com\/fr\/wp-json\/wp\/v2\/types\/post"}],"author":[{"embeddable":true,"href":"https:\/\/travesiapirenaica.com\/fr\/wp-json\/wp\/v2\/users\/1"}],"replies":[{"embeddable":true,"href":"https:\/\/travesiapirenaica.com\/fr\/wp-json\/wp\/v2\/comments?post=20215"}],"version-history":[{"count":0,"href":"https:\/\/travesiapirenaica.com\/fr\/wp-json\/wp\/v2\/posts\/20215\/revisions"}],"wp:featuredmedia":[{"embeddable":true,"href":"https:\/\/travesiapirenaica.com\/fr\/wp-json\/wp\/v2\/media\/20226"}],"wp:attachment":[{"href":"https:\/\/travesiapirenaica.com\/fr\/wp-json\/wp\/v2\/media?parent=20215"}],"wp:term":[{"taxonomy":"category","embeddable":true,"href":"https:\/\/travesiapirenaica.com\/fr\/wp-json\/wp\/v2\/categories?post=20215"},{"taxonomy":"post_tag","embeddable":true,"href":"https:\/\/travesiapirenaica.com\/fr\/wp-json\/wp\/v2\/tags?post=20215"},{"taxonomy":"series","embeddable":true,"href":"https:\/\/travesiapirenaica.com\/fr\/wp-json\/wp\/v2\/series?post=20215"}],"curies":[{"name":"wp","href":"https:\/\/api.w.org\/{rel}","templated":true}]}}