{"id":20242,"date":"2015-09-11T09:25:01","date_gmt":"2015-09-11T07:25:01","guid":{"rendered":"https:\/\/travesiapirenaica.com\/?p=20242"},"modified":"2019-09-11T09:51:51","modified_gmt":"2019-09-11T07:51:51","slug":"tour-bernina-alta-via-valmalenco","status":"publish","type":"post","link":"https:\/\/travesiapirenaica.com\/fr\/tour-bernina-alta-via-valmalenco\/","title":{"rendered":"Trekking dans le massif du Piz Bernina et la vall\u00e9e de Valmalenco : Tour de la Bernina et de l'Alta Via Valmalenco"},"content":{"rendered":"<p>Qu'il s'agisse d'escalader le St. Moritz et de passer sous des g\u00e9ants enneig\u00e9s lors du Tour de la Bernina, ou de franchir des cols sauvages et \u00e9lev\u00e9s et de traverser des montagnes isol\u00e9es lors du Valmalenco italien du Monte Disgrazia, les treks offrent des exp\u00e9riences incroyables. Dans les deux cas, des sommets spectaculaires s'\u00e9l\u00e8vent au-dessus des champs de neige et des p\u00e2turages alpins parfaits, et l'h\u00e9bergement se fait dans des pensions alpines confortables et des refuges de haute altitude.<\/p>\n\n\n\n<p>Nous vous pr\u00e9sentons deux randonn\u00e9es dans la r\u00e9gion de la Bernina, dans les Alpes italo-suisses. Le Tour de la Bernina est une randonn\u00e9e en 9 \u00e9tapes \u00e0 travers le massif du Piz Bernina, longue de 119 km et adapt\u00e9e aux alpinistes inexp\u00e9riment\u00e9s. L'Alta Via Valmalenco en 8 \u00e9tapes, au sud de la Bernina, bien que plus courte (94 km), est un itin\u00e9raire plus difficile qui convient aux randonneurs plus exp\u00e9riment\u00e9s.<\/p>\n\n\n\n<hr class=\"wp-block-separator\"\/>\n\n\n\n<h2 class=\"wp-block-heading\">Guide pratique<\/h2>\n\n\n\n<hr class=\"wp-block-separator\"\/>\n\n\n\n<h3 class=\"wp-block-heading\">Quand partir ?<\/h3>\n\n\n\n<p>De fin juin \u00e0 fin septembre.<\/p>\n\n\n\n<h3 class=\"wp-block-heading\">Villes et services<\/h3>\n\n\n\n<ul class=\"wp-block-list\"><li>En Suisse : Moritz, Sils Maria, Pontresina, Maloja, col de la Bernina, Poschiavo <\/li><li>En Italie : Sondrio, Chiareggio, Chiesa in Valmalenco.<\/li><\/ul>\n\n\n\n<h3 class=\"wp-block-heading\">\u00c0 ne pas manquer<\/h3>\n\n\n\n<ul class=\"wp-block-list\"><li>Impressionnants glaciers du Val Roseg, Rifugio Del Grande et Rifugio Marinelli dans le Valmalenco, et le point de vue Diavolezza. <\/li><li>Le train Bernina Express entre Tirano et St Moritz offre des vues fantastiques et permet d'acc\u00e9der \u00e0 la route de la Bernina. <\/li><li>Parmi les sommets spectaculaires de la route, citons le Piz Bernina (4049 m), le Piz Roseg (3937 m), le Monte Disgrazia (3678 m) et le Pizzo Scalino (3323 m).<\/li><\/ul>\n\n\n\n<hr class=\"wp-block-separator\"\/>\n\n\n\n<h2 class=\"wp-block-heading\">Tour de la Bernina<\/h2>\n\n\n\n<hr class=\"wp-block-separator\"\/>\n\n\n\n<figure><iframe loading=\"lazy\" src=\"https:\/\/es.wikiloc.com\/wikiloc\/spatialArtifacts.do?event=view&amp;id=1283921&amp;measures=off&amp;title=off&amp;near=off&amp;images=off&amp;maptype=H\" width=\"100%\" height=\"400\"><\/iframe><\/figure>\n\n\n\n<hr class=\"wp-block-separator\"\/>\n\n\n\n<ul class=\"wp-block-list\"><li>\u00c9tape 1 : De Pontresina \u00e0 Fuorcla Surlej<\/li><li>\u00c9tape 2 : De Fuorcla Surlej \u00e0 Maloja<\/li><li>\u00c9tape 3 : De Maloja \u00e0 Rifugio Longoni<\/li><li>\u00c9tape 3A : De Maloja \u00e0 Chiareggio<\/li><li>\u00c9tape 3B : De Chiareggio \u00e0 Rifugio Longoni<\/li><li>\u00c9tape 4 : De Rifugio Longoni \u00e0 Lago Pal\u00f9<\/li><li>\u00c9tape 5 : De Lago Pal\u00f9 \u00e0 Rifugio Carate Brianza<\/li><li>\u00c9tape 6 : De Rifugio Carate Brianza \u00e0 Rifugio Bignami<\/li><li>\u00c9tape 7 : De Rifugio Bignami \u00e0 Cavaglia<\/li><li>Etape 7A De Rifugio Bignami \u00e0 Selva<\/li><li>\u00c9tape 7B Selva a Cavaglia<\/li><li>\u00c9tape 8 : De Cavaglia \u00e0 Berghaus Diavolezza<\/li><li>\u00c9tape 8A Cavaglia a Ospizio Bernina<\/li><li>\u00c9tape 8B : De l'Ospizio Bernina \u00e0 la Berghaus Diavolezza<\/li><li>\u00c9tape 9 : De Berghaus Diavolezza \u00e0 Pontresina<\/li><\/ul>\n\n\n\n<hr class=\"wp-block-separator\"\/>\n\n\n\n<h2 class=\"wp-block-heading\">Alta Via Valmalenco<\/h2>\n\n\n\n<ul class=\"wp-block-list\"><li>\u00c9tape 1 : De Torre di Santa Maria \u00e0 Rifugio Bosio Galli<\/li><li>\u00c9tape 2 : De Rifugio Bosio Galli \u00e0 Rifugio Ventina\/Rifugio Gerli-Porro<\/li><li>\u00c9tape 3 Rifugio Ventina\/Rifugio Gerli-Porro a Chiareggio<\/li><li>\u00c9tape 4 : De Chiareggio \u00e0 Lago Pal\u00f9<\/li><li>\u00c9tape 5 : De Lago Pal\u00f9 \u00e0 Rifugio Marinelli Bombardieri<\/li><li>Etape 6 : Du Rifugio Marinelli Bombardieri au Rifugio Bignami<\/li><li>\u00c9tape 7 : De Rifugio Bignami \u00e0 Rifugio Cristina<\/li><li>\u00c9tape 8 : De Rifugio Cristina \u00e0 Caspoggio<\/li><\/ul>\n\n\n\n<hr class=\"wp-block-separator\"\/>","protected":false},"excerpt":{"rendered":"Le Tour de St. Moritz et sous les g\u00e9ants enneig\u00e9s sur le Tour de la Bernina, ou...","protected":false},"author":1,"featured_media":19649,"comment_status":"closed","ping_status":"closed","sticky":false,"template":"","format":"image","meta":{"_kad_blocks_custom_css":"","_kad_blocks_head_custom_js":"","_kad_blocks_body_custom_js":"","_kad_blocks_footer_custom_js":"","episode_type":"","audio_file":"","podmotor_file_id":"","podmotor_episode_id":"","cover_image":"","cover_image_id":"","duration":"","filesize":"","filesize_raw":"","date_recorded":"","explicit":"","block":"","_kad_post_transparent":"","_kad_post_title":"","_kad_post_layout":"","_kad_post_sidebar_id":"","_kad_post_content_style":"","_kad_post_vertical_padding":"","_kad_post_feature":"","_kad_post_feature_position":"","_kad_post_header":false,"_kad_post_footer":false,"_kad_post_classname":"","_jetpack_memberships_contains_paid_content":false,"footnotes":""},"categories":[1],"tags":[],"series":[],"class_list":["post-20242","post","type-post","status-publish","format-image","has-post-thumbnail","hentry","category-sin-categoria","post_format-post-format-image"],"episode_featured_image":"https:\/\/travesiapirenaica.com\/wp-content\/uploads\/2015\/08\/Valle-Engadina_by-Luca-Casartelli-CC-BY-SA-3.0-Wikimedia-Commons_1200x900.jpeg","episode_player_image":"https:\/\/travesiapirenaica.com\/wp-content\/uploads\/2017\/12\/Caratula-Podcast-Maldita-Montana_1500x1500_72pp-p_.jpg","download_link":"","player_link":"","audio_player":false,"episode_data":{"playerMode":"dark","subscribeUrls":[],"rssFeedUrl":"https:\/\/travesiapirenaica.com\/fr\/feed\/podcast\/maldita-montana","embedCode":"<blockquote class=\"wp-embedded-content\" data-secret=\"Xac1sQLNHB\"><a href=\"https:\/\/travesiapirenaica.com\/fr\/tour-bernina-alta-via-valmalenco\/\">Trekking en el macizo del Piz Bernina y el Valle de Valmalenco: Tour de Bernina y Alta Via Valmalenco<\/a><\/blockquote><iframe sandbox=\"allow-scripts\" security=\"restricted\" src=\"https:\/\/travesiapirenaica.com\/fr\/tour-bernina-alta-via-valmalenco\/embed\/#?secret=Xac1sQLNHB\" width=\"500\" height=\"350\" title=\"\u00ab\u00a0Trekking en el macizo del Piz Bernina y el Valle de Valmalenco: Tour de Bernina y Alta Via Valmalenco\u00a0\u00bb &#8212; Traves\u00eda.\" data-secret=\"Xac1sQLNHB\" frameborder=\"0\" marginwidth=\"0\" marginheight=\"0\" scrolling=\"no\" class=\"wp-embedded-content\"><\/iframe><script>\n\/*! This file is auto-generated *\/\n!function(d,l){\"use strict\";l.querySelector&&d.addEventListener&&\"undefined\"!=typeof URL&&(d.wp=d.wp||{},d.wp.receiveEmbedMessage||(d.wp.receiveEmbedMessage=function(e){var t=e.data;if((t||t.secret||t.message||t.value)&&!\/[^a-zA-Z0-9]\/.test(t.secret)){for(var s,r,n,a=l.querySelectorAll('iframe[data-secret=\"'+t.secret+'\"]'),o=l.querySelectorAll('blockquote[data-secret=\"'+t.secret+'\"]'),c=new RegExp(\"^https?:$\",\"i\"),i=0;i<o.length;i++)o[i].style.display=\"none\";for(i=0;i<a.length;i++)s=a[i],e.source===s.contentWindow&&(s.removeAttribute(\"style\"),\"height\"===t.message?(1e3<(r=parseInt(t.value,10))?r=1e3:~~r<200&&(r=200),s.height=r):\"link\"===t.message&&(r=new URL(s.getAttribute(\"src\")),n=new URL(t.value),c.test(n.protocol))&&n.host===r.host&&l.activeElement===s&&(d.top.location.href=t.value))}},d.addEventListener(\"message\",d.wp.receiveEmbedMessage,!1),l.addEventListener(\"DOMContentLoaded\",function(){for(var e,t,s=l.querySelectorAll(\"iframe.wp-embedded-content\"),r=0;r<s.length;r++)(t=(e=s[r]).getAttribute(\"data-secret\"))||(t=Math.random().toString(36).substring(2,12),e.src+=\"#?secret=\"+t,e.setAttribute(\"data-secret\",t)),e.contentWindow.postMessage({message:\"ready\",secret:t},\"*\")},!1)))}(window,document);\n\/\/# sourceURL=https:\/\/travesiapirenaica.com\/wp-includes\/js\/wp-embed.min.js\n<\/script>\n"},"taxonomy_info":{"category":[{"value":1,"label":"Sin categor\u00eda"}]},"featured_image_src_large":["https:\/\/travesiapirenaica.com\/wp-content\/uploads\/2015\/08\/Valle-Engadina_by-Luca-Casartelli-CC-BY-SA-3.0-Wikimedia-Commons_1200x900-1024x768.jpeg",1024,768,true],"author_info":{"display_name":"Traves\u00eda Pirenaica","author_link":"https:\/\/travesiapirenaica.com\/fr\/author\/travesia-pirenaica\/"},"comment_info":0,"category_info":[{"term_id":1,"name":"Sin categor\u00eda","slug":"sin-categoria","term_group":0,"term_taxonomy_id":1,"taxonomy":"category","description":"","parent":0,"count":208,"filter":"raw","cat_ID":1,"category_count":208,"category_description":"","cat_name":"Sin categor\u00eda","category_nicename":"sin-categoria","category_parent":0}],"tag_info":false,"jetpack_featured_media_url":"https:\/\/travesiapirenaica.com\/wp-content\/uploads\/2015\/08\/Valle-Engadina_by-Luca-Casartelli-CC-BY-SA-3.0-Wikimedia-Commons_1200x900.jpeg","jetpack_sharing_enabled":true,"_links":{"self":[{"href":"https:\/\/travesiapirenaica.com\/fr\/wp-json\/wp\/v2\/posts\/20242","targetHints":{"allow":["GET"]}}],"collection":[{"href":"https:\/\/travesiapirenaica.com\/fr\/wp-json\/wp\/v2\/posts"}],"about":[{"href":"https:\/\/travesiapirenaica.com\/fr\/wp-json\/wp\/v2\/types\/post"}],"author":[{"embeddable":true,"href":"https:\/\/travesiapirenaica.com\/fr\/wp-json\/wp\/v2\/users\/1"}],"replies":[{"embeddable":true,"href":"https:\/\/travesiapirenaica.com\/fr\/wp-json\/wp\/v2\/comments?post=20242"}],"version-history":[{"count":0,"href":"https:\/\/travesiapirenaica.com\/fr\/wp-json\/wp\/v2\/posts\/20242\/revisions"}],"wp:featuredmedia":[{"embeddable":true,"href":"https:\/\/travesiapirenaica.com\/fr\/wp-json\/wp\/v2\/media\/19649"}],"wp:attachment":[{"href":"https:\/\/travesiapirenaica.com\/fr\/wp-json\/wp\/v2\/media?parent=20242"}],"wp:term":[{"taxonomy":"category","embeddable":true,"href":"https:\/\/travesiapirenaica.com\/fr\/wp-json\/wp\/v2\/categories?post=20242"},{"taxonomy":"post_tag","embeddable":true,"href":"https:\/\/travesiapirenaica.com\/fr\/wp-json\/wp\/v2\/tags?post=20242"},{"taxonomy":"series","embeddable":true,"href":"https:\/\/travesiapirenaica.com\/fr\/wp-json\/wp\/v2\/series?post=20242"}],"curies":[{"name":"wp","href":"https:\/\/api.w.org\/{rel}","templated":true}]}}