{"id":20270,"date":"2015-09-11T10:53:53","date_gmt":"2015-09-11T08:53:53","guid":{"rendered":"https:\/\/travesiapirenaica.com\/?p=20270"},"modified":"2019-09-11T12:18:25","modified_gmt":"2019-09-11T10:18:25","slug":"valais","status":"publish","type":"post","link":"https:\/\/travesiapirenaica.com\/fr\/valais\/","title":{"rendered":"Randonn\u00e9e et trekking en Valais"},"content":{"rendered":"<p>Le Valais, dans le sud de la Suisse, chevauche la vall\u00e9e du Rh\u00f4ne et comprend l'int\u00e9gralit\u00e9 des Alpes pennines, la France et l'Italie formant ses fronti\u00e8res sud et ouest. Il poss\u00e8de la plus grande collection de sommets de 4 000 m\u00e8tres d'altitude d'Europe occidentale et de charmantes vall\u00e9es et collines parsem\u00e9es de chalets et de granges \u00e0 foin. La r\u00e9gion est couronn\u00e9e par des montagnes embl\u00e9matiques telles que le Cervin, la Dent Blanche, le Mont Rose et le Combin. <\/p>\n\n\n\n<p>Les itin\u00e9raires de la r\u00e9gion vont des populaires vall\u00e9es du Mattertal et du Saastal aux parties plus calmes du Fieschertal et au pittoresque Val d'H\u00e9rens. Explorez les vall\u00e9es profondes de la r\u00e9gion, notamment le L\u00f6tschental, le Saastal, le Mattertal, le Val d'Anniviers, le Val d'H\u00e9rens et le Trient.<\/p>\n\n\n\n<hr class=\"wp-block-separator\"\/>\n\n\n\n<h2 class=\"wp-block-heading\">Guide pratique<\/h2>\n\n\n\n<hr class=\"wp-block-separator\"\/>\n\n\n\n<h3 class=\"wp-block-heading\">Quand partir ?<\/h3>\n\n\n\n<p>Les randonn\u00e9es dans les vall\u00e9es devraient \u00eatre possibles entre la fin mai et la fin octobre, mais pour les itin\u00e9raires plus \u00e9lev\u00e9s, la meilleure p\u00e9riode est entre la fin juin et la mi-octobre.<\/p>\n\n\n\n<h3 class=\"wp-block-heading\">Villes et services<\/h3>\n\n\n\n<p>Zermatt, Saas Fee, Gr\u00e4chen, Zinal, Les Haud\u00e8res, Arolla, Champex, Fiesch, Kippel et Blatten sont quelques-uns des centres de randonn\u00e9e du Valais.<\/p>\n\n\n\n<h3 class=\"wp-block-heading\">\u00c0 ne pas manquer<\/h3>\n\n\n\n<ul class=\"wp-block-list\"><li>Les vues sur les sommets colossaux du Cervin, du Mont Rose, du Dom, du Zinalrothorn, du Weisshorn, de l'Ober Gabelhorn, de la Dent Blanche, du Bietschhorn et du Grand Combin constituent la toile de fond des itin\u00e9raires. <\/li><li>Des vall\u00e9es magiques telles que le L\u00f6tschental. Saastal, Fieschertal, Val d'Anniviers, H\u00e8rens et Bagnes.<\/li><li> Le Grosser Aletschgletscher est le plus long champ de glace des Alpes.<\/li><\/ul>\n\n\n\n<hr class=\"wp-block-separator\"\/>\n\n\n\n<h2 class=\"wp-block-heading\">Itin\u00e9raires<\/h2>\n\n\n\n<hr class=\"wp-block-separator\"\/>\n\n\n\n<p>Au pied du Cervin et de la Dent Blanche, les itin\u00e9raires se situent dans la r\u00e9gion du Fieschertal et du glacier d'Aletsch, du L\u00f6tschental, du Saastal, du Mattertal, du Turtmanntal, du Val d'Anniviers, du Val d'Herens, du Val de Bagnes, du Val Ferret et de la Vall\u00e9e du Trient. <\/p>\n\n\n\n<ul class=\"wp-block-list\"><li><strong>Fieschertal et Glacier d'Aletsch \/\/<\/strong> <em>Fieschertal - Burg Hut - Fieschertal \/ Fieschertal - Gletscherstube M\u00e4rjela \/ Burg Hut - Gletscherstube M\u00e4rjela \/ Fiescheralp - Gletscherstube M\u00e4rjela \/ Gletscherstube M\u00e4rjela - Aletschgletscher - Biel - Fiescheralp \/ Gletscherstube M\u00e4rjela - Aletschgletscher - Riederfurka \/ Riederfurka - Aletschwald - H\u00e4ngebr\u00fccke - Belalp \/<\/em><\/li><\/ul>\n\n\n\n<ul class=\"wp-block-list\"><li><strong>L\u00f6tschental \/\/ <\/strong><em>Ferden - Kummenalp - Fafleralp \/ Ferden - Kummenalp - L\u00f6tschenpass Hut \/ L\u00f6tschenpass Hut - Selden - Kandersteg \/ Fafleralp - Petersgrat - Kandersteg \/ Fafleralp - Krindeln \/ Fafleralp - Anen Hut - Fafleralp \/ Fafleralp - Blatten - Goppenstein \/ Ried - Bietschhorn Hut \/<\/em><\/li><\/ul>\n\n\n\n<ul class=\"wp-block-list\"><li><strong>Saastal \/\/ <\/strong><em>Gspon - Kreuzboden \/ Kreuzboden - Weissmies Hut \/ Kreuzboden - Trift - Saas Grund \/ Kreuzboden - Almagelleralp - Saas Almagel \/ Saas Almagell - Almagelleralp - Almageller Hut \/ Saas Almagell - Saas Grund - Saas Balen \/ Saas Almagell - Furggalp - Saas Almagel \/ Saas Almagell - Furgt\u00e4lli - Saas Almagel \/ Mattmark - Antrona Pass - Saas Almagel \/ Mattmark - Ofental - Mattmark \/ Mattmark - Monte Moro Pass - Mattmark \/ Saas Grund - Saas Fee (via Kapellenweg) \/ Saas Grund - Seng - Saas Fee \/ Saas Fee - Saas Almagell - Saas Fee \/ Saas Fee - Gletschergrotte - Spielboden Saas Fee (Hannig) - Mischabel Hut \/ Saas Fee (Hannig) - Gletschersee - Saas Fee \/ Saas Fee (Felskinn) - Britannia Hut \/ Saas Fee (Plattjen) - Britannia Hut \/ Saas Fee (Plattjen) - Hannig \/ Saas Fee (Plattjen) - Gletschersee - Saas Fee \/ Saas Fee (Felskinn) - Britannia Hut \/ Saas Fee (Plattjen) - Spielboden<\/em><\/li><\/ul>\n\n\n\n<ul class=\"wp-block-list\"><li><strong>Mattertal \/\/ <\/strong><em>Jungen - St Niklaus \/ St Niklaus - Randa - T\u00e4sch - Zermatt \/ St Niklaus - Gr\u00e4chen \/ St Niklaus - Gasenried \/ Gr\u00e4chen - Hannigalp - Saas Fee \/ Gr\u00e4chen - Gasenried \/ Randa - Schaliberg - Randa \/ T\u00e4sch - T\u00e4schalp \/ T\u00e4schalp - Cabane T\u00e4sch \/ T\u00e4schalp - T\u00e4sch \/ Zermatt (Sunnegga) - T\u00e4schalp - T\u00e4sch \/ Zermatt (Sunnegga) - Fluhalp - Findeln - Zermatt \/ Zermatt - Findeln - Eggen \/ Zermatt (Riffelberg) - Riffelsee - Zermatt \/ Zermatt (Rotenboden) - Cabane du Mont Rose \/ Zermatt (Schwarzsee) - H\u00f6rnli Cabane \/ Zermatt (Schwarzsee) - Stafelalp - Zermatt \/ Zermatt - Zmutt - Zum See - Blatten - Zermatt \/ Zermatt - Herbrigg - Hubel - Zmutt \/ Zermatt - Zmutt - Sch\u00f6nbiel Hut \/ Zermatt - Trift \/ Zermatt - Trift - H\u00f6hbalmen - Hubel - Zermatt \/ Zermatt - H\u00f6hbalmen - Zmutt - Zermatt \/ Zermatt - H\u00f6hbalmen - Sch\u00f6nbiel Hut \/ Zermatt - Trift - Rothorn Hut \/ Zermatt - Trift - Mettelhorn \/<\/em><\/li><\/ul>\n\n\n\n<ul class=\"wp-block-list\"><li><strong>Turtmanntal \/\/ <\/strong><em>Gruben - Chalte Berg \/ Gruben - Meidpass - Hotel Weisshorn \/ Gruben - Augstbordpass \/<\/em><\/li><\/ul>\n\n\n\n<ul class=\"wp-block-list\"><li><strong>Val d'Anniviers \/\/ <\/strong><em>Chandolin - Cabane d'Illhorn - Illhorn \/ St-Luc (Tignousa) - Bella Tola \/ St-Luc (Tignousa) - Meidpass - Gruben \/ St-Luc (Tignousa) - Hotel Weisshorn - Zinal \/ Zinal - Forcletta - Gruben \/ Zinal - H\u00f4tel Weisshorn - Ayer \/ Zinal - Cabane de Tracuit \/ Zinal - Roc de la Vache - Zinal \/ Zinal - Cabane d'Ar Pitetta \/ Zinal - Cabane du Grand Mountet \/ Zinal - Cabane du Petit Mountet \/ Zinal (Sorebois) - Cab. du Petit Mountet - Zinal \/ Grimentz (Moiry) - Col de Sorebois - Zinal \/ Grimentz (Parking du Glacier) - Cab. de Moiry \/ Grimentz (Barrage de Moiry) - Haut Tour du Lac \/ Grimentz (Barrage de Moiry) - Lac des Autannes \/ Grimentz (Moiry) - Sex de Marinda - Grimentz \/ Grimentz - Zinal \/<\/em><\/li><\/ul>\n\n\n\n<ul class=\"wp-block-list\"><li><strong>Val d'H\u00e9rens \/\/ <\/strong><em>Les Haud\u00e8res - La Sage \/ Les Haud\u00e8res (Ferp\u00e8cle) - Bricola \/ Les Haud\u00e8res - Veisivi - Roc Vieux \/ Arolla - Lac Bleu - La Gouille \/ Arolla - Les Haud\u00e8res - Evol\u00e8ne \/ Arolla - Cabane de la Tsa \/ Arolla - Plan de Bertol \/ Arolla - Pra Gra \/ Arolla - Cabane des Aiguilles Rouges - Arolla \/ Arolla - Pas de Ch\u00e8vres \/ Arolla - Col de Riedmatten - Cabane des Dix \/ Le Chargeur - Cabane des Dix \/ Le Chargeur - Col de Riedmatten - Arolla \/ Le Chargeur - Cabane de Prafleuri - Le Chargeur \/<\/em><\/li><\/ul>\n\n\n\n<ul class=\"wp-block-list\"><li><strong>Val de Bagnes \/\/ <\/strong><em>Verbier - Clambin - Cabane du Mont Fort \/ Cabane du Mont Fort - Cab. de Louvie - Fionnay \/ Fionnay - Cabane de Panossi\u00e8re \/ Mauvoisin - Cabane de Chanrion \/<\/em><\/li><\/ul>\n\n\n\n<ul class=\"wp-block-list\"><li><strong>Val Ferret \/\/ <\/strong><em>Praz de Fort - Plan Bagnet - Cabane d'Orny \/ Ferret - Grand Col Ferret \/ Ferret - Lacs de Fen\u00eatre \/ Ferret - Champex \/ Champex - Sembrancher \/ Champex - Cabane d'Orny \/ Champex - Alp Bovine - Col de la Forclaz \/ Champex - Fen\u00eatre d'Arpette - Col de la Forclaz \/<\/em><\/li><\/ul>\n\n\n\n<ul class=\"wp-block-list\"><li><strong>Vall\u00e9e du Trient \/\/ <\/strong><em>Trient - Chalet du Glacier - Trient \/ Trient - Col de Balme - Croix de Fer \/ Trient - Ref. Les Grands - Col de Balme - Trient \/<\/em><\/li><\/ul>\n\n\n\n<hr class=\"wp-block-separator\"\/>\n\n\n\n<h3 class=\"wp-block-heading\">Trekking de plusieurs jours<\/h3>\n\n\n\n<ul class=\"wp-block-list\"><li>Tour du Haut Mattertal\".<\/li><li>Tour du Val d'Anniviers\".<\/li><li>Tour de Weissmies\".<\/li><li><a rel=\"noreferrer noopener\" aria-label=\"Tour de Monte Rosa&quot; (ouvre un nouvel onglet)\" href=\"https:\/\/travesiapirenaica.com\/fr\/tour-monte-rosa\/\" target=\"_blank\">Tour du Mont Rose\".<\/a><\/li><li><a rel=\"noreferrer noopener\" aria-label=\"Matterhorn Tour&quot; (s&#039;ouvre dans un nouvel onglet)\" href=\"https:\/\/travesiapirenaica.com\/fr\/tournee-de-cervin\/\" target=\"_blank\">Tour du Cervin\".<\/a><\/li><li>Tour de Val d'H\u00e9rens\".<\/li><li>Tour des Dents du Midi\".<\/li><li><a rel=\"noreferrer noopener\" aria-label=\"Chamonix to Zermatt : Walker&#039;s Haute Route&quot; (ouvre un nouvel onglet)\" href=\"https:\/\/travesiapirenaica.com\/fr\/haute-route-chamonix-zermatt-a-pied\/\" target=\"_blank\">De Chamonix \u00e0 Zermatt : <em>La Haute Route de Walker<\/em>\"<\/a><\/li><li><a rel=\"noreferrer noopener\" aria-label=\"Tour du Mont Blanc&quot; (ouvre un nouvel onglet)\" href=\"https:\/\/travesiapirenaica.com\/fr\/tour-du-mont-blanc\/\" target=\"_blank\">Tour du Mont Blanc\".<\/a><\/li><\/ul>\n\n\n\n<hr class=\"wp-block-separator\"\/>","protected":false},"excerpt":{"rendered":"Le Valais, au sud de la Suisse, est situ\u00e9 de part et d'autre de la vall\u00e9e du...","protected":false},"author":1,"featured_media":20280,"comment_status":"closed","ping_status":"closed","sticky":false,"template":"","format":"image","meta":{"_kad_blocks_custom_css":"","_kad_blocks_head_custom_js":"","_kad_blocks_body_custom_js":"","_kad_blocks_footer_custom_js":"","episode_type":"","audio_file":"","podmotor_file_id":"","podmotor_episode_id":"","cover_image":"","cover_image_id":"","duration":"","filesize":"","filesize_raw":"","date_recorded":"","explicit":"","block":"","_kad_post_transparent":"","_kad_post_title":"","_kad_post_layout":"","_kad_post_sidebar_id":"","_kad_post_content_style":"","_kad_post_vertical_padding":"","_kad_post_feature":"","_kad_post_feature_position":"","_kad_post_header":false,"_kad_post_footer":false,"_kad_post_classname":"","_jetpack_memberships_contains_paid_content":false,"footnotes":""},"categories":[1],"tags":[],"series":[],"class_list":["post-20270","post","type-post","status-publish","format-image","has-post-thumbnail","hentry","category-sin-categoria","post_format-post-format-image"],"episode_featured_image":"https:\/\/travesiapirenaica.com\/wp-content\/uploads\/2015\/09\/Zermatt-Suiza_by-joao-branco-unsplash_1200x900.jpg","episode_player_image":"https:\/\/travesiapirenaica.com\/wp-content\/uploads\/2017\/12\/Caratula-Podcast-Maldita-Montana_1500x1500_72pp-p_.jpg","download_link":"","player_link":"","audio_player":false,"episode_data":{"playerMode":"dark","subscribeUrls":[],"rssFeedUrl":"https:\/\/travesiapirenaica.com\/fr\/feed\/podcast\/maldita-montana","embedCode":"<blockquote class=\"wp-embedded-content\" data-secret=\"UAzc3vyILa\"><a href=\"https:\/\/travesiapirenaica.com\/fr\/valais\/\">Excursiones y trekkings en Valais<\/a><\/blockquote><iframe sandbox=\"allow-scripts\" security=\"restricted\" src=\"https:\/\/travesiapirenaica.com\/fr\/valais\/embed\/#?secret=UAzc3vyILa\" width=\"500\" height=\"350\" title=\"\u00ab\u00a0Excursiones y trekkings en Valais\u00a0\u00bb &#8212; Traves\u00eda.\" data-secret=\"UAzc3vyILa\" frameborder=\"0\" marginwidth=\"0\" marginheight=\"0\" scrolling=\"no\" class=\"wp-embedded-content\"><\/iframe><script>\n\/*! This file is auto-generated *\/\n!function(d,l){\"use strict\";l.querySelector&&d.addEventListener&&\"undefined\"!=typeof URL&&(d.wp=d.wp||{},d.wp.receiveEmbedMessage||(d.wp.receiveEmbedMessage=function(e){var t=e.data;if((t||t.secret||t.message||t.value)&&!\/[^a-zA-Z0-9]\/.test(t.secret)){for(var s,r,n,a=l.querySelectorAll('iframe[data-secret=\"'+t.secret+'\"]'),o=l.querySelectorAll('blockquote[data-secret=\"'+t.secret+'\"]'),c=new RegExp(\"^https?:$\",\"i\"),i=0;i<o.length;i++)o[i].style.display=\"none\";for(i=0;i<a.length;i++)s=a[i],e.source===s.contentWindow&&(s.removeAttribute(\"style\"),\"height\"===t.message?(1e3<(r=parseInt(t.value,10))?r=1e3:~~r<200&&(r=200),s.height=r):\"link\"===t.message&&(r=new URL(s.getAttribute(\"src\")),n=new URL(t.value),c.test(n.protocol))&&n.host===r.host&&l.activeElement===s&&(d.top.location.href=t.value))}},d.addEventListener(\"message\",d.wp.receiveEmbedMessage,!1),l.addEventListener(\"DOMContentLoaded\",function(){for(var e,t,s=l.querySelectorAll(\"iframe.wp-embedded-content\"),r=0;r<s.length;r++)(t=(e=s[r]).getAttribute(\"data-secret\"))||(t=Math.random().toString(36).substring(2,12),e.src+=\"#?secret=\"+t,e.setAttribute(\"data-secret\",t)),e.contentWindow.postMessage({message:\"ready\",secret:t},\"*\")},!1)))}(window,document);\n\/\/# sourceURL=https:\/\/travesiapirenaica.com\/wp-includes\/js\/wp-embed.min.js\n<\/script>\n"},"taxonomy_info":{"category":[{"value":1,"label":"Sin categor\u00eda"}]},"featured_image_src_large":["https:\/\/travesiapirenaica.com\/wp-content\/uploads\/2015\/09\/Zermatt-Suiza_by-joao-branco-unsplash_1200x900-1024x768.jpg",1024,768,true],"author_info":{"display_name":"Traves\u00eda Pirenaica","author_link":"https:\/\/travesiapirenaica.com\/fr\/author\/travesia-pirenaica\/"},"comment_info":0,"category_info":[{"term_id":1,"name":"Sin categor\u00eda","slug":"sin-categoria","term_group":0,"term_taxonomy_id":1,"taxonomy":"category","description":"","parent":0,"count":208,"filter":"raw","cat_ID":1,"category_count":208,"category_description":"","cat_name":"Sin categor\u00eda","category_nicename":"sin-categoria","category_parent":0}],"tag_info":false,"jetpack_featured_media_url":"https:\/\/travesiapirenaica.com\/wp-content\/uploads\/2015\/09\/Zermatt-Suiza_by-joao-branco-unsplash_1200x900.jpg","jetpack_sharing_enabled":true,"_links":{"self":[{"href":"https:\/\/travesiapirenaica.com\/fr\/wp-json\/wp\/v2\/posts\/20270","targetHints":{"allow":["GET"]}}],"collection":[{"href":"https:\/\/travesiapirenaica.com\/fr\/wp-json\/wp\/v2\/posts"}],"about":[{"href":"https:\/\/travesiapirenaica.com\/fr\/wp-json\/wp\/v2\/types\/post"}],"author":[{"embeddable":true,"href":"https:\/\/travesiapirenaica.com\/fr\/wp-json\/wp\/v2\/users\/1"}],"replies":[{"embeddable":true,"href":"https:\/\/travesiapirenaica.com\/fr\/wp-json\/wp\/v2\/comments?post=20270"}],"version-history":[{"count":0,"href":"https:\/\/travesiapirenaica.com\/fr\/wp-json\/wp\/v2\/posts\/20270\/revisions"}],"wp:featuredmedia":[{"embeddable":true,"href":"https:\/\/travesiapirenaica.com\/fr\/wp-json\/wp\/v2\/media\/20280"}],"wp:attachment":[{"href":"https:\/\/travesiapirenaica.com\/fr\/wp-json\/wp\/v2\/media?parent=20270"}],"wp:term":[{"taxonomy":"category","embeddable":true,"href":"https:\/\/travesiapirenaica.com\/fr\/wp-json\/wp\/v2\/categories?post=20270"},{"taxonomy":"post_tag","embeddable":true,"href":"https:\/\/travesiapirenaica.com\/fr\/wp-json\/wp\/v2\/tags?post=20270"},{"taxonomy":"series","embeddable":true,"href":"https:\/\/travesiapirenaica.com\/fr\/wp-json\/wp\/v2\/series?post=20270"}],"curies":[{"name":"wp","href":"https:\/\/api.w.org\/{rel}","templated":true}]}}