{"id":20818,"date":"2017-09-29T13:03:56","date_gmt":"2017-09-29T11:03:56","guid":{"rendered":"https:\/\/travesiapirenaica.com\/?p=20818"},"modified":"2025-02-19T09:17:45","modified_gmt":"2025-02-19T08:17:45","slug":"ibon-de-estanes-en-raquettes","status":"publish","type":"post","link":"https:\/\/travesiapirenaica.com\/fr\/ibon-de-estanes-con-raquetas\/","title":{"rendered":"Excursion \u00e0 Ibon de Estanes en raquettes depuis Sansanet"},"content":{"rendered":"<p>Il s'agit d'un itin\u00e9raire classique en raquettes. En raquettes, presque \u00e0 pied, jusqu'\u00e0 l'Ib\u00f3n de Estan\u00e9s, au d\u00e9part du Parc national des Pyr\u00e9n\u00e9es, \u00e0 quatre kilom\u00e8tres de la fronti\u00e8re fran\u00e7aise.<\/p>\n\n\n<style>.kb-row-layout-wrap.wp-block-kadence-rowlayout.kb-row-layout-id20818_2adae9-2c{margin-top:0px;margin-bottom:var(--global-kb-spacing-xs, 1rem);}.kb-row-layout-id20818_2adae9-2c > .kt-row-column-wrap{align-content:start;}:where(.kb-row-layout-id20818_2adae9-2c > .kt-row-column-wrap) > .wp-block-kadence-column{justify-content:start;}.kb-row-layout-id20818_2adae9-2c > .kt-row-column-wrap{column-gap:var(--global-kb-gap-md, 2rem);row-gap:var(--global-kb-gap-sm, 1rem);max-width:var( --global-content-width, 1290px );padding-left:var(--global-content-edge-padding);padding-right:var(--global-content-edge-padding);padding-top:var(--global-kb-spacing-xxs, 0.5rem);padding-bottom:var(--global-kb-spacing-xs, 1rem);grid-template-columns:minmax(0, 1fr);}.kb-row-layout-id20818_2adae9-2c{border-top-left-radius:10px;border-top-right-radius:10px;border-bottom-right-radius:10px;border-bottom-left-radius:10px;overflow:clip;isolation:isolate;}.kb-row-layout-id20818_2adae9-2c > .kt-row-layout-overlay{border-top-left-radius:10px;border-top-right-radius:10px;border-bottom-right-radius:10px;border-bottom-left-radius:10px;}.kb-row-layout-id20818_2adae9-2c > .kt-row-layout-overlay{opacity:0.30;}@media all and (max-width: 1024px){.kb-row-layout-id20818_2adae9-2c > .kt-row-column-wrap{row-gap:var(--global-kb-gap-lg, 4rem);padding-bottom:var(--global-kb-spacing-lg, 3rem);grid-template-columns:minmax(0, 1fr);}}@media all and (max-width: 767px){.kb-row-layout-id20818_2adae9-2c > .kt-row-column-wrap{row-gap:var(--global-kb-gap-sm, 1rem);padding-bottom:var(--global-kb-spacing-xs, 1rem);grid-template-columns:minmax(0, 1fr);}}<\/style><div class=\"kb-row-layout-wrap kb-row-layout-id20818_2adae9-2c alignnone has-theme-palette7-background-color kt-row-has-bg wp-block-kadence-rowlayout\"><div class=\"kt-row-column-wrap kt-has-1-columns kt-row-layout-equal kt-tab-layout-inherit kt-mobile-layout-row kt-row-valign-top kb-theme-content-width\">\n<style>.kadence-column20818_8bcf52-69 > .kt-inside-inner-col{padding-bottom:0px;}.kadence-column20818_8bcf52-69 > .kt-inside-inner-col,.kadence-column20818_8bcf52-69 > .kt-inside-inner-col:before{border-top-left-radius:0px;border-top-right-radius:0px;border-bottom-right-radius:0px;border-bottom-left-radius:0px;}.kadence-column20818_8bcf52-69 > .kt-inside-inner-col{column-gap:var(--global-kb-gap-sm, 1rem);}.kadence-column20818_8bcf52-69 > .kt-inside-inner-col{flex-direction:column;}.kadence-column20818_8bcf52-69 > .kt-inside-inner-col > .aligncenter{width:100%;}.kadence-column20818_8bcf52-69 > .kt-inside-inner-col:before{opacity:0.3;}.kadence-column20818_8bcf52-69{position:relative;}.kadence-column20818_8bcf52-69, .kt-inside-inner-col > .kadence-column20818_8bcf52-69:not(.specificity){margin-bottom:0px;}@media all and (max-width: 1024px){.kadence-column20818_8bcf52-69 > .kt-inside-inner-col{flex-direction:column;justify-content:center;}}@media all and (max-width: 767px){.kadence-column20818_8bcf52-69 > .kt-inside-inner-col{flex-direction:column;justify-content:center;}}<\/style>\n<div class=\"wp-block-kadence-column kadence-column20818_8bcf52-69\"><div class=\"kt-inside-inner-col\">\n<h4 class=\"wp-block-heading has-medium-font-size\"><strong>Articles similaires<\/strong><\/h4>\n<\/div><\/div>\n\n\n<style>.kadence-column20818_348268-b7 > .kt-inside-inner-col,.kadence-column20818_348268-b7 > .kt-inside-inner-col:before{border-top-left-radius:0px;border-top-right-radius:0px;border-bottom-right-radius:0px;border-bottom-left-radius:0px;}.kadence-column20818_348268-b7 > .kt-inside-inner-col{column-gap:var(--global-kb-gap-sm, 1rem);}.kadence-column20818_348268-b7 > .kt-inside-inner-col{flex-direction:column;}.kadence-column20818_348268-b7 > .kt-inside-inner-col > .aligncenter{width:100%;}.kadence-column20818_348268-b7 > .kt-inside-inner-col:before{opacity:0.3;}.kadence-column20818_348268-b7{position:relative;}@media all and (max-width: 1024px){.kadence-column20818_348268-b7 > .kt-inside-inner-col{flex-direction:column;justify-content:center;}}@media all and (max-width: 767px){.kadence-column20818_348268-b7 > .kt-inside-inner-col{flex-direction:column;justify-content:center;}}<\/style>\n<div class=\"wp-block-kadence-column kadence-column20818_348268-b7\"><div class=\"kt-inside-inner-col\"><style>.kt-post-loop20818_cd5921-92 .kadence-post-image{padding-top:0px;padding-right:16px;padding-left:0px;}.kt-post-loop20818_cd5921-92 .kt-feat-image-align-left{grid-template-columns:30% auto;}.kt-post-loop20818_cd5921-92 .kt-blocks-post-grid-item-inner-wrap .kt-blocks-post-grid-item-inner{display:flex;flex-direction:column;justify-content:flex-start;}.kt-post-loop20818_cd5921-92 .kt-post-grid-wrap{gap:16px 16px;}.kt-post-loop20818_cd5921-92 .kt-blocks-post-grid-item{border-top-left-radius:10px;border-top-right-radius:10px;border-bottom-right-radius:10px;border-bottom-left-radius:10px;border-top-color:currentColor;border-top-style:solid;border-right-color:currentColor;border-right-style:solid;border-bottom-color:currentColor;border-bottom-style:solid;border-left-color:currentColor;border-left-style:solid;overflow:hidden;}.kt-post-loop20818_cd5921-92 .kt-blocks-post-grid-item .kt-blocks-post-grid-item-inner{padding-top:0px;}.kt-post-loop20818_cd5921-92 .kt-blocks-post-grid-item .kt-blocks-post-grid-item-inner{text-align:left;}.kt-post-loop20818_cd5921-92 .kt-blocks-post-grid-item header{padding-top:0px;padding-right:0px;padding-bottom:10px;padding-left:0px;margin-top:0px;margin-right:0px;margin-bottom:0px;margin-left:0px;}.kt-post-loop20818_cd5921-92 .kt-blocks-post-grid-item .kt-blocks-above-categories{font-size:13px;line-height:20px;text-transform:uppercase;}.kt-post-loop20818_cd5921-92 .kt-blocks-post-grid-item .entry-title{padding-top:5px;padding-right:0px;padding-bottom:0px;padding-left:0px;margin-top:0px;margin-right:0px;margin-bottom:0px;margin-left:0px;font-size:var(--global-kb-font-size-md, 1.25rem);line-height:18px;font-weight:bold;}.kt-post-loop20818_cd5921-92 .entry-content{padding-top:0px;padding-right:0px;padding-left:0px;margin-top:0px;margin-right:0px;margin-left:0px;font-size:14px;line-height:24px;}.kt-post-loop20818_cd5921-92 .kt-blocks-post-footer{border-top-width:0px;border-right-width:0px;border-bottom-width:0px;border-left-width:0px;padding-top:0px;padding-right:0px;padding-bottom:0px;padding-left:0px;margin-top:0px;margin-right:0px;margin-bottom:0px;margin-left:0px;font-size:12px;line-height:20px;text-transform:uppercase;}.kt-post-loop20818_cd5921-92 .entry-content:after{height:0px;}.kt-post-loop20818_cd5921-92 .kb-filter-item{border-top-width:0px;border-right-width:0px;border-bottom-width:2px;border-left-width:0px;padding-top:5px;padding-right:8px;padding-bottom:5px;padding-left:8px;margin-top:0px;margin-right:10px;margin-bottom:0px;margin-left:0px;}@media all and (max-width: 1024px){.kt-post-loop20818_cd5921-92 .kt-blocks-post-grid-item{border-top-color:currentColor;border-top-style:solid;border-right-color:currentColor;border-right-style:solid;border-bottom-color:currentColor;border-bottom-style:solid;border-left-color:currentColor;border-left-style:solid;}}@media all and (max-width: 767px){.kt-post-loop20818_cd5921-92 .kt-blocks-post-grid-item{border-top-left-radius:0px;border-top-right-radius:0px;border-bottom-right-radius:0px;border-bottom-left-radius:0px;border-top-color:currentColor;border-top-style:solid;border-right-color:currentColor;border-right-style:solid;border-bottom-color:currentColor;border-bottom-style:solid;border-left-color:currentColor;border-left-style:solid;}}<\/style><div class=\"wp-block-kadence-postgrid kt-blocks-post-loop-block alignnone kt-post-loop20818_cd5921-92 kt-post-grid-layout-grid\"><div class=\"kt-post-grid-layout-grid-wrap kt-post-grid-wrap\" data-columns-xxl=\"2\" data-columns-xl=\"2\" data-columns-md=\"2\" data-columns-sm=\"2\" data-columns-xs=\"1\" data-columns-ss=\"1\"data-item-selector=\".kt-post-masonry-item\" aria-label=\"Carrousel de postes\"><article class=\"kt-blocks-post-grid-item post-21347 post type-post status-publish format-image has-post-thumbnail hentry category-pirineos tag-pirineos-verano post_format-post-format-image\"><div class=\"kt-blocks-post-grid-item-inner-wrap kt-feat-image-align-left kt-feat-image-mobile-align-side\"><div class=\"kadence-post-image\"><div class=\"kadence-post-image-intrisic kt-image-ratio-66-67\" style=\"padding-bottom:66.67%;\"><div class=\"kadence-post-image-inner-intrisic\"><a aria-hidden=\"true\" tabindex=\"-1\" role=\"presentation\" href=\"https:\/\/travesiapirenaica.com\/fr\/ibones-del-pirineo\/\" aria-label=\"Itin\u00e9raires vers Ibones del Pirineo\" class=\"kadence-post-image-inner-wrap\"><img loading=\"lazy\" decoding=\"async\" width=\"1024\" height=\"768\" src=\"https:\/\/travesiapirenaica.com\/wp-content\/uploads\/2017\/11\/180907_IG_@marisagarlo-_Ibones-de-Anayet_1200x900-1024x768.jpg\" class=\"attachment-large size-large wp-post-image\" alt=\"Ibones de Anayet, avec le pic Anayet en arri\u00e8re-plan \/ Photo : Marisa (Instagram : @marisagarlo)\" srcset=\"https:\/\/travesiapirenaica.com\/wp-content\/uploads\/2017\/11\/180907_IG_@marisagarlo-_Ibones-de-Anayet_1200x900-1024x768.jpg 1024w, https:\/\/travesiapirenaica.com\/wp-content\/uploads\/2017\/11\/180907_IG_@marisagarlo-_Ibones-de-Anayet_1200x900-300x225.jpg 300w, https:\/\/travesiapirenaica.com\/wp-content\/uploads\/2017\/11\/180907_IG_@marisagarlo-_Ibones-de-Anayet_1200x900-768x576.jpg 768w, https:\/\/travesiapirenaica.com\/wp-content\/uploads\/2017\/11\/180907_IG_@marisagarlo-_Ibones-de-Anayet_1200x900-150x113.jpg 150w, https:\/\/travesiapirenaica.com\/wp-content\/uploads\/2017\/11\/180907_IG_@marisagarlo-_Ibones-de-Anayet_1200x900-696x522.jpg 696w, https:\/\/travesiapirenaica.com\/wp-content\/uploads\/2017\/11\/180907_IG_@marisagarlo-_Ibones-de-Anayet_1200x900-1068x801.jpg 1068w, https:\/\/travesiapirenaica.com\/wp-content\/uploads\/2017\/11\/180907_IG_@marisagarlo-_Ibones-de-Anayet_1200x900-560x420.jpg 560w, https:\/\/travesiapirenaica.com\/wp-content\/uploads\/2017\/11\/180907_IG_@marisagarlo-_Ibones-de-Anayet_1200x900-80x60.jpg 80w, https:\/\/travesiapirenaica.com\/wp-content\/uploads\/2017\/11\/180907_IG_@marisagarlo-_Ibones-de-Anayet_1200x900-265x198.jpg 265w, https:\/\/travesiapirenaica.com\/wp-content\/uploads\/2017\/11\/180907_IG_@marisagarlo-_Ibones-de-Anayet_1200x900-853x640.jpg 853w, https:\/\/travesiapirenaica.com\/wp-content\/uploads\/2017\/11\/180907_IG_@marisagarlo-_Ibones-de-Anayet_1200x900-600x450.jpg 600w, https:\/\/travesiapirenaica.com\/wp-content\/uploads\/2017\/11\/180907_IG_@marisagarlo-_Ibones-de-Anayet_1200x900.jpg 1200w\" sizes=\"auto, (max-width: 1024px) 100vw, 1024px\" \/><\/a><\/div><\/div><\/div><div class=\"kt-blocks-post-grid-item-inner\"><header><h4 class=\"entry-title\"><a href=\"https:\/\/travesiapirenaica.com\/fr\/ibones-del-pirineo\/\">Itin\u00e9raires vers Ibones del Pirineo<\/a><\/h4><div class=\"kt-blocks-post-top-meta\"><\/div><\/header><div class=\"entry-content\"><\/div><footer class=\"kt-blocks-post-footer\"><div class=\"kt-blocks-post-footer-left\"><\/div><div class=\"kt-blocks-post-footer-right\"><\/div><\/footer><\/div><\/div><\/article><article class=\"kt-blocks-post-grid-item post-1413 post type-post status-publish format-standard has-post-thumbnail hentry category-pirineos tag-rutas-pirineo-aragones\"><div class=\"kt-blocks-post-grid-item-inner-wrap kt-feat-image-align-left kt-feat-image-mobile-align-side\"><div class=\"kadence-post-image\"><div class=\"kadence-post-image-intrisic kt-image-ratio-66-67\" style=\"padding-bottom:66.67%;\"><div class=\"kadence-post-image-inner-intrisic\"><a aria-hidden=\"true\" tabindex=\"-1\" role=\"presentation\" href=\"https:\/\/travesiapirenaica.com\/fr\/pirineos-pico-los-ibones-anayet\/\" aria-label=\"Ibones de Anayet\" class=\"kadence-post-image-inner-wrap\"><img loading=\"lazy\" decoding=\"async\" width=\"1024\" height=\"769\" src=\"https:\/\/travesiapirenaica.com\/wp-content\/uploads\/2020\/07\/Anayet_montanasaqueras_Newsletter-1024x769.jpg\" class=\"attachment-large size-large wp-post-image\" alt=\"Pic d&#039;Anayet depuis les Ibones du m\u00eame nom \/\/ Photo by @MontanasAqueras\" srcset=\"https:\/\/travesiapirenaica.com\/wp-content\/uploads\/2020\/07\/Anayet_montanasaqueras_Newsletter-1024x769.jpg 1024w, https:\/\/travesiapirenaica.com\/wp-content\/uploads\/2020\/07\/Anayet_montanasaqueras_Newsletter-300x225.jpg 300w, https:\/\/travesiapirenaica.com\/wp-content\/uploads\/2020\/07\/Anayet_montanasaqueras_Newsletter-768x577.jpg 768w, https:\/\/travesiapirenaica.com\/wp-content\/uploads\/2020\/07\/Anayet_montanasaqueras_Newsletter-450x338.jpg 450w, https:\/\/travesiapirenaica.com\/wp-content\/uploads\/2020\/07\/Anayet_montanasaqueras_Newsletter-225x169.jpg 225w, https:\/\/travesiapirenaica.com\/wp-content\/uploads\/2020\/07\/Anayet_montanasaqueras_Newsletter-900x676.jpg 900w, https:\/\/travesiapirenaica.com\/wp-content\/uploads\/2020\/07\/Anayet_montanasaqueras_Newsletter-20x15.jpg 20w, https:\/\/travesiapirenaica.com\/wp-content\/uploads\/2020\/07\/Anayet_montanasaqueras_Newsletter-128x96.jpg 128w, https:\/\/travesiapirenaica.com\/wp-content\/uploads\/2020\/07\/Anayet_montanasaqueras_Newsletter-600x451.jpg 600w, https:\/\/travesiapirenaica.com\/wp-content\/uploads\/2020\/07\/Anayet_montanasaqueras_Newsletter.jpg 1200w\" sizes=\"auto, (max-width: 1024px) 100vw, 1024px\" \/><\/a><\/div><\/div><\/div><div class=\"kt-blocks-post-grid-item-inner\"><header><h4 class=\"entry-title\"><a href=\"https:\/\/travesiapirenaica.com\/fr\/pirineos-pico-los-ibones-anayet\/\">Ibones de Anayet<\/a><\/h4><div class=\"kt-blocks-post-top-meta\"><\/div><\/header><div class=\"entry-content\"><\/div><footer class=\"kt-blocks-post-footer\"><div class=\"kt-blocks-post-footer-left\"><\/div><div class=\"kt-blocks-post-footer-right\"><\/div><\/footer><\/div><\/div><\/article><article class=\"kt-blocks-post-grid-item post-6021 post type-post status-publish format-image has-post-thumbnail hentry category-rutas tag-rutas-pirineo-aragones post_format-post-format-image\"><div class=\"kt-blocks-post-grid-item-inner-wrap kt-feat-image-align-left kt-feat-image-mobile-align-side\"><div class=\"kadence-post-image\"><div class=\"kadence-post-image-intrisic kt-image-ratio-66-67\" style=\"padding-bottom:66.67%;\"><div class=\"kadence-post-image-inner-intrisic\"><a aria-hidden=\"true\" tabindex=\"-1\" role=\"presentation\" href=\"https:\/\/travesiapirenaica.com\/fr\/ibones-azules\/\" aria-label=\"Ibones Azules du Panticosa Spa Resort\" class=\"kadence-post-image-inner-wrap\"><img loading=\"lazy\" decoding=\"async\" width=\"1024\" height=\"768\" src=\"https:\/\/travesiapirenaica.com\/wp-content\/uploads\/2020\/05\/Vista-hacia-el-Cuello-del-Infierno-desde-los-Ibones-Azules.-Foto-Eduardo-Azcona-1024x768.jpg\" class=\"attachment-large size-large wp-post-image\" alt=\"Vue sur le Cuello del Infierno depuis les Ibones Azules. Photo Eduardo Azcona\" srcset=\"https:\/\/travesiapirenaica.com\/wp-content\/uploads\/2020\/05\/Vista-hacia-el-Cuello-del-Infierno-desde-los-Ibones-Azules.-Foto-Eduardo-Azcona-1024x768.jpg 1024w, https:\/\/travesiapirenaica.com\/wp-content\/uploads\/2020\/05\/Vista-hacia-el-Cuello-del-Infierno-desde-los-Ibones-Azules.-Foto-Eduardo-Azcona-300x225.jpg 300w, https:\/\/travesiapirenaica.com\/wp-content\/uploads\/2020\/05\/Vista-hacia-el-Cuello-del-Infierno-desde-los-Ibones-Azules.-Foto-Eduardo-Azcona-768x576.jpg 768w, https:\/\/travesiapirenaica.com\/wp-content\/uploads\/2020\/05\/Vista-hacia-el-Cuello-del-Infierno-desde-los-Ibones-Azules.-Foto-Eduardo-Azcona-150x113.jpg 150w, https:\/\/travesiapirenaica.com\/wp-content\/uploads\/2020\/05\/Vista-hacia-el-Cuello-del-Infierno-desde-los-Ibones-Azules.-Foto-Eduardo-Azcona-696x522.jpg 696w, https:\/\/travesiapirenaica.com\/wp-content\/uploads\/2020\/05\/Vista-hacia-el-Cuello-del-Infierno-desde-los-Ibones-Azules.-Foto-Eduardo-Azcona-1068x801.jpg 1068w, https:\/\/travesiapirenaica.com\/wp-content\/uploads\/2020\/05\/Vista-hacia-el-Cuello-del-Infierno-desde-los-Ibones-Azules.-Foto-Eduardo-Azcona-560x420.jpg 560w, https:\/\/travesiapirenaica.com\/wp-content\/uploads\/2020\/05\/Vista-hacia-el-Cuello-del-Infierno-desde-los-Ibones-Azules.-Foto-Eduardo-Azcona-80x60.jpg 80w, https:\/\/travesiapirenaica.com\/wp-content\/uploads\/2020\/05\/Vista-hacia-el-Cuello-del-Infierno-desde-los-Ibones-Azules.-Foto-Eduardo-Azcona-265x198.jpg 265w, https:\/\/travesiapirenaica.com\/wp-content\/uploads\/2020\/05\/Vista-hacia-el-Cuello-del-Infierno-desde-los-Ibones-Azules.-Foto-Eduardo-Azcona-600x450.jpg 600w, https:\/\/travesiapirenaica.com\/wp-content\/uploads\/2020\/05\/Vista-hacia-el-Cuello-del-Infierno-desde-los-Ibones-Azules.-Foto-Eduardo-Azcona.jpg 1200w\" sizes=\"auto, (max-width: 1024px) 100vw, 1024px\" \/><\/a><\/div><\/div><\/div><div class=\"kt-blocks-post-grid-item-inner\"><header><h4 class=\"entry-title\"><a href=\"https:\/\/travesiapirenaica.com\/fr\/ibones-azules\/\">Ibones Azules du Panticosa Spa Resort<\/a><\/h4><div class=\"kt-blocks-post-top-meta\"><\/div><\/header><div class=\"entry-content\"><\/div><footer class=\"kt-blocks-post-footer\"><div class=\"kt-blocks-post-footer-left\"><\/div><div class=\"kt-blocks-post-footer-right\"><\/div><\/footer><\/div><\/div><\/article><article class=\"kt-blocks-post-grid-item post-21474 post type-post status-publish format-image has-post-thumbnail hentry category-pirineos post_format-post-format-image\"><div class=\"kt-blocks-post-grid-item-inner-wrap kt-feat-image-align-left kt-feat-image-mobile-align-side\"><div class=\"kadence-post-image\"><div class=\"kadence-post-image-intrisic kt-image-ratio-66-67\" style=\"padding-bottom:66.67%;\"><div class=\"kadence-post-image-inner-intrisic\"><a aria-hidden=\"true\" tabindex=\"-1\" role=\"presentation\" href=\"https:\/\/travesiapirenaica.com\/fr\/estanes-desde-sansanet\/\" aria-label=\"Ib\u00f3n de Estan\u00e9s depuis Sansanet. Excursion \u00e0 l&#039;un des lacs les plus embl\u00e9matiques des Pyr\u00e9n\u00e9es aragonaises.\" class=\"kadence-post-image-inner-wrap\"><img loading=\"lazy\" decoding=\"async\" width=\"1024\" height=\"768\" src=\"https:\/\/travesiapirenaica.com\/wp-content\/uploads\/0019\/07\/Newsletter_Ib\u00f3n-de-Estanes_Eduardo-Azcona-1024x768.jpg\" class=\"attachment-large size-large wp-post-image\" alt=\"Ib\u00f3n de Estan\u00e9s \/ Photo : Eduardo Azcona\" srcset=\"https:\/\/travesiapirenaica.com\/wp-content\/uploads\/0019\/07\/Newsletter_Ib\u00f3n-de-Estanes_Eduardo-Azcona-1024x768.jpg 1024w, https:\/\/travesiapirenaica.com\/wp-content\/uploads\/0019\/07\/Newsletter_Ib\u00f3n-de-Estanes_Eduardo-Azcona-300x225.jpg 300w, https:\/\/travesiapirenaica.com\/wp-content\/uploads\/0019\/07\/Newsletter_Ib\u00f3n-de-Estanes_Eduardo-Azcona-768x576.jpg 768w, https:\/\/travesiapirenaica.com\/wp-content\/uploads\/0019\/07\/Newsletter_Ib\u00f3n-de-Estanes_Eduardo-Azcona-450x338.jpg 450w, https:\/\/travesiapirenaica.com\/wp-content\/uploads\/0019\/07\/Newsletter_Ib\u00f3n-de-Estanes_Eduardo-Azcona-225x169.jpg 225w, https:\/\/travesiapirenaica.com\/wp-content\/uploads\/0019\/07\/Newsletter_Ib\u00f3n-de-Estanes_Eduardo-Azcona-900x675.jpg 900w, https:\/\/travesiapirenaica.com\/wp-content\/uploads\/0019\/07\/Newsletter_Ib\u00f3n-de-Estanes_Eduardo-Azcona-20x15.jpg 20w, https:\/\/travesiapirenaica.com\/wp-content\/uploads\/0019\/07\/Newsletter_Ib\u00f3n-de-Estanes_Eduardo-Azcona-128x96.jpg 128w, https:\/\/travesiapirenaica.com\/wp-content\/uploads\/0019\/07\/Newsletter_Ib\u00f3n-de-Estanes_Eduardo-Azcona-600x450.jpg 600w, https:\/\/travesiapirenaica.com\/wp-content\/uploads\/0019\/07\/Newsletter_Ib\u00f3n-de-Estanes_Eduardo-Azcona.jpg 1200w\" sizes=\"auto, (max-width: 1024px) 100vw, 1024px\" \/><\/a><\/div><\/div><\/div><div class=\"kt-blocks-post-grid-item-inner\"><header><h4 class=\"entry-title\"><a href=\"https:\/\/travesiapirenaica.com\/fr\/estanes-desde-sansanet\/\">Ib\u00f3n de Estan\u00e9s depuis Sansanet. Excursion \u00e0 l'un des lacs les plus embl\u00e9matiques des Pyr\u00e9n\u00e9es aragonaises.<\/a><\/h4><div class=\"kt-blocks-post-top-meta\"><\/div><\/header><div class=\"entry-content\"><\/div><footer class=\"kt-blocks-post-footer\"><div class=\"kt-blocks-post-footer-left\"><\/div><div class=\"kt-blocks-post-footer-right\"><\/div><\/footer><\/div><\/div><\/article><article class=\"kt-blocks-post-grid-item post-4110 post type-post status-publish format-image has-post-thumbnail hentry category-pirineos post_format-post-format-image\"><div class=\"kt-blocks-post-grid-item-inner-wrap kt-feat-image-align-left kt-feat-image-mobile-align-side\"><div class=\"kadence-post-image\"><div class=\"kadence-post-image-intrisic kt-image-ratio-66-67\" style=\"padding-bottom:66.67%;\"><div class=\"kadence-post-image-inner-intrisic\"><a aria-hidden=\"true\" tabindex=\"-1\" role=\"presentation\" href=\"https:\/\/travesiapirenaica.com\/fr\/ibon-plan-basa-mora\/\" aria-label=\"Ib\u00f3n de Plan ou Basa de la Mora\" class=\"kadence-post-image-inner-wrap\"><img loading=\"lazy\" decoding=\"async\" width=\"1024\" height=\"439\" src=\"https:\/\/travesiapirenaica.com\/wp-content\/uploads\/2017\/11\/IG_rositamuum_Ib\u00f3n-de-plan_1400x600_web-1-1024x439.jpg\" class=\"attachment-large size-large wp-post-image\" alt=\"Ib\u00f3n de Plan ou Basa de la Mora \/ Photo : @rositamuum (IG)\" srcset=\"https:\/\/travesiapirenaica.com\/wp-content\/uploads\/2017\/11\/IG_rositamuum_Ib\u00f3n-de-plan_1400x600_web-1-1024x439.jpg 1024w, https:\/\/travesiapirenaica.com\/wp-content\/uploads\/2017\/11\/IG_rositamuum_Ib\u00f3n-de-plan_1400x600_web-1-600x257.jpg 600w, https:\/\/travesiapirenaica.com\/wp-content\/uploads\/2017\/11\/IG_rositamuum_Ib\u00f3n-de-plan_1400x600_web-1-300x129.jpg 300w, https:\/\/travesiapirenaica.com\/wp-content\/uploads\/2017\/11\/IG_rositamuum_Ib\u00f3n-de-plan_1400x600_web-1-768x329.jpg 768w, https:\/\/travesiapirenaica.com\/wp-content\/uploads\/2017\/11\/IG_rositamuum_Ib\u00f3n-de-plan_1400x600_web-1.jpg 1400w\" sizes=\"auto, (max-width: 1024px) 100vw, 1024px\" \/><\/a><\/div><\/div><\/div><div class=\"kt-blocks-post-grid-item-inner\"><header><h4 class=\"entry-title\"><a href=\"https:\/\/travesiapirenaica.com\/fr\/ibon-plan-basa-mora\/\">Ib\u00f3n de Plan ou Basa de la Mora<\/a><\/h4><div class=\"kt-blocks-post-top-meta\"><\/div><\/header><div class=\"entry-content\"><\/div><footer class=\"kt-blocks-post-footer\"><div class=\"kt-blocks-post-footer-left\"><\/div><div class=\"kt-blocks-post-footer-right\"><\/div><\/footer><\/div><\/div><\/article><\/div><\/div><!-- .wp-block-kadence-postgrid --><\/div><\/div>\n\n<\/div><\/div>\n\n\n<p>C'est un itin\u00e9raire qui convient \u00e0 tout le monde et de nombreuses familles l'empruntent avec leurs enfants.<\/p>\n\n\n\n<h2 class=\"wp-block-heading\">Comment s'y rendre : <strong>Parking Sansanet <\/strong>(France) <\/h2>\n\n\n\n<p>Si vous quittez Jaca en voiture, prenez la N-330 jusqu'au col du Somport (sans emprunter le tunnel). Une fois en territoire fran\u00e7ais, la route devient la N134. <\/p>\n\n\n\n<p>Apr\u00e8s avoir pass\u00e9 la station de ski de fond du Somport, \u00e0 un peu plus de quatre kilom\u00e8tres de la fronti\u00e8re, vous verrez le parking de Sansanet sur votre gauche. C'est l\u00e0 que commence l'excursion. <\/p>\n\n\n\n<blockquote class=\"instagram-media\" data-instgrm-permalink=\"https:\/\/www.instagram.com\/p\/DGL0XjPKvxF\/?utm_source=ig_embed&amp;utm_campaign=loading\" data-instgrm-version=\"14\" style=\" background:#FFF; border:0; border-radius:3px; box-shadow:0 0 1px 0 rgba(0,0,0,0.5),0 1px 10px 0 rgba(0,0,0,0.15); margin: 1px; max-width:540px; min-width:326px; padding:0; width:99.375%; width:-webkit-calc(100% - 2px); width:calc(100% - 2px);\"><div style=\"padding:16px;\"> <a href=\"https:\/\/www.instagram.com\/p\/DGL0XjPKvxF\/?utm_source=ig_embed&amp;utm_campaign=loading\" style=\" background:#FFFFFF; line-height:0; padding:0 0; text-align:center; text-decoration:none; width:100%;\" target=\"_blank\" rel=\"noopener\"> <div style=\" display: flex; flex-direction: row; align-items: center;\"> <div style=\"background-color: #F4F4F4; border-radius: 50%; flex-grow: 0; height: 40px; margin-right: 14px; width: 40px;\"><\/div> <div style=\"display: flex; flex-direction: column; flex-grow: 1; justify-content: center;\"> <div style=\" background-color: #F4F4F4; border-radius: 4px; flex-grow: 0; height: 14px; margin-bottom: 6px; width: 100px;\"><\/div> <div style=\" background-color: #F4F4F4; border-radius: 4px; flex-grow: 0; height: 14px; width: 60px;\"><\/div><\/div><\/div><div style=\"padding: 19% 0;\"><\/div> <div style=\"display:block; height:50px; margin:0 auto 12px; width:50px;\"><svg width=\"50px\" height=\"50px\" viewbox=\"0 0 60 60\" version=\"1.1\" xmlns=\"https:\/\/www.w3.org\/2000\/svg\" xmlns:xlink=\"https:\/\/www.w3.org\/1999\/xlink\"><g stroke=\"none\" stroke-width=\"1\" fill=\"none\" fill-rule=\"evenodd\"><g transform=\"translate(-511.000000, -20.000000)\" fill=\"#000000\"><g><path d=\"M556.869,30.41 C554.814,30.41 553.148,32.076 553.148,34.131 C553.148,36.186 554.814,37.852 556.869,37.852 C558.924,37.852 560.59,36.186 560.59,34.131 C560.59,32.076 558.924,30.41 556.869,30.41 M541,60.657 C535.114,60.657 530.342,55.887 530.342,50 C530.342,44.114 535.114,39.342 541,39.342 C546.887,39.342 551.658,44.114 551.658,50 C551.658,55.887 546.887,60.657 541,60.657 M541,33.886 C532.1,33.886 524.886,41.1 524.886,50 C524.886,58.899 532.1,66.113 541,66.113 C549.9,66.113 557.115,58.899 557.115,50 C557.115,41.1 549.9,33.886 541,33.886 M565.378,62.101 C565.244,65.022 564.756,66.606 564.346,67.663 C563.803,69.06 563.154,70.057 562.106,71.106 C561.058,72.155 560.06,72.803 558.662,73.347 C557.607,73.757 556.021,74.244 553.102,74.378 C549.944,74.521 548.997,74.552 541,74.552 C533.003,74.552 532.056,74.521 528.898,74.378 C525.979,74.244 524.393,73.757 523.338,73.347 C521.94,72.803 520.942,72.155 519.894,71.106 C518.846,70.057 518.197,69.06 517.654,67.663 C517.244,66.606 516.755,65.022 516.623,62.101 C516.479,58.943 516.448,57.996 516.448,50 C516.448,42.003 516.479,41.056 516.623,37.899 C516.755,34.978 517.244,33.391 517.654,32.338 C518.197,30.938 518.846,29.942 519.894,28.894 C520.942,27.846 521.94,27.196 523.338,26.654 C524.393,26.244 525.979,25.756 528.898,25.623 C532.057,25.479 533.004,25.448 541,25.448 C548.997,25.448 549.943,25.479 553.102,25.623 C556.021,25.756 557.607,26.244 558.662,26.654 C560.06,27.196 561.058,27.846 562.106,28.894 C563.154,29.942 563.803,30.938 564.346,32.338 C564.756,33.391 565.244,34.978 565.378,37.899 C565.522,41.056 565.552,42.003 565.552,50 C565.552,57.996 565.522,58.943 565.378,62.101 M570.82,37.631 C570.674,34.438 570.167,32.258 569.425,30.349 C568.659,28.377 567.633,26.702 565.965,25.035 C564.297,23.368 562.623,22.342 560.652,21.575 C558.743,20.834 556.562,20.326 553.369,20.18 C550.169,20.033 549.148,20 541,20 C532.853,20 531.831,20.033 528.631,20.18 C525.438,20.326 523.257,20.834 521.349,21.575 C519.376,22.342 517.703,23.368 516.035,25.035 C514.368,26.702 513.342,28.377 512.574,30.349 C511.834,32.258 511.326,34.438 511.181,37.631 C511.035,40.831 511,41.851 511,50 C511,58.147 511.035,59.17 511.181,62.369 C511.326,65.562 511.834,67.743 512.574,69.651 C513.342,71.625 514.368,73.296 516.035,74.965 C517.703,76.634 519.376,77.658 521.349,78.425 C523.257,79.167 525.438,79.673 528.631,79.82 C531.831,79.965 532.853,80.001 541,80.001 C549.148,80.001 550.169,79.965 553.369,79.82 C556.562,79.673 558.743,79.167 560.652,78.425 C562.623,77.658 564.297,76.634 565.965,74.965 C567.633,73.296 568.659,71.625 569.425,69.651 C570.167,67.743 570.674,65.562 570.82,62.369 C570.966,59.17 571,58.147 571,50 C571,41.851 570.966,40.831 570.82,37.631\"><\/path><\/g><\/g><\/g><\/svg><\/div><div style=\"padding-top: 8px;\"> <div style=\" color:#3897f0; font-family:Arial,sans-serif; font-size:14px; font-style:normal; font-weight:550; line-height:18px;\">Voir ce message sur Instagram<\/div><\/div><div style=\"padding: 12.5% 0;\"><\/div> <div style=\"display: flex; flex-direction: row; margin-bottom: 14px; align-items: center;\"><div> <div style=\"background-color: #F4F4F4; border-radius: 50%; height: 12.5px; width: 12.5px; transform: translateX(0px) translateY(7px);\"><\/div> <div style=\"background-color: #F4F4F4; height: 12.5px; transform: rotate(-45deg) translateX(3px) translateY(1px); width: 12.5px; flex-grow: 0; margin-right: 14px; margin-left: 2px;\"><\/div> <div style=\"background-color: #F4F4F4; border-radius: 50%; height: 12.5px; width: 12.5px; transform: translateX(9px) translateY(-18px);\"><\/div><\/div><div style=\"margin-left: 8px;\"> <div style=\" background-color: #F4F4F4; border-radius: 50%; flex-grow: 0; height: 20px; width: 20px;\"><\/div> <div style=\" width: 0; height: 0; border-top: 2px solid transparent; border-left: 6px solid #f4f4f4; border-bottom: 2px solid transparent; transform: translateX(16px) translateY(-4px) rotate(30deg)\"><\/div><\/div><div style=\"margin-left: auto;\"> <div style=\" width: 0px; border-top: 8px solid #F4F4F4; border-right: 8px solid transparent; transform: translateY(16px);\"><\/div> <div style=\" background-color: #F4F4F4; flex-grow: 0; height: 12px; width: 16px; transform: translateY(-4px);\"><\/div> <div style=\" width: 0; height: 0; border-top: 8px solid #F4F4F4; border-left: 8px solid transparent; transform: translateY(-4px) translateX(8px);\"><\/div><\/div><\/div> <div style=\"display: flex; flex-direction: column; flex-grow: 1; justify-content: center; margin-bottom: 24px;\"> <div style=\" background-color: #F4F4F4; border-radius: 4px; flex-grow: 0; height: 14px; margin-bottom: 6px; width: 224px;\"><\/div> <div style=\" background-color: #F4F4F4; border-radius: 4px; flex-grow: 0; height: 14px; width: 144px;\"><\/div><\/div><\/a><p style=\" color:#c9c8cd; font-family:Arial,sans-serif; font-size:14px; line-height:17px; margin-bottom:0; margin-top:8px; overflow:hidden; padding:8px 0 7px; text-align:center; text-overflow:ellipsis; white-space:nowrap;\"><a href=\"https:\/\/www.instagram.com\/p\/DGL0XjPKvxF\/?utm_source=ig_embed&amp;utm_campaign=loading\" style=\" color:#c9c8cd; font-family:Arial,sans-serif; font-size:14px; font-style:normal; font-weight:normal; line-height:17px; text-decoration:none;\" target=\"_blank\" rel=\"noopener\">A post shared by Miguel Angel Domingo (@cajadefotos)<\/a><\/p><\/div><\/blockquote>\n<script async src=\"\/\/www.instagram.com\/embed.js\"><\/script>\n\n\n\n<h2 class=\"wp-block-heading\">Itin\u00e9raire <\/h2>\n\n\n\n<p><strong>Parking Sansanet <\/strong>(France). Vous pouvez maintenant chausser vos raquettes et commencer la mont\u00e9e en douceur (pas de pentes raides). La premi\u00e8re partie de la mont\u00e9e se fait dans une for\u00eat de h\u00eatres et de sapins.  Nous arrivons \u00e0 une bifurcation, que nous prenons en direction du lac d'Estaens. Apr\u00e8s une mont\u00e9e mod\u00e9r\u00e9e, nous atteignons le 292 muga, la fronti\u00e8re entre l'Espagne et la France. Nous rejoignons la&nbsp;<strong><a rel=\"noreferrer noopener\" href=\"https:\/\/travesiapirenaica.com\/gr11\/gr11.php\" target=\"_blank\">GR-11&nbsp;<\/a><\/strong>pour arriver \u00e0 l'Ib\u00f3n de Estanes.  Le chemin est parfaitement balis\u00e9 tout au long du parcours, si bien que, presque sans s'en apercevoir et en profitant de la promenade et du magnifique paysage, vous atteindrez le lac en deux heures environ. <\/p>\n\n\n\n<figure><iframe loading=\"lazy\" src=\"https:\/\/es.wikiloc.com\/wikiloc\/spatialArtifacts.do?event=view&amp;id=22840182&amp;measures=off&amp;title=off&amp;near=off&amp;images=off&amp;maptype=H\" width=\"100%\" height=\"400\"><\/iframe><\/figure>\n\n\n\n<p>L'excursion que nous proposons se termine au lac, mais de l\u00e0, si vous le souhaitez, vous pouvez vous rendre sur plusieurs des sommets environnants. La rive du lac, qui n'appara\u00eet timidement que d'un c\u00f4t\u00e9, le reste \u00e9tant recouvert de neige, deviendra plus visible \u00e0 mesure que le printemps avancera et que la neige fondra. <\/p>\n\n\n\n<p>Le retour se fera par le m\u00eame itin\u00e9raire.  Le retour au parking de Sansanet dure environ une heure et demie. Nous esp\u00e9rons que vous appr\u00e9cierez cette exp\u00e9rience.<\/p>\n\n\n\n<hr class=\"wp-block-separator has-css-opacity\"\/>\n\n\n\n<h2 class=\"wp-block-heading\">Pr\u00e9paration avant le d\u00e9part.<\/h2>\n\n\n\n<p>Pr\u00e9parez ce dont vous aurez besoin (un sac \u00e0 dos avec de la nourriture et de la boisson pour la journ\u00e9e, et des raquettes. C'est tout). Un appareil photo n'est pas n\u00e9cessaire, mais fortement recommand\u00e9 car le paysage vous surprendra \u00e0 chaque tournant. <\/p>\n\n\n\n<p>Vous pouvez faire l'excursion seul, en groupe ou en contactant un guide local ou une soci\u00e9t\u00e9 d'aventure. <\/p>\n\n\n\n<p>Si vous n'avez pas de raquettes, vous pouvez en louer \u00e0 proximit\u00e9. Elles co\u00fbtent environ 8 euros. <\/p>\n\n\n\n<p>Vous devez savoir que vous n'\u00eates pas autoris\u00e9 \u00e0 faire la visite avec des animaux. Vous risquez une amende si vous le faites.<\/p>\n\n\n\n<hr class=\"wp-block-separator has-css-opacity\"\/>","protected":false},"excerpt":{"rendered":"Il s'agit d'un itin\u00e9raire classique en raquettes. Vers le lac Estan\u00e9s en raquettes...","protected":false},"author":1,"featured_media":11327,"comment_status":"closed","ping_status":"closed","sticky":false,"template":"","format":"image","meta":{"_kad_blocks_custom_css":"","_kad_blocks_head_custom_js":"","_kad_blocks_body_custom_js":"","_kad_blocks_footer_custom_js":"","episode_type":"audio","audio_file":"","podmotor_file_id":"","podmotor_episode_id":"","cover_image":"","cover_image_id":"","duration":"","filesize":"","filesize_raw":"","date_recorded":"","explicit":"","block":"","_kad_post_transparent":"","_kad_post_title":"","_kad_post_layout":"","_kad_post_sidebar_id":"","_kad_post_content_style":"","_kad_post_vertical_padding":"","_kad_post_feature":"","_kad_post_feature_position":"","_kad_post_header":false,"_kad_post_footer":false,"_kad_post_classname":"","_jetpack_memberships_contains_paid_content":false,"footnotes":""},"categories":[5],"tags":[],"series":[],"class_list":["post-20818","post","type-post","status-publish","format-image","has-post-thumbnail","hentry","category-pirineos","post_format-post-format-image"],"episode_featured_image":"https:\/\/travesiapirenaica.com\/wp-content\/uploads\/2018\/11\/Ib\u00f3n-de-Estan\u00e9s_800x600.jpg","episode_player_image":"https:\/\/travesiapirenaica.com\/wp-content\/uploads\/2017\/12\/Caratula-Podcast-Maldita-Montana_1500x1500_72pp-p_.jpg","download_link":"","player_link":"","audio_player":false,"episode_data":{"playerMode":"dark","subscribeUrls":[],"rssFeedUrl":"https:\/\/travesiapirenaica.com\/fr\/feed\/podcast\/maldita-montana","embedCode":"<blockquote class=\"wp-embedded-content\" data-secret=\"HOcZuqPxpg\"><a href=\"https:\/\/travesiapirenaica.com\/fr\/ibon-de-estanes-con-raquetas\/\">Excursi\u00f3n al Ibon de Estanes con raquetas desde Sansanet<\/a><\/blockquote><iframe sandbox=\"allow-scripts\" security=\"restricted\" src=\"https:\/\/travesiapirenaica.com\/fr\/ibon-de-estanes-con-raquetas\/embed\/#?secret=HOcZuqPxpg\" width=\"500\" height=\"350\" title=\"\u00ab\u00a0Excursi\u00f3n al Ibon de Estanes con raquetas desde Sansanet\u00a0\u00bb &#8212; Traves\u00eda.\" data-secret=\"HOcZuqPxpg\" frameborder=\"0\" marginwidth=\"0\" marginheight=\"0\" scrolling=\"no\" class=\"wp-embedded-content\"><\/iframe><script>\n\/*! This file is auto-generated *\/\n!function(d,l){\"use strict\";l.querySelector&&d.addEventListener&&\"undefined\"!=typeof URL&&(d.wp=d.wp||{},d.wp.receiveEmbedMessage||(d.wp.receiveEmbedMessage=function(e){var t=e.data;if((t||t.secret||t.message||t.value)&&!\/[^a-zA-Z0-9]\/.test(t.secret)){for(var s,r,n,a=l.querySelectorAll('iframe[data-secret=\"'+t.secret+'\"]'),o=l.querySelectorAll('blockquote[data-secret=\"'+t.secret+'\"]'),c=new RegExp(\"^https?:$\",\"i\"),i=0;i<o.length;i++)o[i].style.display=\"none\";for(i=0;i<a.length;i++)s=a[i],e.source===s.contentWindow&&(s.removeAttribute(\"style\"),\"height\"===t.message?(1e3<(r=parseInt(t.value,10))?r=1e3:~~r<200&&(r=200),s.height=r):\"link\"===t.message&&(r=new URL(s.getAttribute(\"src\")),n=new URL(t.value),c.test(n.protocol))&&n.host===r.host&&l.activeElement===s&&(d.top.location.href=t.value))}},d.addEventListener(\"message\",d.wp.receiveEmbedMessage,!1),l.addEventListener(\"DOMContentLoaded\",function(){for(var e,t,s=l.querySelectorAll(\"iframe.wp-embedded-content\"),r=0;r<s.length;r++)(t=(e=s[r]).getAttribute(\"data-secret\"))||(t=Math.random().toString(36).substring(2,12),e.src+=\"#?secret=\"+t,e.setAttribute(\"data-secret\",t)),e.contentWindow.postMessage({message:\"ready\",secret:t},\"*\")},!1)))}(window,document);\n\/\/# sourceURL=https:\/\/travesiapirenaica.com\/wp-includes\/js\/wp-embed.min.js\n<\/script>\n"},"taxonomy_info":{"category":[{"value":5,"label":"Pirineos"}]},"featured_image_src_large":["https:\/\/travesiapirenaica.com\/wp-content\/uploads\/2018\/11\/Ib\u00f3n-de-Estan\u00e9s_800x600.jpg",678,509,false],"author_info":{"display_name":"Traves\u00eda Pirenaica","author_link":"https:\/\/travesiapirenaica.com\/fr\/author\/travesia-pirenaica\/"},"comment_info":0,"category_info":[{"term_id":5,"name":"Pirineos","slug":"pirineos","term_group":0,"term_taxonomy_id":5,"taxonomy":"category","description":"","parent":0,"count":241,"filter":"raw","cat_ID":5,"category_count":241,"category_description":"","cat_name":"Pirineos","category_nicename":"pirineos","category_parent":0}],"tag_info":false,"jetpack_featured_media_url":"https:\/\/travesiapirenaica.com\/wp-content\/uploads\/2018\/11\/Ib\u00f3n-de-Estan\u00e9s_800x600.jpg","jetpack_sharing_enabled":true,"_links":{"self":[{"href":"https:\/\/travesiapirenaica.com\/fr\/wp-json\/wp\/v2\/posts\/20818","targetHints":{"allow":["GET"]}}],"collection":[{"href":"https:\/\/travesiapirenaica.com\/fr\/wp-json\/wp\/v2\/posts"}],"about":[{"href":"https:\/\/travesiapirenaica.com\/fr\/wp-json\/wp\/v2\/types\/post"}],"author":[{"embeddable":true,"href":"https:\/\/travesiapirenaica.com\/fr\/wp-json\/wp\/v2\/users\/1"}],"replies":[{"embeddable":true,"href":"https:\/\/travesiapirenaica.com\/fr\/wp-json\/wp\/v2\/comments?post=20818"}],"version-history":[{"count":0,"href":"https:\/\/travesiapirenaica.com\/fr\/wp-json\/wp\/v2\/posts\/20818\/revisions"}],"wp:featuredmedia":[{"embeddable":true,"href":"https:\/\/travesiapirenaica.com\/fr\/wp-json\/wp\/v2\/media\/11327"}],"wp:attachment":[{"href":"https:\/\/travesiapirenaica.com\/fr\/wp-json\/wp\/v2\/media?parent=20818"}],"wp:term":[{"taxonomy":"category","embeddable":true,"href":"https:\/\/travesiapirenaica.com\/fr\/wp-json\/wp\/v2\/categories?post=20818"},{"taxonomy":"post_tag","embeddable":true,"href":"https:\/\/travesiapirenaica.com\/fr\/wp-json\/wp\/v2\/tags?post=20818"},{"taxonomy":"series","embeddable":true,"href":"https:\/\/travesiapirenaica.com\/fr\/wp-json\/wp\/v2\/series?post=20818"}],"curies":[{"name":"wp","href":"https:\/\/api.w.org\/{rel}","templated":true}]}}