{"id":21463,"date":"2020-01-10T08:21:08","date_gmt":"2020-01-10T07:21:08","guid":{"rendered":"https:\/\/travesiapirenaica.com\/?p=21463"},"modified":"2022-01-12T07:10:51","modified_gmt":"2022-01-12T06:10:51","slug":"randonnee-neguev","status":"publish","type":"post","link":"https:\/\/travesiapirenaica.com\/fr\/senderismo-neguev\/","title":{"rendered":"Randonn\u00e9e dans le parc national d'Ein Avdat"},"content":{"rendered":"<p>Le <strong><a rel=\"noreferrer noopener\" href=\"https:\/\/travesiapirenaica.com\/fr\/itineraire-a-travers-israel\/\" target=\"_blank\">paysage d\u00e9sertique du N\u00e9guev <\/a><\/strong>est une toile de fond impressionnante pour la randonn\u00e9e.  Mitzpe Ramon, Timnah Park, Eilat, Ein Avdat ou le d\u00e9sert de Jud\u00e9e \u00e0 Arad offrent une grande vari\u00e9t\u00e9 de sentiers. \u00c0 Ein Avdat, les sentiers explorent le pass\u00e9 g\u00e9ologique du profond et impressionnant canyon de calcaire creus\u00e9 par le ruisseau Tsin.<\/p>\n\n\n\n<p class=\"has-background\" style=\"background-color:#eeeeee\"><strong>VOUS POUVEZ \u00caTRE INT\u00c9RESS\u00c9 PAR : <a href=\"https:\/\/travesiapirenaica.com\/fr\/itineraire-a-travers-israel\/\" target=\"_blank\" rel=\"noreferrer noopener\" aria-label=\"Un roadtrip \u00e0 travers les tr\u00e9sors de la Mer Morte et du d\u00e9sert du N\u00e9guev&quot; (s&#039;ouvre dans un nouvel onglet)\">Un roadtrip \u00e0 travers les tr\u00e9sors de la mer Morte et du d\u00e9sert du N\u00e9guev\".<\/a><\/strong><\/p>\n\n\n\n<hr class=\"wp-block-separator\"\/>\n\n\n\n<h2 class=\"wp-block-heading\">Parc national d'Ein Avdat <\/h2>\n\n\n\n<p>Une longue falaise s'\u00e9l\u00e8ve \u00e0 une hauteur de 100 m ou plus entre le haut Avdat et la vall\u00e9e de Tsin.  Le large lit du Wadi Tsin, ainsi que la falaise de HaTsinim, qui s'\u00e9tend sur une vingtaine de kilom\u00e8tres le long des bords nord du plateau d'Avdat, constituent un terrain de jeu id\u00e9al pour les amateurs de trekking. <\/p>\n\n\n\n<p>Le parc national d'En Avdat est situ\u00e9 dans le Wadi Tsin, sur les bords nord du plateau d'Avdat, \u00e0 400-600 m au-dessus du niveau de la mer. Mais en plus d'un paysage d\u00e9sertique impressionnant, d'un r\u00e9servoir de faune (royaume des bouquetins et des vautours), les grandes falaises d'En Avdat abritent d'importants vestiges arch\u00e9ologiques des campements des moines byzantins qui trouvaient la paix int\u00e9rieure dans les grottes des murailles.  <\/p>\n\n\n\n<p>Ses strates sup\u00e9rieures sont constitu\u00e9es de calcaires \u00e9oc\u00e8nes blancs et durs, et les strates inf\u00e9rieures sont tendres (argiles et marnes). L'\u00e9rosion a fini par cr\u00e9er des canyons profonds avec de hautes falaises, comme le canyon d'En Avdat. La concentration de <strong>travertin <\/strong>et les vestiges de certains <strong>sites pr\u00e9historiques <\/strong>dans la r\u00e9gion indiquent que le canyon dans sa forme actuelle a \u00e9t\u00e9 cr\u00e9\u00e9 il y a environ 45 000 ans. La verdure se m\u00eale aux couches de calcaire blanc, un paysage unique parmi les plus beaux du N\u00e9guev. <\/p>\n\n\n\n<figure class=\"wp-block-image size-large\"><img loading=\"lazy\" decoding=\"async\" width=\"1024\" height=\"768\" src=\"https:\/\/travesiapirenaica.com\/wp-content\/uploads\/2020\/01\/Senderismo-en-el-Parque-Nacional-de-Ein-Avdat-8_by-Eduardo-Azcona_1200x900-1024x768.jpg\" alt=\"Parc national d&#039;Ein Avdat. Vues du ravin depuis le point de vue sup\u00e9rieur. EDUARDO AZCONA\" class=\"wp-image-31859\" srcset=\"https:\/\/travesiapirenaica.com\/wp-content\/uploads\/2020\/01\/Senderismo-en-el-Parque-Nacional-de-Ein-Avdat-8_by-Eduardo-Azcona_1200x900-1024x768.jpg 1024w, https:\/\/travesiapirenaica.com\/wp-content\/uploads\/2020\/01\/Senderismo-en-el-Parque-Nacional-de-Ein-Avdat-8_by-Eduardo-Azcona_1200x900-300x225.jpg 300w, https:\/\/travesiapirenaica.com\/wp-content\/uploads\/2020\/01\/Senderismo-en-el-Parque-Nacional-de-Ein-Avdat-8_by-Eduardo-Azcona_1200x900-768x576.jpg 768w, https:\/\/travesiapirenaica.com\/wp-content\/uploads\/2020\/01\/Senderismo-en-el-Parque-Nacional-de-Ein-Avdat-8_by-Eduardo-Azcona_1200x900-150x113.jpg 150w, https:\/\/travesiapirenaica.com\/wp-content\/uploads\/2020\/01\/Senderismo-en-el-Parque-Nacional-de-Ein-Avdat-8_by-Eduardo-Azcona_1200x900-696x522.jpg 696w, https:\/\/travesiapirenaica.com\/wp-content\/uploads\/2020\/01\/Senderismo-en-el-Parque-Nacional-de-Ein-Avdat-8_by-Eduardo-Azcona_1200x900-1068x801.jpg 1068w, https:\/\/travesiapirenaica.com\/wp-content\/uploads\/2020\/01\/Senderismo-en-el-Parque-Nacional-de-Ein-Avdat-8_by-Eduardo-Azcona_1200x900-560x420.jpg 560w, https:\/\/travesiapirenaica.com\/wp-content\/uploads\/2020\/01\/Senderismo-en-el-Parque-Nacional-de-Ein-Avdat-8_by-Eduardo-Azcona_1200x900-80x60.jpg 80w, https:\/\/travesiapirenaica.com\/wp-content\/uploads\/2020\/01\/Senderismo-en-el-Parque-Nacional-de-Ein-Avdat-8_by-Eduardo-Azcona_1200x900-265x198.jpg 265w, https:\/\/travesiapirenaica.com\/wp-content\/uploads\/2020\/01\/Senderismo-en-el-Parque-Nacional-de-Ein-Avdat-8_by-Eduardo-Azcona_1200x900-600x450.jpg 600w, https:\/\/travesiapirenaica.com\/wp-content\/uploads\/2020\/01\/Senderismo-en-el-Parque-Nacional-de-Ein-Avdat-8_by-Eduardo-Azcona_1200x900.jpg 1200w\" sizes=\"auto, (max-width: 1024px) 100vw, 1024px\" \/><figcaption>Parc national d'Ein Avdat. Vues du ravin depuis le point de vue sup\u00e9rieur. EDUARDO AZCONA<\/figcaption><\/figure>\n\n\n\n<p>Le parc national d'Avdat abrite les vestiges d'une <strong>Colonie nabat\u00e9enne<\/strong> La ville a \u00e9t\u00e9 \u00e9tablie en tant que station de passage pour les caravanes voyageant le long de la route de l'encens. Plus tard, elle a \u00e9t\u00e9 un important centre urbain \u00e0 l'\u00e9poque romaine et byzantine (du IIe au VIIe si\u00e8cle apr\u00e8s J.-C.). Des vestiges de la ville, on peut encore voir des traces de cultures, de terrasses agricoles, de barrages et de citernes datant de ces \u00e9poques.<\/p>\n\n\n\n<p>Vous pouvez vous rendre \u00e0 pied au <strong>Citerne de Havarim <\/strong>apr\u00e8s avoir tourn\u00e9 \u00e0 l'est sur la route 40 au km 128, en suivant les panneaux.  Il s'agit d'une citerne nabat\u00e9enne creus\u00e9e dans la roche calcaire sur la rive nord du Wadi Havarim, un affluent du Wadi Tsin. C'est l'une des plus belles citernes du N\u00e9guev et elle se remplit encore d'eau lorsque l'oued est en crue. Le toit repose sur un pilier central sculpt\u00e9, qui porte un ancien symbole nabat\u00e9en identifi\u00e9 \u00e0 Douchara, le principal dieu nabat\u00e9en.   <\/p>\n\n\n\n<hr class=\"wp-block-separator\"\/>\n\n\n\n<h2 class=\"wp-block-heading\">Itin\u00e9raires dans le parc <\/h2>\n\n\n\n<h3 class=\"wp-block-heading\">Comment s'y rendre. Entr\u00e9e.<\/h3>\n\n\n\n<p>Sur la route 40 (route Beersheba - Mitspe Ramon). L'entr\u00e9e inf\u00e9rieure d'En Avdat se trouve pr\u00e8s de la tombe de la famille Ben Gourion et de Midreshet Sde Boker. L'entr\u00e9e sup\u00e9rieure se trouve \u00e0 environ 5 km au sud.<\/p>\n\n\n\n<ul class=\"wp-block-list\"><li><strong>Entr\u00e9e nord<\/strong> (parking inf\u00e9rieur) : Entre les km 130 et 131, tourner \u00e0 l'est en suivant les panneaux indiquant Midreshet Sde Boker. Suivez les panneaux pendant environ 4 km jusqu'au parking inf\u00e9rieur. Il s'agit du<strong> d\u00e9but de l'itin\u00e9raire<\/strong> qui sera d\u00e9crite ci-dessous. <\/li><\/ul>\n\n\n\n<ul class=\"wp-block-list\"><li><strong>L'entr\u00e9e sud <\/strong>(parking sup\u00e9rieur) : Entre les kilom\u00e8tres 123 et 124, tournez \u00e0 l'est en suivant le panneau. Environ 1 km plus loin, vous atteindrez le parking sup\u00e9rieur, d'o\u00f9 vous pourrez marcher jusqu'au point de vue et au sommet de la chute d'eau sup\u00e9rieure de Wadi Tsin. \u00c0 cette entr\u00e9e, vous trouverez des vues panoramiques spectaculaires sur l'ensemble du canyon, mais vous n'aurez pas le temps de les admirer. <strong>il n'y a pas de possibilit\u00e9 de descendre dans l'oued<\/strong>.  <\/li><\/ul>\n\n\n\n<p>Les <strong>Le printemps et l'automne sont les meilleures p\u00e9riodes pour profiter des itin\u00e9raires du parc.<\/strong>. A l'entr\u00e9e du parc, vous pourrez obtenir le formulaire de demande d'information. <strong>billets<\/strong>Si vous \u00eates int\u00e9ress\u00e9, le personnel vous fournira une carte et des informations sur les possibilit\u00e9s de randonn\u00e9e dans la r\u00e9gion. <\/p>\n\n\n\n<figure class=\"wp-block-image size-large\"><img loading=\"lazy\" decoding=\"async\" width=\"1024\" height=\"768\" src=\"https:\/\/travesiapirenaica.com\/wp-content\/uploads\/2022\/01\/Senderismo-en-el-Parque-Nacional-de-Ein-Avdat-1_by-Eduardo-Azcona_1200x900-1024x768.jpg\" alt=\"D\u00e9part d&#039;un itin\u00e9raire de randonn\u00e9e dans le parc national d&#039;Ein Avdat. EDUARDO AZCONA\" class=\"wp-image-31863\" srcset=\"https:\/\/travesiapirenaica.com\/wp-content\/uploads\/2022\/01\/Senderismo-en-el-Parque-Nacional-de-Ein-Avdat-1_by-Eduardo-Azcona_1200x900-1024x768.jpg 1024w, https:\/\/travesiapirenaica.com\/wp-content\/uploads\/2022\/01\/Senderismo-en-el-Parque-Nacional-de-Ein-Avdat-1_by-Eduardo-Azcona_1200x900-300x225.jpg 300w, https:\/\/travesiapirenaica.com\/wp-content\/uploads\/2022\/01\/Senderismo-en-el-Parque-Nacional-de-Ein-Avdat-1_by-Eduardo-Azcona_1200x900-768x576.jpg 768w, https:\/\/travesiapirenaica.com\/wp-content\/uploads\/2022\/01\/Senderismo-en-el-Parque-Nacional-de-Ein-Avdat-1_by-Eduardo-Azcona_1200x900-150x113.jpg 150w, https:\/\/travesiapirenaica.com\/wp-content\/uploads\/2022\/01\/Senderismo-en-el-Parque-Nacional-de-Ein-Avdat-1_by-Eduardo-Azcona_1200x900-696x522.jpg 696w, https:\/\/travesiapirenaica.com\/wp-content\/uploads\/2022\/01\/Senderismo-en-el-Parque-Nacional-de-Ein-Avdat-1_by-Eduardo-Azcona_1200x900-1068x801.jpg 1068w, https:\/\/travesiapirenaica.com\/wp-content\/uploads\/2022\/01\/Senderismo-en-el-Parque-Nacional-de-Ein-Avdat-1_by-Eduardo-Azcona_1200x900-560x420.jpg 560w, https:\/\/travesiapirenaica.com\/wp-content\/uploads\/2022\/01\/Senderismo-en-el-Parque-Nacional-de-Ein-Avdat-1_by-Eduardo-Azcona_1200x900-80x60.jpg 80w, https:\/\/travesiapirenaica.com\/wp-content\/uploads\/2022\/01\/Senderismo-en-el-Parque-Nacional-de-Ein-Avdat-1_by-Eduardo-Azcona_1200x900-265x198.jpg 265w, https:\/\/travesiapirenaica.com\/wp-content\/uploads\/2022\/01\/Senderismo-en-el-Parque-Nacional-de-Ein-Avdat-1_by-Eduardo-Azcona_1200x900-600x450.jpg 600w, https:\/\/travesiapirenaica.com\/wp-content\/uploads\/2022\/01\/Senderismo-en-el-Parque-Nacional-de-Ein-Avdat-1_by-Eduardo-Azcona_1200x900.jpg 1200w\" sizes=\"auto, (max-width: 1024px) 100vw, 1024px\" \/><figcaption>D\u00e9part d'un itin\u00e9raire de randonn\u00e9e dans le parc national d'Ein Avdat. EDUARDO AZCONA<\/figcaption><\/figure>\n\n\n\n<h3 class=\"wp-block-heading\">Points d'int\u00e9r\u00eat<\/h3>\n\n\n\n<ul class=\"wp-block-list\"><li><strong>Chute d'eau d'En Avdat<\/strong>Une cascade qui coule et, \u00e0 ses pieds, un bassin cristallin dans le cours d'eau.<\/li><li><strong>Peuplier de l'Euphrate<\/strong>Peupleraie de l'Euphrate : une peupleraie de peupliers de l'Euphrate, arbres dont la r\u00e9partition principale en Isra\u00ebl se situe le long du Jourdain. Les peupliers sont particuli\u00e8rement beaux avec leurs tons jaunes d'automne en hiver. Ils se d\u00e9marquent de l'aridit\u00e9 du lieu. <\/li><li><strong>Grottes des moines<\/strong>\u00c0 l'\u00e9poque byzantine, les grottes \u00e9taient utilis\u00e9es par les moines qui recherchaient l'isolement et la tranquillit\u00e9 du canyon.<\/li><li><strong>Point de vue En Ma'arif<\/strong>Vue de la t\u00eate du canyon.<\/li><\/ul>\n\n\n\n<h3 class=\"wp-block-heading\">Description de l'itin\u00e9raire<\/h3>\n\n\n\n<p>Le sentier traverse l'int\u00e9rieur du ravin. Il commence \u00e0 l'entr\u00e9e nord et se termine au point de vue \u00e0 l'entr\u00e9e sud. Il est important de noter que la derni\u00e8re partie du parcours, avec la mont\u00e9e au point de vue (entr\u00e9e sud), est \u00e0 sens unique. Il y a plusieurs vol\u00e9es d'escaliers sur un terrain tr\u00e8s raide qui ne peut \u00eatre abord\u00e9 que par la mont\u00e9e (la descente est interdite). Compte tenu de ce qui pr\u00e9c\u00e8de, deux options s'offrent \u00e0 nous : faire l'itin\u00e9raire en sens unique et disposer d'un v\u00e9hicule pour venir nous chercher au mirador, ou ne pas faire l'int\u00e9gralit\u00e9 de l'itin\u00e9raire (2 \u00e0 3 heures) (au moins la partie finale que nous avons mentionn\u00e9e) et revenir \u00e0 l'entr\u00e9e nord d'o\u00f9 nous avons commenc\u00e9 l'itin\u00e9raire (1 \u00e0 2 heures). <\/p>\n\n\n\n<figure><iframe loading=\"lazy\" src=\"https:\/\/es.wikiloc.com\/wikiloc\/spatialArtifacts.do?event=view&amp;id=37630739&amp;measures=off&amp;title=off&amp;near=off&amp;images=off&amp;maptype=H\" rel=\"nofollow\" target=\"_blank\" width=\"100%\" height=\"400\"><\/iframe><\/figure>\n\n\n\n<p>L'itin\u00e9raire complet peut prendre 2 \u00e0 3 heures. Nous marcherons le long du Wadi Tsin depuis le parking inf\u00e9rieur en passant par les piscines inf\u00e9rieures et un bosquet de peupliers jusqu'au parking sup\u00e9rieur (point de vue). Ce sentier comprend une courte ascension abrupte de la falaise du canyon pour compl\u00e9ter l'itin\u00e9raire et atteindre le point de vue. Vous aurez besoin d'un v\u00e9hicule qui vous attendra \u00e0 l'autre bout, dans le parking sup\u00e9rieur. <\/p>\n\n\n\n<ul class=\"wp-block-list\"><li><strong>Entr\u00e9e nord<\/strong>. Nous commen\u00e7ons la randonn\u00e9e depuis le parking inf\u00e9rieur, en regardant les palmiers d'En Mor. Nous traversons le lit de l'oued et continuons \u00e0 marcher le long du sentier de l'autre c\u00f4t\u00e9 du lit de l'oued, sur une terrasse en pierre naturelle \u00e0 c\u00f4t\u00e9 des bassins inf\u00e9rieurs d'En Avdat, jusqu'\u00e0 ce que nous atteignions la cascade d'En Avdat (\u00e0 partir de ce point, il est possible de revenir sur nos pas jusqu'au parking inf\u00e9rieur si nous n'avons pas l'intention de nous attaquer \u00e0 la derni\u00e8re partie de la randonn\u00e9e).<\/li><\/ul>\n\n\n\n<figure class=\"wp-block-image size-large\"><img loading=\"lazy\" decoding=\"async\" width=\"1024\" height=\"768\" src=\"https:\/\/travesiapirenaica.com\/wp-content\/uploads\/2022\/01\/Senderismo-en-el-Parque-Nacional-de-Ein-Avdat-6_by-Eduardo-Azcona_1200x900-1024x768.jpg\" alt=\"Int\u00e9rieur de l&#039;oued \u00e0 Ein Avdat. EDUARDO AZCONA\" class=\"wp-image-31864\" srcset=\"https:\/\/travesiapirenaica.com\/wp-content\/uploads\/2022\/01\/Senderismo-en-el-Parque-Nacional-de-Ein-Avdat-6_by-Eduardo-Azcona_1200x900-1024x768.jpg 1024w, https:\/\/travesiapirenaica.com\/wp-content\/uploads\/2022\/01\/Senderismo-en-el-Parque-Nacional-de-Ein-Avdat-6_by-Eduardo-Azcona_1200x900-300x225.jpg 300w, https:\/\/travesiapirenaica.com\/wp-content\/uploads\/2022\/01\/Senderismo-en-el-Parque-Nacional-de-Ein-Avdat-6_by-Eduardo-Azcona_1200x900-768x576.jpg 768w, https:\/\/travesiapirenaica.com\/wp-content\/uploads\/2022\/01\/Senderismo-en-el-Parque-Nacional-de-Ein-Avdat-6_by-Eduardo-Azcona_1200x900-150x113.jpg 150w, https:\/\/travesiapirenaica.com\/wp-content\/uploads\/2022\/01\/Senderismo-en-el-Parque-Nacional-de-Ein-Avdat-6_by-Eduardo-Azcona_1200x900-696x522.jpg 696w, https:\/\/travesiapirenaica.com\/wp-content\/uploads\/2022\/01\/Senderismo-en-el-Parque-Nacional-de-Ein-Avdat-6_by-Eduardo-Azcona_1200x900-1068x801.jpg 1068w, https:\/\/travesiapirenaica.com\/wp-content\/uploads\/2022\/01\/Senderismo-en-el-Parque-Nacional-de-Ein-Avdat-6_by-Eduardo-Azcona_1200x900-560x420.jpg 560w, https:\/\/travesiapirenaica.com\/wp-content\/uploads\/2022\/01\/Senderismo-en-el-Parque-Nacional-de-Ein-Avdat-6_by-Eduardo-Azcona_1200x900-80x60.jpg 80w, https:\/\/travesiapirenaica.com\/wp-content\/uploads\/2022\/01\/Senderismo-en-el-Parque-Nacional-de-Ein-Avdat-6_by-Eduardo-Azcona_1200x900-265x198.jpg 265w, https:\/\/travesiapirenaica.com\/wp-content\/uploads\/2022\/01\/Senderismo-en-el-Parque-Nacional-de-Ein-Avdat-6_by-Eduardo-Azcona_1200x900-600x450.jpg 600w, https:\/\/travesiapirenaica.com\/wp-content\/uploads\/2022\/01\/Senderismo-en-el-Parque-Nacional-de-Ein-Avdat-6_by-Eduardo-Azcona_1200x900.jpg 1200w\" sizes=\"auto, (max-width: 1024px) 100vw, 1024px\" \/><figcaption>Int\u00e9rieur de l'oued \u00e0 Ein Avdat. EDUARDO AZCONA<\/figcaption><\/figure>\n\n\n\n<figure class=\"wp-block-image size-large\"><img loading=\"lazy\" decoding=\"async\" width=\"1024\" height=\"768\" src=\"https:\/\/travesiapirenaica.com\/wp-content\/uploads\/2022\/01\/Senderismo-en-el-Parque-Nacional-de-Ein-Avdat-5_by-Eduardo-Azcona_1200x900-1024x768.jpg\" alt=\"Chute d&#039;eau d&#039;En Avdat. EDUARDO AZCONA\" class=\"wp-image-31865\" srcset=\"https:\/\/travesiapirenaica.com\/wp-content\/uploads\/2022\/01\/Senderismo-en-el-Parque-Nacional-de-Ein-Avdat-5_by-Eduardo-Azcona_1200x900-1024x768.jpg 1024w, https:\/\/travesiapirenaica.com\/wp-content\/uploads\/2022\/01\/Senderismo-en-el-Parque-Nacional-de-Ein-Avdat-5_by-Eduardo-Azcona_1200x900-300x225.jpg 300w, https:\/\/travesiapirenaica.com\/wp-content\/uploads\/2022\/01\/Senderismo-en-el-Parque-Nacional-de-Ein-Avdat-5_by-Eduardo-Azcona_1200x900-768x576.jpg 768w, https:\/\/travesiapirenaica.com\/wp-content\/uploads\/2022\/01\/Senderismo-en-el-Parque-Nacional-de-Ein-Avdat-5_by-Eduardo-Azcona_1200x900-150x113.jpg 150w, https:\/\/travesiapirenaica.com\/wp-content\/uploads\/2022\/01\/Senderismo-en-el-Parque-Nacional-de-Ein-Avdat-5_by-Eduardo-Azcona_1200x900-696x522.jpg 696w, https:\/\/travesiapirenaica.com\/wp-content\/uploads\/2022\/01\/Senderismo-en-el-Parque-Nacional-de-Ein-Avdat-5_by-Eduardo-Azcona_1200x900-1068x801.jpg 1068w, https:\/\/travesiapirenaica.com\/wp-content\/uploads\/2022\/01\/Senderismo-en-el-Parque-Nacional-de-Ein-Avdat-5_by-Eduardo-Azcona_1200x900-560x420.jpg 560w, https:\/\/travesiapirenaica.com\/wp-content\/uploads\/2022\/01\/Senderismo-en-el-Parque-Nacional-de-Ein-Avdat-5_by-Eduardo-Azcona_1200x900-80x60.jpg 80w, https:\/\/travesiapirenaica.com\/wp-content\/uploads\/2022\/01\/Senderismo-en-el-Parque-Nacional-de-Ein-Avdat-5_by-Eduardo-Azcona_1200x900-265x198.jpg 265w, https:\/\/travesiapirenaica.com\/wp-content\/uploads\/2022\/01\/Senderismo-en-el-Parque-Nacional-de-Ein-Avdat-5_by-Eduardo-Azcona_1200x900-600x450.jpg 600w, https:\/\/travesiapirenaica.com\/wp-content\/uploads\/2022\/01\/Senderismo-en-el-Parque-Nacional-de-Ein-Avdat-5_by-Eduardo-Azcona_1200x900.jpg 1200w\" sizes=\"auto, (max-width: 1024px) 100vw, 1024px\" \/><figcaption>Chute d'eau d'En Avdat. EDUARDO AZCONA<\/figcaption><\/figure>\n\n\n\n<ul class=\"wp-block-list\"><li><strong>Chute d'eau d'En Avdat<\/strong>.  Nous retournons \u00e0 l'intersection du sentier et montons les marches \u00e9troites taill\u00e9es dans la roche qui nous m\u00e8neront au sommet de la cascade. Du haut de la cascade, \u00e0 environ 25 m de hauteur, nous avons une vue magnifique sur le canyon, les piscines et les parois du canyon. Nous continuons \u00e0 marcher \u00e0 l'ombre de quelques arbres. Sur les parois du canyon, on peut voir les ouvertures des grottes, utilis\u00e9es par les moines \u00e0 l'\u00e9poque byzantine. <\/li><\/ul>\n\n\n\n<figure class=\"wp-block-image size-large\"><img loading=\"lazy\" decoding=\"async\" width=\"1024\" height=\"768\" src=\"https:\/\/travesiapirenaica.com\/wp-content\/uploads\/2022\/01\/Senderismo-en-el-Parque-Nacional-de-Ein-Avdat-4_by-Eduardo-Azcona_1200x900-1024x768.jpg\" alt=\"Marches \u00e9troites taill\u00e9es dans la roche, Ein Avdat. EDUARDO AZCONA\" class=\"wp-image-31866\" srcset=\"https:\/\/travesiapirenaica.com\/wp-content\/uploads\/2022\/01\/Senderismo-en-el-Parque-Nacional-de-Ein-Avdat-4_by-Eduardo-Azcona_1200x900-1024x768.jpg 1024w, https:\/\/travesiapirenaica.com\/wp-content\/uploads\/2022\/01\/Senderismo-en-el-Parque-Nacional-de-Ein-Avdat-4_by-Eduardo-Azcona_1200x900-300x225.jpg 300w, https:\/\/travesiapirenaica.com\/wp-content\/uploads\/2022\/01\/Senderismo-en-el-Parque-Nacional-de-Ein-Avdat-4_by-Eduardo-Azcona_1200x900-768x576.jpg 768w, https:\/\/travesiapirenaica.com\/wp-content\/uploads\/2022\/01\/Senderismo-en-el-Parque-Nacional-de-Ein-Avdat-4_by-Eduardo-Azcona_1200x900-150x113.jpg 150w, https:\/\/travesiapirenaica.com\/wp-content\/uploads\/2022\/01\/Senderismo-en-el-Parque-Nacional-de-Ein-Avdat-4_by-Eduardo-Azcona_1200x900-696x522.jpg 696w, https:\/\/travesiapirenaica.com\/wp-content\/uploads\/2022\/01\/Senderismo-en-el-Parque-Nacional-de-Ein-Avdat-4_by-Eduardo-Azcona_1200x900-1068x801.jpg 1068w, https:\/\/travesiapirenaica.com\/wp-content\/uploads\/2022\/01\/Senderismo-en-el-Parque-Nacional-de-Ein-Avdat-4_by-Eduardo-Azcona_1200x900-560x420.jpg 560w, https:\/\/travesiapirenaica.com\/wp-content\/uploads\/2022\/01\/Senderismo-en-el-Parque-Nacional-de-Ein-Avdat-4_by-Eduardo-Azcona_1200x900-80x60.jpg 80w, https:\/\/travesiapirenaica.com\/wp-content\/uploads\/2022\/01\/Senderismo-en-el-Parque-Nacional-de-Ein-Avdat-4_by-Eduardo-Azcona_1200x900-265x198.jpg 265w, https:\/\/travesiapirenaica.com\/wp-content\/uploads\/2022\/01\/Senderismo-en-el-Parque-Nacional-de-Ein-Avdat-4_by-Eduardo-Azcona_1200x900-600x450.jpg 600w, https:\/\/travesiapirenaica.com\/wp-content\/uploads\/2022\/01\/Senderismo-en-el-Parque-Nacional-de-Ein-Avdat-4_by-Eduardo-Azcona_1200x900.jpg 1200w\" sizes=\"auto, (max-width: 1024px) 100vw, 1024px\" \/><figcaption>Marches \u00e9troites taill\u00e9es dans la roche, Ein Avdat. EDUARDO AZCONA<\/figcaption><\/figure>\n\n\n\n<figure class=\"wp-block-image size-large\"><img decoding=\"async\" src=\"https:\/\/travesiapirenaica.com\/wp-content\/uploads\/2020\/01\/Senderismo-en-el-Parque-Nacional-de-Ein-Avdat-6_by-Eduardo-Azcona_1200x900-1024x768.jpg\" alt=\"Haut de la cascade, Ein Avdat. EDUARDO AZCONA\" class=\"wp-image-21790\"\/><figcaption>Haute cascade, Ein Avdat. <em>EDUARDO AZCONA<\/em><\/figcaption><\/figure>\n\n\n\n<ul class=\"wp-block-list\"><li><strong>Ascension finale vers le point de vue<\/strong>. Grimpez un court segment vertical en utilisant les marches et les \u00e9chelles m\u00e9talliques sp\u00e9cialement install\u00e9es \u00e0 cet effet. L'ascension se fait dans un seul sens, pour des raisons de s\u00e9curit\u00e9. Au sommet de la pente, pr\u00e8s du sentier, se trouve une structure carr\u00e9e, apparemment une tour, utilis\u00e9e par les moines \u00e0 l'\u00e9poque byzantine. De l\u00e0, les moines descendaient vers les grottes de leurs habitations et vers les petites parcelles de terre qu'ils cultivaient pr\u00e8s du lit du ruisseau.  Continuez le long de la falaise jusqu'au point de vue (parking sup\u00e9rieur, entr\u00e9e sud), d'o\u00f9 vous aurez une vue imprenable sur les falaises, les bassins sup\u00e9rieurs et le plateau d\u00e9sertique. <\/li><\/ul>\n\n\n\n<figure class=\"wp-block-image size-large\"><img loading=\"lazy\" decoding=\"async\" width=\"1024\" height=\"768\" src=\"https:\/\/travesiapirenaica.com\/wp-content\/uploads\/2022\/01\/Senderismo-en-el-Parque-Nacional-de-Ein-Avdat-7_by-Eduardo-Azcona_1200x900-1024x768.jpg\" alt=\"Ascension finale vers le point de vue, Ein Avdat. EDUARDO AZCONA\" class=\"wp-image-31867\" srcset=\"https:\/\/travesiapirenaica.com\/wp-content\/uploads\/2022\/01\/Senderismo-en-el-Parque-Nacional-de-Ein-Avdat-7_by-Eduardo-Azcona_1200x900-1024x768.jpg 1024w, https:\/\/travesiapirenaica.com\/wp-content\/uploads\/2022\/01\/Senderismo-en-el-Parque-Nacional-de-Ein-Avdat-7_by-Eduardo-Azcona_1200x900-300x225.jpg 300w, https:\/\/travesiapirenaica.com\/wp-content\/uploads\/2022\/01\/Senderismo-en-el-Parque-Nacional-de-Ein-Avdat-7_by-Eduardo-Azcona_1200x900-768x576.jpg 768w, https:\/\/travesiapirenaica.com\/wp-content\/uploads\/2022\/01\/Senderismo-en-el-Parque-Nacional-de-Ein-Avdat-7_by-Eduardo-Azcona_1200x900-150x113.jpg 150w, https:\/\/travesiapirenaica.com\/wp-content\/uploads\/2022\/01\/Senderismo-en-el-Parque-Nacional-de-Ein-Avdat-7_by-Eduardo-Azcona_1200x900-696x522.jpg 696w, https:\/\/travesiapirenaica.com\/wp-content\/uploads\/2022\/01\/Senderismo-en-el-Parque-Nacional-de-Ein-Avdat-7_by-Eduardo-Azcona_1200x900-1068x801.jpg 1068w, https:\/\/travesiapirenaica.com\/wp-content\/uploads\/2022\/01\/Senderismo-en-el-Parque-Nacional-de-Ein-Avdat-7_by-Eduardo-Azcona_1200x900-560x420.jpg 560w, https:\/\/travesiapirenaica.com\/wp-content\/uploads\/2022\/01\/Senderismo-en-el-Parque-Nacional-de-Ein-Avdat-7_by-Eduardo-Azcona_1200x900-80x60.jpg 80w, https:\/\/travesiapirenaica.com\/wp-content\/uploads\/2022\/01\/Senderismo-en-el-Parque-Nacional-de-Ein-Avdat-7_by-Eduardo-Azcona_1200x900-265x198.jpg 265w, https:\/\/travesiapirenaica.com\/wp-content\/uploads\/2022\/01\/Senderismo-en-el-Parque-Nacional-de-Ein-Avdat-7_by-Eduardo-Azcona_1200x900-600x450.jpg 600w, https:\/\/travesiapirenaica.com\/wp-content\/uploads\/2022\/01\/Senderismo-en-el-Parque-Nacional-de-Ein-Avdat-7_by-Eduardo-Azcona_1200x900.jpg 1200w\" sizes=\"auto, (max-width: 1024px) 100vw, 1024px\" \/><figcaption>Ascension finale vers le point de vue, Ein Avdat. EDUARDO AZCONA<\/figcaption><\/figure>\n\n\n\n<p>Il est conseill\u00e9 de poursuivre le chemin vers le sud jusqu'au bord de la falaise au-dessus de Wadi Tsin, au sommet de la grande chute d'eau, haute de 60 m, pour une autre vue magnifique sur le wadi. <\/p>\n\n\n\n<hr class=\"wp-block-separator\"\/>\n\n\n\n<h2 class=\"wp-block-heading\">Consignes de s\u00e9curit\u00e9 pour les randonneurs. <\/h2>\n\n\n\n<ul class=\"wp-block-list\"><li>Apportez une carte du SPNI \u00e0 l'\u00e9chelle 1:50 000 ou un GPS avec une carte de la r\u00e9gion.<\/li><li>Portez un chapeau et emportez de l'eau (et d'autres provisions).  Couvrez-vous la t\u00eate pour \u00e9viter les insolations et \u00e9vitez de marcher aux heures non prot\u00e9g\u00e9es de la journ\u00e9e (de 12h00 \u00e0 15h00). Appliquez de la cr\u00e8me solaire. L'eau de source n'est pas potable. Ne pas faire de feu. <\/li><li>Pendant la saison des pluies en hiver, il faut \u00eatre attentif aux pr\u00e9visions m\u00e9t\u00e9orologiques afin d'\u00e9viter d'\u00eatre pi\u00e9g\u00e9 par les inondations. <\/li><li>Pour prot\u00e9ger la nature, les chiens et autres animaux domestiques ne sont pas admis dans le parc. <\/li><li>Ne pas se baigner dans les piscines. <\/li><li>Attention \u00e0 ne pas glisser pr\u00e8s des piscines. <\/li><li>Ne marchez que sur les sentiers balis\u00e9s et veillez \u00e0 ne pas provoquer d'\u00e9boulements. <\/li><li>Ne vous approchez pas du bord de la falaise. <\/li><li>La descente en rappel et l'escalade sont interdites.<\/li><li>Les escaliers sont \u00e0 sens unique, pour la mont\u00e9e uniquement. Vous ne pourrez donc pas acc\u00e9der \u00e0 l'oued par l'entr\u00e9e sud (l'entr\u00e9e du belv\u00e9d\u00e8re).<\/li><li>Les visiteurs ne peuvent entrer dans le parc que pendant les heures d'ouverture. <\/li><li>Des toilettes se trouvent \u00e0 proximit\u00e9 des parkings sup\u00e9rieur et inf\u00e9rieur. <\/li><li>Ne pas endommager la flore, la faune ou les objets inanim\u00e9s. <\/li><li>Gardez le parc propre. Ne laissez pas de d\u00e9chets, emportez-les avec vous. <\/li><li>En g\u00e9n\u00e9ral, pour les randonn\u00e9es dans le d\u00e9sert du N\u00e9guev, la zone frontali\u00e8re entre Isra\u00ebl et l'\u00c9gypte est \u00e0 \u00e9viter. <\/li><\/ul>\n\n\n\n<hr class=\"wp-block-separator\"\/>","protected":false},"excerpt":{"rendered":"Le paysage d\u00e9sertique du N\u00e9guev constitue une toile de fond magnifique pour les randonn\u00e9es.  \u00c0 Ein Avdat, les sentiers explorent le pass\u00e9 g\u00e9ologique du profond et impressionnant canyon calcaire creus\u00e9 par le ruisseau Tsin.","protected":false},"author":191,"featured_media":31858,"comment_status":"closed","ping_status":"closed","sticky":false,"template":"","format":"image","meta":{"_kad_blocks_custom_css":"","_kad_blocks_head_custom_js":"","_kad_blocks_body_custom_js":"","_kad_blocks_footer_custom_js":"","episode_type":"audio","audio_file":"","podmotor_file_id":"","podmotor_episode_id":"","cover_image":"","cover_image_id":"","duration":"","filesize":"","filesize_raw":"","date_recorded":"","explicit":"","block":"","_kad_post_transparent":"","_kad_post_title":"","_kad_post_layout":"","_kad_post_sidebar_id":"","_kad_post_content_style":"","_kad_post_vertical_padding":"","_kad_post_feature":"","_kad_post_feature_position":"","_kad_post_header":false,"_kad_post_footer":false,"_kad_post_classname":"","_jetpack_memberships_contains_paid_content":false,"footnotes":""},"categories":[2938],"tags":[],"series":[],"class_list":["post-21463","post","type-post","status-publish","format-image","has-post-thumbnail","hentry","category-asia","post_format-post-format-image"],"episode_featured_image":"https:\/\/travesiapirenaica.com\/wp-content\/uploads\/2020\/01\/Senderismo-en-el-Parque-Nacional-de-Ein-Avdat-2_by-Eduardo-Azcona_1200x900.jpg","episode_player_image":"https:\/\/travesiapirenaica.com\/wp-content\/uploads\/2017\/12\/Caratula-Podcast-Maldita-Montana_1500x1500_72pp-p_.jpg","download_link":"","player_link":"","audio_player":false,"episode_data":{"playerMode":"dark","subscribeUrls":[],"rssFeedUrl":"https:\/\/travesiapirenaica.com\/fr\/feed\/podcast\/maldita-montana","embedCode":"<blockquote class=\"wp-embedded-content\" data-secret=\"UZzEvUTg5v\"><a href=\"https:\/\/travesiapirenaica.com\/fr\/senderismo-neguev\/\">Senderismo en el Parque Nacional de Ein Avdat<\/a><\/blockquote><iframe sandbox=\"allow-scripts\" security=\"restricted\" src=\"https:\/\/travesiapirenaica.com\/fr\/senderismo-neguev\/embed\/#?secret=UZzEvUTg5v\" width=\"500\" height=\"350\" title=\"\u00ab\u00a0Senderismo en el Parque Nacional de Ein Avdat\u00a0\u00bb &#8212; Traves\u00eda.\" data-secret=\"UZzEvUTg5v\" frameborder=\"0\" marginwidth=\"0\" marginheight=\"0\" scrolling=\"no\" class=\"wp-embedded-content\"><\/iframe><script>\n\/*! This file is auto-generated *\/\n!function(d,l){\"use strict\";l.querySelector&&d.addEventListener&&\"undefined\"!=typeof URL&&(d.wp=d.wp||{},d.wp.receiveEmbedMessage||(d.wp.receiveEmbedMessage=function(e){var t=e.data;if((t||t.secret||t.message||t.value)&&!\/[^a-zA-Z0-9]\/.test(t.secret)){for(var s,r,n,a=l.querySelectorAll('iframe[data-secret=\"'+t.secret+'\"]'),o=l.querySelectorAll('blockquote[data-secret=\"'+t.secret+'\"]'),c=new RegExp(\"^https?:$\",\"i\"),i=0;i<o.length;i++)o[i].style.display=\"none\";for(i=0;i<a.length;i++)s=a[i],e.source===s.contentWindow&&(s.removeAttribute(\"style\"),\"height\"===t.message?(1e3<(r=parseInt(t.value,10))?r=1e3:~~r<200&&(r=200),s.height=r):\"link\"===t.message&&(r=new URL(s.getAttribute(\"src\")),n=new URL(t.value),c.test(n.protocol))&&n.host===r.host&&l.activeElement===s&&(d.top.location.href=t.value))}},d.addEventListener(\"message\",d.wp.receiveEmbedMessage,!1),l.addEventListener(\"DOMContentLoaded\",function(){for(var e,t,s=l.querySelectorAll(\"iframe.wp-embedded-content\"),r=0;r<s.length;r++)(t=(e=s[r]).getAttribute(\"data-secret\"))||(t=Math.random().toString(36).substring(2,12),e.src+=\"#?secret=\"+t,e.setAttribute(\"data-secret\",t)),e.contentWindow.postMessage({message:\"ready\",secret:t},\"*\")},!1)))}(window,document);\n\/\/# sourceURL=https:\/\/travesiapirenaica.com\/wp-includes\/js\/wp-embed.min.js\n<\/script>\n"},"taxonomy_info":{"category":[{"value":2938,"label":"Asia"}]},"featured_image_src_large":["https:\/\/travesiapirenaica.com\/wp-content\/uploads\/2020\/01\/Senderismo-en-el-Parque-Nacional-de-Ein-Avdat-2_by-Eduardo-Azcona_1200x900-1024x768.jpg",1024,768,true],"author_info":{"display_name":"Eduardo Azcona","author_link":"https:\/\/travesiapirenaica.com\/fr\/author\/eduardo-2\/"},"comment_info":0,"category_info":[{"term_id":2938,"name":"Asia","slug":"asia","term_group":0,"term_taxonomy_id":2954,"taxonomy":"category","description":"Asia","parent":18,"count":9,"filter":"raw","cat_ID":2938,"category_count":9,"category_description":"Asia","cat_name":"Asia","category_nicename":"asia","category_parent":18}],"tag_info":false,"jetpack_featured_media_url":"https:\/\/travesiapirenaica.com\/wp-content\/uploads\/2020\/01\/Senderismo-en-el-Parque-Nacional-de-Ein-Avdat-2_by-Eduardo-Azcona_1200x900.jpg","jetpack_sharing_enabled":true,"_links":{"self":[{"href":"https:\/\/travesiapirenaica.com\/fr\/wp-json\/wp\/v2\/posts\/21463","targetHints":{"allow":["GET"]}}],"collection":[{"href":"https:\/\/travesiapirenaica.com\/fr\/wp-json\/wp\/v2\/posts"}],"about":[{"href":"https:\/\/travesiapirenaica.com\/fr\/wp-json\/wp\/v2\/types\/post"}],"author":[{"embeddable":true,"href":"https:\/\/travesiapirenaica.com\/fr\/wp-json\/wp\/v2\/users\/191"}],"replies":[{"embeddable":true,"href":"https:\/\/travesiapirenaica.com\/fr\/wp-json\/wp\/v2\/comments?post=21463"}],"version-history":[{"count":0,"href":"https:\/\/travesiapirenaica.com\/fr\/wp-json\/wp\/v2\/posts\/21463\/revisions"}],"wp:featuredmedia":[{"embeddable":true,"href":"https:\/\/travesiapirenaica.com\/fr\/wp-json\/wp\/v2\/media\/31858"}],"wp:attachment":[{"href":"https:\/\/travesiapirenaica.com\/fr\/wp-json\/wp\/v2\/media?parent=21463"}],"wp:term":[{"taxonomy":"category","embeddable":true,"href":"https:\/\/travesiapirenaica.com\/fr\/wp-json\/wp\/v2\/categories?post=21463"},{"taxonomy":"post_tag","embeddable":true,"href":"https:\/\/travesiapirenaica.com\/fr\/wp-json\/wp\/v2\/tags?post=21463"},{"taxonomy":"series","embeddable":true,"href":"https:\/\/travesiapirenaica.com\/fr\/wp-json\/wp\/v2\/series?post=21463"}],"curies":[{"name":"wp","href":"https:\/\/api.w.org\/{rel}","templated":true}]}}