{"id":22961,"date":"2015-09-16T11:02:53","date_gmt":"2015-09-16T09:02:53","guid":{"rendered":"https:\/\/travesiapirenaica.com\/?p=22961"},"modified":"2021-09-06T11:50:02","modified_gmt":"2021-09-06T09:50:02","slug":"trekking-vosgos","status":"publish","type":"post","link":"https:\/\/travesiapirenaica.com\/fr\/trekking-vosgos\/","title":{"rendered":"Conseils pour la randonn\u00e9e dans les Vosges"},"content":{"rendered":"<p>Dominant la plaine d'Alsace, le massif des Vosges s'\u00e9tend du nord au sud sur une centaine de kilom\u00e8tres, sans compter les Vosges du Nord, au nord de Saverne, qui sont plus un massif forestier pos\u00e9 sur quelques collines qu'un v\u00e9ritable massif montagneux. Ces Vosges du Nord pr\u00e9sentent n\u00e9anmoins un int\u00e9r\u00eat pour les randonneurs. Au sens large, les Vosges comprennent un grand nombre de sentiers de randonn\u00e9e.<\/p>\n\n\n\n<p>Ce \"petit\" massif r\u00e9sulte de l'effondrement du foss\u00e9 rh\u00e9nan. En r\u00e9action, les bords du foss\u00e9 se sont soulev\u00e9s pour former les Vosges et les<a href=\"https:\/\/travesiapirenaica.com\/fr\/foret-noire-allemagne\/\" target=\"_blank\" rel=\"noreferrer noopener\"> For\u00eat Noire <\/a>en Allemagne. Au sud, les Vosges ne sont isol\u00e9es du Jura que par la trou\u00e9e de Belfort qui marque le passage entre l'Alsace et la Franche-Comt\u00e9, ou plus largement entre le Rh\u00f4ne et le Rhin.<\/p>\n\n\n\n<p>Les Vosges s'organisent autour d'une cr\u00eate principale dont l'altitude d\u00e9passe souvent 1300m. Elle atteint 1424m au Grand Globe, le sommet des Vosges. C\u00f4t\u00e9 alsacien, les vall\u00e9es sont profondes : on passe rapidement des vignobles bordant la plaine aux premi\u00e8res pin\u00e8des, puis aux for\u00eats d'altitude et aux chaumes. Le contraste est saisissant et r\u00e9sulte notamment de diff\u00e9rences climatiques marqu\u00e9es sur de courtes distances : il pleut en moyenne 3 \u00e0 4 fois plus \u00e0 Honeck qu'\u00e0 Colmar, qui n'est pourtant qu'\u00e0 25 km. On peut dire que les Vosges prot\u00e8gent l'Alsace des perturbations atlantiques et des pluies qui les accompagnent. Du c\u00f4t\u00e9 lorrain, les contrastes sont moins forts, les reliefs sont plus doux et s'abaissent progressivement en plateaux et vall\u00e9es peu profondes.<\/p>\n\n\n\n<p>Les Vosges sont un v\u00e9ritable paradis pour les randonneurs. Les sentiers sont nombreux et bien balis\u00e9s par le Club vosgien. Vous ne manquerez pas les cercles, rectangles, triangles et autres formes g\u00e9om\u00e9triques de diff\u00e9rentes couleurs. Un choix particulier a \u00e9t\u00e9 fait dans la s\u00e9lection des itin\u00e9raires balis\u00e9s : ils \u00e9vitent, dans la mesure du possible, les chemins forestiers au profit de petits sentiers beaucoup plus agr\u00e9ables.<\/p>\n\n\n\n<p>M\u00eame si la plupart des itin\u00e9raires ne pr\u00e9sentent pas de risque particulier, il faut toujours \u00eatre vigilant. Certains passages pr\u00e9sentent des risques de chute. Attention aux avalanches en hiver pr\u00e8s de l'ar\u00eate principale. Enfin, il faut toujours faire attention \u00e0 la m\u00e9t\u00e9o, qui peut changer rapidement : en \u00e9t\u00e9, on peut passer d'un grand ciel bleu \u00e0 un orage en moins d'une heure ; en hiver, le vent, le brouillard et la neige peuvent rendre votre randonn\u00e9e tr\u00e8s difficile. Si les Vosges sont de petites montagnes, elles n'en sont pas moins des montagnes \u00e0 part enti\u00e8re.<\/p>\n\n\n\n<p>Outre les sommets, les vignobles et les vall\u00e9es agr\u00e9ables, vous trouverez \u00e9galement dans les Vosges de nombreux lacs et quelques tourbi\u00e8res, qui peuvent constituer un excellent but de randonn\u00e9e. Vous pouvez \u00e9galement traverser le massif du nord au sud en quelques jours sur le GR5 et passer la nuit dans des fermes-auberges. Ne manquez en aucun cas un repas marcaire.<\/p>\n\n\n\n<p><\/p>","protected":false},"excerpt":{"rendered":"Surplombant la plaine d'Alsace, le massif des Vosges s'\u00e9tend de...","protected":false},"author":1,"featured_media":7243,"comment_status":"closed","ping_status":"closed","sticky":false,"template":"","format":"standard","meta":{"_kad_blocks_custom_css":"","_kad_blocks_head_custom_js":"","_kad_blocks_body_custom_js":"","_kad_blocks_footer_custom_js":"","episode_type":"audio","audio_file":"","podmotor_file_id":"","podmotor_episode_id":"","cover_image":"","cover_image_id":"","duration":"","filesize":"","filesize_raw":"","date_recorded":"","explicit":"","block":"","_kad_post_transparent":"","_kad_post_title":"","_kad_post_layout":"","_kad_post_sidebar_id":"","_kad_post_content_style":"","_kad_post_vertical_padding":"","_kad_post_feature":"","_kad_post_feature_position":"","_kad_post_header":false,"_kad_post_footer":false,"_kad_post_classname":"","_jetpack_memberships_contains_paid_content":false,"footnotes":""},"categories":[2933],"tags":[],"series":[],"class_list":["post-22961","post","type-post","status-publish","format-standard","has-post-thumbnail","hentry","category-europa"],"episode_featured_image":"https:\/\/travesiapirenaica.com\/wp-content\/uploads\/2018\/04\/christopher-burns-201289-unsplash.jpg_760x500.jpg","episode_player_image":"https:\/\/travesiapirenaica.com\/wp-content\/uploads\/2017\/12\/Caratula-Podcast-Maldita-Montana_1500x1500_72pp-p_.jpg","download_link":"","player_link":"","audio_player":false,"episode_data":{"playerMode":"dark","subscribeUrls":[],"rssFeedUrl":"https:\/\/travesiapirenaica.com\/fr\/feed\/podcast\/maldita-montana","embedCode":"<blockquote class=\"wp-embedded-content\" data-secret=\"p0t89qb3Ta\"><a href=\"https:\/\/travesiapirenaica.com\/fr\/trekking-vosgos\/\">Consejos para el senderismo en los Vosgos<\/a><\/blockquote><iframe sandbox=\"allow-scripts\" security=\"restricted\" src=\"https:\/\/travesiapirenaica.com\/fr\/trekking-vosgos\/embed\/#?secret=p0t89qb3Ta\" width=\"500\" height=\"350\" title=\"\u00ab\u00a0Consejos para el senderismo en los Vosgos\u00a0\u00bb &#8212; Traves\u00eda.\" data-secret=\"p0t89qb3Ta\" frameborder=\"0\" marginwidth=\"0\" marginheight=\"0\" scrolling=\"no\" class=\"wp-embedded-content\"><\/iframe><script>\n\/*! This file is auto-generated *\/\n!function(d,l){\"use strict\";l.querySelector&&d.addEventListener&&\"undefined\"!=typeof URL&&(d.wp=d.wp||{},d.wp.receiveEmbedMessage||(d.wp.receiveEmbedMessage=function(e){var t=e.data;if((t||t.secret||t.message||t.value)&&!\/[^a-zA-Z0-9]\/.test(t.secret)){for(var s,r,n,a=l.querySelectorAll('iframe[data-secret=\"'+t.secret+'\"]'),o=l.querySelectorAll('blockquote[data-secret=\"'+t.secret+'\"]'),c=new RegExp(\"^https?:$\",\"i\"),i=0;i<o.length;i++)o[i].style.display=\"none\";for(i=0;i<a.length;i++)s=a[i],e.source===s.contentWindow&&(s.removeAttribute(\"style\"),\"height\"===t.message?(1e3<(r=parseInt(t.value,10))?r=1e3:~~r<200&&(r=200),s.height=r):\"link\"===t.message&&(r=new URL(s.getAttribute(\"src\")),n=new URL(t.value),c.test(n.protocol))&&n.host===r.host&&l.activeElement===s&&(d.top.location.href=t.value))}},d.addEventListener(\"message\",d.wp.receiveEmbedMessage,!1),l.addEventListener(\"DOMContentLoaded\",function(){for(var e,t,s=l.querySelectorAll(\"iframe.wp-embedded-content\"),r=0;r<s.length;r++)(t=(e=s[r]).getAttribute(\"data-secret\"))||(t=Math.random().toString(36).substring(2,12),e.src+=\"#?secret=\"+t,e.setAttribute(\"data-secret\",t)),e.contentWindow.postMessage({message:\"ready\",secret:t},\"*\")},!1)))}(window,document);\n\/\/# sourceURL=https:\/\/travesiapirenaica.com\/wp-includes\/js\/wp-embed.min.js\n<\/script>\n"},"taxonomy_info":{"category":[{"value":2933,"label":"Europa"}]},"featured_image_src_large":["https:\/\/travesiapirenaica.com\/wp-content\/uploads\/2018\/04\/christopher-burns-201289-unsplash.jpg_760x500.jpg",760,500,false],"author_info":{"display_name":"Traves\u00eda Pirenaica","author_link":"https:\/\/travesiapirenaica.com\/fr\/author\/travesia-pirenaica\/"},"comment_info":0,"category_info":[{"term_id":2933,"name":"Europa","slug":"europa","term_group":0,"term_taxonomy_id":2949,"taxonomy":"category","description":"Europa","parent":18,"count":72,"filter":"raw","cat_ID":2933,"category_count":72,"category_description":"Europa","cat_name":"Europa","category_nicename":"europa","category_parent":18}],"tag_info":false,"jetpack_featured_media_url":"https:\/\/travesiapirenaica.com\/wp-content\/uploads\/2018\/04\/christopher-burns-201289-unsplash.jpg_760x500.jpg","jetpack_sharing_enabled":true,"_links":{"self":[{"href":"https:\/\/travesiapirenaica.com\/fr\/wp-json\/wp\/v2\/posts\/22961","targetHints":{"allow":["GET"]}}],"collection":[{"href":"https:\/\/travesiapirenaica.com\/fr\/wp-json\/wp\/v2\/posts"}],"about":[{"href":"https:\/\/travesiapirenaica.com\/fr\/wp-json\/wp\/v2\/types\/post"}],"author":[{"embeddable":true,"href":"https:\/\/travesiapirenaica.com\/fr\/wp-json\/wp\/v2\/users\/1"}],"replies":[{"embeddable":true,"href":"https:\/\/travesiapirenaica.com\/fr\/wp-json\/wp\/v2\/comments?post=22961"}],"version-history":[{"count":0,"href":"https:\/\/travesiapirenaica.com\/fr\/wp-json\/wp\/v2\/posts\/22961\/revisions"}],"wp:featuredmedia":[{"embeddable":true,"href":"https:\/\/travesiapirenaica.com\/fr\/wp-json\/wp\/v2\/media\/7243"}],"wp:attachment":[{"href":"https:\/\/travesiapirenaica.com\/fr\/wp-json\/wp\/v2\/media?parent=22961"}],"wp:term":[{"taxonomy":"category","embeddable":true,"href":"https:\/\/travesiapirenaica.com\/fr\/wp-json\/wp\/v2\/categories?post=22961"},{"taxonomy":"post_tag","embeddable":true,"href":"https:\/\/travesiapirenaica.com\/fr\/wp-json\/wp\/v2\/tags?post=22961"},{"taxonomy":"series","embeddable":true,"href":"https:\/\/travesiapirenaica.com\/fr\/wp-json\/wp\/v2\/series?post=22961"}],"curies":[{"name":"wp","href":"https:\/\/api.w.org\/{rel}","templated":true}]}}