{"id":23303,"date":"2020-11-09T11:25:16","date_gmt":"2020-11-09T10:25:16","guid":{"rendered":"https:\/\/travesiapirenaica.com\/?p=23303"},"modified":"2021-08-10T17:02:31","modified_gmt":"2021-08-10T15:02:31","slug":"philippe-petit","status":"publish","type":"post","link":"https:\/\/travesiapirenaica.com\/fr\/philippe-petit\/","title":{"rendered":"Philippe Petit : Le Fran\u00e7ais qui a travers\u00e9 les tours jumelles"},"content":{"rendered":"<p>Le 7 ao\u00fbt 1974, des personnes marchant dans les rues de Manhattan, dans la ville de Manhattan, dans l'\u00c9tat de New York, se sont rendues dans les rues de Manhattan. <strong>New York (en anglais)<\/strong>Ils ont \u00e9t\u00e9 surpris de lever les yeux et de voir un homme marcher sur un c\u00e2ble reliant les toits des deux imposantes maisons. <strong>Tours jumelles<\/strong>. Cet homme, il \u00e9tait <strong>Philippe Petit<\/strong>, <strong>un funambule fran\u00e7ais<\/strong>qui r\u00e9alisait ce jour-l\u00e0 un r\u00eave commenc\u00e9 six ans plus t\u00f4t.<\/p>\n\n\n\n<p>Et le fait est que <strong>Petit<\/strong>obs\u00e9d\u00e9s par l'id\u00e9e de traverser la <strong>Tours jumelles<\/strong> Depuis 1968, lorsqu'il a lu dans un magazine, dans la salle d'attente d'un cabinet dentaire, la nouvelle de la construction prochaine de l'Institut de recherche et de d\u00e9veloppement de l'Union europ\u00e9enne (IRU), il a toujours eu l'impression d'\u00eatre en train de s'\u00e9quilibrer. <strong>World Trade Center<\/strong> dans la ville de <strong>New York (en anglais)<\/strong>. En voyant l'illustration de ce qui serait <strong>les tours<\/strong> Il s'est imm\u00e9diatement imagin\u00e9 les escalader, tendre un c\u00e2ble sur la trav\u00e9e qui les s\u00e9pare et se tenir en \u00e9quilibre sur les hauteurs.<\/p>\n\n\n\n<ul class=\"wp-block-list\"><li><strong>VOUS POUVEZ \u00caTRE INT\u00c9RESS\u00c9 PAR : <a href=\"https:\/\/travesiapirenaica.com\/fr\/slackline\/\" target=\"_blank\" rel=\"noreferrer noopener\">Slackline : l'esprit qui marche sur la corde<\/a><\/strong><\/li><\/ul>\n\n\n\n<p>Pour y parvenir, <strong>le funambule fran\u00e7ais<\/strong>En outre, il a entrepris de rassembler toutes les informations dont il disposait sur la construction des b\u00e2timents et s'est rendu \u00e0 plusieurs reprises sur place. <strong>New York (en anglais)<\/strong>Il a pu observer et photographier un maximum de d\u00e9tails du b\u00e2timent. Avec tout ce qu'il a recueilli - notes, photographies, articles de presse - il a pu r\u00e9aliser une repr\u00e9sentation \u00e0 l'\u00e9chelle du b\u00e2timent. <strong>les tours<\/strong> pour se faire une id\u00e9e de tout ce qui peut arriver en marchant sur les hauteurs.<\/p>\n\n\n\n<p>En outre, <strong>Philippe Petit<\/strong>Il a profit\u00e9 de ses visites aux <strong>Tours jumelles<\/strong> d'observer tous les aspects de la s\u00e9curit\u00e9 et de la logistique au travail, tels que les horaires, les v\u00eatements, l'identification, etc., afin de trouver un moyen d'acc\u00e9der, avec son groupe d'assistants, aux \u00e9tages sup\u00e9rieurs de <strong>les tours<\/strong> sans attirer l'attention.<\/p>\n\n\n\n<p>Voici quelques d\u00e9tails suppl\u00e9mentaires sur l'exploit r\u00e9alis\u00e9 ce jour-l\u00e0 par cette <strong>Artiste fran\u00e7ais<\/strong>Nous vous pr\u00e9sentons \u00e9galement quelques aspects importants de sa vie et de ses d\u00e9buts dans la profession. Nous vous donnons \u00e9galement des informations sur le film <strong>\"Le d\u00e9fi<\/strong>qui s'inspire de cet \u00e9v\u00e9nement unique.<\/p>\n\n\n\n<h2 class=\"wp-block-heading\">Combien de fois avez-vous travers\u00e9 les tours jumelles ?<\/h2>\n\n\n\n<p>Il y a eu huit fois que <strong>Petit crois\u00e9<\/strong> la distance de pr\u00e8s de 60 m\u00e8tres entre <strong>les tours jumelles<\/strong>Le d\u00e9fi a commenc\u00e9 \u00e0 7h15 et a dur\u00e9 45 minutes, jusqu'\u00e0 ce que l'\u00e9quipe d'encadrement de l'Union europ\u00e9enne se mette au travail. <a href=\"https:\/\/travesiapirenaica.com\/fr\/conseils-pour-le-trekking-pluie\/\">pluie<\/a> l'a forc\u00e9 \u00e0 terminer son acte et \u00e0 se rendre aux policiers qui l'attendaient pour l'arr\u00eater.<\/p>\n\n\n\n<p>La nuit du 6 ao\u00fbt, <strong>Petit<\/strong> et leurs collaborateurs, divis\u00e9s en deux groupes, ont acc\u00e9d\u00e9 aux toits de <strong>les tours<\/strong> par le biais du monte-charge, en transportant notamment un c\u00e2ble de 200 kilogrammes destin\u00e9 \u00e0 relier les deux parties de l'avion \u00e0 l'int\u00e9rieur du v\u00e9hicule. <strong>les tours jumelles<\/strong> et une barre de 8 m\u00e8tres pour l'\u00e9quilibre.<\/p>\n\n\n\n<p>A l'aide d'un arc et d'une fl\u00e8che, ils se sont attel\u00e9s \u00e0 la t\u00e2che de placer le c\u00e2ble dans la bonne position, ce qu'ils ont r\u00e9ussi \u00e0 faire apr\u00e8s plusieurs tentatives, puis, cach\u00e9s dans un bureau, ils ont attendu l'aube pour commencer l'op\u00e9ration. <strong>l'exploit<\/strong>Au m\u00eame moment, les ouvriers du b\u00e2timent devaient commencer les travaux aux \u00e9tages inf\u00e9rieurs.<\/p>\n\n\n\n<p>Au cours de sa <strong>marcher sur le c\u00e2ble<\/strong> \u00e0 plus de 400 m\u00e8tres d'altitude ; <strong>Petit<\/strong> a voulu divertir les gens qui se pressaient en bas. Pour ce faire, il les salue par des courbettes, s'allonge sur le c\u00e2ble, danse et engage m\u00eame la conversation avec une mouette qui s'est approch\u00e9e de lui.<\/p>\n\n\n\n<p>A la fin de l'\u00e9v\u00e9nement, <strong>Philippe<\/strong> a \u00e9t\u00e9 arr\u00eat\u00e9 et traduit en justice pour n'avoir pas obtenu l'autorisation de r\u00e9aliser cet exploit. Cependant, en raison de la bonne perception de cet \u00e9v\u00e9nement par le public, les charges ont \u00e9t\u00e9 abandonn\u00e9es et il a \u00e9t\u00e9 puni en r\u00e9alisant un spectacle similaire, mais \u00e0 une hauteur inf\u00e9rieure, afin de divertir les enfants de la ville. Ce spectacle a eu lieu au <strong>Central Park<\/strong> et se composait de <strong>travers\u00e9e du lac Belv\u00e9d\u00e8re<\/strong>. En outre, pour <strong>Petit<\/strong> s'est vu accorder un laissez-passer sp\u00e9cial lui permettant d'acc\u00e9der aux toits de <strong>les tours jumelles<\/strong> pour la vie.<\/p>\n\n\n\n<h2 class=\"wp-block-heading\">Les d\u00e9buts de Petit<\/h2>\n\n\n\n<p>N\u00e9e dans la <strong>Ville fran\u00e7aise de Nemours<\/strong>Le 13 ao\u00fbt 1949, le jeune homme <strong>Philippe<\/strong> Il ne s'est jamais int\u00e9ress\u00e9 aux \u00e9tudes, \u00e0 tel point qu'\u00e0 l'\u00e2ge de 18 ans, il avait d\u00e9j\u00e0 \u00e9t\u00e9 renvoy\u00e9 de cinq \u00e9coles, et c'est \u00e0 ce moment-l\u00e0 qu'il a d\u00e9cid\u00e9 de se consacrer \u00e0 l'\u00e9tude des m\u00e9tiers qui l'int\u00e9ressaient, devenant ainsi un v\u00e9ritable autodidacte, apprenant m\u00eame l'anglais, l'allemand, le russe et l'espagnol de cette mani\u00e8re.<\/p>\n\n\n\n<p>Mais c'est en tant que funambule qu'il s'est fait conna\u00eetre du monde entier, <strong>Philippe Petit<\/strong> Il a \u00e9galement gagn\u00e9 sa vie en tant que magicien, mime et jongleur, se produisant dans les rues pour les touristes, jusqu'\u00e0 ce qu'il se passionne pour l'art de la danse. <strong>funambulisme<\/strong>Dans les ann\u00e9es 1970, il a commenc\u00e9 \u00e0 se faire un nom parmi les funambules les plus connus en traversant le monde. <strong>les<\/strong> <strong>Tours de la cath\u00e9drale Notre-Dame de Paris<\/strong>.<\/p>\n\n\n\n<p>\u00c0 partir de ce moment-l\u00e0, il a commenc\u00e9 \u00e0 parcourir le monde avec son m\u00e9tier et s'est produit dans des lieux embl\u00e9matiques des pays qu'il a visit\u00e9s. <strong>Pont de Sydney en Australie<\/strong>. Entre-temps, il a poursuivi ses recherches et planifi\u00e9 la r\u00e9alisation du r\u00eave qu'il poursuivait, \u00e0 savoir le franchissement de la fronti\u00e8re entre l'Europe et l'Am\u00e9rique du Nord. <strong>les tours jumelles<\/strong>.<\/p>\n\n\n\n<h2 class=\"wp-block-heading\">\"Le d\u00e9fi<\/h2>\n\n\n\n<p>Cet \u00e9v\u00e9nement a inspir\u00e9 un film intitul\u00e9 <strong>\"Le d\u00e9fi,<\/strong> sous la direction du r\u00e9alisateur am\u00e9ricain Robert Zemeckis, dont l'exp\u00e9rience comprend des films aussi c\u00e9l\u00e8bres que \"Retour vers le futur\", \"Forrest Gump\" et \"L'homme naufrag\u00e9\". Pour ce film, Zemeckis s'est bas\u00e9 sur les m\u00e9moires de <strong>Philippe Petit<\/strong> et en plus d'\u00eatre le r\u00e9alisateur, il a \u00e9galement particip\u00e9 \u00e0 l'\u00e9criture du sc\u00e9nario avec Christopher Browne.<\/p>\n\n\n\n<div class=\"wp-block-group\"><div class=\"wp-block-group__inner-container is-layout-flow wp-block-group-is-layout-flow\">\n<figure class=\"wp-block-embed-youtube aligncenter wp-block-embed is-type-rich is-provider-gestor-del-servicio wp-embed-aspect-16-9 wp-has-aspect-ratio\"><div class=\"wp-block-embed__wrapper\">\n<iframe loading=\"lazy\" title=\"Film sur la corde raide : &quot;The Walk&quot;.\" width=\"720\" height=\"405\" src=\"https:\/\/www.youtube.com\/embed\/ofY-_TjaVd8?feature=oembed\" frameborder=\"0\" allow=\"accelerometer; autoplay; clipboard-write; encrypted-media; gyroscope; picture-in-picture; web-share\" allowfullscreen><\/iframe>\n<\/div><figcaption>Film sur la corde raide : \"The Walk\".<\/figcaption><\/figure>\n<\/div><\/div>\n\n\n\n<p>L'acteur qui a jou\u00e9 <strong>Philippe<\/strong> \u00e9tait Joseph Gordon-Levitt, qui <strong>le funambule fran\u00e7ais <\/strong>lui a permis de se former \u00e0 l'art de la <strong>marcher sur la corde<\/strong> La distribution comprenait \u00e9galement le c\u00e9l\u00e8bre acteur Ben Kingsley, qui jouait le r\u00f4le de Papa Rudy, <strong>funambule<\/strong> mentor de <strong>Petit<\/strong> en r\u00e9alit\u00e9. La date de sortie de <strong>\"Le d\u00e9fi<\/strong> est sorti le 26 septembre 2015. Un total de 35 millions de dollars a \u00e9t\u00e9 n\u00e9cessaire pour r\u00e9aliser le film, et le montant gagn\u00e9 aux \u00c9tats-Unis au box-office a atteint 61 millions de dollars.<\/p>\n\n\n\n<p><strong>Couverture. Philippe Petit traversant les tours jumelles sur un c\u00e2ble. Archives photographiques<\/strong><\/p>","protected":false},"excerpt":{"rendered":"Le 7 ao\u00fbt 1974, les gens qui marchaient dans les rues de la ville de...","protected":false},"author":954,"featured_media":23657,"comment_status":"closed","ping_status":"closed","sticky":false,"template":"","format":"image","meta":{"_kad_blocks_custom_css":"","_kad_blocks_head_custom_js":"","_kad_blocks_body_custom_js":"","_kad_blocks_footer_custom_js":"","episode_type":"audio","audio_file":"","podmotor_file_id":"","podmotor_episode_id":"","cover_image":"","cover_image_id":"","duration":"","filesize":"","filesize_raw":"","date_recorded":"","explicit":"","block":"","_kad_post_transparent":"","_kad_post_title":"","_kad_post_layout":"","_kad_post_sidebar_id":"","_kad_post_content_style":"","_kad_post_vertical_padding":"","_kad_post_feature":"","_kad_post_feature_position":"","_kad_post_header":false,"_kad_post_footer":false,"_kad_post_classname":"","_jetpack_memberships_contains_paid_content":false,"footnotes":""},"categories":[3001],"tags":[],"series":[],"class_list":["post-23303","post","type-post","status-publish","format-image","has-post-thumbnail","hentry","category-protagonistas-personajes","post_format-post-format-image"],"episode_featured_image":"https:\/\/travesiapirenaica.com\/wp-content\/uploads\/2020\/11\/Philippe-Petit-cruzando-las-Torres-Gemelas-sobre-un-cable_1200x900.jpg","episode_player_image":"https:\/\/travesiapirenaica.com\/wp-content\/uploads\/2017\/12\/Caratula-Podcast-Maldita-Montana_1500x1500_72pp-p_.jpg","download_link":"","player_link":"","audio_player":false,"episode_data":{"playerMode":"dark","subscribeUrls":[],"rssFeedUrl":"https:\/\/travesiapirenaica.com\/fr\/feed\/podcast\/maldita-montana","embedCode":"<blockquote class=\"wp-embedded-content\" data-secret=\"E6Tz8QNCqO\"><a href=\"https:\/\/travesiapirenaica.com\/fr\/philippe-petit\/\">Philippe Petit: El franc\u00e9s que cruz\u00f3 las Torres Gemelas<\/a><\/blockquote><iframe sandbox=\"allow-scripts\" security=\"restricted\" src=\"https:\/\/travesiapirenaica.com\/fr\/philippe-petit\/embed\/#?secret=E6Tz8QNCqO\" width=\"500\" height=\"350\" title=\"\u00ab\u00a0Philippe Petit: El franc\u00e9s que cruz\u00f3 las Torres Gemelas\u00a0\u00bb &#8212; Traves\u00eda.\" data-secret=\"E6Tz8QNCqO\" frameborder=\"0\" marginwidth=\"0\" marginheight=\"0\" scrolling=\"no\" class=\"wp-embedded-content\"><\/iframe><script>\n\/*! This file is auto-generated *\/\n!function(d,l){\"use strict\";l.querySelector&&d.addEventListener&&\"undefined\"!=typeof URL&&(d.wp=d.wp||{},d.wp.receiveEmbedMessage||(d.wp.receiveEmbedMessage=function(e){var t=e.data;if((t||t.secret||t.message||t.value)&&!\/[^a-zA-Z0-9]\/.test(t.secret)){for(var s,r,n,a=l.querySelectorAll('iframe[data-secret=\"'+t.secret+'\"]'),o=l.querySelectorAll('blockquote[data-secret=\"'+t.secret+'\"]'),c=new RegExp(\"^https?:$\",\"i\"),i=0;i<o.length;i++)o[i].style.display=\"none\";for(i=0;i<a.length;i++)s=a[i],e.source===s.contentWindow&&(s.removeAttribute(\"style\"),\"height\"===t.message?(1e3<(r=parseInt(t.value,10))?r=1e3:~~r<200&&(r=200),s.height=r):\"link\"===t.message&&(r=new URL(s.getAttribute(\"src\")),n=new URL(t.value),c.test(n.protocol))&&n.host===r.host&&l.activeElement===s&&(d.top.location.href=t.value))}},d.addEventListener(\"message\",d.wp.receiveEmbedMessage,!1),l.addEventListener(\"DOMContentLoaded\",function(){for(var e,t,s=l.querySelectorAll(\"iframe.wp-embedded-content\"),r=0;r<s.length;r++)(t=(e=s[r]).getAttribute(\"data-secret\"))||(t=Math.random().toString(36).substring(2,12),e.src+=\"#?secret=\"+t,e.setAttribute(\"data-secret\",t)),e.contentWindow.postMessage({message:\"ready\",secret:t},\"*\")},!1)))}(window,document);\n\/\/# sourceURL=https:\/\/travesiapirenaica.com\/wp-includes\/js\/wp-embed.min.js\n<\/script>\n"},"taxonomy_info":{"category":[{"value":3001,"label":"Protagonistas \/ Personajes"}]},"featured_image_src_large":["https:\/\/travesiapirenaica.com\/wp-content\/uploads\/2020\/11\/Philippe-Petit-cruzando-las-Torres-Gemelas-sobre-un-cable_1200x900-1024x768.jpg",1024,768,true],"author_info":{"display_name":"Moises Campos","author_link":"https:\/\/travesiapirenaica.com\/fr\/author\/moises-campos\/"},"comment_info":0,"category_info":[{"term_id":3001,"name":"Protagonistas \/ Personajes","slug":"protagonistas-personajes","term_group":0,"term_taxonomy_id":3017,"taxonomy":"category","description":"Protagonistas \/ Personajes","parent":0,"count":16,"filter":"raw","cat_ID":3001,"category_count":16,"category_description":"Protagonistas \/ Personajes","cat_name":"Protagonistas \/ Personajes","category_nicename":"protagonistas-personajes","category_parent":0}],"tag_info":false,"jetpack_featured_media_url":"https:\/\/travesiapirenaica.com\/wp-content\/uploads\/2020\/11\/Philippe-Petit-cruzando-las-Torres-Gemelas-sobre-un-cable_1200x900.jpg","jetpack_sharing_enabled":true,"_links":{"self":[{"href":"https:\/\/travesiapirenaica.com\/fr\/wp-json\/wp\/v2\/posts\/23303","targetHints":{"allow":["GET"]}}],"collection":[{"href":"https:\/\/travesiapirenaica.com\/fr\/wp-json\/wp\/v2\/posts"}],"about":[{"href":"https:\/\/travesiapirenaica.com\/fr\/wp-json\/wp\/v2\/types\/post"}],"author":[{"embeddable":true,"href":"https:\/\/travesiapirenaica.com\/fr\/wp-json\/wp\/v2\/users\/954"}],"replies":[{"embeddable":true,"href":"https:\/\/travesiapirenaica.com\/fr\/wp-json\/wp\/v2\/comments?post=23303"}],"version-history":[{"count":0,"href":"https:\/\/travesiapirenaica.com\/fr\/wp-json\/wp\/v2\/posts\/23303\/revisions"}],"wp:featuredmedia":[{"embeddable":true,"href":"https:\/\/travesiapirenaica.com\/fr\/wp-json\/wp\/v2\/media\/23657"}],"wp:attachment":[{"href":"https:\/\/travesiapirenaica.com\/fr\/wp-json\/wp\/v2\/media?parent=23303"}],"wp:term":[{"taxonomy":"category","embeddable":true,"href":"https:\/\/travesiapirenaica.com\/fr\/wp-json\/wp\/v2\/categories?post=23303"},{"taxonomy":"post_tag","embeddable":true,"href":"https:\/\/travesiapirenaica.com\/fr\/wp-json\/wp\/v2\/tags?post=23303"},{"taxonomy":"series","embeddable":true,"href":"https:\/\/travesiapirenaica.com\/fr\/wp-json\/wp\/v2\/series?post=23303"}],"curies":[{"name":"wp","href":"https:\/\/api.w.org\/{rel}","templated":true}]}}