{"id":23319,"date":"2020-11-17T01:03:29","date_gmt":"2020-11-17T00:03:29","guid":{"rendered":"https:\/\/travesiapirenaica.com\/?p=23319"},"modified":"2020-11-18T09:12:27","modified_gmt":"2020-11-18T08:12:27","slug":"les-routes-les-plus-hautes-du-monde","status":"publish","type":"post","link":"https:\/\/travesiapirenaica.com\/fr\/carreteras-mas-altas-del-mundo\/","title":{"rendered":"De l'Asie \u00e0 l'Am\u00e9rique : un tour des grandes routes"},"content":{"rendered":"<p>Escalade et escalade. Nous allons parcourir certaines des routes les plus \u00e9lev\u00e9es de la plan\u00e8te, qui nous feront d\u00e9couvrir des endroits inhospitaliers. Et il y a des routes qui offrent aux voyageurs des paysages spectaculaires, o\u00f9 ils peuvent appr\u00e9cier le voyage, les haltes et les repos. Des routes sur lesquelles nous manquerons d'oxyg\u00e8ne et qui nous rapprochent un peu plus du ciel.<\/p>\n\n\n\n<ul class=\"wp-block-list\"><li><strong>VOUS POUVEZ \u00caTRE INT\u00c9RESS\u00c9 PAR : <a rel=\"noreferrer noopener\" href=\"https:\/\/soyviajero.com\/mejores-road-trips-del-mundo\/\" target=\"_blank\">15 roadtrips autour du monde \u00e0 envisager s\u00e9rieusement<\/a><\/strong><\/li><\/ul>\n\n\n\n<h2 class=\"wp-block-heading\"><strong>Semo La (Tibet)<\/strong><\/h2>\n\n\n\n<p>Au sommet de cette liste se trouve la route de Semo La au Tibet.<\/p>\n\n\n\n<p>Cette route, qui rejoint <strong>\u00e0 une altitude de 5 566 m\u00e8tres<\/strong>relie Coq\u00ean \u00e0 la r\u00e9gion de Changtang. Un d\u00e9fi pour certains cyclistes qui osent l'emprunter.<\/p>\n\n\n\n<p>Malgr\u00e9 tout, les 150 kilom\u00e8tres de route dangereuse comprennent une <strong>chauss\u00e9e en \u00e9tat praticable<\/strong>. Les conditions m\u00e9t\u00e9orologiques extr\u00eames constituent le risque le plus important et peuvent s'accompagner d'avalanches de neige, de vents violents et de boue, selon la p\u00e9riode de l'ann\u00e9e.<\/p>\n\n\n\n<figure class=\"wp-block-image size-large\"><img loading=\"lazy\" decoding=\"async\" width=\"1024\" height=\"683\" src=\"https:\/\/travesiapirenaica.com\/wp-content\/uploads\/2020\/11\/El-Tibet-China-1024x683.jpg\" alt=\"\" class=\"wp-image-23767\" srcset=\"https:\/\/travesiapirenaica.com\/wp-content\/uploads\/2020\/11\/El-Tibet-China-1024x683.jpg 1024w, https:\/\/travesiapirenaica.com\/wp-content\/uploads\/2020\/11\/El-Tibet-China-300x200.jpg 300w, https:\/\/travesiapirenaica.com\/wp-content\/uploads\/2020\/11\/El-Tibet-China-768x512.jpg 768w, https:\/\/travesiapirenaica.com\/wp-content\/uploads\/2020\/11\/El-Tibet-China-450x300.jpg 450w, https:\/\/travesiapirenaica.com\/wp-content\/uploads\/2020\/11\/El-Tibet-China-225x150.jpg 225w, https:\/\/travesiapirenaica.com\/wp-content\/uploads\/2020\/11\/El-Tibet-China-900x600.jpg 900w, https:\/\/travesiapirenaica.com\/wp-content\/uploads\/2020\/11\/El-Tibet-China-20x13.jpg 20w, https:\/\/travesiapirenaica.com\/wp-content\/uploads\/2020\/11\/El-Tibet-China-144x96.jpg 144w, https:\/\/travesiapirenaica.com\/wp-content\/uploads\/2020\/11\/El-Tibet-China-600x400.jpg 600w, https:\/\/travesiapirenaica.com\/wp-content\/uploads\/2020\/11\/El-Tibet-China.jpg 1350w\" sizes=\"auto, (max-width: 1024px) 100vw, 1024px\" \/><figcaption>La route la plus haute du monde se trouve au Tibet, en Chine. Photo de la route la plus haute du monde : <br>Daniele Salutari (Unsplash)<\/figcaption><\/figure>\n\n\n\n<h2 class=\"wp-block-heading\">2- <strong>De Lhassa \u00e0 Katmandou (Tibet)<\/strong><\/h2>\n\n\n\n<p>Le voyage se poursuit au Tibet, sur le \"toit du monde\", mais maintenant par <strong>la \"route de l'amiti\u00e9<\/strong> o \"<em>Autoroute de l'amiti\u00e9<\/em>\"en anglais, qui est \u00e9galement <strong>d\u00e9passe 5 000 m\u00e8tres <\/strong>hauteur.<\/p>\n\n\n\n<p>De cette mani\u00e8re <strong>relie les capitales du Tibet (Lhassa) et du N\u00e9pal (Katmandou).<\/strong>900 kilom\u00e8tres de distance. En fait, cette route est form\u00e9e par deux routes, la 318 dans la r\u00e9gion du Tibet et l'Arniko Rajmarg au N\u00e9pal. De plus, cette route se termine par la r\u00e9gion de l'Everest, la plus haute montagne du monde.<\/p>\n\n\n\n<figure class=\"wp-block-image size-large\"><img loading=\"lazy\" decoding=\"async\" width=\"1024\" height=\"768\" src=\"https:\/\/travesiapirenaica.com\/wp-content\/uploads\/2020\/11\/Esta-es-conocida-como-la-carretera-de-la-amistad-y-une-a-Tibet-con-Nepal_Foto-Pixabay_1200x900-1024x768.jpg\" alt=\"Cette route, connue sous le nom de &quot;route de l&#039;amiti\u00e9&quot;, relie le Tibet au N\u00e9pal \/ Photo Pixabay\" class=\"wp-image-23825\" srcset=\"https:\/\/travesiapirenaica.com\/wp-content\/uploads\/2020\/11\/Esta-es-conocida-como-la-carretera-de-la-amistad-y-une-a-Tibet-con-Nepal_Foto-Pixabay_1200x900-1024x768.jpg 1024w, https:\/\/travesiapirenaica.com\/wp-content\/uploads\/2020\/11\/Esta-es-conocida-como-la-carretera-de-la-amistad-y-une-a-Tibet-con-Nepal_Foto-Pixabay_1200x900-300x225.jpg 300w, https:\/\/travesiapirenaica.com\/wp-content\/uploads\/2020\/11\/Esta-es-conocida-como-la-carretera-de-la-amistad-y-une-a-Tibet-con-Nepal_Foto-Pixabay_1200x900-768x576.jpg 768w, https:\/\/travesiapirenaica.com\/wp-content\/uploads\/2020\/11\/Esta-es-conocida-como-la-carretera-de-la-amistad-y-une-a-Tibet-con-Nepal_Foto-Pixabay_1200x900-450x338.jpg 450w, https:\/\/travesiapirenaica.com\/wp-content\/uploads\/2020\/11\/Esta-es-conocida-como-la-carretera-de-la-amistad-y-une-a-Tibet-con-Nepal_Foto-Pixabay_1200x900-225x169.jpg 225w, https:\/\/travesiapirenaica.com\/wp-content\/uploads\/2020\/11\/Esta-es-conocida-como-la-carretera-de-la-amistad-y-une-a-Tibet-con-Nepal_Foto-Pixabay_1200x900-900x675.jpg 900w, https:\/\/travesiapirenaica.com\/wp-content\/uploads\/2020\/11\/Esta-es-conocida-como-la-carretera-de-la-amistad-y-une-a-Tibet-con-Nepal_Foto-Pixabay_1200x900-20x15.jpg 20w, https:\/\/travesiapirenaica.com\/wp-content\/uploads\/2020\/11\/Esta-es-conocida-como-la-carretera-de-la-amistad-y-une-a-Tibet-con-Nepal_Foto-Pixabay_1200x900-128x96.jpg 128w, https:\/\/travesiapirenaica.com\/wp-content\/uploads\/2020\/11\/Esta-es-conocida-como-la-carretera-de-la-amistad-y-une-a-Tibet-con-Nepal_Foto-Pixabay_1200x900-600x450.jpg 600w, https:\/\/travesiapirenaica.com\/wp-content\/uploads\/2020\/11\/Esta-es-conocida-como-la-carretera-de-la-amistad-y-une-a-Tibet-con-Nepal_Foto-Pixabay_1200x900.jpg 1200w\" sizes=\"auto, (max-width: 1024px) 100vw, 1024px\" \/><figcaption>Cette route, connue sous le nom de \"route de l'amiti\u00e9\", relie le Tibet au N\u00e9pal \/ Photo Pixabay<\/figcaption><\/figure>\n\n\n\n<h2 class=\"wp-block-heading\"><strong>3- Abra del Acay (Argentine)<\/strong><\/h2>\n\n\n\n<p>Du \"toit du monde\", nous nous rendons dans le sud des \u00c9tats-Unis, \u00e0 la <strong>nord-ouest de l'Argentine<\/strong>o\u00f9 vous pouvez trouver l<strong>a ruta nacional 40 <\/strong>situ\u00e9 pr\u00e9cis\u00e9ment \u00e0 Abra del Acay. Cette <strong>relie les vall\u00e9es de Calchaqu\u00edes et la Puna<\/strong>Cet itin\u00e9raire se fait avec le Nevado de Acay au nord.<\/p>\n\n\n\n<p>Comme pour d'autres itin\u00e9raires, sa hauteur r\u00e9elle est sujette \u00e0 d\u00e9bat. Officiellement, le point culminant se situe \u00e0 4 895 m\u00e8tres au-dessus du niveau de la mer.<\/p>\n\n\n\n<h2 class=\"wp-block-heading\"><strong>4- Abra Tres Cruces (Bolivie)<\/strong><\/h2>\n\n\n\n<p>Cette route est situ\u00e9e sur la <strong>Cha\u00eene de montagnes Tres Cruces en Bolivie<\/strong> et le sommet atteint une hauteur de 4 729 m\u00e8tres.<\/p>\n\n\n\n<p>Il relie les communaut\u00e9s de Konani et de Quime, toutes deux situ\u00e9es dans la capitale bolivienne La Paz. <strong>La mont\u00e9e de la route est pav\u00e9e et ne pr\u00e9sente pas de risques majeurs. <\/strong>Cependant, la descente se fait sur des chemins de terre et des pistes. <strong>il y a souvent des glissements de terrain<\/strong>.<\/p>\n\n\n\n<h2 class=\"wp-block-heading\"><strong>5- Col de San Francisco (Argentine-Chili)<\/strong><\/h2>\n\n\n\n<p>L'Argentine et le Chili sont unis par le col de San Francisco, de la province argentine de <strong>Catamarca<\/strong> dans la r\u00e9gion de <strong>Atacama<\/strong> au Chili.<\/p>\n\n\n\n<p>Le point culminant de cet itin\u00e9raire se situe \u00e0 4 726 m\u00e8tres. Il n'est pas consid\u00e9r\u00e9 comme un itin\u00e9raire dangereux, bien qu'en hiver il y ait souvent de fortes chutes de neige.<\/p>\n\n\n\n<figure class=\"wp-block-image size-large\"><img loading=\"lazy\" decoding=\"async\" width=\"1024\" height=\"768\" src=\"https:\/\/travesiapirenaica.com\/wp-content\/uploads\/2020\/11\/Paso_San_Francisco_by-Lucash-CC-BY-SA-3.0-via-Wikimedia-Commons_1200x900-1024x768.jpg\" alt=\"San Francisco Pass \/ Photo : Lucash, CC BY-SA 3.0 (Wikimedia Commons)\" class=\"wp-image-23826\" srcset=\"https:\/\/travesiapirenaica.com\/wp-content\/uploads\/2020\/11\/Paso_San_Francisco_by-Lucash-CC-BY-SA-3.0-via-Wikimedia-Commons_1200x900-1024x768.jpg 1024w, https:\/\/travesiapirenaica.com\/wp-content\/uploads\/2020\/11\/Paso_San_Francisco_by-Lucash-CC-BY-SA-3.0-via-Wikimedia-Commons_1200x900-300x225.jpg 300w, https:\/\/travesiapirenaica.com\/wp-content\/uploads\/2020\/11\/Paso_San_Francisco_by-Lucash-CC-BY-SA-3.0-via-Wikimedia-Commons_1200x900-768x576.jpg 768w, https:\/\/travesiapirenaica.com\/wp-content\/uploads\/2020\/11\/Paso_San_Francisco_by-Lucash-CC-BY-SA-3.0-via-Wikimedia-Commons_1200x900-450x338.jpg 450w, https:\/\/travesiapirenaica.com\/wp-content\/uploads\/2020\/11\/Paso_San_Francisco_by-Lucash-CC-BY-SA-3.0-via-Wikimedia-Commons_1200x900-225x169.jpg 225w, https:\/\/travesiapirenaica.com\/wp-content\/uploads\/2020\/11\/Paso_San_Francisco_by-Lucash-CC-BY-SA-3.0-via-Wikimedia-Commons_1200x900-900x675.jpg 900w, https:\/\/travesiapirenaica.com\/wp-content\/uploads\/2020\/11\/Paso_San_Francisco_by-Lucash-CC-BY-SA-3.0-via-Wikimedia-Commons_1200x900-20x15.jpg 20w, https:\/\/travesiapirenaica.com\/wp-content\/uploads\/2020\/11\/Paso_San_Francisco_by-Lucash-CC-BY-SA-3.0-via-Wikimedia-Commons_1200x900-128x96.jpg 128w, https:\/\/travesiapirenaica.com\/wp-content\/uploads\/2020\/11\/Paso_San_Francisco_by-Lucash-CC-BY-SA-3.0-via-Wikimedia-Commons_1200x900-600x450.jpg 600w, https:\/\/travesiapirenaica.com\/wp-content\/uploads\/2020\/11\/Paso_San_Francisco_by-Lucash-CC-BY-SA-3.0-via-Wikimedia-Commons_1200x900.jpg 1200w\" sizes=\"auto, (max-width: 1024px) 100vw, 1024px\" \/><figcaption>San Francisco Pass \/ Photo : Lucash, CC BY-SA 3.0 (Wikimedia Commons)<\/figcaption><\/figure>\n\n\n\n<h2 class=\"wp-block-heading\"><strong>6- Shipki La (Tibet-Inde)<\/strong><\/h2>\n\n\n\n<p>\u00c0 une altitude de 4 720 m\u00e8tres, le Shipki La se situe entre le Tibet et l'\u00c9tat de l'Himachal Pradesh (Inde).<\/p>\n\n\n\n<p><strong>L'altitude maximale de cet itin\u00e9raire se situe du c\u00f4t\u00e9 indien.<\/strong> et est actuellement utilis\u00e9 pour le commerce local.<\/p>\n\n\n\n<p>Shipki La est consid\u00e9r\u00e9e comme l'une des routes les plus dangereuses au monde en raison de ses routes entour\u00e9es de hauts murs, des conditions m\u00e9t\u00e9orologiques d\u00e9favorables, des avalanches, des chutes de neige et des glissements de terrain.<\/p>\n\n\n\n<figure class=\"wp-block-image size-large\"><img loading=\"lazy\" decoding=\"async\" width=\"1024\" height=\"692\" src=\"https:\/\/travesiapirenaica.com\/wp-content\/uploads\/2020\/11\/Shipki-La-China-a-India-1024x692.jpg\" alt=\"\" class=\"wp-image-23788\" srcset=\"https:\/\/travesiapirenaica.com\/wp-content\/uploads\/2020\/11\/Shipki-La-China-a-India-1024x692.jpg 1024w, https:\/\/travesiapirenaica.com\/wp-content\/uploads\/2020\/11\/Shipki-La-China-a-India-300x203.jpg 300w, https:\/\/travesiapirenaica.com\/wp-content\/uploads\/2020\/11\/Shipki-La-China-a-India-768x519.jpg 768w, https:\/\/travesiapirenaica.com\/wp-content\/uploads\/2020\/11\/Shipki-La-China-a-India-1536x1038.jpg 1536w, https:\/\/travesiapirenaica.com\/wp-content\/uploads\/2020\/11\/Shipki-La-China-a-India-2048x1384.jpg 2048w, https:\/\/travesiapirenaica.com\/wp-content\/uploads\/2020\/11\/Shipki-La-China-a-India-450x304.jpg 450w, https:\/\/travesiapirenaica.com\/wp-content\/uploads\/2020\/11\/Shipki-La-China-a-India-225x152.jpg 225w, https:\/\/travesiapirenaica.com\/wp-content\/uploads\/2020\/11\/Shipki-La-China-a-India-900x608.jpg 900w, https:\/\/travesiapirenaica.com\/wp-content\/uploads\/2020\/11\/Shipki-La-China-a-India-1350x913.jpg 1350w, https:\/\/travesiapirenaica.com\/wp-content\/uploads\/2020\/11\/Shipki-La-China-a-India-20x15.jpg 20w, https:\/\/travesiapirenaica.com\/wp-content\/uploads\/2020\/11\/Shipki-La-China-a-India-142x96.jpg 142w, https:\/\/travesiapirenaica.com\/wp-content\/uploads\/2020\/11\/Shipki-La-China-a-India-600x406.jpg 600w\" sizes=\"auto, (max-width: 1024px) 100vw, 1024px\" \/><figcaption>Les avalanches, les chutes de neige et les glissements de terrain sont fr\u00e9quents dans la r\u00e9gion. Photo : Rupak Sarkar (Wikimedia Commons)<\/figcaption><\/figure>\n\n\n\n<h2 class=\"wp-block-heading\"><strong>7 - Col de Khunjeralo (Chine-Pakistan)<\/strong><\/h2>\n\n\n\n<p>Le passage de la fronti\u00e8re entre la Chine et le Pakistan se fait par voie terrestre en franchissant le col de Khunjeralo, \u00e0 4 693 m\u00e8tres d'altitude.<\/p>\n\n\n\n<p><strong>L'asphalte de cette route est recouvert de neige pendant l'hiver.<\/strong>Elle est g\u00e9n\u00e9ralement ferm\u00e9e de novembre \u00e0 mai pour \u00e9viter les accidents. La route relie le nord du Gilgit-Baltistan (Pakistan) au sud-ouest de la r\u00e9gion autonome ou\u00efgoure du Sinkiang (Chine).<\/p>\n\n\n\n<figure class=\"wp-block-image size-large\"><img loading=\"lazy\" decoding=\"async\" width=\"910\" height=\"512\" src=\"https:\/\/travesiapirenaica.com\/wp-content\/uploads\/2020\/11\/Paso-de-Khunjeralo-China-a-Pakistan.jpg\" alt=\"\" class=\"wp-image-23789\" srcset=\"https:\/\/travesiapirenaica.com\/wp-content\/uploads\/2020\/11\/Paso-de-Khunjeralo-China-a-Pakistan.jpg 910w, https:\/\/travesiapirenaica.com\/wp-content\/uploads\/2020\/11\/Paso-de-Khunjeralo-China-a-Pakistan-300x169.jpg 300w, https:\/\/travesiapirenaica.com\/wp-content\/uploads\/2020\/11\/Paso-de-Khunjeralo-China-a-Pakistan-768x432.jpg 768w, https:\/\/travesiapirenaica.com\/wp-content\/uploads\/2020\/11\/Paso-de-Khunjeralo-China-a-Pakistan-450x253.jpg 450w, https:\/\/travesiapirenaica.com\/wp-content\/uploads\/2020\/11\/Paso-de-Khunjeralo-China-a-Pakistan-20x11.jpg 20w, https:\/\/travesiapirenaica.com\/wp-content\/uploads\/2020\/11\/Paso-de-Khunjeralo-China-a-Pakistan-225x127.jpg 225w, https:\/\/travesiapirenaica.com\/wp-content\/uploads\/2020\/11\/Paso-de-Khunjeralo-China-a-Pakistan-900x506.jpg 900w, https:\/\/travesiapirenaica.com\/wp-content\/uploads\/2020\/11\/Paso-de-Khunjeralo-China-a-Pakistan-171x96.jpg 171w, https:\/\/travesiapirenaica.com\/wp-content\/uploads\/2020\/11\/Paso-de-Khunjeralo-China-a-Pakistan-600x338.jpg 600w\" sizes=\"auto, (max-width: 910px) 100vw, 910px\" \/><figcaption>La route est g\u00e9n\u00e9ralement ferm\u00e9e pendant l'hiver (Hunterwerty).<\/figcaption><\/figure>\n\n\n\n<h2 class=\"wp-block-heading\"><strong>8- Collado del C\u00f3ndor (Venezuela)<\/strong><\/h2>\n\n\n\n<p>Dans le p\u00e1ramo de Mucuch\u00edes, dans l'\u00c9tat de M\u00e9rida (Venezuela), se trouve le Collado del C\u00f3ndor ou Pico El \u00c1guila. Un endroit qui accueille des centaines de touristes chaque ann\u00e9e.<\/p>\n\n\n\n<figure class=\"wp-block-image size-large\"><img loading=\"lazy\" decoding=\"async\" width=\"1024\" height=\"768\" src=\"https:\/\/travesiapirenaica.com\/wp-content\/uploads\/2020\/11\/Carretera-Pico-El-Aguila-Collado-del-Condor_by-Isaac-Bonyuet-CC-BY-SA-2.0-via-Wikimedia-Commons_1200x900-1024x768.jpg\" alt=\"Route du Pico El Aguila (Collado del C\u00f3ndor) \/ Photo : Isaac Bonyuet, CC BY-SA 2.0, (Wikimedia Commons)\" class=\"wp-image-23828\" srcset=\"https:\/\/travesiapirenaica.com\/wp-content\/uploads\/2020\/11\/Carretera-Pico-El-Aguila-Collado-del-Condor_by-Isaac-Bonyuet-CC-BY-SA-2.0-via-Wikimedia-Commons_1200x900-1024x768.jpg 1024w, https:\/\/travesiapirenaica.com\/wp-content\/uploads\/2020\/11\/Carretera-Pico-El-Aguila-Collado-del-Condor_by-Isaac-Bonyuet-CC-BY-SA-2.0-via-Wikimedia-Commons_1200x900-300x225.jpg 300w, https:\/\/travesiapirenaica.com\/wp-content\/uploads\/2020\/11\/Carretera-Pico-El-Aguila-Collado-del-Condor_by-Isaac-Bonyuet-CC-BY-SA-2.0-via-Wikimedia-Commons_1200x900-768x576.jpg 768w, https:\/\/travesiapirenaica.com\/wp-content\/uploads\/2020\/11\/Carretera-Pico-El-Aguila-Collado-del-Condor_by-Isaac-Bonyuet-CC-BY-SA-2.0-via-Wikimedia-Commons_1200x900-450x338.jpg 450w, https:\/\/travesiapirenaica.com\/wp-content\/uploads\/2020\/11\/Carretera-Pico-El-Aguila-Collado-del-Condor_by-Isaac-Bonyuet-CC-BY-SA-2.0-via-Wikimedia-Commons_1200x900-225x169.jpg 225w, https:\/\/travesiapirenaica.com\/wp-content\/uploads\/2020\/11\/Carretera-Pico-El-Aguila-Collado-del-Condor_by-Isaac-Bonyuet-CC-BY-SA-2.0-via-Wikimedia-Commons_1200x900-900x675.jpg 900w, https:\/\/travesiapirenaica.com\/wp-content\/uploads\/2020\/11\/Carretera-Pico-El-Aguila-Collado-del-Condor_by-Isaac-Bonyuet-CC-BY-SA-2.0-via-Wikimedia-Commons_1200x900-20x15.jpg 20w, https:\/\/travesiapirenaica.com\/wp-content\/uploads\/2020\/11\/Carretera-Pico-El-Aguila-Collado-del-Condor_by-Isaac-Bonyuet-CC-BY-SA-2.0-via-Wikimedia-Commons_1200x900-128x96.jpg 128w, https:\/\/travesiapirenaica.com\/wp-content\/uploads\/2020\/11\/Carretera-Pico-El-Aguila-Collado-del-Condor_by-Isaac-Bonyuet-CC-BY-SA-2.0-via-Wikimedia-Commons_1200x900-600x450.jpg 600w, https:\/\/travesiapirenaica.com\/wp-content\/uploads\/2020\/11\/Carretera-Pico-El-Aguila-Collado-del-Condor_by-Isaac-Bonyuet-CC-BY-SA-2.0-via-Wikimedia-Commons_1200x900.jpg 1200w\" sizes=\"auto, (max-width: 1024px) 100vw, 1024px\" \/><figcaption>Route du Pico El Aguila (Collado del C\u00f3ndor) \/ Photo : Isaac Bonyuet, CC BY-SA 2.0, (Wikimedia Commons)<\/figcaption><\/figure>\n\n\n\n<p>Il se trouve entre la colline El Balc\u00f3n et le pic El Gavil\u00e1n. En raison de la neige qui peut \u00eatre pr\u00e9sente \u00e0 diff\u00e9rentes p\u00e9riodes de l'ann\u00e9e, <strong>son point culminant est g\u00e9n\u00e9ralement atteint \u00e0 pied<\/strong> laissant les v\u00e9hicules gar\u00e9s plus loin sur la route.<\/p>\n\n\n\n<p>Le long de la route se trouvent plusieurs lagunes, dont celle de Mucubaj\u00ed, l'un des sites touristiques les plus populaires de l'\u00c9tat et du pays.<\/p>\n\n\n\n<h2 class=\"wp-block-heading\"><strong>9- Pic de Veleta (Espagne)<\/strong><\/h2>\n\n\n\n<figure class=\"wp-block-image size-large\"><img loading=\"lazy\" decoding=\"async\" width=\"1024\" height=\"647\" src=\"https:\/\/travesiapirenaica.com\/wp-content\/uploads\/2020\/11\/Pico-Veleta.jpg\" alt=\"\" class=\"wp-image-23813\" srcset=\"https:\/\/travesiapirenaica.com\/wp-content\/uploads\/2020\/11\/Pico-Veleta.jpg 1024w, https:\/\/travesiapirenaica.com\/wp-content\/uploads\/2020\/11\/Pico-Veleta-300x190.jpg 300w, https:\/\/travesiapirenaica.com\/wp-content\/uploads\/2020\/11\/Pico-Veleta-768x485.jpg 768w, https:\/\/travesiapirenaica.com\/wp-content\/uploads\/2020\/11\/Pico-Veleta-450x284.jpg 450w, https:\/\/travesiapirenaica.com\/wp-content\/uploads\/2020\/11\/Pico-Veleta-225x142.jpg 225w, https:\/\/travesiapirenaica.com\/wp-content\/uploads\/2020\/11\/Pico-Veleta-900x569.jpg 900w, https:\/\/travesiapirenaica.com\/wp-content\/uploads\/2020\/11\/Pico-Veleta-20x13.jpg 20w, https:\/\/travesiapirenaica.com\/wp-content\/uploads\/2020\/11\/Pico-Veleta-152x96.jpg 152w, https:\/\/travesiapirenaica.com\/wp-content\/uploads\/2020\/11\/Pico-Veleta-600x379.jpg 600w\" sizes=\"auto, (max-width: 1024px) 100vw, 1024px\" \/><figcaption>L'Andalousie, en Espagne, abrite la route la plus haute d'Europe. Photo : Le long des routes de Malaga (Wikimedia Commons)<\/figcaption><\/figure>\n\n\n\n<p>La route du Pico Veleta, \u00e0 Grenade, <strong>est la plus \u00e9lev\u00e9e d'Espagne et d'Europe<\/strong>L'asphalte se termine 100 m\u00e8tres plus bas, mais il est possible, en VTT, de suivre la piste jusqu'au sommet. L'asphalte se termine 100 m\u00e8tres plus bas, mais il est possible, en VTT, de suivre une piste jusqu'au sommet.<\/p>\n\n\n\n<p>L'ascension est \u00e9vidente d\u00e8s que l'on quitte la ville de Grenade. Il y a deux fa\u00e7ons d'acc\u00e9der au domaine skiable : par la A-395, une route large et bien goudronn\u00e9e, ou par la A-7103, plus \u00e9troite mais en bon \u00e9tat. <\/p>\n\n\n\n<p>La r\u00e9gion est tr\u00e8s populaire en hiver, lorsque les pistes de ski sont ouvertes et que la route de la Veleta est ferm\u00e9e \u00e0 la circulation en raison de la neige. Lorsque la neige dispara\u00eet, c'est au tour des alpinistes et des cyclistes. Les plus audacieux peuvent opter pour la mont\u00e9e qui combine le col de Haza Llanas, qui, selon certains sites web sp\u00e9cialis\u00e9s dans le cyclisme, est la route la plus difficile d'Espagne, avant m\u00eame l'Angliru.<\/p>\n\n\n\n<p><strong>Route du col du Karakorum Khunjerab \/ Photo : <a href=\"https:\/\/commons.wikimedia.org\/wiki\/File:Karakoram_Highway_Khunjerab_Pass.JPG\" target=\"_blank\" rel=\"noreferrer noopener nofollow\">Suleman.Akbar.ali<\/a>(CC BY-SA) Wikimedia Commons<\/strong><\/p>","protected":false},"excerpt":{"rendered":"Escalade et escalade. Nous allons parcourir certaines des routes les plus \u00e9lev\u00e9es de la plan\u00e8te,...","protected":false},"author":953,"featured_media":23830,"comment_status":"closed","ping_status":"closed","sticky":false,"template":"","format":"image","meta":{"_kad_blocks_custom_css":"","_kad_blocks_head_custom_js":"","_kad_blocks_body_custom_js":"","_kad_blocks_footer_custom_js":"","episode_type":"audio","audio_file":"","podmotor_file_id":"","podmotor_episode_id":"","cover_image":"","cover_image_id":"","duration":"","filesize":"","filesize_raw":"","date_recorded":"","explicit":"","block":"","_kad_post_transparent":"","_kad_post_title":"","_kad_post_layout":"","_kad_post_sidebar_id":"","_kad_post_content_style":"","_kad_post_vertical_padding":"","_kad_post_feature":"","_kad_post_feature_position":"","_kad_post_header":false,"_kad_post_footer":false,"_kad_post_classname":"","_jetpack_memberships_contains_paid_content":false,"footnotes":""},"categories":[18],"tags":[],"series":[],"class_list":["post-23319","post","type-post","status-publish","format-image","has-post-thumbnail","hentry","category-destinos","post_format-post-format-image"],"episode_featured_image":"https:\/\/travesiapirenaica.com\/wp-content\/uploads\/2020\/11\/Karakoram_Highway_Khunjerab_Pass_by-Suleman.Akbar_.ali-CC-BY-SA-3.0-via-Wikimedia-Commons_1200x900.jpg","episode_player_image":"https:\/\/travesiapirenaica.com\/wp-content\/uploads\/2017\/12\/Caratula-Podcast-Maldita-Montana_1500x1500_72pp-p_.jpg","download_link":"","player_link":"","audio_player":false,"episode_data":{"playerMode":"dark","subscribeUrls":[],"rssFeedUrl":"https:\/\/travesiapirenaica.com\/fr\/feed\/podcast\/maldita-montana","embedCode":"<blockquote class=\"wp-embedded-content\" data-secret=\"rBLn5nyEZn\"><a href=\"https:\/\/travesiapirenaica.com\/fr\/carreteras-mas-altas-del-mundo\/\">De Asia a Am\u00e9rica: Un recorrido por las carreteras m\u00e1s altas<\/a><\/blockquote><iframe sandbox=\"allow-scripts\" security=\"restricted\" src=\"https:\/\/travesiapirenaica.com\/fr\/carreteras-mas-altas-del-mundo\/embed\/#?secret=rBLn5nyEZn\" width=\"500\" height=\"350\" title=\"\u00ab\u00a0De Asia a Am\u00e9rica: Un recorrido por las carreteras m\u00e1s altas\u00a0\u00bb &#8212; Traves\u00eda.\" data-secret=\"rBLn5nyEZn\" frameborder=\"0\" marginwidth=\"0\" marginheight=\"0\" scrolling=\"no\" class=\"wp-embedded-content\"><\/iframe><script>\n\/*! This file is auto-generated *\/\n!function(d,l){\"use strict\";l.querySelector&&d.addEventListener&&\"undefined\"!=typeof URL&&(d.wp=d.wp||{},d.wp.receiveEmbedMessage||(d.wp.receiveEmbedMessage=function(e){var t=e.data;if((t||t.secret||t.message||t.value)&&!\/[^a-zA-Z0-9]\/.test(t.secret)){for(var s,r,n,a=l.querySelectorAll('iframe[data-secret=\"'+t.secret+'\"]'),o=l.querySelectorAll('blockquote[data-secret=\"'+t.secret+'\"]'),c=new RegExp(\"^https?:$\",\"i\"),i=0;i<o.length;i++)o[i].style.display=\"none\";for(i=0;i<a.length;i++)s=a[i],e.source===s.contentWindow&&(s.removeAttribute(\"style\"),\"height\"===t.message?(1e3<(r=parseInt(t.value,10))?r=1e3:~~r<200&&(r=200),s.height=r):\"link\"===t.message&&(r=new URL(s.getAttribute(\"src\")),n=new URL(t.value),c.test(n.protocol))&&n.host===r.host&&l.activeElement===s&&(d.top.location.href=t.value))}},d.addEventListener(\"message\",d.wp.receiveEmbedMessage,!1),l.addEventListener(\"DOMContentLoaded\",function(){for(var e,t,s=l.querySelectorAll(\"iframe.wp-embedded-content\"),r=0;r<s.length;r++)(t=(e=s[r]).getAttribute(\"data-secret\"))||(t=Math.random().toString(36).substring(2,12),e.src+=\"#?secret=\"+t,e.setAttribute(\"data-secret\",t)),e.contentWindow.postMessage({message:\"ready\",secret:t},\"*\")},!1)))}(window,document);\n\/\/# sourceURL=https:\/\/travesiapirenaica.com\/wp-includes\/js\/wp-embed.min.js\n<\/script>\n"},"taxonomy_info":{"category":[{"value":18,"label":"Destinos"}]},"featured_image_src_large":["https:\/\/travesiapirenaica.com\/wp-content\/uploads\/2020\/11\/Karakoram_Highway_Khunjerab_Pass_by-Suleman.Akbar_.ali-CC-BY-SA-3.0-via-Wikimedia-Commons_1200x900-1024x768.jpg",1024,768,true],"author_info":{"display_name":"Carolyn Manrique","author_link":"https:\/\/travesiapirenaica.com\/fr\/author\/carolyn-manrique\/"},"comment_info":0,"category_info":[{"term_id":18,"name":"Destinos","slug":"destinos","term_group":0,"term_taxonomy_id":18,"taxonomy":"category","description":"","parent":0,"count":122,"filter":"raw","cat_ID":18,"category_count":122,"category_description":"","cat_name":"Destinos","category_nicename":"destinos","category_parent":0}],"tag_info":false,"jetpack_featured_media_url":"https:\/\/travesiapirenaica.com\/wp-content\/uploads\/2020\/11\/Karakoram_Highway_Khunjerab_Pass_by-Suleman.Akbar_.ali-CC-BY-SA-3.0-via-Wikimedia-Commons_1200x900.jpg","jetpack_sharing_enabled":true,"_links":{"self":[{"href":"https:\/\/travesiapirenaica.com\/fr\/wp-json\/wp\/v2\/posts\/23319","targetHints":{"allow":["GET"]}}],"collection":[{"href":"https:\/\/travesiapirenaica.com\/fr\/wp-json\/wp\/v2\/posts"}],"about":[{"href":"https:\/\/travesiapirenaica.com\/fr\/wp-json\/wp\/v2\/types\/post"}],"author":[{"embeddable":true,"href":"https:\/\/travesiapirenaica.com\/fr\/wp-json\/wp\/v2\/users\/953"}],"replies":[{"embeddable":true,"href":"https:\/\/travesiapirenaica.com\/fr\/wp-json\/wp\/v2\/comments?post=23319"}],"version-history":[{"count":0,"href":"https:\/\/travesiapirenaica.com\/fr\/wp-json\/wp\/v2\/posts\/23319\/revisions"}],"wp:featuredmedia":[{"embeddable":true,"href":"https:\/\/travesiapirenaica.com\/fr\/wp-json\/wp\/v2\/media\/23830"}],"wp:attachment":[{"href":"https:\/\/travesiapirenaica.com\/fr\/wp-json\/wp\/v2\/media?parent=23319"}],"wp:term":[{"taxonomy":"category","embeddable":true,"href":"https:\/\/travesiapirenaica.com\/fr\/wp-json\/wp\/v2\/categories?post=23319"},{"taxonomy":"post_tag","embeddable":true,"href":"https:\/\/travesiapirenaica.com\/fr\/wp-json\/wp\/v2\/tags?post=23319"},{"taxonomy":"series","embeddable":true,"href":"https:\/\/travesiapirenaica.com\/fr\/wp-json\/wp\/v2\/series?post=23319"}],"curies":[{"name":"wp","href":"https:\/\/api.w.org\/{rel}","templated":true}]}}