{"id":23325,"date":"2015-11-20T18:21:00","date_gmt":"2015-11-20T17:21:00","guid":{"rendered":"https:\/\/travesiapirenaica.com\/?p=23325"},"modified":"2021-08-10T10:58:45","modified_gmt":"2021-08-10T08:58:45","slug":"la-vie-documentaire-a-letat-pur","status":"publish","type":"post","link":"https:\/\/travesiapirenaica.com\/fr\/pura-vida-documental\/","title":{"rendered":"\"Pura vida\" : un documentaire sur la vie et la mort"},"content":{"rendered":"<p>L'Annapurna (Himalaya) est un r\u00eave d'alpiniste, un r\u00eave de d\u00e9passement. C'est la dixi\u00e8me plus haute montagne de la plan\u00e8te et l'une des plus difficiles \u00e0 gravir. <strong>Celui qui r\u00e9ussit est un h\u00e9ros, et celui qui \u00e9choue l'est aussi.<\/strong>. Et il se d\u00e9crit comme un \"h\u00e9ros\", bien que pour I\u00f1aki Ochoa de Olza ce terme ait toujours \u00e9t\u00e9 inutile, puisqu'il ne se consid\u00e9rait pas comme tel.<\/p>\n\n\n\n<p><em>La vie \u00e0 l'\u00e9tat pur<\/em>un documentaire de Migueltxo Molina et Pablo Iraburu, raconte l'histoire du second, le h\u00e9ros qui n'a pas r\u00e9ussi \u00e0 redescendre vivant du massif montagneux de 8 091 m\u00e8tres d'altitude. <strong>L'Espagnol I\u00f1aki Ochoa de Olza a gravi l'Annapurna en 2008.<\/strong>Quelques heures plus tard, ils ont appris que l'alpiniste n'allait pas bien et ont d\u00fb entreprendre un plan de sauvetage.<\/p>\n\n\n\n<p>La tentative de sauvetage de feu Ochoa de Olza a impliqu\u00e9 des alpinistes et des grimpeurs du monde entier, <strong>Pour certains, il s'agit de l'une des plus grandes mobilisations au sein du syndicat.<\/strong>. Dans ce m\u00eame documentaire, il est dit que tout le monde \u00e9tait conscient qu'il \u00e9tait pratiquement impossible de retrouver l'alpiniste vivant.<\/p>\n\n\n\n<p>La camaraderie a \u00e9t\u00e9 l'un des exemples que cet \u00e9v\u00e9nement a donn\u00e9 au monde, en donnant un aper\u00e7u de ce que cette discipline signifie r\u00e9ellement et de ce qu'est un v\u00e9ritable esprit sportif.<\/p>\n\n\n\n<figure class=\"wp-block-image size-large\"><img loading=\"lazy\" decoding=\"async\" width=\"1024\" height=\"675\" src=\"https:\/\/travesiapirenaica.com\/wp-content\/uploads\/2020\/11\/Pura-Vida-intento-de-rescate-1024x675.jpg\" alt=\"\" class=\"wp-image-24034\" srcset=\"https:\/\/travesiapirenaica.com\/wp-content\/uploads\/2020\/11\/Pura-Vida-intento-de-rescate-1024x675.jpg 1024w, https:\/\/travesiapirenaica.com\/wp-content\/uploads\/2020\/11\/Pura-Vida-intento-de-rescate-300x198.jpg 300w, https:\/\/travesiapirenaica.com\/wp-content\/uploads\/2020\/11\/Pura-Vida-intento-de-rescate-768x506.jpg 768w, https:\/\/travesiapirenaica.com\/wp-content\/uploads\/2020\/11\/Pura-Vida-intento-de-rescate-450x297.jpg 450w, https:\/\/travesiapirenaica.com\/wp-content\/uploads\/2020\/11\/Pura-Vida-intento-de-rescate-225x148.jpg 225w, https:\/\/travesiapirenaica.com\/wp-content\/uploads\/2020\/11\/Pura-Vida-intento-de-rescate-900x593.jpg 900w, https:\/\/travesiapirenaica.com\/wp-content\/uploads\/2020\/11\/Pura-Vida-intento-de-rescate-20x13.jpg 20w, https:\/\/travesiapirenaica.com\/wp-content\/uploads\/2020\/11\/Pura-Vida-intento-de-rescate-146x96.jpg 146w, https:\/\/travesiapirenaica.com\/wp-content\/uploads\/2020\/11\/Pura-Vida-intento-de-rescate-600x396.jpg 600w, https:\/\/travesiapirenaica.com\/wp-content\/uploads\/2020\/11\/Pura-Vida-intento-de-rescate.jpg 1036w\" sizes=\"auto, (max-width: 1024px) 100vw, 1024px\" \/><figcaption>Des alpinistes du monde entier se sont rassembl\u00e9s pour sauver l'alpiniste (Arena Communications)<\/figcaption><\/figure>\n\n\n\n<h2 class=\"wp-block-heading\"><strong>Le documentaire le plus regard\u00e9 en 2012<\/strong><\/h2>\n\n\n\n<p>La premi\u00e8re de Pura vida a eu lieu au Festival de San Sebastian en 2012. De l\u00e0, il a \u00e9t\u00e9 <strong>Tourn\u00e9e dans divers festivals du film et salles de cin\u00e9ma, et tourn\u00e9e dans les th\u00e9\u00e2tres<\/strong>e, devenant ainsi le documentaire le plus regard\u00e9 en Espagne cette ann\u00e9e-l\u00e0.<\/p>\n\n\n\n<p>La production a \u00e9t\u00e9 confi\u00e9e \u00e0 Arena Comunicaci\u00f3n, qui d\u00e9clare sur son site web : \"Lorsque nous avons d\u00e9cid\u00e9 de produire <em>Pura Vida<\/em> nous n'avions pas imagin\u00e9 qu'il deviendrait le film documentaire espagnol le plus regard\u00e9 cette ann\u00e9e-l\u00e0. Nous n'avions pas non plus imagin\u00e9 qu'il aurait la visibilit\u00e9 internationale qu'il a eue. Et encore moins qu'il serait projet\u00e9 dans des salles au Japon ou diffus\u00e9 \u00e0 la t\u00e9l\u00e9vision russe, entre autres\".<\/p>\n\n\n\n<p>En 2018, le film a \u00e9t\u00e9 r\u00e9\u00e9dit\u00e9 pour comm\u00e9morer le 10e anniversaire de la mort du Navarrais. Les projections ont eu lieu simultan\u00e9ment \u00e0 Pampelune, Bilbao, Barcelone et Madrid.<\/p>\n\n\n\n<p>Sa premi\u00e8re en 2012 et sa r\u00e9\u00e9dition en 2018 ont \u00e9t\u00e9 accompagn\u00e9es d'une programmation avec des colloques et autres rencontres qui ont permis au public de donner son avis sur l'histoire. D\u00e9battre entre les deux r\u00e9alit\u00e9s que le documentaire met sur la table : la vie et la mort.<\/p>\n\n\n\n<p>Arena Communications, dans le cadre du synopsis de la <em>La vie \u00e0 l'\u00e9tat pur<\/em>Il ajoute : \"M\u00eame<strong> au-del\u00e0 de ses sommets, I\u00f1aki est un homme d'exception<\/strong>. Aussi exceptionnel que la tentative de sauvetage elle-m\u00eame et les hommes qui ont risqu\u00e9 leur vie pour le sauver. Exceptionnel parce que sa seule r\u00e8gle est de vivre.<\/p>\n\n\n\n<p>Une partie des recettes de ce documentaire a \u00e9t\u00e9 revers\u00e9e \u00e0 la Fondation SOS Himalaya-I\u00f1aki Ochoa de Olza, qui op\u00e8re au N\u00e9pal depuis 11 ans, en charge de projets de d\u00e9veloppement, de la construction d'\u00e9coles et du soutien technique et financier de projets \u00e9ducatifs dans diff\u00e9rents villages.<\/p>\n\n\n\n<figure class=\"wp-block-embed is-type-video is-provider-youtube wp-block-embed-youtube wp-embed-aspect-16-9 wp-has-aspect-ratio\"><div class=\"wp-block-embed__wrapper\">\n<iframe loading=\"lazy\" title=\"Pura Vida - HD Trailer\" width=\"720\" height=\"405\" src=\"https:\/\/www.youtube.com\/embed\/RHvRQnHVKxA?feature=oembed\" frameborder=\"0\" allow=\"accelerometer; autoplay; clipboard-write; encrypted-media; gyroscope; picture-in-picture; web-share\" allowfullscreen><\/iframe>\n<\/div><\/figure>\n\n\n\n<h2 class=\"wp-block-heading\"><strong>\"La vie sans la mort n'a pas de sens. C'est ainsi que je vois les choses\".<\/strong><\/h2>\n\n\n\n<p>Le documentaire ne se contente pas de prendre des images et des t\u00e9moignages de l'op\u00e9ration de sauvetage. Il raconte \u00e9galement la vie d'Ochoa de Olza (1967-2008) qui, avant que son compagnon de cord\u00e9e ne d\u00e9clenche l'alarme, \u00e9tait devenu un alpiniste de haut niveau avec plus de 200 exp\u00e9ditions dans l'Himalaya.<\/p>\n\n\n\n<p>Pour lui, comme pour beaucoup, <strong>le sport lui a permis de vivre pleinement sa vie<\/strong>. \"La vie sans la mort n'a pas de sens. C'est ainsi que je vois les choses\", a-t-il d\u00e9clar\u00e9.<\/p>\n\n\n\n<p>Le corps d'Ochoa de Olza, qui souffrait d'un \u0153d\u00e8me c\u00e9r\u00e9bral, a \u00e9t\u00e9 abandonn\u00e9 dans la montagne \u00e0 des milliers de m\u00e8tres d'altitude. D\u00e9cision prise par sa famille.<\/p>\n\n\n\n<p>Au cours de ses cinq derniers jours de vie <strong>a \u00e9t\u00e9 accompagn\u00e9 par le Roumain Horia Colibasanu, qui a \u00e9t\u00e9 remplac\u00e9 par le Suisse Ueli Steck.<\/strong>. Tous deux ont toujours gard\u00e9 \u00e0 l'esprit qu'il n'\u00e9tait pas question pour eux de laisser Navarro seul, pas m\u00eame une seconde.<\/p>\n\n\n\n<p>Ces derniers et d'autres personnes impliqu\u00e9es dans le plan de sauvetage, dont Ochoa de Olza, ont \u00e9t\u00e9 reconnus. <strong>en 2008 par le gouvernement de Navarre, avec la m\u00e9daille d'or du m\u00e9rite sportif.<\/strong>. Steck et Alexei Bolotov, un autre participant au sauvetage, sont morts des ann\u00e9es plus tard sur la m\u00eame montagne.<\/p>\n\n\n\n<p>En 1993, ce Navarrais de 22 ans a r\u00e9alis\u00e9 sa premi\u00e8re ascension de l'Himalaya, plus pr\u00e9cis\u00e9ment du Cho Oyu, la sixi\u00e8me plus haute montagne du monde, avec ses 8 201 m\u00e8tres. La derni\u00e8re, avant l'Annapurna, a \u00e9t\u00e9 le Dhaulagiri (8 167 m\u00e8tres) en 2007.<\/p>\n\n\n\n<h2 class=\"wp-block-heading\"><strong>Ochoa de Olza en lettres et en exemple<\/strong><\/h2>\n\n\n\n<p>Le documentaire n'est pas le seul \u00e0 mettre en lumi\u00e8re la vie de l'alpiniste. En 2010, le livre <em>Sous les cieux d'Asie : M\u00e9moires de l'himalayiste navarrais mort sur l'Annapurna<\/em>qui retrace la vie de l'alpiniste sous la forme d'une \"\u00e9pop\u00e9e\".<\/p>\n\n\n\n<p>Dans les pages de ce livre, publi\u00e9 par Saga Editorial, on peut lire comment le Navarrais a per\u00e7u le d\u00e9fi que repr\u00e9sentait l'ascension des plus hautes montagnes du monde. Il a \u00e9t\u00e9 \u00e9crit avant l'exp\u00e9dition au cours de laquelle il a trouv\u00e9 la mort. Le livre est d\u00e9crit comme \"un ouvrage qui refl\u00e8te sa personnalit\u00e9 extraordinaire et fournit les cl\u00e9s pour comprendre pourquoi certains des meilleurs alpinistes du monde ont d\u00e9ploy\u00e9 des efforts \u00e9piques pendant cinq jours pour tenter de le sauver\".<\/p>\n\n\n\n<p>Ce livre et le film <em>La vie \u00e0 l'\u00e9tat pur<\/em>Ce sont des documents qui seront transmis de g\u00e9n\u00e9ration en g\u00e9n\u00e9ration comme un exemple de ce que ce sport signifie et de ce que la mort signifie. En plus, bien s\u00fbr, de l'exemple qu'il donne aux sportifs des diff\u00e9rentes disciplines.<\/p>\n\n\n\n<p>Parmi ces derniers, il convient de mentionner qu'en 2010, Josep Guardiola, alors entra\u00eeneur du FC Barcelone, a montr\u00e9 \u00e0 ses joueurs une vid\u00e9o diffus\u00e9e dans le cadre de l'\u00e9mission <em>Rapport Robinson<\/em> sur Canal +. L'objectif \u00e9tait de motiver et d'\u00e9duquer les joueurs avant le match contre M\u00e1laga.<\/p>\n\n\n\n<p>Ce mat\u00e9riel raconte \u00e9galement comment Ochoa de Olza a fait de l'Himalaya sa maison, participant \u00e0 de nombreuses reprises \u00e0 des exp\u00e9ditions de sauvetage. Outre son travail de d\u00e9mystification de la discipline, l'ascension des montagnes n'est pas pour lui un acte d'h\u00e9ro\u00efsme.<\/p>\n\n\n\n<figure class=\"wp-block-embed is-type-video is-provider-youtube wp-block-embed-youtube wp-embed-aspect-16-9 wp-has-aspect-ratio\"><div class=\"wp-block-embed__wrapper\">\n<iframe loading=\"lazy\" title=\"Sauvetage d&#039;I\u00f1aki Ochoa de Olza dans l&#039;Annapurna\" width=\"720\" height=\"405\" src=\"https:\/\/www.youtube.com\/embed\/qw-6ILjP1Bg?feature=oembed\" frameborder=\"0\" allow=\"accelerometer; autoplay; clipboard-write; encrypted-media; gyroscope; picture-in-picture; web-share\" allowfullscreen><\/iframe>\n<\/div><\/figure>","protected":false},"excerpt":{"rendered":"En 2012, il a publi\u00e9 ce documentaire qui raconte la vie et la tentative de sauvetage d'I\u00f1aki Ochoa de Olza.","protected":false},"author":953,"featured_media":24050,"comment_status":"closed","ping_status":"closed","sticky":false,"template":"","format":"image","meta":{"_kad_blocks_custom_css":"","_kad_blocks_head_custom_js":"","_kad_blocks_body_custom_js":"","_kad_blocks_footer_custom_js":"","episode_type":"audio","audio_file":"","podmotor_file_id":"","podmotor_episode_id":"","cover_image":"","cover_image_id":"","duration":"","filesize":"","filesize_raw":"","date_recorded":"","explicit":"","block":"","_kad_post_transparent":"","_kad_post_title":"","_kad_post_layout":"","_kad_post_sidebar_id":"","_kad_post_content_style":"","_kad_post_vertical_padding":"","_kad_post_feature":"","_kad_post_feature_position":"","_kad_post_header":false,"_kad_post_footer":false,"_kad_post_classname":"","_jetpack_memberships_contains_paid_content":false,"footnotes":""},"categories":[3004],"tags":[],"series":[],"class_list":["post-23325","post","type-post","status-publish","format-image","has-post-thumbnail","hentry","category-peliculas","post_format-post-format-image"],"episode_featured_image":"https:\/\/travesiapirenaica.com\/wp-content\/uploads\/2020\/11\/Inaki-Ochoa-de-Olza.jpg","episode_player_image":"https:\/\/travesiapirenaica.com\/wp-content\/uploads\/2017\/12\/Caratula-Podcast-Maldita-Montana_1500x1500_72pp-p_.jpg","download_link":"","player_link":"","audio_player":false,"episode_data":{"playerMode":"dark","subscribeUrls":[],"rssFeedUrl":"https:\/\/travesiapirenaica.com\/fr\/feed\/podcast\/maldita-montana","embedCode":"<blockquote class=\"wp-embedded-content\" data-secret=\"9n3xWKqRmS\"><a href=\"https:\/\/travesiapirenaica.com\/fr\/pura-vida-documental\/\">\u201cPura vida\u201d: Un documental sobre la vida y la muerte<\/a><\/blockquote><iframe sandbox=\"allow-scripts\" security=\"restricted\" src=\"https:\/\/travesiapirenaica.com\/fr\/pura-vida-documental\/embed\/#?secret=9n3xWKqRmS\" width=\"500\" height=\"350\" title=\"\u00ab\u00a0\u201cPura vida\u201d: Un documental sobre la vida y la muerte\u00a0\u00bb &#8212; Traves\u00eda.\" data-secret=\"9n3xWKqRmS\" frameborder=\"0\" marginwidth=\"0\" marginheight=\"0\" scrolling=\"no\" class=\"wp-embedded-content\"><\/iframe><script>\n\/*! This file is auto-generated *\/\n!function(d,l){\"use strict\";l.querySelector&&d.addEventListener&&\"undefined\"!=typeof URL&&(d.wp=d.wp||{},d.wp.receiveEmbedMessage||(d.wp.receiveEmbedMessage=function(e){var t=e.data;if((t||t.secret||t.message||t.value)&&!\/[^a-zA-Z0-9]\/.test(t.secret)){for(var s,r,n,a=l.querySelectorAll('iframe[data-secret=\"'+t.secret+'\"]'),o=l.querySelectorAll('blockquote[data-secret=\"'+t.secret+'\"]'),c=new RegExp(\"^https?:$\",\"i\"),i=0;i<o.length;i++)o[i].style.display=\"none\";for(i=0;i<a.length;i++)s=a[i],e.source===s.contentWindow&&(s.removeAttribute(\"style\"),\"height\"===t.message?(1e3<(r=parseInt(t.value,10))?r=1e3:~~r<200&&(r=200),s.height=r):\"link\"===t.message&&(r=new URL(s.getAttribute(\"src\")),n=new URL(t.value),c.test(n.protocol))&&n.host===r.host&&l.activeElement===s&&(d.top.location.href=t.value))}},d.addEventListener(\"message\",d.wp.receiveEmbedMessage,!1),l.addEventListener(\"DOMContentLoaded\",function(){for(var e,t,s=l.querySelectorAll(\"iframe.wp-embedded-content\"),r=0;r<s.length;r++)(t=(e=s[r]).getAttribute(\"data-secret\"))||(t=Math.random().toString(36).substring(2,12),e.src+=\"#?secret=\"+t,e.setAttribute(\"data-secret\",t)),e.contentWindow.postMessage({message:\"ready\",secret:t},\"*\")},!1)))}(window,document);\n\/\/# sourceURL=https:\/\/travesiapirenaica.com\/wp-includes\/js\/wp-embed.min.js\n<\/script>\n"},"taxonomy_info":{"category":[{"value":3004,"label":"Pel\u00edculas"}]},"featured_image_src_large":["https:\/\/travesiapirenaica.com\/wp-content\/uploads\/2020\/11\/Inaki-Ochoa-de-Olza-1024x677.jpg",1024,677,true],"author_info":{"display_name":"Carolyn Manrique","author_link":"https:\/\/travesiapirenaica.com\/fr\/author\/carolyn-manrique\/"},"comment_info":0,"category_info":[{"term_id":3004,"name":"Pel\u00edculas","slug":"peliculas","term_group":0,"term_taxonomy_id":3020,"taxonomy":"category","description":"Pel\u00edculas","parent":0,"count":24,"filter":"raw","cat_ID":3004,"category_count":24,"category_description":"Pel\u00edculas","cat_name":"Pel\u00edculas","category_nicename":"peliculas","category_parent":0}],"tag_info":false,"jetpack_featured_media_url":"https:\/\/travesiapirenaica.com\/wp-content\/uploads\/2020\/11\/Inaki-Ochoa-de-Olza.jpg","jetpack_sharing_enabled":true,"_links":{"self":[{"href":"https:\/\/travesiapirenaica.com\/fr\/wp-json\/wp\/v2\/posts\/23325","targetHints":{"allow":["GET"]}}],"collection":[{"href":"https:\/\/travesiapirenaica.com\/fr\/wp-json\/wp\/v2\/posts"}],"about":[{"href":"https:\/\/travesiapirenaica.com\/fr\/wp-json\/wp\/v2\/types\/post"}],"author":[{"embeddable":true,"href":"https:\/\/travesiapirenaica.com\/fr\/wp-json\/wp\/v2\/users\/953"}],"replies":[{"embeddable":true,"href":"https:\/\/travesiapirenaica.com\/fr\/wp-json\/wp\/v2\/comments?post=23325"}],"version-history":[{"count":0,"href":"https:\/\/travesiapirenaica.com\/fr\/wp-json\/wp\/v2\/posts\/23325\/revisions"}],"wp:featuredmedia":[{"embeddable":true,"href":"https:\/\/travesiapirenaica.com\/fr\/wp-json\/wp\/v2\/media\/24050"}],"wp:attachment":[{"href":"https:\/\/travesiapirenaica.com\/fr\/wp-json\/wp\/v2\/media?parent=23325"}],"wp:term":[{"taxonomy":"category","embeddable":true,"href":"https:\/\/travesiapirenaica.com\/fr\/wp-json\/wp\/v2\/categories?post=23325"},{"taxonomy":"post_tag","embeddable":true,"href":"https:\/\/travesiapirenaica.com\/fr\/wp-json\/wp\/v2\/tags?post=23325"},{"taxonomy":"series","embeddable":true,"href":"https:\/\/travesiapirenaica.com\/fr\/wp-json\/wp\/v2\/series?post=23325"}],"curies":[{"name":"wp","href":"https:\/\/api.w.org\/{rel}","templated":true}]}}