{"id":23916,"date":"2015-11-19T06:26:01","date_gmt":"2015-11-19T05:26:01","guid":{"rendered":"https:\/\/travesiapirenaica.com\/?p=23916"},"modified":"2020-11-19T07:18:47","modified_gmt":"2020-11-19T06:18:47","slug":"gorges-galamus","status":"publish","type":"post","link":"https:\/\/travesiapirenaica.com\/fr\/gorges-galamus\/","title":{"rendered":"Gorges de Galam\u00fas"},"content":{"rendered":"<p>Situ\u00e9es au c\u0153ur du Fenouill\u00e8des, au c\u0153ur du Parc national des Pyr\u00e9n\u00e9es et \u00e0 proximit\u00e9 des d\u00e9partements de l'Aude, les Gorges de Galam\u00fas sont une \u00e9tape incontournable pour les amateurs de nature et d'adr\u00e9naline. Dans ce magnifique paysage naturel, les vertigineuses parois calcaires creus\u00e9es par l'eau forment un magnifique spectacle naturel \u00e0 admirer.<\/p>\n\n\n\n<h2 class=\"wp-block-heading\">Visite en \u00e9t\u00e9 des Gorges de Galam\u00fas<\/h2>\n\n\n\n<p>Vous pouvez visiter les Gorges de Galam\u00fas, entre avril et septembre, car ces jours-l\u00e0, tout l'environnement est plein de petites cascades et de puits, qui sont id\u00e9aux pour le canyoning, une activit\u00e9 agr\u00e9able et amusante qui vous permet de conna\u00eetre ce merveilleux patrimoine naturel.<\/p>\n\n\n\n<p>Les routes menant aux gorges de Galamus \u00e9tant souvent tr\u00e8s fr\u00e9quent\u00e9es pendant la saison estivale, un moyen de transport alternatif a \u00e9t\u00e9 mis en place pour faciliter et prot\u00e9ger la travers\u00e9e du site.<\/p>\n\n\n\n<p>Ce territoire prot\u00e9g\u00e9 est visible depuis une route \u00e9troite qui traverse des paysages vierges d'une beaut\u00e9 infinie. L'ermitage de San Antonio de Galam\u00fas, suspendu \u00e0 une falaise, est un arr\u00eat fixe pour les photos, et de ce beau point de vue vous trouverez des vues panoramiques uniques et incomparables.<\/p>\n\n\n\n<h2 class=\"wp-block-heading\">Marche vers les Gorges de Galam\u00fas<\/h2>\n\n\n\n<p>Entre Saint Paul de Fenouillet et le village de Cubi\u00e8res sur Cinoble se trouve le d\u00e9but de l'itin\u00e9raire qui nous m\u00e8nera aux Gorges de Galam\u00fas.<\/p>\n\n\n\n<p>Pour y acc\u00e9der, nous partons du parking du Belv\u00e9d\u00e8re, o\u00f9 un petit sentier permet d'acc\u00e9der \u00e0 l'ermitage en une dizaine de minutes. Il existe \u00e9galement un autre acc\u00e8s par un escalier taill\u00e9 dans la pierre, de l'autre c\u00f4t\u00e9 du tunnel.<\/p>\n\n\n\n<p>Cet itin\u00e9raire ne n\u00e9cessite aucune condition physique, peut \u00eatre effectu\u00e9 par toute personne de tout \u00e2ge et est bien balis\u00e9 tout au long du parcours.<\/p>\n\n\n\n<p>La dur\u00e9e de la promenade d\u00e9pend du rythme que vous adoptez, mais \u00e0 un rythme moyen, la promenade dans les Gorges de Galam\u00fas ne dure pas plus de 2 heures. Vous ne pouvez pas manquer cet endroit magnifique, vous \u00e9merveiller de ses belles vues et vous amuser dans les activit\u00e9s divertissantes que vous pouvez faire ici, toute la famille peut passer un moment tr\u00e8s agr\u00e9able, tout en connaissant l'un des endroits les plus beaux du parc des Pyr\u00e9n\u00e9es.<\/p>\n\n\n\n<p>Outre les activit\u00e9s ludiques, la chapelle Saint-Antoine attire des personnes qui, avec leurs requ\u00eates, esp\u00e8rent \u00eatre entendues, car on attribue \u00e0 ce lieu de nombreux miracles qui, selon les fid\u00e8les, ont \u00e9t\u00e9 accomplis par les p\u00e8res qui y ont v\u00e9cu.<\/p>\n\n\n\n<h2 class=\"wp-block-heading\">La chapelle Saint-Antoine, un lieu spirituel<\/h2>\n\n\n\n<p>La belle chapelle de Saint-Antoine est un lieu que l'on trouve sur la route des Gorges de Galam\u00fas. Cette chapelle a \u00e9t\u00e9 creus\u00e9e directement dans la roche au VIe si\u00e8cle, vers 1872, apr\u00e8s que des ermites, amoureux de la vie spirituelle et disciples de Saint-Antoine, s'y soient install\u00e9s au cours du Moyen-\u00c2ge.<\/p>\n\n\n\n<p>De nombreuses l\u00e9gendes affirment et assurent que de nombreux miracles se sont produits ici, attribu\u00e9s aux p\u00e8res qui y ont v\u00e9cu et \u00e0 leur catholicisme fid\u00e8le, ce qui attire de plus en plus de croyants et de touristes, qui attendent patiemment des r\u00e9ponses \u00e0 leurs requ\u00eates.<\/p>","protected":false},"excerpt":{"rendered":"Situ\u00e9 au c\u0153ur du Fenouill\u00e8des, au c\u0153ur du parc national des Pyr\u00e9n\u00e9es et \u00e0 proximit\u00e9 de...","protected":false},"author":1,"featured_media":23917,"comment_status":"closed","ping_status":"closed","sticky":false,"template":"","format":"image","meta":{"_kad_blocks_custom_css":"","_kad_blocks_head_custom_js":"","_kad_blocks_body_custom_js":"","_kad_blocks_footer_custom_js":"","episode_type":"audio","audio_file":"","podmotor_file_id":"","podmotor_episode_id":"","cover_image":"","cover_image_id":"","duration":"","filesize":"","filesize_raw":"","date_recorded":"","explicit":"","block":"","_kad_post_transparent":"","_kad_post_title":"","_kad_post_layout":"","_kad_post_sidebar_id":"","_kad_post_content_style":"","_kad_post_vertical_padding":"","_kad_post_feature":"","_kad_post_feature_position":"","_kad_post_header":false,"_kad_post_footer":false,"_kad_post_classname":"","_jetpack_memberships_contains_paid_content":false,"footnotes":""},"categories":[5],"tags":[],"series":[],"class_list":["post-23916","post","type-post","status-publish","format-image","has-post-thumbnail","hentry","category-pirineos","post_format-post-format-image"],"episode_featured_image":"https:\/\/travesiapirenaica.com\/wp-content\/uploads\/2020\/11\/Gorges_de_Galamus_by-Vassil-CC0-via-Wikimedia-Commons_1200x900.jpg","episode_player_image":"https:\/\/travesiapirenaica.com\/wp-content\/uploads\/2017\/12\/Caratula-Podcast-Maldita-Montana_1500x1500_72pp-p_.jpg","download_link":"","player_link":"","audio_player":false,"episode_data":{"playerMode":"dark","subscribeUrls":[],"rssFeedUrl":"https:\/\/travesiapirenaica.com\/fr\/feed\/podcast\/maldita-montana","embedCode":"<blockquote class=\"wp-embedded-content\" data-secret=\"5k4fV3QurY\"><a href=\"https:\/\/travesiapirenaica.com\/fr\/gorges-galamus\/\">Gorges de Galam\u00fas<\/a><\/blockquote><iframe sandbox=\"allow-scripts\" security=\"restricted\" src=\"https:\/\/travesiapirenaica.com\/fr\/gorges-galamus\/embed\/#?secret=5k4fV3QurY\" width=\"500\" height=\"350\" title=\"\u00ab\u00a0Gorges de Galam\u00fas\u00a0\u00bb &#8212; Traves\u00eda.\" data-secret=\"5k4fV3QurY\" frameborder=\"0\" marginwidth=\"0\" marginheight=\"0\" scrolling=\"no\" class=\"wp-embedded-content\"><\/iframe><script>\n\/*! This file is auto-generated *\/\n!function(d,l){\"use strict\";l.querySelector&&d.addEventListener&&\"undefined\"!=typeof URL&&(d.wp=d.wp||{},d.wp.receiveEmbedMessage||(d.wp.receiveEmbedMessage=function(e){var t=e.data;if((t||t.secret||t.message||t.value)&&!\/[^a-zA-Z0-9]\/.test(t.secret)){for(var s,r,n,a=l.querySelectorAll('iframe[data-secret=\"'+t.secret+'\"]'),o=l.querySelectorAll('blockquote[data-secret=\"'+t.secret+'\"]'),c=new RegExp(\"^https?:$\",\"i\"),i=0;i<o.length;i++)o[i].style.display=\"none\";for(i=0;i<a.length;i++)s=a[i],e.source===s.contentWindow&&(s.removeAttribute(\"style\"),\"height\"===t.message?(1e3<(r=parseInt(t.value,10))?r=1e3:~~r<200&&(r=200),s.height=r):\"link\"===t.message&&(r=new URL(s.getAttribute(\"src\")),n=new URL(t.value),c.test(n.protocol))&&n.host===r.host&&l.activeElement===s&&(d.top.location.href=t.value))}},d.addEventListener(\"message\",d.wp.receiveEmbedMessage,!1),l.addEventListener(\"DOMContentLoaded\",function(){for(var e,t,s=l.querySelectorAll(\"iframe.wp-embedded-content\"),r=0;r<s.length;r++)(t=(e=s[r]).getAttribute(\"data-secret\"))||(t=Math.random().toString(36).substring(2,12),e.src+=\"#?secret=\"+t,e.setAttribute(\"data-secret\",t)),e.contentWindow.postMessage({message:\"ready\",secret:t},\"*\")},!1)))}(window,document);\n\/\/# sourceURL=https:\/\/travesiapirenaica.com\/wp-includes\/js\/wp-embed.min.js\n<\/script>\n"},"taxonomy_info":{"category":[{"value":5,"label":"Pirineos"}]},"featured_image_src_large":["https:\/\/travesiapirenaica.com\/wp-content\/uploads\/2020\/11\/Gorges_de_Galamus_by-Vassil-CC0-via-Wikimedia-Commons_1200x900-1024x768.jpg",1024,768,true],"author_info":{"display_name":"Traves\u00eda Pirenaica","author_link":"https:\/\/travesiapirenaica.com\/fr\/author\/travesia-pirenaica\/"},"comment_info":0,"category_info":[{"term_id":5,"name":"Pirineos","slug":"pirineos","term_group":0,"term_taxonomy_id":5,"taxonomy":"category","description":"","parent":0,"count":241,"filter":"raw","cat_ID":5,"category_count":241,"category_description":"","cat_name":"Pirineos","category_nicename":"pirineos","category_parent":0}],"tag_info":false,"jetpack_featured_media_url":"https:\/\/travesiapirenaica.com\/wp-content\/uploads\/2020\/11\/Gorges_de_Galamus_by-Vassil-CC0-via-Wikimedia-Commons_1200x900.jpg","jetpack_sharing_enabled":true,"_links":{"self":[{"href":"https:\/\/travesiapirenaica.com\/fr\/wp-json\/wp\/v2\/posts\/23916","targetHints":{"allow":["GET"]}}],"collection":[{"href":"https:\/\/travesiapirenaica.com\/fr\/wp-json\/wp\/v2\/posts"}],"about":[{"href":"https:\/\/travesiapirenaica.com\/fr\/wp-json\/wp\/v2\/types\/post"}],"author":[{"embeddable":true,"href":"https:\/\/travesiapirenaica.com\/fr\/wp-json\/wp\/v2\/users\/1"}],"replies":[{"embeddable":true,"href":"https:\/\/travesiapirenaica.com\/fr\/wp-json\/wp\/v2\/comments?post=23916"}],"version-history":[{"count":0,"href":"https:\/\/travesiapirenaica.com\/fr\/wp-json\/wp\/v2\/posts\/23916\/revisions"}],"wp:featuredmedia":[{"embeddable":true,"href":"https:\/\/travesiapirenaica.com\/fr\/wp-json\/wp\/v2\/media\/23917"}],"wp:attachment":[{"href":"https:\/\/travesiapirenaica.com\/fr\/wp-json\/wp\/v2\/media?parent=23916"}],"wp:term":[{"taxonomy":"category","embeddable":true,"href":"https:\/\/travesiapirenaica.com\/fr\/wp-json\/wp\/v2\/categories?post=23916"},{"taxonomy":"post_tag","embeddable":true,"href":"https:\/\/travesiapirenaica.com\/fr\/wp-json\/wp\/v2\/tags?post=23916"},{"taxonomy":"series","embeddable":true,"href":"https:\/\/travesiapirenaica.com\/fr\/wp-json\/wp\/v2\/series?post=23916"}],"curies":[{"name":"wp","href":"https:\/\/api.w.org\/{rel}","templated":true}]}}