{"id":23978,"date":"2020-11-19T11:13:00","date_gmt":"2020-11-19T10:13:00","guid":{"rendered":"https:\/\/travesiapirenaica.com\/?p=23978"},"modified":"2023-08-10T20:32:37","modified_gmt":"2023-08-10T18:32:37","slug":"balcon-pyrenees-san-juan-de-la-pena","status":"publish","type":"post","link":"https:\/\/travesiapirenaica.com\/fr\/balcon-pirineos-san-juan-de-la-pena\/","title":{"rendered":"Balcon sur les Pyr\u00e9n\u00e9es de San Ju\u00e1n de la Pe\u00f1a"},"content":{"rendered":"<p>Avec le privil\u00e8ge de pouvoir profiter d'une vue unique sur les Pyr\u00e9n\u00e9es,&nbsp;<a href=\"https:\/\/travesiapirenaica.com\/fr\/san-juan-de-la-pena\/\" target=\"_blank\" rel=\"noreferrer noopener\"><strong>San Juan de la Pe\u00f1a<\/strong><\/a>Huesca, Huesca, offre un environnement naturel privil\u00e9gi\u00e9 que les randonneurs et les amoureux de la nature trouveront merveilleux.<\/p>\n\n\n\n<p>Les ermitages cach\u00e9s dans la v\u00e9g\u00e9tation, les for\u00eats de h\u00eatres et de sapins et les chants des diff\u00e9rents oiseaux en font un lieu privil\u00e9gi\u00e9. Ses points de vue, qui ressemblent \u00e0 d'immenses balcons, lui valent le nom de \"balcon des Pyr\u00e9n\u00e9es\".<\/p>\n\n\n\n<h2 class=\"wp-block-heading\">Trois points de vue<\/h2>\n\n\n\n<p>Un itin\u00e9raire circulaire est propos\u00e9, avec un d\u00e9nivel\u00e9 de 175 m\u00e8tres et une altitude de 1260 m\u00e8tres, pour une dur\u00e9e d'une heure et demie. Le point de d\u00e9part est le nouveau monast\u00e8re de San Juan de la Pe\u00f1a, construit en 1975, tout pr\u00e8s de l'ancien monast\u00e8re.<\/p>\n\n\n\n<p>\u00c0 gauche du monast\u00e8re commence un sentier qui, apr\u00e8s avoir tourn\u00e9 \u00e0 droite \u00e0 une bifurcation, entame une mont\u00e9e douce, avec des panneaux d'information sur la flore et la faune du site. Cette mont\u00e9e, connue sous le nom de Paseo de San Vicente, dure environ 500 m\u00e8tres et est couverte de pins sylvestres et de h\u00eatres.<\/p>\n\n\n\n<p>\u00c0 la fin de cette promenade, vous arriverez au balcon des Pyr\u00e9n\u00e9es. Depuis cet endroit sp\u00e9cial, vous pourrez profiter de vues spectaculaires sur plusieurs sommets pyr\u00e9n\u00e9ens importants.<\/p>\n\n\n\n<p>Pour aider le voyageur \u00e0 identifier les sommets, un panneau d'information se trouve sur le site. De l\u00e0, on peut voir le Monte Perdido, le Bisuarin et le Midi d'Ossau.<\/p>\n\n\n\n<p>L'itin\u00e9raire propos\u00e9 se poursuit en tournant \u00e0 gauche en direction de San Voto. Cette partie du chemin continue \u00e0 travers la for\u00eat.<\/p>\n\n\n\n<p>Au carrefour, continuer vers l'ermitage de San Voto, que l'on atteint apr\u00e8s une descente de 200 m\u00e8tres \u00e0 travers une pin\u00e8de.<\/p>\n\n\n\n<p>Une fois arriv\u00e9 \u00e0 l'ermitage, vous emprunterez un sentier qui vous m\u00e8nera au deuxi\u00e8me point de vue. De l\u00e0, vous pourrez contempler le vieux monast\u00e8re de San Juan de la Pe\u00f1a d'un point de vue unique. Ce monast\u00e8re particulier a \u00e9t\u00e9 construit dans la roche. Il s'agit d'un bel exemple d'art roman.<\/p>\n\n\n\n<p>Le sentier se dirige ensuite vers la prairie. Vous traverserez une route goudronn\u00e9e et, sur votre droite, vous passerez devant un puits de neige. Au milieu de la prairie de San Indalecio se trouve le Centre d'interpr\u00e9tation de la nature (Centro de Interpretaci\u00f3n de la Naturaleza) et un panneau indique le chemin vers le mirador de Santa Teresa.<\/p>\n\n\n\n<p>Apr\u00e8s avoir parcouru environ 800 m\u00e8tres sur un chemin rectiligne, vous atteindrez les ruines de l'ermitage de l'Ermita de Santa Teresa. Le point de vue est orient\u00e9 vers le sud et permet de voir le versant nord de la Sierra de Guara et les Pr\u00e9-Pyr\u00e9n\u00e9es.<\/p>\n\n\n\n<p>La promenade se terminera par un retour \u00e0 la prairie.<\/p>","protected":false},"excerpt":{"rendered":"Avec le privil\u00e8ge d'avoir la possibilit\u00e9 de contempler une vue unique sur le...","protected":false},"author":1,"featured_media":23980,"comment_status":"closed","ping_status":"closed","sticky":false,"template":"","format":"image","meta":{"_kad_blocks_custom_css":"","_kad_blocks_head_custom_js":"","_kad_blocks_body_custom_js":"","_kad_blocks_footer_custom_js":"","episode_type":"audio","audio_file":"","podmotor_file_id":"","podmotor_episode_id":"","cover_image":"","cover_image_id":"","duration":"","filesize":"","filesize_raw":"","date_recorded":"","explicit":"","block":"","_kad_post_transparent":"","_kad_post_title":"","_kad_post_layout":"","_kad_post_sidebar_id":"","_kad_post_content_style":"","_kad_post_vertical_padding":"","_kad_post_feature":"","_kad_post_feature_position":"","_kad_post_header":false,"_kad_post_footer":false,"_kad_post_classname":"","_jetpack_memberships_contains_paid_content":false,"footnotes":""},"categories":[5],"tags":[],"series":[],"class_list":["post-23978","post","type-post","status-publish","format-image","has-post-thumbnail","hentry","category-pirineos","post_format-post-format-image"],"episode_featured_image":"https:\/\/travesiapirenaica.com\/wp-content\/uploads\/2020\/11\/Balcon_de_los_Pirineos_by-Jule_Berlin-from-Berlin-Germany-CC-BY-2.0-via-Wikimedia-Commons_1200x900.jpg","episode_player_image":"https:\/\/travesiapirenaica.com\/wp-content\/uploads\/2017\/12\/Caratula-Podcast-Maldita-Montana_1500x1500_72pp-p_.jpg","download_link":"","player_link":"","audio_player":false,"episode_data":{"playerMode":"dark","subscribeUrls":[],"rssFeedUrl":"https:\/\/travesiapirenaica.com\/fr\/feed\/podcast\/maldita-montana","embedCode":"<blockquote class=\"wp-embedded-content\" data-secret=\"u6tr9cNmvr\"><a href=\"https:\/\/travesiapirenaica.com\/fr\/balcon-pirineos-san-juan-de-la-pena\/\">Balc\u00f3n de los Pirineos desde San Ju\u00e1n de la Pe\u00f1a<\/a><\/blockquote><iframe sandbox=\"allow-scripts\" security=\"restricted\" src=\"https:\/\/travesiapirenaica.com\/fr\/balcon-pirineos-san-juan-de-la-pena\/embed\/#?secret=u6tr9cNmvr\" width=\"500\" height=\"350\" title=\"\u00ab\u00a0Balc\u00f3n de los Pirineos desde San Ju\u00e1n de la Pe\u00f1a\u00a0\u00bb &#8212; Traves\u00eda.\" data-secret=\"u6tr9cNmvr\" frameborder=\"0\" marginwidth=\"0\" marginheight=\"0\" scrolling=\"no\" class=\"wp-embedded-content\"><\/iframe><script>\n\/*! This file is auto-generated *\/\n!function(d,l){\"use strict\";l.querySelector&&d.addEventListener&&\"undefined\"!=typeof URL&&(d.wp=d.wp||{},d.wp.receiveEmbedMessage||(d.wp.receiveEmbedMessage=function(e){var t=e.data;if((t||t.secret||t.message||t.value)&&!\/[^a-zA-Z0-9]\/.test(t.secret)){for(var s,r,n,a=l.querySelectorAll('iframe[data-secret=\"'+t.secret+'\"]'),o=l.querySelectorAll('blockquote[data-secret=\"'+t.secret+'\"]'),c=new RegExp(\"^https?:$\",\"i\"),i=0;i<o.length;i++)o[i].style.display=\"none\";for(i=0;i<a.length;i++)s=a[i],e.source===s.contentWindow&&(s.removeAttribute(\"style\"),\"height\"===t.message?(1e3<(r=parseInt(t.value,10))?r=1e3:~~r<200&&(r=200),s.height=r):\"link\"===t.message&&(r=new URL(s.getAttribute(\"src\")),n=new URL(t.value),c.test(n.protocol))&&n.host===r.host&&l.activeElement===s&&(d.top.location.href=t.value))}},d.addEventListener(\"message\",d.wp.receiveEmbedMessage,!1),l.addEventListener(\"DOMContentLoaded\",function(){for(var e,t,s=l.querySelectorAll(\"iframe.wp-embedded-content\"),r=0;r<s.length;r++)(t=(e=s[r]).getAttribute(\"data-secret\"))||(t=Math.random().toString(36).substring(2,12),e.src+=\"#?secret=\"+t,e.setAttribute(\"data-secret\",t)),e.contentWindow.postMessage({message:\"ready\",secret:t},\"*\")},!1)))}(window,document);\n\/\/# sourceURL=https:\/\/travesiapirenaica.com\/wp-includes\/js\/wp-embed.min.js\n<\/script>\n"},"taxonomy_info":{"category":[{"value":5,"label":"Pirineos"}]},"featured_image_src_large":["https:\/\/travesiapirenaica.com\/wp-content\/uploads\/2020\/11\/Balcon_de_los_Pirineos_by-Jule_Berlin-from-Berlin-Germany-CC-BY-2.0-via-Wikimedia-Commons_1200x900-1024x767.jpg",1024,767,true],"author_info":{"display_name":"Traves\u00eda Pirenaica","author_link":"https:\/\/travesiapirenaica.com\/fr\/author\/travesia-pirenaica\/"},"comment_info":0,"category_info":[{"term_id":5,"name":"Pirineos","slug":"pirineos","term_group":0,"term_taxonomy_id":5,"taxonomy":"category","description":"","parent":0,"count":241,"filter":"raw","cat_ID":5,"category_count":241,"category_description":"","cat_name":"Pirineos","category_nicename":"pirineos","category_parent":0}],"tag_info":false,"jetpack_featured_media_url":"https:\/\/travesiapirenaica.com\/wp-content\/uploads\/2020\/11\/Balcon_de_los_Pirineos_by-Jule_Berlin-from-Berlin-Germany-CC-BY-2.0-via-Wikimedia-Commons_1200x900.jpg","jetpack_sharing_enabled":true,"_links":{"self":[{"href":"https:\/\/travesiapirenaica.com\/fr\/wp-json\/wp\/v2\/posts\/23978","targetHints":{"allow":["GET"]}}],"collection":[{"href":"https:\/\/travesiapirenaica.com\/fr\/wp-json\/wp\/v2\/posts"}],"about":[{"href":"https:\/\/travesiapirenaica.com\/fr\/wp-json\/wp\/v2\/types\/post"}],"author":[{"embeddable":true,"href":"https:\/\/travesiapirenaica.com\/fr\/wp-json\/wp\/v2\/users\/1"}],"replies":[{"embeddable":true,"href":"https:\/\/travesiapirenaica.com\/fr\/wp-json\/wp\/v2\/comments?post=23978"}],"version-history":[{"count":0,"href":"https:\/\/travesiapirenaica.com\/fr\/wp-json\/wp\/v2\/posts\/23978\/revisions"}],"wp:featuredmedia":[{"embeddable":true,"href":"https:\/\/travesiapirenaica.com\/fr\/wp-json\/wp\/v2\/media\/23980"}],"wp:attachment":[{"href":"https:\/\/travesiapirenaica.com\/fr\/wp-json\/wp\/v2\/media?parent=23978"}],"wp:term":[{"taxonomy":"category","embeddable":true,"href":"https:\/\/travesiapirenaica.com\/fr\/wp-json\/wp\/v2\/categories?post=23978"},{"taxonomy":"post_tag","embeddable":true,"href":"https:\/\/travesiapirenaica.com\/fr\/wp-json\/wp\/v2\/tags?post=23978"},{"taxonomy":"series","embeddable":true,"href":"https:\/\/travesiapirenaica.com\/fr\/wp-json\/wp\/v2\/series?post=23978"}],"curies":[{"name":"wp","href":"https:\/\/api.w.org\/{rel}","templated":true}]}}