{"id":25240,"date":"2021-02-06T19:15:04","date_gmt":"2021-02-06T18:15:04","guid":{"rendered":"https:\/\/travesiapirenaica.com\/?p=25240"},"modified":"2024-11-18T13:45:51","modified_gmt":"2024-11-18T12:45:51","slug":"secours-en-montagne-espagne","status":"publish","type":"post","link":"https:\/\/travesiapirenaica.com\/fr\/rescates-montana-espana\/","title":{"rendered":"Sauvetage en montagne en Espagne"},"content":{"rendered":"<p>Savez-vous comment fonctionnent les sauvetages en montagne en Espagne ? Qui s'en occupe ? Combien y en a-t-il par an ? Combien co\u00fbtent-ils ? Dans cet article, nous tenterons de lever ces doutes et de faire la lumi\u00e8re sur ce sujet.<\/p>\n\n\n\n<h2 class=\"wp-block-heading\">L'augmentation des accidents de montagne et les causes les plus fr\u00e9quentes.<\/h2>\n\n\n\n<p>Contrairement \u00e0 ce que l'on pourrait croire, <strong>la situation de sauvetage la plus courante n'est pas celle d'un alpiniste dans un lieu d'extr\u00eame difficult\u00e9, mais celle d'un randonneur dans un lieu d'acc\u00e8s difficile.<\/strong><\/p>\n\n\n\n<p>Et le fait est que <strong>l'augmentation des accidents et des interventions est directement li\u00e9e \u00e0 l'augmentation du nombre de personnes se rendant en montagne.<\/strong>ni plus ni moins. <\/p>\n\n\n\n<p>Selon Burcio (1997), <em>Sauvetages en Espagne<\/em>En 1995, les unit\u00e9s de la Guardia Civil ont effectu\u00e9 un total de 487 interventions. La moiti\u00e9 de celles effectu\u00e9es 25 ans plus tard, et ce sans tenir compte de celles effectu\u00e9es par les groupes de sauvetage r\u00e9gionaux qui sont apparus au cours de cette p\u00e9riode et qui repr\u00e9sentent environ 60%. Un chiffre encore plus contrast\u00e9 si l'on tient compte de l'am\u00e9lioration des \u00e9quipements, des pr\u00e9visions m\u00e9t\u00e9orologiques et de l'acc\u00e8s \u00e0 l'information dont nous disposons aujourd'hui.<\/p>\n\n\n\n<p>En examinant les donn\u00e9es pour 2018 et 2019 (2020 a \u00e9t\u00e9 un peu plus rare, comme nous le savons tous), la <strong>Guardia Civil Mountain Service<\/strong> ont effectu\u00e9 respectivement 974 et 981 sauvetages. Parmi eux, 46% en 2018 et 48% en 2019 \u00e9taient li\u00e9s \u00e0 la randonn\u00e9e. Une activit\u00e9 que l'on peut a priori consid\u00e9rer comme facile.<\/p>\n\n\n\n<p>Parmi les principales causes, on peut en citer trois : a <strong>une mauvaise planification<\/strong>les <strong>surestimation<\/strong> de nos possibilit\u00e9s et de la <strong>insouciance<\/strong>.<\/p>\n\n\n\n\n\n\n<h2 class=\"wp-block-heading\">Groupes de secours en montagne en Espagne<\/h2>\n\n\n\n<h3 class=\"wp-block-heading\"><strong>Au niveau de l'\u00c9tat :<\/strong><\/h3>\n\n\n\n<p><strong>En Espagne, il existe actuellement un service de secours et d'intervention en montagne au niveau de l'\u00c9tat, sous l'\u00e9gide de la Guardia Civil.<\/strong>qui est commun\u00e9ment d\u00e9sign\u00e9e par l'acronyme de <strong>GREIM (Groupes Sp\u00e9ciaux d'Intervention en Montagne)<\/strong>. <\/p>\n\n\n\n<p>En r\u00e9alit\u00e9, ces acronymes ne d\u00e9signent qu'une partie de la structure et, pour \u00eatre plus pr\u00e9cis, ce service est compos\u00e9 d'une <strong>Organe central<\/strong>situ\u00e9 \u00e0 Jaca, et par les diff\u00e9rentes unit\u00e9s d\u00e9ploy\u00e9es dans les principales zones montagneuses d'Espagne, 5 au total (Jaca, Cangas de Onis, Granada, Navacerrada et Viella).<\/p>\n\n\n\n<p>Dans chacune de ces zones, \u00e0 l'exception de Viella, il y a une <strong>Section de sauvetage et d'intervention en montagne (SEREIM)<\/strong> et divers <strong>Groupes (GREIM)<\/strong> y <strong>\u00c9quipement (EREIM)<\/strong> se r\u00e9pandent dans ces zones.<\/p>\n\n\n\n<figure class=\"wp-block-image size-large\"><img loading=\"lazy\" decoding=\"async\" width=\"650\" height=\"458\" src=\"https:\/\/travesiapirenaica.com\/wp-content\/uploads\/2021\/02\/mapa_greim.jpg\" alt=\"\" class=\"wp-image-25349\" srcset=\"https:\/\/travesiapirenaica.com\/wp-content\/uploads\/2021\/02\/mapa_greim.jpg 650w, https:\/\/travesiapirenaica.com\/wp-content\/uploads\/2021\/02\/mapa_greim-300x211.jpg 300w, https:\/\/travesiapirenaica.com\/wp-content\/uploads\/2021\/02\/mapa_greim-150x106.jpg 150w, https:\/\/travesiapirenaica.com\/wp-content\/uploads\/2021\/02\/mapa_greim-596x420.jpg 596w, https:\/\/travesiapirenaica.com\/wp-content\/uploads\/2021\/02\/mapa_greim-100x70.jpg 100w, https:\/\/travesiapirenaica.com\/wp-content\/uploads\/2021\/02\/mapa_greim-600x423.jpg 600w\" sizes=\"auto, (max-width: 650px) 100vw, 650px\" \/><figcaption class=\"wp-element-caption\">D\u00e9ploiement des unit\u00e9s de montagne de la Guardia Civil. Image originale : <a href=\"https:\/\/www.guardiacivil.es\/es\/institucional\/Conocenos\/especialidades\/Greim\/index.html\" target=\"_blank\" rel=\"noreferrer noopener\"><strong>Guardia Civil &gt; La montagne<\/strong><\/a>.<\/figcaption><\/figure>\n\n\n\n<h3 class=\"wp-block-heading\"><strong>Au niveau r\u00e9gional :<\/strong><\/h3>\n\n\n\n<p>Au niveau r\u00e9gional, sept communaut\u00e9s disposent de groupes de sauvetage sp\u00e9ciaux pour les montagnes et les endroits difficiles d'acc\u00e8s :<\/p>\n\n\n\n<ul class=\"wp-block-list\">\n<li><strong>Asturies :<\/strong> Groupe de secours incendie du service d'urgence de la Principaut\u00e9 des Asturies (SEPA).<\/li>\n\n\n\n<li><strong>Cantabrie :<\/strong> \u00c9quipe d'intervention rapide (SOS Cantabria 112).<\/li>\n\n\n\n<li><strong>Pays Basque : <\/strong>Brigade mobile d'Ertzaintza. Police r\u00e9gionale.<\/li>\n\n\n\n<li><strong>Navarre :<\/strong> Groupe de sauvetage technique (GRT) du service d'incendie.<\/li>\n\n\n\n<li><strong>Catalogne :<\/strong> Groupe d'actions sp\u00e9ciales (GRAE). Pompiers de la Generalitat.<\/li>\n\n\n\n<li><strong>Castilla y Le\u00f3n :<\/strong> Groupe de secours et de sauvetage de Castilla y Le\u00f3n.<\/li>\n\n\n\n<li><strong>Madrid : <\/strong>Groupe sp\u00e9cial de sauvetage en haute altitude (GERA). Pompiers de la Communaut\u00e9 de Madrid.<\/li>\n<\/ul>\n\n\n\n<p>L'existence de ces groupes ne signifie pas l'absence d'unit\u00e9s de sauvetage de la Guardia Civil, et ces groupes de sauvetage travaillent g\u00e9n\u00e9ralement ensemble, se compl\u00e9tant en de nombreuses occasions.<\/p>\n\n\n\n<h2 class=\"wp-block-heading\">Les secours en montagne dans la l\u00e9gislation espagnole<\/h2>\n\n\n\n<p>D'un point de vue juridique, <strong>il n'existe pas de loi sp\u00e9cifique en Espagne r\u00e9glementant les sauvetages en montagne.<\/strong> et le droit d'\u00eatre assist\u00e9.<\/p>\n\n\n\n<p>Cependant, il existe d'innombrables lois qui, bien qu'elles ne soient pas sp\u00e9cifiques au cas des montagnes, \u00e9tablissent le principe de l'\u00e9galit\u00e9 de traitement entre les hommes et les femmes. <strong>l'obligation pour les personnes physiques, les professionnels et les autorit\u00e9s de porter assistance \u00e0 toute personne en situation d'urgence<\/strong>.<\/p>\n\n\n\n<p>Les <strong>\"manquement \u00e0 l'obligation d'assistance\".<\/strong> est un d\u00e9lit p\u00e9nal, d'autant plus grave s'il implique un professionnel des secours ou de la sant\u00e9.<\/p>\n\n\n\n<p>Les <strong>Constitution<\/strong> dit dans son <strong>Article 104<\/strong> sur la cr\u00e9ation des forces et corps de s\u00e9curit\u00e9 de l'\u00c9tat que \".<em>sous l'autorit\u00e9 du gouvernement, auront pour mission de prot\u00e9ger le libre exercice des droits et libert\u00e9s et de garantir la s\u00e9curit\u00e9 des citoyens\".<\/em><\/p>\n\n\n\n<p>Dans le BOE, nous trouvons le <strong>Loi organique 2\/1986<\/strong>La loi sur les forces et les corps de s\u00e9curit\u00e9 (LO 2\/1986 du 13 mars 1986) \u00e9tablit, entre autres, que <em>\"l'obligation pour les forces et corps de s\u00e9curit\u00e9 d'assister et de prot\u00e9ger les personnes et d'assurer la pr\u00e9servation et la garde des biens qui sont en danger pour quelque raison que ce soit\".<\/em>.<\/p>\n\n\n\n<p>Les r\u00e9f\u00e9rences que l'on peut trouver dans la loi, comme mentionn\u00e9 ci-dessus, sont nombreuses, et il en ressort l'id\u00e9e que <strong>en Espagne, les sauvetages sont gratuits<\/strong>. <\/p>\n\n\n\n<p><strong>N\u00e9anmoins<\/strong>Comme nous le verrons plus loin, les Communaut\u00e9s autonomes ont mis en \u0153uvre <strong>modifications de la loi<\/strong> qui ont abouti, dans certaines circonstances, \u00e0 la gratuit\u00e9 et qui suscitent depuis un certain temps des d\u00e9bats et des controverses.<\/p>\n\n\n\n<h2 class=\"wp-block-heading\">Le recouvrement de la ran\u00e7on<\/h2>\n\n\n\n<p>Comme indiqu\u00e9 ci-dessus, <strong>les communaut\u00e9s autonomes sont responsables du sauvetage et des services de secours<\/strong>et beaucoup d'entre eux ont <strong>leur propre corps<\/strong>Ils sont compl\u00e9t\u00e9s par ceux de l'\u00c9tat (Guardia Civil). <\/p>\n\n\n\n<p>En tout \u00e9tat de cause et <strong>en raison de l'augmentation, ces derni\u00e8res ann\u00e9es, du nombre d'interventions r\u00e9alis\u00e9es en montagne par ces groupes.<\/strong> Les administrations r\u00e9gionales, certaines communaut\u00e9s ont pris les choses en main et ont mis en place des programmes de formation. <strong>modifications de la loi<\/strong> (Cantabrie en 2003, Catalogne en 2005, Navarre, Asturies, Pays basque et Castille et L\u00e9on) qui consistent essentiellement en <strong>pr\u00e9lever des taxes sur les renflouements<\/strong> dans certaines circonstances, qui diff\u00e8rent d'une communaut\u00e9 \u00e0 l'autre.<\/p>\n\n\n\n<p>Et c'est dans le cas o\u00f9 les m\u00e9dias r\u00e9gionaux viennent \u00e0 la rescousse que la possibilit\u00e9 de percevoir une telle redevance existe. Cette s\u00e9rie de redevances est fix\u00e9e \u00e0 l'avance et, il faut le dire, est rarement per\u00e7ue, <a href=\"https:\/\/www.20minutos.es\/noticia\/4557367\/0\/excursionistas-tienen-pagar-2600-euros-rescate\/\" target=\"_blank\" rel=\"noreferrer noopener nofollow\"><strong>la derni\u00e8re fois<\/strong><\/a>il y a quelques jours. Avec des diff\u00e9rences entre les communaut\u00e9s, les situations envisag\u00e9es pour la perception de ces droits vont dans ce sens : manque d'\u00e9quipement, ignorance d'une alerte m\u00e9t\u00e9orologique ou non-respect de l'interdiction d'acc\u00e8s \u00e0 une zone restreinte, entre autres. Dans certains cas, ces questions sont tr\u00e8s subjectives.<\/p>\n\n\n\n<p>Mais chiffrons : combien co\u00fbte un sauvetage ? Prenons l'exemple du Pays basque, du <a href=\"https:\/\/www.euskadi.eus\/web01-s2segur\/es\/contenidos\/informacion\/info_ley_tasas_2012\/es_docu\/arch_tasas2012.html\" target=\"_blank\" rel=\"noopener\">Loi modifiant les taxes et les prix publics approuv\u00e9e par le Parlement basque en 2011.<\/a><\/p>\n\n\n\n<p>Les montants pr\u00e9vus pour chaque membre du personnel, les moyens mat\u00e9riels et l'heure pass\u00e9e sont les suivants :<\/p>\n\n\n\n<ul class=\"wp-block-list\">\n<li>37,08 \u20ac\/par membre du personnel participant \u00e0 l'op\u00e9ration.<\/li>\n\n\n\n<li>39,14 \u20ac par v\u00e9hicule.<\/li>\n\n\n\n<li>2 155,79 euros par h\u00e9licopt\u00e8re.<\/li>\n<\/ul>\n\n\n\n<h2 class=\"wp-block-heading\">\"Rescate\", la s\u00e9rie documentaire du dimanche sur La 2.<\/h2>\n\n\n\n<p>Si vous souhaitez conna\u00eetre l'intensit\u00e9 d'un sauvetage, l'excitation, le suspense et le danger li\u00e9s aux interventions de la Guardia Civil, nous vous recommandons de regarder la s\u00e9rie de documentaires suivante <strong><a href=\"https:\/\/www.rtve.es\/alacarta\/videos\/rescate\/\" target=\"_blank\" rel=\"noreferrer noopener\">\"Sauvetage<\/a><\/strong>Cette s\u00e9rie de 13 \u00e9pisodes est actuellement diffus\u00e9e le dimanche \u00e0 20 heures sur La 2. Sur <em>RTVE A la Carta<\/em> vous pouvez trouver les 4 premiers chapitres, d\u00e9j\u00e0 diffus\u00e9s. Nous vous laissons ici le premier.<\/p>\n\n\n\n<p><strong>\u00c9pisode 1 : Le danger cach\u00e9<\/strong><\/p>\n\n\n\n<div style=\"width:100%;padding-top:64%;position:relative;border-bottom:1px solid #aaa;display:inline-block;background:#eee;background:rgba(255,255,255,0.9);\">\n    <iframe src=\"https:\/\/secure-embed.rtve.es\/drmn\/embed\/video\/5756838\" name=\"El peligro escondido\" style=\"width:100%;height:90%;position:absolute;left:0;top:0;overflow:hidden;border:none;background-color:transparent;\" scrolling=\"no\" allowfullscreen=\"allowfullscreen\"><\/iframe>\n    <div style=\"position:absolute;bottom:0;left:0;font-family:arial,helvetica,sans-serif;font-size:12px;line-height:1.833;display:inline-block;padding:5px 0 5px 10px;\">\n        <span style=\"float:left;margin-right:10px;\">\n        \t<img decoding=\"async\" style=\"height:20px;width:auto;background: transparent;padding:0;margin:0;\" src=\"https:\/\/img2.rtve.es\/css\/rtve.commons\/rtve.header.footer\/i\/logoRTVEes.png\" alt=\"\">\n        <\/span>\n\t<\/div>\n<\/div>\n\n\n\n<h2 class=\"wp-block-heading\"><strong>Pr\u00e9venir les accidents<\/strong><\/h2>\n\n\n\n<p>Nous ne saurions terminer cet article sans rappeler que la meilleure chose \u00e0 faire est de se pr\u00e9parer pour \u00e9viter les accidents.<\/p>\n\n\n\n<p>Nous en avons d\u00e9j\u00e0 vu quelques-uns <strong><a href=\"https:\/\/travesiapirenaica.com\/fr\/conseils-pour-le-trekking-aventure-en-toute-securite\/\">conseils de s\u00e9curit\u00e9 lors de la planification de nos excursions<\/a><\/strong> et comment aller \u00e0 la rencontre des <strong><a href=\"https:\/\/travesiapirenaica.com\/fr\/montagne-hivernale-sure\/\">l'alpinisme hivernal en toute s\u00e9curit\u00e9<\/a><\/strong>. Il n'est pas inutile de se rappeler certains de ces conseils :<\/p>\n\n\n\n<ul class=\"wp-block-list\">\n<li>Planifier l'itin\u00e9raire.<\/li>\n\n\n\n<li>Equipez-vous de mani\u00e8re appropri\u00e9e.<\/li>\n\n\n\n<li>Consultez les pr\u00e9visions m\u00e9t\u00e9orologiques et soyez attentifs \u00e0 l'\u00e9volution.<\/li>\n\n\n\n<li>Choisissez une activit\u00e9 adapt\u00e9e aux possibilit\u00e9s du groupe.<\/li>\n\n\n\n<li>Respect du calendrier.<\/li>\n\n\n\n<li>Faites savoir \u00e0 quelqu'un o\u00f9 vous allez.<\/li>\n\n\n\n<li>Soyez pr\u00eat \u00e0 faire face \u00e0 un accident.<\/li>\n<\/ul>\n\n\n\n<p><strong>Vous pouvez \u00eatre int\u00e9ress\u00e9 par :<\/strong><\/p>\n\n\n\n<p class=\"has-background\" style=\"background-color:#eeeeee\"><strong><a href=\"https:\/\/travesiapirenaica.com\/fr\/federer-dans-le-montana\/\"><\/a><strong><a href=\"https:\/\/travesiapirenaica.com\/fr\/federer-dans-le-montana\/\">Pourquoi adh\u00e9rer \u00e0 une f\u00e9d\u00e9ration de montagne ? <\/a><\/strong><a rel=\"noreferrer noopener\" href=\"https:\/\/travesiapirenaica.com\/fr\/trekking-trails-world\/\" target=\"_blank\"><strong>\"<\/strong><\/a><\/strong><\/p>\n\n\n\n<div class=\"wp-block-media-text alignwide is-stacked-on-mobile\"><figure class=\"wp-block-media-text__media\"><a href=\"https:\/\/amzn.to\/2YORNna\" target=\"_blank\" rel=\"nofollow noopener\"><img loading=\"lazy\" decoding=\"async\" width=\"600\" height=\"500\" src=\"https:\/\/travesiapirenaica.com\/wp-content\/uploads\/2021\/02\/GestionRiesgo600x500.jpg\" alt=\"\" class=\"wp-image-25391 size-full\" srcset=\"https:\/\/travesiapirenaica.com\/wp-content\/uploads\/2021\/02\/GestionRiesgo600x500.jpg 600w, https:\/\/travesiapirenaica.com\/wp-content\/uploads\/2021\/02\/GestionRiesgo600x500-300x250.jpg 300w, https:\/\/travesiapirenaica.com\/wp-content\/uploads\/2021\/02\/GestionRiesgo600x500-150x125.jpg 150w, https:\/\/travesiapirenaica.com\/wp-content\/uploads\/2021\/02\/GestionRiesgo600x500-504x420.jpg 504w\" sizes=\"auto, (max-width: 600px) 100vw, 600px\" \/><\/a><\/figure><div class=\"wp-block-media-text__content\">\n<p><strong><a href=\"https:\/\/amzn.to\/2YORNna\" target=\"_blank\" rel=\"noreferrer noopener nofollow\"><a href=\"http:\/\/www.edicionesdesnivel.com\/libros\/gestion-del-riesgo-en-montana-y-en-actividades-al-aire-libre\/9788498292091\/\" target=\"_blank\" rel=\"noopener\">Gestion des risques dans les activit\u00e9s de montagne et de plein air<\/a>.<\/a><\/strong><\/p>\n\n\n\n<ul class=\"wp-block-list\">\n<li><strong>\u00c9ditorial :<\/strong> Ediciones Desnivel S.L<\/li>\n\n\n\n<li><strong>Langue :<\/strong> Anglais<\/li>\n\n\n\n<li><strong>Nombre de pages :<\/strong> 282<\/li>\n\n\n\n<li><strong>ISBN-10 :<\/strong> 8498292093<\/li>\n\n\n\n<li><strong>ISBN-13 :<\/strong> 978-8498292091<\/li>\n\n\n\n<li><strong>Publication :<\/strong> 2016<\/li>\n<\/ul>\n\n\n\n<p><\/p>\n<\/div><\/div>\n\n\n\n<hr class=\"wp-block-separator has-css-opacity\"\/>\n\n\n\n<div class=\"wp-block-media-text alignwide is-stacked-on-mobile\"><figure class=\"wp-block-media-text__media\"><a href=\"https:\/\/amzn.to\/3oW8Xd5\" target=\"_blank\" rel=\"nofollow noopener\"><img loading=\"lazy\" decoding=\"async\" width=\"600\" height=\"500\" src=\"https:\/\/travesiapirenaica.com\/wp-content\/uploads\/2021\/02\/Autorrescate600x500.jpg\" alt=\"\" class=\"wp-image-25392 size-full\" srcset=\"https:\/\/travesiapirenaica.com\/wp-content\/uploads\/2021\/02\/Autorrescate600x500.jpg 600w, https:\/\/travesiapirenaica.com\/wp-content\/uploads\/2021\/02\/Autorrescate600x500-300x250.jpg 300w, https:\/\/travesiapirenaica.com\/wp-content\/uploads\/2021\/02\/Autorrescate600x500-150x125.jpg 150w, https:\/\/travesiapirenaica.com\/wp-content\/uploads\/2021\/02\/Autorrescate600x500-504x420.jpg 504w\" sizes=\"auto, (max-width: 600px) 100vw, 600px\" \/><\/a><\/figure><div class=\"wp-block-media-text__content\">\n<p><strong><a href=\"https:\/\/amzn.to\/3oW8Xd5\" target=\"_blank\" rel=\"noreferrer noopener nofollow\"><a href=\"http:\/\/www.edicionesdesnivel.com\/libros\/autorrescate-en-paredes-glaciares-y-avalanchas\/9788498293944\/\" target=\"_blank\" rel=\"noopener\">Autosauvetage sur les parois, les glaciers et les avalanches<\/a>s<\/a><\/strong><\/p>\n\n\n\n<ul class=\"wp-block-list\">\n<li><strong>\u00c9ditorial :<\/strong> Ediciones Desnivel S.L<\/li>\n\n\n\n<li><strong>Langue :<\/strong> Anglais<\/li>\n\n\n\n<li><strong>Nombre de pages :<\/strong> 232<\/li>\n\n\n\n<li><strong>ISBN-10 :<\/strong> 8498293944<\/li>\n\n\n\n<li><strong>ISBN-13 :<\/strong> 978-8498293944<\/li>\n\n\n\n<li><strong>Publication :<\/strong> 2017<\/li>\n<\/ul>\n\n\n\n<p><\/p>\n<\/div><\/div>\n\n\n\n<hr class=\"wp-block-separator has-css-opacity\"\/>\n\n\n\n<div class=\"wp-block-media-text alignwide is-stacked-on-mobile\"><figure class=\"wp-block-media-text__media\"><a href=\"https:\/\/amzn.to\/39SPZjs\" target=\"_blank\" rel=\"nofollow noopener\"><img loading=\"lazy\" decoding=\"async\" width=\"600\" height=\"500\" src=\"https:\/\/travesiapirenaica.com\/wp-content\/uploads\/2021\/02\/SeguridadMontana600x500.jpg\" alt=\"\" class=\"wp-image-25393 size-full\" srcset=\"https:\/\/travesiapirenaica.com\/wp-content\/uploads\/2021\/02\/SeguridadMontana600x500.jpg 600w, https:\/\/travesiapirenaica.com\/wp-content\/uploads\/2021\/02\/SeguridadMontana600x500-300x250.jpg 300w, https:\/\/travesiapirenaica.com\/wp-content\/uploads\/2021\/02\/SeguridadMontana600x500-150x125.jpg 150w, https:\/\/travesiapirenaica.com\/wp-content\/uploads\/2021\/02\/SeguridadMontana600x500-504x420.jpg 504w\" sizes=\"auto, (max-width: 600px) 100vw, 600px\" \/><\/a><\/figure><div class=\"wp-block-media-text__content\">\n<p><strong><a href=\"https:\/\/amzn.to\/39SPZjs\" target=\"_blank\" rel=\"noreferrer noopener nofollow\">S\u00e9curit\u00e9 en montagne.<\/a><\/strong><\/p>\n\n\n\n<ul class=\"wp-block-list\">\n<li><strong>\u00c9ditorial :<\/strong> Ediciones Desnivel S.L<\/li>\n\n\n\n<li><strong>Langue :<\/strong> Anglais<\/li>\n\n\n\n<li><strong>Nombre de pages :<\/strong> 320<\/li>\n\n\n\n<li><strong>ISBN-10 :<\/strong> 8498293928<\/li>\n\n\n\n<li><strong>ISBN-13 :<\/strong> 978-8498293920<\/li>\n\n\n\n<li><strong>Publication :<\/strong> 2017<\/li>\n<\/ul>\n\n\n\n<p><\/p>\n<\/div><\/div>","protected":false},"excerpt":{"rendered":"Dans cet article, nous allons r\u00e9pondre \u00e0 toutes les questions que vous vous posez sur le fonctionnement des secours en montagne en Espagne.","protected":false},"author":3,"featured_media":25387,"comment_status":"closed","ping_status":"closed","sticky":false,"template":"","format":"standard","meta":{"_kad_blocks_custom_css":"","_kad_blocks_head_custom_js":"","_kad_blocks_body_custom_js":"","_kad_blocks_footer_custom_js":"","episode_type":"audio","audio_file":"","podmotor_file_id":"","podmotor_episode_id":"","cover_image":"","cover_image_id":"","duration":"","filesize":"","filesize_raw":"","date_recorded":"","explicit":"","block":"","_kad_post_transparent":"","_kad_post_title":"","_kad_post_layout":"","_kad_post_sidebar_id":"","_kad_post_content_style":"","_kad_post_vertical_padding":"","_kad_post_feature":"","_kad_post_feature_position":"","_kad_post_header":false,"_kad_post_footer":false,"_kad_post_classname":"","_jetpack_memberships_contains_paid_content":false,"footnotes":""},"categories":[1577],"tags":[],"series":[],"class_list":["post-25240","post","type-post","status-publish","format-standard","has-post-thumbnail","hentry","category-tecnica"],"episode_featured_image":"https:\/\/travesiapirenaica.com\/wp-content\/uploads\/2021\/02\/helicopter-960x680-1.jpg","episode_player_image":"https:\/\/travesiapirenaica.com\/wp-content\/uploads\/2017\/12\/Caratula-Podcast-Maldita-Montana_1500x1500_72pp-p_.jpg","download_link":"","player_link":"","audio_player":false,"episode_data":{"playerMode":"dark","subscribeUrls":[],"rssFeedUrl":"https:\/\/travesiapirenaica.com\/fr\/feed\/podcast\/maldita-montana","embedCode":"<blockquote class=\"wp-embedded-content\" data-secret=\"ygrFDF6bzb\"><a href=\"https:\/\/travesiapirenaica.com\/fr\/rescates-montana-espana\/\">Los rescates de monta\u00f1a en Espa\u00f1a<\/a><\/blockquote><iframe sandbox=\"allow-scripts\" security=\"restricted\" src=\"https:\/\/travesiapirenaica.com\/fr\/rescates-montana-espana\/embed\/#?secret=ygrFDF6bzb\" width=\"500\" height=\"350\" title=\"\u00ab\u00a0Los rescates de monta\u00f1a en Espa\u00f1a\u00a0\u00bb &#8212; Traves\u00eda.\" data-secret=\"ygrFDF6bzb\" frameborder=\"0\" marginwidth=\"0\" marginheight=\"0\" scrolling=\"no\" class=\"wp-embedded-content\"><\/iframe><script>\n\/*! This file is auto-generated *\/\n!function(d,l){\"use strict\";l.querySelector&&d.addEventListener&&\"undefined\"!=typeof URL&&(d.wp=d.wp||{},d.wp.receiveEmbedMessage||(d.wp.receiveEmbedMessage=function(e){var t=e.data;if((t||t.secret||t.message||t.value)&&!\/[^a-zA-Z0-9]\/.test(t.secret)){for(var s,r,n,a=l.querySelectorAll('iframe[data-secret=\"'+t.secret+'\"]'),o=l.querySelectorAll('blockquote[data-secret=\"'+t.secret+'\"]'),c=new RegExp(\"^https?:$\",\"i\"),i=0;i<o.length;i++)o[i].style.display=\"none\";for(i=0;i<a.length;i++)s=a[i],e.source===s.contentWindow&&(s.removeAttribute(\"style\"),\"height\"===t.message?(1e3<(r=parseInt(t.value,10))?r=1e3:~~r<200&&(r=200),s.height=r):\"link\"===t.message&&(r=new URL(s.getAttribute(\"src\")),n=new URL(t.value),c.test(n.protocol))&&n.host===r.host&&l.activeElement===s&&(d.top.location.href=t.value))}},d.addEventListener(\"message\",d.wp.receiveEmbedMessage,!1),l.addEventListener(\"DOMContentLoaded\",function(){for(var e,t,s=l.querySelectorAll(\"iframe.wp-embedded-content\"),r=0;r<s.length;r++)(t=(e=s[r]).getAttribute(\"data-secret\"))||(t=Math.random().toString(36).substring(2,12),e.src+=\"#?secret=\"+t,e.setAttribute(\"data-secret\",t)),e.contentWindow.postMessage({message:\"ready\",secret:t},\"*\")},!1)))}(window,document);\n\/\/# sourceURL=https:\/\/travesiapirenaica.com\/wp-includes\/js\/wp-embed.min.js\n<\/script>\n"},"taxonomy_info":{"category":[{"value":1577,"label":"T\u00e9cnica"}]},"featured_image_src_large":["https:\/\/travesiapirenaica.com\/wp-content\/uploads\/2021\/02\/helicopter-960x680-1-1024x725.jpg",1024,725,true],"author_info":{"display_name":"Enrique L\u00f3pez Mondrag\u00f3n","author_link":"https:\/\/travesiapirenaica.com\/fr\/author\/kike8611\/"},"comment_info":0,"category_info":[{"term_id":1577,"name":"T\u00e9cnica","slug":"tecnica","term_group":0,"term_taxonomy_id":1593,"taxonomy":"category","description":"T\u00e9cnica ","parent":0,"count":13,"filter":"raw","cat_ID":1577,"category_count":13,"category_description":"T\u00e9cnica ","cat_name":"T\u00e9cnica","category_nicename":"tecnica","category_parent":0}],"tag_info":false,"jetpack_featured_media_url":"https:\/\/travesiapirenaica.com\/wp-content\/uploads\/2021\/02\/helicopter-960x680-1.jpg","jetpack_sharing_enabled":true,"_links":{"self":[{"href":"https:\/\/travesiapirenaica.com\/fr\/wp-json\/wp\/v2\/posts\/25240","targetHints":{"allow":["GET"]}}],"collection":[{"href":"https:\/\/travesiapirenaica.com\/fr\/wp-json\/wp\/v2\/posts"}],"about":[{"href":"https:\/\/travesiapirenaica.com\/fr\/wp-json\/wp\/v2\/types\/post"}],"author":[{"embeddable":true,"href":"https:\/\/travesiapirenaica.com\/fr\/wp-json\/wp\/v2\/users\/3"}],"replies":[{"embeddable":true,"href":"https:\/\/travesiapirenaica.com\/fr\/wp-json\/wp\/v2\/comments?post=25240"}],"version-history":[{"count":0,"href":"https:\/\/travesiapirenaica.com\/fr\/wp-json\/wp\/v2\/posts\/25240\/revisions"}],"wp:featuredmedia":[{"embeddable":true,"href":"https:\/\/travesiapirenaica.com\/fr\/wp-json\/wp\/v2\/media\/25387"}],"wp:attachment":[{"href":"https:\/\/travesiapirenaica.com\/fr\/wp-json\/wp\/v2\/media?parent=25240"}],"wp:term":[{"taxonomy":"category","embeddable":true,"href":"https:\/\/travesiapirenaica.com\/fr\/wp-json\/wp\/v2\/categories?post=25240"},{"taxonomy":"post_tag","embeddable":true,"href":"https:\/\/travesiapirenaica.com\/fr\/wp-json\/wp\/v2\/tags?post=25240"},{"taxonomy":"series","embeddable":true,"href":"https:\/\/travesiapirenaica.com\/fr\/wp-json\/wp\/v2\/series?post=25240"}],"curies":[{"name":"wp","href":"https:\/\/api.w.org\/{rel}","templated":true}]}}