{"id":28032,"date":"2021-06-01T19:01:11","date_gmt":"2021-06-01T17:01:11","guid":{"rendered":"https:\/\/travesiapirenaica.com\/?p=28032"},"modified":"2021-06-01T19:34:17","modified_gmt":"2021-06-01T17:34:17","slug":"finisterett","status":"publish","type":"post","link":"https:\/\/travesiapirenaica.com\/fr\/finisterett\/","title":{"rendered":"FinisteRett : un voyage au bout du monde."},"content":{"rendered":"<p>Pr\u00e9parez vos chaussures de trekking et votre v\u00e9lo car ce lundi 7 juin, nous partons au bout du monde avec l'aide de la fondation <a href=\"https:\/\/miprincesarett.es\/\" target=\"_blank\" rel=\"noreferrer noopener\"><a href=\"https:\/\/miprincesarett.es\/\" target=\"_blank\" rel=\"noreferrer noopener\"><strong>Ma princesse Rett<\/strong><\/a><\/a> y <a href=\"https:\/\/www.ochotumbao.org\/causa\/finisterett-pedaleamos-el-camino-de-santiago-a-favor-de-mi-princesa-rett\/\" target=\"_blank\" rel=\"noreferrer noopener\"><strong>Ochotumbao<\/strong><\/a>.<\/p>\n\n\n\n<p>Le <strong>Projet FinisteRett<\/strong> est un voyage sportif et solidaire au cours duquel les m\u00e8res et les amies de la fondation <strong>Ma princesse Rett<\/strong> y <strong>Ochotumbao<\/strong>Ils parcourront plus de 200 kilom\u00e8tres du Chemin fran\u00e7ais pour arriver \u00e0 Finisterre, o\u00f9 ils rejoindront l'\u00e9quipe de parents et d'amis de l'association, dont Dani Rovira et Francisco Santiago, qui partira de M\u00e9rida \u00e0 v\u00e9lo, le long de la Via de la Plata, en neuf \u00e9tapes.<\/p>\n\n\n\n<p>L'objectif de ce projet n'est autre que de donner de la visibilit\u00e9 \u00e0 toutes les personnes touch\u00e9es par le syndrome de Rett et de collecter des fonds pour la recherche.<\/p>\n\n\n\n<h3 class=\"wp-block-heading\">Qu'est-ce que le syndrome de Rett ?<\/h3>\n\n\n\n<p>Le syndrome de Rett est une maladie neurologique grave qui touche principalement les filles, environ 1 sur 10 000 naissances vivantes. Il est donc consid\u00e9r\u00e9 comme une maladie rare. En Espagne, on estime \u00e0 2 700 le nombre de personnes atteintes. Il s'agit de filles qui naissent en bonne sant\u00e9, mais qui, entre 12 et 18 mois, subissent une mutation g\u00e9n\u00e9tique du chromosome X qui les emp\u00eache de contr\u00f4ler leur corps, avec un spectre autistique s\u00e9v\u00e8re. Elles ne parlent pas, beaucoup ne marchent pas, ont de graves probl\u00e8mes de communication, souffrent d'\u00e9pilepsie, de scoliose, de probl\u00e8mes digestifs, de troubles du sommeil, d'un long etc... L'\u00e9volution progressive de la maladie les rend d\u00e9pendantes, la d\u00e9t\u00e9rioration cognitive et motrice est telle qu'elles sont consid\u00e9r\u00e9es comme polyhandicap\u00e9es.<\/p>\n\n\n\n<h3 class=\"wp-block-heading\">Comment je peux aider :<\/h3>\n\n\n\n<p>C'est tr\u00e8s simple. En passant par le site web de <a href=\"https:\/\/miprincesarett.es\/\" target=\"_blank\" rel=\"noreferrer noopener\"><strong>Ma princesse Rett<\/strong><\/a> et la fondation <a href=\"https:\/\/www.ochotumbao.org\/causa\/finisterett-pedaleamos-el-camino-de-santiago-a-favor-de-mi-princesa-rett\/\" target=\"_blank\" rel=\"noreferrer noopener\"><strong>Ochotumbao<\/strong><\/a> vous trouverez le moyen de le faire. Vous pouvez faire un don ponctuel, devenir membre, devenir b\u00e9n\u00e9vole ou acheter quelque chose dans la boutique de l'association. <\/p>\n\n\n\n<h3 class=\"wp-block-heading\"><strong>Le film All Roads<\/strong><\/h3>\n\n\n\n<p>En fait, ce n'est pas la premi\u00e8re fois que Dani Rovira et Francisco Santiago \"Paco\" (p\u00e8re de Martina, une fille atteinte du syndrome de Rett) unissent leurs forces pour p\u00e9daler afin de sensibiliser le public \u00e0 cette maladie.<\/p>\n\n\n\n<p>Tout a commenc\u00e9 il y a 4 ans, en 2017, par un appel de Paco \u00e0 Dani Rovira (qu'il ne connaissait pas) et s'est termin\u00e9 par un voyage \u00e0 v\u00e9lo jusqu'\u00e0 Rome pour porter cette cause aupr\u00e8s du Pape Fran\u00e7ois. Une petite folie qui allait finir par devenir l'une des plus belles aventures de sa vie, selon Dani Rovira.<\/p>\n\n\n\n<p>Le projet s'est d\u00e9velopp\u00e9 au point de transformer ce voyage en un film documentaire intitul\u00e9 Todos los Caminos (r\u00e9alis\u00e9 par Paola Garc\u00eda Costas).<\/p>\n\n\n\n<figure class=\"wp-block-embed is-type-video is-provider-youtube wp-block-embed-youtube wp-embed-aspect-16-9 wp-has-aspect-ratio\"><div class=\"wp-block-embed__wrapper\">\n<iframe loading=\"lazy\" title=\"All Roads - Bande-annonce officielle - MAINTENANT EN TH\u00c9\u00c2TRE\" width=\"720\" height=\"405\" src=\"https:\/\/www.youtube.com\/embed\/1B4PwwISLqw?feature=oembed\" frameborder=\"0\" allow=\"accelerometer; autoplay; clipboard-write; encrypted-media; gyroscope; picture-in-picture; web-share\" allowfullscreen><\/iframe>\n<\/div><\/figure>\n\n\n\n<p>Todos los Caminos est un road-movie passionnant dans lequel Dani Rovira et Paco, accompagn\u00e9s de deux autres amis, Mart\u00edn et Germ\u00e1n, parcourent plus de 1 500 km \u00e0 v\u00e9lo, de Barcelone \u00e0 Rome.<\/p>\n\n\n\n<p>C'est un film qui raconte cette aventure \u00e0 v\u00e9lo d'une mani\u00e8re tr\u00e8s divertissante, amusante et \u00e9mouvante et qui r\u00e9ussit la chose la plus importante, d'un point de vue respectueux et non \u00e9dulcor\u00e9, \u00e0 rendre visible cette maladie cruelle et \u00e0 r\u00e9clamer plus d'argent pour la recherche.<\/p>\n\n\n\n<p>Nous vous recommandons de le regarder si vous le pouvez, car pour l'instant il n'est disponible sur aucune des plateformes num\u00e9riques que nous avons rep\u00e9r\u00e9es. Dommage, car il y a encore un mois, il \u00e9tait disponible sur FilmIn.<\/p>","protected":false},"excerpt":{"rendered":"Un voyage sportif et solidaire au bout du monde pour sensibiliser toutes les personnes touch\u00e9es par le syndrome de Rett.","protected":false},"author":1,"featured_media":28033,"comment_status":"closed","ping_status":"closed","sticky":false,"template":"","format":"standard","meta":{"_kad_blocks_custom_css":"","_kad_blocks_head_custom_js":"","_kad_blocks_body_custom_js":"","_kad_blocks_footer_custom_js":"","episode_type":"audio","audio_file":"","podmotor_file_id":"","podmotor_episode_id":"","cover_image":"","cover_image_id":"","duration":"","filesize":"","filesize_raw":"","date_recorded":"","explicit":"","block":"","_kad_post_transparent":"","_kad_post_title":"","_kad_post_layout":"","_kad_post_sidebar_id":"","_kad_post_content_style":"","_kad_post_vertical_padding":"","_kad_post_feature":"","_kad_post_feature_position":"","_kad_post_header":false,"_kad_post_footer":false,"_kad_post_classname":"","_jetpack_memberships_contains_paid_content":false,"footnotes":""},"categories":[18],"tags":[],"series":[],"class_list":["post-28032","post","type-post","status-publish","format-standard","has-post-thumbnail","hentry","category-destinos"],"episode_featured_image":"https:\/\/travesiapirenaica.com\/wp-content\/uploads\/2021\/06\/sindromeRett.jpg","episode_player_image":"https:\/\/travesiapirenaica.com\/wp-content\/uploads\/2017\/12\/Caratula-Podcast-Maldita-Montana_1500x1500_72pp-p_.jpg","download_link":"","player_link":"","audio_player":false,"episode_data":{"playerMode":"dark","subscribeUrls":[],"rssFeedUrl":"https:\/\/travesiapirenaica.com\/fr\/feed\/podcast\/maldita-montana","embedCode":"<blockquote class=\"wp-embedded-content\" data-secret=\"Q1kGPtWqXQ\"><a href=\"https:\/\/travesiapirenaica.com\/fr\/finisterett\/\">FinisteRett: un viaje al fin del mundo.<\/a><\/blockquote><iframe sandbox=\"allow-scripts\" security=\"restricted\" src=\"https:\/\/travesiapirenaica.com\/fr\/finisterett\/embed\/#?secret=Q1kGPtWqXQ\" width=\"500\" height=\"350\" title=\"\u00ab\u00a0FinisteRett: un viaje al fin del mundo.\u00a0\u00bb &#8212; Traves\u00eda.\" data-secret=\"Q1kGPtWqXQ\" frameborder=\"0\" marginwidth=\"0\" marginheight=\"0\" scrolling=\"no\" class=\"wp-embedded-content\"><\/iframe><script>\n\/*! This file is auto-generated *\/\n!function(d,l){\"use strict\";l.querySelector&&d.addEventListener&&\"undefined\"!=typeof URL&&(d.wp=d.wp||{},d.wp.receiveEmbedMessage||(d.wp.receiveEmbedMessage=function(e){var t=e.data;if((t||t.secret||t.message||t.value)&&!\/[^a-zA-Z0-9]\/.test(t.secret)){for(var s,r,n,a=l.querySelectorAll('iframe[data-secret=\"'+t.secret+'\"]'),o=l.querySelectorAll('blockquote[data-secret=\"'+t.secret+'\"]'),c=new RegExp(\"^https?:$\",\"i\"),i=0;i<o.length;i++)o[i].style.display=\"none\";for(i=0;i<a.length;i++)s=a[i],e.source===s.contentWindow&&(s.removeAttribute(\"style\"),\"height\"===t.message?(1e3<(r=parseInt(t.value,10))?r=1e3:~~r<200&&(r=200),s.height=r):\"link\"===t.message&&(r=new URL(s.getAttribute(\"src\")),n=new URL(t.value),c.test(n.protocol))&&n.host===r.host&&l.activeElement===s&&(d.top.location.href=t.value))}},d.addEventListener(\"message\",d.wp.receiveEmbedMessage,!1),l.addEventListener(\"DOMContentLoaded\",function(){for(var e,t,s=l.querySelectorAll(\"iframe.wp-embedded-content\"),r=0;r<s.length;r++)(t=(e=s[r]).getAttribute(\"data-secret\"))||(t=Math.random().toString(36).substring(2,12),e.src+=\"#?secret=\"+t,e.setAttribute(\"data-secret\",t)),e.contentWindow.postMessage({message:\"ready\",secret:t},\"*\")},!1)))}(window,document);\n\/\/# sourceURL=https:\/\/travesiapirenaica.com\/wp-includes\/js\/wp-embed.min.js\n<\/script>\n"},"taxonomy_info":{"category":[{"value":18,"label":"Destinos"}]},"featured_image_src_large":["https:\/\/travesiapirenaica.com\/wp-content\/uploads\/2021\/06\/sindromeRett.jpg",1024,769,false],"author_info":{"display_name":"Traves\u00eda Pirenaica","author_link":"https:\/\/travesiapirenaica.com\/fr\/author\/travesia-pirenaica\/"},"comment_info":0,"category_info":[{"term_id":18,"name":"Destinos","slug":"destinos","term_group":0,"term_taxonomy_id":18,"taxonomy":"category","description":"","parent":0,"count":122,"filter":"raw","cat_ID":18,"category_count":122,"category_description":"","cat_name":"Destinos","category_nicename":"destinos","category_parent":0}],"tag_info":false,"jetpack_featured_media_url":"https:\/\/travesiapirenaica.com\/wp-content\/uploads\/2021\/06\/sindromeRett.jpg","jetpack_sharing_enabled":true,"_links":{"self":[{"href":"https:\/\/travesiapirenaica.com\/fr\/wp-json\/wp\/v2\/posts\/28032","targetHints":{"allow":["GET"]}}],"collection":[{"href":"https:\/\/travesiapirenaica.com\/fr\/wp-json\/wp\/v2\/posts"}],"about":[{"href":"https:\/\/travesiapirenaica.com\/fr\/wp-json\/wp\/v2\/types\/post"}],"author":[{"embeddable":true,"href":"https:\/\/travesiapirenaica.com\/fr\/wp-json\/wp\/v2\/users\/1"}],"replies":[{"embeddable":true,"href":"https:\/\/travesiapirenaica.com\/fr\/wp-json\/wp\/v2\/comments?post=28032"}],"version-history":[{"count":0,"href":"https:\/\/travesiapirenaica.com\/fr\/wp-json\/wp\/v2\/posts\/28032\/revisions"}],"wp:featuredmedia":[{"embeddable":true,"href":"https:\/\/travesiapirenaica.com\/fr\/wp-json\/wp\/v2\/media\/28033"}],"wp:attachment":[{"href":"https:\/\/travesiapirenaica.com\/fr\/wp-json\/wp\/v2\/media?parent=28032"}],"wp:term":[{"taxonomy":"category","embeddable":true,"href":"https:\/\/travesiapirenaica.com\/fr\/wp-json\/wp\/v2\/categories?post=28032"},{"taxonomy":"post_tag","embeddable":true,"href":"https:\/\/travesiapirenaica.com\/fr\/wp-json\/wp\/v2\/tags?post=28032"},{"taxonomy":"series","embeddable":true,"href":"https:\/\/travesiapirenaica.com\/fr\/wp-json\/wp\/v2\/series?post=28032"}],"curies":[{"name":"wp","href":"https:\/\/api.w.org\/{rel}","templated":true}]}}