{"id":29298,"date":"2021-07-20T17:47:02","date_gmt":"2021-07-20T15:47:02","guid":{"rendered":"https:\/\/travesiapirenaica.com\/?p=29298"},"modified":"2024-03-06T12:09:59","modified_gmt":"2024-03-06T11:09:59","slug":"bozo-aisa-a-gorge-pleine","status":"publish","type":"post","link":"https:\/\/travesiapirenaica.com\/fr\/llena-garganta-bozo-aisa\/","title":{"rendered":"Llena de la Garganta (2 599) et Llena del Bozo (2 566 m) de la vall\u00e9e d'A\u00edsa."},"content":{"rendered":"<p>Entre Candanch\u00fa et la vall\u00e9e d'A\u00edsa, la Llena de la Garganta et la Llena del Bozo (\u00e9galement appel\u00e9es llanas), ainsi que l'Aspe (2 645 m), forment un trident de pics ac\u00e9r\u00e9s que l'on peut combiner dans la m\u00eame journ\u00e9e.<\/p>\n\n\n\n<p>Aspe est le plus connu et le plus gravi des trois, c'est pourquoi nous le laisserons de c\u00f4t\u00e9 cette fois-ci. Nous ne voulons pas r\u00e9p\u00e9ter l'ascension. Notre intention est de conna\u00eetre le sentier qui monte au col de Napazal, entre les \"llanas\", et la descente directe de la Llena del Bozo jusqu'au Cubilar d'o Cantal.<\/p>\n\n\n\n<p>Un itin\u00e9raire que nous vous avons propos\u00e9 il y a quelques temps pour d\u00e9couvrir ces grandes r\u00e9gions. <a href=\"https:\/\/travesiapirenaica.com\/fr\/pyrenees-pics-solitaires-vallees-occidentales\/\"><strong>pics solitaires<\/strong><\/a>souvent \u00e9clips\u00e9s par d'autres d'une altitude l\u00e9g\u00e8rement sup\u00e9rieure, comme c'est le cas ici.<\/p>\n\n\n\n<h3 class=\"wp-block-heading\">R\u00c9SUM\u00c9 DE L'ITIN\u00c9RAIRE :<\/h3>\n\n\n\n<p>Itin\u00e9raire circulaire qui monte \u00e0 la Llena de la Garganta et \u00e0 la Llena del Bozo depuis le parking de La Cleta, dans la vall\u00e9e d'A\u00edsa. Apr\u00e8s avoir atteint le col de Napazal, nous montons \u00e0 la Llena de la Garganta (aller simple) et ensuite \u00e0 la Llena del Bozo. Pour la descente, nous irons jusqu'\u00e0 Cubilar d'o Cantal o\u00f9 il rejoint le GR11, par lequel nous reviendrons en passant par le col de Bozo jusqu'\u00e0 la vall\u00e9e d'Ig\u00fcer et le d\u00e9but de l'itin\u00e9raire.<\/p>\n\n\n\n<h3 class=\"wp-block-heading\">MAP :<\/h3>\n\n\n\n<iframe loading=\"lazy\" src=\"https:\/\/travesiapirenaica.com\/rutas\/rutas.php?&amp;ruta=bozo-garganta\" allow=\"fullscreen\" width=\"100%\" height=\"400\"><\/iframe>\n\n\n\n<figure class=\"wp-block-image size-large\"><img loading=\"lazy\" decoding=\"async\" width=\"738\" height=\"544\" src=\"https:\/\/travesiapirenaica.com\/wp-content\/uploads\/2021\/07\/perfil-llenas.jpg\" alt=\"\" class=\"wp-image-29368\" srcset=\"https:\/\/travesiapirenaica.com\/wp-content\/uploads\/2021\/07\/perfil-llenas.jpg 738w, https:\/\/travesiapirenaica.com\/wp-content\/uploads\/2021\/07\/perfil-llenas-300x221.jpg 300w, https:\/\/travesiapirenaica.com\/wp-content\/uploads\/2021\/07\/perfil-llenas-150x111.jpg 150w, https:\/\/travesiapirenaica.com\/wp-content\/uploads\/2021\/07\/perfil-llenas-696x513.jpg 696w, https:\/\/travesiapirenaica.com\/wp-content\/uploads\/2021\/07\/perfil-llenas-570x420.jpg 570w, https:\/\/travesiapirenaica.com\/wp-content\/uploads\/2021\/07\/perfil-llenas-80x60.jpg 80w, https:\/\/travesiapirenaica.com\/wp-content\/uploads\/2021\/07\/perfil-llenas-600x442.jpg 600w\" sizes=\"auto, (max-width: 738px) 100vw, 738px\" \/><\/figure>\n\n\n\n<h3 class=\"wp-block-heading\">T\u00c9L\u00c9CHARGEABLE :<\/h3>\n\n\n\n<h4><a style=\"color:#c45c25\" download=\"Bozo-Garganta(travesiapirenaica).GPX\" href=\"https:\/\/travesiapirenaica.com\/rutas\/mapa\/gpx-geojson\/bozo-garganta.GPX\">&gt; T\u00e9l\u00e9charger la piste<\/a><\/h4>\n\n\n\n<h3 class=\"wp-block-heading\">COMMENT S'Y RENDRE :<\/h3>\n\n\n\n<p>Voir dans <a href=\"https:\/\/www.google.es\/maps\/dir\/\/La+Cleta,+Unnamed+Road,+22889+Aisa,+Huesca\/@42.7376804,-0.591541,17z\/data=!4m9!4m8!1m0!1m5!1m1!1s0xd579d71abd713c1:0x5300b57f1d3f6e94!2m2!1d-0.5893523!2d42.7376765!3e0?hl=es\" target=\"_blank\" rel=\"noopener\"><strong>Google Maps<\/strong><\/a>.<\/p>\n\n\n\n<p>Le d\u00e9part de cette excursion se fait au parking de Cleta, au bout de la petite route qui remonte la vall\u00e9e d'A\u00edsa (9 km ; 1 500 m). Le point de r\u00e9f\u00e9rence est le village d'A\u00edsa, auquel on acc\u00e8de par la A-2605 en venant de Jaca (32 km), ou par la A-176 et la A-2605 en venant de Puente la Reina de Jaca (38 km).<\/p>\n\n\n\n<div class=\"has-background\" style=\"background-color:#eeeeee\"><h3>Caract\u00e9ristiques techniques :<\/h3><p><strong><u>Distance :<\/u><\/strong> 13,6 km.<br><strong><u>Diff\u00e9rence d'altitude cumul\u00e9e :<\/u> <\/strong>1.400m.<br><strong><u>Calendrier :<\/u><\/strong> environ 6-7 heures. Temps de marche sans arr\u00eats : 5h25min.<br><strong><u>L'eau :<\/u><\/strong> Bien qu'en descendant nous trouvions quelques ruisseaux, nous devons faire attention au b\u00e9tail en libert\u00e9.<br><strong><u>Difficult\u00e9 :<\/u><\/strong> La mont\u00e9e \u00e0 la Llena de la Garganta comporte une chemin\u00e9e (F+) d'environ 20 ou 25 m\u00e8tres. Dans la mont\u00e9e \u00e0 la Llena del Bozo depuis le Paso Napazal, il y a une vira un peu expos\u00e9e au d\u00e9but (F) o\u00f9 il faut se servir de ses mains.<br><strong><u>Equipement recommand\u00e9 pour l'\u00e9t\u00e9 :<\/u><\/strong> des bottes plut\u00f4t que des baskets (longues portions de terrain rocailleux et instable), deux <a href=\"https:\/\/travesiapirenaica.com\/fr\/batons-de-trekking\/\">b\u00e2tons de marche<\/a>, <a href=\"https:\/\/travesiapirenaica.com\/fr\/garmin-gps-randonnee-randonnee\/\">GPS<\/a> (facultatif), <a href=\"https:\/\/travesiapirenaica.com\/fr\/bouteille-de-trekking\/\">cantine<\/a>.<br><strong><u>Suggestions :<\/u><\/strong> L'itin\u00e9raire d\u00e9crit monte d'abord \u00e0 la Llena de la Garganta, puis \u00e0 la Llana del Bozo, et descend ensuite au Cubilar d'o Cantal. Il est pr\u00e9f\u00e9rable de proc\u00e9der ainsi, car la mont\u00e9e \u00e0 la Llana del Bozo depuis le Cubilar se fait par une zone rocheuse difficile et instable, id\u00e9ale pour la descente. Si vous pr\u00e9f\u00e9rez toujours aller dans la direction oppos\u00e9e \u00e0 celle d\u00e9crite ci-dessus, il semble pr\u00e9f\u00e9rable de continuer jusqu'au col d'A\u00edsa et de monter \u00e0 partir de l\u00e0. Tr\u00e8s souvent, la Llana de la Garganta et la Llana del Bozo sont combin\u00e9es avec la mont\u00e9e \u00e0 Aspe, compl\u00e9tant ainsi le trident. Dans tous les cas, cette option exclut la mont\u00e9e au Paso de Napazal par la vall\u00e9e qui s\u00e9pare les deux Llenas, ainsi que la descente au Cubilar d'o Cantal.<\/p><\/div>\n\n\n\n<h3 class=\"wp-block-heading\">Itin\u00e9raire :<\/h3>\n\n\n\n<p><strong>(0h00min ; 0,0kms) Parking La Cleta (1.470m)<\/strong>. Au bout de la route, nous trouvons un panneau d'information sur le sentier local SL-HU 105 (Ruta del Puerto de A\u00edsa) et un portail m\u00e9tallique, o\u00f9 commence un chemin ferm\u00e9 \u00e0 la circulation en bon \u00e9tat. Nous le suivons jusqu'aux environs du...<\/p>\n\n\n\n<p><strong>(0h10min ; 0,7kms) Refuge de Saleras (1.564m)<\/strong>La route est en retrait de quelques m\u00e8tres de la piste sur la gauche.<\/p>\n\n\n\n<figure class=\"wp-block-image size-large\"><img loading=\"lazy\" decoding=\"async\" width=\"1024\" height=\"768\" src=\"https:\/\/travesiapirenaica.com\/wp-content\/uploads\/2021\/07\/01_llanas-aspe.jpg\" alt=\"\" class=\"wp-image-29299\" srcset=\"https:\/\/travesiapirenaica.com\/wp-content\/uploads\/2021\/07\/01_llanas-aspe.jpg 1024w, https:\/\/travesiapirenaica.com\/wp-content\/uploads\/2021\/07\/01_llanas-aspe-300x225.jpg 300w, https:\/\/travesiapirenaica.com\/wp-content\/uploads\/2021\/07\/01_llanas-aspe-768x576.jpg 768w, https:\/\/travesiapirenaica.com\/wp-content\/uploads\/2021\/07\/01_llanas-aspe-150x113.jpg 150w, https:\/\/travesiapirenaica.com\/wp-content\/uploads\/2021\/07\/01_llanas-aspe-696x522.jpg 696w, https:\/\/travesiapirenaica.com\/wp-content\/uploads\/2021\/07\/01_llanas-aspe-560x420.jpg 560w, https:\/\/travesiapirenaica.com\/wp-content\/uploads\/2021\/07\/01_llanas-aspe-80x60.jpg 80w, https:\/\/travesiapirenaica.com\/wp-content\/uploads\/2021\/07\/01_llanas-aspe-265x198.jpg 265w, https:\/\/travesiapirenaica.com\/wp-content\/uploads\/2021\/07\/01_llanas-aspe-853x640.jpg 853w, https:\/\/travesiapirenaica.com\/wp-content\/uploads\/2021\/07\/01_llanas-aspe-600x450.jpg 600w\" sizes=\"auto, (max-width: 1024px) 100vw, 1024px\" \/><figcaption>De gauche \u00e0 droite, Llena del Bozo, Llena de la Garganta et Aspe.<\/figcaption><\/figure>\n\n\n\n<p>\u00c0 cet endroit, le sentier local se divise. Tourner \u00e0 droite, en suivant un sentier (blanc et vert) qui traverse le ruisseau et monte au-dessus du foss\u00e9 qui s\u00e9pare les vall\u00e9es d'Ig\u00fcer et de Rig\u00fcelo.<\/p>\n\n\n\n<p><strong>(0h35min ; 1,7kms) GR11.1 (1.761m)<\/strong>. Le sentier traverse le <a href=\"https:\/\/travesiapirenaica.com\/gr11\/lizara-canfranc.php\" target=\"_blank\" rel=\"noreferrer noopener\"><strong>premi\u00e8re variante<\/strong><\/a> de la Senda Pirenaica en disant au revoir au sentier local (blanc et vert), qui tourne \u00e0 gauche.<\/p>\n\n\n\n<figure class=\"wp-block-image size-large\"><img loading=\"lazy\" decoding=\"async\" width=\"1024\" height=\"768\" src=\"https:\/\/travesiapirenaica.com\/wp-content\/uploads\/2021\/07\/02_GR11.jpg\" alt=\"\" class=\"wp-image-29300\" srcset=\"https:\/\/travesiapirenaica.com\/wp-content\/uploads\/2021\/07\/02_GR11.jpg 1024w, https:\/\/travesiapirenaica.com\/wp-content\/uploads\/2021\/07\/02_GR11-300x225.jpg 300w, https:\/\/travesiapirenaica.com\/wp-content\/uploads\/2021\/07\/02_GR11-768x576.jpg 768w, https:\/\/travesiapirenaica.com\/wp-content\/uploads\/2021\/07\/02_GR11-150x113.jpg 150w, https:\/\/travesiapirenaica.com\/wp-content\/uploads\/2021\/07\/02_GR11-696x522.jpg 696w, https:\/\/travesiapirenaica.com\/wp-content\/uploads\/2021\/07\/02_GR11-560x420.jpg 560w, https:\/\/travesiapirenaica.com\/wp-content\/uploads\/2021\/07\/02_GR11-80x60.jpg 80w, https:\/\/travesiapirenaica.com\/wp-content\/uploads\/2021\/07\/02_GR11-265x198.jpg 265w, https:\/\/travesiapirenaica.com\/wp-content\/uploads\/2021\/07\/02_GR11-853x640.jpg 853w, https:\/\/travesiapirenaica.com\/wp-content\/uploads\/2021\/07\/02_GR11-600x450.jpg 600w\" sizes=\"auto, (max-width: 1024px) 100vw, 1024px\" \/><figcaption>Au d\u00e9but de l'itin\u00e9raire, il y a plusieurs panneaux comme celui-ci.<\/figcaption><\/figure>\n\n\n\n<p>Nous continuons le long de la cr\u00eate en suivant les indications pour le Pico de Aspe, jusqu'\u00e0 ce que nous atteignions un point d'eau qui est sec en juillet.<\/p>\n\n\n\n<p><strong>(0h45min ; 2,2kms) Abrevadero (1.889m)<\/strong>. \u00c0 ce stade, apr\u00e8s \u00eatre pass\u00e9 \u00e0 c\u00f4t\u00e9 d'un gros rocher ou directement du pyl\u00f4ne, nous quittons la mont\u00e9e \u00e0 Aspe et prenons un sentier \u00e0 gauche qui est assez flou au d\u00e9part. Continuer en suivant les bornes autour de la base de Mallo Pe\u00f1arruaba.<\/p>\n\n\n\n<figure class=\"wp-block-image size-large\"><img loading=\"lazy\" decoding=\"async\" width=\"1024\" height=\"768\" src=\"https:\/\/travesiapirenaica.com\/wp-content\/uploads\/2021\/07\/04_penarruaba.jpg\" alt=\"\" class=\"wp-image-29304\" srcset=\"https:\/\/travesiapirenaica.com\/wp-content\/uploads\/2021\/07\/04_penarruaba.jpg 1024w, https:\/\/travesiapirenaica.com\/wp-content\/uploads\/2021\/07\/04_penarruaba-300x225.jpg 300w, https:\/\/travesiapirenaica.com\/wp-content\/uploads\/2021\/07\/04_penarruaba-768x576.jpg 768w, https:\/\/travesiapirenaica.com\/wp-content\/uploads\/2021\/07\/04_penarruaba-150x113.jpg 150w, https:\/\/travesiapirenaica.com\/wp-content\/uploads\/2021\/07\/04_penarruaba-696x522.jpg 696w, https:\/\/travesiapirenaica.com\/wp-content\/uploads\/2021\/07\/04_penarruaba-560x420.jpg 560w, https:\/\/travesiapirenaica.com\/wp-content\/uploads\/2021\/07\/04_penarruaba-80x60.jpg 80w, https:\/\/travesiapirenaica.com\/wp-content\/uploads\/2021\/07\/04_penarruaba-265x198.jpg 265w, https:\/\/travesiapirenaica.com\/wp-content\/uploads\/2021\/07\/04_penarruaba-853x640.jpg 853w, https:\/\/travesiapirenaica.com\/wp-content\/uploads\/2021\/07\/04_penarruaba-600x450.jpg 600w\" sizes=\"auto, (max-width: 1024px) 100vw, 1024px\" \/><figcaption>Le Mallo Pe\u00f1arruaba au premier plan et la Llana del Bozo \u00e0 gauche.<\/figcaption><\/figure>\n\n\n\n<p>L'herbe c\u00e8de la place aux rochers, pour aboutir \u00e0 une zone rocheuse qui d\u00e9bouche sur une sorte de fausse colline que l'on affronte \u00e0 gauche, sur la partie la plus stable.<\/p>\n\n\n\n<figure class=\"wp-block-image size-large\"><img loading=\"lazy\" decoding=\"async\" width=\"1024\" height=\"768\" src=\"https:\/\/travesiapirenaica.com\/wp-content\/uploads\/2021\/07\/05_napazal.jpg\" alt=\"\" class=\"wp-image-29306\" srcset=\"https:\/\/travesiapirenaica.com\/wp-content\/uploads\/2021\/07\/05_napazal.jpg 1024w, https:\/\/travesiapirenaica.com\/wp-content\/uploads\/2021\/07\/05_napazal-300x225.jpg 300w, https:\/\/travesiapirenaica.com\/wp-content\/uploads\/2021\/07\/05_napazal-768x576.jpg 768w, https:\/\/travesiapirenaica.com\/wp-content\/uploads\/2021\/07\/05_napazal-150x113.jpg 150w, https:\/\/travesiapirenaica.com\/wp-content\/uploads\/2021\/07\/05_napazal-696x522.jpg 696w, https:\/\/travesiapirenaica.com\/wp-content\/uploads\/2021\/07\/05_napazal-560x420.jpg 560w, https:\/\/travesiapirenaica.com\/wp-content\/uploads\/2021\/07\/05_napazal-80x60.jpg 80w, https:\/\/travesiapirenaica.com\/wp-content\/uploads\/2021\/07\/05_napazal-265x198.jpg 265w, https:\/\/travesiapirenaica.com\/wp-content\/uploads\/2021\/07\/05_napazal-853x640.jpg 853w, https:\/\/travesiapirenaica.com\/wp-content\/uploads\/2021\/07\/05_napazal-600x450.jpg 600w\" sizes=\"auto, (max-width: 1024px) 100vw, 1024px\" \/><figcaption>Col de Napazal.<\/figcaption><\/figure>\n\n\n\n<p><strong>(1h35min ; 3,8kms) D\u00e9tour par la Llena de la Garganta (2.298m)<\/strong>. Sans devoir atteindre le col de Napazal, bien qu'il soit pr\u00e9f\u00e9rable de s'y rendre, nous quittons le sentier et montons \u00e0 droite, face \u00e0 la pente, \u00e0 la recherche des pierres les plus grandes et les plus stables. Nous rejoindrons bient\u00f4t le sentier qui vient du col de Napazal et qui se dirige vers le sud en direction d'une petite br\u00e8che tr\u00e8s caract\u00e9ristique au pied de la paroi.<\/p>\n\n\n\n<figure class=\"wp-block-image size-large\"><img loading=\"lazy\" decoding=\"async\" width=\"1024\" height=\"768\" src=\"https:\/\/travesiapirenaica.com\/wp-content\/uploads\/2021\/07\/06_brechita.jpg\" alt=\"\" class=\"wp-image-29307\" srcset=\"https:\/\/travesiapirenaica.com\/wp-content\/uploads\/2021\/07\/06_brechita.jpg 1024w, https:\/\/travesiapirenaica.com\/wp-content\/uploads\/2021\/07\/06_brechita-300x225.jpg 300w, https:\/\/travesiapirenaica.com\/wp-content\/uploads\/2021\/07\/06_brechita-768x576.jpg 768w, https:\/\/travesiapirenaica.com\/wp-content\/uploads\/2021\/07\/06_brechita-150x113.jpg 150w, https:\/\/travesiapirenaica.com\/wp-content\/uploads\/2021\/07\/06_brechita-696x522.jpg 696w, https:\/\/travesiapirenaica.com\/wp-content\/uploads\/2021\/07\/06_brechita-560x420.jpg 560w, https:\/\/travesiapirenaica.com\/wp-content\/uploads\/2021\/07\/06_brechita-80x60.jpg 80w, https:\/\/travesiapirenaica.com\/wp-content\/uploads\/2021\/07\/06_brechita-265x198.jpg 265w, https:\/\/travesiapirenaica.com\/wp-content\/uploads\/2021\/07\/06_brechita-853x640.jpg 853w, https:\/\/travesiapirenaica.com\/wp-content\/uploads\/2021\/07\/06_brechita-600x450.jpg 600w\" sizes=\"auto, (max-width: 1024px) 100vw, 1024px\" \/><figcaption>Une br\u00e8che caract\u00e9ristique que nous prendrons comme r\u00e9f\u00e9rence pour trouver le col de mont\u00e9e.<\/figcaption><\/figure>\n\n\n\n<p>Peu avant la br\u00e8che o\u00f9 l'on peut continuer vers Aspe, on remarque une chemin\u00e9e d'environ 20m qui monte \u00e0 gauche. C'est le pas le plus \"compliqu\u00e9\" de l'ascension (II).<\/p>\n\n\n\n<figure class=\"wp-block-image size-large is-resized\"><img loading=\"lazy\" decoding=\"async\" src=\"https:\/\/travesiapirenaica.com\/wp-content\/uploads\/2021\/07\/07_chimenea.jpg\" alt=\"\" class=\"wp-image-29308\" width=\"696\" height=\"522\" srcset=\"https:\/\/travesiapirenaica.com\/wp-content\/uploads\/2021\/07\/07_chimenea.jpg 1024w, https:\/\/travesiapirenaica.com\/wp-content\/uploads\/2021\/07\/07_chimenea-300x225.jpg 300w, https:\/\/travesiapirenaica.com\/wp-content\/uploads\/2021\/07\/07_chimenea-768x576.jpg 768w, https:\/\/travesiapirenaica.com\/wp-content\/uploads\/2021\/07\/07_chimenea-150x113.jpg 150w, https:\/\/travesiapirenaica.com\/wp-content\/uploads\/2021\/07\/07_chimenea-696x522.jpg 696w, https:\/\/travesiapirenaica.com\/wp-content\/uploads\/2021\/07\/07_chimenea-560x420.jpg 560w, https:\/\/travesiapirenaica.com\/wp-content\/uploads\/2021\/07\/07_chimenea-80x60.jpg 80w, https:\/\/travesiapirenaica.com\/wp-content\/uploads\/2021\/07\/07_chimenea-265x198.jpg 265w, https:\/\/travesiapirenaica.com\/wp-content\/uploads\/2021\/07\/07_chimenea-853x640.jpg 853w, https:\/\/travesiapirenaica.com\/wp-content\/uploads\/2021\/07\/07_chimenea-600x450.jpg 600w\" sizes=\"auto, (max-width: 696px) 100vw, 696px\" \/><figcaption>La longueur cl\u00e9 pr\u00e9sente de tr\u00e8s bonnes prises pour les mains et les pieds sur un bon rocher.<\/figcaption><\/figure>\n\n\n\n<figure class=\"wp-block-image size-large\"><img loading=\"lazy\" decoding=\"async\" width=\"1024\" height=\"768\" src=\"https:\/\/travesiapirenaica.com\/wp-content\/uploads\/2021\/07\/08_chimenea.jpg\" alt=\"\" class=\"wp-image-29309\" srcset=\"https:\/\/travesiapirenaica.com\/wp-content\/uploads\/2021\/07\/08_chimenea.jpg 1024w, https:\/\/travesiapirenaica.com\/wp-content\/uploads\/2021\/07\/08_chimenea-300x225.jpg 300w, https:\/\/travesiapirenaica.com\/wp-content\/uploads\/2021\/07\/08_chimenea-768x576.jpg 768w, https:\/\/travesiapirenaica.com\/wp-content\/uploads\/2021\/07\/08_chimenea-150x113.jpg 150w, https:\/\/travesiapirenaica.com\/wp-content\/uploads\/2021\/07\/08_chimenea-696x522.jpg 696w, https:\/\/travesiapirenaica.com\/wp-content\/uploads\/2021\/07\/08_chimenea-560x420.jpg 560w, https:\/\/travesiapirenaica.com\/wp-content\/uploads\/2021\/07\/08_chimenea-80x60.jpg 80w, https:\/\/travesiapirenaica.com\/wp-content\/uploads\/2021\/07\/08_chimenea-265x198.jpg 265w, https:\/\/travesiapirenaica.com\/wp-content\/uploads\/2021\/07\/08_chimenea-853x640.jpg 853w, https:\/\/travesiapirenaica.com\/wp-content\/uploads\/2021\/07\/08_chimenea-600x450.jpg 600w\" sizes=\"auto, (max-width: 1024px) 100vw, 1024px\" \/><figcaption>Vue d'en haut.<\/figcaption><\/figure>\n\n\n\n<p>Apr\u00e8s l'avoir d\u00e9pass\u00e9, on le laisse sur la droite, sur un terrain herbeux qui servira de point de rep\u00e8re lors de la descente. Sans plus de complications, nous nous dirigeons vers le sommet, sans devoir pr\u00eater attention aux jalons.<\/p>\n\n\n\n<p><strong>(2h20min ; 4,5kms) Plein des Gorges (2.599m)<\/strong>. Les vues sont particuli\u00e8rement exceptionnelles \u00e0 l'est, o\u00f9 les Pyr\u00e9n\u00e9es prennent de l'ampleur.<\/p>\n\n\n\n<figure class=\"wp-block-image size-large\"><img loading=\"lazy\" decoding=\"async\" width=\"1024\" height=\"768\" src=\"https:\/\/travesiapirenaica.com\/wp-content\/uploads\/2021\/07\/09_cima_llana.jpg\" alt=\"\" class=\"wp-image-29310\" srcset=\"https:\/\/travesiapirenaica.com\/wp-content\/uploads\/2021\/07\/09_cima_llana.jpg 1024w, https:\/\/travesiapirenaica.com\/wp-content\/uploads\/2021\/07\/09_cima_llana-300x225.jpg 300w, https:\/\/travesiapirenaica.com\/wp-content\/uploads\/2021\/07\/09_cima_llana-768x576.jpg 768w, https:\/\/travesiapirenaica.com\/wp-content\/uploads\/2021\/07\/09_cima_llana-150x113.jpg 150w, https:\/\/travesiapirenaica.com\/wp-content\/uploads\/2021\/07\/09_cima_llana-696x522.jpg 696w, https:\/\/travesiapirenaica.com\/wp-content\/uploads\/2021\/07\/09_cima_llana-560x420.jpg 560w, https:\/\/travesiapirenaica.com\/wp-content\/uploads\/2021\/07\/09_cima_llana-80x60.jpg 80w, https:\/\/travesiapirenaica.com\/wp-content\/uploads\/2021\/07\/09_cima_llana-265x198.jpg 265w, https:\/\/travesiapirenaica.com\/wp-content\/uploads\/2021\/07\/09_cima_llana-853x640.jpg 853w, https:\/\/travesiapirenaica.com\/wp-content\/uploads\/2021\/07\/09_cima_llana-600x450.jpg 600w\" sizes=\"auto, (max-width: 1024px) 100vw, 1024px\" \/><figcaption>Au premier plan, l'Aspe. \u00c0 gauche, le Midi d'Ossau et, \u00e0 l'arri\u00e8re-plan, les montagnes des r\u00e9gions de Balait\u00fas et de Panticosa.<\/figcaption><\/figure>\n\n\n\n<p>Nous revenons par le m\u00eame chemin jusqu'au...<\/p>\n\n\n\n<p><strong>(2h40min ; 5,3kms) Col Napazal (2.356m).<\/strong> Une ligne de cairns monte pr\u00e8s du bord de la cr\u00eate, vers la base des rochers, sans que l'on puisse voir le point faible de l'escalade.<\/p>\n\n\n\n<figure class=\"wp-block-image size-large\"><img loading=\"lazy\" decoding=\"async\" width=\"1024\" height=\"768\" src=\"https:\/\/travesiapirenaica.com\/wp-content\/uploads\/2021\/07\/10_llana_bozo.jpg\" alt=\"\" class=\"wp-image-29311\" srcset=\"https:\/\/travesiapirenaica.com\/wp-content\/uploads\/2021\/07\/10_llana_bozo.jpg 1024w, https:\/\/travesiapirenaica.com\/wp-content\/uploads\/2021\/07\/10_llana_bozo-300x225.jpg 300w, https:\/\/travesiapirenaica.com\/wp-content\/uploads\/2021\/07\/10_llana_bozo-768x576.jpg 768w, https:\/\/travesiapirenaica.com\/wp-content\/uploads\/2021\/07\/10_llana_bozo-150x113.jpg 150w, https:\/\/travesiapirenaica.com\/wp-content\/uploads\/2021\/07\/10_llana_bozo-696x522.jpg 696w, https:\/\/travesiapirenaica.com\/wp-content\/uploads\/2021\/07\/10_llana_bozo-560x420.jpg 560w, https:\/\/travesiapirenaica.com\/wp-content\/uploads\/2021\/07\/10_llana_bozo-80x60.jpg 80w, https:\/\/travesiapirenaica.com\/wp-content\/uploads\/2021\/07\/10_llana_bozo-265x198.jpg 265w, https:\/\/travesiapirenaica.com\/wp-content\/uploads\/2021\/07\/10_llana_bozo-853x640.jpg 853w, https:\/\/travesiapirenaica.com\/wp-content\/uploads\/2021\/07\/10_llana_bozo-600x450.jpg 600w\" sizes=\"auto, (max-width: 1024px) 100vw, 1024px\" \/><figcaption>Llena del Bozo descendant de la Llena de la Garganta.<\/figcaption><\/figure>\n\n\n\n<p>Une \u00e9troite viravia de 50 cm de large et de 50 m de long longe la base du mur nord et, bien qu'elle ne soit pas techniquement difficile, elle peut \u00eatre impressionnante (F).<\/p>\n\n\n\n<figure class=\"wp-block-image size-large\"><img loading=\"lazy\" decoding=\"async\" width=\"1024\" height=\"768\" src=\"https:\/\/travesiapirenaica.com\/wp-content\/uploads\/2021\/07\/12_vira-1024x768.jpg\" alt=\"\" class=\"wp-image-29312\" srcset=\"https:\/\/travesiapirenaica.com\/wp-content\/uploads\/2021\/07\/12_vira-1024x768.jpg 1024w, https:\/\/travesiapirenaica.com\/wp-content\/uploads\/2021\/07\/12_vira-300x225.jpg 300w, https:\/\/travesiapirenaica.com\/wp-content\/uploads\/2021\/07\/12_vira-768x576.jpg 768w, https:\/\/travesiapirenaica.com\/wp-content\/uploads\/2021\/07\/12_vira-1536x1152.jpg 1536w, https:\/\/travesiapirenaica.com\/wp-content\/uploads\/2021\/07\/12_vira-2048x1536.jpg 2048w, https:\/\/travesiapirenaica.com\/wp-content\/uploads\/2021\/07\/12_vira-150x113.jpg 150w, https:\/\/travesiapirenaica.com\/wp-content\/uploads\/2021\/07\/12_vira-696x522.jpg 696w, https:\/\/travesiapirenaica.com\/wp-content\/uploads\/2021\/07\/12_vira-1068x801.jpg 1068w, https:\/\/travesiapirenaica.com\/wp-content\/uploads\/2021\/07\/12_vira-1920x1440.jpg 1920w, https:\/\/travesiapirenaica.com\/wp-content\/uploads\/2021\/07\/12_vira-560x420.jpg 560w, https:\/\/travesiapirenaica.com\/wp-content\/uploads\/2021\/07\/12_vira-80x60.jpg 80w, https:\/\/travesiapirenaica.com\/wp-content\/uploads\/2021\/07\/12_vira-265x198.jpg 265w, https:\/\/travesiapirenaica.com\/wp-content\/uploads\/2021\/07\/12_vira-853x640.jpg 853w, https:\/\/travesiapirenaica.com\/wp-content\/uploads\/2021\/07\/12_vira-600x450.jpg 600w\" sizes=\"auto, (max-width: 1024px) 100vw, 1024px\" \/><figcaption>Vira quelque chose d'a\u00e9rien dans la Llena del Bozo.<\/figcaption><\/figure>\n\n\n\n<figure class=\"wp-block-image size-large\"><img loading=\"lazy\" decoding=\"async\" width=\"1024\" height=\"768\" src=\"https:\/\/travesiapirenaica.com\/wp-content\/uploads\/2021\/07\/11_llana_garganta.jpg\" alt=\"\" class=\"wp-image-29313\" srcset=\"https:\/\/travesiapirenaica.com\/wp-content\/uploads\/2021\/07\/11_llana_garganta.jpg 1024w, https:\/\/travesiapirenaica.com\/wp-content\/uploads\/2021\/07\/11_llana_garganta-300x225.jpg 300w, https:\/\/travesiapirenaica.com\/wp-content\/uploads\/2021\/07\/11_llana_garganta-768x576.jpg 768w, https:\/\/travesiapirenaica.com\/wp-content\/uploads\/2021\/07\/11_llana_garganta-150x113.jpg 150w, https:\/\/travesiapirenaica.com\/wp-content\/uploads\/2021\/07\/11_llana_garganta-696x522.jpg 696w, https:\/\/travesiapirenaica.com\/wp-content\/uploads\/2021\/07\/11_llana_garganta-560x420.jpg 560w, https:\/\/travesiapirenaica.com\/wp-content\/uploads\/2021\/07\/11_llana_garganta-80x60.jpg 80w, https:\/\/travesiapirenaica.com\/wp-content\/uploads\/2021\/07\/11_llana_garganta-265x198.jpg 265w, https:\/\/travesiapirenaica.com\/wp-content\/uploads\/2021\/07\/11_llana_garganta-853x640.jpg 853w, https:\/\/travesiapirenaica.com\/wp-content\/uploads\/2021\/07\/11_llana_garganta-600x450.jpg 600w\" sizes=\"auto, (max-width: 1024px) 100vw, 1024px\" \/><figcaption>Llena de la Garganta vue depuis la mont\u00e9e \u00e0 la Llena del Bozo.<\/figcaption><\/figure>\n\n\n\n<p><strong>(3h10min ; 5,8kms) Llena del Bozo (2.566m).<\/strong> Des vues magnifiques, ainsi que la Llena de la Garganta.<\/p>\n\n\n\n<figure class=\"wp-block-image size-large\"><img loading=\"lazy\" decoding=\"async\" width=\"1024\" height=\"768\" src=\"https:\/\/travesiapirenaica.com\/wp-content\/uploads\/2021\/07\/13_cima.jpg\" alt=\"\" class=\"wp-image-29314\" srcset=\"https:\/\/travesiapirenaica.com\/wp-content\/uploads\/2021\/07\/13_cima.jpg 1024w, https:\/\/travesiapirenaica.com\/wp-content\/uploads\/2021\/07\/13_cima-300x225.jpg 300w, https:\/\/travesiapirenaica.com\/wp-content\/uploads\/2021\/07\/13_cima-768x576.jpg 768w, https:\/\/travesiapirenaica.com\/wp-content\/uploads\/2021\/07\/13_cima-150x113.jpg 150w, https:\/\/travesiapirenaica.com\/wp-content\/uploads\/2021\/07\/13_cima-696x522.jpg 696w, https:\/\/travesiapirenaica.com\/wp-content\/uploads\/2021\/07\/13_cima-560x420.jpg 560w, https:\/\/travesiapirenaica.com\/wp-content\/uploads\/2021\/07\/13_cima-80x60.jpg 80w, https:\/\/travesiapirenaica.com\/wp-content\/uploads\/2021\/07\/13_cima-265x198.jpg 265w, https:\/\/travesiapirenaica.com\/wp-content\/uploads\/2021\/07\/13_cima-853x640.jpg 853w, https:\/\/travesiapirenaica.com\/wp-content\/uploads\/2021\/07\/13_cima-600x450.jpg 600w\" sizes=\"auto, (max-width: 1024px) 100vw, 1024px\" \/><figcaption>Aspe et Llena de la Garganta depuis le sommet de la Llena del Bozo.<\/figcaption><\/figure>\n\n\n\n<p>Nous descendons \u00e0 gauche de l'ar\u00eate nord-nord-ouest par un faible sentier que l'on peut suivre vers le col d'A\u00edsa, mais que nous abandonnons (8 minutes) pour nous laisser tomber dans une interminable zone rocheuse o\u00f9 l'on devine les traces d'un sentier. En un instant, nous sommes au fond.<\/p>\n\n\n\n<figure class=\"wp-block-image size-large\"><img loading=\"lazy\" decoding=\"async\" width=\"1024\" height=\"768\" src=\"https:\/\/travesiapirenaica.com\/wp-content\/uploads\/2021\/07\/14_bajada.jpg\" alt=\"\" class=\"wp-image-29315\" srcset=\"https:\/\/travesiapirenaica.com\/wp-content\/uploads\/2021\/07\/14_bajada.jpg 1024w, https:\/\/travesiapirenaica.com\/wp-content\/uploads\/2021\/07\/14_bajada-300x225.jpg 300w, https:\/\/travesiapirenaica.com\/wp-content\/uploads\/2021\/07\/14_bajada-768x576.jpg 768w, https:\/\/travesiapirenaica.com\/wp-content\/uploads\/2021\/07\/14_bajada-150x113.jpg 150w, https:\/\/travesiapirenaica.com\/wp-content\/uploads\/2021\/07\/14_bajada-696x522.jpg 696w, https:\/\/travesiapirenaica.com\/wp-content\/uploads\/2021\/07\/14_bajada-560x420.jpg 560w, https:\/\/travesiapirenaica.com\/wp-content\/uploads\/2021\/07\/14_bajada-80x60.jpg 80w, https:\/\/travesiapirenaica.com\/wp-content\/uploads\/2021\/07\/14_bajada-265x198.jpg 265w, https:\/\/travesiapirenaica.com\/wp-content\/uploads\/2021\/07\/14_bajada-853x640.jpg 853w, https:\/\/travesiapirenaica.com\/wp-content\/uploads\/2021\/07\/14_bajada-600x450.jpg 600w\" sizes=\"auto, (max-width: 1024px) 100vw, 1024px\" \/><figcaption>Pedrera par laquelle nous descendrons sans complications.<\/figcaption><\/figure>\n\n\n\n<figure class=\"wp-block-image size-large\"><img loading=\"lazy\" decoding=\"async\" width=\"1024\" height=\"768\" src=\"https:\/\/travesiapirenaica.com\/wp-content\/uploads\/2021\/07\/15_cubilar.jpg\" alt=\"\" class=\"wp-image-29316\" srcset=\"https:\/\/travesiapirenaica.com\/wp-content\/uploads\/2021\/07\/15_cubilar.jpg 1024w, https:\/\/travesiapirenaica.com\/wp-content\/uploads\/2021\/07\/15_cubilar-300x225.jpg 300w, https:\/\/travesiapirenaica.com\/wp-content\/uploads\/2021\/07\/15_cubilar-768x576.jpg 768w, https:\/\/travesiapirenaica.com\/wp-content\/uploads\/2021\/07\/15_cubilar-150x113.jpg 150w, https:\/\/travesiapirenaica.com\/wp-content\/uploads\/2021\/07\/15_cubilar-696x522.jpg 696w, https:\/\/travesiapirenaica.com\/wp-content\/uploads\/2021\/07\/15_cubilar-560x420.jpg 560w, https:\/\/travesiapirenaica.com\/wp-content\/uploads\/2021\/07\/15_cubilar-80x60.jpg 80w, https:\/\/travesiapirenaica.com\/wp-content\/uploads\/2021\/07\/15_cubilar-265x198.jpg 265w, https:\/\/travesiapirenaica.com\/wp-content\/uploads\/2021\/07\/15_cubilar-853x640.jpg 853w, https:\/\/travesiapirenaica.com\/wp-content\/uploads\/2021\/07\/15_cubilar-600x450.jpg 600w\" sizes=\"auto, (max-width: 1024px) 100vw, 1024px\" \/><figcaption>Fin de la carri\u00e8re de pierre \u00e0 Cubilar d'o Cantal.<\/figcaption><\/figure>\n\n\n\n<figure class=\"wp-block-image size-large\"><img loading=\"lazy\" decoding=\"async\" width=\"1024\" height=\"768\" src=\"https:\/\/travesiapirenaica.com\/wp-content\/uploads\/2021\/07\/16_llena_bozo.jpg\" alt=\"\" class=\"wp-image-29317\" srcset=\"https:\/\/travesiapirenaica.com\/wp-content\/uploads\/2021\/07\/16_llena_bozo.jpg 1024w, https:\/\/travesiapirenaica.com\/wp-content\/uploads\/2021\/07\/16_llena_bozo-300x225.jpg 300w, https:\/\/travesiapirenaica.com\/wp-content\/uploads\/2021\/07\/16_llena_bozo-768x576.jpg 768w, https:\/\/travesiapirenaica.com\/wp-content\/uploads\/2021\/07\/16_llena_bozo-150x113.jpg 150w, https:\/\/travesiapirenaica.com\/wp-content\/uploads\/2021\/07\/16_llena_bozo-696x522.jpg 696w, https:\/\/travesiapirenaica.com\/wp-content\/uploads\/2021\/07\/16_llena_bozo-560x420.jpg 560w, https:\/\/travesiapirenaica.com\/wp-content\/uploads\/2021\/07\/16_llena_bozo-80x60.jpg 80w, https:\/\/travesiapirenaica.com\/wp-content\/uploads\/2021\/07\/16_llena_bozo-265x198.jpg 265w, https:\/\/travesiapirenaica.com\/wp-content\/uploads\/2021\/07\/16_llena_bozo-853x640.jpg 853w, https:\/\/travesiapirenaica.com\/wp-content\/uploads\/2021\/07\/16_llena_bozo-600x450.jpg 600w\" sizes=\"auto, (max-width: 1024px) 100vw, 1024px\" \/><figcaption>Vue en arri\u00e8re, vers la Llena del Bozo et la zone rocheuse par laquelle nous sommes descendus, \u00e0 gauche.<\/figcaption><\/figure>\n\n\n\n<p>(<strong>3h45min ; 6,9kms) Cubilar d'o Cantal - sentier GR11 (2.140m). <\/strong>Nous traversons un ruisseau qui, bien que transportant de l'eau, n'est peut-\u00eatre pas tr\u00e8s fiable en raison du b\u00e9tail errant. Nous avan\u00e7ons rapidement sur le GR11 (rouge et blanc) en direction du sud-ouest, vers...<\/p>\n\n\n\n<p><strong>(4h05min ; 8,3kms) Collado del Bozo (2.018)<\/strong>. Croisement de chemins. A droite, nous descendons vers Lizara, \u00e0 gauche, nous longeons le <a href=\"https:\/\/travesiapirenaica.com\/gr11\/lizara-canfranc.php\">GR11.1<\/a>vers la vall\u00e9e d'A\u00edsa.<\/p>\n\n\n\n<figure class=\"wp-block-image size-large\"><img loading=\"lazy\" decoding=\"async\" width=\"1024\" height=\"768\" src=\"https:\/\/travesiapirenaica.com\/wp-content\/uploads\/2021\/07\/17_descenso.jpg\" alt=\"\" class=\"wp-image-29318\" srcset=\"https:\/\/travesiapirenaica.com\/wp-content\/uploads\/2021\/07\/17_descenso.jpg 1024w, https:\/\/travesiapirenaica.com\/wp-content\/uploads\/2021\/07\/17_descenso-300x225.jpg 300w, https:\/\/travesiapirenaica.com\/wp-content\/uploads\/2021\/07\/17_descenso-768x576.jpg 768w, https:\/\/travesiapirenaica.com\/wp-content\/uploads\/2021\/07\/17_descenso-150x113.jpg 150w, https:\/\/travesiapirenaica.com\/wp-content\/uploads\/2021\/07\/17_descenso-696x522.jpg 696w, https:\/\/travesiapirenaica.com\/wp-content\/uploads\/2021\/07\/17_descenso-560x420.jpg 560w, https:\/\/travesiapirenaica.com\/wp-content\/uploads\/2021\/07\/17_descenso-80x60.jpg 80w, https:\/\/travesiapirenaica.com\/wp-content\/uploads\/2021\/07\/17_descenso-265x198.jpg 265w, https:\/\/travesiapirenaica.com\/wp-content\/uploads\/2021\/07\/17_descenso-853x640.jpg 853w, https:\/\/travesiapirenaica.com\/wp-content\/uploads\/2021\/07\/17_descenso-600x450.jpg 600w\" sizes=\"auto, (max-width: 1024px) 100vw, 1024px\" \/><figcaption>Descente par le GR11.1 avec vue sur la Llena del Bozo et la Llena de la Garganta.<\/figcaption><\/figure>\n\n\n\n<p>Le chemin descend vers une esplanade travers\u00e9e par le ravin d'Ig\u00fcer et se poursuit sur une sorte de balcon jusqu'\u00e0 un second ravin connu sous le nom de El Cubilar, o\u00f9 il rejoint peu apr\u00e8s le...<\/p>\n\n\n\n<p><strong>(4h40min ; 10,5kms) trail SL-HU 105 (1.750m)<\/strong> que nous suivons au d\u00e9but de l'itin\u00e9raire (vert-blanc). Nous quittons le GR11.1 et suivons ce petit sentier pour rendre l'itin\u00e9raire plus circulaire. Le sentier descend vers le cirque d'Ig\u00fcer o\u00f9 il rejoint un large chemin (pistes de voitures) qui longe le fond du ravin.<\/p>\n\n\n\n<figure class=\"wp-block-image size-large\"><img loading=\"lazy\" decoding=\"async\" width=\"1024\" height=\"768\" src=\"https:\/\/travesiapirenaica.com\/wp-content\/uploads\/2021\/07\/18_llenas-1024x768.jpg\" alt=\"\" class=\"wp-image-29319\" srcset=\"https:\/\/travesiapirenaica.com\/wp-content\/uploads\/2021\/07\/18_llenas-1024x768.jpg 1024w, https:\/\/travesiapirenaica.com\/wp-content\/uploads\/2021\/07\/18_llenas-300x225.jpg 300w, https:\/\/travesiapirenaica.com\/wp-content\/uploads\/2021\/07\/18_llenas-768x576.jpg 768w, https:\/\/travesiapirenaica.com\/wp-content\/uploads\/2021\/07\/18_llenas-1536x1152.jpg 1536w, https:\/\/travesiapirenaica.com\/wp-content\/uploads\/2021\/07\/18_llenas-2048x1536.jpg 2048w, https:\/\/travesiapirenaica.com\/wp-content\/uploads\/2021\/07\/18_llenas-150x113.jpg 150w, https:\/\/travesiapirenaica.com\/wp-content\/uploads\/2021\/07\/18_llenas-696x522.jpg 696w, https:\/\/travesiapirenaica.com\/wp-content\/uploads\/2021\/07\/18_llenas-1068x801.jpg 1068w, https:\/\/travesiapirenaica.com\/wp-content\/uploads\/2021\/07\/18_llenas-1920x1440.jpg 1920w, https:\/\/travesiapirenaica.com\/wp-content\/uploads\/2021\/07\/18_llenas-560x420.jpg 560w, https:\/\/travesiapirenaica.com\/wp-content\/uploads\/2021\/07\/18_llenas-80x60.jpg 80w, https:\/\/travesiapirenaica.com\/wp-content\/uploads\/2021\/07\/18_llenas-265x198.jpg 265w, https:\/\/travesiapirenaica.com\/wp-content\/uploads\/2021\/07\/18_llenas-853x640.jpg 853w, https:\/\/travesiapirenaica.com\/wp-content\/uploads\/2021\/07\/18_llenas-600x450.jpg 600w\" sizes=\"auto, (max-width: 1024px) 100vw, 1024px\" \/><figcaption>Vue en arri\u00e8re vers le massif de Bernera et la Llena del Bozo.<\/figcaption><\/figure>\n\n\n\n<p>Plus loin, nous passons le...<\/p>\n\n\n\n<p><strong>(5h15min ; 13,1kms) Refuge de Saleras (1.560m),<\/strong> o\u00f9 il rejoint le sentier de mont\u00e9e par lequel nous avons commenc\u00e9 cette excursion.<\/p>\n\n\n\n<p><strong>(5h25min ; 13,8kms) Parking La Cleta (1.470m).<\/strong><\/p>\n\n\n\n<hr class=\"wp-block-separator\"\/>\n\n\n\n<h3 class=\"wp-block-heading\">Livres recommand\u00e9s :<\/h3>\n\n\n\n<div class=\"wp-block-media-text alignwide is-stacked-on-mobile\"><figure class=\"wp-block-media-text__media\"><a href=\"https:\/\/amzn.to\/36wIIna\" target=\"_blank\" rel=\"nofollow noopener\"><img loading=\"lazy\" decoding=\"async\" width=\"768\" height=\"768\" src=\"https:\/\/travesiapirenaica.com\/wp-content\/uploads\/2021\/05\/anso-hecho_el_senderista.jpg\" alt=\"\" class=\"wp-image-27878 size-full\" srcset=\"https:\/\/travesiapirenaica.com\/wp-content\/uploads\/2021\/05\/anso-hecho_el_senderista.jpg 768w, https:\/\/travesiapirenaica.com\/wp-content\/uploads\/2021\/05\/anso-hecho_el_senderista-300x300.jpg 300w, https:\/\/travesiapirenaica.com\/wp-content\/uploads\/2021\/05\/anso-hecho_el_senderista-150x150.jpg 150w, https:\/\/travesiapirenaica.com\/wp-content\/uploads\/2021\/05\/anso-hecho_el_senderista-696x696.jpg 696w, https:\/\/travesiapirenaica.com\/wp-content\/uploads\/2021\/05\/anso-hecho_el_senderista-420x420.jpg 420w, https:\/\/travesiapirenaica.com\/wp-content\/uploads\/2021\/05\/anso-hecho_el_senderista-640x640.jpg 640w, https:\/\/travesiapirenaica.com\/wp-content\/uploads\/2021\/05\/anso-hecho_el_senderista-96x96.jpg 96w, https:\/\/travesiapirenaica.com\/wp-content\/uploads\/2021\/05\/anso-hecho_el_senderista-600x600.jpg 600w, https:\/\/travesiapirenaica.com\/wp-content\/uploads\/2021\/05\/anso-hecho_el_senderista-100x100.jpg 100w\" sizes=\"auto, (max-width: 768px) 100vw, 768px\" \/><\/a><\/figure><div class=\"wp-block-media-text__content\">\n<p><strong><a href=\"https:\/\/tidd.ly\/3hvzZIl\" target=\"_blank\" rel=\"noreferrer noopener nofollow\">Les vall\u00e9es d'Ans\u00f3, Hecho, Arag\u00fc\u00e9s et A\u00edsa.<\/a><\/strong><\/p>\n\n\n\n<ul class=\"wp-block-list\"><li><strong>\u00c9ditorial :<\/strong> Le randonneur<\/li><li><strong>Langue :<\/strong> Espagnol<\/li><li><strong>Nombre de pages :<\/strong> 192<\/li><li><strong>ISBN-10 :<\/strong> 8495368498<\/li><li><strong>ISBN-13 :<\/strong> 978-8495368492<\/li><li><strong>Publication :<\/strong> 2009<\/li><\/ul>\n\n\n\n<p><\/p>\n<\/div><\/div>\n\n\n\n<hr class=\"wp-block-separator\"\/>\n\n\n\n<h3 class=\"wp-block-heading\"><strong>\u00c0 PROXIMIT\u00c9, VOUS POUVEZ \u00caTRE INT\u00c9RESS\u00c9 PAR<\/strong><\/h3>\n\n\n\n<div class=\"wp-block-media-text alignwide is-stacked-on-mobile\" style=\"grid-template-columns:29% auto\"><figure class=\"wp-block-media-text__media\"><img loading=\"lazy\" decoding=\"async\" width=\"960\" height=\"640\" src=\"https:\/\/travesiapirenaica.com\/wp-content\/uploads\/2020\/08\/secus.jpg\" alt=\"Itin\u00e9raire circulaire pour l&#039;ascension de la Llena de la Garganta et de la Llena del Bozo. Mont\u00e9e par le col de Napazal et descente au Cubilar d&#039;o Cantal \/\/ 13,6kms \/\/ +1.400m \/\/ 6-7 hours \/\/ F+ climbing\" class=\"wp-image-22836 size-full\" srcset=\"https:\/\/travesiapirenaica.com\/wp-content\/uploads\/2020\/08\/secus.jpg 960w, https:\/\/travesiapirenaica.com\/wp-content\/uploads\/2020\/08\/secus-300x200.jpg 300w, https:\/\/travesiapirenaica.com\/wp-content\/uploads\/2020\/08\/secus-768x512.jpg 768w, https:\/\/travesiapirenaica.com\/wp-content\/uploads\/2020\/08\/secus-450x300.jpg 450w, https:\/\/travesiapirenaica.com\/wp-content\/uploads\/2020\/08\/secus-225x150.jpg 225w, https:\/\/travesiapirenaica.com\/wp-content\/uploads\/2020\/08\/secus-900x600.jpg 900w, https:\/\/travesiapirenaica.com\/wp-content\/uploads\/2020\/08\/secus-20x13.jpg 20w, https:\/\/travesiapirenaica.com\/wp-content\/uploads\/2020\/08\/secus-144x96.jpg 144w, https:\/\/travesiapirenaica.com\/wp-content\/uploads\/2020\/08\/secus-600x400.jpg 600w\" sizes=\"auto, (max-width: 960px) 100vw, 960px\" \/><\/figure><div class=\"wp-block-media-text__content\">\n<a href=\"https:\/\/travesiapirenaica.com\/fr\/secus-de-gabardito\/\"><strong>Sec\u00fas (2.353m) de Gabardito<\/strong><\/a><p>Le Pico de Sec\u00fas est l'un de ces sommets pour ceux qui recherchent la solitude. Son sommet est isol\u00e9, diff\u00e9renci\u00e9 du reste de la...<\/p>\n\n\n\n<p><\/p>\n<\/div><\/div>\n\n\n\n<hr class=\"wp-block-separator\"\/>\n\n\n\n<div class=\"wp-block-media-text alignwide is-stacked-on-mobile\" style=\"grid-template-columns:29% auto\"><figure class=\"wp-block-media-text__media\"><img loading=\"lazy\" decoding=\"async\" width=\"1024\" height=\"768\" src=\"https:\/\/travesiapirenaica.com\/wp-content\/uploads\/2021\/07\/10_pala_ip.jpg\" alt=\"\" class=\"wp-image-29391 size-full\" srcset=\"https:\/\/travesiapirenaica.com\/wp-content\/uploads\/2021\/07\/10_pala_ip.jpg 1024w, https:\/\/travesiapirenaica.com\/wp-content\/uploads\/2021\/07\/10_pala_ip-300x225.jpg 300w, https:\/\/travesiapirenaica.com\/wp-content\/uploads\/2021\/07\/10_pala_ip-768x576.jpg 768w, https:\/\/travesiapirenaica.com\/wp-content\/uploads\/2021\/07\/10_pala_ip-150x113.jpg 150w, https:\/\/travesiapirenaica.com\/wp-content\/uploads\/2021\/07\/10_pala_ip-696x522.jpg 696w, https:\/\/travesiapirenaica.com\/wp-content\/uploads\/2021\/07\/10_pala_ip-560x420.jpg 560w, https:\/\/travesiapirenaica.com\/wp-content\/uploads\/2021\/07\/10_pala_ip-80x60.jpg 80w, https:\/\/travesiapirenaica.com\/wp-content\/uploads\/2021\/07\/10_pala_ip-265x198.jpg 265w, https:\/\/travesiapirenaica.com\/wp-content\/uploads\/2021\/07\/10_pala_ip-600x450.jpg 600w\" sizes=\"auto, (max-width: 1024px) 100vw, 1024px\" \/><\/figure><div class=\"wp-block-media-text__content\">\n<a href=\"https:\/\/travesiapirenaica.com\/fr\/ip-pelle-moletee\/\"><strong>Pala de Ip (2.783m) et La Moleta (2.570m) depuis le col de Ladrones<\/strong><\/a><p>Ascension circulaire de la Pala de Ip et de la Moleta par l'ar\u00eate de la Tronquera depuis le Coll de Ladrones (20,3 km ; 1 840 m ; 9-10 heures).<\/p>\n\n\n\n<p><\/p>\n<\/div><\/div>","protected":false},"excerpt":{"rendered":"Entre Candanch\u00fa et la vall\u00e9e d'A\u00edsa, la Llena de la Garganta et la Llena del...","protected":false},"author":3,"featured_media":29330,"comment_status":"closed","ping_status":"closed","sticky":false,"template":"","format":"standard","meta":{"_kad_blocks_custom_css":"","_kad_blocks_head_custom_js":"","_kad_blocks_body_custom_js":"","_kad_blocks_footer_custom_js":"","episode_type":"audio","audio_file":"","podmotor_file_id":"","podmotor_episode_id":"","cover_image":"","cover_image_id":"","duration":"","filesize":"","filesize_raw":"","date_recorded":"","explicit":"","block":"","_kad_post_transparent":"","_kad_post_title":"","_kad_post_layout":"","_kad_post_sidebar_id":"","_kad_post_content_style":"","_kad_post_vertical_padding":"","_kad_post_feature":"","_kad_post_feature_position":"","_kad_post_header":false,"_kad_post_footer":false,"_kad_post_classname":"","_jetpack_memberships_contains_paid_content":false,"footnotes":""},"categories":[5],"tags":[],"series":[],"class_list":["post-29298","post","type-post","status-publish","format-standard","has-post-thumbnail","hentry","category-pirineos"],"episode_featured_image":"https:\/\/travesiapirenaica.com\/wp-content\/uploads\/2019\/07\/bozo-garganta.jpg","episode_player_image":"https:\/\/travesiapirenaica.com\/wp-content\/uploads\/2017\/12\/Caratula-Podcast-Maldita-Montana_1500x1500_72pp-p_.jpg","download_link":"","player_link":"","audio_player":false,"episode_data":{"playerMode":"dark","subscribeUrls":[],"rssFeedUrl":"https:\/\/travesiapirenaica.com\/fr\/feed\/podcast\/maldita-montana","embedCode":"<blockquote class=\"wp-embedded-content\" data-secret=\"W1uxWaD7H4\"><a href=\"https:\/\/travesiapirenaica.com\/fr\/llena-garganta-bozo-aisa\/\">Llena de la Garganta (2.599) y Llena del Bozo (2.566m) desde el valle de A\u00edsa.<\/a><\/blockquote><iframe sandbox=\"allow-scripts\" security=\"restricted\" src=\"https:\/\/travesiapirenaica.com\/fr\/llena-garganta-bozo-aisa\/embed\/#?secret=W1uxWaD7H4\" width=\"500\" height=\"350\" title=\"\u00ab\u00a0Llena de la Garganta (2.599) y Llena del Bozo (2.566m) desde el valle de A\u00edsa.\u00a0\u00bb &#8212; Traves\u00eda.\" data-secret=\"W1uxWaD7H4\" frameborder=\"0\" marginwidth=\"0\" marginheight=\"0\" scrolling=\"no\" class=\"wp-embedded-content\"><\/iframe><script>\n\/*! This file is auto-generated *\/\n!function(d,l){\"use strict\";l.querySelector&&d.addEventListener&&\"undefined\"!=typeof URL&&(d.wp=d.wp||{},d.wp.receiveEmbedMessage||(d.wp.receiveEmbedMessage=function(e){var t=e.data;if((t||t.secret||t.message||t.value)&&!\/[^a-zA-Z0-9]\/.test(t.secret)){for(var s,r,n,a=l.querySelectorAll('iframe[data-secret=\"'+t.secret+'\"]'),o=l.querySelectorAll('blockquote[data-secret=\"'+t.secret+'\"]'),c=new RegExp(\"^https?:$\",\"i\"),i=0;i<o.length;i++)o[i].style.display=\"none\";for(i=0;i<a.length;i++)s=a[i],e.source===s.contentWindow&&(s.removeAttribute(\"style\"),\"height\"===t.message?(1e3<(r=parseInt(t.value,10))?r=1e3:~~r<200&&(r=200),s.height=r):\"link\"===t.message&&(r=new URL(s.getAttribute(\"src\")),n=new URL(t.value),c.test(n.protocol))&&n.host===r.host&&l.activeElement===s&&(d.top.location.href=t.value))}},d.addEventListener(\"message\",d.wp.receiveEmbedMessage,!1),l.addEventListener(\"DOMContentLoaded\",function(){for(var e,t,s=l.querySelectorAll(\"iframe.wp-embedded-content\"),r=0;r<s.length;r++)(t=(e=s[r]).getAttribute(\"data-secret\"))||(t=Math.random().toString(36).substring(2,12),e.src+=\"#?secret=\"+t,e.setAttribute(\"data-secret\",t)),e.contentWindow.postMessage({message:\"ready\",secret:t},\"*\")},!1)))}(window,document);\n\/\/# sourceURL=https:\/\/travesiapirenaica.com\/wp-includes\/js\/wp-embed.min.js\n<\/script>\n"},"taxonomy_info":{"category":[{"value":5,"label":"Pirineos"}]},"featured_image_src_large":["https:\/\/travesiapirenaica.com\/wp-content\/uploads\/2019\/07\/bozo-garganta.jpg",1024,768,false],"author_info":{"display_name":"Enrique L\u00f3pez Mondrag\u00f3n","author_link":"https:\/\/travesiapirenaica.com\/fr\/author\/kike8611\/"},"comment_info":0,"category_info":[{"term_id":5,"name":"Pirineos","slug":"pirineos","term_group":0,"term_taxonomy_id":5,"taxonomy":"category","description":"","parent":0,"count":241,"filter":"raw","cat_ID":5,"category_count":241,"category_description":"","cat_name":"Pirineos","category_nicename":"pirineos","category_parent":0}],"tag_info":false,"jetpack_featured_media_url":"https:\/\/travesiapirenaica.com\/wp-content\/uploads\/2019\/07\/bozo-garganta.jpg","jetpack_sharing_enabled":true,"_links":{"self":[{"href":"https:\/\/travesiapirenaica.com\/fr\/wp-json\/wp\/v2\/posts\/29298","targetHints":{"allow":["GET"]}}],"collection":[{"href":"https:\/\/travesiapirenaica.com\/fr\/wp-json\/wp\/v2\/posts"}],"about":[{"href":"https:\/\/travesiapirenaica.com\/fr\/wp-json\/wp\/v2\/types\/post"}],"author":[{"embeddable":true,"href":"https:\/\/travesiapirenaica.com\/fr\/wp-json\/wp\/v2\/users\/3"}],"replies":[{"embeddable":true,"href":"https:\/\/travesiapirenaica.com\/fr\/wp-json\/wp\/v2\/comments?post=29298"}],"version-history":[{"count":0,"href":"https:\/\/travesiapirenaica.com\/fr\/wp-json\/wp\/v2\/posts\/29298\/revisions"}],"wp:featuredmedia":[{"embeddable":true,"href":"https:\/\/travesiapirenaica.com\/fr\/wp-json\/wp\/v2\/media\/29330"}],"wp:attachment":[{"href":"https:\/\/travesiapirenaica.com\/fr\/wp-json\/wp\/v2\/media?parent=29298"}],"wp:term":[{"taxonomy":"category","embeddable":true,"href":"https:\/\/travesiapirenaica.com\/fr\/wp-json\/wp\/v2\/categories?post=29298"},{"taxonomy":"post_tag","embeddable":true,"href":"https:\/\/travesiapirenaica.com\/fr\/wp-json\/wp\/v2\/tags?post=29298"},{"taxonomy":"series","embeddable":true,"href":"https:\/\/travesiapirenaica.com\/fr\/wp-json\/wp\/v2\/series?post=29298"}],"curies":[{"name":"wp","href":"https:\/\/api.w.org\/{rel}","templated":true}]}}