{"id":31736,"date":"2025-10-22T12:29:46","date_gmt":"2025-10-22T10:29:46","guid":{"rendered":"https:\/\/travesiapirenaica.com\/?p=31736"},"modified":"2025-10-22T12:29:49","modified_gmt":"2025-10-22T10:29:49","slug":"saioa-lantz","status":"publish","type":"post","link":"https:\/\/travesiapirenaica.com\/fr\/saioa-lantz\/","title":{"rendered":"Saioa (1 418 m) depuis Lantz via Loiketa (1 138 m), Algorrieta (1 160 m), Okolin (1 360 m), Zuriain (1 411 m) et Iturrondo (1 340 m)."},"content":{"rendered":"<style>.wp-block-kadence-advancedbtn.kb-btns31736_b90516-7a{gap:var(--global-kb-gap-xs, 0.5rem );justify-content:center;align-items:center;}.kt-btns31736_b90516-7a .kt-button{font-weight:normal;font-style:normal;}.kt-btns31736_b90516-7a .kt-btn-wrap-0{margin-right:5px;}.wp-block-kadence-advancedbtn.kt-btns31736_b90516-7a .kt-btn-wrap-0 .kt-button{color:#555555;border-color:#555555;}.wp-block-kadence-advancedbtn.kt-btns31736_b90516-7a .kt-btn-wrap-0 .kt-button:hover, .wp-block-kadence-advancedbtn.kt-btns31736_b90516-7a .kt-btn-wrap-0 .kt-button:focus{color:#ffffff;border-color:#444444;}.wp-block-kadence-advancedbtn.kt-btns31736_b90516-7a .kt-btn-wrap-0 .kt-button::before{display:none;}.wp-block-kadence-advancedbtn.kt-btns31736_b90516-7a .kt-btn-wrap-0 .kt-button:hover, .wp-block-kadence-advancedbtn.kt-btns31736_b90516-7a .kt-btn-wrap-0 .kt-button:focus{background:#444444;}<\/style>\n<div class=\"wp-block-kadence-advancedbtn kb-buttons-wrap kb-btns31736_b90516-7a\"><style>ul.menu .wp-block-kadence-advancedbtn .kb-btn31736_d7cfa5-80.kb-button{width:initial;}<\/style><span class=\"kb-button kt-button button kb-btn31736_d7cfa5-80 kt-btn-size-standard kt-btn-width-type-auto kb-btn-global-fill  kt-btn-has-text-true kt-btn-has-svg-false  wp-block-kadence-singlebtn\"><span class=\"kt-btn-inner-text\">5h45min<\/span><\/span>\n\n<style>ul.menu .wp-block-kadence-advancedbtn .kb-btn31736_88f59f-c2.kb-button{width:initial;}<\/style><span class=\"kb-button kt-button button kb-btn31736_88f59f-c2 kt-btn-size-standard kt-btn-width-type-auto kb-btn-global-fill  kt-btn-has-text-true kt-btn-has-svg-false  wp-block-kadence-singlebtn\"><span class=\"kt-btn-inner-text\">20,4km<\/span><\/span>\n\n<style>ul.menu .wp-block-kadence-advancedbtn .kb-btn31736_d504c9-48.kb-button{width:initial;}<\/style><span class=\"kb-button kt-button button kb-btn31736_d504c9-48 kt-btn-size-standard kt-btn-width-type-auto kb-btn-global-fill  kt-btn-has-text-true kt-btn-has-svg-false  wp-block-kadence-singlebtn\"><span class=\"kt-btn-inner-text\">+\/-1.200m<\/span><\/span><\/div>\n\n\n\n<p>Itin\u00e9raire circulaire partant de Lantz pour faire l'ascension du Saioa, principal sommet du groupe de montagnes situ\u00e9 entre les cols de Velate et d'Artesiaga. L'itin\u00e9raire monte jusqu'\u00e0 Loiketa (1 138 m) en suivant en grande partie le chemin de Saint-Jacques-de-Compostelle du Baztan. \u00c0 partir de l\u00e0, les sommets arrondis qui composent la cha\u00eene sommitale s'encha\u00eenent dans l'ordre suivant : Algorrieta (1 160 m), Okolin (1 360 m), Saioa (1 418 m), Zuriain (1 411 m) et Iturrondo (1 340 m). La descente vers Lantz se fait par le ravin de Txorrostarri, un lieu magique habit\u00e9 par les Basajaun.<\/p>\n\n\n<style>.kadence-column31736_08de74-63 > .kt-inside-inner-col,.kadence-column31736_08de74-63 > .kt-inside-inner-col:before{border-top-left-radius:0px;border-top-right-radius:0px;border-bottom-right-radius:0px;border-bottom-left-radius:0px;}.kadence-column31736_08de74-63 > .kt-inside-inner-col{column-gap:var(--global-kb-gap-sm, 1rem);}.kadence-column31736_08de74-63 > .kt-inside-inner-col{flex-direction:column;}.kadence-column31736_08de74-63 > .kt-inside-inner-col > .aligncenter{width:100%;}.kadence-column31736_08de74-63 > .kt-inside-inner-col{background-color:#f0f0f0;}.kadence-column31736_08de74-63 > .kt-inside-inner-col:before{opacity:0.3;}.kadence-column31736_08de74-63{position:relative;}@media all and (max-width: 1024px){.kadence-column31736_08de74-63 > .kt-inside-inner-col{flex-direction:column;justify-content:center;}}@media all and (max-width: 767px){.kadence-column31736_08de74-63 > .kt-inside-inner-col{flex-direction:column;justify-content:center;}}<\/style>\n<div class=\"wp-block-kadence-column kadence-column31736_08de74-63\"><div class=\"kt-inside-inner-col\"><style>.kb-table-of-content-nav.kb-table-of-content-id31736_b1ab9a-c9 .kb-table-of-content-wrap{padding-top:var(--global-kb-spacing-sm, 1.5rem);padding-right:var(--global-kb-spacing-sm, 1.5rem);padding-bottom:var(--global-kb-spacing-sm, 1.5rem);padding-left:var(--global-kb-spacing-sm, 1.5rem);}.kb-table-of-content-nav.kb-table-of-content-id31736_b1ab9a-c9 .kb-table-of-contents-title-wrap{padding-top:0px;padding-right:0px;padding-bottom:0px;padding-left:0px;}.kb-table-of-content-nav.kb-table-of-content-id31736_b1ab9a-c9 .kb-table-of-contents-title{font-weight:regular;font-style:normal;}.kb-table-of-content-nav.kb-table-of-content-id31736_b1ab9a-c9 .kb-table-of-content-wrap .kb-table-of-content-list{font-weight:regular;font-style:normal;margin-top:var(--global-kb-spacing-sm, 1.5rem);margin-right:0px;margin-bottom:0px;margin-left:0px;}<\/style><\/div><\/div>\n\n\n\n<h2 class=\"wp-block-heading\">Le Saioa<\/h2>\n\n\n\n<p>Le Saioa est l'un des principaux sommets des montagnes navarraises. C'est le plus haut de la vall\u00e9e du Baztan et le plus haut du groupe de montagnes situ\u00e9 entre les cols de Velate et d'Artesiaga. Sa position dominante sur la ligne de partage des eaux et sa proximit\u00e9 avec Pampelune en font un sommet tr\u00e8s appr\u00e9ci\u00e9 et tr\u00e8s visit\u00e9.<\/p>\n\n\n\n<p>Les points de d\u00e9part les plus courants sont au nombre de deux : le col de Velate et le col d'Artesiaga, ce dernier \u00e9tant peut-\u00eatre trop proche pour ceux qui aiment mettre un pied devant puis l'autre. Moins fr\u00e9quent\u00e9es, les ascensions depuis le Baztan, d'une grande ampleur en raison des 1 200 m de d\u00e9nivel\u00e9 de ce c\u00f4t\u00e9, et depuis le Lantz, d'o\u00f9 nous vous proposons de faire cette excursion qui relie plusieurs des sommets les plus repr\u00e9sentatifs de la r\u00e9gion, en parcourant de belles cr\u00eates verdoyantes.<\/p>\n\n\n\n<p>Outre le Saioa, il y a plusieurs sommets importants dans cette r\u00e9gion que vous pouvez ajouter \u00e0 la f\u00eate \u00e0 partir de n'importe quel itin\u00e9raire habituel. Les plus int\u00e9ressants sont : Gartzaga (1 291 m), Okolin (1 360 m), Zuriain (1 411 m) et Erregerena (1 239 m).<\/p>\n\n\n\n<h2 class=\"wp-block-heading\">Carte :<\/h2>\n\n\n\n<iframe loading=\"lazy\" src=\"https:\/\/travesiapirenaica.com\/rutas\/rutas.php?&amp;ruta=saioa-lantz\" allow=\"fullscreen\" width=\"100%\" height=\"400\"><\/iframe>\n\n\n\n<figure class=\"wp-block-image size-full\"><img loading=\"lazy\" decoding=\"async\" width=\"738\" height=\"484\" src=\"https:\/\/travesiapirenaica.com\/wp-content\/uploads\/2021\/12\/perfil-saioa.jpg\" alt=\"\" class=\"wp-image-31752\" srcset=\"https:\/\/travesiapirenaica.com\/wp-content\/uploads\/2021\/12\/perfil-saioa.jpg 738w, https:\/\/travesiapirenaica.com\/wp-content\/uploads\/2021\/12\/perfil-saioa-300x197.jpg 300w, https:\/\/travesiapirenaica.com\/wp-content\/uploads\/2021\/12\/perfil-saioa-150x98.jpg 150w, https:\/\/travesiapirenaica.com\/wp-content\/uploads\/2021\/12\/perfil-saioa-696x456.jpg 696w, https:\/\/travesiapirenaica.com\/wp-content\/uploads\/2021\/12\/perfil-saioa-640x420.jpg 640w, https:\/\/travesiapirenaica.com\/wp-content\/uploads\/2021\/12\/perfil-saioa-600x393.jpg 600w\" sizes=\"auto, (max-width: 738px) 100vw, 738px\" \/><\/figure>\n\n\n\n<h2 class=\"wp-block-heading\">T\u00e9l\u00e9chargeable :<\/h2>\n\n\n\n<h4><a style=\"color:#c45c25\" download=\"Saioa-Lantz(travesiapirenaica).GPX\" href=\"https:\/\/travesiapirenaica.com\/rutas\/mapa\/gpx-geojson\/saioa-lantz.gpx\">&gt; T\u00e9l\u00e9charger la piste<\/a><\/h4>\n\n\n\n<div class=\"has-background\" style=\"background-color:#eeeeee\"><h3>Caract\u00e9ristiques techniques :<\/h3><p><strong><u>Distance :<\/u> <\/strong>20,4 km.<br><strong><u>Diff\u00e9rence d'altitude cumul\u00e9e :<\/u> <\/strong>+\/- 1.200m.<br><strong><u>Calendrier :<\/u><\/strong> environ 7 heures. Temps de marche <strong>sans arr\u00eat<\/strong>5h45min.<br><strong><u>L'eau :<\/u><\/strong> Il y a une fontaine sur la place. Sur le chemin qui monte \u00e0 Okolin, il y a une source. En descendant, nous traversons plusieurs ruisseaux.<br><strong>Difficult\u00e9 :<\/strong> longue route \u00e0 laquelle s'ajoute le d\u00e9nivel\u00e9 cumul\u00e9 d'un sommet \u00e0 l'autre.<br><strong><u>Equipement recommand\u00e9 :<\/u><\/strong> bottes ou pantoufles, deux <a href=\"https:\/\/travesiapirenaica.com\/fr\/batons-de-trekking\/\"><strong>b\u00e2tons de marche<\/strong><\/a>, <a href=\"https:\/\/travesiapirenaica.com\/fr\/meilleur-gps-montana\/\"><strong>GPS<\/strong><\/a> recommand\u00e9 pour se d\u00e9placer dans le labyrinthe des sentiers de la for\u00eat, <a href=\"https:\/\/travesiapirenaica.com\/fr\/bouteille-de-trekking\/\"><strong>cantine<\/strong><\/a>.<\/p><\/div>\n\n\n\n<h3 class=\"wp-block-heading\"><strong>Comment s'y rendre :<\/strong><\/h3>\n\n\n\n<p>Voir dans <strong><a href=\"https:\/\/www.google.es\/maps\/place\/31798+Lanz,+Navarra\/@42.9984501,-1.6226185,17z\/data=!3m1!4b1!4m5!3m4!1s0xd50ef662a45b365:0x59fc02277b263d3a!8m2!3d42.9980448!4d-1.6199241?hl=es\" target=\"_blank\" rel=\"noreferrer noopener nofollow\">Google maps<\/a><\/strong>.<\/p>\n\n\n\n<p>Pour se rendre \u00e0 Lantz depuis Pampelune, il faut suivre la N-121-A jusqu'au kilom\u00e8tre 23, o\u00f9 se trouve une bifurcation sur la droite indiquant Lantz.<\/p>\n\n\n\n<h2 class=\"wp-block-heading\"><strong>Itin\u00e9raire :<\/strong><\/h2>\n\n\n\n<p><strong>(0h00min ; 0,0kms) Lantz - Plaza (629m).<\/strong> L'itin\u00e9raire commence par l'\u00e9glise de Santa Cruz, o\u00f9 vous trouverez un parking pour votre voiture. Vous commencez par suivre la rue principale (de Santa Cruz) jusqu'\u00e0 la fin du village (0h03min).<\/p>\n\n\n\n<figure class=\"wp-block-image size-full\"><img loading=\"lazy\" decoding=\"async\" width=\"1024\" height=\"768\" src=\"https:\/\/travesiapirenaica.com\/wp-content\/uploads\/2021\/12\/01_lantz.jpg\" alt=\"\" class=\"wp-image-31739\" srcset=\"https:\/\/travesiapirenaica.com\/wp-content\/uploads\/2021\/12\/01_lantz.jpg 1024w, https:\/\/travesiapirenaica.com\/wp-content\/uploads\/2021\/12\/01_lantz-300x225.jpg 300w, https:\/\/travesiapirenaica.com\/wp-content\/uploads\/2021\/12\/01_lantz-768x576.jpg 768w, https:\/\/travesiapirenaica.com\/wp-content\/uploads\/2021\/12\/01_lantz-150x113.jpg 150w, https:\/\/travesiapirenaica.com\/wp-content\/uploads\/2021\/12\/01_lantz-696x522.jpg 696w, https:\/\/travesiapirenaica.com\/wp-content\/uploads\/2021\/12\/01_lantz-560x420.jpg 560w, https:\/\/travesiapirenaica.com\/wp-content\/uploads\/2021\/12\/01_lantz-80x60.jpg 80w, https:\/\/travesiapirenaica.com\/wp-content\/uploads\/2021\/12\/01_lantz-265x198.jpg 265w, https:\/\/travesiapirenaica.com\/wp-content\/uploads\/2021\/12\/01_lantz-600x450.jpg 600w\" sizes=\"auto, (max-width: 1024px) 100vw, 1024px\" \/><figcaption class=\"wp-element-caption\">Rue Santa Cruz.<\/figcaption><\/figure>\n\n\n\n<p>Tout droit, le chemin de retour vers Lantz, et \u00e0 gauche, celui que nous avons choisi pour l'ascension. Le chemin est balis\u00e9 de fl\u00e8ches jaunes dans le sens inverse de la marche, puisqu'il s'agit du Camino de Santiago de Bazt\u00e1n. Ils nous accompagneront pendant la premi\u00e8re heure du parcours. Peu apr\u00e8s avoir quitt\u00e9 Lantz, on prend un embranchement \u00e0 droite (0h07min) et un autre juste apr\u00e8s (0h08min). Le sentier quitte bient\u00f4t les prairies pour entrer dans une vaste for\u00eat de h\u00eatres. \u00c0 un carrefour (3,1 km ; 0h46min), vous prenez le sentier de droite, marqu\u00e9 en jaune. Ce chemin est suivi d'une mont\u00e9e avant d'atteindre le carrefour o\u00f9 l'on quitte d\u00e9finitivement le Camino de Santiago et o\u00f9 l'on monte vers Loiketa.<\/p>\n\n\n\n<p><strong>(1h00min ; 3,8kms) Traverser \u00e0 droite. Quitter le Camino de Santiago (914m).<\/strong> Prendre un autre embranchement \u00e0 droite (1h02min), qui monte un sentier raide qui devient encore plus raide \u00e0 la fin. Entre-temps, vous ignorez un sentier \u00e0 gauche. Presque au sommet, le sentier s'estompe, mais ce n'est pas grave, nous sommes d\u00e9j\u00e0 sur la cr\u00eate, pr\u00e8s de notre premier sommet de la journ\u00e9e.<\/p>\n\n\n\n<p><strong>(1h15min ; 4,8kms) Loiketa (1.138m).<\/strong><\/p>\n\n\n\n<figure class=\"wp-block-image size-full\"><img loading=\"lazy\" decoding=\"async\" width=\"1024\" height=\"768\" src=\"https:\/\/travesiapirenaica.com\/wp-content\/uploads\/2021\/12\/02_loiketa.jpg\" alt=\"\" class=\"wp-image-31740\" srcset=\"https:\/\/travesiapirenaica.com\/wp-content\/uploads\/2021\/12\/02_loiketa.jpg 1024w, https:\/\/travesiapirenaica.com\/wp-content\/uploads\/2021\/12\/02_loiketa-300x225.jpg 300w, https:\/\/travesiapirenaica.com\/wp-content\/uploads\/2021\/12\/02_loiketa-768x576.jpg 768w, https:\/\/travesiapirenaica.com\/wp-content\/uploads\/2021\/12\/02_loiketa-150x113.jpg 150w, https:\/\/travesiapirenaica.com\/wp-content\/uploads\/2021\/12\/02_loiketa-696x522.jpg 696w, https:\/\/travesiapirenaica.com\/wp-content\/uploads\/2021\/12\/02_loiketa-560x420.jpg 560w, https:\/\/travesiapirenaica.com\/wp-content\/uploads\/2021\/12\/02_loiketa-80x60.jpg 80w, https:\/\/travesiapirenaica.com\/wp-content\/uploads\/2021\/12\/02_loiketa-265x198.jpg 265w, https:\/\/travesiapirenaica.com\/wp-content\/uploads\/2021\/12\/02_loiketa-600x450.jpg 600w\" sizes=\"auto, (max-width: 1024px) 100vw, 1024px\" \/><figcaption class=\"wp-element-caption\">Le sommet de Loiketa est pr\u00e9sid\u00e9 par un mugarri.<\/figcaption><\/figure>\n\n\n\n<p>De l\u00e0, le prochain sommet est tout proche. L'itin\u00e9raire se poursuit de mani\u00e8re \u00e9vidente en passant par le col de Loiketatako Lepoa, puis par des sentiers de...<\/p>\n\n\n\n<p><strong>(1h40min ; 5,9kms) Algorrieta \/ Oiana (1.160m).<\/strong><\/p>\n\n\n\n<figure class=\"wp-block-image size-full\"><img loading=\"lazy\" decoding=\"async\" width=\"1024\" height=\"768\" src=\"https:\/\/travesiapirenaica.com\/wp-content\/uploads\/2021\/12\/03_okolin.jpg\" alt=\"\" class=\"wp-image-31741\" srcset=\"https:\/\/travesiapirenaica.com\/wp-content\/uploads\/2021\/12\/03_okolin.jpg 1024w, https:\/\/travesiapirenaica.com\/wp-content\/uploads\/2021\/12\/03_okolin-300x225.jpg 300w, https:\/\/travesiapirenaica.com\/wp-content\/uploads\/2021\/12\/03_okolin-768x576.jpg 768w, https:\/\/travesiapirenaica.com\/wp-content\/uploads\/2021\/12\/03_okolin-150x113.jpg 150w, https:\/\/travesiapirenaica.com\/wp-content\/uploads\/2021\/12\/03_okolin-696x522.jpg 696w, https:\/\/travesiapirenaica.com\/wp-content\/uploads\/2021\/12\/03_okolin-560x420.jpg 560w, https:\/\/travesiapirenaica.com\/wp-content\/uploads\/2021\/12\/03_okolin-80x60.jpg 80w, https:\/\/travesiapirenaica.com\/wp-content\/uploads\/2021\/12\/03_okolin-265x198.jpg 265w, https:\/\/travesiapirenaica.com\/wp-content\/uploads\/2021\/12\/03_okolin-600x450.jpg 600w\" sizes=\"auto, (max-width: 1024px) 100vw, 1024px\" \/><figcaption class=\"wp-element-caption\">Okolin appara\u00eet d'ici comme une grande colline herbeuse.<\/figcaption><\/figure>\n\n\n\n<p>La mont\u00e9e \u00e0 Okolin sera un peu plus difficile. D'ici, cela ressemble \u00e0 une colline l\u00e9g\u00e8rement ondul\u00e9e o\u00f9 le b\u00e9tail pa\u00eet librement. Une courte descente vers le col suivant nous am\u00e8ne \u00e0 la base d'Okolin, o\u00f9 nous commen\u00e7ons l'ascension. Dans une zone o\u00f9 la pente devient plus douce se trouve le Cromlech de Saioa-Loiketa (6,8 km ; 1h56min). Le sentier, peu marqu\u00e9, monte en suivant les cairns qui s\u00e9parent les communes de Valle de Anue et de Bertizarana. \u00c0 gauche de l'un de ces cairns (7,3 km ; 2 h 06 min), on trouve une source dont on ne peut \u00eatre s\u00fbr qu'elle soit potable. Peu avant le sommet, nous rencontrons le sentier GR12 (Ruta de Euskal Herria), qui suit en fait notre itin\u00e9raire jusqu'au col de Sagardegui, mais en \u00e9vitant la mont\u00e9e \u00e0 Saioa.<\/p>\n\n\n\n<p><strong>(2h25min ; 8,2kms) Okolin (1.360m).<\/strong><\/p>\n\n\n\n<figure class=\"wp-block-image size-full\"><img loading=\"lazy\" decoding=\"async\" width=\"1024\" height=\"768\" src=\"https:\/\/travesiapirenaica.com\/wp-content\/uploads\/2021\/12\/04_okolin.jpg\" alt=\"\" class=\"wp-image-31742\" srcset=\"https:\/\/travesiapirenaica.com\/wp-content\/uploads\/2021\/12\/04_okolin.jpg 1024w, https:\/\/travesiapirenaica.com\/wp-content\/uploads\/2021\/12\/04_okolin-300x225.jpg 300w, https:\/\/travesiapirenaica.com\/wp-content\/uploads\/2021\/12\/04_okolin-768x576.jpg 768w, https:\/\/travesiapirenaica.com\/wp-content\/uploads\/2021\/12\/04_okolin-150x113.jpg 150w, https:\/\/travesiapirenaica.com\/wp-content\/uploads\/2021\/12\/04_okolin-696x522.jpg 696w, https:\/\/travesiapirenaica.com\/wp-content\/uploads\/2021\/12\/04_okolin-560x420.jpg 560w, https:\/\/travesiapirenaica.com\/wp-content\/uploads\/2021\/12\/04_okolin-80x60.jpg 80w, https:\/\/travesiapirenaica.com\/wp-content\/uploads\/2021\/12\/04_okolin-265x198.jpg 265w, https:\/\/travesiapirenaica.com\/wp-content\/uploads\/2021\/12\/04_okolin-600x450.jpg 600w\" sizes=\"auto, (max-width: 1024px) 100vw, 1024px\" \/><figcaption class=\"wp-element-caption\">Atteindre la bo\u00eete aux lettres sup\u00e9rieure d'Okolin.<\/figcaption><\/figure>\n\n\n\n<p>Nous sommes sur l'axe principal des Pyr\u00e9n\u00e9es, sur la ligne de partage Cantabrique-M\u00e9diterran\u00e9e. Notre objectif principal est proche, bien qu'il faille encore descendre jusqu'au col d'Okolin (1 238 m).<\/p>\n\n\n\n<figure class=\"wp-block-image size-full\"><img loading=\"lazy\" decoding=\"async\" width=\"1024\" height=\"768\" src=\"https:\/\/travesiapirenaica.com\/wp-content\/uploads\/2021\/12\/05_saioa-1.jpg\" alt=\"\" class=\"wp-image-31749\" srcset=\"https:\/\/travesiapirenaica.com\/wp-content\/uploads\/2021\/12\/05_saioa-1.jpg 1024w, https:\/\/travesiapirenaica.com\/wp-content\/uploads\/2021\/12\/05_saioa-1-300x225.jpg 300w, https:\/\/travesiapirenaica.com\/wp-content\/uploads\/2021\/12\/05_saioa-1-768x576.jpg 768w, https:\/\/travesiapirenaica.com\/wp-content\/uploads\/2021\/12\/05_saioa-1-150x113.jpg 150w, https:\/\/travesiapirenaica.com\/wp-content\/uploads\/2021\/12\/05_saioa-1-696x522.jpg 696w, https:\/\/travesiapirenaica.com\/wp-content\/uploads\/2021\/12\/05_saioa-1-560x420.jpg 560w, https:\/\/travesiapirenaica.com\/wp-content\/uploads\/2021\/12\/05_saioa-1-80x60.jpg 80w, https:\/\/travesiapirenaica.com\/wp-content\/uploads\/2021\/12\/05_saioa-1-265x198.jpg 265w, https:\/\/travesiapirenaica.com\/wp-content\/uploads\/2021\/12\/05_saioa-1-600x450.jpg 600w\" sizes=\"auto, (max-width: 1024px) 100vw, 1024px\" \/><figcaption class=\"wp-element-caption\">Descente au col entre Okolin et Saioa.<\/figcaption><\/figure>\n\n\n\n<p><strong>(3h05min ; 9,9kms) Saioa (1.418m).<\/strong> Sommet g\u00e9od\u00e9sique.<\/p>\n\n\n\n<figure class=\"wp-block-image size-full\"><img loading=\"lazy\" decoding=\"async\" width=\"1024\" height=\"768\" src=\"https:\/\/travesiapirenaica.com\/wp-content\/uploads\/2021\/12\/06_saioa.jpg\" alt=\"\" class=\"wp-image-31743\" srcset=\"https:\/\/travesiapirenaica.com\/wp-content\/uploads\/2021\/12\/06_saioa.jpg 1024w, https:\/\/travesiapirenaica.com\/wp-content\/uploads\/2021\/12\/06_saioa-300x225.jpg 300w, https:\/\/travesiapirenaica.com\/wp-content\/uploads\/2021\/12\/06_saioa-768x576.jpg 768w, https:\/\/travesiapirenaica.com\/wp-content\/uploads\/2021\/12\/06_saioa-150x113.jpg 150w, https:\/\/travesiapirenaica.com\/wp-content\/uploads\/2021\/12\/06_saioa-696x522.jpg 696w, https:\/\/travesiapirenaica.com\/wp-content\/uploads\/2021\/12\/06_saioa-560x420.jpg 560w, https:\/\/travesiapirenaica.com\/wp-content\/uploads\/2021\/12\/06_saioa-80x60.jpg 80w, https:\/\/travesiapirenaica.com\/wp-content\/uploads\/2021\/12\/06_saioa-265x198.jpg 265w, https:\/\/travesiapirenaica.com\/wp-content\/uploads\/2021\/12\/06_saioa-600x450.jpg 600w\" sizes=\"auto, (max-width: 1024px) 100vw, 1024px\" \/><figcaption class=\"wp-element-caption\">Le Saioa est un sommet parfait \u00e0 faire en compagnie.<\/figcaption><\/figure>\n\n\n\n<p>La vue panoramique \u00e0 360\u00ba est fabuleuse. La vue sur les Pyr\u00e9n\u00e9es, dont on distingue plusieurs sommets de plus de 2000 m, est remarquable. Le sommet de Saioa est le point culminant de l'itin\u00e9raire et la mi-parcours. Nous entamons la descente par une pente herbeuse et raide en direction du sud-est, avec pour objectif le col de Sagardegui (3h17min ; 10,7 km ; 1 239 m). En chemin, nous croisons \u00e0 nouveau le GR12, qui descend vers le col d'Artesiaga. Cette derni\u00e8re longue mont\u00e9e de la journ\u00e9e passe par un gouffre prot\u00e9g\u00e9 par une cl\u00f4ture.<\/p>\n\n\n\n<p><strong>(3h45min ; 12,3kms) Zuriain \/ Xuriain (1.411m),<\/strong> couronn\u00e9 d'un sommet g\u00e9od\u00e9sique et d'une bo\u00eete aux lettres.<\/p>\n\n\n\n<figure class=\"wp-block-image size-full\"><img loading=\"lazy\" decoding=\"async\" width=\"1024\" height=\"768\" src=\"https:\/\/travesiapirenaica.com\/wp-content\/uploads\/2021\/12\/07_zuriain.jpg\" alt=\"\" class=\"wp-image-31744\" srcset=\"https:\/\/travesiapirenaica.com\/wp-content\/uploads\/2021\/12\/07_zuriain.jpg 1024w, https:\/\/travesiapirenaica.com\/wp-content\/uploads\/2021\/12\/07_zuriain-300x225.jpg 300w, https:\/\/travesiapirenaica.com\/wp-content\/uploads\/2021\/12\/07_zuriain-768x576.jpg 768w, https:\/\/travesiapirenaica.com\/wp-content\/uploads\/2021\/12\/07_zuriain-150x113.jpg 150w, https:\/\/travesiapirenaica.com\/wp-content\/uploads\/2021\/12\/07_zuriain-696x522.jpg 696w, https:\/\/travesiapirenaica.com\/wp-content\/uploads\/2021\/12\/07_zuriain-560x420.jpg 560w, https:\/\/travesiapirenaica.com\/wp-content\/uploads\/2021\/12\/07_zuriain-80x60.jpg 80w, https:\/\/travesiapirenaica.com\/wp-content\/uploads\/2021\/12\/07_zuriain-265x198.jpg 265w, https:\/\/travesiapirenaica.com\/wp-content\/uploads\/2021\/12\/07_zuriain-600x450.jpg 600w\" sizes=\"auto, (max-width: 1024px) 100vw, 1024px\" \/><figcaption class=\"wp-element-caption\">Bo\u00eete aux lettres avec une longue histoire.<\/figcaption><\/figure>\n\n\n\n<figure class=\"wp-block-image size-full\"><img loading=\"lazy\" decoding=\"async\" width=\"1024\" height=\"768\" src=\"https:\/\/travesiapirenaica.com\/wp-content\/uploads\/2021\/12\/08_zuriain-iturrondo.jpg\" alt=\"\" class=\"wp-image-31745\" srcset=\"https:\/\/travesiapirenaica.com\/wp-content\/uploads\/2021\/12\/08_zuriain-iturrondo.jpg 1024w, https:\/\/travesiapirenaica.com\/wp-content\/uploads\/2021\/12\/08_zuriain-iturrondo-300x225.jpg 300w, https:\/\/travesiapirenaica.com\/wp-content\/uploads\/2021\/12\/08_zuriain-iturrondo-768x576.jpg 768w, https:\/\/travesiapirenaica.com\/wp-content\/uploads\/2021\/12\/08_zuriain-iturrondo-150x113.jpg 150w, https:\/\/travesiapirenaica.com\/wp-content\/uploads\/2021\/12\/08_zuriain-iturrondo-696x522.jpg 696w, https:\/\/travesiapirenaica.com\/wp-content\/uploads\/2021\/12\/08_zuriain-iturrondo-560x420.jpg 560w, https:\/\/travesiapirenaica.com\/wp-content\/uploads\/2021\/12\/08_zuriain-iturrondo-80x60.jpg 80w, https:\/\/travesiapirenaica.com\/wp-content\/uploads\/2021\/12\/08_zuriain-iturrondo-265x198.jpg 265w, https:\/\/travesiapirenaica.com\/wp-content\/uploads\/2021\/12\/08_zuriain-iturrondo-600x450.jpg 600w\" sizes=\"auto, (max-width: 1024px) 100vw, 1024px\" \/><figcaption class=\"wp-element-caption\">C'est ici que la descente commence vraiment. Au milieu d'Iturrondo et \u00e0 l'arri\u00e8re-plan, Beriain et les Malloas de Aralar.<\/figcaption><\/figure>\n\n\n\n<p>Nous commen\u00e7ons la descente le long de la belle ar\u00eate qui descend vers...<\/p>\n\n\n\n<p><strong>(3h55min ; 12,9kms) Iturrondo (1.340m).<\/strong> Un bord que nous avons pass\u00e9 presque inaper\u00e7u.<\/p>\n\n\n\n<figure class=\"wp-block-image size-full\"><img loading=\"lazy\" decoding=\"async\" width=\"1024\" height=\"768\" src=\"https:\/\/travesiapirenaica.com\/wp-content\/uploads\/2021\/12\/09_iturrondo.jpg\" alt=\"\" class=\"wp-image-31746\" srcset=\"https:\/\/travesiapirenaica.com\/wp-content\/uploads\/2021\/12\/09_iturrondo.jpg 1024w, https:\/\/travesiapirenaica.com\/wp-content\/uploads\/2021\/12\/09_iturrondo-300x225.jpg 300w, https:\/\/travesiapirenaica.com\/wp-content\/uploads\/2021\/12\/09_iturrondo-768x576.jpg 768w, https:\/\/travesiapirenaica.com\/wp-content\/uploads\/2021\/12\/09_iturrondo-150x113.jpg 150w, https:\/\/travesiapirenaica.com\/wp-content\/uploads\/2021\/12\/09_iturrondo-696x522.jpg 696w, https:\/\/travesiapirenaica.com\/wp-content\/uploads\/2021\/12\/09_iturrondo-560x420.jpg 560w, https:\/\/travesiapirenaica.com\/wp-content\/uploads\/2021\/12\/09_iturrondo-80x60.jpg 80w, https:\/\/travesiapirenaica.com\/wp-content\/uploads\/2021\/12\/09_iturrondo-265x198.jpg 265w, https:\/\/travesiapirenaica.com\/wp-content\/uploads\/2021\/12\/09_iturrondo-600x450.jpg 600w\" sizes=\"auto, (max-width: 1024px) 100vw, 1024px\" \/><figcaption class=\"wp-element-caption\">La for\u00eat commence \u00e0 Iturrondo.<\/figcaption><\/figure>\n\n\n\n<p>Le sentier continue \u00e0 perdre de l'altitude \u00e0 la recherche de l'abri de la for\u00eat.<\/p>\n\n\n\n<p><strong>(4h10min ; 13,7kms) Piste de Basabide (1.178m)<\/strong>. A l'arriv\u00e9e, plusieurs possibilit\u00e9s s'offrent \u00e0 nous. Nous pouvons suivre la piste (1,5 km), prendre un raccourci sans sentier \u00e0 gauche apr\u00e8s un demi-kilom\u00e8tre, ou quitter la piste \u00e0 cet endroit et chercher un sentier qui descend \u00e0 gauche (SE) et revient \u00e0 la piste dans un virage en fer \u00e0 cheval \u00e0 droite (14,4 km ; 4h20min). Une fois que vous avez atteint ce virage par l'une ou l'autre des options, vous devez chercher un large chemin de terre qui sort de l'int\u00e9rieur du virage et qui est g\u00e9n\u00e9ralement couvert de feuilles. Plus tard, \u00e0 l'embranchement suivant (14,8 km ; 4h24min), continuez \u00e0 gauche sur le sentier principal et faites attention lorsque vous atteignez un large virage \u00e0 droite (15,4 km ; 4h28min), pour trouver sur votre gauche un sentier tr\u00e8s peu marqu\u00e9 au d\u00e9but qui va tout droit en descendant une pente abrupte. Peu apr\u00e8s avoir commenc\u00e9 \u00e0 descendre, le sentier tourne brusquement \u00e0 droite, en l\u00e9g\u00e8re mont\u00e9e, \u00e0 la recherche de l'endroit id\u00e9al pour traverser un ruisseau que nous trouvons avec de l'eau.<\/p>\n\n\n\n<p><strong>(4h40min ; 15,6kms) Chemin du ravin de Txorrostarri (970m)<\/strong>. Le sentier, bien qu'\u00e9troit, devient plus visible \u00e0 partir d'ici. Cette partie de l'itin\u00e9raire est vraiment tr\u00e8s belle. Le sentier descend le long de la rive droite du ravin de Txorrostarri, en \u00e9vitant de nombreux ruisseaux.<\/p>\n\n\n\n<figure class=\"wp-block-image size-full\"><img loading=\"lazy\" decoding=\"async\" width=\"1024\" height=\"768\" src=\"https:\/\/travesiapirenaica.com\/wp-content\/uploads\/2021\/12\/10_bosque.jpg\" alt=\"\" class=\"wp-image-31747\" srcset=\"https:\/\/travesiapirenaica.com\/wp-content\/uploads\/2021\/12\/10_bosque.jpg 1024w, https:\/\/travesiapirenaica.com\/wp-content\/uploads\/2021\/12\/10_bosque-300x225.jpg 300w, https:\/\/travesiapirenaica.com\/wp-content\/uploads\/2021\/12\/10_bosque-768x576.jpg 768w, https:\/\/travesiapirenaica.com\/wp-content\/uploads\/2021\/12\/10_bosque-150x113.jpg 150w, https:\/\/travesiapirenaica.com\/wp-content\/uploads\/2021\/12\/10_bosque-696x522.jpg 696w, https:\/\/travesiapirenaica.com\/wp-content\/uploads\/2021\/12\/10_bosque-560x420.jpg 560w, https:\/\/travesiapirenaica.com\/wp-content\/uploads\/2021\/12\/10_bosque-80x60.jpg 80w, https:\/\/travesiapirenaica.com\/wp-content\/uploads\/2021\/12\/10_bosque-265x198.jpg 265w, https:\/\/travesiapirenaica.com\/wp-content\/uploads\/2021\/12\/10_bosque-600x450.jpg 600w\" sizes=\"auto, (max-width: 1024px) 100vw, 1024px\" \/><figcaption class=\"wp-element-caption\">Travers\u00e9e d'un des ruisseaux qui alimentent le ravin de Txorrostarri.<\/figcaption><\/figure>\n\n\n\n<p>Apr\u00e8s un certain temps, nous atteignons l'une des nombreuses grottes (17,6 km ; 5h05min) de cette r\u00e9gion. On dit que le Basajaun vit dans l'une d'entre elles. Nous le cherchons sans succ\u00e8s et continuons \u00e0 descendre. En 10 minutes, nous atteignons un pont o\u00f9 les eaux d'un autre ravin bien aliment\u00e9 se rencontrent. \u00c0 Xinborneko Borda (5h25min), nous rejoignons une piste, puis un embranchement \u00e0 droite (5h32min) et nous arrivons \u00e0...<\/p>\n\n\n\n<p><strong>(5h45min ; 20,4kms) Lantz - Plaza (629m).<\/strong><\/p>","protected":false},"excerpt":{"rendered":"Le Saioa est l'un des principaux sommets des montagnes navarraises.  C'est le plus haut de la vall\u00e9e du Baztan et le plus haut du groupe de montagnes situ\u00e9 entre les cols de Velate et d'Artesiaga. Sa position dominante et sa proximit\u00e9 avec Pampelune en font un sommet tr\u00e8s appr\u00e9ci\u00e9 et tr\u00e8s visit\u00e9.","protected":false},"author":3,"featured_media":31748,"comment_status":"closed","ping_status":"closed","sticky":false,"template":"","format":"standard","meta":{"_kad_blocks_custom_css":"","_kad_blocks_head_custom_js":"","_kad_blocks_body_custom_js":"","_kad_blocks_footer_custom_js":"","episode_type":"audio","audio_file":"","podmotor_file_id":"","podmotor_episode_id":"","cover_image":"","cover_image_id":"","duration":"","filesize":"","filesize_raw":"","date_recorded":"","explicit":"","block":"","_kad_post_transparent":"","_kad_post_title":"","_kad_post_layout":"","_kad_post_sidebar_id":"","_kad_post_content_style":"","_kad_post_vertical_padding":"","_kad_post_feature":"","_kad_post_feature_position":"","_kad_post_header":false,"_kad_post_footer":false,"_kad_post_classname":"","_jetpack_memberships_contains_paid_content":false,"footnotes":""},"categories":[5,2922],"tags":[2815,2705,3066,3059],"series":[],"class_list":["post-31736","post","type-post","status-publish","format-standard","has-post-thumbnail","hentry","category-pirineos","category-rutas","tag-navarra","tag-pirineo-navarro","tag-pirineos","tag-rutas"],"episode_featured_image":"https:\/\/travesiapirenaica.com\/wp-content\/uploads\/2021\/12\/05_saioa.jpg","episode_player_image":"https:\/\/travesiapirenaica.com\/wp-content\/uploads\/2017\/12\/Caratula-Podcast-Maldita-Montana_1500x1500_72pp-p_.jpg","download_link":"","player_link":"","audio_player":false,"episode_data":{"playerMode":"dark","subscribeUrls":[],"rssFeedUrl":"https:\/\/travesiapirenaica.com\/fr\/feed\/podcast\/maldita-montana","embedCode":"<blockquote class=\"wp-embedded-content\" data-secret=\"o9myWHUtvk\"><a href=\"https:\/\/travesiapirenaica.com\/fr\/saioa-lantz\/\">Saioa (1.418m) desde Lantz pasando por  Loiketa (1.138m), Algorrieta (1.160m), Okolin (1.360m), Zuriain (1.411m) e Iturrondo (1.340m).<\/a><\/blockquote><iframe sandbox=\"allow-scripts\" security=\"restricted\" src=\"https:\/\/travesiapirenaica.com\/fr\/saioa-lantz\/embed\/#?secret=o9myWHUtvk\" width=\"500\" height=\"350\" title=\"\u00ab\u00a0Saioa (1.418m) desde Lantz pasando por  Loiketa (1.138m), Algorrieta (1.160m), Okolin (1.360m), Zuriain (1.411m) e Iturrondo (1.340m).\u00a0\u00bb &#8212; Traves\u00eda.\" data-secret=\"o9myWHUtvk\" frameborder=\"0\" marginwidth=\"0\" marginheight=\"0\" scrolling=\"no\" class=\"wp-embedded-content\"><\/iframe><script>\n\/*! This file is auto-generated *\/\n!function(d,l){\"use strict\";l.querySelector&&d.addEventListener&&\"undefined\"!=typeof URL&&(d.wp=d.wp||{},d.wp.receiveEmbedMessage||(d.wp.receiveEmbedMessage=function(e){var t=e.data;if((t||t.secret||t.message||t.value)&&!\/[^a-zA-Z0-9]\/.test(t.secret)){for(var s,r,n,a=l.querySelectorAll('iframe[data-secret=\"'+t.secret+'\"]'),o=l.querySelectorAll('blockquote[data-secret=\"'+t.secret+'\"]'),c=new RegExp(\"^https?:$\",\"i\"),i=0;i<o.length;i++)o[i].style.display=\"none\";for(i=0;i<a.length;i++)s=a[i],e.source===s.contentWindow&&(s.removeAttribute(\"style\"),\"height\"===t.message?(1e3<(r=parseInt(t.value,10))?r=1e3:~~r<200&&(r=200),s.height=r):\"link\"===t.message&&(r=new URL(s.getAttribute(\"src\")),n=new URL(t.value),c.test(n.protocol))&&n.host===r.host&&l.activeElement===s&&(d.top.location.href=t.value))}},d.addEventListener(\"message\",d.wp.receiveEmbedMessage,!1),l.addEventListener(\"DOMContentLoaded\",function(){for(var e,t,s=l.querySelectorAll(\"iframe.wp-embedded-content\"),r=0;r<s.length;r++)(t=(e=s[r]).getAttribute(\"data-secret\"))||(t=Math.random().toString(36).substring(2,12),e.src+=\"#?secret=\"+t,e.setAttribute(\"data-secret\",t)),e.contentWindow.postMessage({message:\"ready\",secret:t},\"*\")},!1)))}(window,document);\n\/\/# sourceURL=https:\/\/travesiapirenaica.com\/wp-includes\/js\/wp-embed.min.js\n<\/script>\n"},"taxonomy_info":{"category":[{"value":5,"label":"Pirineos"},{"value":2922,"label":"Rutas"}],"post_tag":[{"value":2815,"label":"Navarra"},{"value":2705,"label":"Pirineo navarro"},{"value":3066,"label":"Pirineos"},{"value":3059,"label":"Rutas"}]},"featured_image_src_large":["https:\/\/travesiapirenaica.com\/wp-content\/uploads\/2021\/12\/05_saioa.jpg",1024,768,false],"author_info":{"display_name":"Enrique L\u00f3pez Mondrag\u00f3n","author_link":"https:\/\/travesiapirenaica.com\/fr\/author\/kike8611\/"},"comment_info":0,"category_info":[{"term_id":5,"name":"Pirineos","slug":"pirineos","term_group":0,"term_taxonomy_id":5,"taxonomy":"category","description":"","parent":0,"count":241,"filter":"raw","cat_ID":5,"category_count":241,"category_description":"","cat_name":"Pirineos","category_nicename":"pirineos","category_parent":0},{"term_id":2922,"name":"Rutas","slug":"rutas","term_group":0,"term_taxonomy_id":2938,"taxonomy":"category","description":"Rutas en los Pirineos","parent":5,"count":45,"filter":"raw","cat_ID":2922,"category_count":45,"category_description":"Rutas en los Pirineos","cat_name":"Rutas","category_nicename":"rutas","category_parent":5}],"tag_info":[{"term_id":2815,"name":"Navarra","slug":"navarra","term_group":0,"term_taxonomy_id":2831,"taxonomy":"post_tag","description":"Navarra ","parent":0,"count":5,"filter":"raw"},{"term_id":2705,"name":"Pirineo navarro","slug":"pirineo-navarro","term_group":0,"term_taxonomy_id":2721,"taxonomy":"post_tag","description":"Pirineo navarro ","parent":0,"count":5,"filter":"raw"},{"term_id":3066,"name":"Pirineos","slug":"pirineos","term_group":0,"term_taxonomy_id":3082,"taxonomy":"post_tag","description":"","parent":0,"count":18,"filter":"raw"},{"term_id":3059,"name":"Rutas","slug":"rutas","term_group":0,"term_taxonomy_id":3075,"taxonomy":"post_tag","description":"","parent":0,"count":27,"filter":"raw"}],"jetpack_featured_media_url":"https:\/\/travesiapirenaica.com\/wp-content\/uploads\/2021\/12\/05_saioa.jpg","jetpack_sharing_enabled":true,"_links":{"self":[{"href":"https:\/\/travesiapirenaica.com\/fr\/wp-json\/wp\/v2\/posts\/31736","targetHints":{"allow":["GET"]}}],"collection":[{"href":"https:\/\/travesiapirenaica.com\/fr\/wp-json\/wp\/v2\/posts"}],"about":[{"href":"https:\/\/travesiapirenaica.com\/fr\/wp-json\/wp\/v2\/types\/post"}],"author":[{"embeddable":true,"href":"https:\/\/travesiapirenaica.com\/fr\/wp-json\/wp\/v2\/users\/3"}],"replies":[{"embeddable":true,"href":"https:\/\/travesiapirenaica.com\/fr\/wp-json\/wp\/v2\/comments?post=31736"}],"version-history":[{"count":0,"href":"https:\/\/travesiapirenaica.com\/fr\/wp-json\/wp\/v2\/posts\/31736\/revisions"}],"wp:featuredmedia":[{"embeddable":true,"href":"https:\/\/travesiapirenaica.com\/fr\/wp-json\/wp\/v2\/media\/31748"}],"wp:attachment":[{"href":"https:\/\/travesiapirenaica.com\/fr\/wp-json\/wp\/v2\/media?parent=31736"}],"wp:term":[{"taxonomy":"category","embeddable":true,"href":"https:\/\/travesiapirenaica.com\/fr\/wp-json\/wp\/v2\/categories?post=31736"},{"taxonomy":"post_tag","embeddable":true,"href":"https:\/\/travesiapirenaica.com\/fr\/wp-json\/wp\/v2\/tags?post=31736"},{"taxonomy":"series","embeddable":true,"href":"https:\/\/travesiapirenaica.com\/fr\/wp-json\/wp\/v2\/series?post=31736"}],"curies":[{"name":"wp","href":"https:\/\/api.w.org\/{rel}","templated":true}]}}