{"id":32567,"date":"2022-03-14T10:49:00","date_gmt":"2022-03-14T09:49:00","guid":{"rendered":"https:\/\/travesiapirenaica.com\/?p=32567"},"modified":"2022-03-18T10:43:39","modified_gmt":"2022-03-18T09:43:39","slug":"histoires-a-dormir-debout-i-durandarte","status":"publish","type":"post","link":"https:\/\/travesiapirenaica.com\/fr\/relatos-de-altura-i-durandarte\/","title":{"rendered":"Durandarte"},"content":{"rendered":"<p><em>Nous poursuivons la publication des micro-r\u00e9cits de la premi\u00e8re \u00e9dition du concours :&nbsp;<a href=\"https:\/\/travesiapirenaica.com\/fr\/concours-de-micro-recits\/\">Histoires de haute altitude<\/a>nous vous laissons profiter de \"Durandarte\", de&nbsp;<em>David Carreres Lacasa<\/em><\/em>.<\/p>\n\n\n\n<h2 class=\"wp-block-heading\" id=\"aqui-y-ahora\"><em>Durandarte<\/em><\/h2>\n\n\n\n<p><em>-par&nbsp;<em>David Carreres Lacasa<\/em><\/em>-<\/p>\n\n\n\n<p>Lorsque nous avons laiss\u00e9 le refuge G\u00f3riz derri\u00e8re nous, tout le monde pensait que nous nous dirigions vers le sommet du Monte Perdido par la face sud. Quand je dis tout le monde, je parle de deux autres groupes d'aventuriers avec lesquels nous avions partag\u00e9 quelques petites batailles et trois tourn\u00e9es de bi\u00e8res la nuit pr\u00e9c\u00e9dente. Cependant, je sentais que nos v\u00eatements et nos mani\u00e8res nous avaient trahis huit heures plus t\u00f4t.<\/p>\n\n\n\n<p>Nous nous dirigeons vers le nord-ouest en traversant le ravin de Soaso et, apr\u00e8s avoir quitt\u00e9 la gorge de Luenga, nous nous dirigeons vers le col de Millaris. Apr\u00e8s avoir travers\u00e9 quelques champs de neige et \u00eatre mont\u00e9s \u00e0 travers des paysages de glace et de roche, nous avons atteint le col Sarrios, o\u00f9 nous avons plac\u00e9 une cha\u00eene ancr\u00e9e \u00e0 la roche du mieux que nous pouvions.<\/p>\n\n\n\n<p>Enfin, nous avons atteint la br\u00e8che que mon p\u00e8re avait ouverte avec son \u00e9p\u00e9e. <em>Durandarte<\/em> afin qu'il ne tombe pas entre les mains de l'ennemi.<\/p>\n\n\n\n<p>J'aime \u00e0 penser que mon grand-oncle Charlemagne serait fier de nous tous.<\/p>","protected":false},"excerpt":{"rendered":"Nous poursuivons la publication des micro-r\u00e9cits de la premi\u00e8re \u00e9dition du concours : Relatos de Altura,...","protected":false},"author":1,"featured_media":32571,"comment_status":"closed","ping_status":"closed","sticky":false,"template":"","format":"standard","meta":{"_kad_blocks_custom_css":"","_kad_blocks_head_custom_js":"","_kad_blocks_body_custom_js":"","_kad_blocks_footer_custom_js":"","episode_type":"audio","audio_file":"","podmotor_file_id":"","podmotor_episode_id":"","cover_image":"","cover_image_id":"","duration":"","filesize":"","filesize_raw":"","date_recorded":"","explicit":"","block":"","_kad_post_transparent":"","_kad_post_title":"","_kad_post_layout":"","_kad_post_sidebar_id":"","_kad_post_content_style":"","_kad_post_vertical_padding":"","_kad_post_feature":"","_kad_post_feature_position":"","_kad_post_header":false,"_kad_post_footer":false,"_kad_post_classname":"","_jetpack_memberships_contains_paid_content":false,"footnotes":""},"categories":[54],"tags":[3022],"series":[],"class_list":["post-32567","post","type-post","status-publish","format-standard","has-post-thumbnail","hentry","category-cultura","tag-microrrelatos"],"episode_featured_image":"https:\/\/travesiapirenaica.com\/wp-content\/uploads\/2022\/03\/Relatos-de-altura-I-Durandarte.jpg","episode_player_image":"https:\/\/travesiapirenaica.com\/wp-content\/uploads\/2017\/12\/Caratula-Podcast-Maldita-Montana_1500x1500_72pp-p_.jpg","download_link":"","player_link":"","audio_player":false,"episode_data":{"playerMode":"dark","subscribeUrls":[],"rssFeedUrl":"https:\/\/travesiapirenaica.com\/fr\/feed\/podcast\/maldita-montana","embedCode":"<blockquote class=\"wp-embedded-content\" data-secret=\"UK1FekhcMm\"><a href=\"https:\/\/travesiapirenaica.com\/fr\/relatos-de-altura-i-durandarte\/\">Durandarte<\/a><\/blockquote><iframe sandbox=\"allow-scripts\" security=\"restricted\" src=\"https:\/\/travesiapirenaica.com\/fr\/relatos-de-altura-i-durandarte\/embed\/#?secret=UK1FekhcMm\" width=\"500\" height=\"350\" title=\"\u00ab\u00a0Durandarte\u00a0\u00bb &#8212; Traves\u00eda.\" data-secret=\"UK1FekhcMm\" frameborder=\"0\" marginwidth=\"0\" marginheight=\"0\" scrolling=\"no\" class=\"wp-embedded-content\"><\/iframe><script>\n\/*! This file is auto-generated *\/\n!function(d,l){\"use strict\";l.querySelector&&d.addEventListener&&\"undefined\"!=typeof URL&&(d.wp=d.wp||{},d.wp.receiveEmbedMessage||(d.wp.receiveEmbedMessage=function(e){var t=e.data;if((t||t.secret||t.message||t.value)&&!\/[^a-zA-Z0-9]\/.test(t.secret)){for(var s,r,n,a=l.querySelectorAll('iframe[data-secret=\"'+t.secret+'\"]'),o=l.querySelectorAll('blockquote[data-secret=\"'+t.secret+'\"]'),c=new RegExp(\"^https?:$\",\"i\"),i=0;i<o.length;i++)o[i].style.display=\"none\";for(i=0;i<a.length;i++)s=a[i],e.source===s.contentWindow&&(s.removeAttribute(\"style\"),\"height\"===t.message?(1e3<(r=parseInt(t.value,10))?r=1e3:~~r<200&&(r=200),s.height=r):\"link\"===t.message&&(r=new URL(s.getAttribute(\"src\")),n=new URL(t.value),c.test(n.protocol))&&n.host===r.host&&l.activeElement===s&&(d.top.location.href=t.value))}},d.addEventListener(\"message\",d.wp.receiveEmbedMessage,!1),l.addEventListener(\"DOMContentLoaded\",function(){for(var e,t,s=l.querySelectorAll(\"iframe.wp-embedded-content\"),r=0;r<s.length;r++)(t=(e=s[r]).getAttribute(\"data-secret\"))||(t=Math.random().toString(36).substring(2,12),e.src+=\"#?secret=\"+t,e.setAttribute(\"data-secret\",t)),e.contentWindow.postMessage({message:\"ready\",secret:t},\"*\")},!1)))}(window,document);\n\/\/# sourceURL=https:\/\/travesiapirenaica.com\/wp-includes\/js\/wp-embed.min.js\n<\/script>\n"},"taxonomy_info":{"category":[{"value":54,"label":"Cultura"}],"post_tag":[{"value":3022,"label":"microrrelatos"}]},"featured_image_src_large":["https:\/\/travesiapirenaica.com\/wp-content\/uploads\/2022\/03\/Relatos-de-altura-I-Durandarte-1024x768.jpg",1024,768,true],"author_info":{"display_name":"Traves\u00eda Pirenaica","author_link":"https:\/\/travesiapirenaica.com\/fr\/author\/travesia-pirenaica\/"},"comment_info":0,"category_info":[{"term_id":54,"name":"Cultura","slug":"cultura","term_group":0,"term_taxonomy_id":54,"taxonomy":"category","description":"","parent":0,"count":239,"filter":"raw","cat_ID":54,"category_count":239,"category_description":"","cat_name":"Cultura","category_nicename":"cultura","category_parent":0}],"tag_info":[{"term_id":3022,"name":"microrrelatos","slug":"microrrelatos","term_group":0,"term_taxonomy_id":3038,"taxonomy":"post_tag","description":"","parent":0,"count":212,"filter":"raw"}],"jetpack_featured_media_url":"https:\/\/travesiapirenaica.com\/wp-content\/uploads\/2022\/03\/Relatos-de-altura-I-Durandarte.jpg","jetpack_sharing_enabled":true,"_links":{"self":[{"href":"https:\/\/travesiapirenaica.com\/fr\/wp-json\/wp\/v2\/posts\/32567","targetHints":{"allow":["GET"]}}],"collection":[{"href":"https:\/\/travesiapirenaica.com\/fr\/wp-json\/wp\/v2\/posts"}],"about":[{"href":"https:\/\/travesiapirenaica.com\/fr\/wp-json\/wp\/v2\/types\/post"}],"author":[{"embeddable":true,"href":"https:\/\/travesiapirenaica.com\/fr\/wp-json\/wp\/v2\/users\/1"}],"replies":[{"embeddable":true,"href":"https:\/\/travesiapirenaica.com\/fr\/wp-json\/wp\/v2\/comments?post=32567"}],"version-history":[{"count":0,"href":"https:\/\/travesiapirenaica.com\/fr\/wp-json\/wp\/v2\/posts\/32567\/revisions"}],"wp:featuredmedia":[{"embeddable":true,"href":"https:\/\/travesiapirenaica.com\/fr\/wp-json\/wp\/v2\/media\/32571"}],"wp:attachment":[{"href":"https:\/\/travesiapirenaica.com\/fr\/wp-json\/wp\/v2\/media?parent=32567"}],"wp:term":[{"taxonomy":"category","embeddable":true,"href":"https:\/\/travesiapirenaica.com\/fr\/wp-json\/wp\/v2\/categories?post=32567"},{"taxonomy":"post_tag","embeddable":true,"href":"https:\/\/travesiapirenaica.com\/fr\/wp-json\/wp\/v2\/tags?post=32567"},{"taxonomy":"series","embeddable":true,"href":"https:\/\/travesiapirenaica.com\/fr\/wp-json\/wp\/v2\/series?post=32567"}],"curies":[{"name":"wp","href":"https:\/\/api.w.org\/{rel}","templated":true}]}}